{"id":235102,"date":"2021-11-10T00:02:25","date_gmt":"2021-11-10T03:02:25","guid":{"rendered":"https:\/\/franciscanos.org.br\/noticias\/?p=235102"},"modified":"2021-11-10T05:10:32","modified_gmt":"2021-11-10T08:10:32","slug":"testemunho-de-vida-fe-e-esperanca","status":"publish","type":"post","link":"https:\/\/franciscanos.org.br\/noticias\/testemunho-de-vida-fe-e-esperanca.html","title":{"rendered":"Testemunho de vida, f\u00e9 e esperan\u00e7a"},"content":{"rendered":"<p><img loading=\"lazy\" class=\"alignnone wp-image-235103 size-full\" src=\"https:\/\/franciscanos.org.br\/noticias\/wp-content\/uploads\/2021\/11\/pascom_cura_1011.jpg\" alt=\"\" width=\"890\" height=\"476\" srcset=\"https:\/\/franciscanos.org.br\/noticias\/wp-content\/uploads\/2021\/11\/pascom_cura_1011.jpg 890w, https:\/\/franciscanos.org.br\/noticias\/wp-content\/uploads\/2021\/11\/pascom_cura_1011-450x241.jpg 450w, https:\/\/franciscanos.org.br\/noticias\/wp-content\/uploads\/2021\/11\/pascom_cura_1011-768x411.jpg 768w, https:\/\/franciscanos.org.br\/noticias\/wp-content\/uploads\/2021\/11\/pascom_cura_1011-150x80.jpg 150w\" sizes=\"(max-width: 890px) 100vw, 890px\" \/><\/p>\n<p><em>Nat\u00e1lia Rocha Moreira Vinholes foi desacreditada pela medicina e teve, por intercess\u00e3o de Frei Galv\u00e3o, a cura para um quadro de toxoplasmose, pneumonia e um AVC isqu\u00eamico<\/em><\/p>\n<p>O final de 2020 vai ficar marcado para a fam\u00edlia Vinholes e, principalmente, para Nat\u00e1lia, que pode dizer que teve seu \u201csegundo nascimento\u201d no m\u00eas de novembro, ap\u00f3s um quadro de toxoplasmose, pneumonia e AVC isqu\u00eamico. Nat\u00e1lia, desacreditada pelos m\u00e9dicos, recebeu a gra\u00e7a da cura por meio de Frei Galv\u00e3o e de suas famosas p\u00edlulas.<\/p>\n<p>Nat\u00e1lia tem 46 anos, de fam\u00edlia tradicional agudense e que sempre dedicou seus trabalhos para a Par\u00f3quia S\u00e3o Paulo Ap\u00f3stolo de Agudos. Ela conta que conheceu Frei Galv\u00e3o por meio de sua av\u00f3 L\u00facia Rocha. \u201cEla sempre distribuiu as p\u00edlulas e as ora\u00e7\u00f5es para as fam\u00edlias e principalmente para as mulheres que estavam gr\u00e1vidas.\u00a0 E nos momentos dos meus partos, h\u00e1 20 anos, as p\u00edlulas de Frei Galv\u00e3o me aben\u00e7oavam\u201d, conta.<\/p>\n<p>Em meio ao pico da pandemia, em abril de 2020, Nat\u00e1lia adoeceu e muitos acreditaram ser mais um caso de Covid, mas n\u00e3o foi. \u201cFui diagnosticada com pneumonia e ent\u00e3o, ap\u00f3s 15 dias de UTI tive alta. Voltei para casa ainda que bem debilitada e sem melhoras\u201d relata.<\/p>\n<p>Logo em julho, ela adoeceu novamente e o que lembra daqui em diante s\u00e3o relatos que as pr\u00f3prias irm\u00e3s contaram a ela. \u201cAcamada, sem rea\u00e7\u00f5es nenhuma e desacreditada pelos m\u00e9dicos, passei por mais 40 dias hospitalizada, at\u00e9 que saiu o diagn\u00f3stico: Toxoplasmose, pneumonia e um AVC isqu\u00eamico\u201d.<\/p>\n<p>Nat\u00e1lia conta que Deus foi t\u00e3o maravilhoso com ela, que as tristes lembran\u00e7as deste per\u00edodo n\u00e3o est\u00e3o em sua mem\u00f3ria, apenas a seguinte mensagem, que ela leva consigo como meta: \u201cFilha voc\u00ea n\u00e3o precisa lembrar de nada, vire a p\u00e1gina e continue a sua miss\u00e3o&#8230;\u201d.<\/p>\n<p>As b\u00ean\u00e7\u00e3os de Frei Galv\u00e3o, o primeiro santo brasileiro, j\u00e1 se iniciam quando Nat\u00e1lia ainda estava em tratamento e, como ela mesmo mencionou, desacreditada pela medicina. \u201cDurante o tratamento minha irm\u00e3 me banhava com \u00e1gua, que ficavam as p\u00edlulas de Frei Galv\u00e3o e clamava a ele pela minha vida\u201d, diz.<\/p>\n<p>No m\u00eas de novembro de 2020, Nat\u00e1lia j\u00e1 de alta e na casa da irm\u00e3 Luciana, inicia a Novena de Frei Galv\u00e3o, clamando e agradecendo por sua vida. \u201cMesmo com o racioc\u00ednio lento, um pouco atrapalhada, eu queria rezar, queria o Frei Galv\u00e3o ali comigo. Ent\u00e3o ela (Luciana) me trouxe um pacotinho com a novena e eu rezava todo dia, \u00e0s vezes meio que atrapalhada, pois o racioc\u00ednio ainda estava bem confuso, mas eu estava ali firme, conversando com ele. E a minha vontade de cura era tamanha, que tomava as p\u00edlulas todos dias. Eu n\u00e3o sabia que eram s\u00f3 3 dias, eu acho que tomei umas 10, fiquei \u2018anestesiada\u2019 de tanta p\u00edlula\u201d, relata.<\/p>\n<p>A partir da\u00ed a gra\u00e7a foi alcan\u00e7ada e Frei Galv\u00e3o intercedeu por ela. \u201cEm menos de um m\u00eas eu voltei a andar, meu racioc\u00ednio foi restaurado e no Natal j\u00e1 est\u00e1vamos todos juntos. Em fevereiro de 2021, eu voltei a lecionar, como eu amo. Retornei \u00e0 minha casa, cuidando dos meus filhos, dos meus cachorros, como sentiram a minha falta! Voltei a dirigir, algo que \u00e9 minha paix\u00e3o\u201d, comenta emocionada.<\/p>\n<p>Hoje, Nat\u00e1lia \u00e9 testemunho vivo de f\u00e9 e esperan\u00e7a. \u201cAgrade\u00e7o a Deus, Jesus Cristo, Nossa Senhora e a Santo Ant\u00f4nio de Sant\u00b4Anna Galv\u00e3o pelo milagre da vida\u201d.<\/p>\n<p><strong>Mais sobre Frei Galv\u00e3o<\/strong><\/p>\n<p>Santo Ant\u00f4nio de Sant\u2019Anna Galv\u00e3o, mais conhecido como Frei Galv\u00e3o, nasceu em Guaratinguet\u00e1 em 10\/05\/1739.<\/p>\n<p>De fam\u00edlia conhecida pela caridade, Frei Galv\u00e3o foi ordenado padre em 1762 e pertenceu \u00e0 Ordem Franciscana.<\/p>\n<p>Ficou conhecido por seus milagres devido \u00e0s famosas p\u00edlulas, que s\u00e3o pequeninos papeis, escritos com vers\u00edculos da B\u00edblia, dobrados e ingeridos pelos fieis.<\/p>\n<p>Na Par\u00f3quia S\u00e3o Paulo Ap\u00f3stolo de Agudos, os fi\u00e9is podem ter acesso \u00e0s p\u00edlulas e realizarem a novena em honra ao santo, basta procurar a Par\u00f3quia nos hor\u00e1rios habituais de atendimento.<\/p>\n<p>*Testemunho dado por Nat\u00e1lia Rocha Moreira Vinholes durante a Missa em honra a s\u00e3o Frei Galv\u00e3o na Matriz S\u00e3o Paulo Ap\u00f3stolo, dia 25\/10\/2021<\/p>\n<hr \/>\n<p><em>Isabela Gaspar, da Pascom da Par\u00f3quia S\u00e3o Paulo Ap\u00f3stolo de Agudos<\/em><\/p>\n","protected":false},"excerpt":{"rendered":"<p>Par\u00f3quia S\u00e3o Paulo Ap\u00f3stolo de Agudos<\/p>\n","protected":false},"author":3,"featured_media":235103,"comment_status":"open","ping_status":"open","sticky":false,"template":"","format":"standard","meta":[],"categories":[1],"tags":[1385],"acf":[],"yoast_head":"<!-- This site is optimized with the Yoast SEO plugin v19.2 - https:\/\/yoast.com\/wordpress\/plugins\/seo\/ -->\n<title>Testemunho de vida, f\u00e9 e esperan\u00e7a - Not\u00edcias - Franciscanos<\/title>\n<meta name=\"robots\" content=\"index, follow, max-snippet:-1, max-image-preview:large, max-video-preview:-1\" \/>\n<link rel=\"canonical\" href=\"https:\/\/franciscanos.org.br\/noticias\/testemunho-de-vida-fe-e-esperanca.html\" \/>\n<meta property=\"og:locale\" content=\"pt_BR\" \/>\n<meta property=\"og:type\" content=\"article\" \/>\n<meta property=\"og:title\" content=\"Testemunho de vida, f\u00e9 e esperan\u00e7a - Not\u00edcias - Franciscanos\" \/>\n<meta property=\"og:description\" content=\"Par\u00f3quia S\u00e3o Paulo Ap\u00f3stolo de Agudos\" \/>\n<meta property=\"og:url\" content=\"https:\/\/franciscanos.org.br\/noticias\/testemunho-de-vida-fe-e-esperanca.html\" \/>\n<meta property=\"og:site_name\" content=\"Not\u00edcias - Franciscanos\" \/>\n<meta property=\"article:published_time\" content=\"2021-11-10T03:02:25+00:00\" \/>\n<meta property=\"article:modified_time\" content=\"2021-11-10T08:10:32+00:00\" \/>\n<meta property=\"og:image\" content=\"https:\/\/franciscanos.org.br\/noticias\/wp-content\/uploads\/2021\/11\/pascom_cura_1011.jpg\" \/>\n\t<meta property=\"og:image:width\" content=\"890\" \/>\n\t<meta property=\"og:image:height\" content=\"476\" \/>\n\t<meta property=\"og:image:type\" content=\"image\/jpeg\" \/>\n<meta name=\"author\" content=\"moacir\" \/>\n<meta name=\"twitter:card\" content=\"summary_large_image\" \/>\n<meta name=\"twitter:label1\" content=\"Escrito por\" \/>\n\t<meta name=\"twitter:data1\" content=\"moacir\" \/>\n\t<meta name=\"twitter:label2\" content=\"Est. tempo de leitura\" \/>\n\t<meta name=\"twitter:data2\" content=\"4 minutos\" \/>\n<script type=\"application\/ld+json\" class=\"yoast-schema-graph\">{\"@context\":\"https:\/\/schema.org\",\"@graph\":[{\"@type\":\"WebSite\",\"@id\":\"https:\/\/franciscanos.org.br\/noticias\/#website\",\"url\":\"https:\/\/franciscanos.org.br\/noticias\/\",\"name\":\"Not\u00edcias - Franciscanos\",\"description\":\"Prov\u00edncia Franciscana da Imaculada Concei\u00e7\u00e3o do Brasil - Ordem dos Frades Menores - OFM\",\"potentialAction\":[{\"@type\":\"SearchAction\",\"target\":{\"@type\":\"EntryPoint\",\"urlTemplate\":\"https:\/\/franciscanos.org.br\/noticias\/?s={search_term_string}\"},\"query-input\":\"required name=search_term_string\"}],\"inLanguage\":\"pt-BR\"},{\"@type\":\"ImageObject\",\"inLanguage\":\"pt-BR\",\"@id\":\"https:\/\/franciscanos.org.br\/noticias\/testemunho-de-vida-fe-e-esperanca.html#primaryimage\",\"url\":\"https:\/\/franciscanos.org.br\/noticias\/wp-content\/uploads\/2021\/11\/pascom_cura_1011.jpg\",\"contentUrl\":\"https:\/\/franciscanos.org.br\/noticias\/wp-content\/uploads\/2021\/11\/pascom_cura_1011.jpg\",\"width\":890,\"height\":476},{\"@type\":\"WebPage\",\"@id\":\"https:\/\/franciscanos.org.br\/noticias\/testemunho-de-vida-fe-e-esperanca.html#webpage\",\"url\":\"https:\/\/franciscanos.org.br\/noticias\/testemunho-de-vida-fe-e-esperanca.html\",\"name\":\"Testemunho de vida, f\u00e9 e esperan\u00e7a - Not\u00edcias - Franciscanos\",\"isPartOf\":{\"@id\":\"https:\/\/franciscanos.org.br\/noticias\/#website\"},\"primaryImageOfPage\":{\"@id\":\"https:\/\/franciscanos.org.br\/noticias\/testemunho-de-vida-fe-e-esperanca.html#primaryimage\"},\"datePublished\":\"2021-11-10T03:02:25+00:00\",\"dateModified\":\"2021-11-10T08:10:32+00:00\",\"author\":{\"@id\":\"https:\/\/franciscanos.org.br\/noticias\/#\/schema\/person\/b5c8cba458c330ccff548b056e95a5d4\"},\"breadcrumb\":{\"@id\":\"https:\/\/franciscanos.org.br\/noticias\/testemunho-de-vida-fe-e-esperanca.html#breadcrumb\"},\"inLanguage\":\"pt-BR\",\"potentialAction\":[{\"@type\":\"ReadAction\",\"target\":[\"https:\/\/franciscanos.org.br\/noticias\/testemunho-de-vida-fe-e-esperanca.html\"]}]},{\"@type\":\"BreadcrumbList\",\"@id\":\"https:\/\/franciscanos.org.br\/noticias\/testemunho-de-vida-fe-e-esperanca.html#breadcrumb\",\"itemListElement\":[{\"@type\":\"ListItem\",\"position\":1,\"name\":\"Home\",\"item\":\"https:\/\/franciscanos.org.br\/noticias\"},{\"@type\":\"ListItem\",\"position\":2,\"name\":\"Testemunho de vida, f\u00e9 e esperan\u00e7a\"}]},{\"@type\":\"Person\",\"@id\":\"https:\/\/franciscanos.org.br\/noticias\/#\/schema\/person\/b5c8cba458c330ccff548b056e95a5d4\",\"name\":\"moacir\",\"image\":{\"@type\":\"ImageObject\",\"inLanguage\":\"pt-BR\",\"@id\":\"https:\/\/franciscanos.org.br\/noticias\/#\/schema\/person\/image\/\",\"url\":\"https:\/\/secure.gravatar.com\/avatar\/d08aa2ce4c8dd416d4479aa8536fcf64?s=96&d=mm&r=g\",\"contentUrl\":\"https:\/\/secure.gravatar.com\/avatar\/d08aa2ce4c8dd416d4479aa8536fcf64?s=96&d=mm&r=g\",\"caption\":\"moacir\"},\"url\":\"https:\/\/franciscanos.org.br\/noticias\/author\/moacir\"}]}<\/script>\n<!-- \/ Yoast SEO plugin. -->","yoast_head_json":{"title":"Testemunho de vida, f\u00e9 e esperan\u00e7a - Not\u00edcias - Franciscanos","robots":{"index":"index","follow":"follow","max-snippet":"max-snippet:-1","max-image-preview":"max-image-preview:large","max-video-preview":"max-video-preview:-1"},"canonical":"https:\/\/franciscanos.org.br\/noticias\/testemunho-de-vida-fe-e-esperanca.html","og_locale":"pt_BR","og_type":"article","og_title":"Testemunho de vida, f\u00e9 e esperan\u00e7a - Not\u00edcias - Franciscanos","og_description":"Par\u00f3quia S\u00e3o Paulo Ap\u00f3stolo de Agudos","og_url":"https:\/\/franciscanos.org.br\/noticias\/testemunho-de-vida-fe-e-esperanca.html","og_site_name":"Not\u00edcias - Franciscanos","article_published_time":"2021-11-10T03:02:25+00:00","article_modified_time":"2021-11-10T08:10:32+00:00","og_image":[{"width":890,"height":476,"url":"https:\/\/franciscanos.org.br\/noticias\/wp-content\/uploads\/2021\/11\/pascom_cura_1011.jpg","type":"image\/jpeg"}],"author":"moacir","twitter_card":"summary_large_image","twitter_misc":{"Escrito por":"moacir","Est. tempo de leitura":"4 minutos"},"schema":{"@context":"https:\/\/schema.org","@graph":[{"@type":"WebSite","@id":"https:\/\/franciscanos.org.br\/noticias\/#website","url":"https:\/\/franciscanos.org.br\/noticias\/","name":"Not\u00edcias - Franciscanos","description":"Prov\u00edncia Franciscana da Imaculada Concei\u00e7\u00e3o do Brasil - Ordem dos Frades Menores - OFM","potentialAction":[{"@type":"SearchAction","target":{"@type":"EntryPoint","urlTemplate":"https:\/\/franciscanos.org.br\/noticias\/?s={search_term_string}"},"query-input":"required name=search_term_string"}],"inLanguage":"pt-BR"},{"@type":"ImageObject","inLanguage":"pt-BR","@id":"https:\/\/franciscanos.org.br\/noticias\/testemunho-de-vida-fe-e-esperanca.html#primaryimage","url":"https:\/\/franciscanos.org.br\/noticias\/wp-content\/uploads\/2021\/11\/pascom_cura_1011.jpg","contentUrl":"https:\/\/franciscanos.org.br\/noticias\/wp-content\/uploads\/2021\/11\/pascom_cura_1011.jpg","width":890,"height":476},{"@type":"WebPage","@id":"https:\/\/franciscanos.org.br\/noticias\/testemunho-de-vida-fe-e-esperanca.html#webpage","url":"https:\/\/franciscanos.org.br\/noticias\/testemunho-de-vida-fe-e-esperanca.html","name":"Testemunho de vida, f\u00e9 e esperan\u00e7a - Not\u00edcias - Franciscanos","isPartOf":{"@id":"https:\/\/franciscanos.org.br\/noticias\/#website"},"primaryImageOfPage":{"@id":"https:\/\/franciscanos.org.br\/noticias\/testemunho-de-vida-fe-e-esperanca.html#primaryimage"},"datePublished":"2021-11-10T03:02:25+00:00","dateModified":"2021-11-10T08:10:32+00:00","author":{"@id":"https:\/\/franciscanos.org.br\/noticias\/#\/schema\/person\/b5c8cba458c330ccff548b056e95a5d4"},"breadcrumb":{"@id":"https:\/\/franciscanos.org.br\/noticias\/testemunho-de-vida-fe-e-esperanca.html#breadcrumb"},"inLanguage":"pt-BR","potentialAction":[{"@type":"ReadAction","target":["https:\/\/franciscanos.org.br\/noticias\/testemunho-de-vida-fe-e-esperanca.html"]}]},{"@type":"BreadcrumbList","@id":"https:\/\/franciscanos.org.br\/noticias\/testemunho-de-vida-fe-e-esperanca.html#breadcrumb","itemListElement":[{"@type":"ListItem","position":1,"name":"Home","item":"https:\/\/franciscanos.org.br\/noticias"},{"@type":"ListItem","position":2,"name":"Testemunho de vida, f\u00e9 e esperan\u00e7a"}]},{"@type":"Person","@id":"https:\/\/franciscanos.org.br\/noticias\/#\/schema\/person\/b5c8cba458c330ccff548b056e95a5d4","name":"moacir","image":{"@type":"ImageObject","inLanguage":"pt-BR","@id":"https:\/\/franciscanos.org.br\/noticias\/#\/schema\/person\/image\/","url":"https:\/\/secure.gravatar.com\/avatar\/d08aa2ce4c8dd416d4479aa8536fcf64?s=96&d=mm&r=g","contentUrl":"https:\/\/secure.gravatar.com\/avatar\/d08aa2ce4c8dd416d4479aa8536fcf64?s=96&d=mm&r=g","caption":"moacir"},"url":"https:\/\/franciscanos.org.br\/noticias\/author\/moacir"}]}},"_links":{"self":[{"href":"https:\/\/franciscanos.org.br\/noticias\/wp-json\/wp\/v2\/posts\/235102"}],"collection":[{"href":"https:\/\/franciscanos.org.br\/noticias\/wp-json\/wp\/v2\/posts"}],"about":[{"href":"https:\/\/franciscanos.org.br\/noticias\/wp-json\/wp\/v2\/types\/post"}],"author":[{"embeddable":true,"href":"https:\/\/franciscanos.org.br\/noticias\/wp-json\/wp\/v2\/users\/3"}],"replies":[{"embeddable":true,"href":"https:\/\/franciscanos.org.br\/noticias\/wp-json\/wp\/v2\/comments?post=235102"}],"version-history":[{"count":1,"href":"https:\/\/franciscanos.org.br\/noticias\/wp-json\/wp\/v2\/posts\/235102\/revisions"}],"predecessor-version":[{"id":235104,"href":"https:\/\/franciscanos.org.br\/noticias\/wp-json\/wp\/v2\/posts\/235102\/revisions\/235104"}],"wp:featuredmedia":[{"embeddable":true,"href":"https:\/\/franciscanos.org.br\/noticias\/wp-json\/wp\/v2\/media\/235103"}],"wp:attachment":[{"href":"https:\/\/franciscanos.org.br\/noticias\/wp-json\/wp\/v2\/media?parent=235102"}],"wp:term":[{"taxonomy":"category","embeddable":true,"href":"https:\/\/franciscanos.org.br\/noticias\/wp-json\/wp\/v2\/categories?post=235102"},{"taxonomy":"post_tag","embeddable":true,"href":"https:\/\/franciscanos.org.br\/noticias\/wp-json\/wp\/v2\/tags?post=235102"}],"curies":[{"name":"wp","href":"https:\/\/api.w.org\/{rel}","templated":true}]}}