{"id":235099,"date":"2021-11-10T04:55:41","date_gmt":"2021-11-10T07:55:41","guid":{"rendered":"https:\/\/franciscanos.org.br\/noticias\/?p=235099"},"modified":"2021-11-10T05:02:21","modified_gmt":"2021-11-10T08:02:21","slug":"viralizando-a-evangelizacao","status":"publish","type":"post","link":"https:\/\/franciscanos.org.br\/noticias\/viralizando-a-evangelizacao.html","title":{"rendered":"Viralizando a evangeliza\u00e7\u00e3o"},"content":{"rendered":"<p><img loading=\"lazy\" class=\"alignnone wp-image-190903 size-full\" src=\"https:\/\/franciscanos.org.br\/vidacrista\/wp-content\/uploads\/2021\/11\/pascom_agudos_1011.jpg\" alt=\"\" width=\"960\" height=\"492\" \/><\/p>\n<p style=\"padding-left: 40px;\"><em>Par\u00f3quia S\u00e3o Paulo Ap\u00f3stolo de Agudos j\u00e1 soma mais de 50 mil visualiza\u00e7\u00f5es em v\u00eddeos nas redes sociais digitais Instagram e TikTok<\/em><\/p>\n<p>Evangelizar por meio de novas m\u00eddias nunca foi t\u00e3o levado a s\u00e9rio como agora para a Par\u00f3quia S\u00e3o Paulo Ap\u00f3stolo de Agudos que, com a proposta, j\u00e1 soma mais de 50 mil visualiza\u00e7\u00f5es de v\u00eddeos no Instagram e TikTok.<\/p>\n<p>A ideia, conforme difundida pela Pastoral da Comunica\u00e7\u00e3o, \u00e9 mostrar as atividades da Par\u00f3quia para o maior n\u00famero de pessoas e fazer tamb\u00e9m com que todas as pastorais e movimentos se integrem produzindo conte\u00fados, como j\u00e1 \u00e9 o caso das atividades dos grupos de jovens j\u00e1 postadas nas plataformas.<\/p>\n<p>A equipe n\u00e3o imaginava a repercuss\u00e3o positiva das publica\u00e7\u00f5es. \u201cNa \u00faltima semana, fizemos um v\u00eddeo sobre o Dia de Nossa Senhora Aparecida e 24 horas depois j\u00e1 somava mais de 700 curtidas e 12 mil visualiza\u00e7\u00f5es no TikTok\u201d, comenta a equipe da PasCom.<\/p>\n<p>O p\u00e1roco, Frei Silvio T. Werlingue, afirma a import\u00e2ncia dessa repercuss\u00e3o e enxerga como positivo o uso dos meios de comunica\u00e7\u00e3o para a evangeliza\u00e7\u00e3o. \u201cA Igreja, com o Conc\u00edlio Ecum\u00eanico Vaticano II, por meio do decreto \u2018Inter mirifica\u2019, manifestou a sua convic\u00e7\u00e3o sobre a import\u00e2ncia do uso dos meios de comunica\u00e7\u00e3o social e das tecnologias a servi\u00e7o da evangeliza\u00e7\u00e3o. Abrindo o documento, afirma o decreto que, dentre as maravilhas do g\u00eanio humano, est\u00e1 a comunica\u00e7\u00e3o! O uso dos meios de comunica\u00e7\u00e3o atrav\u00e9s das tecnologias contribuem eficazmente para recriar e cultivar os esp\u00edritos e para programar propagar e afirmar o Reino de Deus (IM,2)\u201d, pontua.<\/p>\n<p>Werlingue tamb\u00e9m menciona o interesse da Igreja em estar presente nas redes sociais digitais. \u201cO interesse da Igreja pela comunica\u00e7\u00e3o social e, hoje atrav\u00e9s da internet, usando as mais variadas redes sociais e ferramentas digitais, \u00e9 a promo\u00e7\u00e3o da evangeliza\u00e7\u00e3o. O Papa S\u00e3o Jo\u00e3o Paulo II afirmou que o primeiro are\u00f3pago (assembleia de s\u00e1bios) dos tempos modernos \u00e9 o mundo das comunica\u00e7\u00f5es que est\u00e1 unificando a humanidade e transformando-a numa aldeia global (cf. <em>Redemptoris Missio<\/em>,37)\u201d.<\/p>\n<p>Maria Clara Andreotti, jovem atuante na Par\u00f3quia e participante do Grupo de Jovens Franciscanos e da PasCom, frisa que a utiliza\u00e7\u00e3o das plataformas pela Igreja \u00e9 motiva\u00e7\u00e3o para a cria\u00e7\u00e3o de conte\u00fados para agregar conhecimento e espiritualidade. \u201cSabemos que o maior p\u00fablico-alvo dessas m\u00eddias tem sido jovens, adolescentes e adultos. Por meio delas conseguimos simplificar nossa vida e economizar tempo, pois muitas vezes consumimos conte\u00fado sup\u00e9rfluos, que n\u00e3o nos agregam tanto. Na internet, podemos encontrar de tudo e estando dentro da Igreja percebi algo que me senti muito feliz em poder contribuir. Sempre gostei de utilizar as redes, mas nunca tinha pensado em aliment\u00e1-las com um conte\u00fado construtivo para outras pessoas. Isso tem sido muito bom, n\u00e3o s\u00f3 para mim, mas tamb\u00e9m para todos que consomem e aprendem com essas postagens, at\u00e9 porque elas n\u00e3o s\u00e3o em v\u00e3o, s\u00e3o mais um meio de evangelizar\u201d, conta.<\/p>\n<p>A ideia da Par\u00f3quia \u00e9 intensificar ainda mais o trabalho com todas as redes sociais digitais e incentivar as outras Par\u00f3quias para que tamb\u00e9m fa\u00e7am o mesmo.<\/p>\n<p><strong>Como encontrar?<\/strong><\/p>\n<p>Siga a Par\u00f3quia no Instagram: @paroquia.saopaulo.<br \/>\nTikTok: @paroquiasaopauloagudos<\/p>\n<hr \/>\n<p><em>Isabela Gaspar, da Pascom da Par\u00f3quia S\u00e3o Paulo Ap\u00f3stolo de Agudos<\/em><\/p>\n","protected":false},"excerpt":{"rendered":"<p>Par\u00f3quia S\u00e3o Paulo Ap\u00f3stolo de Agudos<\/p>\n","protected":false},"author":3,"featured_media":235100,"comment_status":"open","ping_status":"open","sticky":false,"template":"","format":"standard","meta":[],"categories":[1],"tags":[1385],"acf":[],"yoast_head":"<!-- This site is optimized with the Yoast SEO plugin v19.2 - https:\/\/yoast.com\/wordpress\/plugins\/seo\/ -->\n<title>Viralizando a evangeliza\u00e7\u00e3o - Not\u00edcias - Franciscanos<\/title>\n<meta name=\"robots\" content=\"index, follow, max-snippet:-1, max-image-preview:large, max-video-preview:-1\" \/>\n<link rel=\"canonical\" href=\"https:\/\/franciscanos.org.br\/noticias\/viralizando-a-evangelizacao.html\" \/>\n<meta property=\"og:locale\" content=\"pt_BR\" \/>\n<meta property=\"og:type\" content=\"article\" \/>\n<meta property=\"og:title\" content=\"Viralizando a evangeliza\u00e7\u00e3o - Not\u00edcias - Franciscanos\" \/>\n<meta property=\"og:description\" content=\"Par\u00f3quia S\u00e3o Paulo Ap\u00f3stolo de Agudos\" \/>\n<meta property=\"og:url\" content=\"https:\/\/franciscanos.org.br\/noticias\/viralizando-a-evangelizacao.html\" \/>\n<meta property=\"og:site_name\" content=\"Not\u00edcias - Franciscanos\" \/>\n<meta property=\"article:published_time\" content=\"2021-11-10T07:55:41+00:00\" \/>\n<meta property=\"article:modified_time\" content=\"2021-11-10T08:02:21+00:00\" \/>\n<meta property=\"og:image\" content=\"https:\/\/franciscanos.org.br\/noticias\/wp-content\/uploads\/2021\/11\/pascom_agudos_1011d.jpg\" \/>\n\t<meta property=\"og:image:width\" content=\"800\" \/>\n\t<meta property=\"og:image:height\" content=\"550\" \/>\n\t<meta property=\"og:image:type\" content=\"image\/jpeg\" \/>\n<meta name=\"author\" content=\"moacir\" \/>\n<meta name=\"twitter:card\" content=\"summary_large_image\" \/>\n<meta name=\"twitter:label1\" content=\"Escrito por\" \/>\n\t<meta name=\"twitter:data1\" content=\"moacir\" \/>\n\t<meta name=\"twitter:label2\" content=\"Est. tempo de leitura\" \/>\n\t<meta name=\"twitter:data2\" content=\"3 minutos\" \/>\n<script type=\"application\/ld+json\" class=\"yoast-schema-graph\">{\"@context\":\"https:\/\/schema.org\",\"@graph\":[{\"@type\":\"WebSite\",\"@id\":\"https:\/\/franciscanos.org.br\/noticias\/#website\",\"url\":\"https:\/\/franciscanos.org.br\/noticias\/\",\"name\":\"Not\u00edcias - Franciscanos\",\"description\":\"Prov\u00edncia Franciscana da Imaculada Concei\u00e7\u00e3o do Brasil - Ordem dos Frades Menores - OFM\",\"potentialAction\":[{\"@type\":\"SearchAction\",\"target\":{\"@type\":\"EntryPoint\",\"urlTemplate\":\"https:\/\/franciscanos.org.br\/noticias\/?s={search_term_string}\"},\"query-input\":\"required name=search_term_string\"}],\"inLanguage\":\"pt-BR\"},{\"@type\":\"ImageObject\",\"inLanguage\":\"pt-BR\",\"@id\":\"https:\/\/franciscanos.org.br\/noticias\/viralizando-a-evangelizacao.html#primaryimage\",\"url\":\"https:\/\/franciscanos.org.br\/noticias\/wp-content\/uploads\/2021\/11\/pascom_agudos_1011d.jpg\",\"contentUrl\":\"https:\/\/franciscanos.org.br\/noticias\/wp-content\/uploads\/2021\/11\/pascom_agudos_1011d.jpg\",\"width\":800,\"height\":550},{\"@type\":\"WebPage\",\"@id\":\"https:\/\/franciscanos.org.br\/noticias\/viralizando-a-evangelizacao.html#webpage\",\"url\":\"https:\/\/franciscanos.org.br\/noticias\/viralizando-a-evangelizacao.html\",\"name\":\"Viralizando a evangeliza\u00e7\u00e3o - Not\u00edcias - Franciscanos\",\"isPartOf\":{\"@id\":\"https:\/\/franciscanos.org.br\/noticias\/#website\"},\"primaryImageOfPage\":{\"@id\":\"https:\/\/franciscanos.org.br\/noticias\/viralizando-a-evangelizacao.html#primaryimage\"},\"datePublished\":\"2021-11-10T07:55:41+00:00\",\"dateModified\":\"2021-11-10T08:02:21+00:00\",\"author\":{\"@id\":\"https:\/\/franciscanos.org.br\/noticias\/#\/schema\/person\/b5c8cba458c330ccff548b056e95a5d4\"},\"breadcrumb\":{\"@id\":\"https:\/\/franciscanos.org.br\/noticias\/viralizando-a-evangelizacao.html#breadcrumb\"},\"inLanguage\":\"pt-BR\",\"potentialAction\":[{\"@type\":\"ReadAction\",\"target\":[\"https:\/\/franciscanos.org.br\/noticias\/viralizando-a-evangelizacao.html\"]}]},{\"@type\":\"BreadcrumbList\",\"@id\":\"https:\/\/franciscanos.org.br\/noticias\/viralizando-a-evangelizacao.html#breadcrumb\",\"itemListElement\":[{\"@type\":\"ListItem\",\"position\":1,\"name\":\"Home\",\"item\":\"https:\/\/franciscanos.org.br\/noticias\"},{\"@type\":\"ListItem\",\"position\":2,\"name\":\"Viralizando a evangeliza\u00e7\u00e3o\"}]},{\"@type\":\"Person\",\"@id\":\"https:\/\/franciscanos.org.br\/noticias\/#\/schema\/person\/b5c8cba458c330ccff548b056e95a5d4\",\"name\":\"moacir\",\"image\":{\"@type\":\"ImageObject\",\"inLanguage\":\"pt-BR\",\"@id\":\"https:\/\/franciscanos.org.br\/noticias\/#\/schema\/person\/image\/\",\"url\":\"https:\/\/secure.gravatar.com\/avatar\/d08aa2ce4c8dd416d4479aa8536fcf64?s=96&d=mm&r=g\",\"contentUrl\":\"https:\/\/secure.gravatar.com\/avatar\/d08aa2ce4c8dd416d4479aa8536fcf64?s=96&d=mm&r=g\",\"caption\":\"moacir\"},\"url\":\"https:\/\/franciscanos.org.br\/noticias\/author\/moacir\"}]}<\/script>\n<!-- \/ Yoast SEO plugin. -->","yoast_head_json":{"title":"Viralizando a evangeliza\u00e7\u00e3o - Not\u00edcias - Franciscanos","robots":{"index":"index","follow":"follow","max-snippet":"max-snippet:-1","max-image-preview":"max-image-preview:large","max-video-preview":"max-video-preview:-1"},"canonical":"https:\/\/franciscanos.org.br\/noticias\/viralizando-a-evangelizacao.html","og_locale":"pt_BR","og_type":"article","og_title":"Viralizando a evangeliza\u00e7\u00e3o - Not\u00edcias - Franciscanos","og_description":"Par\u00f3quia S\u00e3o Paulo Ap\u00f3stolo de Agudos","og_url":"https:\/\/franciscanos.org.br\/noticias\/viralizando-a-evangelizacao.html","og_site_name":"Not\u00edcias - Franciscanos","article_published_time":"2021-11-10T07:55:41+00:00","article_modified_time":"2021-11-10T08:02:21+00:00","og_image":[{"width":800,"height":550,"url":"https:\/\/franciscanos.org.br\/noticias\/wp-content\/uploads\/2021\/11\/pascom_agudos_1011d.jpg","type":"image\/jpeg"}],"author":"moacir","twitter_card":"summary_large_image","twitter_misc":{"Escrito por":"moacir","Est. tempo de leitura":"3 minutos"},"schema":{"@context":"https:\/\/schema.org","@graph":[{"@type":"WebSite","@id":"https:\/\/franciscanos.org.br\/noticias\/#website","url":"https:\/\/franciscanos.org.br\/noticias\/","name":"Not\u00edcias - Franciscanos","description":"Prov\u00edncia Franciscana da Imaculada Concei\u00e7\u00e3o do Brasil - Ordem dos Frades Menores - OFM","potentialAction":[{"@type":"SearchAction","target":{"@type":"EntryPoint","urlTemplate":"https:\/\/franciscanos.org.br\/noticias\/?s={search_term_string}"},"query-input":"required name=search_term_string"}],"inLanguage":"pt-BR"},{"@type":"ImageObject","inLanguage":"pt-BR","@id":"https:\/\/franciscanos.org.br\/noticias\/viralizando-a-evangelizacao.html#primaryimage","url":"https:\/\/franciscanos.org.br\/noticias\/wp-content\/uploads\/2021\/11\/pascom_agudos_1011d.jpg","contentUrl":"https:\/\/franciscanos.org.br\/noticias\/wp-content\/uploads\/2021\/11\/pascom_agudos_1011d.jpg","width":800,"height":550},{"@type":"WebPage","@id":"https:\/\/franciscanos.org.br\/noticias\/viralizando-a-evangelizacao.html#webpage","url":"https:\/\/franciscanos.org.br\/noticias\/viralizando-a-evangelizacao.html","name":"Viralizando a evangeliza\u00e7\u00e3o - Not\u00edcias - Franciscanos","isPartOf":{"@id":"https:\/\/franciscanos.org.br\/noticias\/#website"},"primaryImageOfPage":{"@id":"https:\/\/franciscanos.org.br\/noticias\/viralizando-a-evangelizacao.html#primaryimage"},"datePublished":"2021-11-10T07:55:41+00:00","dateModified":"2021-11-10T08:02:21+00:00","author":{"@id":"https:\/\/franciscanos.org.br\/noticias\/#\/schema\/person\/b5c8cba458c330ccff548b056e95a5d4"},"breadcrumb":{"@id":"https:\/\/franciscanos.org.br\/noticias\/viralizando-a-evangelizacao.html#breadcrumb"},"inLanguage":"pt-BR","potentialAction":[{"@type":"ReadAction","target":["https:\/\/franciscanos.org.br\/noticias\/viralizando-a-evangelizacao.html"]}]},{"@type":"BreadcrumbList","@id":"https:\/\/franciscanos.org.br\/noticias\/viralizando-a-evangelizacao.html#breadcrumb","itemListElement":[{"@type":"ListItem","position":1,"name":"Home","item":"https:\/\/franciscanos.org.br\/noticias"},{"@type":"ListItem","position":2,"name":"Viralizando a evangeliza\u00e7\u00e3o"}]},{"@type":"Person","@id":"https:\/\/franciscanos.org.br\/noticias\/#\/schema\/person\/b5c8cba458c330ccff548b056e95a5d4","name":"moacir","image":{"@type":"ImageObject","inLanguage":"pt-BR","@id":"https:\/\/franciscanos.org.br\/noticias\/#\/schema\/person\/image\/","url":"https:\/\/secure.gravatar.com\/avatar\/d08aa2ce4c8dd416d4479aa8536fcf64?s=96&d=mm&r=g","contentUrl":"https:\/\/secure.gravatar.com\/avatar\/d08aa2ce4c8dd416d4479aa8536fcf64?s=96&d=mm&r=g","caption":"moacir"},"url":"https:\/\/franciscanos.org.br\/noticias\/author\/moacir"}]}},"_links":{"self":[{"href":"https:\/\/franciscanos.org.br\/noticias\/wp-json\/wp\/v2\/posts\/235099"}],"collection":[{"href":"https:\/\/franciscanos.org.br\/noticias\/wp-json\/wp\/v2\/posts"}],"about":[{"href":"https:\/\/franciscanos.org.br\/noticias\/wp-json\/wp\/v2\/types\/post"}],"author":[{"embeddable":true,"href":"https:\/\/franciscanos.org.br\/noticias\/wp-json\/wp\/v2\/users\/3"}],"replies":[{"embeddable":true,"href":"https:\/\/franciscanos.org.br\/noticias\/wp-json\/wp\/v2\/comments?post=235099"}],"version-history":[{"count":1,"href":"https:\/\/franciscanos.org.br\/noticias\/wp-json\/wp\/v2\/posts\/235099\/revisions"}],"predecessor-version":[{"id":235101,"href":"https:\/\/franciscanos.org.br\/noticias\/wp-json\/wp\/v2\/posts\/235099\/revisions\/235101"}],"wp:featuredmedia":[{"embeddable":true,"href":"https:\/\/franciscanos.org.br\/noticias\/wp-json\/wp\/v2\/media\/235100"}],"wp:attachment":[{"href":"https:\/\/franciscanos.org.br\/noticias\/wp-json\/wp\/v2\/media?parent=235099"}],"wp:term":[{"taxonomy":"category","embeddable":true,"href":"https:\/\/franciscanos.org.br\/noticias\/wp-json\/wp\/v2\/categories?post=235099"},{"taxonomy":"post_tag","embeddable":true,"href":"https:\/\/franciscanos.org.br\/noticias\/wp-json\/wp\/v2\/tags?post=235099"}],"curies":[{"name":"wp","href":"https:\/\/api.w.org\/{rel}","templated":true}]}}