{"id":235084,"date":"2021-11-07T09:03:43","date_gmt":"2021-11-07T12:03:43","guid":{"rendered":"https:\/\/franciscanos.org.br\/noticias\/?p=235084"},"modified":"2021-11-07T09:04:37","modified_gmt":"2021-11-07T12:04:37","slug":"papa-no-angelus-libertar-a-fe-dos-lacos-com-o-dinheiro","status":"publish","type":"post","link":"https:\/\/franciscanos.org.br\/noticias\/papa-no-angelus-libertar-a-fe-dos-lacos-com-o-dinheiro.html","title":{"rendered":"Papa no Angelus: libertar a f\u00e9 dos la\u00e7os com o dinheiro"},"content":{"rendered":"<div id=\"attachment_235085\" style=\"width: 1290px\" class=\"wp-caption alignnone\"><img aria-describedby=\"caption-attachment-235085\" loading=\"lazy\" class=\"wp-image-235085 size-full\" src=\"https:\/\/franciscanos.org.br\/noticias\/wp-content\/uploads\/2021\/11\/ANGELUS_0711.jpg\" alt=\"\" width=\"1280\" height=\"757\" srcset=\"https:\/\/franciscanos.org.br\/noticias\/wp-content\/uploads\/2021\/11\/ANGELUS_0711.jpg 1280w, https:\/\/franciscanos.org.br\/noticias\/wp-content\/uploads\/2021\/11\/ANGELUS_0711-450x266.jpg 450w, https:\/\/franciscanos.org.br\/noticias\/wp-content\/uploads\/2021\/11\/ANGELUS_0711-1024x606.jpg 1024w, https:\/\/franciscanos.org.br\/noticias\/wp-content\/uploads\/2021\/11\/ANGELUS_0711-768x454.jpg 768w, https:\/\/franciscanos.org.br\/noticias\/wp-content\/uploads\/2021\/11\/ANGELUS_0711-150x89.jpg 150w\" sizes=\"(max-width: 1280px) 100vw, 1280px\" \/><p id=\"caption-attachment-235085\" class=\"wp-caption-text\"><em>\u00a0 \u00a0 \u00a0 \u00a0 \u00a0 \u00a0 \u00a0 \u00a0 \u00a0 \u00a0 \u00a0 \u00a0 \u00a0 \u00a0 \u00a0 \u00a0 \u00a0 \u00a0 \u00a0 \u00a0 \u00a0 \u00a0 \u00a0 \u00a0 \u00a0 \u00a0 \u00a0 \u00a0 \u00a0 \u00a0 \u00a0 \u00a0 \u00a0 \u00a0 \u00a0 \u00a0 \u00a0 \u00a0 \u00a0 \u00a0 \u00a0 \u00a0 \u00a0 \u00a0 \u00a0 \u00a0 \u00a0 \u00a0 \u00a0 \u00a0 \u00a0 \u00a0 \u00a0 \u00a0 \u00a0 \u00a0Imagem: Vatican Media<\/em><\/p><\/div>\n<p>\u201cSuas moedas t\u00eam um som mais bonito do que as grandes ofertas dos ricos, porque expressam uma vida dedicada a Deus com sinceridade, uma f\u00e9 que n\u00e3o vive de apar\u00eancias, mas da confian\u00e7a incondicional\u201d. A pobre vi\u00fava, uma mestra da f\u00e9, um modelo a ser seguido para assim sermos curados da hipocrisia, doen\u00e7a perigosa da alma.<\/p>\n<p>A passagem do Evangelho de Marcos (Mc 12, 38-44) proposta pela liturgia do dia, apresenta um contraste gritante: de um lado os ricos, que d\u00e3o o que \u00e9 sup\u00e9rfluo para serem vistos, e de outro uma \u201cpobre mulher que, sem aparecer, oferece todo o pouco que tem. Dois s\u00edmbolos de comportamentos humanos\u201d.<\/p>\n<p>A cena, explicou o Papa aos milhares de fi\u00e9is e turistas reunidos na Pra\u00e7a S\u00e3o Pedro, \u201cse passa dentro do Templo de Jerusal\u00e9m. Jesus olha o que acontece neste lugar, o mais sagrado de todos, e v\u00ea como os escribas gostam de caminhar para ser notados, saudados e reverenciados e ter lugares de honra\u201d. Contemporaneamente, \u201cseus olhos vislumbram outra cena: uma pobre vi\u00fava, precisamente uma daquelas exploradas pelos poderosos, coloca no tesouro do Templo tudo o que tinha para viver&#8221;:<\/p>\n<p>O verbo \u201cguardar\u201d \u2013 diz Francisco \u2013 vai resumir o ensino de Jesus sobre estas duas cenas, ou seja, devemos nos guardar daqueles que vivem a f\u00e9 com duplicidade, como aqueles escribas, \u201cpara n\u00e3o nos tornarmos como eles\u201d, mas olhar para a vi\u00fava e \u201ctom\u00e1-la como modelo\u201d. \u201cDetenhamo-nos nisto \u2013 enfatizou o Papa &#8211; guardar-se dos hip\u00f3critas e olhar para a pobre vi\u00fava\u201d:\u00a0Antes de tudo, guardar-se dos hip\u00f3critas, isto \u00e9, estar atentos para n\u00e3o basear a vida no culto da apar\u00eancia, da exterioridade, no cuidado exagerado da pr\u00f3pria imagem. E, sobretudo, estar atentos para n\u00e3o submeter a f\u00e9 aos nossos interesses.<\/p>\n<p>O Papa explica que aqueles escribas cobriam com o nome de Deus a pr\u00f3pria vangl\u00f3ria, mas pior ainda, \u201cusavam a religi\u00e3o para administrar seus neg\u00f3cios, abusando de sua autoridade e explorando os pobres\u201d:<\/p>\n<p>\u00c9 uma advert\u00eancia para todos os tempos e para todos, Igreja e sociedade: nunca tirar proveito da pr\u00f3pria posi\u00e7\u00e3o para pisar sobre os outros, nunca ganhar \u00e0 custa dos mais fracos! E vigiai, para n\u00e3o cair na vaidade, para que n\u00e3o aconte\u00e7a de nos fixarmos nas apar\u00eancias, perdendo a subst\u00e2ncia e vivendo na superficialidade.<\/p>\n<p>Francisco nos convida ent\u00e3o a nos perguntarmos: \u201cnaquilo que dizemos e fazemos, queremos ser apreciados e gratificados ou prestar um servi\u00e7o a Deus e ao pr\u00f3ximo, especialmente aos mais fracos?\u201d. E alerta: Vigiemos as falsidades do cora\u00e7\u00e3o, a hipocrisia, que \u00e9 uma doen\u00e7a perigosa da alma!\u201d E para sermos curados dessa doen\u00e7a, \u201cJesus nos convida a olhar para a pobre vi\u00fava\u201d.<\/p>\n<p>\u201cO Senhor \u2013 enfatizou o Pont\u00edfice &#8211; denuncia a explora\u00e7\u00e3o desta mulher que, para fazer a oferta, deve voltar para casa privada at\u00e9 mesmo do pouco que tem para viver\u201d:\u00a0Como \u00e9 importante libertar o sagrado dos la\u00e7os com o dinheiro! Mas, ao mesmo tempo, Jesus elogia o fato de que essa vi\u00fava coloca tudo o que tem no tesouro. Ela fica sem nada, mas em Deus encontra o seu tudo. Ela n\u00e3o teme perder o pouco que tem, porque tem confian\u00e7a no muito de Deus, que multiplica a alegria de quem d\u00e1.<\/p>\n<p>Assim, \u201cJesus a prop\u00f5e como mestra de f\u00e9: n\u00e3o vai ao Templo para colocar em dia a consci\u00eancia, n\u00e3o reza para ser vista, n\u00e3o ostenta a sua f\u00e9, mas d\u00e1 com o cora\u00e7\u00e3o, com generosidade e gratuidade\u201d:\u00a0Suas moedas t\u00eam um som mais bonito do que as grandes ofertas dos ricos, porque expressam uma vida dedicada a Deus com sinceridade, uma f\u00e9 que n\u00e3o vive de apar\u00eancias, mas da confian\u00e7a incondicional. Aprendamos com ela: uma f\u00e9 sem ornamentos externos, mas sincera por dentro; uma f\u00e9 feita de amor humilde a Deus e aos irm\u00e3os.<\/p>\n<p>E agora nos dirijamos \u00e0 Virgem Maria, que com o cora\u00e7\u00e3o humilde e transparente fez de toda a sua vida um dom para Deus e para o seu povo.<\/p>\n<hr \/>\n<p><em>Fonte: Vatican News (texto de Jackson Erpen)<\/em><\/p>\n","protected":false},"excerpt":{"rendered":"<p>Angelus<\/p>\n","protected":false},"author":3,"featured_media":235085,"comment_status":"open","ping_status":"open","sticky":false,"template":"","format":"standard","meta":[],"categories":[1428],"tags":[403],"acf":[],"yoast_head":"<!-- This site is optimized with the Yoast SEO plugin v19.2 - https:\/\/yoast.com\/wordpress\/plugins\/seo\/ -->\n<title>Papa no Angelus: libertar a f\u00e9 dos la\u00e7os com o dinheiro - Not\u00edcias - Franciscanos<\/title>\n<meta name=\"robots\" content=\"index, follow, max-snippet:-1, max-image-preview:large, max-video-preview:-1\" \/>\n<link rel=\"canonical\" href=\"https:\/\/franciscanos.org.br\/noticias\/papa-no-angelus-libertar-a-fe-dos-lacos-com-o-dinheiro.html\" \/>\n<meta property=\"og:locale\" content=\"pt_BR\" \/>\n<meta property=\"og:type\" content=\"article\" \/>\n<meta property=\"og:title\" content=\"Papa no Angelus: libertar a f\u00e9 dos la\u00e7os com o dinheiro - Not\u00edcias - Franciscanos\" \/>\n<meta property=\"og:description\" content=\"Angelus\" \/>\n<meta property=\"og:url\" content=\"https:\/\/franciscanos.org.br\/noticias\/papa-no-angelus-libertar-a-fe-dos-lacos-com-o-dinheiro.html\" \/>\n<meta property=\"og:site_name\" content=\"Not\u00edcias - Franciscanos\" \/>\n<meta property=\"article:published_time\" content=\"2021-11-07T12:03:43+00:00\" \/>\n<meta property=\"article:modified_time\" content=\"2021-11-07T12:04:37+00:00\" \/>\n<meta property=\"og:image\" content=\"https:\/\/franciscanos.org.br\/noticias\/wp-content\/uploads\/2021\/11\/ANGELUS_0711.jpg\" \/>\n\t<meta property=\"og:image:width\" content=\"1280\" \/>\n\t<meta property=\"og:image:height\" content=\"757\" \/>\n\t<meta property=\"og:image:type\" content=\"image\/jpeg\" \/>\n<meta name=\"author\" content=\"moacir\" \/>\n<meta name=\"twitter:card\" content=\"summary_large_image\" \/>\n<meta name=\"twitter:label1\" content=\"Escrito por\" \/>\n\t<meta name=\"twitter:data1\" content=\"moacir\" \/>\n\t<meta name=\"twitter:label2\" content=\"Est. tempo de leitura\" \/>\n\t<meta name=\"twitter:data2\" content=\"4 minutos\" \/>\n<script type=\"application\/ld+json\" class=\"yoast-schema-graph\">{\"@context\":\"https:\/\/schema.org\",\"@graph\":[{\"@type\":\"WebSite\",\"@id\":\"https:\/\/franciscanos.org.br\/noticias\/#website\",\"url\":\"https:\/\/franciscanos.org.br\/noticias\/\",\"name\":\"Not\u00edcias - Franciscanos\",\"description\":\"Prov\u00edncia Franciscana da Imaculada Concei\u00e7\u00e3o do Brasil - Ordem dos Frades Menores - OFM\",\"potentialAction\":[{\"@type\":\"SearchAction\",\"target\":{\"@type\":\"EntryPoint\",\"urlTemplate\":\"https:\/\/franciscanos.org.br\/noticias\/?s={search_term_string}\"},\"query-input\":\"required name=search_term_string\"}],\"inLanguage\":\"pt-BR\"},{\"@type\":\"ImageObject\",\"inLanguage\":\"pt-BR\",\"@id\":\"https:\/\/franciscanos.org.br\/noticias\/papa-no-angelus-libertar-a-fe-dos-lacos-com-o-dinheiro.html#primaryimage\",\"url\":\"https:\/\/franciscanos.org.br\/noticias\/wp-content\/uploads\/2021\/11\/ANGELUS_0711.jpg\",\"contentUrl\":\"https:\/\/franciscanos.org.br\/noticias\/wp-content\/uploads\/2021\/11\/ANGELUS_0711.jpg\",\"width\":1280,\"height\":757},{\"@type\":\"WebPage\",\"@id\":\"https:\/\/franciscanos.org.br\/noticias\/papa-no-angelus-libertar-a-fe-dos-lacos-com-o-dinheiro.html#webpage\",\"url\":\"https:\/\/franciscanos.org.br\/noticias\/papa-no-angelus-libertar-a-fe-dos-lacos-com-o-dinheiro.html\",\"name\":\"Papa no Angelus: libertar a f\u00e9 dos la\u00e7os com o dinheiro - Not\u00edcias - Franciscanos\",\"isPartOf\":{\"@id\":\"https:\/\/franciscanos.org.br\/noticias\/#website\"},\"primaryImageOfPage\":{\"@id\":\"https:\/\/franciscanos.org.br\/noticias\/papa-no-angelus-libertar-a-fe-dos-lacos-com-o-dinheiro.html#primaryimage\"},\"datePublished\":\"2021-11-07T12:03:43+00:00\",\"dateModified\":\"2021-11-07T12:04:37+00:00\",\"author\":{\"@id\":\"https:\/\/franciscanos.org.br\/noticias\/#\/schema\/person\/b5c8cba458c330ccff548b056e95a5d4\"},\"breadcrumb\":{\"@id\":\"https:\/\/franciscanos.org.br\/noticias\/papa-no-angelus-libertar-a-fe-dos-lacos-com-o-dinheiro.html#breadcrumb\"},\"inLanguage\":\"pt-BR\",\"potentialAction\":[{\"@type\":\"ReadAction\",\"target\":[\"https:\/\/franciscanos.org.br\/noticias\/papa-no-angelus-libertar-a-fe-dos-lacos-com-o-dinheiro.html\"]}]},{\"@type\":\"BreadcrumbList\",\"@id\":\"https:\/\/franciscanos.org.br\/noticias\/papa-no-angelus-libertar-a-fe-dos-lacos-com-o-dinheiro.html#breadcrumb\",\"itemListElement\":[{\"@type\":\"ListItem\",\"position\":1,\"name\":\"Home\",\"item\":\"https:\/\/franciscanos.org.br\/noticias\"},{\"@type\":\"ListItem\",\"position\":2,\"name\":\"Papa no Angelus: libertar a f\u00e9 dos la\u00e7os com o dinheiro\"}]},{\"@type\":\"Person\",\"@id\":\"https:\/\/franciscanos.org.br\/noticias\/#\/schema\/person\/b5c8cba458c330ccff548b056e95a5d4\",\"name\":\"moacir\",\"image\":{\"@type\":\"ImageObject\",\"inLanguage\":\"pt-BR\",\"@id\":\"https:\/\/franciscanos.org.br\/noticias\/#\/schema\/person\/image\/\",\"url\":\"https:\/\/secure.gravatar.com\/avatar\/d08aa2ce4c8dd416d4479aa8536fcf64?s=96&d=mm&r=g\",\"contentUrl\":\"https:\/\/secure.gravatar.com\/avatar\/d08aa2ce4c8dd416d4479aa8536fcf64?s=96&d=mm&r=g\",\"caption\":\"moacir\"},\"url\":\"https:\/\/franciscanos.org.br\/noticias\/author\/moacir\"}]}<\/script>\n<!-- \/ Yoast SEO plugin. -->","yoast_head_json":{"title":"Papa no Angelus: libertar a f\u00e9 dos la\u00e7os com o dinheiro - Not\u00edcias - Franciscanos","robots":{"index":"index","follow":"follow","max-snippet":"max-snippet:-1","max-image-preview":"max-image-preview:large","max-video-preview":"max-video-preview:-1"},"canonical":"https:\/\/franciscanos.org.br\/noticias\/papa-no-angelus-libertar-a-fe-dos-lacos-com-o-dinheiro.html","og_locale":"pt_BR","og_type":"article","og_title":"Papa no Angelus: libertar a f\u00e9 dos la\u00e7os com o dinheiro - Not\u00edcias - Franciscanos","og_description":"Angelus","og_url":"https:\/\/franciscanos.org.br\/noticias\/papa-no-angelus-libertar-a-fe-dos-lacos-com-o-dinheiro.html","og_site_name":"Not\u00edcias - Franciscanos","article_published_time":"2021-11-07T12:03:43+00:00","article_modified_time":"2021-11-07T12:04:37+00:00","og_image":[{"width":1280,"height":757,"url":"https:\/\/franciscanos.org.br\/noticias\/wp-content\/uploads\/2021\/11\/ANGELUS_0711.jpg","type":"image\/jpeg"}],"author":"moacir","twitter_card":"summary_large_image","twitter_misc":{"Escrito por":"moacir","Est. tempo de leitura":"4 minutos"},"schema":{"@context":"https:\/\/schema.org","@graph":[{"@type":"WebSite","@id":"https:\/\/franciscanos.org.br\/noticias\/#website","url":"https:\/\/franciscanos.org.br\/noticias\/","name":"Not\u00edcias - Franciscanos","description":"Prov\u00edncia Franciscana da Imaculada Concei\u00e7\u00e3o do Brasil - Ordem dos Frades Menores - OFM","potentialAction":[{"@type":"SearchAction","target":{"@type":"EntryPoint","urlTemplate":"https:\/\/franciscanos.org.br\/noticias\/?s={search_term_string}"},"query-input":"required name=search_term_string"}],"inLanguage":"pt-BR"},{"@type":"ImageObject","inLanguage":"pt-BR","@id":"https:\/\/franciscanos.org.br\/noticias\/papa-no-angelus-libertar-a-fe-dos-lacos-com-o-dinheiro.html#primaryimage","url":"https:\/\/franciscanos.org.br\/noticias\/wp-content\/uploads\/2021\/11\/ANGELUS_0711.jpg","contentUrl":"https:\/\/franciscanos.org.br\/noticias\/wp-content\/uploads\/2021\/11\/ANGELUS_0711.jpg","width":1280,"height":757},{"@type":"WebPage","@id":"https:\/\/franciscanos.org.br\/noticias\/papa-no-angelus-libertar-a-fe-dos-lacos-com-o-dinheiro.html#webpage","url":"https:\/\/franciscanos.org.br\/noticias\/papa-no-angelus-libertar-a-fe-dos-lacos-com-o-dinheiro.html","name":"Papa no Angelus: libertar a f\u00e9 dos la\u00e7os com o dinheiro - Not\u00edcias - Franciscanos","isPartOf":{"@id":"https:\/\/franciscanos.org.br\/noticias\/#website"},"primaryImageOfPage":{"@id":"https:\/\/franciscanos.org.br\/noticias\/papa-no-angelus-libertar-a-fe-dos-lacos-com-o-dinheiro.html#primaryimage"},"datePublished":"2021-11-07T12:03:43+00:00","dateModified":"2021-11-07T12:04:37+00:00","author":{"@id":"https:\/\/franciscanos.org.br\/noticias\/#\/schema\/person\/b5c8cba458c330ccff548b056e95a5d4"},"breadcrumb":{"@id":"https:\/\/franciscanos.org.br\/noticias\/papa-no-angelus-libertar-a-fe-dos-lacos-com-o-dinheiro.html#breadcrumb"},"inLanguage":"pt-BR","potentialAction":[{"@type":"ReadAction","target":["https:\/\/franciscanos.org.br\/noticias\/papa-no-angelus-libertar-a-fe-dos-lacos-com-o-dinheiro.html"]}]},{"@type":"BreadcrumbList","@id":"https:\/\/franciscanos.org.br\/noticias\/papa-no-angelus-libertar-a-fe-dos-lacos-com-o-dinheiro.html#breadcrumb","itemListElement":[{"@type":"ListItem","position":1,"name":"Home","item":"https:\/\/franciscanos.org.br\/noticias"},{"@type":"ListItem","position":2,"name":"Papa no Angelus: libertar a f\u00e9 dos la\u00e7os com o dinheiro"}]},{"@type":"Person","@id":"https:\/\/franciscanos.org.br\/noticias\/#\/schema\/person\/b5c8cba458c330ccff548b056e95a5d4","name":"moacir","image":{"@type":"ImageObject","inLanguage":"pt-BR","@id":"https:\/\/franciscanos.org.br\/noticias\/#\/schema\/person\/image\/","url":"https:\/\/secure.gravatar.com\/avatar\/d08aa2ce4c8dd416d4479aa8536fcf64?s=96&d=mm&r=g","contentUrl":"https:\/\/secure.gravatar.com\/avatar\/d08aa2ce4c8dd416d4479aa8536fcf64?s=96&d=mm&r=g","caption":"moacir"},"url":"https:\/\/franciscanos.org.br\/noticias\/author\/moacir"}]}},"_links":{"self":[{"href":"https:\/\/franciscanos.org.br\/noticias\/wp-json\/wp\/v2\/posts\/235084"}],"collection":[{"href":"https:\/\/franciscanos.org.br\/noticias\/wp-json\/wp\/v2\/posts"}],"about":[{"href":"https:\/\/franciscanos.org.br\/noticias\/wp-json\/wp\/v2\/types\/post"}],"author":[{"embeddable":true,"href":"https:\/\/franciscanos.org.br\/noticias\/wp-json\/wp\/v2\/users\/3"}],"replies":[{"embeddable":true,"href":"https:\/\/franciscanos.org.br\/noticias\/wp-json\/wp\/v2\/comments?post=235084"}],"version-history":[{"count":2,"href":"https:\/\/franciscanos.org.br\/noticias\/wp-json\/wp\/v2\/posts\/235084\/revisions"}],"predecessor-version":[{"id":235087,"href":"https:\/\/franciscanos.org.br\/noticias\/wp-json\/wp\/v2\/posts\/235084\/revisions\/235087"}],"wp:featuredmedia":[{"embeddable":true,"href":"https:\/\/franciscanos.org.br\/noticias\/wp-json\/wp\/v2\/media\/235085"}],"wp:attachment":[{"href":"https:\/\/franciscanos.org.br\/noticias\/wp-json\/wp\/v2\/media?parent=235084"}],"wp:term":[{"taxonomy":"category","embeddable":true,"href":"https:\/\/franciscanos.org.br\/noticias\/wp-json\/wp\/v2\/categories?post=235084"},{"taxonomy":"post_tag","embeddable":true,"href":"https:\/\/franciscanos.org.br\/noticias\/wp-json\/wp\/v2\/tags?post=235084"}],"curies":[{"name":"wp","href":"https:\/\/api.w.org\/{rel}","templated":true}]}}