{"id":235076,"date":"2021-11-05T21:07:40","date_gmt":"2021-11-06T00:07:40","guid":{"rendered":"https:\/\/franciscanos.org.br\/noticias\/?p=235076"},"modified":"2021-11-05T22:41:08","modified_gmt":"2021-11-06T01:41:08","slug":"ano-jubilar-reflete-sobre-as-pastorais-movimentos-e-servicos-do-sagrado","status":"publish","type":"post","link":"https:\/\/franciscanos.org.br\/noticias\/ano-jubilar-reflete-sobre-as-pastorais-movimentos-e-servicos-do-sagrado.html","title":{"rendered":"Ano Jubilar reflete sobre as pastorais, movimentos e servi\u00e7os do \u2018Sagrado\u2019"},"content":{"rendered":"<p><img loading=\"lazy\" class=\"alignnone size-full wp-image-235077\" src=\"https:\/\/franciscanos.org.br\/noticias\/wp-content\/uploads\/2021\/11\/anojubilar_0511.jpg\" alt=\"\" width=\"1280\" height=\"720\" srcset=\"https:\/\/franciscanos.org.br\/noticias\/wp-content\/uploads\/2021\/11\/anojubilar_0511.jpg 1280w, https:\/\/franciscanos.org.br\/noticias\/wp-content\/uploads\/2021\/11\/anojubilar_0511-450x253.jpg 450w, https:\/\/franciscanos.org.br\/noticias\/wp-content\/uploads\/2021\/11\/anojubilar_0511-1024x576.jpg 1024w, https:\/\/franciscanos.org.br\/noticias\/wp-content\/uploads\/2021\/11\/anojubilar_0511-768x432.jpg 768w, https:\/\/franciscanos.org.br\/noticias\/wp-content\/uploads\/2021\/11\/anojubilar_0511-150x84.jpg 150w\" sizes=\"(max-width: 1280px) 100vw, 1280px\" \/><\/p>\n<p><strong>Petr\u00f3polis (RJ) \u2013<\/strong> \u201cRendamos gra\u00e7as a Deus que nos fez administradores de sua gra\u00e7a. Rendamos gra\u00e7as a Deus pela a\u00e7\u00e3o pastoral da Igreja do Sagrado Cora\u00e7\u00e3o de Jesus. Que possamos administrar a gra\u00e7a de Deus com criatividade e entrar sempre na l\u00f3gica do perd\u00e3o e da reconcilia\u00e7\u00e3o que nos \u00e9 ensinada pelo pr\u00f3prio Jesus Cristo\u201d. Foi com essa motiva\u00e7\u00e3o que o p\u00e1roco Frei Jorge Paulo Schiavini presidiu a Celebra\u00e7\u00e3o Eucar\u00edstica do Ano Jubilar nesta sexta-feira, 5 de novembro, \u00e0s 18 horas, na Par\u00f3quia do Sagrado Cora\u00e7\u00e3o de Jesus.<\/p>\n<p>Desde fevereiro, toda primeira sexta-feira do m\u00eas, data em que a Igreja faz mem\u00f3ria do Sagrado Cora\u00e7\u00e3o de Jesus, titular da Par\u00f3quia e do Convento de Petr\u00f3polis, os frades, paroquianos e lideran\u00e7as de movimentos e pastorais celebram os 125 anos da chegada dos primeiros frades franciscanos \u00e0 Cidade Imperial e dos 75 anos de cria\u00e7\u00e3o da Par\u00f3quia do Sagrado Cora\u00e7\u00e3o de Jesus.<\/p>\n<p>Nestas celebra\u00e7\u00f5es destaca-se sempre um tema ou personalidade importante que fez hist\u00f3ria e deixou seu legado de evangeliza\u00e7\u00e3o. A tem\u00e1tica escolhida para as reflex\u00f5es deste m\u00eas foi sobre as pastorais, movimentos e servi\u00e7os da Par\u00f3quia do Sagrado Cora\u00e7\u00e3o de Jesus.<\/p>\n<p>\u201cSob a inspira\u00e7\u00e3o do Esp\u00edrito Santo de Deus, ao longo dos anos foram formadas diversas pastorais com carismas pr\u00f3prios tais como as pastorais sociais. Estas pastorais contribuem para atualizar a a\u00e7\u00e3o de Jesus Cristo atrav\u00e9s de gestos concretos, o amor e a solidariedade entre os irm\u00e3os mais pobres. H\u00e1 tamb\u00e9m as pastorais ligadas \u00e0s celebra\u00e7\u00f5es e evangeliza\u00e7\u00e3o de realidades espec\u00edficas. Al\u00e9m dessas, h\u00e1 no Sagrado v\u00e1rios movimentos e servi\u00e7os que foram se estruturando ao longo do tempo\u201d, introduziu Maria Helena Pulcherio, coordenadora da Pastoral do Apostolado da Ora\u00e7\u00e3o, no coment\u00e1rio inicial.<\/p>\n<p><img loading=\"lazy\" class=\"alignnone size-full wp-image-235079\" src=\"https:\/\/franciscanos.org.br\/noticias\/wp-content\/uploads\/2021\/11\/anojubilar_0511_2.jpg\" alt=\"\" width=\"1280\" height=\"853\" srcset=\"https:\/\/franciscanos.org.br\/noticias\/wp-content\/uploads\/2021\/11\/anojubilar_0511_2.jpg 1280w, https:\/\/franciscanos.org.br\/noticias\/wp-content\/uploads\/2021\/11\/anojubilar_0511_2-450x300.jpg 450w, https:\/\/franciscanos.org.br\/noticias\/wp-content\/uploads\/2021\/11\/anojubilar_0511_2-1024x682.jpg 1024w, https:\/\/franciscanos.org.br\/noticias\/wp-content\/uploads\/2021\/11\/anojubilar_0511_2-768x512.jpg 768w, https:\/\/franciscanos.org.br\/noticias\/wp-content\/uploads\/2021\/11\/anojubilar_0511_2-150x100.jpg 150w\" sizes=\"(max-width: 1280px) 100vw, 1280px\" \/><\/p>\n<p>Ap\u00f3s a leitura do Evangelho, Frei Jorge iniciou sua homilia afirmando que a mensagem de Jesus no Evangelho de Lucas (16,1-8),\u00a0 \u00e9 o de fazer de todos os crist\u00e3os bons administradores de seus bens e dons. &#8220;Precisamos bem administrar os dons que temos e que pertencem a Deus e n\u00e3o esbanjar, mas, com criatividade fazer render a vida que Deus nos deu&#8221;, disse.<\/p>\n<p>Com essa reflex\u00e3o, o p\u00e1roco fez mem\u00f3ria da data da chegada dos frades menores, que se deu em 16 de janeiro de 1896, e da cria\u00e7\u00e3o da Par\u00f3quia do Sagrado, que ocorreu em 9 de fevereiro de 1946, e lembrou que durante todo este tempo, muitos foram os bons \u2018administradores\u2019.<\/p>\n<p>\u201cNo dia de hoje queremos trazer presente as Pastorais da Par\u00f3quia do Sagrado. Pastorais s\u00e3o a\u00e7\u00f5es da Igreja que continuam a a\u00e7\u00e3o do Bom Pastor\u201d, destacou. Na sequ\u00eancia citou um texto da Confer\u00eancia Nacional dos Bispos (CNBB), para explicar que a \u201ca\u00e7\u00e3o pastoral da Igreja no Brasil ou simplesmente pastoral \u00e9 a a\u00e7\u00e3o da Igreja Cat\u00f3lica no mundo ou o conjunto de atividades pelas quais a Igreja realiza a sua miss\u00e3o de continuar a a\u00e7\u00e3o de Jesus Cristo junto a diferentes grupos e realidades\u201d.<\/p>\n<p><strong>PASTORAIS SOCIAIS: ROSTO DO SAGRADO<\/strong><\/p>\n<p>Segundo Frei Jorge, no Sagrado a a\u00e7\u00e3o pastoral \u00e9 diversificada e foi sendo constru\u00edda ao longo de sua hist\u00f3ria. \u201cAs pastorais Sociais s\u00e3o, talvez, a face mais vis\u00edvel de quem frequenta e conhece o Sagrado: Pastoral da Caridade, Pastoral da Sa\u00fade, Pastoral do P\u00e3o de Santo Ant\u00f4nio, Pastoral da Crian\u00e7a e a Pastoral do Aconselhamento s\u00e3o pastorais ligadas a pessoas em vulnerabilidade social\u201d, explicou o religioso e lembrou que o Sagrado funciona como um porto seguro, onde muitas pessoas encontram apoio em situa\u00e7\u00f5es delicadas em n\u00edvel social, espiritual e psicol\u00f3gico. \u201cH\u00e1 ainda espa\u00e7o para crescimento dessas pastorais. Sempre \u00e9 importante a atualiza\u00e7\u00e3o, forma\u00e7\u00e3o e renova\u00e7\u00e3o dos agentes de pastorais. O Sagrado ainda pode crescer em projetos sociais espec\u00edficos para tantas pessoas em situa\u00e7\u00f5es de necessidade social\u201d, sinalizou.<\/p>\n<p><img loading=\"lazy\" class=\"alignnone size-full wp-image-235080\" src=\"https:\/\/franciscanos.org.br\/noticias\/wp-content\/uploads\/2021\/11\/anojubilar_0511_3.jpg\" alt=\"\" width=\"1280\" height=\"853\" srcset=\"https:\/\/franciscanos.org.br\/noticias\/wp-content\/uploads\/2021\/11\/anojubilar_0511_3.jpg 1280w, https:\/\/franciscanos.org.br\/noticias\/wp-content\/uploads\/2021\/11\/anojubilar_0511_3-450x300.jpg 450w, https:\/\/franciscanos.org.br\/noticias\/wp-content\/uploads\/2021\/11\/anojubilar_0511_3-1024x682.jpg 1024w, https:\/\/franciscanos.org.br\/noticias\/wp-content\/uploads\/2021\/11\/anojubilar_0511_3-768x512.jpg 768w, https:\/\/franciscanos.org.br\/noticias\/wp-content\/uploads\/2021\/11\/anojubilar_0511_3-150x100.jpg 150w\" sizes=\"(max-width: 1280px) 100vw, 1280px\" \/><\/p>\n<p>O p\u00e1roco que tamb\u00e9m acumula o servi\u00e7o de guardi\u00e3o da fraternidade franciscana, explicou que existem pastorais que est\u00e3o mais ligadas ao servi\u00e7o das celebra\u00e7\u00f5es e da evangeliza\u00e7\u00e3o, como a Pastoral Lit\u00fargica, da Catequese, Familiar, do Batismo, da Comunica\u00e7\u00e3o, de Frei Galv\u00e3o, do D\u00edzimo e tamb\u00e9m a pastoral do Grupo de Jovens.<\/p>\n<p>\u201cTamb\u00e9m ligada \u00e0 pastoral est\u00e1 o servi\u00e7o das encomenda\u00e7\u00f5es (ex\u00e9quias). Diariamente, os freis e alguns ministros leigos est\u00e3o a servi\u00e7o das fam\u00edlias que perderam seus entes queridos\u201d, lembrou e anunciou que pretende organizar melhor este trabalho, conhecido como a Pastoral da Esperan\u00e7a, podendo contar com a presen\u00e7a mais efetiva de outros ministros das v\u00e1rias par\u00f3quias locais. \u201cIsso, para um atendimento mais personalizado nessa hora t\u00e3o dif\u00edcil\u201d, frisou<\/p>\n<p>Frei Jorge destacou tamb\u00e9m a a\u00e7\u00e3o lit\u00fargica e celebrativa nos sacramentos, que diariamente s\u00e3o celebrados no Sagrado. Para ele, as celebra\u00e7\u00f5es dos sacramentos da Eucaristia e da Penit\u00eancia s\u00e3o uma das marcas e servi\u00e7os que s\u00e3o procurados por muitos. Citou tamb\u00e9m os trabalhos que s\u00e3o desenvolvidos pelos movimentos da Renova\u00e7\u00e3o Carism\u00e1tica Cat\u00f3lica, Apostolado da Ora\u00e7\u00e3o, Legi\u00e3o de Maria e Encontro de Casais com Cristo.<\/p>\n<p>\u201cPara completar, temos os servi\u00e7os que ao longo da hist\u00f3ria do Sagrado foram sendo realizados e que ainda hoje cumprem seu objetivo: Cursinho que deu certo, Amor Exigente, Grupo F\u00e9 e Luz e o atendimento volunt\u00e1rio de psic\u00f3logos\u201d, sublinhou.<\/p>\n<p>Encerrou sua reflex\u00e3o afirmando que as atividades pastorais do Sagrado contam com a a\u00e7\u00e3o de leigas e leigos engajados que n\u00e3o medem esfor\u00e7os para que o Evangelho de Jesus Cristo seja anunciado, conhecido, ensinado, atualizado e vivido pelo maior n\u00famero de pessoas poss\u00edvel. \u201cA todas as pessoas que se dedicam \u00e0s pastorais, movimentos e servi\u00e7os, uso das palavras do Ap\u00f3stolo Paulo que disse: \u2018Meus irm\u00e3os, de minha parte, estou convencido, a vosso respeito, que v\u00f3s tendes bastante bondade e ci\u00eancia, de tal maneira que podeis admoestar-vos uns aos outros\u2019(Rm 15,14-21). \u201cRendamos gra\u00e7as a Deus que nos fez administradores de sua gra\u00e7a. Rendamos gra\u00e7as a Deus pela a\u00e7\u00e3o pastoral da Igreja do Sagrado Cora\u00e7\u00e3o de Jesus. Que possamos administrar a gra\u00e7a de Deus com criatividade e entrar sempre na l\u00f3gica do perd\u00e3o e da reconcilia\u00e7\u00e3o que nos \u00e9 ensinada pelo pr\u00f3prio Jesus Cristo\u201d, concluiu!<\/p>\n<p><img loading=\"lazy\" class=\"alignnone size-full wp-image-235081\" src=\"https:\/\/franciscanos.org.br\/noticias\/wp-content\/uploads\/2021\/11\/anojubilar_0511_4.jpg\" alt=\"\" width=\"1280\" height=\"853\" srcset=\"https:\/\/franciscanos.org.br\/noticias\/wp-content\/uploads\/2021\/11\/anojubilar_0511_4.jpg 1280w, https:\/\/franciscanos.org.br\/noticias\/wp-content\/uploads\/2021\/11\/anojubilar_0511_4-450x300.jpg 450w, https:\/\/franciscanos.org.br\/noticias\/wp-content\/uploads\/2021\/11\/anojubilar_0511_4-1024x682.jpg 1024w, https:\/\/franciscanos.org.br\/noticias\/wp-content\/uploads\/2021\/11\/anojubilar_0511_4-768x512.jpg 768w, https:\/\/franciscanos.org.br\/noticias\/wp-content\/uploads\/2021\/11\/anojubilar_0511_4-150x100.jpg 150w\" sizes=\"(max-width: 1280px) 100vw, 1280px\" \/><\/p>\n<p>Nas preces, a coordenadora da Renova\u00e7\u00e3o Carism\u00e1tica Cat\u00f3lica, Concei\u00e7\u00e3o Carius, rezou pelos trabalhos desenvolvidos pelos frades franciscanos e pelas pastorais e movimentos da Par\u00f3quia, para que continuem a miss\u00e3o iniciada h\u00e1 125 anos pelos primeiros frades alem\u00e3es. A assembleia reunida respondeu: \u201cSenhor, Deus da justi\u00e7a, ajudai-nos!\u201d<\/p>\n<p>A Santa Missa que foi transmitida pelo Facebook e YouTube do Sagrado e pela R\u00e1dio Imperial, seguiu todas as normas sanit\u00e1rias, e contou com a presen\u00e7a das Irm\u00e3s Franciscanas de Nossa Senhora do Amparo, que al\u00e9m de entoarem os cantos da Missa, fazem parte da hist\u00f3ria dos frades menores no Sagrado. A Celebra\u00e7\u00e3o Eucar\u00edstica terminou com a solene b\u00ean\u00e7\u00e3o final. A pr\u00f3xima missa do Ano Jubilar ser\u00e1 no dia 3 de dezembro. As celebra\u00e7\u00f5es v\u00e3o at\u00e9 dia 9 de fevereiro de 2022.<\/p>\n<hr \/>\n<p><em>Frei Augusto Luiz Gabriel<\/em><\/p>\n","protected":false},"excerpt":{"rendered":"<p>Ano Jubilar da Par\u00f3quia do Sagrado Cora\u00e7\u00e3o de Jesus<\/p>\n","protected":false},"author":3,"featured_media":235078,"comment_status":"open","ping_status":"open","sticky":false,"template":"","format":"standard","meta":[],"categories":[1],"tags":[1859,1766,190],"acf":[],"yoast_head":"<!-- This site is optimized with the Yoast SEO plugin v19.2 - https:\/\/yoast.com\/wordpress\/plugins\/seo\/ -->\n<title>Ano Jubilar reflete sobre as pastorais, movimentos e servi\u00e7os do \u2018Sagrado\u2019 - Not\u00edcias - Franciscanos<\/title>\n<meta name=\"robots\" content=\"index, follow, max-snippet:-1, max-image-preview:large, max-video-preview:-1\" \/>\n<link rel=\"canonical\" href=\"https:\/\/franciscanos.org.br\/noticias\/ano-jubilar-reflete-sobre-as-pastorais-movimentos-e-servicos-do-sagrado.html\" \/>\n<meta property=\"og:locale\" content=\"pt_BR\" \/>\n<meta property=\"og:type\" content=\"article\" \/>\n<meta property=\"og:title\" content=\"Ano Jubilar reflete sobre as pastorais, movimentos e servi\u00e7os do \u2018Sagrado\u2019 - Not\u00edcias - Franciscanos\" \/>\n<meta property=\"og:description\" content=\"Ano Jubilar da Par\u00f3quia do Sagrado Cora\u00e7\u00e3o de Jesus\" \/>\n<meta property=\"og:url\" content=\"https:\/\/franciscanos.org.br\/noticias\/ano-jubilar-reflete-sobre-as-pastorais-movimentos-e-servicos-do-sagrado.html\" \/>\n<meta property=\"og:site_name\" content=\"Not\u00edcias - Franciscanos\" \/>\n<meta property=\"article:published_time\" content=\"2021-11-06T00:07:40+00:00\" \/>\n<meta property=\"article:modified_time\" content=\"2021-11-06T01:41:08+00:00\" \/>\n<meta property=\"og:image\" content=\"https:\/\/franciscanos.org.br\/noticias\/wp-content\/uploads\/2021\/11\/anojubilar_0511d.jpg\" \/>\n\t<meta property=\"og:image:width\" content=\"800\" \/>\n\t<meta property=\"og:image:height\" content=\"550\" \/>\n\t<meta property=\"og:image:type\" content=\"image\/jpeg\" \/>\n<meta name=\"author\" content=\"moacir\" \/>\n<meta name=\"twitter:card\" content=\"summary_large_image\" \/>\n<meta name=\"twitter:label1\" content=\"Escrito por\" \/>\n\t<meta name=\"twitter:data1\" content=\"moacir\" \/>\n\t<meta name=\"twitter:label2\" content=\"Est. tempo de leitura\" \/>\n\t<meta name=\"twitter:data2\" content=\"6 minutos\" \/>\n<script type=\"application\/ld+json\" class=\"yoast-schema-graph\">{\"@context\":\"https:\/\/schema.org\",\"@graph\":[{\"@type\":\"WebSite\",\"@id\":\"https:\/\/franciscanos.org.br\/noticias\/#website\",\"url\":\"https:\/\/franciscanos.org.br\/noticias\/\",\"name\":\"Not\u00edcias - Franciscanos\",\"description\":\"Prov\u00edncia Franciscana da Imaculada Concei\u00e7\u00e3o do Brasil - Ordem dos Frades Menores - OFM\",\"potentialAction\":[{\"@type\":\"SearchAction\",\"target\":{\"@type\":\"EntryPoint\",\"urlTemplate\":\"https:\/\/franciscanos.org.br\/noticias\/?s={search_term_string}\"},\"query-input\":\"required name=search_term_string\"}],\"inLanguage\":\"pt-BR\"},{\"@type\":\"ImageObject\",\"inLanguage\":\"pt-BR\",\"@id\":\"https:\/\/franciscanos.org.br\/noticias\/ano-jubilar-reflete-sobre-as-pastorais-movimentos-e-servicos-do-sagrado.html#primaryimage\",\"url\":\"https:\/\/franciscanos.org.br\/noticias\/wp-content\/uploads\/2021\/11\/anojubilar_0511d.jpg\",\"contentUrl\":\"https:\/\/franciscanos.org.br\/noticias\/wp-content\/uploads\/2021\/11\/anojubilar_0511d.jpg\",\"width\":800,\"height\":550},{\"@type\":\"WebPage\",\"@id\":\"https:\/\/franciscanos.org.br\/noticias\/ano-jubilar-reflete-sobre-as-pastorais-movimentos-e-servicos-do-sagrado.html#webpage\",\"url\":\"https:\/\/franciscanos.org.br\/noticias\/ano-jubilar-reflete-sobre-as-pastorais-movimentos-e-servicos-do-sagrado.html\",\"name\":\"Ano Jubilar reflete sobre as pastorais, movimentos e servi\u00e7os do \u2018Sagrado\u2019 - Not\u00edcias - Franciscanos\",\"isPartOf\":{\"@id\":\"https:\/\/franciscanos.org.br\/noticias\/#website\"},\"primaryImageOfPage\":{\"@id\":\"https:\/\/franciscanos.org.br\/noticias\/ano-jubilar-reflete-sobre-as-pastorais-movimentos-e-servicos-do-sagrado.html#primaryimage\"},\"datePublished\":\"2021-11-06T00:07:40+00:00\",\"dateModified\":\"2021-11-06T01:41:08+00:00\",\"author\":{\"@id\":\"https:\/\/franciscanos.org.br\/noticias\/#\/schema\/person\/b5c8cba458c330ccff548b056e95a5d4\"},\"breadcrumb\":{\"@id\":\"https:\/\/franciscanos.org.br\/noticias\/ano-jubilar-reflete-sobre-as-pastorais-movimentos-e-servicos-do-sagrado.html#breadcrumb\"},\"inLanguage\":\"pt-BR\",\"potentialAction\":[{\"@type\":\"ReadAction\",\"target\":[\"https:\/\/franciscanos.org.br\/noticias\/ano-jubilar-reflete-sobre-as-pastorais-movimentos-e-servicos-do-sagrado.html\"]}]},{\"@type\":\"BreadcrumbList\",\"@id\":\"https:\/\/franciscanos.org.br\/noticias\/ano-jubilar-reflete-sobre-as-pastorais-movimentos-e-servicos-do-sagrado.html#breadcrumb\",\"itemListElement\":[{\"@type\":\"ListItem\",\"position\":1,\"name\":\"Home\",\"item\":\"https:\/\/franciscanos.org.br\/noticias\"},{\"@type\":\"ListItem\",\"position\":2,\"name\":\"Ano Jubilar reflete sobre as pastorais, movimentos e servi\u00e7os do \u2018Sagrado\u2019\"}]},{\"@type\":\"Person\",\"@id\":\"https:\/\/franciscanos.org.br\/noticias\/#\/schema\/person\/b5c8cba458c330ccff548b056e95a5d4\",\"name\":\"moacir\",\"image\":{\"@type\":\"ImageObject\",\"inLanguage\":\"pt-BR\",\"@id\":\"https:\/\/franciscanos.org.br\/noticias\/#\/schema\/person\/image\/\",\"url\":\"https:\/\/secure.gravatar.com\/avatar\/d08aa2ce4c8dd416d4479aa8536fcf64?s=96&d=mm&r=g\",\"contentUrl\":\"https:\/\/secure.gravatar.com\/avatar\/d08aa2ce4c8dd416d4479aa8536fcf64?s=96&d=mm&r=g\",\"caption\":\"moacir\"},\"url\":\"https:\/\/franciscanos.org.br\/noticias\/author\/moacir\"}]}<\/script>\n<!-- \/ Yoast SEO plugin. -->","yoast_head_json":{"title":"Ano Jubilar reflete sobre as pastorais, movimentos e servi\u00e7os do \u2018Sagrado\u2019 - Not\u00edcias - Franciscanos","robots":{"index":"index","follow":"follow","max-snippet":"max-snippet:-1","max-image-preview":"max-image-preview:large","max-video-preview":"max-video-preview:-1"},"canonical":"https:\/\/franciscanos.org.br\/noticias\/ano-jubilar-reflete-sobre-as-pastorais-movimentos-e-servicos-do-sagrado.html","og_locale":"pt_BR","og_type":"article","og_title":"Ano Jubilar reflete sobre as pastorais, movimentos e servi\u00e7os do \u2018Sagrado\u2019 - Not\u00edcias - Franciscanos","og_description":"Ano Jubilar da Par\u00f3quia do Sagrado Cora\u00e7\u00e3o de Jesus","og_url":"https:\/\/franciscanos.org.br\/noticias\/ano-jubilar-reflete-sobre-as-pastorais-movimentos-e-servicos-do-sagrado.html","og_site_name":"Not\u00edcias - Franciscanos","article_published_time":"2021-11-06T00:07:40+00:00","article_modified_time":"2021-11-06T01:41:08+00:00","og_image":[{"width":800,"height":550,"url":"https:\/\/franciscanos.org.br\/noticias\/wp-content\/uploads\/2021\/11\/anojubilar_0511d.jpg","type":"image\/jpeg"}],"author":"moacir","twitter_card":"summary_large_image","twitter_misc":{"Escrito por":"moacir","Est. tempo de leitura":"6 minutos"},"schema":{"@context":"https:\/\/schema.org","@graph":[{"@type":"WebSite","@id":"https:\/\/franciscanos.org.br\/noticias\/#website","url":"https:\/\/franciscanos.org.br\/noticias\/","name":"Not\u00edcias - Franciscanos","description":"Prov\u00edncia Franciscana da Imaculada Concei\u00e7\u00e3o do Brasil - Ordem dos Frades Menores - OFM","potentialAction":[{"@type":"SearchAction","target":{"@type":"EntryPoint","urlTemplate":"https:\/\/franciscanos.org.br\/noticias\/?s={search_term_string}"},"query-input":"required name=search_term_string"}],"inLanguage":"pt-BR"},{"@type":"ImageObject","inLanguage":"pt-BR","@id":"https:\/\/franciscanos.org.br\/noticias\/ano-jubilar-reflete-sobre-as-pastorais-movimentos-e-servicos-do-sagrado.html#primaryimage","url":"https:\/\/franciscanos.org.br\/noticias\/wp-content\/uploads\/2021\/11\/anojubilar_0511d.jpg","contentUrl":"https:\/\/franciscanos.org.br\/noticias\/wp-content\/uploads\/2021\/11\/anojubilar_0511d.jpg","width":800,"height":550},{"@type":"WebPage","@id":"https:\/\/franciscanos.org.br\/noticias\/ano-jubilar-reflete-sobre-as-pastorais-movimentos-e-servicos-do-sagrado.html#webpage","url":"https:\/\/franciscanos.org.br\/noticias\/ano-jubilar-reflete-sobre-as-pastorais-movimentos-e-servicos-do-sagrado.html","name":"Ano Jubilar reflete sobre as pastorais, movimentos e servi\u00e7os do \u2018Sagrado\u2019 - Not\u00edcias - Franciscanos","isPartOf":{"@id":"https:\/\/franciscanos.org.br\/noticias\/#website"},"primaryImageOfPage":{"@id":"https:\/\/franciscanos.org.br\/noticias\/ano-jubilar-reflete-sobre-as-pastorais-movimentos-e-servicos-do-sagrado.html#primaryimage"},"datePublished":"2021-11-06T00:07:40+00:00","dateModified":"2021-11-06T01:41:08+00:00","author":{"@id":"https:\/\/franciscanos.org.br\/noticias\/#\/schema\/person\/b5c8cba458c330ccff548b056e95a5d4"},"breadcrumb":{"@id":"https:\/\/franciscanos.org.br\/noticias\/ano-jubilar-reflete-sobre-as-pastorais-movimentos-e-servicos-do-sagrado.html#breadcrumb"},"inLanguage":"pt-BR","potentialAction":[{"@type":"ReadAction","target":["https:\/\/franciscanos.org.br\/noticias\/ano-jubilar-reflete-sobre-as-pastorais-movimentos-e-servicos-do-sagrado.html"]}]},{"@type":"BreadcrumbList","@id":"https:\/\/franciscanos.org.br\/noticias\/ano-jubilar-reflete-sobre-as-pastorais-movimentos-e-servicos-do-sagrado.html#breadcrumb","itemListElement":[{"@type":"ListItem","position":1,"name":"Home","item":"https:\/\/franciscanos.org.br\/noticias"},{"@type":"ListItem","position":2,"name":"Ano Jubilar reflete sobre as pastorais, movimentos e servi\u00e7os do \u2018Sagrado\u2019"}]},{"@type":"Person","@id":"https:\/\/franciscanos.org.br\/noticias\/#\/schema\/person\/b5c8cba458c330ccff548b056e95a5d4","name":"moacir","image":{"@type":"ImageObject","inLanguage":"pt-BR","@id":"https:\/\/franciscanos.org.br\/noticias\/#\/schema\/person\/image\/","url":"https:\/\/secure.gravatar.com\/avatar\/d08aa2ce4c8dd416d4479aa8536fcf64?s=96&d=mm&r=g","contentUrl":"https:\/\/secure.gravatar.com\/avatar\/d08aa2ce4c8dd416d4479aa8536fcf64?s=96&d=mm&r=g","caption":"moacir"},"url":"https:\/\/franciscanos.org.br\/noticias\/author\/moacir"}]}},"_links":{"self":[{"href":"https:\/\/franciscanos.org.br\/noticias\/wp-json\/wp\/v2\/posts\/235076"}],"collection":[{"href":"https:\/\/franciscanos.org.br\/noticias\/wp-json\/wp\/v2\/posts"}],"about":[{"href":"https:\/\/franciscanos.org.br\/noticias\/wp-json\/wp\/v2\/types\/post"}],"author":[{"embeddable":true,"href":"https:\/\/franciscanos.org.br\/noticias\/wp-json\/wp\/v2\/users\/3"}],"replies":[{"embeddable":true,"href":"https:\/\/franciscanos.org.br\/noticias\/wp-json\/wp\/v2\/comments?post=235076"}],"version-history":[{"count":2,"href":"https:\/\/franciscanos.org.br\/noticias\/wp-json\/wp\/v2\/posts\/235076\/revisions"}],"predecessor-version":[{"id":235083,"href":"https:\/\/franciscanos.org.br\/noticias\/wp-json\/wp\/v2\/posts\/235076\/revisions\/235083"}],"wp:featuredmedia":[{"embeddable":true,"href":"https:\/\/franciscanos.org.br\/noticias\/wp-json\/wp\/v2\/media\/235078"}],"wp:attachment":[{"href":"https:\/\/franciscanos.org.br\/noticias\/wp-json\/wp\/v2\/media?parent=235076"}],"wp:term":[{"taxonomy":"category","embeddable":true,"href":"https:\/\/franciscanos.org.br\/noticias\/wp-json\/wp\/v2\/categories?post=235076"},{"taxonomy":"post_tag","embeddable":true,"href":"https:\/\/franciscanos.org.br\/noticias\/wp-json\/wp\/v2\/tags?post=235076"}],"curies":[{"name":"wp","href":"https:\/\/api.w.org\/{rel}","templated":true}]}}