{"id":235059,"date":"2021-11-04T09:01:22","date_gmt":"2021-11-04T12:01:22","guid":{"rendered":"https:\/\/franciscanos.org.br\/noticias\/?p=235059"},"modified":"2021-11-04T09:01:22","modified_gmt":"2021-11-04T12:01:22","slug":"papa-na-dor-encontramos-a-esperanca","status":"publish","type":"post","link":"https:\/\/franciscanos.org.br\/noticias\/papa-na-dor-encontramos-a-esperanca.html","title":{"rendered":"Papa: \u201cNa dor encontramos a esperan\u00e7a&#8221;"},"content":{"rendered":"<div id=\"attachment_235060\" style=\"width: 1290px\" class=\"wp-caption alignnone\"><img aria-describedby=\"caption-attachment-235060\" loading=\"lazy\" class=\"wp-image-235060 size-full\" src=\"https:\/\/franciscanos.org.br\/noticias\/wp-content\/uploads\/2021\/11\/missa_0411.jpg\" alt=\"\" width=\"1280\" height=\"720\" srcset=\"https:\/\/franciscanos.org.br\/noticias\/wp-content\/uploads\/2021\/11\/missa_0411.jpg 1280w, https:\/\/franciscanos.org.br\/noticias\/wp-content\/uploads\/2021\/11\/missa_0411-450x253.jpg 450w, https:\/\/franciscanos.org.br\/noticias\/wp-content\/uploads\/2021\/11\/missa_0411-1024x576.jpg 1024w, https:\/\/franciscanos.org.br\/noticias\/wp-content\/uploads\/2021\/11\/missa_0411-768x432.jpg 768w, https:\/\/franciscanos.org.br\/noticias\/wp-content\/uploads\/2021\/11\/missa_0411-150x84.jpg 150w\" sizes=\"(max-width: 1280px) 100vw, 1280px\" \/><p id=\"caption-attachment-235060\" class=\"wp-caption-text\">\u00a0 \u00a0 \u00a0 \u00a0 \u00a0 \u00a0 \u00a0 \u00a0 \u00a0 \u00a0 \u00a0 \u00a0 \u00a0 \u00a0 \u00a0 \u00a0 \u00a0 \u00a0 \u00a0 \u00a0 \u00a0 \u00a0 \u00a0 \u00a0 \u00a0 \u00a0 \u00a0 \u00a0 \u00a0 \u00a0 \u00a0 \u00a0 \u00a0 \u00a0 \u00a0 \u00a0 \u00a0 \u00a0 \u00a0 \u00a0 \u00a0 \u00a0 \u00a0 \u00a0 \u00a0 \u00a0 \u00a0 \u00a0 \u00a0 \u00a0 \u00a0 \u00a0 \u00a0 \u00a0 \u00a0 \u00a0 \u00a0 \u00a0 \u00a0 \u00a0 \u00a0 \u00a0 \u00a0 <em>\u00a0 \u00a0 Imagem: Vatican Media<\/em><\/p><\/div>\n<p>O Papa Francisco celebrou a missa de sufr\u00e1gio, nesta quinta-feira (04\/11), na Bas\u00edlica de S\u00e3o Pedro, pelos cardeais e bispos falecidos nos \u00faltimos doze meses. A homilia foi centrada neste convite: &#8220;\u00c9 bom esperar em sil\u00eancio a salva\u00e7\u00e3o do Senhor&#8221; (Lam 3,26)\u201d. Esclarecendo que \u201cesta atitude n\u00e3o \u00e9 um ponto de partida, mas um ponto de chegada. De fato, o autor chega a este ponto no final de um percurso, um percurso acidentado, que o fez amadurecer\u201d. Francisco disse que para que isso aconte\u00e7a, \u00e9 necess\u00e1ria uma longa transforma\u00e7\u00e3o interior marcada pelo sofrimento. \u201cEsta paci\u00eancia n\u00e3o \u00e9 resigna\u00e7\u00e3o, pois \u00e9 alimentada pela expectativa do Senhor, cuja vinda \u00e9 certa e n\u00e3o desilude\u201d.<\/p>\n<p><strong>A arte de esperar o Senhor<\/strong><\/p>\n<p>\u201cQueridos irm\u00e3os e irm\u00e3s, como \u00e9 importante aprender a arte de esperar o Senhor! Esperando-o mansamente, com confian\u00e7a, banindo fantasmas, fanatismos e clamores; preservando, especialmente em tempos de prova\u00e7\u00f5es, um sil\u00eancio cheio de esperan\u00e7a. \u00c9 assim que nos preparamos para a \u00faltima e maior prova da vida, a morte\u201d<\/p>\n<p>&#8220;Mas primeiro &#8211; advertiu o Papa &#8211; h\u00e1 as provas do momento, h\u00e1 a cruz que temos agora, e para a qual pedimos ao Senhor a gra\u00e7a de saber esperar ali, bem ali, por sua salva\u00e7\u00e3o vindoura\u201d.<\/p>\n<p>Francisco explicou que precisamos amadurecer neste aspecto pois \u201cdiante das dificuldades e problemas da vida, \u00e9 dif\u00edcil ser paciente e permanecer serenos\u201d. Muitas vezes somos tomados pela irrita\u00e7\u00e3o e desconforto, e levados ao pessimismo e resigna\u00e7\u00e3o. Acrescentando que \u201cna prova\u00e7\u00e3o, nem mesmo boas lembran\u00e7as do passado podem consolar, porque a afli\u00e7\u00e3o leva a mente a se deter em momentos dif\u00edceis\u201d.<\/p>\n<p><strong>Mudan\u00e7a de rota<\/strong><\/p>\n<p>\u201cNeste ponto\u201d, continua o Santo Padre, \u201co Senhor nos apresenta uma mudan\u00e7a de rota, no exato momento em que, ainda continuamos a dialogar com Ele, e parece que estamos no fundo do po\u00e7o. No abismo, na ang\u00fastia da nossa desorienta\u00e7\u00e3o, Deus se aproxima para salvar. E quando a amargura atinge seu auge, a esperan\u00e7a volta a florescer de repente\u201d.<\/p>\n<p><strong>A chegada da esperan\u00e7a<\/strong><\/p>\n<p>\u201cNo auge da dor, os que est\u00e3o unidos ao Senhor veem que Ele derruba o sofrimento, transforma-o em uma porta atrav\u00e9s da qual entra a esperan\u00e7a. \u00c9 uma experi\u00eancia pascal, uma dolorosa passagem que se abre \u00e0 vida, uma esp\u00e9cie de trabalho espiritual que na escurid\u00e3o nos faz vir novamente \u00e0 luz\u201d<\/p>\n<p>Aqui Francisco ponderou: \u201cEsta reviravolta n\u00e3o \u00e9 porque os problemas desapareceram, mas porque a crise se tornou uma misteriosa oportunidade de purifica\u00e7\u00e3o interior. A prosperidade, de fato, muitas vezes nos torna cegos, superficiais e orgulhosos. Por outro lado, a passagem pela prova\u00e7\u00e3o, se ela for vivida no calor da f\u00e9, apesar de sua dureza e l\u00e1grimas, faz com que renas\u00e7amos e nos encontremos diferentes do passado.<\/p>\n<p><strong>Na dor encontramos a esperan\u00e7a<\/strong><\/p>\n<p>Um Padre da Igreja escreveu que &#8220;nada mais do que sofrimento leva \u00e0 descoberta de coisas novas&#8221; (S\u00e3o Greg\u00f3rio de Nazianzo, Ep. 34). O Papa confirmou essas palavras:\u00a0\u201cSim, porque Deus nos acompanha sobretudo em nossas dores, como um pai que ajuda seu filho a crescer bem estando ao seu lado nas dificuldades sem tomar o seu lugar. E, antes de chorarmos, a emo\u00e7\u00e3o j\u00e1 tomou conta dos olhos de Deus Pai. A dor permanece um mist\u00e9rio, mas neste mist\u00e9rio podemos descobrir de uma nova maneira a paternidade de Deus que nos visita nas prova\u00e7\u00f5es, e vem dizer, com o autor das Lamenta\u00e7\u00f5es: &#8216;O Senhor \u00e9 bom para aqueles que esperam n\u2019Ele, para aqueles que O buscam&#8217; (v. 5).<\/p>\n<p><strong>Saber esperar em sil\u00eancio pela salva\u00e7\u00e3o do Senhor \u00e9 uma arte<\/strong><\/p>\n<p>Por fim o Papa Francisco disse: \u201cHoje, diante do mist\u00e9rio da morte remida, pedimos a gra\u00e7a de olhar a adversidade com olhos diferentes. Pedimos a for\u00e7a para saber viver no sil\u00eancio manso e confiante que espera a salva\u00e7\u00e3o do Senhor, sem lamenta\u00e7\u00f5es e descontentamentos. O que parece ser um castigo se revelar\u00e1 uma gra\u00e7a, uma nova demonstra\u00e7\u00e3o do amor de Deus por n\u00f3s. Saber esperar em sil\u00eancio pela salva\u00e7\u00e3o do Senhor \u00e9 uma arte. Cultivemo-lo.\u201d<\/p>\n<p>Continuando a falar sobre a riqueza do sil\u00eancio afirmou: &#8220;\u00c9 precioso no tempo em que vivemos: agora mais do que nunca n\u00e3o h\u00e1 necessidade de gritar e fazer alarde, mas cada um de n\u00f3s deve testemunhar com a vida a f\u00e9, que \u00e9 uma espera d\u00f3cil e esperan\u00e7osa. O crist\u00e3o n\u00e3o diminui a seriedade do sofrimento, mas levanta seus olhos para o Senhor e sob os golpes da prova\u00e7\u00e3o confia n\u2019Ele e reza pelos que sofrem. Mant\u00e9m seus olhos no c\u00e9u, mas suas m\u00e3os est\u00e3o sempre na terra, para servir concretamente ao seu pr\u00f3ximo\u201d.<\/p>\n<p>Concluindo Francisco disse ainda: \u201cNeste esp\u00edrito, rezamos pelos Cardeais e Bispos que nos deixaram no ano passado. Alguns deles morreram por causa da Covid-19, em situa\u00e7\u00f5es dif\u00edceis que agravaram o sofrimento. Desejamos a estes nossos irm\u00e3os a alegria do convite evang\u00e9lico que o Senhor dirige a seus servos fi\u00e9is: &#8220;Vinde, benditos de meu Pai, recebei por heran\u00e7a o reino preparado para v\u00f3s desde a funda\u00e7\u00e3o do mundo&#8221; (Mt 25,34).<\/p>\n<hr \/>\n<p><em>Fonte: Vatican News (texto de Jane Nogara)<\/em><\/p>\n","protected":false},"excerpt":{"rendered":"<p>Santa Missa na Bas\u00edlica S\u00e3o Pedro<\/p>\n","protected":false},"author":3,"featured_media":235061,"comment_status":"open","ping_status":"open","sticky":false,"template":"","format":"standard","meta":[],"categories":[1428],"tags":[55,1935],"acf":[],"yoast_head":"<!-- This site is optimized with the Yoast SEO plugin v19.2 - https:\/\/yoast.com\/wordpress\/plugins\/seo\/ -->\n<title>Papa: \u201cNa dor encontramos a esperan\u00e7a&quot; - Not\u00edcias - Franciscanos<\/title>\n<meta name=\"robots\" content=\"index, follow, max-snippet:-1, max-image-preview:large, max-video-preview:-1\" \/>\n<link rel=\"canonical\" href=\"https:\/\/franciscanos.org.br\/noticias\/papa-na-dor-encontramos-a-esperanca.html\" \/>\n<meta property=\"og:locale\" content=\"pt_BR\" \/>\n<meta property=\"og:type\" content=\"article\" \/>\n<meta property=\"og:title\" content=\"Papa: \u201cNa dor encontramos a esperan\u00e7a&quot; - Not\u00edcias - Franciscanos\" \/>\n<meta property=\"og:description\" content=\"Santa Missa na Bas\u00edlica S\u00e3o Pedro\" \/>\n<meta property=\"og:url\" content=\"https:\/\/franciscanos.org.br\/noticias\/papa-na-dor-encontramos-a-esperanca.html\" \/>\n<meta property=\"og:site_name\" content=\"Not\u00edcias - Franciscanos\" \/>\n<meta property=\"article:published_time\" content=\"2021-11-04T12:01:22+00:00\" \/>\n<meta property=\"og:image\" content=\"https:\/\/franciscanos.org.br\/noticias\/wp-content\/uploads\/2021\/11\/missa_0411d.jpg\" \/>\n\t<meta property=\"og:image:width\" content=\"800\" \/>\n\t<meta property=\"og:image:height\" content=\"550\" \/>\n\t<meta property=\"og:image:type\" content=\"image\/jpeg\" \/>\n<meta name=\"author\" content=\"moacir\" \/>\n<meta name=\"twitter:card\" content=\"summary_large_image\" \/>\n<meta name=\"twitter:label1\" content=\"Escrito por\" \/>\n\t<meta name=\"twitter:data1\" content=\"moacir\" \/>\n\t<meta name=\"twitter:label2\" content=\"Est. tempo de leitura\" \/>\n\t<meta name=\"twitter:data2\" content=\"5 minutos\" \/>\n<script type=\"application\/ld+json\" class=\"yoast-schema-graph\">{\"@context\":\"https:\/\/schema.org\",\"@graph\":[{\"@type\":\"WebSite\",\"@id\":\"https:\/\/franciscanos.org.br\/noticias\/#website\",\"url\":\"https:\/\/franciscanos.org.br\/noticias\/\",\"name\":\"Not\u00edcias - Franciscanos\",\"description\":\"Prov\u00edncia Franciscana da Imaculada Concei\u00e7\u00e3o do Brasil - Ordem dos Frades Menores - OFM\",\"potentialAction\":[{\"@type\":\"SearchAction\",\"target\":{\"@type\":\"EntryPoint\",\"urlTemplate\":\"https:\/\/franciscanos.org.br\/noticias\/?s={search_term_string}\"},\"query-input\":\"required name=search_term_string\"}],\"inLanguage\":\"pt-BR\"},{\"@type\":\"ImageObject\",\"inLanguage\":\"pt-BR\",\"@id\":\"https:\/\/franciscanos.org.br\/noticias\/papa-na-dor-encontramos-a-esperanca.html#primaryimage\",\"url\":\"https:\/\/franciscanos.org.br\/noticias\/wp-content\/uploads\/2021\/11\/missa_0411d.jpg\",\"contentUrl\":\"https:\/\/franciscanos.org.br\/noticias\/wp-content\/uploads\/2021\/11\/missa_0411d.jpg\",\"width\":800,\"height\":550},{\"@type\":\"WebPage\",\"@id\":\"https:\/\/franciscanos.org.br\/noticias\/papa-na-dor-encontramos-a-esperanca.html#webpage\",\"url\":\"https:\/\/franciscanos.org.br\/noticias\/papa-na-dor-encontramos-a-esperanca.html\",\"name\":\"Papa: \u201cNa dor encontramos a esperan\u00e7a\\\" - Not\u00edcias - Franciscanos\",\"isPartOf\":{\"@id\":\"https:\/\/franciscanos.org.br\/noticias\/#website\"},\"primaryImageOfPage\":{\"@id\":\"https:\/\/franciscanos.org.br\/noticias\/papa-na-dor-encontramos-a-esperanca.html#primaryimage\"},\"datePublished\":\"2021-11-04T12:01:22+00:00\",\"dateModified\":\"2021-11-04T12:01:22+00:00\",\"author\":{\"@id\":\"https:\/\/franciscanos.org.br\/noticias\/#\/schema\/person\/b5c8cba458c330ccff548b056e95a5d4\"},\"breadcrumb\":{\"@id\":\"https:\/\/franciscanos.org.br\/noticias\/papa-na-dor-encontramos-a-esperanca.html#breadcrumb\"},\"inLanguage\":\"pt-BR\",\"potentialAction\":[{\"@type\":\"ReadAction\",\"target\":[\"https:\/\/franciscanos.org.br\/noticias\/papa-na-dor-encontramos-a-esperanca.html\"]}]},{\"@type\":\"BreadcrumbList\",\"@id\":\"https:\/\/franciscanos.org.br\/noticias\/papa-na-dor-encontramos-a-esperanca.html#breadcrumb\",\"itemListElement\":[{\"@type\":\"ListItem\",\"position\":1,\"name\":\"Home\",\"item\":\"https:\/\/franciscanos.org.br\/noticias\"},{\"@type\":\"ListItem\",\"position\":2,\"name\":\"Papa: \u201cNa dor encontramos a esperan\u00e7a&#8221;\"}]},{\"@type\":\"Person\",\"@id\":\"https:\/\/franciscanos.org.br\/noticias\/#\/schema\/person\/b5c8cba458c330ccff548b056e95a5d4\",\"name\":\"moacir\",\"image\":{\"@type\":\"ImageObject\",\"inLanguage\":\"pt-BR\",\"@id\":\"https:\/\/franciscanos.org.br\/noticias\/#\/schema\/person\/image\/\",\"url\":\"https:\/\/secure.gravatar.com\/avatar\/d08aa2ce4c8dd416d4479aa8536fcf64?s=96&d=mm&r=g\",\"contentUrl\":\"https:\/\/secure.gravatar.com\/avatar\/d08aa2ce4c8dd416d4479aa8536fcf64?s=96&d=mm&r=g\",\"caption\":\"moacir\"},\"url\":\"https:\/\/franciscanos.org.br\/noticias\/author\/moacir\"}]}<\/script>\n<!-- \/ Yoast SEO plugin. -->","yoast_head_json":{"title":"Papa: \u201cNa dor encontramos a esperan\u00e7a\" - Not\u00edcias - Franciscanos","robots":{"index":"index","follow":"follow","max-snippet":"max-snippet:-1","max-image-preview":"max-image-preview:large","max-video-preview":"max-video-preview:-1"},"canonical":"https:\/\/franciscanos.org.br\/noticias\/papa-na-dor-encontramos-a-esperanca.html","og_locale":"pt_BR","og_type":"article","og_title":"Papa: \u201cNa dor encontramos a esperan\u00e7a\" - Not\u00edcias - Franciscanos","og_description":"Santa Missa na Bas\u00edlica S\u00e3o Pedro","og_url":"https:\/\/franciscanos.org.br\/noticias\/papa-na-dor-encontramos-a-esperanca.html","og_site_name":"Not\u00edcias - Franciscanos","article_published_time":"2021-11-04T12:01:22+00:00","og_image":[{"width":800,"height":550,"url":"https:\/\/franciscanos.org.br\/noticias\/wp-content\/uploads\/2021\/11\/missa_0411d.jpg","type":"image\/jpeg"}],"author":"moacir","twitter_card":"summary_large_image","twitter_misc":{"Escrito por":"moacir","Est. tempo de leitura":"5 minutos"},"schema":{"@context":"https:\/\/schema.org","@graph":[{"@type":"WebSite","@id":"https:\/\/franciscanos.org.br\/noticias\/#website","url":"https:\/\/franciscanos.org.br\/noticias\/","name":"Not\u00edcias - Franciscanos","description":"Prov\u00edncia Franciscana da Imaculada Concei\u00e7\u00e3o do Brasil - Ordem dos Frades Menores - OFM","potentialAction":[{"@type":"SearchAction","target":{"@type":"EntryPoint","urlTemplate":"https:\/\/franciscanos.org.br\/noticias\/?s={search_term_string}"},"query-input":"required name=search_term_string"}],"inLanguage":"pt-BR"},{"@type":"ImageObject","inLanguage":"pt-BR","@id":"https:\/\/franciscanos.org.br\/noticias\/papa-na-dor-encontramos-a-esperanca.html#primaryimage","url":"https:\/\/franciscanos.org.br\/noticias\/wp-content\/uploads\/2021\/11\/missa_0411d.jpg","contentUrl":"https:\/\/franciscanos.org.br\/noticias\/wp-content\/uploads\/2021\/11\/missa_0411d.jpg","width":800,"height":550},{"@type":"WebPage","@id":"https:\/\/franciscanos.org.br\/noticias\/papa-na-dor-encontramos-a-esperanca.html#webpage","url":"https:\/\/franciscanos.org.br\/noticias\/papa-na-dor-encontramos-a-esperanca.html","name":"Papa: \u201cNa dor encontramos a esperan\u00e7a\" - Not\u00edcias - Franciscanos","isPartOf":{"@id":"https:\/\/franciscanos.org.br\/noticias\/#website"},"primaryImageOfPage":{"@id":"https:\/\/franciscanos.org.br\/noticias\/papa-na-dor-encontramos-a-esperanca.html#primaryimage"},"datePublished":"2021-11-04T12:01:22+00:00","dateModified":"2021-11-04T12:01:22+00:00","author":{"@id":"https:\/\/franciscanos.org.br\/noticias\/#\/schema\/person\/b5c8cba458c330ccff548b056e95a5d4"},"breadcrumb":{"@id":"https:\/\/franciscanos.org.br\/noticias\/papa-na-dor-encontramos-a-esperanca.html#breadcrumb"},"inLanguage":"pt-BR","potentialAction":[{"@type":"ReadAction","target":["https:\/\/franciscanos.org.br\/noticias\/papa-na-dor-encontramos-a-esperanca.html"]}]},{"@type":"BreadcrumbList","@id":"https:\/\/franciscanos.org.br\/noticias\/papa-na-dor-encontramos-a-esperanca.html#breadcrumb","itemListElement":[{"@type":"ListItem","position":1,"name":"Home","item":"https:\/\/franciscanos.org.br\/noticias"},{"@type":"ListItem","position":2,"name":"Papa: \u201cNa dor encontramos a esperan\u00e7a&#8221;"}]},{"@type":"Person","@id":"https:\/\/franciscanos.org.br\/noticias\/#\/schema\/person\/b5c8cba458c330ccff548b056e95a5d4","name":"moacir","image":{"@type":"ImageObject","inLanguage":"pt-BR","@id":"https:\/\/franciscanos.org.br\/noticias\/#\/schema\/person\/image\/","url":"https:\/\/secure.gravatar.com\/avatar\/d08aa2ce4c8dd416d4479aa8536fcf64?s=96&d=mm&r=g","contentUrl":"https:\/\/secure.gravatar.com\/avatar\/d08aa2ce4c8dd416d4479aa8536fcf64?s=96&d=mm&r=g","caption":"moacir"},"url":"https:\/\/franciscanos.org.br\/noticias\/author\/moacir"}]}},"_links":{"self":[{"href":"https:\/\/franciscanos.org.br\/noticias\/wp-json\/wp\/v2\/posts\/235059"}],"collection":[{"href":"https:\/\/franciscanos.org.br\/noticias\/wp-json\/wp\/v2\/posts"}],"about":[{"href":"https:\/\/franciscanos.org.br\/noticias\/wp-json\/wp\/v2\/types\/post"}],"author":[{"embeddable":true,"href":"https:\/\/franciscanos.org.br\/noticias\/wp-json\/wp\/v2\/users\/3"}],"replies":[{"embeddable":true,"href":"https:\/\/franciscanos.org.br\/noticias\/wp-json\/wp\/v2\/comments?post=235059"}],"version-history":[{"count":1,"href":"https:\/\/franciscanos.org.br\/noticias\/wp-json\/wp\/v2\/posts\/235059\/revisions"}],"predecessor-version":[{"id":235062,"href":"https:\/\/franciscanos.org.br\/noticias\/wp-json\/wp\/v2\/posts\/235059\/revisions\/235062"}],"wp:featuredmedia":[{"embeddable":true,"href":"https:\/\/franciscanos.org.br\/noticias\/wp-json\/wp\/v2\/media\/235061"}],"wp:attachment":[{"href":"https:\/\/franciscanos.org.br\/noticias\/wp-json\/wp\/v2\/media?parent=235059"}],"wp:term":[{"taxonomy":"category","embeddable":true,"href":"https:\/\/franciscanos.org.br\/noticias\/wp-json\/wp\/v2\/categories?post=235059"},{"taxonomy":"post_tag","embeddable":true,"href":"https:\/\/franciscanos.org.br\/noticias\/wp-json\/wp\/v2\/tags?post=235059"}],"curies":[{"name":"wp","href":"https:\/\/api.w.org\/{rel}","templated":true}]}}