{"id":235056,"date":"2021-11-04T05:33:41","date_gmt":"2021-11-04T08:33:41","guid":{"rendered":"https:\/\/franciscanos.org.br\/noticias\/?p=235056"},"modified":"2021-11-04T05:33:41","modified_gmt":"2021-11-04T08:33:41","slug":"a-oracao-do-papa-e-de-todos-os-fieis-por-quem-sofre-de-depressao","status":"publish","type":"post","link":"https:\/\/franciscanos.org.br\/noticias\/a-oracao-do-papa-e-de-todos-os-fieis-por-quem-sofre-de-depressao.html","title":{"rendered":"A ora\u00e7\u00e3o do Papa e de todos os fi\u00e9is por quem sofre de depress\u00e3o"},"content":{"rendered":"<div id=\"attachment_235057\" style=\"width: 1290px\" class=\"wp-caption alignnone\"><img aria-describedby=\"caption-attachment-235057\" loading=\"lazy\" class=\"wp-image-235057 size-full\" src=\"https:\/\/franciscanos.org.br\/noticias\/wp-content\/uploads\/2021\/11\/video_papa_0411.jpg\" alt=\"\" width=\"1280\" height=\"720\" srcset=\"https:\/\/franciscanos.org.br\/noticias\/wp-content\/uploads\/2021\/11\/video_papa_0411.jpg 1280w, https:\/\/franciscanos.org.br\/noticias\/wp-content\/uploads\/2021\/11\/video_papa_0411-450x253.jpg 450w, https:\/\/franciscanos.org.br\/noticias\/wp-content\/uploads\/2021\/11\/video_papa_0411-1024x576.jpg 1024w, https:\/\/franciscanos.org.br\/noticias\/wp-content\/uploads\/2021\/11\/video_papa_0411-768x432.jpg 768w, https:\/\/franciscanos.org.br\/noticias\/wp-content\/uploads\/2021\/11\/video_papa_0411-150x84.jpg 150w\" sizes=\"(max-width: 1280px) 100vw, 1280px\" \/><p id=\"caption-attachment-235057\" class=\"wp-caption-text\">\u00a0 \u00a0 \u00a0 \u00a0 \u00a0 \u00a0 \u00a0 \u00a0 \u00a0 \u00a0 \u00a0 \u00a0 \u00a0 \u00a0 \u00a0 \u00a0 \u00a0 \u00a0 \u00a0 \u00a0 \u00a0 \u00a0 \u00a0 \u00a0 \u00a0 \u00a0 \u00a0 \u00a0 \u00a0 \u00a0 \u00a0 \u00a0 \u00a0 \u00a0 \u00a0 \u00a0 \u00a0 \u00a0 \u00a0 \u00a0 \u00a0 \u00a0 \u00a0 \u00a0 \u00a0 \u00a0 \u00a0 \u00a0 \u00a0 \u00a0 \u00a0 \u00a0 \u00a0 \u00a0 \u00a0 <em>\u00a0 \u00a0 \u00a0 \u00a0Imagem: Reprodu\u00e7\u00e3o do v\u00eddeo<\/em><\/p><\/div>\n<p>Pelas pessoas que sofrem de depress\u00e3o: por esta inten\u00e7\u00e3o, o Papa Francisco pede as ora\u00e7\u00f5es dos fi\u00e9is neste m\u00eas de novembro.<br \/>\nEm \u201cO V\u00eddeo do Papa, o Pont\u00edfice demonstra sua preocupa\u00e7\u00e3o com o estresse e a depress\u00e3o que acometem a muitos, resultado de uma sobrecarga de trabalho.<\/p>\n<p><iframe loading=\"lazy\" title=\"NOVEMBRO: PESSOAS QUE SOFREM DE DEPRESS\u00c3O\" width=\"500\" height=\"281\" src=\"https:\/\/www.youtube.com\/embed\/O_LdsN5_KzY?feature=oembed\" frameborder=\"0\" allow=\"accelerometer; autoplay; clipboard-write; encrypted-media; gyroscope; picture-in-picture\" allowfullscreen><\/iframe><\/p>\n<p>\u201cA tristeza, a apatia, o cansa\u00e7o espiritual acabam dominando a vida das pessoas que est\u00e3o sobrecarregadas com o ritmo de vida atual\u201d, afirma o Papa. Nesta situa\u00e7\u00e3o, uma ajuda pode ser a escuta silenciosa e a ora\u00e7\u00e3o, aliada a um \u201cimprescind\u00edvel acompanhamento psicol\u00f3gico\u201d.<\/p>\n<p>Esta edi\u00e7\u00e3o de \u201cO V\u00eddeo do Papa\u201d foi feita com o apoio da Associa\u00e7\u00e3o de Ministros Cat\u00f3licos de Sa\u00fade Mental (Association Of Catholic Mental Health Ministers), que oferece apoio espiritual a pessoas com doen\u00e7as mentais e incentiva a\u00e7\u00f5es de preven\u00e7\u00e3o de qualquer tipo de discrimina\u00e7\u00e3o que as impe\u00e7am de participar plenamente na vida da Igreja.<\/p>\n<p><strong>Depress\u00e3o e ansiedade, os transtornos mais comuns<\/strong><br \/>\nUm estudo publicado este ano estima que uma em cada dez pessoas no mundo convive com algum tipo de transtorno de sa\u00fade mental, ou seja, cerca de 792 milh\u00f5es de pessoas, que representam 11% da popula\u00e7\u00e3o. Dos diferentes transtornos existentes, o estudo destaca a depress\u00e3o (264 milh\u00f5es, 3%) e a ansiedade (284 milh\u00f5es, 4%) como os transtornos mais comuns na vida das pessoas.<\/p>\n<p>A ONU, por sua vez, alerta que a depress\u00e3o, quando recorrente e de intensidade moderada ou grave, pode se tornar um grave problema de sa\u00fade. Na pior das hip\u00f3teses, pode levar ao suic\u00eddio, que atualmente tira a vida de mais de 700.000 pessoas por ano e ocupa o quarto lugar em causas de morte entre jovens de 15 a 29 anos.<br \/>\nA pandemia de COVID-19 tamb\u00e9m testou a resili\u00eancia mental e emocional de in\u00fameras pessoas, afetando seu equil\u00edbrio psicol\u00f3gico.<\/p>\n<p>\u201cRezemos para que as pessoas que sofrem de depress\u00e3o ou de esgotamento extremo recebam o apoio de todos e recebam uma luz que as abram \u00e0 vida\u201d, convida Francisco, citando as palavras de Jesus: \u201cVinde a mim, todos v\u00f3s que estais cansados e oprimidos, e eu vos darei descanso.\u201d<\/p>\n<hr \/>\n<p><em>Fonte: Vatican News<\/em><\/p>\n","protected":false},"excerpt":{"rendered":"<p>Rede Mundial de Ora\u00e7\u00e3o do Papa<\/p>\n","protected":false},"author":3,"featured_media":235057,"comment_status":"open","ping_status":"open","sticky":false,"template":"","format":"standard","meta":[],"categories":[1428],"tags":[542],"acf":[],"yoast_head":"<!-- This site is optimized with the Yoast SEO plugin v19.2 - https:\/\/yoast.com\/wordpress\/plugins\/seo\/ -->\n<title>A ora\u00e7\u00e3o do Papa e de todos os fi\u00e9is por quem sofre de depress\u00e3o - Not\u00edcias - Franciscanos<\/title>\n<meta name=\"robots\" content=\"index, follow, max-snippet:-1, max-image-preview:large, max-video-preview:-1\" \/>\n<link rel=\"canonical\" href=\"https:\/\/franciscanos.org.br\/noticias\/a-oracao-do-papa-e-de-todos-os-fieis-por-quem-sofre-de-depressao.html\" \/>\n<meta property=\"og:locale\" content=\"pt_BR\" \/>\n<meta property=\"og:type\" content=\"article\" \/>\n<meta property=\"og:title\" content=\"A ora\u00e7\u00e3o do Papa e de todos os fi\u00e9is por quem sofre de depress\u00e3o - Not\u00edcias - Franciscanos\" \/>\n<meta property=\"og:description\" content=\"Rede Mundial de Ora\u00e7\u00e3o do Papa\" \/>\n<meta property=\"og:url\" content=\"https:\/\/franciscanos.org.br\/noticias\/a-oracao-do-papa-e-de-todos-os-fieis-por-quem-sofre-de-depressao.html\" \/>\n<meta property=\"og:site_name\" content=\"Not\u00edcias - Franciscanos\" \/>\n<meta property=\"article:published_time\" content=\"2021-11-04T08:33:41+00:00\" \/>\n<meta property=\"og:image\" content=\"https:\/\/franciscanos.org.br\/noticias\/wp-content\/uploads\/2021\/11\/video_papa_0411.jpg\" \/>\n\t<meta property=\"og:image:width\" content=\"1280\" \/>\n\t<meta property=\"og:image:height\" content=\"720\" \/>\n\t<meta property=\"og:image:type\" content=\"image\/jpeg\" \/>\n<meta name=\"author\" content=\"moacir\" \/>\n<meta name=\"twitter:card\" content=\"summary_large_image\" \/>\n<meta name=\"twitter:label1\" content=\"Escrito por\" \/>\n\t<meta name=\"twitter:data1\" content=\"moacir\" \/>\n\t<meta name=\"twitter:label2\" content=\"Est. tempo de leitura\" \/>\n\t<meta name=\"twitter:data2\" content=\"2 minutos\" \/>\n<script type=\"application\/ld+json\" class=\"yoast-schema-graph\">{\"@context\":\"https:\/\/schema.org\",\"@graph\":[{\"@type\":\"WebSite\",\"@id\":\"https:\/\/franciscanos.org.br\/noticias\/#website\",\"url\":\"https:\/\/franciscanos.org.br\/noticias\/\",\"name\":\"Not\u00edcias - Franciscanos\",\"description\":\"Prov\u00edncia Franciscana da Imaculada Concei\u00e7\u00e3o do Brasil - Ordem dos Frades Menores - OFM\",\"potentialAction\":[{\"@type\":\"SearchAction\",\"target\":{\"@type\":\"EntryPoint\",\"urlTemplate\":\"https:\/\/franciscanos.org.br\/noticias\/?s={search_term_string}\"},\"query-input\":\"required name=search_term_string\"}],\"inLanguage\":\"pt-BR\"},{\"@type\":\"ImageObject\",\"inLanguage\":\"pt-BR\",\"@id\":\"https:\/\/franciscanos.org.br\/noticias\/a-oracao-do-papa-e-de-todos-os-fieis-por-quem-sofre-de-depressao.html#primaryimage\",\"url\":\"https:\/\/franciscanos.org.br\/noticias\/wp-content\/uploads\/2021\/11\/video_papa_0411.jpg\",\"contentUrl\":\"https:\/\/franciscanos.org.br\/noticias\/wp-content\/uploads\/2021\/11\/video_papa_0411.jpg\",\"width\":1280,\"height\":720},{\"@type\":\"WebPage\",\"@id\":\"https:\/\/franciscanos.org.br\/noticias\/a-oracao-do-papa-e-de-todos-os-fieis-por-quem-sofre-de-depressao.html#webpage\",\"url\":\"https:\/\/franciscanos.org.br\/noticias\/a-oracao-do-papa-e-de-todos-os-fieis-por-quem-sofre-de-depressao.html\",\"name\":\"A ora\u00e7\u00e3o do Papa e de todos os fi\u00e9is por quem sofre de depress\u00e3o - Not\u00edcias - Franciscanos\",\"isPartOf\":{\"@id\":\"https:\/\/franciscanos.org.br\/noticias\/#website\"},\"primaryImageOfPage\":{\"@id\":\"https:\/\/franciscanos.org.br\/noticias\/a-oracao-do-papa-e-de-todos-os-fieis-por-quem-sofre-de-depressao.html#primaryimage\"},\"datePublished\":\"2021-11-04T08:33:41+00:00\",\"dateModified\":\"2021-11-04T08:33:41+00:00\",\"author\":{\"@id\":\"https:\/\/franciscanos.org.br\/noticias\/#\/schema\/person\/b5c8cba458c330ccff548b056e95a5d4\"},\"breadcrumb\":{\"@id\":\"https:\/\/franciscanos.org.br\/noticias\/a-oracao-do-papa-e-de-todos-os-fieis-por-quem-sofre-de-depressao.html#breadcrumb\"},\"inLanguage\":\"pt-BR\",\"potentialAction\":[{\"@type\":\"ReadAction\",\"target\":[\"https:\/\/franciscanos.org.br\/noticias\/a-oracao-do-papa-e-de-todos-os-fieis-por-quem-sofre-de-depressao.html\"]}]},{\"@type\":\"BreadcrumbList\",\"@id\":\"https:\/\/franciscanos.org.br\/noticias\/a-oracao-do-papa-e-de-todos-os-fieis-por-quem-sofre-de-depressao.html#breadcrumb\",\"itemListElement\":[{\"@type\":\"ListItem\",\"position\":1,\"name\":\"Home\",\"item\":\"https:\/\/franciscanos.org.br\/noticias\"},{\"@type\":\"ListItem\",\"position\":2,\"name\":\"A ora\u00e7\u00e3o do Papa e de todos os fi\u00e9is por quem sofre de depress\u00e3o\"}]},{\"@type\":\"Person\",\"@id\":\"https:\/\/franciscanos.org.br\/noticias\/#\/schema\/person\/b5c8cba458c330ccff548b056e95a5d4\",\"name\":\"moacir\",\"image\":{\"@type\":\"ImageObject\",\"inLanguage\":\"pt-BR\",\"@id\":\"https:\/\/franciscanos.org.br\/noticias\/#\/schema\/person\/image\/\",\"url\":\"https:\/\/secure.gravatar.com\/avatar\/d08aa2ce4c8dd416d4479aa8536fcf64?s=96&d=mm&r=g\",\"contentUrl\":\"https:\/\/secure.gravatar.com\/avatar\/d08aa2ce4c8dd416d4479aa8536fcf64?s=96&d=mm&r=g\",\"caption\":\"moacir\"},\"url\":\"https:\/\/franciscanos.org.br\/noticias\/author\/moacir\"}]}<\/script>\n<!-- \/ Yoast SEO plugin. -->","yoast_head_json":{"title":"A ora\u00e7\u00e3o do Papa e de todos os fi\u00e9is por quem sofre de depress\u00e3o - Not\u00edcias - Franciscanos","robots":{"index":"index","follow":"follow","max-snippet":"max-snippet:-1","max-image-preview":"max-image-preview:large","max-video-preview":"max-video-preview:-1"},"canonical":"https:\/\/franciscanos.org.br\/noticias\/a-oracao-do-papa-e-de-todos-os-fieis-por-quem-sofre-de-depressao.html","og_locale":"pt_BR","og_type":"article","og_title":"A ora\u00e7\u00e3o do Papa e de todos os fi\u00e9is por quem sofre de depress\u00e3o - Not\u00edcias - Franciscanos","og_description":"Rede Mundial de Ora\u00e7\u00e3o do Papa","og_url":"https:\/\/franciscanos.org.br\/noticias\/a-oracao-do-papa-e-de-todos-os-fieis-por-quem-sofre-de-depressao.html","og_site_name":"Not\u00edcias - Franciscanos","article_published_time":"2021-11-04T08:33:41+00:00","og_image":[{"width":1280,"height":720,"url":"https:\/\/franciscanos.org.br\/noticias\/wp-content\/uploads\/2021\/11\/video_papa_0411.jpg","type":"image\/jpeg"}],"author":"moacir","twitter_card":"summary_large_image","twitter_misc":{"Escrito por":"moacir","Est. tempo de leitura":"2 minutos"},"schema":{"@context":"https:\/\/schema.org","@graph":[{"@type":"WebSite","@id":"https:\/\/franciscanos.org.br\/noticias\/#website","url":"https:\/\/franciscanos.org.br\/noticias\/","name":"Not\u00edcias - Franciscanos","description":"Prov\u00edncia Franciscana da Imaculada Concei\u00e7\u00e3o do Brasil - Ordem dos Frades Menores - OFM","potentialAction":[{"@type":"SearchAction","target":{"@type":"EntryPoint","urlTemplate":"https:\/\/franciscanos.org.br\/noticias\/?s={search_term_string}"},"query-input":"required name=search_term_string"}],"inLanguage":"pt-BR"},{"@type":"ImageObject","inLanguage":"pt-BR","@id":"https:\/\/franciscanos.org.br\/noticias\/a-oracao-do-papa-e-de-todos-os-fieis-por-quem-sofre-de-depressao.html#primaryimage","url":"https:\/\/franciscanos.org.br\/noticias\/wp-content\/uploads\/2021\/11\/video_papa_0411.jpg","contentUrl":"https:\/\/franciscanos.org.br\/noticias\/wp-content\/uploads\/2021\/11\/video_papa_0411.jpg","width":1280,"height":720},{"@type":"WebPage","@id":"https:\/\/franciscanos.org.br\/noticias\/a-oracao-do-papa-e-de-todos-os-fieis-por-quem-sofre-de-depressao.html#webpage","url":"https:\/\/franciscanos.org.br\/noticias\/a-oracao-do-papa-e-de-todos-os-fieis-por-quem-sofre-de-depressao.html","name":"A ora\u00e7\u00e3o do Papa e de todos os fi\u00e9is por quem sofre de depress\u00e3o - Not\u00edcias - Franciscanos","isPartOf":{"@id":"https:\/\/franciscanos.org.br\/noticias\/#website"},"primaryImageOfPage":{"@id":"https:\/\/franciscanos.org.br\/noticias\/a-oracao-do-papa-e-de-todos-os-fieis-por-quem-sofre-de-depressao.html#primaryimage"},"datePublished":"2021-11-04T08:33:41+00:00","dateModified":"2021-11-04T08:33:41+00:00","author":{"@id":"https:\/\/franciscanos.org.br\/noticias\/#\/schema\/person\/b5c8cba458c330ccff548b056e95a5d4"},"breadcrumb":{"@id":"https:\/\/franciscanos.org.br\/noticias\/a-oracao-do-papa-e-de-todos-os-fieis-por-quem-sofre-de-depressao.html#breadcrumb"},"inLanguage":"pt-BR","potentialAction":[{"@type":"ReadAction","target":["https:\/\/franciscanos.org.br\/noticias\/a-oracao-do-papa-e-de-todos-os-fieis-por-quem-sofre-de-depressao.html"]}]},{"@type":"BreadcrumbList","@id":"https:\/\/franciscanos.org.br\/noticias\/a-oracao-do-papa-e-de-todos-os-fieis-por-quem-sofre-de-depressao.html#breadcrumb","itemListElement":[{"@type":"ListItem","position":1,"name":"Home","item":"https:\/\/franciscanos.org.br\/noticias"},{"@type":"ListItem","position":2,"name":"A ora\u00e7\u00e3o do Papa e de todos os fi\u00e9is por quem sofre de depress\u00e3o"}]},{"@type":"Person","@id":"https:\/\/franciscanos.org.br\/noticias\/#\/schema\/person\/b5c8cba458c330ccff548b056e95a5d4","name":"moacir","image":{"@type":"ImageObject","inLanguage":"pt-BR","@id":"https:\/\/franciscanos.org.br\/noticias\/#\/schema\/person\/image\/","url":"https:\/\/secure.gravatar.com\/avatar\/d08aa2ce4c8dd416d4479aa8536fcf64?s=96&d=mm&r=g","contentUrl":"https:\/\/secure.gravatar.com\/avatar\/d08aa2ce4c8dd416d4479aa8536fcf64?s=96&d=mm&r=g","caption":"moacir"},"url":"https:\/\/franciscanos.org.br\/noticias\/author\/moacir"}]}},"_links":{"self":[{"href":"https:\/\/franciscanos.org.br\/noticias\/wp-json\/wp\/v2\/posts\/235056"}],"collection":[{"href":"https:\/\/franciscanos.org.br\/noticias\/wp-json\/wp\/v2\/posts"}],"about":[{"href":"https:\/\/franciscanos.org.br\/noticias\/wp-json\/wp\/v2\/types\/post"}],"author":[{"embeddable":true,"href":"https:\/\/franciscanos.org.br\/noticias\/wp-json\/wp\/v2\/users\/3"}],"replies":[{"embeddable":true,"href":"https:\/\/franciscanos.org.br\/noticias\/wp-json\/wp\/v2\/comments?post=235056"}],"version-history":[{"count":1,"href":"https:\/\/franciscanos.org.br\/noticias\/wp-json\/wp\/v2\/posts\/235056\/revisions"}],"predecessor-version":[{"id":235058,"href":"https:\/\/franciscanos.org.br\/noticias\/wp-json\/wp\/v2\/posts\/235056\/revisions\/235058"}],"wp:featuredmedia":[{"embeddable":true,"href":"https:\/\/franciscanos.org.br\/noticias\/wp-json\/wp\/v2\/media\/235057"}],"wp:attachment":[{"href":"https:\/\/franciscanos.org.br\/noticias\/wp-json\/wp\/v2\/media?parent=235056"}],"wp:term":[{"taxonomy":"category","embeddable":true,"href":"https:\/\/franciscanos.org.br\/noticias\/wp-json\/wp\/v2\/categories?post=235056"},{"taxonomy":"post_tag","embeddable":true,"href":"https:\/\/franciscanos.org.br\/noticias\/wp-json\/wp\/v2\/tags?post=235056"}],"curies":[{"name":"wp","href":"https:\/\/api.w.org\/{rel}","templated":true}]}}