{"id":235040,"date":"2021-11-03T06:04:00","date_gmt":"2021-11-03T09:04:00","guid":{"rendered":"https:\/\/franciscanos.org.br\/noticias\/?p=235040"},"modified":"2021-11-03T20:05:07","modified_gmt":"2021-11-03T23:05:07","slug":"missa-de-finados-nos-nascemos-para-morrer-diz-frei-almir","status":"publish","type":"post","link":"https:\/\/franciscanos.org.br\/noticias\/missa-de-finados-nos-nascemos-para-morrer-diz-frei-almir.html","title":{"rendered":"Missa de Finados: \u201cA Irm\u00e3 Morte nos conduz \u00e0 terra dos vivos\u201d, diz Frei Almir"},"content":{"rendered":"<p><img loading=\"lazy\" class=\"alignnone wp-image-235041 size-full\" src=\"https:\/\/franciscanos.org.br\/noticias\/wp-content\/uploads\/2021\/11\/finados_0311.jpg\" alt=\"\" width=\"1280\" height=\"720\" srcset=\"https:\/\/franciscanos.org.br\/noticias\/wp-content\/uploads\/2021\/11\/finados_0311.jpg 1280w, https:\/\/franciscanos.org.br\/noticias\/wp-content\/uploads\/2021\/11\/finados_0311-450x253.jpg 450w, https:\/\/franciscanos.org.br\/noticias\/wp-content\/uploads\/2021\/11\/finados_0311-1024x576.jpg 1024w, https:\/\/franciscanos.org.br\/noticias\/wp-content\/uploads\/2021\/11\/finados_0311-768x432.jpg 768w, https:\/\/franciscanos.org.br\/noticias\/wp-content\/uploads\/2021\/11\/finados_0311-150x84.jpg 150w\" sizes=\"(max-width: 1280px) 100vw, 1280px\" \/><\/p>\n<p><strong>Petr\u00f3polis (RJ) \u2013 <\/strong>\u201cA ora\u00e7\u00e3o pelos mortos nos ensina que os la\u00e7os de amor subsistem ap\u00f3s a morte. A ora\u00e7\u00e3o incita nosso cora\u00e7\u00e3o a continuar a amar para al\u00e9m do vis\u00edvel e do imediato\u201d. Foi com essa motiva\u00e7\u00e3o que o vig\u00e1rio paroquial, Frei Almir Ribeiro Guimar\u00e3es, presidiu a solene Celebra\u00e7\u00e3o de Finados nesta ter\u00e7a-feira, 2 de novembro, \u00e0s 18 horas, na Par\u00f3quia do Sagrado Cora\u00e7\u00e3o de Jesus. A Santa Missa que foi transmitida pelo Facebook e YouTube do Sagrado, contou com uma igreja lotada, dentro nas normas sanit\u00e1rias, e com a presen\u00e7a do Coral dos Frades do Tempo da Teologia, sob a reg\u00eancia do mestre, Frei Marcos Ant\u00f4nio de Andrade, que entoaram os cantos da Missa de Finados da saudosa Ir. M\u00edria T. Kolling.<\/p>\n<p>No Convento e Par\u00f3quia do Sagrado, a presen\u00e7a di\u00e1ria dos frades na Pastoral da Esperan\u00e7a \u00e9 uma realidade que nem mesmo o tempo pand\u00eamico impediu que acontecesse. De segunda a segunda, os religiosos franciscanos rezam pelos falecidos e conduzem as celebra\u00e7\u00f5es das ex\u00e9quias junto aos familiares, parentes e amigos. Os petropolitanos acorrem ao Sagrado para buscar conforto e coragem.<\/p>\n<p>Frei Almir come\u00e7ou sua homilia dizendo que novembro \u00e9 o m\u00eas em que se comemora os falecidos, \u201caqueles que nos precederam na aventura de viver e na constru\u00e7\u00e3o de nosso semblante interior\u201d. \u201cMas tamb\u00e9m \u00e9 o m\u00eas da saudade e da esperan\u00e7a\u201d.<\/p>\n<p><img loading=\"lazy\" class=\"alignnone wp-image-235042 size-full\" src=\"https:\/\/franciscanos.org.br\/noticias\/wp-content\/uploads\/2021\/11\/finados_0311_2.jpg\" alt=\"\" width=\"1280\" height=\"720\" srcset=\"https:\/\/franciscanos.org.br\/noticias\/wp-content\/uploads\/2021\/11\/finados_0311_2.jpg 1280w, https:\/\/franciscanos.org.br\/noticias\/wp-content\/uploads\/2021\/11\/finados_0311_2-450x253.jpg 450w, https:\/\/franciscanos.org.br\/noticias\/wp-content\/uploads\/2021\/11\/finados_0311_2-1024x576.jpg 1024w, https:\/\/franciscanos.org.br\/noticias\/wp-content\/uploads\/2021\/11\/finados_0311_2-768x432.jpg 768w, https:\/\/franciscanos.org.br\/noticias\/wp-content\/uploads\/2021\/11\/finados_0311_2-150x84.jpg 150w\" sizes=\"(max-width: 1280px) 100vw, 1280px\" \/><\/p>\n<p>Para o religioso, celebrar a morte dos entes queridos recorda o destino de cada um. \u201cA ora\u00e7\u00e3o pelos que partiram n\u00e3o nos poupa de viver e pensar em nossa finitude e em nossa pr\u00f3pria morte. Pensamos nela com serenidade. Esperamos atravess\u00e1-la em companhia daqueles que nos precederam. Ser\u00e1 preciso olhar a morte face a face. Sem pavor. Somos fr\u00e1geis e vulner\u00e1veis. Ser\u00e1 preciso preparar-se da melhor forma para o desfecho, para o grande final\u201d, destacou.<\/p>\n<p>Segundo ele, a ora\u00e7\u00e3o pelos mortos ensina que os la\u00e7os de amor subsistem ap\u00f3s a morte. \u201cA ora\u00e7\u00e3o incita nosso cora\u00e7\u00e3o a continuar a amar para al\u00e9m do vis\u00edvel e do imediato\u201d, disse, e lembrou que a realidade da morte em circunst\u00e2ncias dram\u00e1ticas \u00e9 dura de se aceitar. \u201cSe rezamos ao Senhor pelos mortos \u00e9 porque temos a certeza de que Deus pode ainda fazer alguma coisa\u201d, completou.<\/p>\n<p>\u201cA ressurrei\u00e7\u00e3o de Cristo dilatou os limites de nossos horizontes para que n\u00e3o f\u00f4ssemos mais distanciados uns dos outros. Esta imensa corrente de amor, de ora\u00e7\u00e3o, de dom que atravessa os povos e o tempo mistura todos numa \u00fanica fam\u00edlia e os torna solid\u00e1rios para sempre\u201d, ressaltou e acrescentou: \u201cJunto ao t\u00famulo dos entes queridos, na liturgia solene, no sil\u00eancio do quarto, pedimos que nossos entes queridos estejam na gl\u00f3ria e sejam nossos intercessores\u201d.<\/p>\n<p>O celebrante lembrou que em tempos da pandemia a morte tem sido uma realidade quotidiana. \u201cNunca, como nesses dois anos a realidade da morte esteve t\u00e3o palp\u00e1vel diante de nossos olhos e em nosso esp\u00edrito: guerra das vacinas, milhares de mortos, sepultamentos quase sem ningu\u00e9m, vel\u00f3rios suprimidos ou reduzidos, pessoas morrendo entubadas, sozinhas, sem consci\u00eancia, cemit\u00e9rios cobertos de flores, sem vagas, covas improvisadas, milhares e milhares de mortos. A morte veio ceifando vidas, sonhos e esperan\u00e7as\u201d, frisou.<\/p>\n<p>\u201cQuando levamos o corpo de algu\u00e9m ao p\u00f3 da terra de onde todos viemos, enterramos junto um peda\u00e7o de n\u00f3s com ele. Em esp\u00edrito de perto ou de longe, acompanhamos essa \u00faltima viagem. Quem sabe, ao sair do cemit\u00e9rio ou no isolamento do distanciamento, o Senhor tenha soprado um pouco de sua vida para que permanecesse em nosso cora\u00e7\u00e3o e orvalhasse os jardins da saudade\u201d sublinhou.<\/p>\n<p><img loading=\"lazy\" class=\"alignnone wp-image-235043 size-full\" src=\"https:\/\/franciscanos.org.br\/noticias\/wp-content\/uploads\/2021\/11\/finados_0311_1.jpg\" alt=\"\" width=\"1280\" height=\"720\" srcset=\"https:\/\/franciscanos.org.br\/noticias\/wp-content\/uploads\/2021\/11\/finados_0311_1.jpg 1280w, https:\/\/franciscanos.org.br\/noticias\/wp-content\/uploads\/2021\/11\/finados_0311_1-450x253.jpg 450w, https:\/\/franciscanos.org.br\/noticias\/wp-content\/uploads\/2021\/11\/finados_0311_1-1024x576.jpg 1024w, https:\/\/franciscanos.org.br\/noticias\/wp-content\/uploads\/2021\/11\/finados_0311_1-768x432.jpg 768w, https:\/\/franciscanos.org.br\/noticias\/wp-content\/uploads\/2021\/11\/finados_0311_1-150x84.jpg 150w\" sizes=\"(max-width: 1280px) 100vw, 1280px\" \/><\/p>\n<p>\u201cFrancisco de Assis no momento de morrer, nu sobre a terra nua, chamava a morte de Irm\u00e3 que iria leva-lo \u00e0 terra dos vivos.\u201d, concluiu.<\/p>\n<p>A Celebra\u00e7\u00e3o Eucar\u00edstica teve continuidade com as preces pr\u00f3prias para o dia, seguidamente da liturgia eucar\u00edstica. Ap\u00f3s o rito de comunh\u00e3o, o coral entoou o canto \u201cJesu Salvator\u201d, do compositor Bortolomeo Cordans. Na sequ\u00eancia, Frei Almir agradeceu a presen\u00e7a de todos, rezou pelas fam\u00edlias enlutadas e encerrou a Santa Missa com a solene b\u00ean\u00e7\u00e3o.<\/p>\n<hr \/>\n<p><em>Frei Augusto Luiz Gabriel<\/em><\/p>\n","protected":false},"excerpt":{"rendered":"<p>Par\u00f3quia do Sagrado Cora\u00e7\u00e3o de Jesus de Petr\u00f3polis<\/p>\n","protected":false},"author":3,"featured_media":235041,"comment_status":"open","ping_status":"open","sticky":false,"template":"","format":"standard","meta":[],"categories":[1],"tags":[489,1766,190],"acf":[],"yoast_head":"<!-- This site is optimized with the Yoast SEO plugin v19.2 - https:\/\/yoast.com\/wordpress\/plugins\/seo\/ -->\n<title>Missa de Finados: \u201cA Irm\u00e3 Morte nos conduz \u00e0 terra dos vivos\u201d, diz Frei Almir - Not\u00edcias - Franciscanos<\/title>\n<meta name=\"robots\" content=\"index, follow, max-snippet:-1, max-image-preview:large, max-video-preview:-1\" \/>\n<link rel=\"canonical\" href=\"https:\/\/franciscanos.org.br\/noticias\/missa-de-finados-nos-nascemos-para-morrer-diz-frei-almir.html\" \/>\n<meta property=\"og:locale\" content=\"pt_BR\" \/>\n<meta property=\"og:type\" content=\"article\" \/>\n<meta property=\"og:title\" content=\"Missa de Finados: \u201cA Irm\u00e3 Morte nos conduz \u00e0 terra dos vivos\u201d, diz Frei Almir - Not\u00edcias - Franciscanos\" \/>\n<meta property=\"og:description\" content=\"Par\u00f3quia do Sagrado Cora\u00e7\u00e3o de Jesus de Petr\u00f3polis\" \/>\n<meta property=\"og:url\" content=\"https:\/\/franciscanos.org.br\/noticias\/missa-de-finados-nos-nascemos-para-morrer-diz-frei-almir.html\" \/>\n<meta property=\"og:site_name\" content=\"Not\u00edcias - Franciscanos\" \/>\n<meta property=\"article:published_time\" content=\"2021-11-03T09:04:00+00:00\" \/>\n<meta property=\"article:modified_time\" content=\"2021-11-03T23:05:07+00:00\" \/>\n<meta property=\"og:image\" content=\"https:\/\/franciscanos.org.br\/noticias\/wp-content\/uploads\/2021\/11\/finados_0311.jpg\" \/>\n\t<meta property=\"og:image:width\" content=\"1280\" \/>\n\t<meta property=\"og:image:height\" content=\"720\" \/>\n\t<meta property=\"og:image:type\" content=\"image\/jpeg\" \/>\n<meta name=\"author\" content=\"moacir\" \/>\n<meta name=\"twitter:card\" content=\"summary_large_image\" \/>\n<meta name=\"twitter:label1\" content=\"Escrito por\" \/>\n\t<meta name=\"twitter:data1\" content=\"moacir\" \/>\n\t<meta name=\"twitter:label2\" content=\"Est. tempo de leitura\" \/>\n\t<meta name=\"twitter:data2\" content=\"4 minutos\" \/>\n<script type=\"application\/ld+json\" class=\"yoast-schema-graph\">{\"@context\":\"https:\/\/schema.org\",\"@graph\":[{\"@type\":\"WebSite\",\"@id\":\"https:\/\/franciscanos.org.br\/noticias\/#website\",\"url\":\"https:\/\/franciscanos.org.br\/noticias\/\",\"name\":\"Not\u00edcias - Franciscanos\",\"description\":\"Prov\u00edncia Franciscana da Imaculada Concei\u00e7\u00e3o do Brasil - Ordem dos Frades Menores - OFM\",\"potentialAction\":[{\"@type\":\"SearchAction\",\"target\":{\"@type\":\"EntryPoint\",\"urlTemplate\":\"https:\/\/franciscanos.org.br\/noticias\/?s={search_term_string}\"},\"query-input\":\"required name=search_term_string\"}],\"inLanguage\":\"pt-BR\"},{\"@type\":\"ImageObject\",\"inLanguage\":\"pt-BR\",\"@id\":\"https:\/\/franciscanos.org.br\/noticias\/missa-de-finados-nos-nascemos-para-morrer-diz-frei-almir.html#primaryimage\",\"url\":\"https:\/\/franciscanos.org.br\/noticias\/wp-content\/uploads\/2021\/11\/finados_0311.jpg\",\"contentUrl\":\"https:\/\/franciscanos.org.br\/noticias\/wp-content\/uploads\/2021\/11\/finados_0311.jpg\",\"width\":1280,\"height\":720},{\"@type\":\"WebPage\",\"@id\":\"https:\/\/franciscanos.org.br\/noticias\/missa-de-finados-nos-nascemos-para-morrer-diz-frei-almir.html#webpage\",\"url\":\"https:\/\/franciscanos.org.br\/noticias\/missa-de-finados-nos-nascemos-para-morrer-diz-frei-almir.html\",\"name\":\"Missa de Finados: \u201cA Irm\u00e3 Morte nos conduz \u00e0 terra dos vivos\u201d, diz Frei Almir - Not\u00edcias - Franciscanos\",\"isPartOf\":{\"@id\":\"https:\/\/franciscanos.org.br\/noticias\/#website\"},\"primaryImageOfPage\":{\"@id\":\"https:\/\/franciscanos.org.br\/noticias\/missa-de-finados-nos-nascemos-para-morrer-diz-frei-almir.html#primaryimage\"},\"datePublished\":\"2021-11-03T09:04:00+00:00\",\"dateModified\":\"2021-11-03T23:05:07+00:00\",\"author\":{\"@id\":\"https:\/\/franciscanos.org.br\/noticias\/#\/schema\/person\/b5c8cba458c330ccff548b056e95a5d4\"},\"breadcrumb\":{\"@id\":\"https:\/\/franciscanos.org.br\/noticias\/missa-de-finados-nos-nascemos-para-morrer-diz-frei-almir.html#breadcrumb\"},\"inLanguage\":\"pt-BR\",\"potentialAction\":[{\"@type\":\"ReadAction\",\"target\":[\"https:\/\/franciscanos.org.br\/noticias\/missa-de-finados-nos-nascemos-para-morrer-diz-frei-almir.html\"]}]},{\"@type\":\"BreadcrumbList\",\"@id\":\"https:\/\/franciscanos.org.br\/noticias\/missa-de-finados-nos-nascemos-para-morrer-diz-frei-almir.html#breadcrumb\",\"itemListElement\":[{\"@type\":\"ListItem\",\"position\":1,\"name\":\"Home\",\"item\":\"https:\/\/franciscanos.org.br\/noticias\"},{\"@type\":\"ListItem\",\"position\":2,\"name\":\"Missa de Finados: \u201cA Irm\u00e3 Morte nos conduz \u00e0 terra dos vivos\u201d, diz Frei Almir\"}]},{\"@type\":\"Person\",\"@id\":\"https:\/\/franciscanos.org.br\/noticias\/#\/schema\/person\/b5c8cba458c330ccff548b056e95a5d4\",\"name\":\"moacir\",\"image\":{\"@type\":\"ImageObject\",\"inLanguage\":\"pt-BR\",\"@id\":\"https:\/\/franciscanos.org.br\/noticias\/#\/schema\/person\/image\/\",\"url\":\"https:\/\/secure.gravatar.com\/avatar\/d08aa2ce4c8dd416d4479aa8536fcf64?s=96&d=mm&r=g\",\"contentUrl\":\"https:\/\/secure.gravatar.com\/avatar\/d08aa2ce4c8dd416d4479aa8536fcf64?s=96&d=mm&r=g\",\"caption\":\"moacir\"},\"url\":\"https:\/\/franciscanos.org.br\/noticias\/author\/moacir\"}]}<\/script>\n<!-- \/ Yoast SEO plugin. -->","yoast_head_json":{"title":"Missa de Finados: \u201cA Irm\u00e3 Morte nos conduz \u00e0 terra dos vivos\u201d, diz Frei Almir - Not\u00edcias - Franciscanos","robots":{"index":"index","follow":"follow","max-snippet":"max-snippet:-1","max-image-preview":"max-image-preview:large","max-video-preview":"max-video-preview:-1"},"canonical":"https:\/\/franciscanos.org.br\/noticias\/missa-de-finados-nos-nascemos-para-morrer-diz-frei-almir.html","og_locale":"pt_BR","og_type":"article","og_title":"Missa de Finados: \u201cA Irm\u00e3 Morte nos conduz \u00e0 terra dos vivos\u201d, diz Frei Almir - Not\u00edcias - Franciscanos","og_description":"Par\u00f3quia do Sagrado Cora\u00e7\u00e3o de Jesus de Petr\u00f3polis","og_url":"https:\/\/franciscanos.org.br\/noticias\/missa-de-finados-nos-nascemos-para-morrer-diz-frei-almir.html","og_site_name":"Not\u00edcias - Franciscanos","article_published_time":"2021-11-03T09:04:00+00:00","article_modified_time":"2021-11-03T23:05:07+00:00","og_image":[{"width":1280,"height":720,"url":"https:\/\/franciscanos.org.br\/noticias\/wp-content\/uploads\/2021\/11\/finados_0311.jpg","type":"image\/jpeg"}],"author":"moacir","twitter_card":"summary_large_image","twitter_misc":{"Escrito por":"moacir","Est. tempo de leitura":"4 minutos"},"schema":{"@context":"https:\/\/schema.org","@graph":[{"@type":"WebSite","@id":"https:\/\/franciscanos.org.br\/noticias\/#website","url":"https:\/\/franciscanos.org.br\/noticias\/","name":"Not\u00edcias - Franciscanos","description":"Prov\u00edncia Franciscana da Imaculada Concei\u00e7\u00e3o do Brasil - Ordem dos Frades Menores - OFM","potentialAction":[{"@type":"SearchAction","target":{"@type":"EntryPoint","urlTemplate":"https:\/\/franciscanos.org.br\/noticias\/?s={search_term_string}"},"query-input":"required name=search_term_string"}],"inLanguage":"pt-BR"},{"@type":"ImageObject","inLanguage":"pt-BR","@id":"https:\/\/franciscanos.org.br\/noticias\/missa-de-finados-nos-nascemos-para-morrer-diz-frei-almir.html#primaryimage","url":"https:\/\/franciscanos.org.br\/noticias\/wp-content\/uploads\/2021\/11\/finados_0311.jpg","contentUrl":"https:\/\/franciscanos.org.br\/noticias\/wp-content\/uploads\/2021\/11\/finados_0311.jpg","width":1280,"height":720},{"@type":"WebPage","@id":"https:\/\/franciscanos.org.br\/noticias\/missa-de-finados-nos-nascemos-para-morrer-diz-frei-almir.html#webpage","url":"https:\/\/franciscanos.org.br\/noticias\/missa-de-finados-nos-nascemos-para-morrer-diz-frei-almir.html","name":"Missa de Finados: \u201cA Irm\u00e3 Morte nos conduz \u00e0 terra dos vivos\u201d, diz Frei Almir - Not\u00edcias - Franciscanos","isPartOf":{"@id":"https:\/\/franciscanos.org.br\/noticias\/#website"},"primaryImageOfPage":{"@id":"https:\/\/franciscanos.org.br\/noticias\/missa-de-finados-nos-nascemos-para-morrer-diz-frei-almir.html#primaryimage"},"datePublished":"2021-11-03T09:04:00+00:00","dateModified":"2021-11-03T23:05:07+00:00","author":{"@id":"https:\/\/franciscanos.org.br\/noticias\/#\/schema\/person\/b5c8cba458c330ccff548b056e95a5d4"},"breadcrumb":{"@id":"https:\/\/franciscanos.org.br\/noticias\/missa-de-finados-nos-nascemos-para-morrer-diz-frei-almir.html#breadcrumb"},"inLanguage":"pt-BR","potentialAction":[{"@type":"ReadAction","target":["https:\/\/franciscanos.org.br\/noticias\/missa-de-finados-nos-nascemos-para-morrer-diz-frei-almir.html"]}]},{"@type":"BreadcrumbList","@id":"https:\/\/franciscanos.org.br\/noticias\/missa-de-finados-nos-nascemos-para-morrer-diz-frei-almir.html#breadcrumb","itemListElement":[{"@type":"ListItem","position":1,"name":"Home","item":"https:\/\/franciscanos.org.br\/noticias"},{"@type":"ListItem","position":2,"name":"Missa de Finados: \u201cA Irm\u00e3 Morte nos conduz \u00e0 terra dos vivos\u201d, diz Frei Almir"}]},{"@type":"Person","@id":"https:\/\/franciscanos.org.br\/noticias\/#\/schema\/person\/b5c8cba458c330ccff548b056e95a5d4","name":"moacir","image":{"@type":"ImageObject","inLanguage":"pt-BR","@id":"https:\/\/franciscanos.org.br\/noticias\/#\/schema\/person\/image\/","url":"https:\/\/secure.gravatar.com\/avatar\/d08aa2ce4c8dd416d4479aa8536fcf64?s=96&d=mm&r=g","contentUrl":"https:\/\/secure.gravatar.com\/avatar\/d08aa2ce4c8dd416d4479aa8536fcf64?s=96&d=mm&r=g","caption":"moacir"},"url":"https:\/\/franciscanos.org.br\/noticias\/author\/moacir"}]}},"_links":{"self":[{"href":"https:\/\/franciscanos.org.br\/noticias\/wp-json\/wp\/v2\/posts\/235040"}],"collection":[{"href":"https:\/\/franciscanos.org.br\/noticias\/wp-json\/wp\/v2\/posts"}],"about":[{"href":"https:\/\/franciscanos.org.br\/noticias\/wp-json\/wp\/v2\/types\/post"}],"author":[{"embeddable":true,"href":"https:\/\/franciscanos.org.br\/noticias\/wp-json\/wp\/v2\/users\/3"}],"replies":[{"embeddable":true,"href":"https:\/\/franciscanos.org.br\/noticias\/wp-json\/wp\/v2\/comments?post=235040"}],"version-history":[{"count":2,"href":"https:\/\/franciscanos.org.br\/noticias\/wp-json\/wp\/v2\/posts\/235040\/revisions"}],"predecessor-version":[{"id":235055,"href":"https:\/\/franciscanos.org.br\/noticias\/wp-json\/wp\/v2\/posts\/235040\/revisions\/235055"}],"wp:featuredmedia":[{"embeddable":true,"href":"https:\/\/franciscanos.org.br\/noticias\/wp-json\/wp\/v2\/media\/235041"}],"wp:attachment":[{"href":"https:\/\/franciscanos.org.br\/noticias\/wp-json\/wp\/v2\/media?parent=235040"}],"wp:term":[{"taxonomy":"category","embeddable":true,"href":"https:\/\/franciscanos.org.br\/noticias\/wp-json\/wp\/v2\/categories?post=235040"},{"taxonomy":"post_tag","embeddable":true,"href":"https:\/\/franciscanos.org.br\/noticias\/wp-json\/wp\/v2\/tags?post=235040"}],"curies":[{"name":"wp","href":"https:\/\/api.w.org\/{rel}","templated":true}]}}