{"id":235028,"date":"2021-10-31T15:44:13","date_gmt":"2021-10-31T18:44:13","guid":{"rendered":"https:\/\/franciscanos.org.br\/noticias\/?p=235028"},"modified":"2021-10-31T15:44:13","modified_gmt":"2021-10-31T18:44:13","slug":"coral-das-meninas-dos-canarinhos-celebra-33-anos","status":"publish","type":"post","link":"https:\/\/franciscanos.org.br\/noticias\/coral-das-meninas-dos-canarinhos-celebra-33-anos.html","title":{"rendered":"Coral das Meninas dos Canarinhos celebra 33 anos"},"content":{"rendered":"<p><img loading=\"lazy\" class=\"alignright size-full wp-image-235029\" src=\"https:\/\/franciscanos.org.br\/noticias\/wp-content\/uploads\/2021\/10\/canarinhos_3110.jpg\" alt=\"\" width=\"1280\" height=\"720\" srcset=\"https:\/\/franciscanos.org.br\/noticias\/wp-content\/uploads\/2021\/10\/canarinhos_3110.jpg 1280w, https:\/\/franciscanos.org.br\/noticias\/wp-content\/uploads\/2021\/10\/canarinhos_3110-450x253.jpg 450w, https:\/\/franciscanos.org.br\/noticias\/wp-content\/uploads\/2021\/10\/canarinhos_3110-1024x576.jpg 1024w, https:\/\/franciscanos.org.br\/noticias\/wp-content\/uploads\/2021\/10\/canarinhos_3110-768x432.jpg 768w, https:\/\/franciscanos.org.br\/noticias\/wp-content\/uploads\/2021\/10\/canarinhos_3110-150x84.jpg 150w\" sizes=\"(max-width: 1280px) 100vw, 1280px\" \/><\/p>\n<p><strong>Petr\u00f3polis (RJ) &#8211;<\/strong> A tradicional Celebra\u00e7\u00e3o Eucar\u00edstica das 10 horas na Igreja do Sagrado Cora\u00e7\u00e3o de Jesus deste domingo (31\/10), celebrada por Frei Marcos Antonio de Andrade, presidente do Instituto dos Meninos Cantores de Petr\u00f3polis (IMCP), marcou as festividades do 33\u00ba anivers\u00e1rio do Coral das Meninas dos Canarinhos de Petr\u00f3polis. Na ocasi\u00e3o, o celebrante agradeceu a Deus pela vida e hist\u00f3ria de mais de tr\u00eas d\u00e9cadas do Coral das Meninas.<\/p>\n<p>No s\u00e1bado (30\/10) foi lan\u00e7ado pelas plataformas digitais do instituto o &#8220;Especial de Anivers\u00e1rio&#8221; que apresentou a hist\u00f3ria de centenas de meninas petropolitanas que passaram sua inf\u00e2ncia e adolesc\u00eancia dedicando-se \u00e0 m\u00fasica e que hoje est\u00e3o espalhadas pelo Brasil e pelo mundo. Um final de semana rico em comemora\u00e7\u00f5es, mas tamb\u00e9m de esperan\u00e7a.<\/p>\n<p>Frei Marcos explicou o motivo da aus\u00eancia das coralistas na Missa festiva: \u201cInfelizmente por problemas de suspeita e contamina\u00e7\u00e3o da Covid-19 nossas meninas n\u00e3o puderam se fazer presentes para cantar a Santa Missa\u201d. Agradeceu a presen\u00e7a do Coral dos Frades do Tempo da Teologia que substituiu as coralistas e que desde o in\u00edcio da pandemia n\u00e3o mediram esfor\u00e7os para cantar a Missa das 10h e outras solenidades e eventos. Fizeram-se presentes tamb\u00e9m o maestro do coro feminino, Marcelo Vizani, o diretor art\u00edstico e regente dos Canarinhos de Petr\u00f3polis, Marco Aur\u00e9lio Lischt, e a gestora do IMCP, Rose de Mello.<\/p>\n<p><img loading=\"lazy\" class=\"alignright size-full wp-image-235032\" src=\"https:\/\/franciscanos.org.br\/noticias\/wp-content\/uploads\/2021\/10\/canarinhos_3110_1.jpg\" alt=\"\" width=\"1280\" height=\"853\" srcset=\"https:\/\/franciscanos.org.br\/noticias\/wp-content\/uploads\/2021\/10\/canarinhos_3110_1.jpg 1280w, https:\/\/franciscanos.org.br\/noticias\/wp-content\/uploads\/2021\/10\/canarinhos_3110_1-450x300.jpg 450w, https:\/\/franciscanos.org.br\/noticias\/wp-content\/uploads\/2021\/10\/canarinhos_3110_1-1024x682.jpg 1024w, https:\/\/franciscanos.org.br\/noticias\/wp-content\/uploads\/2021\/10\/canarinhos_3110_1-768x512.jpg 768w, https:\/\/franciscanos.org.br\/noticias\/wp-content\/uploads\/2021\/10\/canarinhos_3110_1-150x100.jpg 150w\" sizes=\"(max-width: 1280px) 100vw, 1280px\" \/><\/p>\n<p>Frei Marcos lembrou que nos \u00faltimos domingos os Evangelhos de Marcos e de Jo\u00e3o apresentaram Jesus e a sua miss\u00e3o atrav\u00e9s de gestos: \u201cRecordo que no domingo passado eu dizia que n\u00f3s somos como Bartimeu e estamos pedindo ao Senhor para ver e enxergar\u201d. \u201cN\u00f3s estamos fazendo esse caminho com Jesus at\u00e9 Jerusal\u00e9m\u201d, disse.<\/p>\n<p>Segundo o presidente do IMCP, vive-se em um tempo de cegueira. \u201cPerdemos o caminho. Estamos como um cego \u00e0 margem, porque n\u00e3o sabemos qual \u00e9 o caminho. S\u00e3o tantas informa\u00e7\u00f5es e tantas not\u00edcias de todos os tipos poss\u00edveis que n\u00e3o sabemos para onde ir. O mundo virtual nos trouxe um bombardeio de informa\u00e7\u00f5es\u201d, opinou. Segundo ele, estudos cient\u00edficos revelam que grande parte das pessoas gasta muito tempo com redes sociais: \u201cIsso faz com que a gente n\u00e3o foque naquilo que \u00e9 o essencial\u201d.<\/p>\n<p>Para Frei Marcos, os Evangelhos destes \u00faltimos domingos apresentam um Jesus que mostra qual \u00e9 o caminho. \u201cNeste 31\u00ba Domingo do Tempo Comum, Jesus vem dizer claramente, n\u00e3o s\u00f3 para o Escriba, para o mestre da Lei, mas para todos n\u00f3s: o caminho \u00e9 o Evangelho e o foco \u00e9 um s\u00f3, amar a Deus com tudo aquilo que n\u00f3s temos e ao pr\u00f3ximo tamb\u00e9m\u201d, revelou.<\/p>\n<p>Refletiu que uma das grandes dificuldades atuais \u00e9 n\u00e3o saber mais amar. \u201cNesse mundo de informa\u00e7\u00f5es e de confus\u00e3o que estamos vivendo, n\u00e3o sabemos nem mesmo o que \u00e9 o amor. E \u00e9 dif\u00edcil compreender o amor porque \u2018amor se aprende\u2019, diria o Papa Bento XVI. O amor se aprende e se faz um caminho. E esse caminho \u00e9 real\u201d, ressaltou<\/p>\n<p>Para Frei Marcos, o Evangelho recorda onde est\u00e1 o centro da vida de todo crist\u00e3o: o amor a Deus e ao pr\u00f3ximo. \u201c\u00c0s vezes saltamos, mas para n\u00f3s mesmos. Precisamos fazer um caminho de amar a Deus que se reflete ao amor que eu tenho a minha fam\u00edlia, irm\u00e3os, amigos, com aqueles que sofrem. Mas \u00e9 preciso focarmos no amor. Tudo aquilo que os evangelhos dos \u00faltimos domingos queriam nos mostrar era isso: o amor\u201d.<\/p>\n<p><img loading=\"lazy\" class=\"alignright size-full wp-image-235033\" src=\"https:\/\/franciscanos.org.br\/noticias\/wp-content\/uploads\/2021\/10\/canarinhos_3110_4.jpg\" alt=\"\" width=\"1280\" height=\"853\" srcset=\"https:\/\/franciscanos.org.br\/noticias\/wp-content\/uploads\/2021\/10\/canarinhos_3110_4.jpg 1280w, https:\/\/franciscanos.org.br\/noticias\/wp-content\/uploads\/2021\/10\/canarinhos_3110_4-450x300.jpg 450w, https:\/\/franciscanos.org.br\/noticias\/wp-content\/uploads\/2021\/10\/canarinhos_3110_4-1024x682.jpg 1024w, https:\/\/franciscanos.org.br\/noticias\/wp-content\/uploads\/2021\/10\/canarinhos_3110_4-768x512.jpg 768w, https:\/\/franciscanos.org.br\/noticias\/wp-content\/uploads\/2021\/10\/canarinhos_3110_4-150x100.jpg 150w\" sizes=\"(max-width: 1280px) 100vw, 1280px\" \/><\/p>\n<p>Para o celebrante, o Evangelho do 31\u00ba Domingo do Tempo Comum, Jesus sintetiza tudo aquilo que Ele queria dizer nos domingos passados. Segundo Frei Marcos, amar \u00e9 um aprendizado de cair, levantar, errar, mas tamb\u00e9m de querer acertar e de se colocar em um \u00fanico foco: o caminho do amor. \u201c\u00c9 isso que vai nos salvar e nos trazer felicidade e alegria. Caso contr\u00e1rio vamos viver numa constante afli\u00e7\u00e3o e desespero, numa constante desesperan\u00e7a. O amor nos traz um caminho e n\u00f3s como crist\u00e3os devemos assumir esse projeto e n\u00e3o outros. Que o Senhor nos ajude a viver e a amar como ele amou\u201d, concluiu.<\/p>\n<p>Nas preces Frei Marcos rezou pelas coralistas que com inspira\u00e7\u00e3o franciscana anunciam a Boa-nova do Evangelho atrav\u00e9s do canto e da m\u00fasica. A assembleia reunida respondeu: \u201cFazei-nos, Senhor, fi\u00e9is ao vosso Reino\u201d.<\/p>\n<p><img loading=\"lazy\" class=\"alignright size-full wp-image-235030\" src=\"https:\/\/franciscanos.org.br\/noticias\/wp-content\/uploads\/2021\/10\/canarinhos_3110_2.jpg\" alt=\"\" width=\"1280\" height=\"659\" srcset=\"https:\/\/franciscanos.org.br\/noticias\/wp-content\/uploads\/2021\/10\/canarinhos_3110_2.jpg 1280w, https:\/\/franciscanos.org.br\/noticias\/wp-content\/uploads\/2021\/10\/canarinhos_3110_2-450x232.jpg 450w, https:\/\/franciscanos.org.br\/noticias\/wp-content\/uploads\/2021\/10\/canarinhos_3110_2-1024x527.jpg 1024w, https:\/\/franciscanos.org.br\/noticias\/wp-content\/uploads\/2021\/10\/canarinhos_3110_2-768x395.jpg 768w, https:\/\/franciscanos.org.br\/noticias\/wp-content\/uploads\/2021\/10\/canarinhos_3110_2-150x77.jpg 150w\" sizes=\"(max-width: 1280px) 100vw, 1280px\" \/><\/p>\n<p><strong>VIDA LONGA AO CORAL DAS MENINAS!<\/strong><\/p>\n<p>Segundo o maestro Marcelo Vizani, s\u00e3o tr\u00eas d\u00e9cadas vivendo o Evangelho. &#8220;Cantar \u00e9 uma forma fant\u00e1stica de distribuir o amor, de distribuir o dom que n\u00f3s recebemos e queremos passar a todos voc\u00eas. Quero agradecer muito. Hoje, sim, n\u00f3s podemos dizer que a juventude ainda ama fazer m\u00fasica. Ouvindo a celebra\u00e7\u00e3o, n\u00f3s vemos o qu\u00e3o complicado anda o mundo virtual. Mas sim, nos Canarinhos n\u00f3s largamos as redes sociais para aprender, cantar, viver e amar ao pr\u00f3ximo. Isso parece ser muito f\u00e1cil, mas n\u00e3o \u00e9. N\u00e3o \u00e9 f\u00e1cil, mas gra\u00e7as a Deus temos uma equipe que oferece suporte e incentivo. Quero agradecer ao Frei Marcos, ao Lischt &#8211; que antes de tudo \u00e9 meu amigo e diretor do coro -, quero agradecer a nossa gestora Rose que de uma forma incans\u00e1vel \u00e9 como uma m\u00e3e para todas as nossas meninas. Quero agradecer a toda equipe administrativa, a todos os professores e a todas as meninas que passaram pelo coral ao longo desses anos. E sim, devemos comemorar os 33 anos com o cora\u00e7\u00e3o repleto de amor. Vida longa ao Coral das Meninas dos Canarinhos\u201d, desejou.<\/p>\n<p>O Diretor Art\u00edstico, Marco Aur\u00e9lio Lischt tamb\u00e9m parabenizou as meninas por mais um anivers\u00e1rio e aproveitou a ocasi\u00e3o para lembrar que no pr\u00f3ximo ano o Coral dos Canarinhos de Petr\u00f3polis completa 80 anos. &#8220;Por isso, gostaria de lembrar que as inscri\u00e7\u00f5es para o Curso de Aprendizes dos Corais dos Canarinhos est\u00e3o abertas. Para as crian\u00e7as que gostam de cantar e gostariam de fazer parte destes corais, se inscreva\u201d, convidou.<\/p>\n<p>Por fim, Frei Marcos agradeceu especialmente aos pais e professores das meninas que neste tempo desafiador souberam se reinventar e parabenizou todas as meninas pelo anivers\u00e1rio de 33 anos. A Santa Missa que foi transmitida pelas redes sociais da Par\u00f3quia do IMCP e pela R\u00e1dio Imperial, terminou com a solene b\u00ean\u00e7\u00e3o final.<\/p>\n<p><img loading=\"lazy\" class=\"alignright size-full wp-image-235031\" src=\"https:\/\/franciscanos.org.br\/noticias\/wp-content\/uploads\/2021\/10\/canarinhos_3110_3.jpg\" alt=\"\" width=\"1280\" height=\"700\" srcset=\"https:\/\/franciscanos.org.br\/noticias\/wp-content\/uploads\/2021\/10\/canarinhos_3110_3.jpg 1280w, https:\/\/franciscanos.org.br\/noticias\/wp-content\/uploads\/2021\/10\/canarinhos_3110_3-450x246.jpg 450w, https:\/\/franciscanos.org.br\/noticias\/wp-content\/uploads\/2021\/10\/canarinhos_3110_3-1024x560.jpg 1024w, https:\/\/franciscanos.org.br\/noticias\/wp-content\/uploads\/2021\/10\/canarinhos_3110_3-768x420.jpg 768w, https:\/\/franciscanos.org.br\/noticias\/wp-content\/uploads\/2021\/10\/canarinhos_3110_3-150x82.jpg 150w\" sizes=\"(max-width: 1280px) 100vw, 1280px\" \/><\/p>\n<p><strong>ESPECIAL DOS 33 ANOS\u00a0<\/strong><\/p>\n<p>J\u00e1 \u00e0s 19 horas do s\u00e1bado (30\/10), foi ao ar pelo canal do YouTube do IMCP, o Especial de 33 anos do Coral das Meninas dos Canarinhos de Petr\u00f3polis. Na ocasi\u00e3o, o presidente do instituto agradeceu a Deus pelos 33 anos do Coral das Meninas. &#8220;Agradecemos tamb\u00e9m as fam\u00edlias que acreditam em nosso trabalho e miss\u00e3o, bem como a todos os colaboradores, amigos e benfeitores deste projeto que atualmente conta com 56 meninas e que tem em seu repert\u00f3rio muita m\u00fasica sacra, folcl\u00f3rica e popular, mas acima de tudo, muita vontade e esperan\u00e7a de um futuro melhor&#8221;, disse. &#8220;As coralistas nossas felicita\u00e7\u00f5es e votos de uma fecunda e prof\u00edcua miss\u00e3o, embasada nos valores do Evangelho e nas virtudes franciscanas&#8221;, parabenizou.<\/p>\n<p>Com um repert\u00f3rio produzido pelo coro nestes \u00faltimos tempos, o v\u00eddeo fez uma homenagem a todas as coralistas destes 33 anos de hist\u00f3ria. Tamb\u00e9m apresentou depoimentos, com fotos hist\u00f3ricas.<\/p>\n<p>Antonio Brochado foi um dos telespectadores e disse: \u201cOrgulho incomensur\u00e1vel de ter minha filha fazendo parte deste Coro que canta, emociona e encanta a todos n\u00f3s! Obrigado maestro Marcelo Vizani pelo seu carinho com cada uma dessas lindas meninas\u201d, agradeceu.<\/p>\n<p>\u201cQue lindo! Parab\u00e9ns pelo trabalho maravilhoso que voc\u00eas fazem e que tenho muito orgulho de dizer que j\u00e1 fiz parte! Saudade chega a doer, se pudesse voltar no tempo, com certeza seria para o tempo do coral! Parab\u00e9ns!\u201d, desejou a ex-coralista Alice Souza. J\u00e1 Katia Manang\u00e3o disse ser um privil\u00e9gio poder acompanhar de perto parte desta linda hist\u00f3ria!<\/p>\n<p><iframe loading=\"lazy\" title=\"YouTube video player\" src=\"https:\/\/www.youtube.com\/embed\/P4Xy260KCrw\" width=\"100%\" height=\"500\" frameborder=\"0\" allowfullscreen=\"allowfullscreen\"><\/iframe><\/p>\n<hr \/>\n<p><em>Frei Augusto Luiz Gabriel<\/em><\/p>\n","protected":false},"excerpt":{"rendered":"<p>Coral das Meninas dos Canarinhos de Petr\u00f3polis<\/p>\n","protected":false},"author":3,"featured_media":235034,"comment_status":"open","ping_status":"open","sticky":false,"template":"","format":"standard","meta":[],"categories":[1],"tags":[1531],"acf":[],"yoast_head":"<!-- This site is optimized with the Yoast SEO plugin v19.2 - https:\/\/yoast.com\/wordpress\/plugins\/seo\/ -->\n<title>Coral das Meninas dos Canarinhos celebra 33 anos - Not\u00edcias - Franciscanos<\/title>\n<meta name=\"robots\" content=\"index, follow, max-snippet:-1, max-image-preview:large, max-video-preview:-1\" \/>\n<link rel=\"canonical\" href=\"https:\/\/franciscanos.org.br\/noticias\/coral-das-meninas-dos-canarinhos-celebra-33-anos.html\" \/>\n<meta property=\"og:locale\" content=\"pt_BR\" \/>\n<meta property=\"og:type\" content=\"article\" \/>\n<meta property=\"og:title\" content=\"Coral das Meninas dos Canarinhos celebra 33 anos - Not\u00edcias - Franciscanos\" \/>\n<meta property=\"og:description\" content=\"Coral das Meninas dos Canarinhos de Petr\u00f3polis\" \/>\n<meta property=\"og:url\" content=\"https:\/\/franciscanos.org.br\/noticias\/coral-das-meninas-dos-canarinhos-celebra-33-anos.html\" \/>\n<meta property=\"og:site_name\" content=\"Not\u00edcias - Franciscanos\" \/>\n<meta property=\"article:published_time\" content=\"2021-10-31T18:44:13+00:00\" \/>\n<meta property=\"og:image\" content=\"https:\/\/franciscanos.org.br\/noticias\/wp-content\/uploads\/2021\/10\/canarinhos_3110d.jpg\" \/>\n\t<meta property=\"og:image:width\" content=\"800\" \/>\n\t<meta property=\"og:image:height\" content=\"550\" \/>\n\t<meta property=\"og:image:type\" content=\"image\/jpeg\" \/>\n<meta name=\"author\" content=\"moacir\" \/>\n<meta name=\"twitter:card\" content=\"summary_large_image\" \/>\n<meta name=\"twitter:label1\" content=\"Escrito por\" \/>\n\t<meta name=\"twitter:data1\" content=\"moacir\" \/>\n\t<meta name=\"twitter:label2\" content=\"Est. tempo de leitura\" \/>\n\t<meta name=\"twitter:data2\" content=\"7 minutos\" \/>\n<script type=\"application\/ld+json\" class=\"yoast-schema-graph\">{\"@context\":\"https:\/\/schema.org\",\"@graph\":[{\"@type\":\"WebSite\",\"@id\":\"https:\/\/franciscanos.org.br\/noticias\/#website\",\"url\":\"https:\/\/franciscanos.org.br\/noticias\/\",\"name\":\"Not\u00edcias - Franciscanos\",\"description\":\"Prov\u00edncia Franciscana da Imaculada Concei\u00e7\u00e3o do Brasil - Ordem dos Frades Menores - OFM\",\"potentialAction\":[{\"@type\":\"SearchAction\",\"target\":{\"@type\":\"EntryPoint\",\"urlTemplate\":\"https:\/\/franciscanos.org.br\/noticias\/?s={search_term_string}\"},\"query-input\":\"required name=search_term_string\"}],\"inLanguage\":\"pt-BR\"},{\"@type\":\"ImageObject\",\"inLanguage\":\"pt-BR\",\"@id\":\"https:\/\/franciscanos.org.br\/noticias\/coral-das-meninas-dos-canarinhos-celebra-33-anos.html#primaryimage\",\"url\":\"https:\/\/franciscanos.org.br\/noticias\/wp-content\/uploads\/2021\/10\/canarinhos_3110d.jpg\",\"contentUrl\":\"https:\/\/franciscanos.org.br\/noticias\/wp-content\/uploads\/2021\/10\/canarinhos_3110d.jpg\",\"width\":800,\"height\":550},{\"@type\":\"WebPage\",\"@id\":\"https:\/\/franciscanos.org.br\/noticias\/coral-das-meninas-dos-canarinhos-celebra-33-anos.html#webpage\",\"url\":\"https:\/\/franciscanos.org.br\/noticias\/coral-das-meninas-dos-canarinhos-celebra-33-anos.html\",\"name\":\"Coral das Meninas dos Canarinhos celebra 33 anos - Not\u00edcias - Franciscanos\",\"isPartOf\":{\"@id\":\"https:\/\/franciscanos.org.br\/noticias\/#website\"},\"primaryImageOfPage\":{\"@id\":\"https:\/\/franciscanos.org.br\/noticias\/coral-das-meninas-dos-canarinhos-celebra-33-anos.html#primaryimage\"},\"datePublished\":\"2021-10-31T18:44:13+00:00\",\"dateModified\":\"2021-10-31T18:44:13+00:00\",\"author\":{\"@id\":\"https:\/\/franciscanos.org.br\/noticias\/#\/schema\/person\/b5c8cba458c330ccff548b056e95a5d4\"},\"breadcrumb\":{\"@id\":\"https:\/\/franciscanos.org.br\/noticias\/coral-das-meninas-dos-canarinhos-celebra-33-anos.html#breadcrumb\"},\"inLanguage\":\"pt-BR\",\"potentialAction\":[{\"@type\":\"ReadAction\",\"target\":[\"https:\/\/franciscanos.org.br\/noticias\/coral-das-meninas-dos-canarinhos-celebra-33-anos.html\"]}]},{\"@type\":\"BreadcrumbList\",\"@id\":\"https:\/\/franciscanos.org.br\/noticias\/coral-das-meninas-dos-canarinhos-celebra-33-anos.html#breadcrumb\",\"itemListElement\":[{\"@type\":\"ListItem\",\"position\":1,\"name\":\"Home\",\"item\":\"https:\/\/franciscanos.org.br\/noticias\"},{\"@type\":\"ListItem\",\"position\":2,\"name\":\"Coral das Meninas dos Canarinhos celebra 33 anos\"}]},{\"@type\":\"Person\",\"@id\":\"https:\/\/franciscanos.org.br\/noticias\/#\/schema\/person\/b5c8cba458c330ccff548b056e95a5d4\",\"name\":\"moacir\",\"image\":{\"@type\":\"ImageObject\",\"inLanguage\":\"pt-BR\",\"@id\":\"https:\/\/franciscanos.org.br\/noticias\/#\/schema\/person\/image\/\",\"url\":\"https:\/\/secure.gravatar.com\/avatar\/d08aa2ce4c8dd416d4479aa8536fcf64?s=96&d=mm&r=g\",\"contentUrl\":\"https:\/\/secure.gravatar.com\/avatar\/d08aa2ce4c8dd416d4479aa8536fcf64?s=96&d=mm&r=g\",\"caption\":\"moacir\"},\"url\":\"https:\/\/franciscanos.org.br\/noticias\/author\/moacir\"}]}<\/script>\n<!-- \/ Yoast SEO plugin. -->","yoast_head_json":{"title":"Coral das Meninas dos Canarinhos celebra 33 anos - Not\u00edcias - Franciscanos","robots":{"index":"index","follow":"follow","max-snippet":"max-snippet:-1","max-image-preview":"max-image-preview:large","max-video-preview":"max-video-preview:-1"},"canonical":"https:\/\/franciscanos.org.br\/noticias\/coral-das-meninas-dos-canarinhos-celebra-33-anos.html","og_locale":"pt_BR","og_type":"article","og_title":"Coral das Meninas dos Canarinhos celebra 33 anos - Not\u00edcias - Franciscanos","og_description":"Coral das Meninas dos Canarinhos de Petr\u00f3polis","og_url":"https:\/\/franciscanos.org.br\/noticias\/coral-das-meninas-dos-canarinhos-celebra-33-anos.html","og_site_name":"Not\u00edcias - Franciscanos","article_published_time":"2021-10-31T18:44:13+00:00","og_image":[{"width":800,"height":550,"url":"https:\/\/franciscanos.org.br\/noticias\/wp-content\/uploads\/2021\/10\/canarinhos_3110d.jpg","type":"image\/jpeg"}],"author":"moacir","twitter_card":"summary_large_image","twitter_misc":{"Escrito por":"moacir","Est. tempo de leitura":"7 minutos"},"schema":{"@context":"https:\/\/schema.org","@graph":[{"@type":"WebSite","@id":"https:\/\/franciscanos.org.br\/noticias\/#website","url":"https:\/\/franciscanos.org.br\/noticias\/","name":"Not\u00edcias - Franciscanos","description":"Prov\u00edncia Franciscana da Imaculada Concei\u00e7\u00e3o do Brasil - Ordem dos Frades Menores - OFM","potentialAction":[{"@type":"SearchAction","target":{"@type":"EntryPoint","urlTemplate":"https:\/\/franciscanos.org.br\/noticias\/?s={search_term_string}"},"query-input":"required name=search_term_string"}],"inLanguage":"pt-BR"},{"@type":"ImageObject","inLanguage":"pt-BR","@id":"https:\/\/franciscanos.org.br\/noticias\/coral-das-meninas-dos-canarinhos-celebra-33-anos.html#primaryimage","url":"https:\/\/franciscanos.org.br\/noticias\/wp-content\/uploads\/2021\/10\/canarinhos_3110d.jpg","contentUrl":"https:\/\/franciscanos.org.br\/noticias\/wp-content\/uploads\/2021\/10\/canarinhos_3110d.jpg","width":800,"height":550},{"@type":"WebPage","@id":"https:\/\/franciscanos.org.br\/noticias\/coral-das-meninas-dos-canarinhos-celebra-33-anos.html#webpage","url":"https:\/\/franciscanos.org.br\/noticias\/coral-das-meninas-dos-canarinhos-celebra-33-anos.html","name":"Coral das Meninas dos Canarinhos celebra 33 anos - Not\u00edcias - Franciscanos","isPartOf":{"@id":"https:\/\/franciscanos.org.br\/noticias\/#website"},"primaryImageOfPage":{"@id":"https:\/\/franciscanos.org.br\/noticias\/coral-das-meninas-dos-canarinhos-celebra-33-anos.html#primaryimage"},"datePublished":"2021-10-31T18:44:13+00:00","dateModified":"2021-10-31T18:44:13+00:00","author":{"@id":"https:\/\/franciscanos.org.br\/noticias\/#\/schema\/person\/b5c8cba458c330ccff548b056e95a5d4"},"breadcrumb":{"@id":"https:\/\/franciscanos.org.br\/noticias\/coral-das-meninas-dos-canarinhos-celebra-33-anos.html#breadcrumb"},"inLanguage":"pt-BR","potentialAction":[{"@type":"ReadAction","target":["https:\/\/franciscanos.org.br\/noticias\/coral-das-meninas-dos-canarinhos-celebra-33-anos.html"]}]},{"@type":"BreadcrumbList","@id":"https:\/\/franciscanos.org.br\/noticias\/coral-das-meninas-dos-canarinhos-celebra-33-anos.html#breadcrumb","itemListElement":[{"@type":"ListItem","position":1,"name":"Home","item":"https:\/\/franciscanos.org.br\/noticias"},{"@type":"ListItem","position":2,"name":"Coral das Meninas dos Canarinhos celebra 33 anos"}]},{"@type":"Person","@id":"https:\/\/franciscanos.org.br\/noticias\/#\/schema\/person\/b5c8cba458c330ccff548b056e95a5d4","name":"moacir","image":{"@type":"ImageObject","inLanguage":"pt-BR","@id":"https:\/\/franciscanos.org.br\/noticias\/#\/schema\/person\/image\/","url":"https:\/\/secure.gravatar.com\/avatar\/d08aa2ce4c8dd416d4479aa8536fcf64?s=96&d=mm&r=g","contentUrl":"https:\/\/secure.gravatar.com\/avatar\/d08aa2ce4c8dd416d4479aa8536fcf64?s=96&d=mm&r=g","caption":"moacir"},"url":"https:\/\/franciscanos.org.br\/noticias\/author\/moacir"}]}},"_links":{"self":[{"href":"https:\/\/franciscanos.org.br\/noticias\/wp-json\/wp\/v2\/posts\/235028"}],"collection":[{"href":"https:\/\/franciscanos.org.br\/noticias\/wp-json\/wp\/v2\/posts"}],"about":[{"href":"https:\/\/franciscanos.org.br\/noticias\/wp-json\/wp\/v2\/types\/post"}],"author":[{"embeddable":true,"href":"https:\/\/franciscanos.org.br\/noticias\/wp-json\/wp\/v2\/users\/3"}],"replies":[{"embeddable":true,"href":"https:\/\/franciscanos.org.br\/noticias\/wp-json\/wp\/v2\/comments?post=235028"}],"version-history":[{"count":1,"href":"https:\/\/franciscanos.org.br\/noticias\/wp-json\/wp\/v2\/posts\/235028\/revisions"}],"predecessor-version":[{"id":235035,"href":"https:\/\/franciscanos.org.br\/noticias\/wp-json\/wp\/v2\/posts\/235028\/revisions\/235035"}],"wp:featuredmedia":[{"embeddable":true,"href":"https:\/\/franciscanos.org.br\/noticias\/wp-json\/wp\/v2\/media\/235034"}],"wp:attachment":[{"href":"https:\/\/franciscanos.org.br\/noticias\/wp-json\/wp\/v2\/media?parent=235028"}],"wp:term":[{"taxonomy":"category","embeddable":true,"href":"https:\/\/franciscanos.org.br\/noticias\/wp-json\/wp\/v2\/categories?post=235028"},{"taxonomy":"post_tag","embeddable":true,"href":"https:\/\/franciscanos.org.br\/noticias\/wp-json\/wp\/v2\/tags?post=235028"}],"curies":[{"name":"wp","href":"https:\/\/api.w.org\/{rel}","templated":true}]}}