{"id":235025,"date":"2021-10-31T09:48:55","date_gmt":"2021-10-31T12:48:55","guid":{"rendered":"https:\/\/franciscanos.org.br\/noticias\/?p=235025"},"modified":"2021-10-31T09:48:55","modified_gmt":"2021-10-31T12:48:55","slug":"papa-a-palavra-de-deus-deve-ser-ruminada-deve-atingir-todos-os-ambitos-da-vida","status":"publish","type":"post","link":"https:\/\/franciscanos.org.br\/noticias\/papa-a-palavra-de-deus-deve-ser-ruminada-deve-atingir-todos-os-ambitos-da-vida.html","title":{"rendered":"Papa: a Palavra de Deus deve ser \u201cruminada\u201d, deve atingir todos os \u00e2mbitos da vida"},"content":{"rendered":"<div id=\"attachment_235026\" style=\"width: 1290px\" class=\"wp-caption alignright\"><img aria-describedby=\"caption-attachment-235026\" loading=\"lazy\" class=\"wp-image-235026 size-full\" src=\"https:\/\/franciscanos.org.br\/noticias\/wp-content\/uploads\/2021\/10\/angelus_3110.jpg\" alt=\"\" width=\"1280\" height=\"720\" srcset=\"https:\/\/franciscanos.org.br\/noticias\/wp-content\/uploads\/2021\/10\/angelus_3110.jpg 1280w, https:\/\/franciscanos.org.br\/noticias\/wp-content\/uploads\/2021\/10\/angelus_3110-450x253.jpg 450w, https:\/\/franciscanos.org.br\/noticias\/wp-content\/uploads\/2021\/10\/angelus_3110-1024x576.jpg 1024w, https:\/\/franciscanos.org.br\/noticias\/wp-content\/uploads\/2021\/10\/angelus_3110-768x432.jpg 768w, https:\/\/franciscanos.org.br\/noticias\/wp-content\/uploads\/2021\/10\/angelus_3110-150x84.jpg 150w\" sizes=\"(max-width: 1280px) 100vw, 1280px\" \/><p id=\"caption-attachment-235026\" class=\"wp-caption-text\">\u00a0 \u00a0 \u00a0 \u00a0 \u00a0 \u00a0 \u00a0 \u00a0 \u00a0 \u00a0 \u00a0 \u00a0 \u00a0 \u00a0 \u00a0 \u00a0 \u00a0 \u00a0 \u00a0 \u00a0 \u00a0 \u00a0 \u00a0 \u00a0 \u00a0 \u00a0 \u00a0 \u00a0 \u00a0 \u00a0 \u00a0 \u00a0 \u00a0 \u00a0 \u00a0 \u00a0 \u00a0 \u00a0 \u00a0 \u00a0 \u00a0 \u00a0 \u00a0 \u00a0 \u00a0 \u00a0 \u00a0 \u00a0 \u00a0 \u00a0 \u00a0 \u00a0 \u00a0 \u00a0 \u00a0<em> \u00a0 \u00a0 \u00a0 \u00a0 \u00a0 \u00a0 \u00a0 \u00a0 \u00a0Imagem: Vatican Media<\/em><\/p><\/div>\n<p>O Papa Francisco rezou a ora\u00e7\u00e3o mariana do Angelus deste domingo (31\/10), com os fi\u00e9is e peregrinos reunidos na Pra\u00e7a S\u00e3o Pedro.\u00a0Na alocu\u00e7\u00e3o que precedeu a ora\u00e7\u00e3o, o Pont\u00edfice ressaltou que o Evangelho fala de um escriba que se aproxima de Jesus e lhe pergunta: &#8220;Qual \u00e9 o primeiro de todos os mandamentos?&#8221; Jesus responde citando as Escrituras e afirma que o primeiro mandamento \u00e9 amar a Deus. A partir da\u00ed, como consequ\u00eancia natural, segue o segundo mandamento: amar o pr\u00f3ximo como a si mesmo.<\/p>\n<p>Segundo Francisco, &#8220;ouvindo esta resposta, o escriba n\u00e3o s\u00f3 a reconhece como justa, mas ao faz\u00ea-lo repete quase as mesmas palavras proferidas por Jesus: &#8220;Muito bem, Mestre! \u00c9 verdade que am\u00e1-lo com todo o cora\u00e7\u00e3o, com toda a mente, e com toda a for\u00e7a, e amar o pr\u00f3ximo como a si mesmo, \u00e9 melhor do que todos os holocaustos e os sacrif\u00edcios&#8221;.<\/p>\n<p>&#8220;Por que, ao dar seu assentimento, o escriba sente a necessidade de repetir as mesmas palavras de Jesus? Esta repeti\u00e7\u00e3o parece ainda mais surpreendente se pensarmos que estamos no Evangelho de Marcos, que tem um estilo muito conciso. Ent\u00e3o, qual \u00e9 o sentido desta repeti\u00e7\u00e3o? Perguntou o Papa.<\/p>\n<p>\u00c9 um ensinamento para n\u00f3s que ouvimos, porque a Palavra do Senhor n\u00e3o pode ser recebida como uma not\u00edcia qualquer: ela deve ser repetida, assimilada, custodiada. A tradi\u00e7\u00e3o mon\u00e1stica usa um termo ousado, mas muito concreto: a Palavra de Deus deve ser \u201cruminada\u201d. Podemos dizer que \u00e9 t\u00e3o nutritiva que deve atingir todos os \u00e2mbitos da vida: envolver, como diz Jesus hoje, todo o cora\u00e7\u00e3o, toda a alma, toda a mente, toda a for\u00e7a. Ela deve ressoar, ecoar dentro de n\u00f3s. Quando h\u00e1 este eco interior, significa que o Senhor habita no cora\u00e7\u00e3o. E nos diz, como aquele bom escriba do Evangelho: &#8220;Voc\u00ea n\u00e3o est\u00e1 longe do Reino de Deus.&#8221;<\/p>\n<p>De acordo com o Papa, &#8220;o Senhor n\u00e3o procura h\u00e1beis comentadores das Escrituras, mas sim cora\u00e7\u00f5es d\u00f3ceis que, ao acolherem a sua Palavra, se deixam mudar por dentro. Por isso \u00e9 t\u00e3o importante familiarizar-se com o Evangelho, t\u00ea-lo sempre \u00e0 m\u00e3o, ter um pequeno Evangelho no bolso, na bolsa para l\u00ea-lo e rel\u00ea-lo, apaixonar-se por ele&#8221;.<\/p>\n<p>Quando fazemos isso, Jesus, a Palavra do Pai, entra em nosso cora\u00e7\u00e3o, torna-se \u00edntimo e n\u00f3s damos fruto nele. Tomemos o Evangelho de hoje como exemplo: n\u00e3o basta l\u00ea-lo e entender que \u00e9 preciso amar a Deus e ao pr\u00f3ximo. \u00c9 necess\u00e1rio que este mandamento, o &#8220;grande mandamento&#8221;, ressoe dentro de n\u00f3s, seja assimilado, se torne a voz de nossa consci\u00eancia. Ent\u00e3o n\u00e3o permanece letra morta, na gaveta do coracnao, porque o Esp\u00edrito Santo faz germinar em n\u00f3s a semente dessa Palavra. E a Palavra de Deus age, \u00e9 sempre em movimento, \u00e9 viva e eficaz. Assim, cada um de n\u00f3s pode se tornar uma &#8220;tradu\u00e7\u00e3o&#8221; viva, diferente e original, da \u00fanica Palavra de amor que Deus nos doa. Vemos isso na vida dos santos, por exemplo: nenhum \u00e9 igual ao outro, s\u00e3o todos diferentes, mas todos com a mesma Palavra de Deus.<\/p>\n<p>O Papa convidou a tomar &#8220;o exemplo do escriba. Repitamos as palavras de Jesus, fa\u00e7amos que ressoem em n\u00f3s: \u00abAmar a Deus com todo o cora\u00e7\u00e3o, com toda a alma, com toda a mente e com toda a or\u00e7a e ao pr\u00f3ximo como a mim mesmo\u00bb. E perguntemo-nos: este mandamento orienta realmente a minha vida? Isso se reflete em meus dias? Nos far\u00e1 bem hoje \u00e0 noite, antes de dormir, fazer um exame de consci\u00eancia sobre esta Palavra, ver se hoje amamos o Senhor e doamos um pouco de bem a quem encontramos. Que todo encontro seja para doar um pouco de bem, um pouco de amor que vem dessa Palavra. Que a Virgem Maria, na qual o Verbo de Deus se fez carne, nos ensine a acolher no cora\u00e7\u00e3o as palavras vivas do Evangelho&#8221;.<\/p>\n<hr \/>\n<h3>A ora\u00e7\u00e3o do Papa pelos povos do Haiti e do Vietn\u00e3<\/h3>\n<p>Depois da ora\u00e7\u00e3o mariana do Angelus, o Papa Francisco recordou que &#8220;em v\u00e1rias partes do Vietn\u00e3, as chuvas intensas e prolongadas das \u00faltimas semanas causaram grandes inunda\u00e7\u00f5es, com milhares de evacuados&#8221;.<\/p>\n<p>A minha ora\u00e7\u00e3o e o meu pensamento se estendem \u00e0s muitas fam\u00edlias que sofrem, junto com meu encorajamento para aqueles, Autoridades do pa\u00eds e a Igreja local, que est\u00e3o trabalhando para responder \u00e0 emerg\u00eancia. Tamb\u00e9m estou pr\u00f3ximo das popula\u00e7\u00f5es da Sic\u00edlia afetadas pelo mau tempo.<\/p>\n<p>A seguir, o Papa recordou o povo haitiano, &#8220;que est\u00e1 vivendo em condi\u00e7\u00f5es extremas&#8221;.<\/p>\n<p>Pe\u00e7o aos respons\u00e1veis das na\u00e7\u00f5es que apoiem este pa\u00eds, que n\u00e3o o deixem s\u00f3. E voc\u00eas, ao voltarem para casa, procurem not\u00edcias sobre o Haiti, e rezem, rezem muito. Eu estava assistindo no programa &#8220;A Sua Imagem&#8221;, o testemunho de um mission\u00e1rio camiliano no Haiti, pe. Massimo Miraglio, as coisas que ele nos disse&#8230; quanto sofrimento, quanta dor h\u00e1 nesta terra, e quanto abandono. N\u00e3o os abandonemos!<\/p>\n<p>O Papa recordou que Tortosa, na Espanha, foram beatificados no \u00faltimo s\u00e1bado, Francisco Sojo L\u00f3pez, Mill\u00e1n Garde Serrano, Manuel Galcer\u00e1 Videllet e Aquilino Pastor Cambero, sacerdotes da Fraternidade dos Sacerdotes Oper\u00e1rios Diocesanos do Cora\u00e7\u00e3o de Jesus, todos mortos em \u00f3dio \u00e0 f\u00e9. &#8220;Pastores zelosos e generosos, eles permaneceram fi\u00e9is a seu minist\u00e9rio mesmo correndo risco de vida durante a persegui\u00e7\u00e3o religiosa dos anos 30. Que o seu testemunho seja um modelo especialmente para os sacerdotes&#8221;. Disse o Papa, pedindo uma salva de palmas para os novos beatos.<\/p>\n<p>A seguir, o Papa recordou a C\u00fapula da ONU sobre o Clima, a Cop26, que tem in\u00edcio neste domingo (31\/10), em Glasgow, Esc\u00f3cia.<\/p>\n<p>Rezemos para que o grito da Terra e o grito dos pobres sejam ouvidos; para que este encontro d\u00ea respostas eficazes, oferecendo esperan\u00e7a concreta \u00e0s gera\u00e7\u00f5es futuras. Neste contexto, abre-se hoje na Pra\u00e7a S\u00e3o Pedro, a mostra fotogr\u00e1fica &#8220;Laudato si&#8221;, de um jovem fot\u00f3grafo de Bangladesh.<\/p>\n<p>Por fim, o Papa saudou os romanos, peregrinos da Costa Rica e demais partes do mundo e da It\u00e1lia, e concedeu a todos a sua b\u00ean\u00e7\u00e3o apost\u00f3lica.<\/p>\n<hr \/>\n<p><em>Fonte: Vatican News (texto de Mariangela Jaguraba)<\/em><\/p>\n","protected":false},"excerpt":{"rendered":"<p>Angelus<\/p>\n","protected":false},"author":3,"featured_media":235026,"comment_status":"open","ping_status":"open","sticky":false,"template":"","format":"standard","meta":[],"categories":[1428],"tags":[403],"acf":[],"yoast_head":"<!-- This site is optimized with the Yoast SEO plugin v19.2 - https:\/\/yoast.com\/wordpress\/plugins\/seo\/ -->\n<title>Papa: a Palavra de Deus deve ser \u201cruminada\u201d, deve atingir todos os \u00e2mbitos da vida - Not\u00edcias - Franciscanos<\/title>\n<meta name=\"robots\" content=\"index, follow, max-snippet:-1, max-image-preview:large, max-video-preview:-1\" \/>\n<link rel=\"canonical\" href=\"https:\/\/franciscanos.org.br\/noticias\/papa-a-palavra-de-deus-deve-ser-ruminada-deve-atingir-todos-os-ambitos-da-vida.html\" \/>\n<meta property=\"og:locale\" content=\"pt_BR\" \/>\n<meta property=\"og:type\" content=\"article\" \/>\n<meta property=\"og:title\" content=\"Papa: a Palavra de Deus deve ser \u201cruminada\u201d, deve atingir todos os \u00e2mbitos da vida - Not\u00edcias - Franciscanos\" \/>\n<meta property=\"og:description\" content=\"Angelus\" \/>\n<meta property=\"og:url\" content=\"https:\/\/franciscanos.org.br\/noticias\/papa-a-palavra-de-deus-deve-ser-ruminada-deve-atingir-todos-os-ambitos-da-vida.html\" \/>\n<meta property=\"og:site_name\" content=\"Not\u00edcias - Franciscanos\" \/>\n<meta property=\"article:published_time\" content=\"2021-10-31T12:48:55+00:00\" \/>\n<meta property=\"og:image\" content=\"https:\/\/franciscanos.org.br\/noticias\/wp-content\/uploads\/2021\/10\/angelus_3110.jpg\" \/>\n\t<meta property=\"og:image:width\" content=\"1280\" \/>\n\t<meta property=\"og:image:height\" content=\"720\" \/>\n\t<meta property=\"og:image:type\" content=\"image\/jpeg\" \/>\n<meta name=\"author\" content=\"moacir\" \/>\n<meta name=\"twitter:card\" content=\"summary_large_image\" \/>\n<meta name=\"twitter:label1\" content=\"Escrito por\" \/>\n\t<meta name=\"twitter:data1\" content=\"moacir\" \/>\n\t<meta name=\"twitter:label2\" content=\"Est. tempo de leitura\" \/>\n\t<meta name=\"twitter:data2\" content=\"5 minutos\" \/>\n<script type=\"application\/ld+json\" class=\"yoast-schema-graph\">{\"@context\":\"https:\/\/schema.org\",\"@graph\":[{\"@type\":\"WebSite\",\"@id\":\"https:\/\/franciscanos.org.br\/noticias\/#website\",\"url\":\"https:\/\/franciscanos.org.br\/noticias\/\",\"name\":\"Not\u00edcias - Franciscanos\",\"description\":\"Prov\u00edncia Franciscana da Imaculada Concei\u00e7\u00e3o do Brasil - Ordem dos Frades Menores - OFM\",\"potentialAction\":[{\"@type\":\"SearchAction\",\"target\":{\"@type\":\"EntryPoint\",\"urlTemplate\":\"https:\/\/franciscanos.org.br\/noticias\/?s={search_term_string}\"},\"query-input\":\"required name=search_term_string\"}],\"inLanguage\":\"pt-BR\"},{\"@type\":\"ImageObject\",\"inLanguage\":\"pt-BR\",\"@id\":\"https:\/\/franciscanos.org.br\/noticias\/papa-a-palavra-de-deus-deve-ser-ruminada-deve-atingir-todos-os-ambitos-da-vida.html#primaryimage\",\"url\":\"https:\/\/franciscanos.org.br\/noticias\/wp-content\/uploads\/2021\/10\/angelus_3110.jpg\",\"contentUrl\":\"https:\/\/franciscanos.org.br\/noticias\/wp-content\/uploads\/2021\/10\/angelus_3110.jpg\",\"width\":1280,\"height\":720},{\"@type\":\"WebPage\",\"@id\":\"https:\/\/franciscanos.org.br\/noticias\/papa-a-palavra-de-deus-deve-ser-ruminada-deve-atingir-todos-os-ambitos-da-vida.html#webpage\",\"url\":\"https:\/\/franciscanos.org.br\/noticias\/papa-a-palavra-de-deus-deve-ser-ruminada-deve-atingir-todos-os-ambitos-da-vida.html\",\"name\":\"Papa: a Palavra de Deus deve ser \u201cruminada\u201d, deve atingir todos os \u00e2mbitos da vida - Not\u00edcias - Franciscanos\",\"isPartOf\":{\"@id\":\"https:\/\/franciscanos.org.br\/noticias\/#website\"},\"primaryImageOfPage\":{\"@id\":\"https:\/\/franciscanos.org.br\/noticias\/papa-a-palavra-de-deus-deve-ser-ruminada-deve-atingir-todos-os-ambitos-da-vida.html#primaryimage\"},\"datePublished\":\"2021-10-31T12:48:55+00:00\",\"dateModified\":\"2021-10-31T12:48:55+00:00\",\"author\":{\"@id\":\"https:\/\/franciscanos.org.br\/noticias\/#\/schema\/person\/b5c8cba458c330ccff548b056e95a5d4\"},\"breadcrumb\":{\"@id\":\"https:\/\/franciscanos.org.br\/noticias\/papa-a-palavra-de-deus-deve-ser-ruminada-deve-atingir-todos-os-ambitos-da-vida.html#breadcrumb\"},\"inLanguage\":\"pt-BR\",\"potentialAction\":[{\"@type\":\"ReadAction\",\"target\":[\"https:\/\/franciscanos.org.br\/noticias\/papa-a-palavra-de-deus-deve-ser-ruminada-deve-atingir-todos-os-ambitos-da-vida.html\"]}]},{\"@type\":\"BreadcrumbList\",\"@id\":\"https:\/\/franciscanos.org.br\/noticias\/papa-a-palavra-de-deus-deve-ser-ruminada-deve-atingir-todos-os-ambitos-da-vida.html#breadcrumb\",\"itemListElement\":[{\"@type\":\"ListItem\",\"position\":1,\"name\":\"Home\",\"item\":\"https:\/\/franciscanos.org.br\/noticias\"},{\"@type\":\"ListItem\",\"position\":2,\"name\":\"Papa: a Palavra de Deus deve ser \u201cruminada\u201d, deve atingir todos os \u00e2mbitos da vida\"}]},{\"@type\":\"Person\",\"@id\":\"https:\/\/franciscanos.org.br\/noticias\/#\/schema\/person\/b5c8cba458c330ccff548b056e95a5d4\",\"name\":\"moacir\",\"image\":{\"@type\":\"ImageObject\",\"inLanguage\":\"pt-BR\",\"@id\":\"https:\/\/franciscanos.org.br\/noticias\/#\/schema\/person\/image\/\",\"url\":\"https:\/\/secure.gravatar.com\/avatar\/d08aa2ce4c8dd416d4479aa8536fcf64?s=96&d=mm&r=g\",\"contentUrl\":\"https:\/\/secure.gravatar.com\/avatar\/d08aa2ce4c8dd416d4479aa8536fcf64?s=96&d=mm&r=g\",\"caption\":\"moacir\"},\"url\":\"https:\/\/franciscanos.org.br\/noticias\/author\/moacir\"}]}<\/script>\n<!-- \/ Yoast SEO plugin. -->","yoast_head_json":{"title":"Papa: a Palavra de Deus deve ser \u201cruminada\u201d, deve atingir todos os \u00e2mbitos da vida - Not\u00edcias - Franciscanos","robots":{"index":"index","follow":"follow","max-snippet":"max-snippet:-1","max-image-preview":"max-image-preview:large","max-video-preview":"max-video-preview:-1"},"canonical":"https:\/\/franciscanos.org.br\/noticias\/papa-a-palavra-de-deus-deve-ser-ruminada-deve-atingir-todos-os-ambitos-da-vida.html","og_locale":"pt_BR","og_type":"article","og_title":"Papa: a Palavra de Deus deve ser \u201cruminada\u201d, deve atingir todos os \u00e2mbitos da vida - Not\u00edcias - Franciscanos","og_description":"Angelus","og_url":"https:\/\/franciscanos.org.br\/noticias\/papa-a-palavra-de-deus-deve-ser-ruminada-deve-atingir-todos-os-ambitos-da-vida.html","og_site_name":"Not\u00edcias - Franciscanos","article_published_time":"2021-10-31T12:48:55+00:00","og_image":[{"width":1280,"height":720,"url":"https:\/\/franciscanos.org.br\/noticias\/wp-content\/uploads\/2021\/10\/angelus_3110.jpg","type":"image\/jpeg"}],"author":"moacir","twitter_card":"summary_large_image","twitter_misc":{"Escrito por":"moacir","Est. tempo de leitura":"5 minutos"},"schema":{"@context":"https:\/\/schema.org","@graph":[{"@type":"WebSite","@id":"https:\/\/franciscanos.org.br\/noticias\/#website","url":"https:\/\/franciscanos.org.br\/noticias\/","name":"Not\u00edcias - Franciscanos","description":"Prov\u00edncia Franciscana da Imaculada Concei\u00e7\u00e3o do Brasil - Ordem dos Frades Menores - OFM","potentialAction":[{"@type":"SearchAction","target":{"@type":"EntryPoint","urlTemplate":"https:\/\/franciscanos.org.br\/noticias\/?s={search_term_string}"},"query-input":"required name=search_term_string"}],"inLanguage":"pt-BR"},{"@type":"ImageObject","inLanguage":"pt-BR","@id":"https:\/\/franciscanos.org.br\/noticias\/papa-a-palavra-de-deus-deve-ser-ruminada-deve-atingir-todos-os-ambitos-da-vida.html#primaryimage","url":"https:\/\/franciscanos.org.br\/noticias\/wp-content\/uploads\/2021\/10\/angelus_3110.jpg","contentUrl":"https:\/\/franciscanos.org.br\/noticias\/wp-content\/uploads\/2021\/10\/angelus_3110.jpg","width":1280,"height":720},{"@type":"WebPage","@id":"https:\/\/franciscanos.org.br\/noticias\/papa-a-palavra-de-deus-deve-ser-ruminada-deve-atingir-todos-os-ambitos-da-vida.html#webpage","url":"https:\/\/franciscanos.org.br\/noticias\/papa-a-palavra-de-deus-deve-ser-ruminada-deve-atingir-todos-os-ambitos-da-vida.html","name":"Papa: a Palavra de Deus deve ser \u201cruminada\u201d, deve atingir todos os \u00e2mbitos da vida - Not\u00edcias - Franciscanos","isPartOf":{"@id":"https:\/\/franciscanos.org.br\/noticias\/#website"},"primaryImageOfPage":{"@id":"https:\/\/franciscanos.org.br\/noticias\/papa-a-palavra-de-deus-deve-ser-ruminada-deve-atingir-todos-os-ambitos-da-vida.html#primaryimage"},"datePublished":"2021-10-31T12:48:55+00:00","dateModified":"2021-10-31T12:48:55+00:00","author":{"@id":"https:\/\/franciscanos.org.br\/noticias\/#\/schema\/person\/b5c8cba458c330ccff548b056e95a5d4"},"breadcrumb":{"@id":"https:\/\/franciscanos.org.br\/noticias\/papa-a-palavra-de-deus-deve-ser-ruminada-deve-atingir-todos-os-ambitos-da-vida.html#breadcrumb"},"inLanguage":"pt-BR","potentialAction":[{"@type":"ReadAction","target":["https:\/\/franciscanos.org.br\/noticias\/papa-a-palavra-de-deus-deve-ser-ruminada-deve-atingir-todos-os-ambitos-da-vida.html"]}]},{"@type":"BreadcrumbList","@id":"https:\/\/franciscanos.org.br\/noticias\/papa-a-palavra-de-deus-deve-ser-ruminada-deve-atingir-todos-os-ambitos-da-vida.html#breadcrumb","itemListElement":[{"@type":"ListItem","position":1,"name":"Home","item":"https:\/\/franciscanos.org.br\/noticias"},{"@type":"ListItem","position":2,"name":"Papa: a Palavra de Deus deve ser \u201cruminada\u201d, deve atingir todos os \u00e2mbitos da vida"}]},{"@type":"Person","@id":"https:\/\/franciscanos.org.br\/noticias\/#\/schema\/person\/b5c8cba458c330ccff548b056e95a5d4","name":"moacir","image":{"@type":"ImageObject","inLanguage":"pt-BR","@id":"https:\/\/franciscanos.org.br\/noticias\/#\/schema\/person\/image\/","url":"https:\/\/secure.gravatar.com\/avatar\/d08aa2ce4c8dd416d4479aa8536fcf64?s=96&d=mm&r=g","contentUrl":"https:\/\/secure.gravatar.com\/avatar\/d08aa2ce4c8dd416d4479aa8536fcf64?s=96&d=mm&r=g","caption":"moacir"},"url":"https:\/\/franciscanos.org.br\/noticias\/author\/moacir"}]}},"_links":{"self":[{"href":"https:\/\/franciscanos.org.br\/noticias\/wp-json\/wp\/v2\/posts\/235025"}],"collection":[{"href":"https:\/\/franciscanos.org.br\/noticias\/wp-json\/wp\/v2\/posts"}],"about":[{"href":"https:\/\/franciscanos.org.br\/noticias\/wp-json\/wp\/v2\/types\/post"}],"author":[{"embeddable":true,"href":"https:\/\/franciscanos.org.br\/noticias\/wp-json\/wp\/v2\/users\/3"}],"replies":[{"embeddable":true,"href":"https:\/\/franciscanos.org.br\/noticias\/wp-json\/wp\/v2\/comments?post=235025"}],"version-history":[{"count":1,"href":"https:\/\/franciscanos.org.br\/noticias\/wp-json\/wp\/v2\/posts\/235025\/revisions"}],"predecessor-version":[{"id":235027,"href":"https:\/\/franciscanos.org.br\/noticias\/wp-json\/wp\/v2\/posts\/235025\/revisions\/235027"}],"wp:featuredmedia":[{"embeddable":true,"href":"https:\/\/franciscanos.org.br\/noticias\/wp-json\/wp\/v2\/media\/235026"}],"wp:attachment":[{"href":"https:\/\/franciscanos.org.br\/noticias\/wp-json\/wp\/v2\/media?parent=235025"}],"wp:term":[{"taxonomy":"category","embeddable":true,"href":"https:\/\/franciscanos.org.br\/noticias\/wp-json\/wp\/v2\/categories?post=235025"},{"taxonomy":"post_tag","embeddable":true,"href":"https:\/\/franciscanos.org.br\/noticias\/wp-json\/wp\/v2\/tags?post=235025"}],"curies":[{"name":"wp","href":"https:\/\/api.w.org\/{rel}","templated":true}]}}