{"id":235016,"date":"2021-10-30T06:09:35","date_gmt":"2021-10-30T09:09:35","guid":{"rendered":"https:\/\/franciscanos.org.br\/noticias\/?p=235016"},"modified":"2021-10-30T19:27:53","modified_gmt":"2021-10-30T22:27:53","slug":"coral-das-meninas-dos-canarinhos-de-petropolis-completa-33-anos-neste-final-de-semana","status":"publish","type":"post","link":"https:\/\/franciscanos.org.br\/noticias\/coral-das-meninas-dos-canarinhos-de-petropolis-completa-33-anos-neste-final-de-semana.html","title":{"rendered":"Coral das Meninas dos Canarinhos de Petr\u00f3polis completa 33 anos neste final de semana"},"content":{"rendered":"<p><img loading=\"lazy\" class=\"alignnone wp-image-235017 size-full\" src=\"https:\/\/franciscanos.org.br\/noticias\/wp-content\/uploads\/2021\/10\/canarinhos_menina_301021.jpg\" alt=\"\" width=\"1280\" height=\"720\" srcset=\"https:\/\/franciscanos.org.br\/noticias\/wp-content\/uploads\/2021\/10\/canarinhos_menina_301021.jpg 1280w, https:\/\/franciscanos.org.br\/noticias\/wp-content\/uploads\/2021\/10\/canarinhos_menina_301021-450x253.jpg 450w, https:\/\/franciscanos.org.br\/noticias\/wp-content\/uploads\/2021\/10\/canarinhos_menina_301021-1024x576.jpg 1024w, https:\/\/franciscanos.org.br\/noticias\/wp-content\/uploads\/2021\/10\/canarinhos_menina_301021-768x432.jpg 768w, https:\/\/franciscanos.org.br\/noticias\/wp-content\/uploads\/2021\/10\/canarinhos_menina_301021-150x84.jpg 150w\" sizes=\"(max-width: 1280px) 100vw, 1280px\" \/><\/p>\n<p>Para comemorar o 33\u00ba anivers\u00e1rio do Coral das Meninas dos Canarinhos de Petr\u00f3polis (RJ) ser\u00e3o realizados dois eventos neste final de semana. No s\u00e1bado (30\/10), \u00e0s 19 horas, ser\u00e1 lan\u00e7ado o \u201cEspecial de Anivers\u00e1rio\u201d que apresentar\u00e1 aspectos da hist\u00f3ria de centenas de Meninas Petropolitanas que passaram sua inf\u00e2ncia e adolesc\u00eancia dedicando-se a m\u00fasica e hoje est\u00e3o espalhadas pelo Brasil e pelo mundo. O Especial promete m\u00fasicas gravadas em casa e de modo presencial, al\u00e9m de depoimentos, fotografias e muita m\u00fasica. J\u00e1 no domingo \u00a0(31\/10), a Celebra\u00e7\u00e3o Eucar\u00edstica das 10 horas na Igreja do Sagrado ser\u00e1 celebrada pelo presidente do Instituto dos Meninos Cantores de Petr\u00f3polis (IMCP), Frei Marcos Antonio de Andrade, que far\u00e1 mem\u00f3ria desta caminhada de 33 anos. Os dois eventos ser\u00e3o transmitidos pelo Facebook e YouTube dos Canarinhos de Petr\u00f3polis e prometem celebrar e agradecer a Deus pela vida e a hist\u00f3ria de mais de tr\u00eas d\u00e9cadas do Coral.<\/p>\n<p><img loading=\"lazy\" class=\"alignright size-medium wp-image-235019\" src=\"https:\/\/franciscanos.org.br\/noticias\/wp-content\/uploads\/2021\/10\/canarinhos_menina_301021_1-450x450.jpg\" alt=\"\" width=\"450\" height=\"450\" srcset=\"https:\/\/franciscanos.org.br\/noticias\/wp-content\/uploads\/2021\/10\/canarinhos_menina_301021_1-450x450.jpg 450w, https:\/\/franciscanos.org.br\/noticias\/wp-content\/uploads\/2021\/10\/canarinhos_menina_301021_1-300x300.jpg 300w, https:\/\/franciscanos.org.br\/noticias\/wp-content\/uploads\/2021\/10\/canarinhos_menina_301021_1-150x150.jpg 150w, https:\/\/franciscanos.org.br\/noticias\/wp-content\/uploads\/2021\/10\/canarinhos_menina_301021_1-100x100.jpg 100w, https:\/\/franciscanos.org.br\/noticias\/wp-content\/uploads\/2021\/10\/canarinhos_menina_301021_1.jpg 500w\" sizes=\"(max-width: 450px) 100vw, 450px\" \/>Segundo o maestro do Coral das Meninas, Marcelo Vizani, \u00e9 uma honra e uma alegria estar \u00e0 frente de um dos mais tradicionais e importantes corais do cen\u00e1rio local e nacional. \u201cMais ainda em poder celebrar 33 anos de hist\u00f3ria do coro\u201d, destacou e lembrou que j\u00e1 s\u00e3o 23 anos \u00e0 frente do coral. \u201cReger tantas cantoras incr\u00edveis que passaram pelo Coral das Meninas dos Canarinhos \u00e9 sempre um motivo de comemora\u00e7\u00e3o\u201d, revelou.<\/p>\n<p>Para o \u00a0presidente do IMCP, Frei Marcos Antonio de Andrade, \u00a0celebrar os 33 anos do Coral das Meninas dos Canarinhos \u00e9 um momento muito importante para todo o Instituto, diante de tudo que foi vivenciado desde o ano passado e ainda estamos vivenciando nesta pandemia. \u201cApesar desta situa\u00e7\u00e3o pand\u00eamica que o pa\u00eds e o mundo vivem \u00e9 uma alegria poder voltar a ver as meninas cumprindo a miss\u00e3o de cantar os louvores a Deus, em nome da Igreja e da comunidade\u201d, destacou. \u201cN\u00e3o posso deixar de agradecer as meninas e aos familiares que continuaram neste tempo todo, mesmo on-line e com todas as dificuldades, acreditando no projeto de uma forma\u00e7\u00e3o humana e integral atrav\u00e9s de m\u00fasica de qualidade\u201d, disse e acrescentou: \u201cEsta data \u00e9 um momento de alegria, de agradecimento e de esperan\u00e7a. Com a gra\u00e7a de Deus este momento delicado vai passar. Agrade\u00e7o tamb\u00e9m todos os colaboradores do IMCP e todas as coralistas. Parab\u00e9ns ao Coral das Meninas por estes 33 anos\u201d, desejou.<\/p>\n<p>Uma identidade visual foi criada para celebrar o anivers\u00e1rio do coral. Com tra\u00e7os modernos, coloridos e arredondados, a logo apresenta a trajet\u00f3ria do coro e marca os 33 anos do Coral das Meninas dos Canarinhos de Petr\u00f3polis.<\/p>\n<p>Fundado em 1998, por Frei Jos\u00e9 Luis Prim, o Coral das Meninas dos Canarinhos de Petr\u00f3polis possui um repert\u00f3rio de m\u00fasica sacra, folcl\u00f3rica e popular. Em seus 33 anos de hist\u00f3ria, coleciona apresenta\u00e7\u00f5es memor\u00e1veis e participa\u00e7\u00f5es em grandes projetos, incluindo turn\u00eas pelo Brasil e em Portugal. Entre os destaques da carreira do coral est\u00e1 o lan\u00e7amento do primeiro CD \u201cMemorare\u201d, em 2015, com regrava\u00e7\u00f5es e tr\u00eas can\u00e7\u00f5es in\u00e9ditas, compostas especialmente para o \u00e1lbum.<\/p>\n<hr \/>\n<p><em>Frei Augusto Luiz Gabriel\u00a0<\/em><\/p>\n<p><iframe loading=\"lazy\" title=\"YouTube video player\" src=\"https:\/\/www.youtube.com\/embed\/P4Xy260KCrw\" width=\"100%\" height=\"480\" frameborder=\"0\" allowfullscreen=\"allowfullscreen\"><span data-mce-type=\"bookmark\" style=\"display: inline-block; width: 0px; overflow: hidden; line-height: 0;\" class=\"mce_SELRES_start\">\ufeff<\/span><\/iframe><\/p>\n","protected":false},"excerpt":{"rendered":"<p>Coral das Meninas dos Canarinhos de Petr\u00f3polis<\/p>\n","protected":false},"author":3,"featured_media":235018,"comment_status":"open","ping_status":"open","sticky":false,"template":"","format":"standard","meta":[],"categories":[1],"tags":[1531],"acf":[],"yoast_head":"<!-- This site is optimized with the Yoast SEO plugin v19.2 - https:\/\/yoast.com\/wordpress\/plugins\/seo\/ -->\n<title>Coral das Meninas dos Canarinhos de Petr\u00f3polis completa 33 anos neste final de semana - Not\u00edcias - Franciscanos<\/title>\n<meta name=\"robots\" content=\"index, follow, max-snippet:-1, max-image-preview:large, max-video-preview:-1\" \/>\n<link rel=\"canonical\" href=\"https:\/\/franciscanos.org.br\/noticias\/coral-das-meninas-dos-canarinhos-de-petropolis-completa-33-anos-neste-final-de-semana.html\" \/>\n<meta property=\"og:locale\" content=\"pt_BR\" \/>\n<meta property=\"og:type\" content=\"article\" \/>\n<meta property=\"og:title\" content=\"Coral das Meninas dos Canarinhos de Petr\u00f3polis completa 33 anos neste final de semana - Not\u00edcias - Franciscanos\" \/>\n<meta property=\"og:description\" content=\"Coral das Meninas dos Canarinhos de Petr\u00f3polis\" \/>\n<meta property=\"og:url\" content=\"https:\/\/franciscanos.org.br\/noticias\/coral-das-meninas-dos-canarinhos-de-petropolis-completa-33-anos-neste-final-de-semana.html\" \/>\n<meta property=\"og:site_name\" content=\"Not\u00edcias - Franciscanos\" \/>\n<meta property=\"article:published_time\" content=\"2021-10-30T09:09:35+00:00\" \/>\n<meta property=\"article:modified_time\" content=\"2021-10-30T22:27:53+00:00\" \/>\n<meta property=\"og:image\" content=\"https:\/\/franciscanos.org.br\/noticias\/wp-content\/uploads\/2021\/10\/canarinhos_meninas_3010d.jpg\" \/>\n\t<meta property=\"og:image:width\" content=\"800\" \/>\n\t<meta property=\"og:image:height\" content=\"550\" \/>\n\t<meta property=\"og:image:type\" content=\"image\/jpeg\" \/>\n<meta name=\"author\" content=\"moacir\" \/>\n<meta name=\"twitter:card\" content=\"summary_large_image\" \/>\n<meta name=\"twitter:label1\" content=\"Escrito por\" \/>\n\t<meta name=\"twitter:data1\" content=\"moacir\" \/>\n\t<meta name=\"twitter:label2\" content=\"Est. tempo de leitura\" \/>\n\t<meta name=\"twitter:data2\" content=\"3 minutos\" \/>\n<script type=\"application\/ld+json\" class=\"yoast-schema-graph\">{\"@context\":\"https:\/\/schema.org\",\"@graph\":[{\"@type\":\"WebSite\",\"@id\":\"https:\/\/franciscanos.org.br\/noticias\/#website\",\"url\":\"https:\/\/franciscanos.org.br\/noticias\/\",\"name\":\"Not\u00edcias - Franciscanos\",\"description\":\"Prov\u00edncia Franciscana da Imaculada Concei\u00e7\u00e3o do Brasil - Ordem dos Frades Menores - OFM\",\"potentialAction\":[{\"@type\":\"SearchAction\",\"target\":{\"@type\":\"EntryPoint\",\"urlTemplate\":\"https:\/\/franciscanos.org.br\/noticias\/?s={search_term_string}\"},\"query-input\":\"required name=search_term_string\"}],\"inLanguage\":\"pt-BR\"},{\"@type\":\"ImageObject\",\"inLanguage\":\"pt-BR\",\"@id\":\"https:\/\/franciscanos.org.br\/noticias\/coral-das-meninas-dos-canarinhos-de-petropolis-completa-33-anos-neste-final-de-semana.html#primaryimage\",\"url\":\"https:\/\/franciscanos.org.br\/noticias\/wp-content\/uploads\/2021\/10\/canarinhos_meninas_3010d.jpg\",\"contentUrl\":\"https:\/\/franciscanos.org.br\/noticias\/wp-content\/uploads\/2021\/10\/canarinhos_meninas_3010d.jpg\",\"width\":800,\"height\":550},{\"@type\":\"WebPage\",\"@id\":\"https:\/\/franciscanos.org.br\/noticias\/coral-das-meninas-dos-canarinhos-de-petropolis-completa-33-anos-neste-final-de-semana.html#webpage\",\"url\":\"https:\/\/franciscanos.org.br\/noticias\/coral-das-meninas-dos-canarinhos-de-petropolis-completa-33-anos-neste-final-de-semana.html\",\"name\":\"Coral das Meninas dos Canarinhos de Petr\u00f3polis completa 33 anos neste final de semana - Not\u00edcias - Franciscanos\",\"isPartOf\":{\"@id\":\"https:\/\/franciscanos.org.br\/noticias\/#website\"},\"primaryImageOfPage\":{\"@id\":\"https:\/\/franciscanos.org.br\/noticias\/coral-das-meninas-dos-canarinhos-de-petropolis-completa-33-anos-neste-final-de-semana.html#primaryimage\"},\"datePublished\":\"2021-10-30T09:09:35+00:00\",\"dateModified\":\"2021-10-30T22:27:53+00:00\",\"author\":{\"@id\":\"https:\/\/franciscanos.org.br\/noticias\/#\/schema\/person\/b5c8cba458c330ccff548b056e95a5d4\"},\"breadcrumb\":{\"@id\":\"https:\/\/franciscanos.org.br\/noticias\/coral-das-meninas-dos-canarinhos-de-petropolis-completa-33-anos-neste-final-de-semana.html#breadcrumb\"},\"inLanguage\":\"pt-BR\",\"potentialAction\":[{\"@type\":\"ReadAction\",\"target\":[\"https:\/\/franciscanos.org.br\/noticias\/coral-das-meninas-dos-canarinhos-de-petropolis-completa-33-anos-neste-final-de-semana.html\"]}]},{\"@type\":\"BreadcrumbList\",\"@id\":\"https:\/\/franciscanos.org.br\/noticias\/coral-das-meninas-dos-canarinhos-de-petropolis-completa-33-anos-neste-final-de-semana.html#breadcrumb\",\"itemListElement\":[{\"@type\":\"ListItem\",\"position\":1,\"name\":\"Home\",\"item\":\"https:\/\/franciscanos.org.br\/noticias\"},{\"@type\":\"ListItem\",\"position\":2,\"name\":\"Coral das Meninas dos Canarinhos de Petr\u00f3polis completa 33 anos neste final de semana\"}]},{\"@type\":\"Person\",\"@id\":\"https:\/\/franciscanos.org.br\/noticias\/#\/schema\/person\/b5c8cba458c330ccff548b056e95a5d4\",\"name\":\"moacir\",\"image\":{\"@type\":\"ImageObject\",\"inLanguage\":\"pt-BR\",\"@id\":\"https:\/\/franciscanos.org.br\/noticias\/#\/schema\/person\/image\/\",\"url\":\"https:\/\/secure.gravatar.com\/avatar\/d08aa2ce4c8dd416d4479aa8536fcf64?s=96&d=mm&r=g\",\"contentUrl\":\"https:\/\/secure.gravatar.com\/avatar\/d08aa2ce4c8dd416d4479aa8536fcf64?s=96&d=mm&r=g\",\"caption\":\"moacir\"},\"url\":\"https:\/\/franciscanos.org.br\/noticias\/author\/moacir\"}]}<\/script>\n<!-- \/ Yoast SEO plugin. -->","yoast_head_json":{"title":"Coral das Meninas dos Canarinhos de Petr\u00f3polis completa 33 anos neste final de semana - Not\u00edcias - Franciscanos","robots":{"index":"index","follow":"follow","max-snippet":"max-snippet:-1","max-image-preview":"max-image-preview:large","max-video-preview":"max-video-preview:-1"},"canonical":"https:\/\/franciscanos.org.br\/noticias\/coral-das-meninas-dos-canarinhos-de-petropolis-completa-33-anos-neste-final-de-semana.html","og_locale":"pt_BR","og_type":"article","og_title":"Coral das Meninas dos Canarinhos de Petr\u00f3polis completa 33 anos neste final de semana - Not\u00edcias - Franciscanos","og_description":"Coral das Meninas dos Canarinhos de Petr\u00f3polis","og_url":"https:\/\/franciscanos.org.br\/noticias\/coral-das-meninas-dos-canarinhos-de-petropolis-completa-33-anos-neste-final-de-semana.html","og_site_name":"Not\u00edcias - Franciscanos","article_published_time":"2021-10-30T09:09:35+00:00","article_modified_time":"2021-10-30T22:27:53+00:00","og_image":[{"width":800,"height":550,"url":"https:\/\/franciscanos.org.br\/noticias\/wp-content\/uploads\/2021\/10\/canarinhos_meninas_3010d.jpg","type":"image\/jpeg"}],"author":"moacir","twitter_card":"summary_large_image","twitter_misc":{"Escrito por":"moacir","Est. tempo de leitura":"3 minutos"},"schema":{"@context":"https:\/\/schema.org","@graph":[{"@type":"WebSite","@id":"https:\/\/franciscanos.org.br\/noticias\/#website","url":"https:\/\/franciscanos.org.br\/noticias\/","name":"Not\u00edcias - Franciscanos","description":"Prov\u00edncia Franciscana da Imaculada Concei\u00e7\u00e3o do Brasil - Ordem dos Frades Menores - OFM","potentialAction":[{"@type":"SearchAction","target":{"@type":"EntryPoint","urlTemplate":"https:\/\/franciscanos.org.br\/noticias\/?s={search_term_string}"},"query-input":"required name=search_term_string"}],"inLanguage":"pt-BR"},{"@type":"ImageObject","inLanguage":"pt-BR","@id":"https:\/\/franciscanos.org.br\/noticias\/coral-das-meninas-dos-canarinhos-de-petropolis-completa-33-anos-neste-final-de-semana.html#primaryimage","url":"https:\/\/franciscanos.org.br\/noticias\/wp-content\/uploads\/2021\/10\/canarinhos_meninas_3010d.jpg","contentUrl":"https:\/\/franciscanos.org.br\/noticias\/wp-content\/uploads\/2021\/10\/canarinhos_meninas_3010d.jpg","width":800,"height":550},{"@type":"WebPage","@id":"https:\/\/franciscanos.org.br\/noticias\/coral-das-meninas-dos-canarinhos-de-petropolis-completa-33-anos-neste-final-de-semana.html#webpage","url":"https:\/\/franciscanos.org.br\/noticias\/coral-das-meninas-dos-canarinhos-de-petropolis-completa-33-anos-neste-final-de-semana.html","name":"Coral das Meninas dos Canarinhos de Petr\u00f3polis completa 33 anos neste final de semana - Not\u00edcias - Franciscanos","isPartOf":{"@id":"https:\/\/franciscanos.org.br\/noticias\/#website"},"primaryImageOfPage":{"@id":"https:\/\/franciscanos.org.br\/noticias\/coral-das-meninas-dos-canarinhos-de-petropolis-completa-33-anos-neste-final-de-semana.html#primaryimage"},"datePublished":"2021-10-30T09:09:35+00:00","dateModified":"2021-10-30T22:27:53+00:00","author":{"@id":"https:\/\/franciscanos.org.br\/noticias\/#\/schema\/person\/b5c8cba458c330ccff548b056e95a5d4"},"breadcrumb":{"@id":"https:\/\/franciscanos.org.br\/noticias\/coral-das-meninas-dos-canarinhos-de-petropolis-completa-33-anos-neste-final-de-semana.html#breadcrumb"},"inLanguage":"pt-BR","potentialAction":[{"@type":"ReadAction","target":["https:\/\/franciscanos.org.br\/noticias\/coral-das-meninas-dos-canarinhos-de-petropolis-completa-33-anos-neste-final-de-semana.html"]}]},{"@type":"BreadcrumbList","@id":"https:\/\/franciscanos.org.br\/noticias\/coral-das-meninas-dos-canarinhos-de-petropolis-completa-33-anos-neste-final-de-semana.html#breadcrumb","itemListElement":[{"@type":"ListItem","position":1,"name":"Home","item":"https:\/\/franciscanos.org.br\/noticias"},{"@type":"ListItem","position":2,"name":"Coral das Meninas dos Canarinhos de Petr\u00f3polis completa 33 anos neste final de semana"}]},{"@type":"Person","@id":"https:\/\/franciscanos.org.br\/noticias\/#\/schema\/person\/b5c8cba458c330ccff548b056e95a5d4","name":"moacir","image":{"@type":"ImageObject","inLanguage":"pt-BR","@id":"https:\/\/franciscanos.org.br\/noticias\/#\/schema\/person\/image\/","url":"https:\/\/secure.gravatar.com\/avatar\/d08aa2ce4c8dd416d4479aa8536fcf64?s=96&d=mm&r=g","contentUrl":"https:\/\/secure.gravatar.com\/avatar\/d08aa2ce4c8dd416d4479aa8536fcf64?s=96&d=mm&r=g","caption":"moacir"},"url":"https:\/\/franciscanos.org.br\/noticias\/author\/moacir"}]}},"_links":{"self":[{"href":"https:\/\/franciscanos.org.br\/noticias\/wp-json\/wp\/v2\/posts\/235016"}],"collection":[{"href":"https:\/\/franciscanos.org.br\/noticias\/wp-json\/wp\/v2\/posts"}],"about":[{"href":"https:\/\/franciscanos.org.br\/noticias\/wp-json\/wp\/v2\/types\/post"}],"author":[{"embeddable":true,"href":"https:\/\/franciscanos.org.br\/noticias\/wp-json\/wp\/v2\/users\/3"}],"replies":[{"embeddable":true,"href":"https:\/\/franciscanos.org.br\/noticias\/wp-json\/wp\/v2\/comments?post=235016"}],"version-history":[{"count":3,"href":"https:\/\/franciscanos.org.br\/noticias\/wp-json\/wp\/v2\/posts\/235016\/revisions"}],"predecessor-version":[{"id":235024,"href":"https:\/\/franciscanos.org.br\/noticias\/wp-json\/wp\/v2\/posts\/235016\/revisions\/235024"}],"wp:featuredmedia":[{"embeddable":true,"href":"https:\/\/franciscanos.org.br\/noticias\/wp-json\/wp\/v2\/media\/235018"}],"wp:attachment":[{"href":"https:\/\/franciscanos.org.br\/noticias\/wp-json\/wp\/v2\/media?parent=235016"}],"wp:term":[{"taxonomy":"category","embeddable":true,"href":"https:\/\/franciscanos.org.br\/noticias\/wp-json\/wp\/v2\/categories?post=235016"},{"taxonomy":"post_tag","embeddable":true,"href":"https:\/\/franciscanos.org.br\/noticias\/wp-json\/wp\/v2\/tags?post=235016"}],"curies":[{"name":"wp","href":"https:\/\/api.w.org\/{rel}","templated":true}]}}