{"id":235010,"date":"2021-11-09T05:12:47","date_gmt":"2021-11-09T08:12:47","guid":{"rendered":"https:\/\/franciscanos.org.br\/noticias\/?p=235010"},"modified":"2021-11-12T20:48:18","modified_gmt":"2021-11-12T23:48:18","slug":"sete-jovens-frades-farao-a-profissao-solene-em-petropolis","status":"publish","type":"post","link":"https:\/\/franciscanos.org.br\/noticias\/sete-jovens-frades-farao-a-profissao-solene-em-petropolis.html","title":{"rendered":"Sete jovens frades far\u00e3o a  Profiss\u00e3o Solene em Petr\u00f3polis"},"content":{"rendered":"<p><img loading=\"lazy\" src=\"https:\/\/franciscanos.org.br\/noticias\/wp-content\/uploads\/2021\/10\/profissao-1280.gif\" alt=\"\" width=\"1280\" height=\"719\" \/><\/p>\n<p>A Funda\u00e7\u00e3o Imaculada M\u00e3e de Deus e a Prov\u00edncia da Imaculada Concei\u00e7\u00e3o celebrar\u00e3o, no dia 13 de novembro, o ingresso definitivo na Ordem dos Frades Menores de sete frades professos tempor\u00e1rios: os jovens angolanos Frei Andr\u00e9 dos Santos Sungo Mingas, Frei Honorato Salvador Gaspar Gabriel, Frei Jos\u00e9 Jo\u00e3o Ganga e Frei Miguel Tchiteculo Tchindjombo Filipe, e os brasileiros Frei Felipe Medeiros Carretta, Frei Jonas Ribeiro da Silva e Frei Thiago da Silva Soares.<\/p>\n<p>Esse momento importante na vida do religioso franciscano ser\u00e1 feito na Igreja do Sagrado Cora\u00e7\u00e3o de Jesus de Petr\u00f3polis (RJ), durante a solene Celebra\u00e7\u00e3o Eucar\u00edstica \u00e0s 18h00.<\/p>\n<p>O \u2018sim\u2019 definitivo ser\u00e1 dado nas m\u00e3os do Ministro Provincial, Frei Fid\u00eancio Vanboemmel. Como tema, escolheram uma frase do Testamento de S\u00e3o Francisco: \u201cE depois que o Senhor me deu irm\u00e3os ningu\u00e9m me mostrou que eu deveria fazer, mas o Alt\u00edssimo mesmo me revelou que eu devia viver segundo a forma do Santo Evangelho\u201d (Test 4,14).<\/p>\n<p>Cada um dos frades far\u00e1 a profiss\u00e3o pela qual se compromete a seguir Jesus Cristo observando os conselhos evang\u00e9licos: \u201cPara louvor e gl\u00f3ria da Sant\u00edssima Trindade, eu, frei\u2026 tendo o Senhor me dado a gra\u00e7a de seguir mais de perto o Evangelho e os passos de Nosso Senhor Jesus Cristo, em tuas m\u00e3os, Frei Fid\u00eancio Vanboemmel, com firme f\u00e9 e vontade, fa\u00e7o voto a Deus, Pai santo e todo-poderoso, de viver por todo o tempo de minha vida, em obedi\u00eancia, sem nada de pr\u00f3prio e em castidade. Ao mesmo tempo, professo a vida e a Regra dos Frades Menores, confirmada pelo Papa Hon\u00f3rio, e prometo observ\u00e1-la fielmente segundo as Constitui\u00e7\u00f5es da Ordem dos Frades Menores. Entrego-me, pois, de todo o cora\u00e7\u00e3o a esta Fraternidade, para que, pela a\u00e7\u00e3o eficaz do Esp\u00edrito Santo, guiado pelo exemplo de Maria Imaculada, por intercess\u00e3o de nosso Pai S\u00e3o Francisco e de todos os santos, e com a ajuda fraterna de todos, eu possa tender constantemente para a perfeita caridade, no servi\u00e7o a Deus, \u00e0 Igreja e aos homens\u201d.<\/p>\n<p>O rito da profiss\u00e3o perp\u00e9tua celebra-se dentro da Missa, com a devida solenidade e a participa\u00e7\u00e3o da comunidade. Depois da leitura do evangelho, come\u00e7a-se o rito na seguinte ordem: chamado do professando; apresenta\u00e7\u00e3o de sua trajet\u00f3ria vocacional; di\u00e1logo com o celebrante; homilia; prostra\u00e7\u00e3o e Ladainha de Todos os Santos; profiss\u00e3o dos votos e b\u00ean\u00e7\u00e3o aos professandos.<\/p>\n<p><img loading=\"lazy\" src=\"https:\/\/franciscanos.org.br\/noticias\/wp-content\/uploads\/2021\/11\/profissao.jpg\" alt=\"\" width=\"1234\" height=\"1080\" \/><\/p>\n<p>&nbsp;<\/p>\n<p><img loading=\"lazy\" src=\"https:\/\/franciscanos.org.br\/noticias\/wp-content\/uploads\/2021\/10\/profissao-convite.gif\" alt=\"\" width=\"1280\" height=\"675\" \/><\/p>\n","protected":false},"excerpt":{"rendered":"<p>Profiss\u00e3o Solene<\/p>\n","protected":false},"author":7,"featured_media":235012,"comment_status":"open","ping_status":"open","sticky":false,"template":"","format":"standard","meta":[],"categories":[1],"tags":[190,418],"acf":[],"yoast_head":"<!-- This site is optimized with the Yoast SEO plugin v19.2 - https:\/\/yoast.com\/wordpress\/plugins\/seo\/ -->\n<title>Sete jovens frades far\u00e3o a Profiss\u00e3o Solene em Petr\u00f3polis - Not\u00edcias - Franciscanos<\/title>\n<meta name=\"robots\" content=\"index, follow, max-snippet:-1, max-image-preview:large, max-video-preview:-1\" \/>\n<link rel=\"canonical\" href=\"https:\/\/franciscanos.org.br\/noticias\/sete-jovens-frades-farao-a-profissao-solene-em-petropolis.html\" \/>\n<meta property=\"og:locale\" content=\"pt_BR\" \/>\n<meta property=\"og:type\" content=\"article\" \/>\n<meta property=\"og:title\" content=\"Sete jovens frades far\u00e3o a Profiss\u00e3o Solene em Petr\u00f3polis - Not\u00edcias - Franciscanos\" \/>\n<meta property=\"og:description\" content=\"Profiss\u00e3o Solene\" \/>\n<meta property=\"og:url\" content=\"https:\/\/franciscanos.org.br\/noticias\/sete-jovens-frades-farao-a-profissao-solene-em-petropolis.html\" \/>\n<meta property=\"og:site_name\" content=\"Not\u00edcias - Franciscanos\" \/>\n<meta property=\"article:published_time\" content=\"2021-11-09T08:12:47+00:00\" \/>\n<meta property=\"article:modified_time\" content=\"2021-11-12T23:48:18+00:00\" \/>\n<meta property=\"og:image\" content=\"https:\/\/franciscanos.org.br\/noticias\/wp-content\/uploads\/2021\/10\/profissao-800.gif\" \/>\n\t<meta property=\"og:image:width\" content=\"800\" \/>\n\t<meta property=\"og:image:height\" content=\"551\" \/>\n\t<meta property=\"og:image:type\" content=\"image\/gif\" \/>\n<meta name=\"author\" content=\"jovenal\" \/>\n<meta name=\"twitter:card\" content=\"summary_large_image\" \/>\n<meta name=\"twitter:label1\" content=\"Escrito por\" \/>\n\t<meta name=\"twitter:data1\" content=\"jovenal\" \/>\n\t<meta name=\"twitter:label2\" content=\"Est. tempo de leitura\" \/>\n\t<meta name=\"twitter:data2\" content=\"3 minutos\" \/>\n<script type=\"application\/ld+json\" class=\"yoast-schema-graph\">{\"@context\":\"https:\/\/schema.org\",\"@graph\":[{\"@type\":\"WebSite\",\"@id\":\"https:\/\/franciscanos.org.br\/noticias\/#website\",\"url\":\"https:\/\/franciscanos.org.br\/noticias\/\",\"name\":\"Not\u00edcias - Franciscanos\",\"description\":\"Prov\u00edncia Franciscana da Imaculada Concei\u00e7\u00e3o do Brasil - Ordem dos Frades Menores - OFM\",\"potentialAction\":[{\"@type\":\"SearchAction\",\"target\":{\"@type\":\"EntryPoint\",\"urlTemplate\":\"https:\/\/franciscanos.org.br\/noticias\/?s={search_term_string}\"},\"query-input\":\"required name=search_term_string\"}],\"inLanguage\":\"pt-BR\"},{\"@type\":\"ImageObject\",\"inLanguage\":\"pt-BR\",\"@id\":\"https:\/\/franciscanos.org.br\/noticias\/sete-jovens-frades-farao-a-profissao-solene-em-petropolis.html#primaryimage\",\"url\":\"https:\/\/franciscanos.org.br\/noticias\/wp-content\/uploads\/2021\/10\/profissao-800.gif\",\"contentUrl\":\"https:\/\/franciscanos.org.br\/noticias\/wp-content\/uploads\/2021\/10\/profissao-800.gif\",\"width\":800,\"height\":551},{\"@type\":\"WebPage\",\"@id\":\"https:\/\/franciscanos.org.br\/noticias\/sete-jovens-frades-farao-a-profissao-solene-em-petropolis.html#webpage\",\"url\":\"https:\/\/franciscanos.org.br\/noticias\/sete-jovens-frades-farao-a-profissao-solene-em-petropolis.html\",\"name\":\"Sete jovens frades far\u00e3o a Profiss\u00e3o Solene em Petr\u00f3polis - Not\u00edcias - Franciscanos\",\"isPartOf\":{\"@id\":\"https:\/\/franciscanos.org.br\/noticias\/#website\"},\"primaryImageOfPage\":{\"@id\":\"https:\/\/franciscanos.org.br\/noticias\/sete-jovens-frades-farao-a-profissao-solene-em-petropolis.html#primaryimage\"},\"datePublished\":\"2021-11-09T08:12:47+00:00\",\"dateModified\":\"2021-11-12T23:48:18+00:00\",\"author\":{\"@id\":\"https:\/\/franciscanos.org.br\/noticias\/#\/schema\/person\/c3a26b08313dd1772495ce300ab257cc\"},\"breadcrumb\":{\"@id\":\"https:\/\/franciscanos.org.br\/noticias\/sete-jovens-frades-farao-a-profissao-solene-em-petropolis.html#breadcrumb\"},\"inLanguage\":\"pt-BR\",\"potentialAction\":[{\"@type\":\"ReadAction\",\"target\":[\"https:\/\/franciscanos.org.br\/noticias\/sete-jovens-frades-farao-a-profissao-solene-em-petropolis.html\"]}]},{\"@type\":\"BreadcrumbList\",\"@id\":\"https:\/\/franciscanos.org.br\/noticias\/sete-jovens-frades-farao-a-profissao-solene-em-petropolis.html#breadcrumb\",\"itemListElement\":[{\"@type\":\"ListItem\",\"position\":1,\"name\":\"Home\",\"item\":\"https:\/\/franciscanos.org.br\/noticias\"},{\"@type\":\"ListItem\",\"position\":2,\"name\":\"Sete jovens frades far\u00e3o a Profiss\u00e3o Solene em Petr\u00f3polis\"}]},{\"@type\":\"Person\",\"@id\":\"https:\/\/franciscanos.org.br\/noticias\/#\/schema\/person\/c3a26b08313dd1772495ce300ab257cc\",\"name\":\"jovenal\",\"image\":{\"@type\":\"ImageObject\",\"inLanguage\":\"pt-BR\",\"@id\":\"https:\/\/franciscanos.org.br\/noticias\/#\/schema\/person\/image\/\",\"url\":\"https:\/\/secure.gravatar.com\/avatar\/e94509f531086e2eaf97e72f29ea00f9?s=96&d=mm&r=g\",\"contentUrl\":\"https:\/\/secure.gravatar.com\/avatar\/e94509f531086e2eaf97e72f29ea00f9?s=96&d=mm&r=g\",\"caption\":\"jovenal\"},\"url\":\"https:\/\/franciscanos.org.br\/noticias\/author\/jovenal\"}]}<\/script>\n<!-- \/ Yoast SEO plugin. -->","yoast_head_json":{"title":"Sete jovens frades far\u00e3o a Profiss\u00e3o Solene em Petr\u00f3polis - Not\u00edcias - Franciscanos","robots":{"index":"index","follow":"follow","max-snippet":"max-snippet:-1","max-image-preview":"max-image-preview:large","max-video-preview":"max-video-preview:-1"},"canonical":"https:\/\/franciscanos.org.br\/noticias\/sete-jovens-frades-farao-a-profissao-solene-em-petropolis.html","og_locale":"pt_BR","og_type":"article","og_title":"Sete jovens frades far\u00e3o a Profiss\u00e3o Solene em Petr\u00f3polis - Not\u00edcias - Franciscanos","og_description":"Profiss\u00e3o Solene","og_url":"https:\/\/franciscanos.org.br\/noticias\/sete-jovens-frades-farao-a-profissao-solene-em-petropolis.html","og_site_name":"Not\u00edcias - Franciscanos","article_published_time":"2021-11-09T08:12:47+00:00","article_modified_time":"2021-11-12T23:48:18+00:00","og_image":[{"width":800,"height":551,"url":"https:\/\/franciscanos.org.br\/noticias\/wp-content\/uploads\/2021\/10\/profissao-800.gif","type":"image\/gif"}],"author":"jovenal","twitter_card":"summary_large_image","twitter_misc":{"Escrito por":"jovenal","Est. tempo de leitura":"3 minutos"},"schema":{"@context":"https:\/\/schema.org","@graph":[{"@type":"WebSite","@id":"https:\/\/franciscanos.org.br\/noticias\/#website","url":"https:\/\/franciscanos.org.br\/noticias\/","name":"Not\u00edcias - Franciscanos","description":"Prov\u00edncia Franciscana da Imaculada Concei\u00e7\u00e3o do Brasil - Ordem dos Frades Menores - OFM","potentialAction":[{"@type":"SearchAction","target":{"@type":"EntryPoint","urlTemplate":"https:\/\/franciscanos.org.br\/noticias\/?s={search_term_string}"},"query-input":"required name=search_term_string"}],"inLanguage":"pt-BR"},{"@type":"ImageObject","inLanguage":"pt-BR","@id":"https:\/\/franciscanos.org.br\/noticias\/sete-jovens-frades-farao-a-profissao-solene-em-petropolis.html#primaryimage","url":"https:\/\/franciscanos.org.br\/noticias\/wp-content\/uploads\/2021\/10\/profissao-800.gif","contentUrl":"https:\/\/franciscanos.org.br\/noticias\/wp-content\/uploads\/2021\/10\/profissao-800.gif","width":800,"height":551},{"@type":"WebPage","@id":"https:\/\/franciscanos.org.br\/noticias\/sete-jovens-frades-farao-a-profissao-solene-em-petropolis.html#webpage","url":"https:\/\/franciscanos.org.br\/noticias\/sete-jovens-frades-farao-a-profissao-solene-em-petropolis.html","name":"Sete jovens frades far\u00e3o a Profiss\u00e3o Solene em Petr\u00f3polis - Not\u00edcias - Franciscanos","isPartOf":{"@id":"https:\/\/franciscanos.org.br\/noticias\/#website"},"primaryImageOfPage":{"@id":"https:\/\/franciscanos.org.br\/noticias\/sete-jovens-frades-farao-a-profissao-solene-em-petropolis.html#primaryimage"},"datePublished":"2021-11-09T08:12:47+00:00","dateModified":"2021-11-12T23:48:18+00:00","author":{"@id":"https:\/\/franciscanos.org.br\/noticias\/#\/schema\/person\/c3a26b08313dd1772495ce300ab257cc"},"breadcrumb":{"@id":"https:\/\/franciscanos.org.br\/noticias\/sete-jovens-frades-farao-a-profissao-solene-em-petropolis.html#breadcrumb"},"inLanguage":"pt-BR","potentialAction":[{"@type":"ReadAction","target":["https:\/\/franciscanos.org.br\/noticias\/sete-jovens-frades-farao-a-profissao-solene-em-petropolis.html"]}]},{"@type":"BreadcrumbList","@id":"https:\/\/franciscanos.org.br\/noticias\/sete-jovens-frades-farao-a-profissao-solene-em-petropolis.html#breadcrumb","itemListElement":[{"@type":"ListItem","position":1,"name":"Home","item":"https:\/\/franciscanos.org.br\/noticias"},{"@type":"ListItem","position":2,"name":"Sete jovens frades far\u00e3o a Profiss\u00e3o Solene em Petr\u00f3polis"}]},{"@type":"Person","@id":"https:\/\/franciscanos.org.br\/noticias\/#\/schema\/person\/c3a26b08313dd1772495ce300ab257cc","name":"jovenal","image":{"@type":"ImageObject","inLanguage":"pt-BR","@id":"https:\/\/franciscanos.org.br\/noticias\/#\/schema\/person\/image\/","url":"https:\/\/secure.gravatar.com\/avatar\/e94509f531086e2eaf97e72f29ea00f9?s=96&d=mm&r=g","contentUrl":"https:\/\/secure.gravatar.com\/avatar\/e94509f531086e2eaf97e72f29ea00f9?s=96&d=mm&r=g","caption":"jovenal"},"url":"https:\/\/franciscanos.org.br\/noticias\/author\/jovenal"}]}},"_links":{"self":[{"href":"https:\/\/franciscanos.org.br\/noticias\/wp-json\/wp\/v2\/posts\/235010"}],"collection":[{"href":"https:\/\/franciscanos.org.br\/noticias\/wp-json\/wp\/v2\/posts"}],"about":[{"href":"https:\/\/franciscanos.org.br\/noticias\/wp-json\/wp\/v2\/types\/post"}],"author":[{"embeddable":true,"href":"https:\/\/franciscanos.org.br\/noticias\/wp-json\/wp\/v2\/users\/7"}],"replies":[{"embeddable":true,"href":"https:\/\/franciscanos.org.br\/noticias\/wp-json\/wp\/v2\/comments?post=235010"}],"version-history":[{"count":7,"href":"https:\/\/franciscanos.org.br\/noticias\/wp-json\/wp\/v2\/posts\/235010\/revisions"}],"predecessor-version":[{"id":235136,"href":"https:\/\/franciscanos.org.br\/noticias\/wp-json\/wp\/v2\/posts\/235010\/revisions\/235136"}],"wp:featuredmedia":[{"embeddable":true,"href":"https:\/\/franciscanos.org.br\/noticias\/wp-json\/wp\/v2\/media\/235012"}],"wp:attachment":[{"href":"https:\/\/franciscanos.org.br\/noticias\/wp-json\/wp\/v2\/media?parent=235010"}],"wp:term":[{"taxonomy":"category","embeddable":true,"href":"https:\/\/franciscanos.org.br\/noticias\/wp-json\/wp\/v2\/categories?post=235010"},{"taxonomy":"post_tag","embeddable":true,"href":"https:\/\/franciscanos.org.br\/noticias\/wp-json\/wp\/v2\/tags?post=235010"}],"curies":[{"name":"wp","href":"https:\/\/api.w.org\/{rel}","templated":true}]}}