{"id":234962,"date":"2021-10-25T18:41:20","date_gmt":"2021-10-25T21:41:20","guid":{"rendered":"https:\/\/franciscanos.org.br\/noticias\/?p=234962"},"modified":"2021-10-25T18:41:20","modified_gmt":"2021-10-25T21:41:20","slug":"frei-cesar-sao-francisco-e-frei-galvao-abracaram-cristo-de-coracao-pleno","status":"publish","type":"post","link":"https:\/\/franciscanos.org.br\/noticias\/frei-cesar-sao-francisco-e-frei-galvao-abracaram-cristo-de-coracao-pleno.html","title":{"rendered":"Frei C\u00e9sar: &#8220;S\u00e3o Francisco e Frei Galv\u00e3o abra\u00e7aram Cristo de cora\u00e7\u00e3o pleno&#8221;"},"content":{"rendered":"<p><img loading=\"lazy\" class=\"alignnone wp-image-234963 size-full\" src=\"https:\/\/franciscanos.org.br\/noticias\/wp-content\/uploads\/2021\/10\/convento_2510.jpg\" alt=\"\" width=\"1280\" height=\"754\" srcset=\"https:\/\/franciscanos.org.br\/noticias\/wp-content\/uploads\/2021\/10\/convento_2510.jpg 1280w, https:\/\/franciscanos.org.br\/noticias\/wp-content\/uploads\/2021\/10\/convento_2510-450x265.jpg 450w, https:\/\/franciscanos.org.br\/noticias\/wp-content\/uploads\/2021\/10\/convento_2510-1024x603.jpg 1024w, https:\/\/franciscanos.org.br\/noticias\/wp-content\/uploads\/2021\/10\/convento_2510-768x452.jpg 768w, https:\/\/franciscanos.org.br\/noticias\/wp-content\/uploads\/2021\/10\/convento_2510-150x88.jpg 150w\" sizes=\"(max-width: 1280px) 100vw, 1280px\" \/><\/p>\n<p>A casa de Frei Galv\u00e3o foi o Convento S\u00e3o Francisco, no centro de S\u00e3o Paulo. Nele o primeiro santo brasileiro viveu 60 anos. Este dia 25 de outubro, da festa de Santo Ant\u00f4nio de Sant&#8217;Ana Galv\u00e3o, foi comemorado durante todo o dia no antigo Convento franciscano e, na Missa das 15 horas, o Definidor Geral, Frei C\u00e9sar K\u00fclkamp, presidiu a Celebra\u00e7\u00e3o Eucar\u00edstica, tendo como concelebrantes o guardi\u00e3o Frei M\u00e1rio Tagliari e Frei Guido Moacir Scheidt.<\/p>\n<p>Frei Galv\u00e3o foi transferido para o Convento no dia 24 de julho de 1762, continuando os seus estudos de Filosofia e Teologia. Ele faleceu no dia 23 de dezembro de 1822, aos 83 anos de idade e foi sepultado no presbit\u00e9rio da capela do Mosteiro da Luz.<\/p>\n<p>Na sua homilia, Frei C\u00e9sar destacou quatro caracter\u00edsticas de Frei Galv\u00e3o para a nossa vida crist\u00e3:<\/p>\n<p><strong>UM SANTO BRASILEIRO<\/strong><br \/>\n&#8211; Frei Galv\u00e3o nasceu em Guaratinguet\u00e1, aqui bem perto de n\u00f3s.<\/p>\n<p>&#8211; Viveu na Bahia, quando adolescente, no Rio de Janeiro para cumprir sua forma\u00e7\u00e3o franciscana, ficou um per\u00edodo curto no Paran\u00e1 e viveu aqui em S\u00e3o Paulo, neste Convento de S\u00e3o Francisco a maior parte de sua vida, por 60 anos, assumindo as mais diferentes tarefas a servi\u00e7o da fraternidade e do povo aqui atendido.<\/p>\n<p>&#8211; Olhando para Frei Galv\u00e3o, este santo brasileiro, paulista, que viveu t\u00e3o pr\u00f3ximo de n\u00f3s, podemos nos perguntar: O que significa ser brasileiro hoje? O que significa viver numa cidade t\u00e3o grande e complexa como a nossa? O que significa amar este lugar e o nosso Pa\u00eds hoje? Que sonhos temos o direito de sonhar enquanto brasileiros e brasileiras? Seria demais sonhar um pa\u00eds onde todo mundo tenha comida \u00e0 mesa, um teto para se abrigar, sa\u00fade com dignidade e um trabalho para garantir o p\u00e3o de cada dia? Seria muita ousadia sonhar um pa\u00eds onde as pessoas se respeitem, onde n\u00e3o haja espa\u00e7o para a dor, a viol\u00eancia, o \u00f3dio e a injusti\u00e7a?<\/p>\n<p>N\u00e3o deixemos que ningu\u00e9m tire de n\u00f3s os sonhos que Deus plantou em nosso cora\u00e7\u00e3o.<\/p>\n<p>Santo Ant\u00f4nio Galv\u00e3o, fiel filho de S\u00e3o Paulo e do Brasil, ajudai-nos hoje e sempre, a sonharmos com um pa\u00eds melhor!<\/p>\n<p><img loading=\"lazy\" class=\"alignnone wp-image-234965 size-full\" src=\"https:\/\/franciscanos.org.br\/noticias\/wp-content\/uploads\/2021\/10\/convento_2510_2.png\" alt=\"\" width=\"1200\" height=\"848\" srcset=\"https:\/\/franciscanos.org.br\/noticias\/wp-content\/uploads\/2021\/10\/convento_2510_2.png 1200w, https:\/\/franciscanos.org.br\/noticias\/wp-content\/uploads\/2021\/10\/convento_2510_2-450x318.png 450w, https:\/\/franciscanos.org.br\/noticias\/wp-content\/uploads\/2021\/10\/convento_2510_2-1024x724.png 1024w, https:\/\/franciscanos.org.br\/noticias\/wp-content\/uploads\/2021\/10\/convento_2510_2-768x543.png 768w, https:\/\/franciscanos.org.br\/noticias\/wp-content\/uploads\/2021\/10\/convento_2510_2-150x106.png 150w, https:\/\/franciscanos.org.br\/noticias\/wp-content\/uploads\/2021\/10\/convento_2510_2-460x325.png 460w\" sizes=\"(max-width: 1200px) 100vw, 1200px\" \/><\/p>\n<p><strong>UM SANTO FRANCISCANO<\/strong><br \/>\n&#8211; Frei Galv\u00e3o abra\u00e7ou definitivamente a vida franciscana em 1761, com 22 anos, tornando-se Frei Ant\u00f4nio de Santana Galv\u00e3o.<\/p>\n<p>&#8211; Aqui neste Santu\u00e1rio de S\u00e3o Francisco, voc\u00eas vivem e respiram a espiritualidade franciscana com os frades que servem aqui, como fez Frei Galv\u00e3o, com a Ordem Terceira de S\u00e3o Francisco, aqui ao lado, e com tantas pessoas apaixonadas por S\u00e3o Francisco de Assis e que buscam seguir seu exemplo.<\/p>\n<p>&#8211; A vida franciscana se fundamenta nos valores da fraternidade, da humildade, do amor aos pobres e \u00e0 pobreza, no respeito pelas pessoas e por todos os bens da cria\u00e7\u00e3o.<\/p>\n<p>&#8211; A sintonia entre S\u00e3o Francisco e Santo Ant\u00f4nio Galv\u00e3o \u00e9 tanta que o Evangelho proclamado hoje, na Festa de Frei Galv\u00e3o, \u00e9 o mesmo do Dia de S\u00e3o Francisco:<\/p>\n<p>\u201cEu te louvo, \u00f3 Pai, Senhor do c\u00e9u e da terra, porque escondeste estas coisas aos s\u00e1bios e entendidos e as revelaste aos pequeninos\u201d (Mt 11,25).<\/p>\n<p>S\u00e3o Francisco e Frei Galv\u00e3o abra\u00e7aram Cristo de cora\u00e7\u00e3o pleno, tiveram a coragem de serem simples e pequenos, e por isso se tornaram grandes:<\/p>\n<p>A primeira leitura nos diz: \u201cNa medida em que fores grande, dever\u00e1s praticar a humildade, e assim, encontrar\u00e1s gra\u00e7a diante do Senhor\u201d (Eclo 3,20\u00aa).<\/p>\n<p>E S\u00e3o Paulo, na segunda leitura: \u201cDeus escolheu o que o mundo considera tolo, para assim confundir os s\u00e1bios; escolheu o que o mundo considera fraco, para confundir o que \u00e9 forte; escolheu o que \u00e9 sem import\u00e2ncia e desprezado, o que n\u00e3o tem nenhuma serventia, para mostrar a inutilidade do que \u00e9 considerado importante, para que ningu\u00e9m possa gloriar-se diante dele\u201d (1 Cor 1,27-28).<\/p>\n<p>&#8211; E se precis\u00e1ssemos definir o que distingue um franciscano, poder\u00edamos sem medo afirmar: \u201cO franciscano (ou a franciscana) \u00e9 algu\u00e9m apaixonado por Jesus Cristo.<\/p>\n<p>S\u00e3o Francisco viveu esta paix\u00e3o t\u00e3o intensamente que teve a gra\u00e7a de receber as cinco chagas que Cristo recebeu na cruz.<br \/>\nSanto Ant\u00f4nio Galv\u00e3o viveu apaixonadamente pelo Cristo, entregou sua vida a Ele sem reservas. Que ele nos inspire a sermos tamb\u00e9m apaixonados por este Deus que se fez um de n\u00f3s, est\u00e1 junto de n\u00f3s, vive no meio de n\u00f3s, na Eucaristia, na Palavra, na Comunidade reunida e no irm\u00e3o que partilha a caminhada conosco.<\/p>\n<p>Santo Ant\u00f4nio Galv\u00e3o, que por Jesus tinha paix\u00e3o, ajudai-nos hoje e sempre, a carregar Cristo em nosso cora\u00e7\u00e3o.<\/p>\n<p><img loading=\"lazy\" class=\"alignnone wp-image-234966 size-full\" src=\"https:\/\/franciscanos.org.br\/noticias\/wp-content\/uploads\/2021\/10\/convento_2510_1.png\" alt=\"\" width=\"1200\" height=\"1308\" srcset=\"https:\/\/franciscanos.org.br\/noticias\/wp-content\/uploads\/2021\/10\/convento_2510_1.png 1200w, https:\/\/franciscanos.org.br\/noticias\/wp-content\/uploads\/2021\/10\/convento_2510_1-413x450.png 413w, https:\/\/franciscanos.org.br\/noticias\/wp-content\/uploads\/2021\/10\/convento_2510_1-939x1024.png 939w, https:\/\/franciscanos.org.br\/noticias\/wp-content\/uploads\/2021\/10\/convento_2510_1-768x837.png 768w, https:\/\/franciscanos.org.br\/noticias\/wp-content\/uploads\/2021\/10\/convento_2510_1-150x164.png 150w\" sizes=\"(max-width: 1200px) 100vw, 1200px\" \/><\/p>\n<p><strong>UM SANTO MARIANO<\/strong><br \/>\n&#8211; Frei Galv\u00e3o \u00e9 Filho do Vale do Para\u00edba. Seu nascimento ocorreu alguns anos depois do encontro da pequena imagem negra de Nossa Senhora da Concei\u00e7\u00e3o, no Rio Para\u00edba em 1717: NOSSA SENHORA APARECIDA.<\/p>\n<p>&#8211; Ele perdeu a m\u00e3e. D. Isabel, aos 16 anos, em 1755.<\/p>\n<p>&#8211; A falta precoce de sua m\u00e3e na terra fez com que se apegasse ainda mais \u00e0 M\u00e3e do C\u00e9u. Ele tinha um carinho imenso pela Imaculada Concei\u00e7\u00e3o de Maria tanto que, aos 27 anos, aqui neste Convento, assinou com o pr\u00f3prio sangue um documento no qual se consagrava filho e escravo de Nossa Senhora.<\/p>\n<p>&#8211; As p\u00edlulas de Frei Galv\u00e3o, que conhecemos e tanto buscamos, trazem escrita uma ora\u00e7\u00e3o \u00e0 Nossa Senhora da Concei\u00e7\u00e3o: \u201cDepois do parto, \u00f3 Virgem, permanecestes inviolada. M\u00e3e de Deus, intercedei por n\u00f3s\u201d.<\/p>\n<p>&#8211; Ele tamb\u00e9m construiu e fundou o Mosteiro da Luz, aqui perto, e l\u00e1 seu corpo est\u00e1 sepultado. Todos os dias percorria a p\u00e9 este caminho do Convento S\u00e3o Francisco ao Mosteiro da Luz. Ai vivem as Irm\u00e3s Concepcionistas, uma ordem fundada por Santa Beatriz da Silva em honra \u00e0 Imaculada Concei\u00e7\u00e3o e com inspira\u00e7\u00e3o franciscana.<\/p>\n<p>Santo Ant\u00f4nio Galv\u00e3o, fiel devoto da Virgem M\u00e3e, ajudai-nos hoje e sempre, a honrar nossa M\u00e3e do C\u00e9u.<\/p>\n<p><strong>UM SANTO IRM\u00c3O<\/strong><br \/>\n&#8211; Ele \u00e9 nosso conterr\u00e2neo, um franciscano apaixonado por Jesus e devoto fervoroso de Maria. Sempre pr\u00f3ximo dos mais necessitados e, por isso, um irm\u00e3o especial.<\/p>\n<p>No ano passado, no dia de S\u00e3o Francisco, o Papa Francisco foi a Assis e sobre o t\u00famulo do Santo assinou sua nova enc\u00edclica chamada Fratelli Tutti \u2013 ou seja, Todos Irm\u00e3os.<\/p>\n<p>A partir do exemplo de S\u00e3o Francisco, o Papa nos convida a reconhecermos todas as pessoas como irm\u00e3os, filhos do mesmo Pai e, por isso, merecedores de toda a dignidade.<\/p>\n<p>Frei Galv\u00e3o foi incans\u00e1vel em levar amparo, socorro a quem mais precisava: doentes, pobres, pessoas angustiadas e em conflito. E n\u00e3o deixava de oferecer em todos os lugares o bem mais precioso: a Palavra de Deus.<\/p>\n<p>Por estas suas a\u00e7\u00f5es, realizadas aqui na portaria e Igreja do Convento e nos lugares por onde passava, como pessoa humilde, franciscano cheio de amor e sacerdote zeloso, foi chamado de Ap\u00f3stolo da Paz e da Caridade.<\/p>\n<p>&#8220;Depositemos hoje a nossa vida e nossas necessidades nas m\u00e3os deste Santo amigo e irm\u00e3o, confiantes de que ele vai lev\u00e1-las e deposit\u00e1-las no pr\u00f3prio cora\u00e7\u00e3o de Deus&#8221;, concluiu Frei C\u00e9sar.<\/p>\n<p><strong><em>Santo Ant\u00f4nio de Santana Galv\u00e3o, SANTO BRASILEIRO, FRANCISCANO, MARIANO e IRM\u00c3O, rogai por n\u00f3s!<\/em><\/strong><\/p>\n<hr \/>\n<p><em>Pascom do Santu\u00e1rio e Convento S\u00e3o Francisco<\/em><\/p>\n","protected":false},"excerpt":{"rendered":"<p>Convento S\u00e3o Francisco<\/p>\n","protected":false},"author":3,"featured_media":234964,"comment_status":"open","ping_status":"open","sticky":false,"template":"","format":"standard","meta":[],"categories":[1],"tags":[312],"acf":[],"yoast_head":"<!-- This site is optimized with the Yoast SEO plugin v19.2 - https:\/\/yoast.com\/wordpress\/plugins\/seo\/ -->\n<title>Frei C\u00e9sar: &quot;S\u00e3o Francisco e Frei Galv\u00e3o abra\u00e7aram Cristo de cora\u00e7\u00e3o pleno&quot; - Not\u00edcias - Franciscanos<\/title>\n<meta name=\"robots\" content=\"index, follow, max-snippet:-1, max-image-preview:large, max-video-preview:-1\" \/>\n<link rel=\"canonical\" href=\"https:\/\/franciscanos.org.br\/noticias\/frei-cesar-sao-francisco-e-frei-galvao-abracaram-cristo-de-coracao-pleno.html\" \/>\n<meta property=\"og:locale\" content=\"pt_BR\" \/>\n<meta property=\"og:type\" content=\"article\" \/>\n<meta property=\"og:title\" content=\"Frei C\u00e9sar: &quot;S\u00e3o Francisco e Frei Galv\u00e3o abra\u00e7aram Cristo de cora\u00e7\u00e3o pleno&quot; - Not\u00edcias - Franciscanos\" \/>\n<meta property=\"og:description\" content=\"Convento S\u00e3o Francisco\" \/>\n<meta property=\"og:url\" content=\"https:\/\/franciscanos.org.br\/noticias\/frei-cesar-sao-francisco-e-frei-galvao-abracaram-cristo-de-coracao-pleno.html\" \/>\n<meta property=\"og:site_name\" content=\"Not\u00edcias - Franciscanos\" \/>\n<meta property=\"article:published_time\" content=\"2021-10-25T21:41:20+00:00\" \/>\n<meta property=\"og:image\" content=\"https:\/\/franciscanos.org.br\/noticias\/wp-content\/uploads\/2021\/10\/convento_2510-1.jpg\" \/>\n\t<meta property=\"og:image:width\" content=\"1280\" \/>\n\t<meta property=\"og:image:height\" content=\"754\" \/>\n\t<meta property=\"og:image:type\" content=\"image\/jpeg\" \/>\n<meta name=\"author\" content=\"moacir\" \/>\n<meta name=\"twitter:card\" content=\"summary_large_image\" \/>\n<meta name=\"twitter:label1\" content=\"Escrito por\" \/>\n\t<meta name=\"twitter:data1\" content=\"moacir\" \/>\n\t<meta name=\"twitter:label2\" content=\"Est. tempo de leitura\" \/>\n\t<meta name=\"twitter:data2\" content=\"6 minutos\" \/>\n<script type=\"application\/ld+json\" class=\"yoast-schema-graph\">{\"@context\":\"https:\/\/schema.org\",\"@graph\":[{\"@type\":\"WebSite\",\"@id\":\"https:\/\/franciscanos.org.br\/noticias\/#website\",\"url\":\"https:\/\/franciscanos.org.br\/noticias\/\",\"name\":\"Not\u00edcias - Franciscanos\",\"description\":\"Prov\u00edncia Franciscana da Imaculada Concei\u00e7\u00e3o do Brasil - Ordem dos Frades Menores - OFM\",\"potentialAction\":[{\"@type\":\"SearchAction\",\"target\":{\"@type\":\"EntryPoint\",\"urlTemplate\":\"https:\/\/franciscanos.org.br\/noticias\/?s={search_term_string}\"},\"query-input\":\"required name=search_term_string\"}],\"inLanguage\":\"pt-BR\"},{\"@type\":\"ImageObject\",\"inLanguage\":\"pt-BR\",\"@id\":\"https:\/\/franciscanos.org.br\/noticias\/frei-cesar-sao-francisco-e-frei-galvao-abracaram-cristo-de-coracao-pleno.html#primaryimage\",\"url\":\"https:\/\/franciscanos.org.br\/noticias\/wp-content\/uploads\/2021\/10\/convento_2510-1.jpg\",\"contentUrl\":\"https:\/\/franciscanos.org.br\/noticias\/wp-content\/uploads\/2021\/10\/convento_2510-1.jpg\",\"width\":1280,\"height\":754},{\"@type\":\"WebPage\",\"@id\":\"https:\/\/franciscanos.org.br\/noticias\/frei-cesar-sao-francisco-e-frei-galvao-abracaram-cristo-de-coracao-pleno.html#webpage\",\"url\":\"https:\/\/franciscanos.org.br\/noticias\/frei-cesar-sao-francisco-e-frei-galvao-abracaram-cristo-de-coracao-pleno.html\",\"name\":\"Frei C\u00e9sar: \\\"S\u00e3o Francisco e Frei Galv\u00e3o abra\u00e7aram Cristo de cora\u00e7\u00e3o pleno\\\" - Not\u00edcias - Franciscanos\",\"isPartOf\":{\"@id\":\"https:\/\/franciscanos.org.br\/noticias\/#website\"},\"primaryImageOfPage\":{\"@id\":\"https:\/\/franciscanos.org.br\/noticias\/frei-cesar-sao-francisco-e-frei-galvao-abracaram-cristo-de-coracao-pleno.html#primaryimage\"},\"datePublished\":\"2021-10-25T21:41:20+00:00\",\"dateModified\":\"2021-10-25T21:41:20+00:00\",\"author\":{\"@id\":\"https:\/\/franciscanos.org.br\/noticias\/#\/schema\/person\/b5c8cba458c330ccff548b056e95a5d4\"},\"breadcrumb\":{\"@id\":\"https:\/\/franciscanos.org.br\/noticias\/frei-cesar-sao-francisco-e-frei-galvao-abracaram-cristo-de-coracao-pleno.html#breadcrumb\"},\"inLanguage\":\"pt-BR\",\"potentialAction\":[{\"@type\":\"ReadAction\",\"target\":[\"https:\/\/franciscanos.org.br\/noticias\/frei-cesar-sao-francisco-e-frei-galvao-abracaram-cristo-de-coracao-pleno.html\"]}]},{\"@type\":\"BreadcrumbList\",\"@id\":\"https:\/\/franciscanos.org.br\/noticias\/frei-cesar-sao-francisco-e-frei-galvao-abracaram-cristo-de-coracao-pleno.html#breadcrumb\",\"itemListElement\":[{\"@type\":\"ListItem\",\"position\":1,\"name\":\"Home\",\"item\":\"https:\/\/franciscanos.org.br\/noticias\"},{\"@type\":\"ListItem\",\"position\":2,\"name\":\"Frei C\u00e9sar: &#8220;S\u00e3o Francisco e Frei Galv\u00e3o abra\u00e7aram Cristo de cora\u00e7\u00e3o pleno&#8221;\"}]},{\"@type\":\"Person\",\"@id\":\"https:\/\/franciscanos.org.br\/noticias\/#\/schema\/person\/b5c8cba458c330ccff548b056e95a5d4\",\"name\":\"moacir\",\"image\":{\"@type\":\"ImageObject\",\"inLanguage\":\"pt-BR\",\"@id\":\"https:\/\/franciscanos.org.br\/noticias\/#\/schema\/person\/image\/\",\"url\":\"https:\/\/secure.gravatar.com\/avatar\/d08aa2ce4c8dd416d4479aa8536fcf64?s=96&d=mm&r=g\",\"contentUrl\":\"https:\/\/secure.gravatar.com\/avatar\/d08aa2ce4c8dd416d4479aa8536fcf64?s=96&d=mm&r=g\",\"caption\":\"moacir\"},\"url\":\"https:\/\/franciscanos.org.br\/noticias\/author\/moacir\"}]}<\/script>\n<!-- \/ Yoast SEO plugin. -->","yoast_head_json":{"title":"Frei C\u00e9sar: \"S\u00e3o Francisco e Frei Galv\u00e3o abra\u00e7aram Cristo de cora\u00e7\u00e3o pleno\" - Not\u00edcias - Franciscanos","robots":{"index":"index","follow":"follow","max-snippet":"max-snippet:-1","max-image-preview":"max-image-preview:large","max-video-preview":"max-video-preview:-1"},"canonical":"https:\/\/franciscanos.org.br\/noticias\/frei-cesar-sao-francisco-e-frei-galvao-abracaram-cristo-de-coracao-pleno.html","og_locale":"pt_BR","og_type":"article","og_title":"Frei C\u00e9sar: \"S\u00e3o Francisco e Frei Galv\u00e3o abra\u00e7aram Cristo de cora\u00e7\u00e3o pleno\" - Not\u00edcias - Franciscanos","og_description":"Convento S\u00e3o Francisco","og_url":"https:\/\/franciscanos.org.br\/noticias\/frei-cesar-sao-francisco-e-frei-galvao-abracaram-cristo-de-coracao-pleno.html","og_site_name":"Not\u00edcias - Franciscanos","article_published_time":"2021-10-25T21:41:20+00:00","og_image":[{"width":1280,"height":754,"url":"https:\/\/franciscanos.org.br\/noticias\/wp-content\/uploads\/2021\/10\/convento_2510-1.jpg","type":"image\/jpeg"}],"author":"moacir","twitter_card":"summary_large_image","twitter_misc":{"Escrito por":"moacir","Est. tempo de leitura":"6 minutos"},"schema":{"@context":"https:\/\/schema.org","@graph":[{"@type":"WebSite","@id":"https:\/\/franciscanos.org.br\/noticias\/#website","url":"https:\/\/franciscanos.org.br\/noticias\/","name":"Not\u00edcias - Franciscanos","description":"Prov\u00edncia Franciscana da Imaculada Concei\u00e7\u00e3o do Brasil - Ordem dos Frades Menores - OFM","potentialAction":[{"@type":"SearchAction","target":{"@type":"EntryPoint","urlTemplate":"https:\/\/franciscanos.org.br\/noticias\/?s={search_term_string}"},"query-input":"required name=search_term_string"}],"inLanguage":"pt-BR"},{"@type":"ImageObject","inLanguage":"pt-BR","@id":"https:\/\/franciscanos.org.br\/noticias\/frei-cesar-sao-francisco-e-frei-galvao-abracaram-cristo-de-coracao-pleno.html#primaryimage","url":"https:\/\/franciscanos.org.br\/noticias\/wp-content\/uploads\/2021\/10\/convento_2510-1.jpg","contentUrl":"https:\/\/franciscanos.org.br\/noticias\/wp-content\/uploads\/2021\/10\/convento_2510-1.jpg","width":1280,"height":754},{"@type":"WebPage","@id":"https:\/\/franciscanos.org.br\/noticias\/frei-cesar-sao-francisco-e-frei-galvao-abracaram-cristo-de-coracao-pleno.html#webpage","url":"https:\/\/franciscanos.org.br\/noticias\/frei-cesar-sao-francisco-e-frei-galvao-abracaram-cristo-de-coracao-pleno.html","name":"Frei C\u00e9sar: \"S\u00e3o Francisco e Frei Galv\u00e3o abra\u00e7aram Cristo de cora\u00e7\u00e3o pleno\" - Not\u00edcias - Franciscanos","isPartOf":{"@id":"https:\/\/franciscanos.org.br\/noticias\/#website"},"primaryImageOfPage":{"@id":"https:\/\/franciscanos.org.br\/noticias\/frei-cesar-sao-francisco-e-frei-galvao-abracaram-cristo-de-coracao-pleno.html#primaryimage"},"datePublished":"2021-10-25T21:41:20+00:00","dateModified":"2021-10-25T21:41:20+00:00","author":{"@id":"https:\/\/franciscanos.org.br\/noticias\/#\/schema\/person\/b5c8cba458c330ccff548b056e95a5d4"},"breadcrumb":{"@id":"https:\/\/franciscanos.org.br\/noticias\/frei-cesar-sao-francisco-e-frei-galvao-abracaram-cristo-de-coracao-pleno.html#breadcrumb"},"inLanguage":"pt-BR","potentialAction":[{"@type":"ReadAction","target":["https:\/\/franciscanos.org.br\/noticias\/frei-cesar-sao-francisco-e-frei-galvao-abracaram-cristo-de-coracao-pleno.html"]}]},{"@type":"BreadcrumbList","@id":"https:\/\/franciscanos.org.br\/noticias\/frei-cesar-sao-francisco-e-frei-galvao-abracaram-cristo-de-coracao-pleno.html#breadcrumb","itemListElement":[{"@type":"ListItem","position":1,"name":"Home","item":"https:\/\/franciscanos.org.br\/noticias"},{"@type":"ListItem","position":2,"name":"Frei C\u00e9sar: &#8220;S\u00e3o Francisco e Frei Galv\u00e3o abra\u00e7aram Cristo de cora\u00e7\u00e3o pleno&#8221;"}]},{"@type":"Person","@id":"https:\/\/franciscanos.org.br\/noticias\/#\/schema\/person\/b5c8cba458c330ccff548b056e95a5d4","name":"moacir","image":{"@type":"ImageObject","inLanguage":"pt-BR","@id":"https:\/\/franciscanos.org.br\/noticias\/#\/schema\/person\/image\/","url":"https:\/\/secure.gravatar.com\/avatar\/d08aa2ce4c8dd416d4479aa8536fcf64?s=96&d=mm&r=g","contentUrl":"https:\/\/secure.gravatar.com\/avatar\/d08aa2ce4c8dd416d4479aa8536fcf64?s=96&d=mm&r=g","caption":"moacir"},"url":"https:\/\/franciscanos.org.br\/noticias\/author\/moacir"}]}},"_links":{"self":[{"href":"https:\/\/franciscanos.org.br\/noticias\/wp-json\/wp\/v2\/posts\/234962"}],"collection":[{"href":"https:\/\/franciscanos.org.br\/noticias\/wp-json\/wp\/v2\/posts"}],"about":[{"href":"https:\/\/franciscanos.org.br\/noticias\/wp-json\/wp\/v2\/types\/post"}],"author":[{"embeddable":true,"href":"https:\/\/franciscanos.org.br\/noticias\/wp-json\/wp\/v2\/users\/3"}],"replies":[{"embeddable":true,"href":"https:\/\/franciscanos.org.br\/noticias\/wp-json\/wp\/v2\/comments?post=234962"}],"version-history":[{"count":1,"href":"https:\/\/franciscanos.org.br\/noticias\/wp-json\/wp\/v2\/posts\/234962\/revisions"}],"predecessor-version":[{"id":234967,"href":"https:\/\/franciscanos.org.br\/noticias\/wp-json\/wp\/v2\/posts\/234962\/revisions\/234967"}],"wp:featuredmedia":[{"embeddable":true,"href":"https:\/\/franciscanos.org.br\/noticias\/wp-json\/wp\/v2\/media\/234964"}],"wp:attachment":[{"href":"https:\/\/franciscanos.org.br\/noticias\/wp-json\/wp\/v2\/media?parent=234962"}],"wp:term":[{"taxonomy":"category","embeddable":true,"href":"https:\/\/franciscanos.org.br\/noticias\/wp-json\/wp\/v2\/categories?post=234962"},{"taxonomy":"post_tag","embeddable":true,"href":"https:\/\/franciscanos.org.br\/noticias\/wp-json\/wp\/v2\/tags?post=234962"}],"curies":[{"name":"wp","href":"https:\/\/api.w.org\/{rel}","templated":true}]}}