{"id":234951,"date":"2021-10-25T16:09:09","date_gmt":"2021-10-25T19:09:09","guid":{"rendered":"https:\/\/franciscanos.org.br\/noticias\/?p=234951"},"modified":"2021-10-25T20:12:47","modified_gmt":"2021-10-25T23:12:47","slug":"frei-fidencio-o-santuario-frei-galvao-ja-existe-no-coracao-de-todas-as-pessoas","status":"publish","type":"post","link":"https:\/\/franciscanos.org.br\/noticias\/frei-fidencio-o-santuario-frei-galvao-ja-existe-no-coracao-de-todas-as-pessoas.html","title":{"rendered":"Frei Fid\u00eancio: &#8220;O Santu\u00e1rio Frei Galv\u00e3o j\u00e1 existe no cora\u00e7\u00e3o de todas as pessoas&#8221;"},"content":{"rendered":"<p>&nbsp;<\/p>\n<p><img loading=\"lazy\" class=\"alignnone wp-image-234968 size-full\" src=\"https:\/\/franciscanos.org.br\/noticias\/wp-content\/uploads\/2021\/10\/alameda_2510_4.jpg\" alt=\"\" width=\"1280\" height=\"853\" srcset=\"https:\/\/franciscanos.org.br\/noticias\/wp-content\/uploads\/2021\/10\/alameda_2510_4.jpg 1280w, https:\/\/franciscanos.org.br\/noticias\/wp-content\/uploads\/2021\/10\/alameda_2510_4-450x300.jpg 450w, https:\/\/franciscanos.org.br\/noticias\/wp-content\/uploads\/2021\/10\/alameda_2510_4-1024x682.jpg 1024w, https:\/\/franciscanos.org.br\/noticias\/wp-content\/uploads\/2021\/10\/alameda_2510_4-768x512.jpg 768w, https:\/\/franciscanos.org.br\/noticias\/wp-content\/uploads\/2021\/10\/alameda_2510_4-150x100.jpg 150w\" sizes=\"(max-width: 1280px) 100vw, 1280px\" \/><\/p>\n<p>No dia de Santo Ant\u00f4nio de Sant&#8217;Ana Galv\u00e3o (25\/10), o Ministro Provincial, Frei Fid\u00eancio Vanboemmel, presidiu a Celebra\u00e7\u00e3o Eucar\u00edstica, \u00e0s 9h30, que inaugurou a Alameda Frei Galv\u00e3o e o novo espa\u00e7o do monumento ao santo franciscano. Segundo o Reitor Frei Diego Melo, agora os fi\u00e9is ganham um novo local de ora\u00e7\u00e3o e contempla\u00e7\u00e3o e n\u00e3o precisam sujar os p\u00e9s de barro porque ganham uma rua de acesso pavimentada.<\/p>\n<p>A Celebra\u00e7\u00e3o come\u00e7ou solenemente no Santu\u00e1rio Frei Galv\u00e3o, em Guaratinguet\u00e1 (SP), quando Frei Diego apresentou as crian\u00e7as caracterizadas de Frei Galv\u00e3o, com o h\u00e1bito franciscano, e falou do momento importante para os fi\u00e9is devotos deste trabalho evangelizador. Ele apresentou Frei Fid\u00eancio, que elogiou a Fraternidade &#8220;de mosqueteiros e de corajosos&#8221;, e o prefeito de Guaratinguet\u00e1, Marcus Soliva, falou da import\u00e2ncia do novo Santu\u00e1rio para a cidade.<\/p>\n<p>Animados pela presen\u00e7a da Banda da Aeron\u00e1utica, os devotos subiram em prociss\u00e3o at\u00e9 o monumento para onde foi levada a grande imagem de Frei Galv\u00e3o, que foi aben\u00e7oada, assim como alameda. Ali foi celebrada a primeira Missa. Com as inaugura\u00e7\u00f5es de hoje e o plantio de tr\u00eas mil mudas de \u00e1rvores da Mata Atl\u00e2ntica no Parque <em>Laudato Si&#8217;<\/em>, concluiu-se a primeira etapa de constru\u00e7\u00e3o do novo Santu\u00e1rio de Frei Galv\u00e3o.<\/p>\n<p><img loading=\"lazy\" class=\"alignnone size-full wp-image-234969\" src=\"https:\/\/franciscanos.org.br\/noticias\/wp-content\/uploads\/2021\/10\/alameda_2510_2.jpg\" alt=\"\" width=\"1280\" height=\"720\" srcset=\"https:\/\/franciscanos.org.br\/noticias\/wp-content\/uploads\/2021\/10\/alameda_2510_2.jpg 1280w, https:\/\/franciscanos.org.br\/noticias\/wp-content\/uploads\/2021\/10\/alameda_2510_2-450x253.jpg 450w, https:\/\/franciscanos.org.br\/noticias\/wp-content\/uploads\/2021\/10\/alameda_2510_2-1024x576.jpg 1024w, https:\/\/franciscanos.org.br\/noticias\/wp-content\/uploads\/2021\/10\/alameda_2510_2-768x432.jpg 768w, https:\/\/franciscanos.org.br\/noticias\/wp-content\/uploads\/2021\/10\/alameda_2510_2-150x84.jpg 150w\" sizes=\"(max-width: 1280px) 100vw, 1280px\" \/><\/p>\n<p>O Ministro Provincial contou que ali veio \u00e0 sua mem\u00f3ria o ano de 1998, quando, no Parque de Exposi\u00e7\u00f5es, no Clube dos 500, em Guaratinguet\u00e1, comemorava-se a beatifica\u00e7\u00e3o de Frei Galv\u00e3o. &#8220;E todos n\u00f3s est\u00e1vamos na torcida para que chegasse a canoniza\u00e7\u00e3o. A canoniza\u00e7\u00e3o chegou e os frades, sempre preocupados, se perguntavam &#8216;como vamos cuidar do nosso santo, do nosso confrade&#8217;. Quis a Provid\u00eancia Divina, quis a Arquidiocese de Aparecida, quiseram os padres que aqui trabalharam, que a nossa Prov\u00edncia assumisse esse Santu\u00e1rio. Ent\u00e3o, colocamos aqui tr\u00eas mosqueteiros, tr\u00eas jovens frades, corajosos, audaciosos, baixinhos, mas valentes. Ent\u00e3o, gra\u00e7as a Deus, estamos aqui reunidos celebrando pela primeira vez a solenidade de Frei Galv\u00e3o como Frades Menores, como Prov\u00edncia. E, sem d\u00favida, aquilo que a gente sonhou h\u00e1 tanto tempo hoje se tornou realidade&#8221;, confessou.<\/p>\n<p>&#8220;O Santu\u00e1rio Frei Galv\u00e3o j\u00e1 existe. Ele existe no cora\u00e7\u00e3o de todas as pessoas. E a uni\u00e3o de todas as pessoas vai nos ajudar a concretizar aquele Santu\u00e1rio vis\u00edvel que est\u00e1 na nossa imagina\u00e7\u00e3o, que n\u00e3o foge dos teus sonhos, nem dos sonhos dos confrades daqui&#8221;, acrescentou Frei Fid\u00eancio, lembrando o tema do Cap\u00edtulo Provincial que acontecer\u00e1 em novembro, na Prov\u00edncia da Imaculada fala do sonho. &#8220;N\u00f3s estamos aqui reunidos exatamente como pede o tema do nosso Cap\u00edtulo Provincial: &#8216;Juntos constru\u00edmos sonhos&#8217;, porque uma pessoa sozinha, como diz o Papa Francisco na Fratelli tutti, pode ter miragens. Mas quando a gente sonha juntos, podemos concretizar o sonho. E o grande sonho \u00e9 ver constru\u00eddo o nosso Santu\u00e1rio Frei Galv\u00e3o que j\u00e1 existe no cora\u00e7\u00e3o de todas as pessoas&#8221;, enfatizou, agradecendo a Fraternidade do Santu\u00e1rio e ao povo de Guaratinguet\u00e1.<\/p>\n<p><img loading=\"lazy\" class=\"alignnone size-full wp-image-234970\" src=\"https:\/\/franciscanos.org.br\/noticias\/wp-content\/uploads\/2021\/10\/alameda_25105.jpg\" alt=\"\" width=\"1280\" height=\"853\" srcset=\"https:\/\/franciscanos.org.br\/noticias\/wp-content\/uploads\/2021\/10\/alameda_25105.jpg 1280w, https:\/\/franciscanos.org.br\/noticias\/wp-content\/uploads\/2021\/10\/alameda_25105-450x300.jpg 450w, https:\/\/franciscanos.org.br\/noticias\/wp-content\/uploads\/2021\/10\/alameda_25105-1024x682.jpg 1024w, https:\/\/franciscanos.org.br\/noticias\/wp-content\/uploads\/2021\/10\/alameda_25105-768x512.jpg 768w, https:\/\/franciscanos.org.br\/noticias\/wp-content\/uploads\/2021\/10\/alameda_25105-150x100.jpg 150w\" sizes=\"(max-width: 1280px) 100vw, 1280px\" \/><\/p>\n<p>Frei Fid\u00eancio destacou algumas virtudes nas ora\u00e7\u00f5es da celebra\u00e7\u00e3o lit\u00fargica deste dia. &#8220;\u00d3 Deus, Pai de miseric\u00f3rdia, que fizeste de Santo Ant\u00f4nio de Sant\u2019Ana Galv\u00e3o um instrumento de caridade e de paz no meio dos irm\u00e3os, concedei-nos, por sua intercess\u00e3o, favorecer sempre a verdadeira conc\u00f3rdia&#8221;, citou ele. &#8220;N\u00f3s estamos aqui diante desta grande imagem para nos recordar exatamente o homem que, no seu tempo, tempo do Brasil colonial, foi para toda a Igreja o homem da caridade, o homem da paz, porque foi assim que o Santo Padre o Papa Jo\u00e3o Paulo II o definiu na beatifica\u00e7\u00e3o.<\/p>\n<p>Segundo o celebrante, mais do que nunca precisamos construir a paz. &#8220;Mais do que nunca necessitamos de reconcilia\u00e7\u00e3o. N\u00e3o apenas n\u00f3s, criaturas humanas, mas em comunh\u00e3o com toda a cria\u00e7\u00e3o, para que possamos ter este olhar divino sobre tudo e todas as coisas&#8221;, disse. Ele pediu tamb\u00e9m uma &#8216;verdadeira conc\u00f3rdia&#8217; como diz a ora\u00e7\u00e3o. &#8220;\u00c9 isso que pedimos a Deus por intercess\u00e3o de Santo Ant\u00f4nio de Sant&#8217;Ana Galv\u00e3o&#8221;, ressaltou.<\/p>\n<p><img loading=\"lazy\" class=\"alignnone size-full wp-image-234971\" src=\"https:\/\/franciscanos.org.br\/noticias\/wp-content\/uploads\/2021\/10\/alameda_2510_8.jpg\" alt=\"\" width=\"1280\" height=\"853\" srcset=\"https:\/\/franciscanos.org.br\/noticias\/wp-content\/uploads\/2021\/10\/alameda_2510_8.jpg 1280w, https:\/\/franciscanos.org.br\/noticias\/wp-content\/uploads\/2021\/10\/alameda_2510_8-450x300.jpg 450w, https:\/\/franciscanos.org.br\/noticias\/wp-content\/uploads\/2021\/10\/alameda_2510_8-1024x682.jpg 1024w, https:\/\/franciscanos.org.br\/noticias\/wp-content\/uploads\/2021\/10\/alameda_2510_8-768x512.jpg 768w, https:\/\/franciscanos.org.br\/noticias\/wp-content\/uploads\/2021\/10\/alameda_2510_8-150x100.jpg 150w\" sizes=\"(max-width: 1280px) 100vw, 1280px\" \/><\/p>\n<p>O segundo pedido destacou da prece do Ofert\u00f3rio: &#8220;\u00d3 Deus de bondade, que destruindo o velho homem criastes em Santo Ant\u00f4nio de Sant\u2019Anna Galv\u00e3o um homem novo segundo a vossa imagem, dai que possamos, igualmente renovados, oferecer este sacrif\u00edcio de repara\u00e7\u00e3o&#8221;.<\/p>\n<p>Frei Fid\u00eancio, ent\u00e3o, lembrou um pensamento do Ser\u00e1fico Pai S\u00e3o Francisco, que, segundo ele, Frei Galv\u00e3o viveu com muita intensidade. &#8220;Diz S\u00e3o Francisco: &#8216;Considera o homem a que grandeza Deus te colocou neste mundo, criando-te e formando-te \u00e0 sua imagem e semelhan\u00e7a'&#8221;. Toda vez que viermos a este Santu\u00e1rio e contemplarmos essa bel\u00edssima imagem, queremos ver nela este homem novo, criado \u00e0 imagem e semelhan\u00e7a e pedir tamb\u00e9m: Santo Ant\u00f4nio de Sant&#8217;Ana Galv\u00e3o construa em mim esse homem novo&#8221;, acrescentou o Ministro Provincial.<\/p>\n<p>No Evangelho desta liturgia, Jesus louva o Pai do C\u00e9u porque ele esconde as grandes coisas dos s\u00e1bios e inteligentes, mas revela aos simples, humildes e pequenos. &#8220;Foi isso que Frei Santo Ant\u00f4nio procurou ao longo de sua vida. Renovar exatamente em n\u00f3s o homem novo. E n\u00f3s renovamos este homem novo quando somos capazes de colocar sobre os nossos ombros o jugo de Nosso Senhor Jesus Cristo. &#8216;Tomai sobre v\u00f3s o meu jugo porque eu sou manso e humilde de cora\u00e7\u00e3o&#8217;. Esta \u00e9 a imagem do homem novo. O homem que carrega nos seus ombros o jugo de Nosso Senhor Jesus Cristo, o jugo da mansid\u00e3o, o jogo da humildade. Claro que n\u00f3s vivemos num mundo onde muitas vezes o jugo \u00e9 dif\u00edcil, ele \u00e9 pesado, porque eu carrego tantos problemas, tantas enfermidades. Como foi duro durante esta pandemia e ainda est\u00e1 sendo carregar a Covid dentro dos nossos lares, dentro das nossas fam\u00edlias? Como \u00e9 duro vermos tanta gente querida partindo de uma hora para outra sem uma despedida digna? Isso foi um jugo pesado. Mas n\u00e3o \u00e9 este o jugo de Nosso Senhor Jesus Cristo. &#8216;Tomai sobre v\u00f3s o meu jugo&#8217;. Para sermos exatamente como Cristo, a exemplo de Santo Ant\u00f4nio de Sant&#8217;Ana Galv\u00e3o, homens mansos e mulheres mansas e humildes de cora\u00e7\u00e3o&#8221;, ensinou.<\/p>\n<p><img loading=\"lazy\" class=\"alignnone size-full wp-image-234972\" src=\"https:\/\/franciscanos.org.br\/noticias\/wp-content\/uploads\/2021\/10\/alameda_2510_7.jpg\" alt=\"\" width=\"1280\" height=\"853\" srcset=\"https:\/\/franciscanos.org.br\/noticias\/wp-content\/uploads\/2021\/10\/alameda_2510_7.jpg 1280w, https:\/\/franciscanos.org.br\/noticias\/wp-content\/uploads\/2021\/10\/alameda_2510_7-450x300.jpg 450w, https:\/\/franciscanos.org.br\/noticias\/wp-content\/uploads\/2021\/10\/alameda_2510_7-1024x682.jpg 1024w, https:\/\/franciscanos.org.br\/noticias\/wp-content\/uploads\/2021\/10\/alameda_2510_7-768x512.jpg 768w, https:\/\/franciscanos.org.br\/noticias\/wp-content\/uploads\/2021\/10\/alameda_2510_7-150x100.jpg 150w\" sizes=\"(max-width: 1280px) 100vw, 1280px\" \/><\/p>\n<p>Tamb\u00e9m no final lembrou a ora\u00e7\u00e3o ap\u00f3s a comunh\u00e3o, destacando que &#8220;vamos aprender com Santo Ant\u00f4nio a viver neste mundo uma vida nova de crist\u00e3os&#8221;.<\/p>\n<p>Frei Diego, que presidiu a Celebra\u00e7\u00e3o Eucar\u00edstica, transmitida ao meio-dia pela TV Can\u00e7\u00e3o Nova, confessou: &#8220;Quando n\u00f3s chegamos aqui fomos sentindo que existia um grande sonho de todo esse povo. O sonho \u00e0 altura do grandioso santo Frei Galv\u00e3o, o sonho de construir um novo santu\u00e1rio&#8221;, disse, revelando sua alegria de ver que o &#8220;povo de f\u00e9&#8221; est\u00e1 voltando com o arrefecimento da pandemia. Segundo ele, 25 \u00f4nibus de romeiros estiveram no Santu\u00e1rio.<\/p>\n<p>Ele recordou o dia 5 de junho, quando foi lan\u00e7ada a pedra fundamental do novo Santu\u00e1rio com o plantio de 20 mudas de \u00e1rvores. Mas agora, segundo ele, 3 mil mudas da Mata Atl\u00e2ntica foram plantadas no Parque <em>Laudato Si&#8217;<\/em>. &#8220;Essa constru\u00e7\u00e3o material vai ser como o crescimento dessas \u00e1rvores e o crescimento dessas \u00e1rvores tem que falar do crescimento espiritual, o crescimento do nosso cora\u00e7\u00e3o&#8221;, observou.<\/p>\n<p><img loading=\"lazy\" class=\"alignnone size-full wp-image-234973\" src=\"https:\/\/franciscanos.org.br\/noticias\/wp-content\/uploads\/2021\/10\/alameda_2510_9.jpg\" alt=\"\" width=\"1280\" height=\"853\" srcset=\"https:\/\/franciscanos.org.br\/noticias\/wp-content\/uploads\/2021\/10\/alameda_2510_9.jpg 1280w, https:\/\/franciscanos.org.br\/noticias\/wp-content\/uploads\/2021\/10\/alameda_2510_9-450x300.jpg 450w, https:\/\/franciscanos.org.br\/noticias\/wp-content\/uploads\/2021\/10\/alameda_2510_9-1024x682.jpg 1024w, https:\/\/franciscanos.org.br\/noticias\/wp-content\/uploads\/2021\/10\/alameda_2510_9-768x512.jpg 768w, https:\/\/franciscanos.org.br\/noticias\/wp-content\/uploads\/2021\/10\/alameda_2510_9-150x100.jpg 150w\" sizes=\"(max-width: 1280px) 100vw, 1280px\" \/><\/p>\n<p>Para o frade, foram meses de muito trabalho. &#8220;Al\u00e9m das melhorias do nosso Santu\u00e1rio, a pintura externa de todos os espa\u00e7os, a pavimenta\u00e7\u00e3o sonhada &#8211; e depois vai continuar l\u00e1 embaixo, al\u00e9m deste santu\u00e1rio -, houve um grande trabalho empreendido. M\u00e1quinas, pr\u00e1 l\u00e1 e pr\u00e1 c\u00e1, perfuraram todo o ch\u00e3o. Muitas coisas voc\u00eas n\u00e3o ver\u00e3o mais, porque est\u00e1 tudo enterrado. Tubula\u00e7\u00f5es enormes, a drenagem, a terraplanagem moveu caminh\u00f5es e caminh\u00f5es de terra para outro lado. O nosso sonho, como franciscanos, com o cuidado do meio ambiente, foi realizado com as 3 mil mudas de \u00e1rvores da Mata Atl\u00e2ntica. Daqui tr\u00eas ou cinco anos, aquilo que a gente v\u00ea como uma mudinha, vai come\u00e7ar a se tornar um lindo bosque, um parque para voc\u00eas caminharem com a fam\u00edlia, contemplar Deus na natureza&#8221;, disse.<\/p>\n<p>&#8220;N\u00f3s dissemos e reafirmamos: antes de come\u00e7armos qualquer constru\u00e7\u00e3o de um novo santu\u00e1rio, precis\u00e1vamos restaurar o maior e mais belo santu\u00e1rio que foi feito pelo Maior Arquiteto, o mais perfeito Paisagista: Deus. Por isso come\u00e7amos cuidando de uma nascente que est\u00e1 ali. Plantamos essas \u00e1rvores e agora temos um compromisso: como comunidade precisamos cuidar daquilo. N\u00e3o deixar que ningu\u00e9m fira aquelas mudas que est\u00e3o pequenas. Cuidar para evitar as queimadas. Tudo isso que estamos celebrando hoje tem que se estender num grande cuidado com o nosso maior e belo santu\u00e1rio, que \u00e9 a nossa Casa Comum, o nosso Planeta Terra&#8221;, conclamou Frei Diego.<\/p>\n<p><img loading=\"lazy\" class=\"alignnone size-full wp-image-234974\" src=\"https:\/\/franciscanos.org.br\/noticias\/wp-content\/uploads\/2021\/10\/alameda_2510_3.jpg\" alt=\"\" width=\"1280\" height=\"720\" srcset=\"https:\/\/franciscanos.org.br\/noticias\/wp-content\/uploads\/2021\/10\/alameda_2510_3.jpg 1280w, https:\/\/franciscanos.org.br\/noticias\/wp-content\/uploads\/2021\/10\/alameda_2510_3-450x253.jpg 450w, https:\/\/franciscanos.org.br\/noticias\/wp-content\/uploads\/2021\/10\/alameda_2510_3-1024x576.jpg 1024w, https:\/\/franciscanos.org.br\/noticias\/wp-content\/uploads\/2021\/10\/alameda_2510_3-768x432.jpg 768w, https:\/\/franciscanos.org.br\/noticias\/wp-content\/uploads\/2021\/10\/alameda_2510_3-150x84.jpg 150w\" sizes=\"(max-width: 1280px) 100vw, 1280px\" \/><\/p>\n<p>O frade tamb\u00e9m falou com alegria da inaugura\u00e7\u00e3o do novo espa\u00e7o para a imagem de Frei Galv\u00e3o. &#8220;L\u00e1 onde ele est\u00e1 \u00e9 quase o lugar definitivo dele. Foi feito uma base de 2 metros de altura e agora n\u00f3s vamos inaugurar este espa\u00e7o. Depois ele vai mais um pouco para tr\u00e1s, onde ser\u00e1 feito um grande monumento. Vai ter at\u00e9 um elevador para levar os peregrinos at\u00e9 o ponto alto do terreno. \u00c9 mais um espa\u00e7o de devo\u00e7\u00e3o e ora\u00e7\u00e3o entregue a voc\u00eas&#8221;, garantiu Frei Diego.<\/p>\n<p>O prefeito Marcus Soliva recordou que foram poucos meses que Frei Diego assumiu o &#8220;comando da constru\u00e7\u00e3o&#8221; deste grande Santu\u00e1rio como reitor. &#8220;Desafiador n\u00e9, Frei, a gente ver depois de anos aguardando o in\u00edcio da constru\u00e7\u00e3o dessa grande obra. E a gente v\u00ea na figura de Frei Diego a figura de Frei Galv\u00e3o, um construtor. Frei Galv\u00e3o, como Patrono da Constru\u00e7\u00e3o Civil, construiu um Mosteiro da Luz que as pessoas jamais imaginavam que ele conseguiria construir&#8221;, recordou.<\/p>\n<p>Segundo ele, o filme sobre a vida de Frei Galv\u00e3o mostra a inacredit\u00e1vel rapidez com que a obra avan\u00e7ava. &#8220;Parecia que as pessoas se multiplicavam em 24 horas de trabalho por dia. A impress\u00e3o era essa. Mas era a f\u00e9 em Deus e Frei Galv\u00e3o, a ajuda divina, que \u00e9 o que estamos vendo aqui&#8221;, constatou.<\/p>\n<p>Segundo o prefeito, como Poder P\u00fablico e comandante de uma cidade, tamb\u00e9m precisa cuidar dos seus concidad\u00e3os na retomada da economia, depois de um per\u00edodo de sofrimento com essa pandemia. &#8220;A Covid n\u00e3o acabou, mas j\u00e1 diminuiu muito. Ent\u00e3o, hoje podemos dizer que temos a situa\u00e7\u00e3o controlada. Agora temos que controlar a outra situa\u00e7\u00e3o: a volta da empregabilidade. A gente sabe da import\u00e2ncia do turismo da f\u00e9. N\u00f3s estamos aqui no meio do vale da f\u00e9. Por aqui passam em per\u00edodos normais mais de 16 milh\u00f5es de pessoas. Estamos investindo tamb\u00e9m nessa infraestrutura com o aeroporto de Guaratinguet\u00e1, as vias do entorno, para preparar a cidade. Precisamos ser acolhedores, termos uma cidade preparada para receber bem as pessoas que v\u00eam \u00e0 casa de Frei Galv\u00e3o, que vem \u00e0 terra de Frei Galv\u00e3o, a nossa Guaratinguet\u00e1&#8221;, avaliou, parabenizando Frei Diego &#8220;pelo empreendedorismo e por ter dado j\u00e1 essa alavanca importante para o desenvolvimento da constru\u00e7\u00e3o deste Santu\u00e1rio&#8221;.<\/p>\n<p><img loading=\"lazy\" class=\"alignnone size-full wp-image-234975\" src=\"https:\/\/franciscanos.org.br\/noticias\/wp-content\/uploads\/2021\/10\/alameda_2510_10.jpg\" alt=\"\" width=\"1280\" height=\"853\" srcset=\"https:\/\/franciscanos.org.br\/noticias\/wp-content\/uploads\/2021\/10\/alameda_2510_10.jpg 1280w, https:\/\/franciscanos.org.br\/noticias\/wp-content\/uploads\/2021\/10\/alameda_2510_10-450x300.jpg 450w, https:\/\/franciscanos.org.br\/noticias\/wp-content\/uploads\/2021\/10\/alameda_2510_10-1024x682.jpg 1024w, https:\/\/franciscanos.org.br\/noticias\/wp-content\/uploads\/2021\/10\/alameda_2510_10-768x512.jpg 768w, https:\/\/franciscanos.org.br\/noticias\/wp-content\/uploads\/2021\/10\/alameda_2510_10-150x100.jpg 150w\" sizes=\"(max-width: 1280px) 100vw, 1280px\" \/><\/p>\n<p>&#8220;N\u00f3s, como Poder P\u00fablico, somos parceiros. A gente sabe da import\u00e2ncia da participa\u00e7\u00e3o do Estado. As leis dizem que o estado tem que ser laico, mas n\u00e3o obrigatoriamente ser ateu. Ent\u00e3o, somos tementes a Deus, somos devotos de Frei Galv\u00e3o e temos que apoiar e trabalhar para que este santu\u00e1rio seja uma realidade mais r\u00e1pido poss\u00edvel&#8221;, revelou.<\/p>\n<p>O dia festivo no Santu\u00e1rio come\u00e7ou com a Missa da Aurora; teve a Missa da inaugura\u00e7\u00e3o da Alameda Frei Galv\u00e3o, \u00e0s 9h30; a b\u00ean\u00e7\u00e3o dos ciclistas, \u00e0s 11h30; a Missa do meio-dia com transmiss\u00e3o pela Can\u00e7\u00e3o Nova; Missa da Campanha Fam\u00edlia Mission\u00e1ria de Frei Galv\u00e3o, \u00e0s 15 horas; uma carreata \u00e0s 16h30 pela cidade; e o encerramento da solenidade com a Missa presidida pelo Arcebispo de Aparecida Dom Orlando Brandes e transmitida pela TV Aparecida, \u00e0s 18 horas.<\/p>\n<hr \/>\n<p><em>Fotos da Equipe de Comunica\u00e7\u00e3o do Santu\u00e1rio e texto de Moacir Beggo<\/em><\/p>\n","protected":false},"excerpt":{"rendered":"<p>Festa de Frei Galv\u00e3o<\/p>\n","protected":false},"author":3,"featured_media":234968,"comment_status":"open","ping_status":"open","sticky":false,"template":"","format":"standard","meta":[],"categories":[1],"tags":[1821],"acf":[],"yoast_head":"<!-- This site is optimized with the Yoast SEO plugin v19.2 - https:\/\/yoast.com\/wordpress\/plugins\/seo\/ -->\n<title>Frei Fid\u00eancio: &quot;O Santu\u00e1rio Frei Galv\u00e3o j\u00e1 existe no cora\u00e7\u00e3o de todas as pessoas&quot; - Not\u00edcias - Franciscanos<\/title>\n<meta name=\"robots\" content=\"index, follow, max-snippet:-1, max-image-preview:large, max-video-preview:-1\" \/>\n<link rel=\"canonical\" href=\"https:\/\/franciscanos.org.br\/noticias\/frei-fidencio-o-santuario-frei-galvao-ja-existe-no-coracao-de-todas-as-pessoas.html\" \/>\n<meta property=\"og:locale\" content=\"pt_BR\" \/>\n<meta property=\"og:type\" content=\"article\" \/>\n<meta property=\"og:title\" content=\"Frei Fid\u00eancio: &quot;O Santu\u00e1rio Frei Galv\u00e3o j\u00e1 existe no cora\u00e7\u00e3o de todas as pessoas&quot; - Not\u00edcias - Franciscanos\" \/>\n<meta property=\"og:description\" content=\"Festa de Frei Galv\u00e3o\" \/>\n<meta property=\"og:url\" content=\"https:\/\/franciscanos.org.br\/noticias\/frei-fidencio-o-santuario-frei-galvao-ja-existe-no-coracao-de-todas-as-pessoas.html\" \/>\n<meta property=\"og:site_name\" content=\"Not\u00edcias - Franciscanos\" \/>\n<meta property=\"article:published_time\" content=\"2021-10-25T19:09:09+00:00\" \/>\n<meta property=\"article:modified_time\" content=\"2021-10-25T23:12:47+00:00\" \/>\n<meta property=\"og:image\" content=\"https:\/\/franciscanos.org.br\/noticias\/wp-content\/uploads\/2021\/10\/alameda_2510_4.jpg\" \/>\n\t<meta property=\"og:image:width\" content=\"1280\" \/>\n\t<meta property=\"og:image:height\" content=\"853\" \/>\n\t<meta property=\"og:image:type\" content=\"image\/jpeg\" \/>\n<meta name=\"author\" content=\"moacir\" \/>\n<meta name=\"twitter:card\" content=\"summary_large_image\" \/>\n<meta name=\"twitter:label1\" content=\"Escrito por\" \/>\n\t<meta name=\"twitter:data1\" content=\"moacir\" \/>\n\t<meta name=\"twitter:label2\" content=\"Est. tempo de leitura\" \/>\n\t<meta name=\"twitter:data2\" content=\"11 minutos\" \/>\n<script type=\"application\/ld+json\" class=\"yoast-schema-graph\">{\"@context\":\"https:\/\/schema.org\",\"@graph\":[{\"@type\":\"WebSite\",\"@id\":\"https:\/\/franciscanos.org.br\/noticias\/#website\",\"url\":\"https:\/\/franciscanos.org.br\/noticias\/\",\"name\":\"Not\u00edcias - Franciscanos\",\"description\":\"Prov\u00edncia Franciscana da Imaculada Concei\u00e7\u00e3o do Brasil - Ordem dos Frades Menores - OFM\",\"potentialAction\":[{\"@type\":\"SearchAction\",\"target\":{\"@type\":\"EntryPoint\",\"urlTemplate\":\"https:\/\/franciscanos.org.br\/noticias\/?s={search_term_string}\"},\"query-input\":\"required name=search_term_string\"}],\"inLanguage\":\"pt-BR\"},{\"@type\":\"ImageObject\",\"inLanguage\":\"pt-BR\",\"@id\":\"https:\/\/franciscanos.org.br\/noticias\/frei-fidencio-o-santuario-frei-galvao-ja-existe-no-coracao-de-todas-as-pessoas.html#primaryimage\",\"url\":\"https:\/\/franciscanos.org.br\/noticias\/wp-content\/uploads\/2021\/10\/alameda_2510_4.jpg\",\"contentUrl\":\"https:\/\/franciscanos.org.br\/noticias\/wp-content\/uploads\/2021\/10\/alameda_2510_4.jpg\",\"width\":1280,\"height\":853},{\"@type\":\"WebPage\",\"@id\":\"https:\/\/franciscanos.org.br\/noticias\/frei-fidencio-o-santuario-frei-galvao-ja-existe-no-coracao-de-todas-as-pessoas.html#webpage\",\"url\":\"https:\/\/franciscanos.org.br\/noticias\/frei-fidencio-o-santuario-frei-galvao-ja-existe-no-coracao-de-todas-as-pessoas.html\",\"name\":\"Frei Fid\u00eancio: \\\"O Santu\u00e1rio Frei Galv\u00e3o j\u00e1 existe no cora\u00e7\u00e3o de todas as pessoas\\\" - Not\u00edcias - Franciscanos\",\"isPartOf\":{\"@id\":\"https:\/\/franciscanos.org.br\/noticias\/#website\"},\"primaryImageOfPage\":{\"@id\":\"https:\/\/franciscanos.org.br\/noticias\/frei-fidencio-o-santuario-frei-galvao-ja-existe-no-coracao-de-todas-as-pessoas.html#primaryimage\"},\"datePublished\":\"2021-10-25T19:09:09+00:00\",\"dateModified\":\"2021-10-25T23:12:47+00:00\",\"author\":{\"@id\":\"https:\/\/franciscanos.org.br\/noticias\/#\/schema\/person\/b5c8cba458c330ccff548b056e95a5d4\"},\"breadcrumb\":{\"@id\":\"https:\/\/franciscanos.org.br\/noticias\/frei-fidencio-o-santuario-frei-galvao-ja-existe-no-coracao-de-todas-as-pessoas.html#breadcrumb\"},\"inLanguage\":\"pt-BR\",\"potentialAction\":[{\"@type\":\"ReadAction\",\"target\":[\"https:\/\/franciscanos.org.br\/noticias\/frei-fidencio-o-santuario-frei-galvao-ja-existe-no-coracao-de-todas-as-pessoas.html\"]}]},{\"@type\":\"BreadcrumbList\",\"@id\":\"https:\/\/franciscanos.org.br\/noticias\/frei-fidencio-o-santuario-frei-galvao-ja-existe-no-coracao-de-todas-as-pessoas.html#breadcrumb\",\"itemListElement\":[{\"@type\":\"ListItem\",\"position\":1,\"name\":\"Home\",\"item\":\"https:\/\/franciscanos.org.br\/noticias\"},{\"@type\":\"ListItem\",\"position\":2,\"name\":\"Frei Fid\u00eancio: &#8220;O Santu\u00e1rio Frei Galv\u00e3o j\u00e1 existe no cora\u00e7\u00e3o de todas as pessoas&#8221;\"}]},{\"@type\":\"Person\",\"@id\":\"https:\/\/franciscanos.org.br\/noticias\/#\/schema\/person\/b5c8cba458c330ccff548b056e95a5d4\",\"name\":\"moacir\",\"image\":{\"@type\":\"ImageObject\",\"inLanguage\":\"pt-BR\",\"@id\":\"https:\/\/franciscanos.org.br\/noticias\/#\/schema\/person\/image\/\",\"url\":\"https:\/\/secure.gravatar.com\/avatar\/d08aa2ce4c8dd416d4479aa8536fcf64?s=96&d=mm&r=g\",\"contentUrl\":\"https:\/\/secure.gravatar.com\/avatar\/d08aa2ce4c8dd416d4479aa8536fcf64?s=96&d=mm&r=g\",\"caption\":\"moacir\"},\"url\":\"https:\/\/franciscanos.org.br\/noticias\/author\/moacir\"}]}<\/script>\n<!-- \/ Yoast SEO plugin. -->","yoast_head_json":{"title":"Frei Fid\u00eancio: \"O Santu\u00e1rio Frei Galv\u00e3o j\u00e1 existe no cora\u00e7\u00e3o de todas as pessoas\" - Not\u00edcias - Franciscanos","robots":{"index":"index","follow":"follow","max-snippet":"max-snippet:-1","max-image-preview":"max-image-preview:large","max-video-preview":"max-video-preview:-1"},"canonical":"https:\/\/franciscanos.org.br\/noticias\/frei-fidencio-o-santuario-frei-galvao-ja-existe-no-coracao-de-todas-as-pessoas.html","og_locale":"pt_BR","og_type":"article","og_title":"Frei Fid\u00eancio: \"O Santu\u00e1rio Frei Galv\u00e3o j\u00e1 existe no cora\u00e7\u00e3o de todas as pessoas\" - Not\u00edcias - Franciscanos","og_description":"Festa de Frei Galv\u00e3o","og_url":"https:\/\/franciscanos.org.br\/noticias\/frei-fidencio-o-santuario-frei-galvao-ja-existe-no-coracao-de-todas-as-pessoas.html","og_site_name":"Not\u00edcias - Franciscanos","article_published_time":"2021-10-25T19:09:09+00:00","article_modified_time":"2021-10-25T23:12:47+00:00","og_image":[{"width":1280,"height":853,"url":"https:\/\/franciscanos.org.br\/noticias\/wp-content\/uploads\/2021\/10\/alameda_2510_4.jpg","type":"image\/jpeg"}],"author":"moacir","twitter_card":"summary_large_image","twitter_misc":{"Escrito por":"moacir","Est. tempo de leitura":"11 minutos"},"schema":{"@context":"https:\/\/schema.org","@graph":[{"@type":"WebSite","@id":"https:\/\/franciscanos.org.br\/noticias\/#website","url":"https:\/\/franciscanos.org.br\/noticias\/","name":"Not\u00edcias - Franciscanos","description":"Prov\u00edncia Franciscana da Imaculada Concei\u00e7\u00e3o do Brasil - Ordem dos Frades Menores - OFM","potentialAction":[{"@type":"SearchAction","target":{"@type":"EntryPoint","urlTemplate":"https:\/\/franciscanos.org.br\/noticias\/?s={search_term_string}"},"query-input":"required name=search_term_string"}],"inLanguage":"pt-BR"},{"@type":"ImageObject","inLanguage":"pt-BR","@id":"https:\/\/franciscanos.org.br\/noticias\/frei-fidencio-o-santuario-frei-galvao-ja-existe-no-coracao-de-todas-as-pessoas.html#primaryimage","url":"https:\/\/franciscanos.org.br\/noticias\/wp-content\/uploads\/2021\/10\/alameda_2510_4.jpg","contentUrl":"https:\/\/franciscanos.org.br\/noticias\/wp-content\/uploads\/2021\/10\/alameda_2510_4.jpg","width":1280,"height":853},{"@type":"WebPage","@id":"https:\/\/franciscanos.org.br\/noticias\/frei-fidencio-o-santuario-frei-galvao-ja-existe-no-coracao-de-todas-as-pessoas.html#webpage","url":"https:\/\/franciscanos.org.br\/noticias\/frei-fidencio-o-santuario-frei-galvao-ja-existe-no-coracao-de-todas-as-pessoas.html","name":"Frei Fid\u00eancio: \"O Santu\u00e1rio Frei Galv\u00e3o j\u00e1 existe no cora\u00e7\u00e3o de todas as pessoas\" - Not\u00edcias - Franciscanos","isPartOf":{"@id":"https:\/\/franciscanos.org.br\/noticias\/#website"},"primaryImageOfPage":{"@id":"https:\/\/franciscanos.org.br\/noticias\/frei-fidencio-o-santuario-frei-galvao-ja-existe-no-coracao-de-todas-as-pessoas.html#primaryimage"},"datePublished":"2021-10-25T19:09:09+00:00","dateModified":"2021-10-25T23:12:47+00:00","author":{"@id":"https:\/\/franciscanos.org.br\/noticias\/#\/schema\/person\/b5c8cba458c330ccff548b056e95a5d4"},"breadcrumb":{"@id":"https:\/\/franciscanos.org.br\/noticias\/frei-fidencio-o-santuario-frei-galvao-ja-existe-no-coracao-de-todas-as-pessoas.html#breadcrumb"},"inLanguage":"pt-BR","potentialAction":[{"@type":"ReadAction","target":["https:\/\/franciscanos.org.br\/noticias\/frei-fidencio-o-santuario-frei-galvao-ja-existe-no-coracao-de-todas-as-pessoas.html"]}]},{"@type":"BreadcrumbList","@id":"https:\/\/franciscanos.org.br\/noticias\/frei-fidencio-o-santuario-frei-galvao-ja-existe-no-coracao-de-todas-as-pessoas.html#breadcrumb","itemListElement":[{"@type":"ListItem","position":1,"name":"Home","item":"https:\/\/franciscanos.org.br\/noticias"},{"@type":"ListItem","position":2,"name":"Frei Fid\u00eancio: &#8220;O Santu\u00e1rio Frei Galv\u00e3o j\u00e1 existe no cora\u00e7\u00e3o de todas as pessoas&#8221;"}]},{"@type":"Person","@id":"https:\/\/franciscanos.org.br\/noticias\/#\/schema\/person\/b5c8cba458c330ccff548b056e95a5d4","name":"moacir","image":{"@type":"ImageObject","inLanguage":"pt-BR","@id":"https:\/\/franciscanos.org.br\/noticias\/#\/schema\/person\/image\/","url":"https:\/\/secure.gravatar.com\/avatar\/d08aa2ce4c8dd416d4479aa8536fcf64?s=96&d=mm&r=g","contentUrl":"https:\/\/secure.gravatar.com\/avatar\/d08aa2ce4c8dd416d4479aa8536fcf64?s=96&d=mm&r=g","caption":"moacir"},"url":"https:\/\/franciscanos.org.br\/noticias\/author\/moacir"}]}},"_links":{"self":[{"href":"https:\/\/franciscanos.org.br\/noticias\/wp-json\/wp\/v2\/posts\/234951"}],"collection":[{"href":"https:\/\/franciscanos.org.br\/noticias\/wp-json\/wp\/v2\/posts"}],"about":[{"href":"https:\/\/franciscanos.org.br\/noticias\/wp-json\/wp\/v2\/types\/post"}],"author":[{"embeddable":true,"href":"https:\/\/franciscanos.org.br\/noticias\/wp-json\/wp\/v2\/users\/3"}],"replies":[{"embeddable":true,"href":"https:\/\/franciscanos.org.br\/noticias\/wp-json\/wp\/v2\/comments?post=234951"}],"version-history":[{"count":5,"href":"https:\/\/franciscanos.org.br\/noticias\/wp-json\/wp\/v2\/posts\/234951\/revisions"}],"predecessor-version":[{"id":234977,"href":"https:\/\/franciscanos.org.br\/noticias\/wp-json\/wp\/v2\/posts\/234951\/revisions\/234977"}],"wp:featuredmedia":[{"embeddable":true,"href":"https:\/\/franciscanos.org.br\/noticias\/wp-json\/wp\/v2\/media\/234968"}],"wp:attachment":[{"href":"https:\/\/franciscanos.org.br\/noticias\/wp-json\/wp\/v2\/media?parent=234951"}],"wp:term":[{"taxonomy":"category","embeddable":true,"href":"https:\/\/franciscanos.org.br\/noticias\/wp-json\/wp\/v2\/categories?post=234951"},{"taxonomy":"post_tag","embeddable":true,"href":"https:\/\/franciscanos.org.br\/noticias\/wp-json\/wp\/v2\/tags?post=234951"}],"curies":[{"name":"wp","href":"https:\/\/api.w.org\/{rel}","templated":true}]}}