{"id":234895,"date":"2021-10-21T13:13:46","date_gmt":"2021-10-21T16:13:46","guid":{"rendered":"https:\/\/franciscanos.org.br\/noticias\/?p=234895"},"modified":"2021-10-24T06:27:44","modified_gmt":"2021-10-24T09:27:44","slug":"coleta-missionaria-sera-realizada-neste-final-de-semana","status":"publish","type":"post","link":"https:\/\/franciscanos.org.br\/noticias\/coleta-missionaria-sera-realizada-neste-final-de-semana.html","title":{"rendered":"Coleta mission\u00e1ria ser\u00e1 realizada neste final de semana"},"content":{"rendered":"<p><img loading=\"lazy\" class=\"alignright size-full wp-image-234896\" src=\"https:\/\/franciscanos.org.br\/noticias\/wp-content\/uploads\/2021\/10\/coleta_2110.jpg\" alt=\"\" width=\"1175\" height=\"661\" srcset=\"https:\/\/franciscanos.org.br\/noticias\/wp-content\/uploads\/2021\/10\/coleta_2110.jpg 1175w, https:\/\/franciscanos.org.br\/noticias\/wp-content\/uploads\/2021\/10\/coleta_2110-450x253.jpg 450w, https:\/\/franciscanos.org.br\/noticias\/wp-content\/uploads\/2021\/10\/coleta_2110-1024x576.jpg 1024w, https:\/\/franciscanos.org.br\/noticias\/wp-content\/uploads\/2021\/10\/coleta_2110-768x432.jpg 768w, https:\/\/franciscanos.org.br\/noticias\/wp-content\/uploads\/2021\/10\/coleta_2110-150x84.jpg 150w\" sizes=\"(max-width: 1175px) 100vw, 1175px\" \/><\/p>\n<p>Neste final de semana, dias 23 e 24 de outubro, a Igreja do Brasil realiza a Coleta Mission\u00e1ria durante as celebra\u00e7\u00f5es em todas as dioceses. As contribui\u00e7\u00f5es arrecadadas beneficiam centenas de projetos para milhares de pessoas ligadas a institui\u00e7\u00f5es mantidas nos pa\u00edses mais pobres do mundo, atrav\u00e9s do Fundo Mundial de Solidariedade.<\/p>\n<p>A Coleta Mission\u00e1ria quer despertar a sensibilidade para poder ajudar tantas regi\u00f5es necessitadas de mission\u00e1rios e de recursos. No m\u00eas dedicado \u00e0s Miss\u00f5es, a Igreja celebra em todo pen\u00faltimo domingo (24\/10) o Dia Mundial das Miss\u00f5es, institu\u00eddo pelo papa Pio XI em 1926, como um dia de ora\u00e7\u00e3o e ofertas em favor da evangeliza\u00e7\u00e3o dos povos. A inspira\u00e7\u00e3o vem do mandado de Jesus para anunciar a Boa Nova entre todas as na\u00e7\u00f5es. Al\u00e9m das ofertas, a Campanha Mission\u00e1ria nos convida a rezar e a refletir sobre a nossa miss\u00e3o no mundo.<\/p>\n<p>Motivados pela Mensagem do Papa para o Dia Mundial das Miss\u00f5es, a Campanha Mission\u00e1ria de 2021 destaca o testemunho de mission\u00e1rios e mission\u00e1rias da compaix\u00e3o e da esperan\u00e7a: \u201cNeste tempo de pandemia, perante a tenta\u00e7\u00e3o de mascarar e justificar a indiferen\u00e7a e a apatia em nome de um distanciamento social saud\u00e1vel, a miss\u00e3o de compaix\u00e3o \u00e9 urgentemente necess\u00e1ria por sua capacidade de fazer desse distanciamento recomend\u00e1vel uma oportunidade de encontro, cuidado e promo\u00e7\u00e3o.\u201d (Papa Francisco)<\/p>\n<p>Na Prov\u00edncia Franciscana da Imaculada Concei\u00e7\u00e3o, as miss\u00f5es fazem parte de uma das cinco Frentes de Evangeliza\u00e7\u00e3o. &#8220;A miss\u00e3o para n\u00f3s, frades menores, antes de ser alguma coisa a fazer, \u00e9 a raz\u00e3o pela qual existimos&#8221;, como indica o Plano de Evangeliza\u00e7\u00e3o da Prov\u00edncia. \u201cTodos os irm\u00e3os participem do m\u00fanus evangelizador da Igreja e, seguindo o exemplo de S\u00e3o Francisco, que &#8216;de todo o seu corpo fez uma l\u00edngua&#8217;, estejam prontos a acolher a inspira\u00e7\u00e3o do Senhor e, onde quer que forem chamados e enviados, por palavras e obras, edifiquem todos os povos com a pureza de toda a sua vida\u201d, diz as Constitui\u00e7\u00f5es Gerais dos Frades Menores.<\/p>\n<p>A Miss\u00e3o de Angola faz parte desta Frente da Prov\u00edncia, onde h\u00e1 36 anos se dedica em trabalhos de promo\u00e7\u00e3o humana, catequese e evangeliza\u00e7\u00e3o; forma\u00e7\u00e3o dos futuros sacerdotes e religiosos(as); manuten\u00e7\u00e3o de mission\u00e1rios e igrejas em terras de miss\u00e3o; apoio e ajuda a centros de educa\u00e7\u00e3o e projetos sociais.<\/p>\n<p>A ajuda material pode ser feita atrav\u00e9s dos envelopes distribu\u00eddos nas par\u00f3quias durante o m\u00eas mission\u00e1rio.<\/p>\n","protected":false},"excerpt":{"rendered":"<p>M\u00eas Mission\u00e1rio<\/p>\n","protected":false},"author":3,"featured_media":234897,"comment_status":"open","ping_status":"open","sticky":false,"template":"","format":"standard","meta":[],"categories":[1],"tags":[1930,360],"acf":[],"yoast_head":"<!-- This site is optimized with the Yoast SEO plugin v19.2 - https:\/\/yoast.com\/wordpress\/plugins\/seo\/ -->\n<title>Coleta mission\u00e1ria ser\u00e1 realizada neste final de semana - Not\u00edcias - Franciscanos<\/title>\n<meta name=\"robots\" content=\"index, follow, max-snippet:-1, max-image-preview:large, max-video-preview:-1\" \/>\n<link rel=\"canonical\" href=\"https:\/\/franciscanos.org.br\/noticias\/coleta-missionaria-sera-realizada-neste-final-de-semana.html\" \/>\n<meta property=\"og:locale\" content=\"pt_BR\" \/>\n<meta property=\"og:type\" content=\"article\" \/>\n<meta property=\"og:title\" content=\"Coleta mission\u00e1ria ser\u00e1 realizada neste final de semana - Not\u00edcias - Franciscanos\" \/>\n<meta property=\"og:description\" content=\"M\u00eas Mission\u00e1rio\" \/>\n<meta property=\"og:url\" content=\"https:\/\/franciscanos.org.br\/noticias\/coleta-missionaria-sera-realizada-neste-final-de-semana.html\" \/>\n<meta property=\"og:site_name\" content=\"Not\u00edcias - Franciscanos\" \/>\n<meta property=\"article:published_time\" content=\"2021-10-21T16:13:46+00:00\" \/>\n<meta property=\"article:modified_time\" content=\"2021-10-24T09:27:44+00:00\" \/>\n<meta property=\"og:image\" content=\"https:\/\/franciscanos.org.br\/noticias\/wp-content\/uploads\/2021\/10\/coleta_d.jpg\" \/>\n\t<meta property=\"og:image:width\" content=\"800\" \/>\n\t<meta property=\"og:image:height\" content=\"550\" \/>\n\t<meta property=\"og:image:type\" content=\"image\/jpeg\" \/>\n<meta name=\"author\" content=\"moacir\" \/>\n<meta name=\"twitter:card\" content=\"summary_large_image\" \/>\n<meta name=\"twitter:label1\" content=\"Escrito por\" \/>\n\t<meta name=\"twitter:data1\" content=\"moacir\" \/>\n\t<meta name=\"twitter:label2\" content=\"Est. tempo de leitura\" \/>\n\t<meta name=\"twitter:data2\" content=\"2 minutos\" \/>\n<script type=\"application\/ld+json\" class=\"yoast-schema-graph\">{\"@context\":\"https:\/\/schema.org\",\"@graph\":[{\"@type\":\"WebSite\",\"@id\":\"https:\/\/franciscanos.org.br\/noticias\/#website\",\"url\":\"https:\/\/franciscanos.org.br\/noticias\/\",\"name\":\"Not\u00edcias - Franciscanos\",\"description\":\"Prov\u00edncia Franciscana da Imaculada Concei\u00e7\u00e3o do Brasil - Ordem dos Frades Menores - OFM\",\"potentialAction\":[{\"@type\":\"SearchAction\",\"target\":{\"@type\":\"EntryPoint\",\"urlTemplate\":\"https:\/\/franciscanos.org.br\/noticias\/?s={search_term_string}\"},\"query-input\":\"required name=search_term_string\"}],\"inLanguage\":\"pt-BR\"},{\"@type\":\"ImageObject\",\"inLanguage\":\"pt-BR\",\"@id\":\"https:\/\/franciscanos.org.br\/noticias\/coleta-missionaria-sera-realizada-neste-final-de-semana.html#primaryimage\",\"url\":\"https:\/\/franciscanos.org.br\/noticias\/wp-content\/uploads\/2021\/10\/coleta_d.jpg\",\"contentUrl\":\"https:\/\/franciscanos.org.br\/noticias\/wp-content\/uploads\/2021\/10\/coleta_d.jpg\",\"width\":800,\"height\":550},{\"@type\":\"WebPage\",\"@id\":\"https:\/\/franciscanos.org.br\/noticias\/coleta-missionaria-sera-realizada-neste-final-de-semana.html#webpage\",\"url\":\"https:\/\/franciscanos.org.br\/noticias\/coleta-missionaria-sera-realizada-neste-final-de-semana.html\",\"name\":\"Coleta mission\u00e1ria ser\u00e1 realizada neste final de semana - Not\u00edcias - Franciscanos\",\"isPartOf\":{\"@id\":\"https:\/\/franciscanos.org.br\/noticias\/#website\"},\"primaryImageOfPage\":{\"@id\":\"https:\/\/franciscanos.org.br\/noticias\/coleta-missionaria-sera-realizada-neste-final-de-semana.html#primaryimage\"},\"datePublished\":\"2021-10-21T16:13:46+00:00\",\"dateModified\":\"2021-10-24T09:27:44+00:00\",\"author\":{\"@id\":\"https:\/\/franciscanos.org.br\/noticias\/#\/schema\/person\/b5c8cba458c330ccff548b056e95a5d4\"},\"breadcrumb\":{\"@id\":\"https:\/\/franciscanos.org.br\/noticias\/coleta-missionaria-sera-realizada-neste-final-de-semana.html#breadcrumb\"},\"inLanguage\":\"pt-BR\",\"potentialAction\":[{\"@type\":\"ReadAction\",\"target\":[\"https:\/\/franciscanos.org.br\/noticias\/coleta-missionaria-sera-realizada-neste-final-de-semana.html\"]}]},{\"@type\":\"BreadcrumbList\",\"@id\":\"https:\/\/franciscanos.org.br\/noticias\/coleta-missionaria-sera-realizada-neste-final-de-semana.html#breadcrumb\",\"itemListElement\":[{\"@type\":\"ListItem\",\"position\":1,\"name\":\"Home\",\"item\":\"https:\/\/franciscanos.org.br\/noticias\"},{\"@type\":\"ListItem\",\"position\":2,\"name\":\"Coleta mission\u00e1ria ser\u00e1 realizada neste final de semana\"}]},{\"@type\":\"Person\",\"@id\":\"https:\/\/franciscanos.org.br\/noticias\/#\/schema\/person\/b5c8cba458c330ccff548b056e95a5d4\",\"name\":\"moacir\",\"image\":{\"@type\":\"ImageObject\",\"inLanguage\":\"pt-BR\",\"@id\":\"https:\/\/franciscanos.org.br\/noticias\/#\/schema\/person\/image\/\",\"url\":\"https:\/\/secure.gravatar.com\/avatar\/d08aa2ce4c8dd416d4479aa8536fcf64?s=96&d=mm&r=g\",\"contentUrl\":\"https:\/\/secure.gravatar.com\/avatar\/d08aa2ce4c8dd416d4479aa8536fcf64?s=96&d=mm&r=g\",\"caption\":\"moacir\"},\"url\":\"https:\/\/franciscanos.org.br\/noticias\/author\/moacir\"}]}<\/script>\n<!-- \/ Yoast SEO plugin. -->","yoast_head_json":{"title":"Coleta mission\u00e1ria ser\u00e1 realizada neste final de semana - Not\u00edcias - Franciscanos","robots":{"index":"index","follow":"follow","max-snippet":"max-snippet:-1","max-image-preview":"max-image-preview:large","max-video-preview":"max-video-preview:-1"},"canonical":"https:\/\/franciscanos.org.br\/noticias\/coleta-missionaria-sera-realizada-neste-final-de-semana.html","og_locale":"pt_BR","og_type":"article","og_title":"Coleta mission\u00e1ria ser\u00e1 realizada neste final de semana - Not\u00edcias - Franciscanos","og_description":"M\u00eas Mission\u00e1rio","og_url":"https:\/\/franciscanos.org.br\/noticias\/coleta-missionaria-sera-realizada-neste-final-de-semana.html","og_site_name":"Not\u00edcias - Franciscanos","article_published_time":"2021-10-21T16:13:46+00:00","article_modified_time":"2021-10-24T09:27:44+00:00","og_image":[{"width":800,"height":550,"url":"https:\/\/franciscanos.org.br\/noticias\/wp-content\/uploads\/2021\/10\/coleta_d.jpg","type":"image\/jpeg"}],"author":"moacir","twitter_card":"summary_large_image","twitter_misc":{"Escrito por":"moacir","Est. tempo de leitura":"2 minutos"},"schema":{"@context":"https:\/\/schema.org","@graph":[{"@type":"WebSite","@id":"https:\/\/franciscanos.org.br\/noticias\/#website","url":"https:\/\/franciscanos.org.br\/noticias\/","name":"Not\u00edcias - Franciscanos","description":"Prov\u00edncia Franciscana da Imaculada Concei\u00e7\u00e3o do Brasil - Ordem dos Frades Menores - OFM","potentialAction":[{"@type":"SearchAction","target":{"@type":"EntryPoint","urlTemplate":"https:\/\/franciscanos.org.br\/noticias\/?s={search_term_string}"},"query-input":"required name=search_term_string"}],"inLanguage":"pt-BR"},{"@type":"ImageObject","inLanguage":"pt-BR","@id":"https:\/\/franciscanos.org.br\/noticias\/coleta-missionaria-sera-realizada-neste-final-de-semana.html#primaryimage","url":"https:\/\/franciscanos.org.br\/noticias\/wp-content\/uploads\/2021\/10\/coleta_d.jpg","contentUrl":"https:\/\/franciscanos.org.br\/noticias\/wp-content\/uploads\/2021\/10\/coleta_d.jpg","width":800,"height":550},{"@type":"WebPage","@id":"https:\/\/franciscanos.org.br\/noticias\/coleta-missionaria-sera-realizada-neste-final-de-semana.html#webpage","url":"https:\/\/franciscanos.org.br\/noticias\/coleta-missionaria-sera-realizada-neste-final-de-semana.html","name":"Coleta mission\u00e1ria ser\u00e1 realizada neste final de semana - Not\u00edcias - Franciscanos","isPartOf":{"@id":"https:\/\/franciscanos.org.br\/noticias\/#website"},"primaryImageOfPage":{"@id":"https:\/\/franciscanos.org.br\/noticias\/coleta-missionaria-sera-realizada-neste-final-de-semana.html#primaryimage"},"datePublished":"2021-10-21T16:13:46+00:00","dateModified":"2021-10-24T09:27:44+00:00","author":{"@id":"https:\/\/franciscanos.org.br\/noticias\/#\/schema\/person\/b5c8cba458c330ccff548b056e95a5d4"},"breadcrumb":{"@id":"https:\/\/franciscanos.org.br\/noticias\/coleta-missionaria-sera-realizada-neste-final-de-semana.html#breadcrumb"},"inLanguage":"pt-BR","potentialAction":[{"@type":"ReadAction","target":["https:\/\/franciscanos.org.br\/noticias\/coleta-missionaria-sera-realizada-neste-final-de-semana.html"]}]},{"@type":"BreadcrumbList","@id":"https:\/\/franciscanos.org.br\/noticias\/coleta-missionaria-sera-realizada-neste-final-de-semana.html#breadcrumb","itemListElement":[{"@type":"ListItem","position":1,"name":"Home","item":"https:\/\/franciscanos.org.br\/noticias"},{"@type":"ListItem","position":2,"name":"Coleta mission\u00e1ria ser\u00e1 realizada neste final de semana"}]},{"@type":"Person","@id":"https:\/\/franciscanos.org.br\/noticias\/#\/schema\/person\/b5c8cba458c330ccff548b056e95a5d4","name":"moacir","image":{"@type":"ImageObject","inLanguage":"pt-BR","@id":"https:\/\/franciscanos.org.br\/noticias\/#\/schema\/person\/image\/","url":"https:\/\/secure.gravatar.com\/avatar\/d08aa2ce4c8dd416d4479aa8536fcf64?s=96&d=mm&r=g","contentUrl":"https:\/\/secure.gravatar.com\/avatar\/d08aa2ce4c8dd416d4479aa8536fcf64?s=96&d=mm&r=g","caption":"moacir"},"url":"https:\/\/franciscanos.org.br\/noticias\/author\/moacir"}]}},"_links":{"self":[{"href":"https:\/\/franciscanos.org.br\/noticias\/wp-json\/wp\/v2\/posts\/234895"}],"collection":[{"href":"https:\/\/franciscanos.org.br\/noticias\/wp-json\/wp\/v2\/posts"}],"about":[{"href":"https:\/\/franciscanos.org.br\/noticias\/wp-json\/wp\/v2\/types\/post"}],"author":[{"embeddable":true,"href":"https:\/\/franciscanos.org.br\/noticias\/wp-json\/wp\/v2\/users\/3"}],"replies":[{"embeddable":true,"href":"https:\/\/franciscanos.org.br\/noticias\/wp-json\/wp\/v2\/comments?post=234895"}],"version-history":[{"count":2,"href":"https:\/\/franciscanos.org.br\/noticias\/wp-json\/wp\/v2\/posts\/234895\/revisions"}],"predecessor-version":[{"id":234935,"href":"https:\/\/franciscanos.org.br\/noticias\/wp-json\/wp\/v2\/posts\/234895\/revisions\/234935"}],"wp:featuredmedia":[{"embeddable":true,"href":"https:\/\/franciscanos.org.br\/noticias\/wp-json\/wp\/v2\/media\/234897"}],"wp:attachment":[{"href":"https:\/\/franciscanos.org.br\/noticias\/wp-json\/wp\/v2\/media?parent=234895"}],"wp:term":[{"taxonomy":"category","embeddable":true,"href":"https:\/\/franciscanos.org.br\/noticias\/wp-json\/wp\/v2\/categories?post=234895"},{"taxonomy":"post_tag","embeddable":true,"href":"https:\/\/franciscanos.org.br\/noticias\/wp-json\/wp\/v2\/tags?post=234895"}],"curies":[{"name":"wp","href":"https:\/\/api.w.org\/{rel}","templated":true}]}}