{"id":234877,"date":"2021-10-20T15:24:42","date_gmt":"2021-10-20T18:24:42","guid":{"rendered":"https:\/\/franciscanos.org.br\/noticias\/?p=234877"},"modified":"2021-10-21T08:05:54","modified_gmt":"2021-10-21T11:05:54","slug":"aos-55-anos-frei-carlos-e-eleito-para-o-servico-de-ministro-provincial-no-coracao-do-brasil","status":"publish","type":"post","link":"https:\/\/franciscanos.org.br\/noticias\/aos-55-anos-frei-carlos-e-eleito-para-o-servico-de-ministro-provincial-no-coracao-do-brasil.html","title":{"rendered":"Aos 55 anos, Frei Carlos \u00e9 eleito para o servi\u00e7o de Ministro Provincial no &#8220;Cora\u00e7\u00e3o do Brasil&#8221;"},"content":{"rendered":"<p><img loading=\"lazy\" class=\"alignnone size-full wp-image-234878\" src=\"https:\/\/franciscanos.org.br\/noticias\/wp-content\/uploads\/2021\/10\/provincia_201021.jpg\" alt=\"\" width=\"1280\" height=\"720\" srcset=\"https:\/\/franciscanos.org.br\/noticias\/wp-content\/uploads\/2021\/10\/provincia_201021.jpg 1280w, https:\/\/franciscanos.org.br\/noticias\/wp-content\/uploads\/2021\/10\/provincia_201021-450x253.jpg 450w, https:\/\/franciscanos.org.br\/noticias\/wp-content\/uploads\/2021\/10\/provincia_201021-1024x576.jpg 1024w, https:\/\/franciscanos.org.br\/noticias\/wp-content\/uploads\/2021\/10\/provincia_201021-768x432.jpg 768w, https:\/\/franciscanos.org.br\/noticias\/wp-content\/uploads\/2021\/10\/provincia_201021-150x84.jpg 150w\" sizes=\"(max-width: 1280px) 100vw, 1280px\" \/><\/p>\n<p>Depois de fazer parte do Governo Provincial no \u00faltimo tri\u00eanio como Definidor, Frei Carlos Ant\u00f4nio da Silva foi eleito Ministro Provincial da Prov\u00edncia do Sant\u00edssimo nome de Jesus (GO, TO e DF), no segundo dia do Cap\u00edtulo Provincial, que est\u00e1 em andamento no Semin\u00e1rio Regina Minorum, em An\u00e1polis, Goi\u00e1s. Aos 55 anos, Frei Carlos estar\u00e1 \u00e0 frente deste servi\u00e7o nos pr\u00f3ximos seis anos.<\/p>\n<p>Ele nasceu no dia 16 de setembro de 1966. Ingressou no Noviciado em 13 de janeiro de 1992 e fez a Primeira Profiss\u00e3o no dia 12 de janeiro de 1993. Professou solenemente na Ordem dos Frades Menores no dia 1\u00ba de agosto de 1997 e foi ordenado presb\u00edtero em 12 de dezembro de 2003. Reside atualmente no Convento Santo Ant\u00f4nio \u2013 Bras\u00edlia-DF.<\/p>\n<p>A elei\u00e7\u00e3o do Governo Provincial, com o Vig\u00e1rio e Definidores, deu-se no segundo dia do Cap\u00edtulo Provincial, que come\u00e7ou pela celebra\u00e7\u00e3o da Santa Missa votiva ao Esp\u00edrito Santo. Em seguida, Frei Marco Aur\u00e9lio, OFM, Ministro Provincial cessante, apresentou seu relat\u00f3rio sobre a trajet\u00f3ria da Prov\u00edncia no \u00faltimo tri\u00eanio.<\/p>\n<div id=\"attachment_234879\" style=\"width: 900px\" class=\"wp-caption alignnone\"><img aria-describedby=\"caption-attachment-234879\" loading=\"lazy\" class=\"wp-image-234879 size-full\" src=\"https:\/\/franciscanos.org.br\/noticias\/wp-content\/uploads\/2021\/10\/provincia_201021_2.png\" alt=\"\" width=\"890\" height=\"499\" srcset=\"https:\/\/franciscanos.org.br\/noticias\/wp-content\/uploads\/2021\/10\/provincia_201021_2.png 890w, https:\/\/franciscanos.org.br\/noticias\/wp-content\/uploads\/2021\/10\/provincia_201021_2-450x252.png 450w, https:\/\/franciscanos.org.br\/noticias\/wp-content\/uploads\/2021\/10\/provincia_201021_2-768x431.png 768w, https:\/\/franciscanos.org.br\/noticias\/wp-content\/uploads\/2021\/10\/provincia_201021_2-150x84.png 150w\" sizes=\"(max-width: 890px) 100vw, 890px\" \/><p id=\"caption-attachment-234879\" class=\"wp-caption-text\"><em>Por v\u00eddeo-confer\u00eancia, o Definidor Geral para a Am\u00e9rica Latina, Frei C\u00e9sar K\u00fclkamp, OFM, trouxe palavras de incentivo.<\/em><\/p><\/div>\n<p>&#8220;Tivemos ainda a grata satisfa\u00e7\u00e3o de receber a carta endere\u00e7ada pelo Ministro Geral, Frei Massimo Fusarelli, OFM, \u00e0 nossa Prov\u00edncia por ocasi\u00e3o do Cap\u00edtulo. Na sequ\u00eancia, por v\u00eddeo chamada conversou conosco Frei C\u00e9sar K\u00fclkamp, OFM, Definidor Geral para a Am\u00e9rica Latina, trazendo uma palavra de incentivo e direcionamento segundo o documento final do Cap\u00edtulo Geral&#8221;, registraram os frades da Sant\u00edssimo Nome.<\/p>\n<p>\u00c0 tarde teve in\u00edcio a elei\u00e7\u00e3o, num clima de expectativa e confian\u00e7a no Nome do Senhor, quando os capitulares se reuniram para a elei\u00e7\u00e3o do novo Governo Provincial. No final da tarde, o Bispo da Diocese de An\u00e1polis\/GO e seu Auxiliar fizeram uma visita fraterna para cumprimentar o Ministro Provincial cessante e o rec\u00e9m-eleito. E, por fim, \u00e0s 19 horas, na Capela do Semin\u00e1rio Regina Minorum, a Fraternidade Provincial elevou aos c\u00e9us o \u201cTe Deum\u201d pelo Governo Eleito; e o Visitador Geral, Frei Gustavo Medella, no exerc\u00edcio de suas atribui\u00e7\u00f5es, conferiu a posse ao novo Ministro Provincial, Frei Carlos Ant\u00f4nio, OFM, ao seu Vig\u00e1rio, Frei Jair da Cruz, OFM e aos definidores, Frei Janilson, OFM, Frei Alex, OFM, Frei Wanderley, OFM e Frei Ronildo, OFM.<\/p>\n<div id=\"attachment_234880\" style=\"width: 1290px\" class=\"wp-caption alignnone\"><img aria-describedby=\"caption-attachment-234880\" loading=\"lazy\" class=\"wp-image-234880 size-full\" src=\"https:\/\/franciscanos.org.br\/noticias\/wp-content\/uploads\/2021\/10\/provincia_201021_3.png\" alt=\"\" width=\"1280\" height=\"718\" srcset=\"https:\/\/franciscanos.org.br\/noticias\/wp-content\/uploads\/2021\/10\/provincia_201021_3.png 1280w, https:\/\/franciscanos.org.br\/noticias\/wp-content\/uploads\/2021\/10\/provincia_201021_3-450x252.png 450w, https:\/\/franciscanos.org.br\/noticias\/wp-content\/uploads\/2021\/10\/provincia_201021_3-1024x574.png 1024w, https:\/\/franciscanos.org.br\/noticias\/wp-content\/uploads\/2021\/10\/provincia_201021_3-768x431.png 768w, https:\/\/franciscanos.org.br\/noticias\/wp-content\/uploads\/2021\/10\/provincia_201021_3-150x84.png 150w\" sizes=\"(max-width: 1280px) 100vw, 1280px\" \/><p id=\"caption-attachment-234880\" class=\"wp-caption-text\"><em>Da esq. para a dir: Frei Wanderley, OFM (Ex-Vig\u00e1rio Provincial e atual Definidor), Frei Renildo, OFM, Frei Gustavo Medella, OFM (Visitador Geral) e Frei Marco Aur\u00e9lio, OFM (Ex-Ministro Provincial)<\/em><\/p><\/div>\n<p>Frei Carlos proferiu suas primeiras palavras manifestando a sua alegria em poder servir e cuidar dos frades, no mesmo esp\u00edrito de S\u00e3o Francisco que como Ministro desejava beijar os p\u00e9s dos irm\u00e3os. E ap\u00f3s a b\u00ean\u00e7\u00e3o do novo Ministro Provincial, com o recreio fraterno, terminou o intenso dia de atividades.<\/p>\n<p><strong><img loading=\"lazy\" class=\"alignleft wp-image-234883\" src=\"https:\/\/franciscanos.org.br\/noticias\/wp-content\/uploads\/2021\/10\/governo.jpg\" alt=\"\" width=\"482\" height=\"482\" srcset=\"https:\/\/franciscanos.org.br\/noticias\/wp-content\/uploads\/2021\/10\/governo.jpg 450w, https:\/\/franciscanos.org.br\/noticias\/wp-content\/uploads\/2021\/10\/governo-300x300.jpg 300w, https:\/\/franciscanos.org.br\/noticias\/wp-content\/uploads\/2021\/10\/governo-150x150.jpg 150w, https:\/\/franciscanos.org.br\/noticias\/wp-content\/uploads\/2021\/10\/governo-100x100.jpg 100w\" sizes=\"(max-width: 482px) 100vw, 482px\" \/>NO \u201cCORA\u00c7\u00c3O DO BRASIL\u201d<\/strong><\/p>\n<p>A Prov\u00edncia do Sant\u00edssimo Nome de Jesus do Brasil \u00e9 uma fraternidade na qual os irm\u00e3os, seguindo Jesus Cristo mais de perto e sob a a\u00e7\u00e3o do Esp\u00edrito Santo, levam uma vida radicalmente evang\u00e9lica, atrav\u00e9s das v\u00e1rias frentes de evangeliza\u00e7\u00e3o, seja nas Par\u00f3quias, Col\u00e9gios, R\u00e1dios, Miss\u00f5es, a fim de levar a todos a mensagem do Reino de Deus e o Carisma Franciscano, de modo especial ao \u201cCora\u00e7\u00e3o do Brasil\u201d.<\/p>\n<p>Os irm\u00e3os da Ordem dos Frades Menores pela profiss\u00e3o consagram-se totalmente a Deus, o sumo bem, vivendo o Evangelho na Igreja, segundo a forma observada e proposta por S\u00e3o Francisco de Assis, ou seja, em Obedi\u00eancia, Sem Nada de Pr\u00f3prio e em Castidade.<\/p>\n<p>A atua\u00e7\u00e3o dos frades se estende em oito par\u00f3quias, quatro casas de forma\u00e7\u00e3o, tr\u00eas col\u00e9gios, tr\u00eas emissoras de r\u00e1dio, projetos sociais das Par\u00f3quias e o Projeto social educativo para crian\u00e7as e adolescentes \u2013 \u201cEducar para a Vida\u201d. Isso distribu\u00eddo em nossa Regi\u00e3o pastoral de: GOI\u00c1S: An\u00e1polis, Goi\u00e2nia, Catal\u00e3o e Pires do Rio; DISTRITO FEDERAL \u2013 Bras\u00edlia; TOCANTINS \u2013 Araguacema e Lajeado.<\/p>\n<p>A Prov\u00edncia do Sant\u00edssimo Nome de Jesus do Brasil foi fundada no dia 17 de julho de 1943, e no dia 20 de janeiro de 1944 aconteceu a primeira reuni\u00e3o em solo brasileiro. Mas, no in\u00edcio ela n\u00e3o tinha esta denomina\u00e7\u00e3o. Na \u00e9poca, era chamada de Comissariado, e teve como primeiro comiss\u00e1rio Frei Paulo Seibert. Com as Constitui\u00e7\u00f5es Gerais da OFM promulgadas em 1967, a entidade franciscana passou a se chamar \u2018Cust\u00f3dia\u2019. Em seguida, foi elevada a Vice-Prov\u00edncia e em 2004 a Prov\u00edncia.<\/p>\n<hr \/>\n<p><em>Fonte: Prov\u00edncia do Sant\u00edssimo Nome de Jesus do Brasil<\/em><\/p>\n","protected":false},"excerpt":{"rendered":"<p>Cap\u00edtulo Provincial na Prov\u00edncia do Sant\u00edssimo Nome de Jesus<\/p>\n","protected":false},"author":3,"featured_media":234881,"comment_status":"open","ping_status":"open","sticky":false,"template":"","format":"standard","meta":[],"categories":[1],"tags":[323,1925],"acf":[],"yoast_head":"<!-- This site is optimized with the Yoast SEO plugin v19.2 - https:\/\/yoast.com\/wordpress\/plugins\/seo\/ -->\n<title>Aos 55 anos, Frei Carlos \u00e9 eleito para o servi\u00e7o de Ministro Provincial no &quot;Cora\u00e7\u00e3o do Brasil&quot; - Not\u00edcias - Franciscanos<\/title>\n<meta name=\"robots\" content=\"index, follow, max-snippet:-1, max-image-preview:large, max-video-preview:-1\" \/>\n<link rel=\"canonical\" href=\"https:\/\/franciscanos.org.br\/noticias\/aos-55-anos-frei-carlos-e-eleito-para-o-servico-de-ministro-provincial-no-coracao-do-brasil.html\" \/>\n<meta property=\"og:locale\" content=\"pt_BR\" \/>\n<meta property=\"og:type\" content=\"article\" \/>\n<meta property=\"og:title\" content=\"Aos 55 anos, Frei Carlos \u00e9 eleito para o servi\u00e7o de Ministro Provincial no &quot;Cora\u00e7\u00e3o do Brasil&quot; - Not\u00edcias - Franciscanos\" \/>\n<meta property=\"og:description\" content=\"Cap\u00edtulo Provincial na Prov\u00edncia do Sant\u00edssimo Nome de Jesus\" \/>\n<meta property=\"og:url\" content=\"https:\/\/franciscanos.org.br\/noticias\/aos-55-anos-frei-carlos-e-eleito-para-o-servico-de-ministro-provincial-no-coracao-do-brasil.html\" \/>\n<meta property=\"og:site_name\" content=\"Not\u00edcias - Franciscanos\" \/>\n<meta property=\"article:published_time\" content=\"2021-10-20T18:24:42+00:00\" \/>\n<meta property=\"article:modified_time\" content=\"2021-10-21T11:05:54+00:00\" \/>\n<meta property=\"og:image\" content=\"https:\/\/franciscanos.org.br\/noticias\/wp-content\/uploads\/2021\/10\/provincia_201021sd.png\" \/>\n\t<meta property=\"og:image:width\" content=\"800\" \/>\n\t<meta property=\"og:image:height\" content=\"550\" \/>\n\t<meta property=\"og:image:type\" content=\"image\/png\" \/>\n<meta name=\"author\" content=\"moacir\" \/>\n<meta name=\"twitter:card\" content=\"summary_large_image\" \/>\n<meta name=\"twitter:label1\" content=\"Escrito por\" \/>\n\t<meta name=\"twitter:data1\" content=\"moacir\" \/>\n\t<meta name=\"twitter:label2\" content=\"Est. tempo de leitura\" \/>\n\t<meta name=\"twitter:data2\" content=\"4 minutos\" \/>\n<script type=\"application\/ld+json\" class=\"yoast-schema-graph\">{\"@context\":\"https:\/\/schema.org\",\"@graph\":[{\"@type\":\"WebSite\",\"@id\":\"https:\/\/franciscanos.org.br\/noticias\/#website\",\"url\":\"https:\/\/franciscanos.org.br\/noticias\/\",\"name\":\"Not\u00edcias - Franciscanos\",\"description\":\"Prov\u00edncia Franciscana da Imaculada Concei\u00e7\u00e3o do Brasil - Ordem dos Frades Menores - OFM\",\"potentialAction\":[{\"@type\":\"SearchAction\",\"target\":{\"@type\":\"EntryPoint\",\"urlTemplate\":\"https:\/\/franciscanos.org.br\/noticias\/?s={search_term_string}\"},\"query-input\":\"required name=search_term_string\"}],\"inLanguage\":\"pt-BR\"},{\"@type\":\"ImageObject\",\"inLanguage\":\"pt-BR\",\"@id\":\"https:\/\/franciscanos.org.br\/noticias\/aos-55-anos-frei-carlos-e-eleito-para-o-servico-de-ministro-provincial-no-coracao-do-brasil.html#primaryimage\",\"url\":\"https:\/\/franciscanos.org.br\/noticias\/wp-content\/uploads\/2021\/10\/provincia_201021sd.png\",\"contentUrl\":\"https:\/\/franciscanos.org.br\/noticias\/wp-content\/uploads\/2021\/10\/provincia_201021sd.png\",\"width\":800,\"height\":550},{\"@type\":\"WebPage\",\"@id\":\"https:\/\/franciscanos.org.br\/noticias\/aos-55-anos-frei-carlos-e-eleito-para-o-servico-de-ministro-provincial-no-coracao-do-brasil.html#webpage\",\"url\":\"https:\/\/franciscanos.org.br\/noticias\/aos-55-anos-frei-carlos-e-eleito-para-o-servico-de-ministro-provincial-no-coracao-do-brasil.html\",\"name\":\"Aos 55 anos, Frei Carlos \u00e9 eleito para o servi\u00e7o de Ministro Provincial no \\\"Cora\u00e7\u00e3o do Brasil\\\" - Not\u00edcias - Franciscanos\",\"isPartOf\":{\"@id\":\"https:\/\/franciscanos.org.br\/noticias\/#website\"},\"primaryImageOfPage\":{\"@id\":\"https:\/\/franciscanos.org.br\/noticias\/aos-55-anos-frei-carlos-e-eleito-para-o-servico-de-ministro-provincial-no-coracao-do-brasil.html#primaryimage\"},\"datePublished\":\"2021-10-20T18:24:42+00:00\",\"dateModified\":\"2021-10-21T11:05:54+00:00\",\"author\":{\"@id\":\"https:\/\/franciscanos.org.br\/noticias\/#\/schema\/person\/b5c8cba458c330ccff548b056e95a5d4\"},\"breadcrumb\":{\"@id\":\"https:\/\/franciscanos.org.br\/noticias\/aos-55-anos-frei-carlos-e-eleito-para-o-servico-de-ministro-provincial-no-coracao-do-brasil.html#breadcrumb\"},\"inLanguage\":\"pt-BR\",\"potentialAction\":[{\"@type\":\"ReadAction\",\"target\":[\"https:\/\/franciscanos.org.br\/noticias\/aos-55-anos-frei-carlos-e-eleito-para-o-servico-de-ministro-provincial-no-coracao-do-brasil.html\"]}]},{\"@type\":\"BreadcrumbList\",\"@id\":\"https:\/\/franciscanos.org.br\/noticias\/aos-55-anos-frei-carlos-e-eleito-para-o-servico-de-ministro-provincial-no-coracao-do-brasil.html#breadcrumb\",\"itemListElement\":[{\"@type\":\"ListItem\",\"position\":1,\"name\":\"Home\",\"item\":\"https:\/\/franciscanos.org.br\/noticias\"},{\"@type\":\"ListItem\",\"position\":2,\"name\":\"Aos 55 anos, Frei Carlos \u00e9 eleito para o servi\u00e7o de Ministro Provincial no &#8220;Cora\u00e7\u00e3o do Brasil&#8221;\"}]},{\"@type\":\"Person\",\"@id\":\"https:\/\/franciscanos.org.br\/noticias\/#\/schema\/person\/b5c8cba458c330ccff548b056e95a5d4\",\"name\":\"moacir\",\"image\":{\"@type\":\"ImageObject\",\"inLanguage\":\"pt-BR\",\"@id\":\"https:\/\/franciscanos.org.br\/noticias\/#\/schema\/person\/image\/\",\"url\":\"https:\/\/secure.gravatar.com\/avatar\/d08aa2ce4c8dd416d4479aa8536fcf64?s=96&d=mm&r=g\",\"contentUrl\":\"https:\/\/secure.gravatar.com\/avatar\/d08aa2ce4c8dd416d4479aa8536fcf64?s=96&d=mm&r=g\",\"caption\":\"moacir\"},\"url\":\"https:\/\/franciscanos.org.br\/noticias\/author\/moacir\"}]}<\/script>\n<!-- \/ Yoast SEO plugin. -->","yoast_head_json":{"title":"Aos 55 anos, Frei Carlos \u00e9 eleito para o servi\u00e7o de Ministro Provincial no \"Cora\u00e7\u00e3o do Brasil\" - Not\u00edcias - Franciscanos","robots":{"index":"index","follow":"follow","max-snippet":"max-snippet:-1","max-image-preview":"max-image-preview:large","max-video-preview":"max-video-preview:-1"},"canonical":"https:\/\/franciscanos.org.br\/noticias\/aos-55-anos-frei-carlos-e-eleito-para-o-servico-de-ministro-provincial-no-coracao-do-brasil.html","og_locale":"pt_BR","og_type":"article","og_title":"Aos 55 anos, Frei Carlos \u00e9 eleito para o servi\u00e7o de Ministro Provincial no \"Cora\u00e7\u00e3o do Brasil\" - Not\u00edcias - Franciscanos","og_description":"Cap\u00edtulo Provincial na Prov\u00edncia do Sant\u00edssimo Nome de Jesus","og_url":"https:\/\/franciscanos.org.br\/noticias\/aos-55-anos-frei-carlos-e-eleito-para-o-servico-de-ministro-provincial-no-coracao-do-brasil.html","og_site_name":"Not\u00edcias - Franciscanos","article_published_time":"2021-10-20T18:24:42+00:00","article_modified_time":"2021-10-21T11:05:54+00:00","og_image":[{"width":800,"height":550,"url":"https:\/\/franciscanos.org.br\/noticias\/wp-content\/uploads\/2021\/10\/provincia_201021sd.png","type":"image\/png"}],"author":"moacir","twitter_card":"summary_large_image","twitter_misc":{"Escrito por":"moacir","Est. tempo de leitura":"4 minutos"},"schema":{"@context":"https:\/\/schema.org","@graph":[{"@type":"WebSite","@id":"https:\/\/franciscanos.org.br\/noticias\/#website","url":"https:\/\/franciscanos.org.br\/noticias\/","name":"Not\u00edcias - Franciscanos","description":"Prov\u00edncia Franciscana da Imaculada Concei\u00e7\u00e3o do Brasil - Ordem dos Frades Menores - OFM","potentialAction":[{"@type":"SearchAction","target":{"@type":"EntryPoint","urlTemplate":"https:\/\/franciscanos.org.br\/noticias\/?s={search_term_string}"},"query-input":"required name=search_term_string"}],"inLanguage":"pt-BR"},{"@type":"ImageObject","inLanguage":"pt-BR","@id":"https:\/\/franciscanos.org.br\/noticias\/aos-55-anos-frei-carlos-e-eleito-para-o-servico-de-ministro-provincial-no-coracao-do-brasil.html#primaryimage","url":"https:\/\/franciscanos.org.br\/noticias\/wp-content\/uploads\/2021\/10\/provincia_201021sd.png","contentUrl":"https:\/\/franciscanos.org.br\/noticias\/wp-content\/uploads\/2021\/10\/provincia_201021sd.png","width":800,"height":550},{"@type":"WebPage","@id":"https:\/\/franciscanos.org.br\/noticias\/aos-55-anos-frei-carlos-e-eleito-para-o-servico-de-ministro-provincial-no-coracao-do-brasil.html#webpage","url":"https:\/\/franciscanos.org.br\/noticias\/aos-55-anos-frei-carlos-e-eleito-para-o-servico-de-ministro-provincial-no-coracao-do-brasil.html","name":"Aos 55 anos, Frei Carlos \u00e9 eleito para o servi\u00e7o de Ministro Provincial no \"Cora\u00e7\u00e3o do Brasil\" - Not\u00edcias - Franciscanos","isPartOf":{"@id":"https:\/\/franciscanos.org.br\/noticias\/#website"},"primaryImageOfPage":{"@id":"https:\/\/franciscanos.org.br\/noticias\/aos-55-anos-frei-carlos-e-eleito-para-o-servico-de-ministro-provincial-no-coracao-do-brasil.html#primaryimage"},"datePublished":"2021-10-20T18:24:42+00:00","dateModified":"2021-10-21T11:05:54+00:00","author":{"@id":"https:\/\/franciscanos.org.br\/noticias\/#\/schema\/person\/b5c8cba458c330ccff548b056e95a5d4"},"breadcrumb":{"@id":"https:\/\/franciscanos.org.br\/noticias\/aos-55-anos-frei-carlos-e-eleito-para-o-servico-de-ministro-provincial-no-coracao-do-brasil.html#breadcrumb"},"inLanguage":"pt-BR","potentialAction":[{"@type":"ReadAction","target":["https:\/\/franciscanos.org.br\/noticias\/aos-55-anos-frei-carlos-e-eleito-para-o-servico-de-ministro-provincial-no-coracao-do-brasil.html"]}]},{"@type":"BreadcrumbList","@id":"https:\/\/franciscanos.org.br\/noticias\/aos-55-anos-frei-carlos-e-eleito-para-o-servico-de-ministro-provincial-no-coracao-do-brasil.html#breadcrumb","itemListElement":[{"@type":"ListItem","position":1,"name":"Home","item":"https:\/\/franciscanos.org.br\/noticias"},{"@type":"ListItem","position":2,"name":"Aos 55 anos, Frei Carlos \u00e9 eleito para o servi\u00e7o de Ministro Provincial no &#8220;Cora\u00e7\u00e3o do Brasil&#8221;"}]},{"@type":"Person","@id":"https:\/\/franciscanos.org.br\/noticias\/#\/schema\/person\/b5c8cba458c330ccff548b056e95a5d4","name":"moacir","image":{"@type":"ImageObject","inLanguage":"pt-BR","@id":"https:\/\/franciscanos.org.br\/noticias\/#\/schema\/person\/image\/","url":"https:\/\/secure.gravatar.com\/avatar\/d08aa2ce4c8dd416d4479aa8536fcf64?s=96&d=mm&r=g","contentUrl":"https:\/\/secure.gravatar.com\/avatar\/d08aa2ce4c8dd416d4479aa8536fcf64?s=96&d=mm&r=g","caption":"moacir"},"url":"https:\/\/franciscanos.org.br\/noticias\/author\/moacir"}]}},"_links":{"self":[{"href":"https:\/\/franciscanos.org.br\/noticias\/wp-json\/wp\/v2\/posts\/234877"}],"collection":[{"href":"https:\/\/franciscanos.org.br\/noticias\/wp-json\/wp\/v2\/posts"}],"about":[{"href":"https:\/\/franciscanos.org.br\/noticias\/wp-json\/wp\/v2\/types\/post"}],"author":[{"embeddable":true,"href":"https:\/\/franciscanos.org.br\/noticias\/wp-json\/wp\/v2\/users\/3"}],"replies":[{"embeddable":true,"href":"https:\/\/franciscanos.org.br\/noticias\/wp-json\/wp\/v2\/comments?post=234877"}],"version-history":[{"count":6,"href":"https:\/\/franciscanos.org.br\/noticias\/wp-json\/wp\/v2\/posts\/234877\/revisions"}],"predecessor-version":[{"id":234894,"href":"https:\/\/franciscanos.org.br\/noticias\/wp-json\/wp\/v2\/posts\/234877\/revisions\/234894"}],"wp:featuredmedia":[{"embeddable":true,"href":"https:\/\/franciscanos.org.br\/noticias\/wp-json\/wp\/v2\/media\/234881"}],"wp:attachment":[{"href":"https:\/\/franciscanos.org.br\/noticias\/wp-json\/wp\/v2\/media?parent=234877"}],"wp:term":[{"taxonomy":"category","embeddable":true,"href":"https:\/\/franciscanos.org.br\/noticias\/wp-json\/wp\/v2\/categories?post=234877"},{"taxonomy":"post_tag","embeddable":true,"href":"https:\/\/franciscanos.org.br\/noticias\/wp-json\/wp\/v2\/tags?post=234877"}],"curies":[{"name":"wp","href":"https:\/\/api.w.org\/{rel}","templated":true}]}}