{"id":234861,"date":"2021-10-20T08:25:27","date_gmt":"2021-10-20T11:25:27","guid":{"rendered":"https:\/\/franciscanos.org.br\/noticias\/?p=234861"},"modified":"2021-10-20T08:51:23","modified_gmt":"2021-10-20T11:51:23","slug":"grupo-de-teatro-da-usf-estreia-peca-no-youtube","status":"publish","type":"post","link":"https:\/\/franciscanos.org.br\/noticias\/grupo-de-teatro-da-usf-estreia-peca-no-youtube.html","title":{"rendered":"Grupo de teatro da USF estreia pe\u00e7a no YouTube"},"content":{"rendered":"<p><img loading=\"lazy\" class=\"alignnone size-full wp-image-234862\" src=\"https:\/\/franciscanos.org.br\/noticias\/wp-content\/uploads\/2021\/10\/usf_teatro.jpg\" alt=\"\" width=\"1280\" height=\"720\" srcset=\"https:\/\/franciscanos.org.br\/noticias\/wp-content\/uploads\/2021\/10\/usf_teatro.jpg 1280w, https:\/\/franciscanos.org.br\/noticias\/wp-content\/uploads\/2021\/10\/usf_teatro-450x253.jpg 450w, https:\/\/franciscanos.org.br\/noticias\/wp-content\/uploads\/2021\/10\/usf_teatro-1024x576.jpg 1024w, https:\/\/franciscanos.org.br\/noticias\/wp-content\/uploads\/2021\/10\/usf_teatro-768x432.jpg 768w, https:\/\/franciscanos.org.br\/noticias\/wp-content\/uploads\/2021\/10\/usf_teatro-150x84.jpg 150w\" sizes=\"(max-width: 1280px) 100vw, 1280px\" \/><\/p>\n<p>O Projeto de extens\u00e3o &#8220;Grupo de teatro embarque cultural&#8221; da Universidade S\u00e3o Francisco, promove no pr\u00f3ximo dia 21 de outubro a estreia da pe\u00e7a de teatro \u201cEu n\u00e3o sou marinheiro\u201d, no canal do Youtube da Universidade, \u00e0s 20h15. O evento integra as atividades do Festival Cultura da Paz, do m\u00eas de outubro.<\/p>\n<p>O evento trar\u00e1 a diretora da pe\u00e7a, Cristina Pacheco juntamente com o elenco e dire\u00e7\u00e3o da pe\u00e7a para um bate-papo e na sequ\u00eancia a exibi\u00e7\u00e3o do espet\u00e1culo. A pe\u00e7a foi gravada no m\u00eas de setembro, no Teatro Carlos Gomes, seguindo todos os protocolos de distanciamento social. A maioria dos ensaios ocorreu de maneira remota, por conta da pandemia.<\/p>\n<p>A pe\u00e7a \u201cEu N\u00e3o Sou Marinheiro\u201d narra a jornada de tr\u00eas personagens em busca de suas pr\u00f3prias vozes. Ao mergulharem em uma viagem atrav\u00e9s de suas lembran\u00e7as, sensa\u00e7\u00f5es e sentimentos mais \u00edntimos, buscando raz\u00e3o na emo\u00e7\u00e3o e ressignificando suas viv\u00eancias, elas revelam-se a si mesmas e ao p\u00fablico. \u201cA pe\u00e7a \u00e9 uma viagem em busca de algo, de uma voz, de significados, sentido para a personagem que conta a hist\u00f3ria. A linguagem \u00e9 diferente, mas o que falamos \u00e9 extremamente humano e universal, como amor, paix\u00e3o, desilus\u00e3o, solid\u00e3o e sobre a busca da felicidade\u201d, contou o autor do texto da pe\u00e7a, Raffiz Camargo.<\/p>\n<p>O espet\u00e1culo contou com o apoio da Universidade S\u00e3o Francisco e tamb\u00e9m da Secret\u00e1ria de Cultura de Bragan\u00e7a Paulista, que cedeu o espa\u00e7o para os ensaios e grava\u00e7\u00f5es. \u201cResultado de um trabalho que aconteceu remotamente por conta da pandemia. Convido quer for assistir a ter um olhar para o novo. Realmente embarquem sessa viagem para dentro de n\u00f3s mesmos\u201d, comentou a diretora da pe\u00e7a e respons\u00e1vel pelo projeto de extens\u00e3o, Cristina Pacheco.<\/p>\n<p>A pe\u00e7a estar\u00e1 dispon\u00edvel no canal do Youtube da USF a partir do dia 21 de outubro, ap\u00f3s o evento das 20h15. Acesse usf.edu.br\/tv.<\/p>\n<p><strong>O Grupo Embarque Cultural<\/strong><\/p>\n<p>O Grupo de Teatro &#8220;Embarque Cultural&#8221; existe desde 2012, como projeto de extens\u00e3o da Universidade. Voltado a realizar apresenta\u00e7\u00f5es em eventos dentro e fora do c\u00e2mpus de Bragan\u00e7a Paulista, em espa\u00e7os p\u00fablicos, abertos ou fechados, levando cultura, entretenimento e reflex\u00e3o \u00e0 comunidade. J\u00e1 foram realizados espet\u00e1culos infantis e adultos. Saiba mais sobre o grupo em sus p\u00e1gina no Instagram: @embarquecultural.<\/p>\n<p><strong>EU N\u00c3O SOU MARINHEIRO<\/strong><br \/>\nDire\u00e7\u00e3o: Cristina Pacheco<br \/>\nTexto: Raffiz Camargo.<br \/>\nElenco: Juliana Zacharias, M\u00e1rcia Aleixo, Raffiz Camargo.<br \/>\nAssist\u00eancia de produ\u00e7\u00e3o: Camila Mello, Cec\u00edlia Lamper.<br \/>\nOpera\u00e7\u00e3o de som: Sayuri Saito.<br \/>\nRecomendado para maiores de 14 anos.<\/p>\n<hr \/>\n<p><em>Ana Paula Moreira<\/em><\/p>\n","protected":false},"excerpt":{"rendered":"<p>Universidade S\u00e3o Francisco<\/p>\n","protected":false},"author":3,"featured_media":234862,"comment_status":"open","ping_status":"open","sticky":false,"template":"","format":"standard","meta":[],"categories":[1],"tags":[354],"acf":[],"yoast_head":"<!-- This site is optimized with the Yoast SEO plugin v19.2 - https:\/\/yoast.com\/wordpress\/plugins\/seo\/ -->\n<title>Grupo de teatro da USF estreia pe\u00e7a no YouTube - Not\u00edcias - Franciscanos<\/title>\n<meta name=\"robots\" content=\"index, follow, max-snippet:-1, max-image-preview:large, max-video-preview:-1\" \/>\n<link rel=\"canonical\" href=\"https:\/\/franciscanos.org.br\/noticias\/grupo-de-teatro-da-usf-estreia-peca-no-youtube.html\" \/>\n<meta property=\"og:locale\" content=\"pt_BR\" \/>\n<meta property=\"og:type\" content=\"article\" \/>\n<meta property=\"og:title\" content=\"Grupo de teatro da USF estreia pe\u00e7a no YouTube - Not\u00edcias - Franciscanos\" \/>\n<meta property=\"og:description\" content=\"Universidade S\u00e3o Francisco\" \/>\n<meta property=\"og:url\" content=\"https:\/\/franciscanos.org.br\/noticias\/grupo-de-teatro-da-usf-estreia-peca-no-youtube.html\" \/>\n<meta property=\"og:site_name\" content=\"Not\u00edcias - Franciscanos\" \/>\n<meta property=\"article:published_time\" content=\"2021-10-20T11:25:27+00:00\" \/>\n<meta property=\"article:modified_time\" content=\"2021-10-20T11:51:23+00:00\" \/>\n<meta property=\"og:image\" content=\"https:\/\/franciscanos.org.br\/noticias\/wp-content\/uploads\/2021\/10\/usf_teatro.jpg\" \/>\n\t<meta property=\"og:image:width\" content=\"1280\" \/>\n\t<meta property=\"og:image:height\" content=\"720\" \/>\n\t<meta property=\"og:image:type\" content=\"image\/jpeg\" \/>\n<meta name=\"author\" content=\"moacir\" \/>\n<meta name=\"twitter:card\" content=\"summary_large_image\" \/>\n<meta name=\"twitter:label1\" content=\"Escrito por\" \/>\n\t<meta name=\"twitter:data1\" content=\"moacir\" \/>\n\t<meta name=\"twitter:label2\" content=\"Est. tempo de leitura\" \/>\n\t<meta name=\"twitter:data2\" content=\"3 minutos\" \/>\n<script type=\"application\/ld+json\" class=\"yoast-schema-graph\">{\"@context\":\"https:\/\/schema.org\",\"@graph\":[{\"@type\":\"WebSite\",\"@id\":\"https:\/\/franciscanos.org.br\/noticias\/#website\",\"url\":\"https:\/\/franciscanos.org.br\/noticias\/\",\"name\":\"Not\u00edcias - Franciscanos\",\"description\":\"Prov\u00edncia Franciscana da Imaculada Concei\u00e7\u00e3o do Brasil - Ordem dos Frades Menores - OFM\",\"potentialAction\":[{\"@type\":\"SearchAction\",\"target\":{\"@type\":\"EntryPoint\",\"urlTemplate\":\"https:\/\/franciscanos.org.br\/noticias\/?s={search_term_string}\"},\"query-input\":\"required name=search_term_string\"}],\"inLanguage\":\"pt-BR\"},{\"@type\":\"ImageObject\",\"inLanguage\":\"pt-BR\",\"@id\":\"https:\/\/franciscanos.org.br\/noticias\/grupo-de-teatro-da-usf-estreia-peca-no-youtube.html#primaryimage\",\"url\":\"https:\/\/franciscanos.org.br\/noticias\/wp-content\/uploads\/2021\/10\/usf_teatro.jpg\",\"contentUrl\":\"https:\/\/franciscanos.org.br\/noticias\/wp-content\/uploads\/2021\/10\/usf_teatro.jpg\",\"width\":1280,\"height\":720},{\"@type\":\"WebPage\",\"@id\":\"https:\/\/franciscanos.org.br\/noticias\/grupo-de-teatro-da-usf-estreia-peca-no-youtube.html#webpage\",\"url\":\"https:\/\/franciscanos.org.br\/noticias\/grupo-de-teatro-da-usf-estreia-peca-no-youtube.html\",\"name\":\"Grupo de teatro da USF estreia pe\u00e7a no YouTube - Not\u00edcias - Franciscanos\",\"isPartOf\":{\"@id\":\"https:\/\/franciscanos.org.br\/noticias\/#website\"},\"primaryImageOfPage\":{\"@id\":\"https:\/\/franciscanos.org.br\/noticias\/grupo-de-teatro-da-usf-estreia-peca-no-youtube.html#primaryimage\"},\"datePublished\":\"2021-10-20T11:25:27+00:00\",\"dateModified\":\"2021-10-20T11:51:23+00:00\",\"author\":{\"@id\":\"https:\/\/franciscanos.org.br\/noticias\/#\/schema\/person\/b5c8cba458c330ccff548b056e95a5d4\"},\"breadcrumb\":{\"@id\":\"https:\/\/franciscanos.org.br\/noticias\/grupo-de-teatro-da-usf-estreia-peca-no-youtube.html#breadcrumb\"},\"inLanguage\":\"pt-BR\",\"potentialAction\":[{\"@type\":\"ReadAction\",\"target\":[\"https:\/\/franciscanos.org.br\/noticias\/grupo-de-teatro-da-usf-estreia-peca-no-youtube.html\"]}]},{\"@type\":\"BreadcrumbList\",\"@id\":\"https:\/\/franciscanos.org.br\/noticias\/grupo-de-teatro-da-usf-estreia-peca-no-youtube.html#breadcrumb\",\"itemListElement\":[{\"@type\":\"ListItem\",\"position\":1,\"name\":\"Home\",\"item\":\"https:\/\/franciscanos.org.br\/noticias\"},{\"@type\":\"ListItem\",\"position\":2,\"name\":\"Grupo de teatro da USF estreia pe\u00e7a no YouTube\"}]},{\"@type\":\"Person\",\"@id\":\"https:\/\/franciscanos.org.br\/noticias\/#\/schema\/person\/b5c8cba458c330ccff548b056e95a5d4\",\"name\":\"moacir\",\"image\":{\"@type\":\"ImageObject\",\"inLanguage\":\"pt-BR\",\"@id\":\"https:\/\/franciscanos.org.br\/noticias\/#\/schema\/person\/image\/\",\"url\":\"https:\/\/secure.gravatar.com\/avatar\/d08aa2ce4c8dd416d4479aa8536fcf64?s=96&d=mm&r=g\",\"contentUrl\":\"https:\/\/secure.gravatar.com\/avatar\/d08aa2ce4c8dd416d4479aa8536fcf64?s=96&d=mm&r=g\",\"caption\":\"moacir\"},\"url\":\"https:\/\/franciscanos.org.br\/noticias\/author\/moacir\"}]}<\/script>\n<!-- \/ Yoast SEO plugin. -->","yoast_head_json":{"title":"Grupo de teatro da USF estreia pe\u00e7a no YouTube - Not\u00edcias - Franciscanos","robots":{"index":"index","follow":"follow","max-snippet":"max-snippet:-1","max-image-preview":"max-image-preview:large","max-video-preview":"max-video-preview:-1"},"canonical":"https:\/\/franciscanos.org.br\/noticias\/grupo-de-teatro-da-usf-estreia-peca-no-youtube.html","og_locale":"pt_BR","og_type":"article","og_title":"Grupo de teatro da USF estreia pe\u00e7a no YouTube - Not\u00edcias - Franciscanos","og_description":"Universidade S\u00e3o Francisco","og_url":"https:\/\/franciscanos.org.br\/noticias\/grupo-de-teatro-da-usf-estreia-peca-no-youtube.html","og_site_name":"Not\u00edcias - Franciscanos","article_published_time":"2021-10-20T11:25:27+00:00","article_modified_time":"2021-10-20T11:51:23+00:00","og_image":[{"width":1280,"height":720,"url":"https:\/\/franciscanos.org.br\/noticias\/wp-content\/uploads\/2021\/10\/usf_teatro.jpg","type":"image\/jpeg"}],"author":"moacir","twitter_card":"summary_large_image","twitter_misc":{"Escrito por":"moacir","Est. tempo de leitura":"3 minutos"},"schema":{"@context":"https:\/\/schema.org","@graph":[{"@type":"WebSite","@id":"https:\/\/franciscanos.org.br\/noticias\/#website","url":"https:\/\/franciscanos.org.br\/noticias\/","name":"Not\u00edcias - Franciscanos","description":"Prov\u00edncia Franciscana da Imaculada Concei\u00e7\u00e3o do Brasil - Ordem dos Frades Menores - OFM","potentialAction":[{"@type":"SearchAction","target":{"@type":"EntryPoint","urlTemplate":"https:\/\/franciscanos.org.br\/noticias\/?s={search_term_string}"},"query-input":"required name=search_term_string"}],"inLanguage":"pt-BR"},{"@type":"ImageObject","inLanguage":"pt-BR","@id":"https:\/\/franciscanos.org.br\/noticias\/grupo-de-teatro-da-usf-estreia-peca-no-youtube.html#primaryimage","url":"https:\/\/franciscanos.org.br\/noticias\/wp-content\/uploads\/2021\/10\/usf_teatro.jpg","contentUrl":"https:\/\/franciscanos.org.br\/noticias\/wp-content\/uploads\/2021\/10\/usf_teatro.jpg","width":1280,"height":720},{"@type":"WebPage","@id":"https:\/\/franciscanos.org.br\/noticias\/grupo-de-teatro-da-usf-estreia-peca-no-youtube.html#webpage","url":"https:\/\/franciscanos.org.br\/noticias\/grupo-de-teatro-da-usf-estreia-peca-no-youtube.html","name":"Grupo de teatro da USF estreia pe\u00e7a no YouTube - Not\u00edcias - Franciscanos","isPartOf":{"@id":"https:\/\/franciscanos.org.br\/noticias\/#website"},"primaryImageOfPage":{"@id":"https:\/\/franciscanos.org.br\/noticias\/grupo-de-teatro-da-usf-estreia-peca-no-youtube.html#primaryimage"},"datePublished":"2021-10-20T11:25:27+00:00","dateModified":"2021-10-20T11:51:23+00:00","author":{"@id":"https:\/\/franciscanos.org.br\/noticias\/#\/schema\/person\/b5c8cba458c330ccff548b056e95a5d4"},"breadcrumb":{"@id":"https:\/\/franciscanos.org.br\/noticias\/grupo-de-teatro-da-usf-estreia-peca-no-youtube.html#breadcrumb"},"inLanguage":"pt-BR","potentialAction":[{"@type":"ReadAction","target":["https:\/\/franciscanos.org.br\/noticias\/grupo-de-teatro-da-usf-estreia-peca-no-youtube.html"]}]},{"@type":"BreadcrumbList","@id":"https:\/\/franciscanos.org.br\/noticias\/grupo-de-teatro-da-usf-estreia-peca-no-youtube.html#breadcrumb","itemListElement":[{"@type":"ListItem","position":1,"name":"Home","item":"https:\/\/franciscanos.org.br\/noticias"},{"@type":"ListItem","position":2,"name":"Grupo de teatro da USF estreia pe\u00e7a no YouTube"}]},{"@type":"Person","@id":"https:\/\/franciscanos.org.br\/noticias\/#\/schema\/person\/b5c8cba458c330ccff548b056e95a5d4","name":"moacir","image":{"@type":"ImageObject","inLanguage":"pt-BR","@id":"https:\/\/franciscanos.org.br\/noticias\/#\/schema\/person\/image\/","url":"https:\/\/secure.gravatar.com\/avatar\/d08aa2ce4c8dd416d4479aa8536fcf64?s=96&d=mm&r=g","contentUrl":"https:\/\/secure.gravatar.com\/avatar\/d08aa2ce4c8dd416d4479aa8536fcf64?s=96&d=mm&r=g","caption":"moacir"},"url":"https:\/\/franciscanos.org.br\/noticias\/author\/moacir"}]}},"_links":{"self":[{"href":"https:\/\/franciscanos.org.br\/noticias\/wp-json\/wp\/v2\/posts\/234861"}],"collection":[{"href":"https:\/\/franciscanos.org.br\/noticias\/wp-json\/wp\/v2\/posts"}],"about":[{"href":"https:\/\/franciscanos.org.br\/noticias\/wp-json\/wp\/v2\/types\/post"}],"author":[{"embeddable":true,"href":"https:\/\/franciscanos.org.br\/noticias\/wp-json\/wp\/v2\/users\/3"}],"replies":[{"embeddable":true,"href":"https:\/\/franciscanos.org.br\/noticias\/wp-json\/wp\/v2\/comments?post=234861"}],"version-history":[{"count":2,"href":"https:\/\/franciscanos.org.br\/noticias\/wp-json\/wp\/v2\/posts\/234861\/revisions"}],"predecessor-version":[{"id":234867,"href":"https:\/\/franciscanos.org.br\/noticias\/wp-json\/wp\/v2\/posts\/234861\/revisions\/234867"}],"wp:featuredmedia":[{"embeddable":true,"href":"https:\/\/franciscanos.org.br\/noticias\/wp-json\/wp\/v2\/media\/234862"}],"wp:attachment":[{"href":"https:\/\/franciscanos.org.br\/noticias\/wp-json\/wp\/v2\/media?parent=234861"}],"wp:term":[{"taxonomy":"category","embeddable":true,"href":"https:\/\/franciscanos.org.br\/noticias\/wp-json\/wp\/v2\/categories?post=234861"},{"taxonomy":"post_tag","embeddable":true,"href":"https:\/\/franciscanos.org.br\/noticias\/wp-json\/wp\/v2\/tags?post=234861"}],"curies":[{"name":"wp","href":"https:\/\/api.w.org\/{rel}","templated":true}]}}