{"id":234780,"date":"2021-10-18T10:33:01","date_gmt":"2021-10-18T13:33:01","guid":{"rendered":"https:\/\/franciscanos.org.br\/noticias\/?p=234780"},"modified":"2021-10-18T10:33:01","modified_gmt":"2021-10-18T13:33:01","slug":"mes-missionario-jesus-o-missionario-do-pai","status":"publish","type":"post","link":"https:\/\/franciscanos.org.br\/noticias\/mes-missionario-jesus-o-missionario-do-pai.html","title":{"rendered":"M\u00eas Mission\u00e1rio: Jesus, o Mission\u00e1rio do Pai"},"content":{"rendered":"<div class=\"elementor-element elementor-element-2ad489a elementor-widget elementor-widget-theme-post-featured-image elementor-widget-image\" data-id=\"2ad489a\" data-element_type=\"widget\" data-widget_type=\"theme-post-featured-image.default\">\n<div class=\"elementor-widget-container\">\n<div class=\"elementor-image\">\n<figure class=\"wp-caption\"><img loading=\"lazy\" class=\"attachment-large size-large\" src=\"https:\/\/cdn.conventodapenha.org.br\/wp-content\/uploads\/2021\/10\/14220307\/DSCN4967-1024x768.jpg\" sizes=\"(max-width: 800px) 100vw, 800px\" srcset=\"https:\/\/cdn.conventodapenha.org.br\/wp-content\/uploads\/2021\/10\/14220307\/DSCN4967-1024x768.jpg 1024w, https:\/\/cdn.conventodapenha.org.br\/wp-content\/uploads\/2021\/10\/14220307\/DSCN4967-300x225.jpg 300w, https:\/\/cdn.conventodapenha.org.br\/wp-content\/uploads\/2021\/10\/14220307\/DSCN4967-768x576.jpg 768w, https:\/\/cdn.conventodapenha.org.br\/wp-content\/uploads\/2021\/10\/14220307\/DSCN4967-1536x1152.jpg 1536w, https:\/\/cdn.conventodapenha.org.br\/wp-content\/uploads\/2021\/10\/14220307\/DSCN4967-2048x1536.jpg 2048w\" alt=\"\" width=\"800\" height=\"600\" \/><figcaption class=\"widget-image-caption wp-caption-text\"><\/figcaption><\/figure>\n<\/div>\n<\/div>\n<\/div>\n<div class=\"elementor-element elementor-element-16e558a elementor-widget elementor-widget-theme-post-content\" data-id=\"16e558a\" data-element_type=\"widget\" data-widget_type=\"theme-post-content.default\">\n<div class=\"elementor-widget-container\">\n<p>O Convento da Penha inicia uma s\u00e9rie especial, neste M\u00eas Mission\u00e1rio, com pequenas reflex\u00f5es sobre as miss\u00f5es da Igreja, de Jesus e dos franciscanos. O tema do primeiro v\u00eddeo \u00e9: \u201cJesus, o Mission\u00e1rio do Pai\u201d.<\/p>\n<p>Queremos dar gra\u00e7as ao Pai Eterno por nos ter enviado seu Filho Unig\u00eanito, Jesus, como seu grande mission\u00e1rio, para nos Salvar. Jesus, assumindo sua Miss\u00e3o, nos diz:<\/p>\n<p>\u201cEu desci do c\u00e9u n\u00e3o para fazer a minha vontade, mas a vontade daquele que me enviou. E esta \u00e9 a vontade daquele que me enviou: que eu n\u00e3o perca nenhum daqueles que ele me deu, mas os ressuscite no \u00faltimo dia\u201d (Jo 6,38s)<\/p>\n<p>\u201cPortanto, Deus enviou seu Filho ao mundo n\u00e3o para condenar o mundo, mas para que o mundo fosse salvo por meio dele\u201d (Jo 3,17).<\/p>\n<p>Jesus viveu sua miss\u00e3o:<\/p>\n<ul>\n<li>Revelando que Deus \u00e9 Amor e ensinando o caminho do amor!<\/li>\n<li>Curando os doentes!<\/li>\n<li>Perdoando os pecadores!<\/li>\n<li>Dando a vida na cruz para salvar a todos!<\/li>\n<\/ul>\n<p>Ora\u00e7\u00e3o<\/p>\n<p>Muito obrigado Pai por nos enviar Jesus para nos ensinar o caminho do amor, o caminho do C\u00e9u! Muito Obrigado Jesus por nos amar, nos ensinar a amar e nos salvar no amor at\u00e9 a cruz!<\/p>\n<p><iframe loading=\"lazy\" title=\"M\u00eas Mission\u00e1rio #1 | Jesus, o Mission\u00e1rio do Pai\" width=\"500\" height=\"281\" src=\"https:\/\/www.youtube.com\/embed\/OmUYLQDlMxA?feature=oembed\" frameborder=\"0\" allow=\"accelerometer; autoplay; clipboard-write; encrypted-media; gyroscope; picture-in-picture\" allowfullscreen><\/iframe><\/p>\n<hr \/>\n<p>Fonte: Convento da Penha <a href=\"https:\/\/conventodapenha.org.br\/\">https:\/\/conventodapenha.org.br\/\u00a0<\/a><\/p>\n<\/div>\n<\/div>\n","protected":false},"excerpt":{"rendered":"<p>Convento da Penha<\/p>\n","protected":false},"author":3,"featured_media":0,"comment_status":"open","ping_status":"open","sticky":false,"template":"","format":"standard","meta":[],"categories":[1],"tags":[248],"acf":[],"yoast_head":"<!-- This site is optimized with the Yoast SEO plugin v19.2 - https:\/\/yoast.com\/wordpress\/plugins\/seo\/ -->\n<title>M\u00eas Mission\u00e1rio: Jesus, o Mission\u00e1rio do Pai - Not\u00edcias - Franciscanos<\/title>\n<meta name=\"robots\" content=\"index, follow, max-snippet:-1, max-image-preview:large, max-video-preview:-1\" \/>\n<link rel=\"canonical\" href=\"https:\/\/franciscanos.org.br\/noticias\/mes-missionario-jesus-o-missionario-do-pai.html\" \/>\n<meta property=\"og:locale\" content=\"pt_BR\" \/>\n<meta property=\"og:type\" content=\"article\" \/>\n<meta property=\"og:title\" content=\"M\u00eas Mission\u00e1rio: Jesus, o Mission\u00e1rio do Pai - Not\u00edcias - Franciscanos\" \/>\n<meta property=\"og:description\" content=\"Convento da Penha\" \/>\n<meta property=\"og:url\" content=\"https:\/\/franciscanos.org.br\/noticias\/mes-missionario-jesus-o-missionario-do-pai.html\" \/>\n<meta property=\"og:site_name\" content=\"Not\u00edcias - Franciscanos\" \/>\n<meta property=\"article:published_time\" content=\"2021-10-18T13:33:01+00:00\" \/>\n<meta property=\"og:image\" content=\"https:\/\/cdn.conventodapenha.org.br\/wp-content\/uploads\/2021\/10\/14220307\/DSCN4967-1024x768.jpg\" \/>\n<meta name=\"author\" content=\"moacir\" \/>\n<meta name=\"twitter:card\" content=\"summary_large_image\" \/>\n<meta name=\"twitter:label1\" content=\"Escrito por\" \/>\n\t<meta name=\"twitter:data1\" content=\"moacir\" \/>\n\t<meta name=\"twitter:label2\" content=\"Est. tempo de leitura\" \/>\n\t<meta name=\"twitter:data2\" content=\"2 minutos\" \/>\n<script type=\"application\/ld+json\" class=\"yoast-schema-graph\">{\"@context\":\"https:\/\/schema.org\",\"@graph\":[{\"@type\":\"WebSite\",\"@id\":\"https:\/\/franciscanos.org.br\/noticias\/#website\",\"url\":\"https:\/\/franciscanos.org.br\/noticias\/\",\"name\":\"Not\u00edcias - Franciscanos\",\"description\":\"Prov\u00edncia Franciscana da Imaculada Concei\u00e7\u00e3o do Brasil - Ordem dos Frades Menores - OFM\",\"potentialAction\":[{\"@type\":\"SearchAction\",\"target\":{\"@type\":\"EntryPoint\",\"urlTemplate\":\"https:\/\/franciscanos.org.br\/noticias\/?s={search_term_string}\"},\"query-input\":\"required name=search_term_string\"}],\"inLanguage\":\"pt-BR\"},{\"@type\":\"ImageObject\",\"inLanguage\":\"pt-BR\",\"@id\":\"https:\/\/franciscanos.org.br\/noticias\/mes-missionario-jesus-o-missionario-do-pai.html#primaryimage\",\"url\":\"https:\/\/cdn.conventodapenha.org.br\/wp-content\/uploads\/2021\/10\/14220307\/DSCN4967-1024x768.jpg\",\"contentUrl\":\"https:\/\/cdn.conventodapenha.org.br\/wp-content\/uploads\/2021\/10\/14220307\/DSCN4967-1024x768.jpg\"},{\"@type\":\"WebPage\",\"@id\":\"https:\/\/franciscanos.org.br\/noticias\/mes-missionario-jesus-o-missionario-do-pai.html#webpage\",\"url\":\"https:\/\/franciscanos.org.br\/noticias\/mes-missionario-jesus-o-missionario-do-pai.html\",\"name\":\"M\u00eas Mission\u00e1rio: Jesus, o Mission\u00e1rio do Pai - Not\u00edcias - Franciscanos\",\"isPartOf\":{\"@id\":\"https:\/\/franciscanos.org.br\/noticias\/#website\"},\"primaryImageOfPage\":{\"@id\":\"https:\/\/franciscanos.org.br\/noticias\/mes-missionario-jesus-o-missionario-do-pai.html#primaryimage\"},\"datePublished\":\"2021-10-18T13:33:01+00:00\",\"dateModified\":\"2021-10-18T13:33:01+00:00\",\"author\":{\"@id\":\"https:\/\/franciscanos.org.br\/noticias\/#\/schema\/person\/b5c8cba458c330ccff548b056e95a5d4\"},\"breadcrumb\":{\"@id\":\"https:\/\/franciscanos.org.br\/noticias\/mes-missionario-jesus-o-missionario-do-pai.html#breadcrumb\"},\"inLanguage\":\"pt-BR\",\"potentialAction\":[{\"@type\":\"ReadAction\",\"target\":[\"https:\/\/franciscanos.org.br\/noticias\/mes-missionario-jesus-o-missionario-do-pai.html\"]}]},{\"@type\":\"BreadcrumbList\",\"@id\":\"https:\/\/franciscanos.org.br\/noticias\/mes-missionario-jesus-o-missionario-do-pai.html#breadcrumb\",\"itemListElement\":[{\"@type\":\"ListItem\",\"position\":1,\"name\":\"Home\",\"item\":\"https:\/\/franciscanos.org.br\/noticias\"},{\"@type\":\"ListItem\",\"position\":2,\"name\":\"M\u00eas Mission\u00e1rio: Jesus, o Mission\u00e1rio do Pai\"}]},{\"@type\":\"Person\",\"@id\":\"https:\/\/franciscanos.org.br\/noticias\/#\/schema\/person\/b5c8cba458c330ccff548b056e95a5d4\",\"name\":\"moacir\",\"image\":{\"@type\":\"ImageObject\",\"inLanguage\":\"pt-BR\",\"@id\":\"https:\/\/franciscanos.org.br\/noticias\/#\/schema\/person\/image\/\",\"url\":\"https:\/\/secure.gravatar.com\/avatar\/d08aa2ce4c8dd416d4479aa8536fcf64?s=96&d=mm&r=g\",\"contentUrl\":\"https:\/\/secure.gravatar.com\/avatar\/d08aa2ce4c8dd416d4479aa8536fcf64?s=96&d=mm&r=g\",\"caption\":\"moacir\"},\"url\":\"https:\/\/franciscanos.org.br\/noticias\/author\/moacir\"}]}<\/script>\n<!-- \/ Yoast SEO plugin. -->","yoast_head_json":{"title":"M\u00eas Mission\u00e1rio: Jesus, o Mission\u00e1rio do Pai - Not\u00edcias - Franciscanos","robots":{"index":"index","follow":"follow","max-snippet":"max-snippet:-1","max-image-preview":"max-image-preview:large","max-video-preview":"max-video-preview:-1"},"canonical":"https:\/\/franciscanos.org.br\/noticias\/mes-missionario-jesus-o-missionario-do-pai.html","og_locale":"pt_BR","og_type":"article","og_title":"M\u00eas Mission\u00e1rio: Jesus, o Mission\u00e1rio do Pai - Not\u00edcias - Franciscanos","og_description":"Convento da Penha","og_url":"https:\/\/franciscanos.org.br\/noticias\/mes-missionario-jesus-o-missionario-do-pai.html","og_site_name":"Not\u00edcias - Franciscanos","article_published_time":"2021-10-18T13:33:01+00:00","og_image":[{"url":"https:\/\/cdn.conventodapenha.org.br\/wp-content\/uploads\/2021\/10\/14220307\/DSCN4967-1024x768.jpg"}],"author":"moacir","twitter_card":"summary_large_image","twitter_misc":{"Escrito por":"moacir","Est. tempo de leitura":"2 minutos"},"schema":{"@context":"https:\/\/schema.org","@graph":[{"@type":"WebSite","@id":"https:\/\/franciscanos.org.br\/noticias\/#website","url":"https:\/\/franciscanos.org.br\/noticias\/","name":"Not\u00edcias - Franciscanos","description":"Prov\u00edncia Franciscana da Imaculada Concei\u00e7\u00e3o do Brasil - Ordem dos Frades Menores - OFM","potentialAction":[{"@type":"SearchAction","target":{"@type":"EntryPoint","urlTemplate":"https:\/\/franciscanos.org.br\/noticias\/?s={search_term_string}"},"query-input":"required name=search_term_string"}],"inLanguage":"pt-BR"},{"@type":"ImageObject","inLanguage":"pt-BR","@id":"https:\/\/franciscanos.org.br\/noticias\/mes-missionario-jesus-o-missionario-do-pai.html#primaryimage","url":"https:\/\/cdn.conventodapenha.org.br\/wp-content\/uploads\/2021\/10\/14220307\/DSCN4967-1024x768.jpg","contentUrl":"https:\/\/cdn.conventodapenha.org.br\/wp-content\/uploads\/2021\/10\/14220307\/DSCN4967-1024x768.jpg"},{"@type":"WebPage","@id":"https:\/\/franciscanos.org.br\/noticias\/mes-missionario-jesus-o-missionario-do-pai.html#webpage","url":"https:\/\/franciscanos.org.br\/noticias\/mes-missionario-jesus-o-missionario-do-pai.html","name":"M\u00eas Mission\u00e1rio: Jesus, o Mission\u00e1rio do Pai - Not\u00edcias - Franciscanos","isPartOf":{"@id":"https:\/\/franciscanos.org.br\/noticias\/#website"},"primaryImageOfPage":{"@id":"https:\/\/franciscanos.org.br\/noticias\/mes-missionario-jesus-o-missionario-do-pai.html#primaryimage"},"datePublished":"2021-10-18T13:33:01+00:00","dateModified":"2021-10-18T13:33:01+00:00","author":{"@id":"https:\/\/franciscanos.org.br\/noticias\/#\/schema\/person\/b5c8cba458c330ccff548b056e95a5d4"},"breadcrumb":{"@id":"https:\/\/franciscanos.org.br\/noticias\/mes-missionario-jesus-o-missionario-do-pai.html#breadcrumb"},"inLanguage":"pt-BR","potentialAction":[{"@type":"ReadAction","target":["https:\/\/franciscanos.org.br\/noticias\/mes-missionario-jesus-o-missionario-do-pai.html"]}]},{"@type":"BreadcrumbList","@id":"https:\/\/franciscanos.org.br\/noticias\/mes-missionario-jesus-o-missionario-do-pai.html#breadcrumb","itemListElement":[{"@type":"ListItem","position":1,"name":"Home","item":"https:\/\/franciscanos.org.br\/noticias"},{"@type":"ListItem","position":2,"name":"M\u00eas Mission\u00e1rio: Jesus, o Mission\u00e1rio do Pai"}]},{"@type":"Person","@id":"https:\/\/franciscanos.org.br\/noticias\/#\/schema\/person\/b5c8cba458c330ccff548b056e95a5d4","name":"moacir","image":{"@type":"ImageObject","inLanguage":"pt-BR","@id":"https:\/\/franciscanos.org.br\/noticias\/#\/schema\/person\/image\/","url":"https:\/\/secure.gravatar.com\/avatar\/d08aa2ce4c8dd416d4479aa8536fcf64?s=96&d=mm&r=g","contentUrl":"https:\/\/secure.gravatar.com\/avatar\/d08aa2ce4c8dd416d4479aa8536fcf64?s=96&d=mm&r=g","caption":"moacir"},"url":"https:\/\/franciscanos.org.br\/noticias\/author\/moacir"}]}},"_links":{"self":[{"href":"https:\/\/franciscanos.org.br\/noticias\/wp-json\/wp\/v2\/posts\/234780"}],"collection":[{"href":"https:\/\/franciscanos.org.br\/noticias\/wp-json\/wp\/v2\/posts"}],"about":[{"href":"https:\/\/franciscanos.org.br\/noticias\/wp-json\/wp\/v2\/types\/post"}],"author":[{"embeddable":true,"href":"https:\/\/franciscanos.org.br\/noticias\/wp-json\/wp\/v2\/users\/3"}],"replies":[{"embeddable":true,"href":"https:\/\/franciscanos.org.br\/noticias\/wp-json\/wp\/v2\/comments?post=234780"}],"version-history":[{"count":1,"href":"https:\/\/franciscanos.org.br\/noticias\/wp-json\/wp\/v2\/posts\/234780\/revisions"}],"predecessor-version":[{"id":234781,"href":"https:\/\/franciscanos.org.br\/noticias\/wp-json\/wp\/v2\/posts\/234780\/revisions\/234781"}],"wp:attachment":[{"href":"https:\/\/franciscanos.org.br\/noticias\/wp-json\/wp\/v2\/media?parent=234780"}],"wp:term":[{"taxonomy":"category","embeddable":true,"href":"https:\/\/franciscanos.org.br\/noticias\/wp-json\/wp\/v2\/categories?post=234780"},{"taxonomy":"post_tag","embeddable":true,"href":"https:\/\/franciscanos.org.br\/noticias\/wp-json\/wp\/v2\/tags?post=234780"}],"curies":[{"name":"wp","href":"https:\/\/api.w.org\/{rel}","templated":true}]}}