{"id":234776,"date":"2021-10-17T12:07:51","date_gmt":"2021-10-17T15:07:51","guid":{"rendered":"https:\/\/franciscanos.org.br\/noticias\/?p=234776"},"modified":"2021-10-18T10:38:05","modified_gmt":"2021-10-18T13:38:05","slug":"capitulo-provincial-da-provincia-do-santissimo-nome-de-jesus-comeca-amanha","status":"publish","type":"post","link":"https:\/\/franciscanos.org.br\/noticias\/capitulo-provincial-da-provincia-do-santissimo-nome-de-jesus-comeca-amanha.html","title":{"rendered":"Cap\u00edtulo Provincial da Prov\u00edncia do Sant\u00edssimo Nome de Jesus come\u00e7a hoje"},"content":{"rendered":"<p>&nbsp;<\/p>\n<p><img loading=\"lazy\" class=\"alignnone wp-image-234777 size-full\" src=\"https:\/\/franciscanos.org.br\/noticias\/wp-content\/uploads\/2021\/10\/Cpitulo_go_171021.jpg\" alt=\"\" width=\"1280\" height=\"803\" srcset=\"https:\/\/franciscanos.org.br\/noticias\/wp-content\/uploads\/2021\/10\/Cpitulo_go_171021.jpg 1280w, https:\/\/franciscanos.org.br\/noticias\/wp-content\/uploads\/2021\/10\/Cpitulo_go_171021-450x282.jpg 450w, https:\/\/franciscanos.org.br\/noticias\/wp-content\/uploads\/2021\/10\/Cpitulo_go_171021-1024x642.jpg 1024w, https:\/\/franciscanos.org.br\/noticias\/wp-content\/uploads\/2021\/10\/Cpitulo_go_171021-768x482.jpg 768w, https:\/\/franciscanos.org.br\/noticias\/wp-content\/uploads\/2021\/10\/Cpitulo_go_171021-150x94.jpg 150w\" sizes=\"(max-width: 1280px) 100vw, 1280px\" \/><\/p>\n<p>Com alegria comunicamos a celebra\u00e7\u00e3o do Cap\u00edtulo Provincial de nossa Prov\u00edncia do Sant\u00edssimo Nome de Jesus do Brasil (GO\/DF\/TO), a ser celebrado nos dias 18 a 22 de outubro pr\u00f3ximo. A nossa Fraternidade Provincial se reunir\u00e1 no Semin\u00e1rio Regina Minorum \u2013 An\u00e1polis \u2013 Goi\u00e1s, e contar\u00e1 com a participa\u00e7\u00e3o de 34 capitulares vogais.<\/p>\n<p>Todos poder\u00e3o acompanhar o nosso Cap\u00edtulo Provincial pelas redes sociais, e tamb\u00e9m atrav\u00e9s da cobertura jornal\u00edstica organizada pelas R\u00e1dios 96.3 FM, 97,7 FM, e R\u00e1dio Cultura de Catal\u00e3o, e tamb\u00e9m pela p\u00e1gina oficial da Prov\u00edncia <a href=\"http:\/\/www.fradesfranciscanos.com.br\">www.fradesfranciscanos.com.br<\/a><\/p>\n<p>Para acompanhar o Cap\u00edtulo Provincial de nossa Prov\u00edncia, e para presidir a elei\u00e7\u00e3o do novo Governo Provincial, nestes dias de 18 a 22 de outubro, contamos com a presen\u00e7a fraterna de Frei Gustavo W. Medella, Visitador Geral para nossa Prov\u00edncia, delegado pelo Ministro Geral de nossa Ordem.<\/p>\n<p>Nossa gratid\u00e3o a Frei Marco Aur\u00e9lio da Cruz, OFM, e o atual Governo Provincial, pelos servi\u00e7os prestados \u00e0 nossa Prov\u00edncia. Nossa gratid\u00e3o aos senhores Bispos, aos Frades, Religiosos, Religiosas e Leigos que apoiaram e atuaram conosco em nossas Frentes Mission\u00e1rias, neste tri\u00eanio.<\/p>\n<p>E pedimos que continuemos em ora\u00e7\u00e3o pelo bom \u00eaxito do Cap\u00edtulo Provincial com suas decis\u00f5es, e elei\u00e7\u00e3o do novo Governo Provincial.<\/p>\n<p>Renovamos a esperan\u00e7a. Frades Franciscanos no Cora\u00e7\u00e3o do Brasil, h\u00e1 78 anos semeando a paz, o bem, o Evangelho em Fraternidade e Miss\u00e3o.<\/p>\n<p><strong>NO &#8220;CORA\u00c7\u00c3O DO BRASIL&#8221;<\/strong><\/p>\n<p>A Prov\u00edncia do Sant\u00edssimo Nome de Jesus do Brasil \u00e9 uma fraternidade na qual os irm\u00e3os, seguindo Jesus Cristo mais de perto e sob a a\u00e7\u00e3o do Esp\u00edrito Santo, levam uma vida radicalmente evang\u00e9lica, atrav\u00e9s das v\u00e1rias frentes de evangeliza\u00e7\u00e3o, seja nas Par\u00f3quias, Col\u00e9gios, R\u00e1dios, Miss\u00f5es, a fim de levar a todos a mensagem do Reino de Deus e o Carisma Franciscano, de modo especial ao \u201cCora\u00e7\u00e3o do Brasil\u201d.<\/p>\n<p>Os irm\u00e3os da Ordem dos Frades Menores pela profiss\u00e3o consagram-se totalmente a Deus, o sumo bem, vivendo o Evangelho na Igreja, segundo a forma observada e proposta por S\u00e3o Francisco de Assis, ou seja, em Obedi\u00eancia, Sem Nada de Pr\u00f3prio e em Castidade.<\/p>\n<p>A atua\u00e7\u00e3o dos frades se estende em oito par\u00f3quias, quatro casas de forma\u00e7\u00e3o, tr\u00eas col\u00e9gios, tr\u00eas emissoras de r\u00e1dio, projetos sociais das Par\u00f3quias e o Projeto social educativo para crian\u00e7as e adolescentes \u2013 \u201cEducar para a Vida\u201d. Isso distribu\u00eddo em nossa Regi\u00e3o pastoral de: <strong>GOI\u00c1S:<\/strong> An\u00e1polis, Goi\u00e2nia, Catal\u00e3o e Pires do Rio; <strong>DISTRITO FEDERAL<\/strong> \u2013 Bras\u00edlia; <strong>TOCANTINS<\/strong> &#8211; Araguacema e Lajeado.<\/p>\n<p>A Prov\u00edncia do Sant\u00edssimo Nome de Jesus do Brasil foi fundada no dia 17 de julho de 1943, e no dia 20 de janeiro de 1944 aconteceu a primeira reuni\u00e3o em solo brasileiro. Mas, no in\u00edcio ela n\u00e3o tinha esta denomina\u00e7\u00e3o. Na \u00e9poca, era chamada de Comissariado, e teve como primeiro comiss\u00e1rio Frei Paulo Seibert. Com as Constitui\u00e7\u00f5es Gerais da OFM promulgadas em 1967, a entidade franciscana passou a se chamar \u2018Cust\u00f3dia\u2019. Em seguida, foi elevada a Vice-Prov\u00edncia e em 2004 a Prov\u00edncia.<\/p>\n<hr \/>\n<p>Frei Ronildo Arruda de Souza, OFM<br \/>\nSecret\u00e1rio Provincial<\/p>\n","protected":false},"excerpt":{"rendered":"<p>Prov\u00edncia do Sant\u00edssimo Nome de Jesus<\/p>\n","protected":false},"author":3,"featured_media":234778,"comment_status":"open","ping_status":"open","sticky":false,"template":"","format":"standard","meta":[],"categories":[1],"tags":[323,1925],"acf":[],"yoast_head":"<!-- This site is optimized with the Yoast SEO plugin v19.2 - https:\/\/yoast.com\/wordpress\/plugins\/seo\/ -->\n<title>Cap\u00edtulo Provincial da Prov\u00edncia do Sant\u00edssimo Nome de Jesus come\u00e7a hoje - Not\u00edcias - Franciscanos<\/title>\n<meta name=\"robots\" content=\"index, follow, max-snippet:-1, max-image-preview:large, max-video-preview:-1\" \/>\n<link rel=\"canonical\" href=\"https:\/\/franciscanos.org.br\/noticias\/capitulo-provincial-da-provincia-do-santissimo-nome-de-jesus-comeca-amanha.html\" \/>\n<meta property=\"og:locale\" content=\"pt_BR\" \/>\n<meta property=\"og:type\" content=\"article\" \/>\n<meta property=\"og:title\" content=\"Cap\u00edtulo Provincial da Prov\u00edncia do Sant\u00edssimo Nome de Jesus come\u00e7a hoje - Not\u00edcias - Franciscanos\" \/>\n<meta property=\"og:description\" content=\"Prov\u00edncia do Sant\u00edssimo Nome de Jesus\" \/>\n<meta property=\"og:url\" content=\"https:\/\/franciscanos.org.br\/noticias\/capitulo-provincial-da-provincia-do-santissimo-nome-de-jesus-comeca-amanha.html\" \/>\n<meta property=\"og:site_name\" content=\"Not\u00edcias - Franciscanos\" \/>\n<meta property=\"article:published_time\" content=\"2021-10-17T15:07:51+00:00\" \/>\n<meta property=\"article:modified_time\" content=\"2021-10-18T13:38:05+00:00\" \/>\n<meta property=\"og:image\" content=\"https:\/\/franciscanos.org.br\/noticias\/wp-content\/uploads\/2021\/10\/capitulo_d.jpg\" \/>\n\t<meta property=\"og:image:width\" content=\"800\" \/>\n\t<meta property=\"og:image:height\" content=\"550\" \/>\n\t<meta property=\"og:image:type\" content=\"image\/jpeg\" \/>\n<meta name=\"author\" content=\"moacir\" \/>\n<meta name=\"twitter:card\" content=\"summary_large_image\" \/>\n<meta name=\"twitter:label1\" content=\"Escrito por\" \/>\n\t<meta name=\"twitter:data1\" content=\"moacir\" \/>\n\t<meta name=\"twitter:label2\" content=\"Est. tempo de leitura\" \/>\n\t<meta name=\"twitter:data2\" content=\"3 minutos\" \/>\n<script type=\"application\/ld+json\" class=\"yoast-schema-graph\">{\"@context\":\"https:\/\/schema.org\",\"@graph\":[{\"@type\":\"WebSite\",\"@id\":\"https:\/\/franciscanos.org.br\/noticias\/#website\",\"url\":\"https:\/\/franciscanos.org.br\/noticias\/\",\"name\":\"Not\u00edcias - Franciscanos\",\"description\":\"Prov\u00edncia Franciscana da Imaculada Concei\u00e7\u00e3o do Brasil - Ordem dos Frades Menores - OFM\",\"potentialAction\":[{\"@type\":\"SearchAction\",\"target\":{\"@type\":\"EntryPoint\",\"urlTemplate\":\"https:\/\/franciscanos.org.br\/noticias\/?s={search_term_string}\"},\"query-input\":\"required name=search_term_string\"}],\"inLanguage\":\"pt-BR\"},{\"@type\":\"ImageObject\",\"inLanguage\":\"pt-BR\",\"@id\":\"https:\/\/franciscanos.org.br\/noticias\/capitulo-provincial-da-provincia-do-santissimo-nome-de-jesus-comeca-amanha.html#primaryimage\",\"url\":\"https:\/\/franciscanos.org.br\/noticias\/wp-content\/uploads\/2021\/10\/capitulo_d.jpg\",\"contentUrl\":\"https:\/\/franciscanos.org.br\/noticias\/wp-content\/uploads\/2021\/10\/capitulo_d.jpg\",\"width\":800,\"height\":550},{\"@type\":\"WebPage\",\"@id\":\"https:\/\/franciscanos.org.br\/noticias\/capitulo-provincial-da-provincia-do-santissimo-nome-de-jesus-comeca-amanha.html#webpage\",\"url\":\"https:\/\/franciscanos.org.br\/noticias\/capitulo-provincial-da-provincia-do-santissimo-nome-de-jesus-comeca-amanha.html\",\"name\":\"Cap\u00edtulo Provincial da Prov\u00edncia do Sant\u00edssimo Nome de Jesus come\u00e7a hoje - Not\u00edcias - Franciscanos\",\"isPartOf\":{\"@id\":\"https:\/\/franciscanos.org.br\/noticias\/#website\"},\"primaryImageOfPage\":{\"@id\":\"https:\/\/franciscanos.org.br\/noticias\/capitulo-provincial-da-provincia-do-santissimo-nome-de-jesus-comeca-amanha.html#primaryimage\"},\"datePublished\":\"2021-10-17T15:07:51+00:00\",\"dateModified\":\"2021-10-18T13:38:05+00:00\",\"author\":{\"@id\":\"https:\/\/franciscanos.org.br\/noticias\/#\/schema\/person\/b5c8cba458c330ccff548b056e95a5d4\"},\"breadcrumb\":{\"@id\":\"https:\/\/franciscanos.org.br\/noticias\/capitulo-provincial-da-provincia-do-santissimo-nome-de-jesus-comeca-amanha.html#breadcrumb\"},\"inLanguage\":\"pt-BR\",\"potentialAction\":[{\"@type\":\"ReadAction\",\"target\":[\"https:\/\/franciscanos.org.br\/noticias\/capitulo-provincial-da-provincia-do-santissimo-nome-de-jesus-comeca-amanha.html\"]}]},{\"@type\":\"BreadcrumbList\",\"@id\":\"https:\/\/franciscanos.org.br\/noticias\/capitulo-provincial-da-provincia-do-santissimo-nome-de-jesus-comeca-amanha.html#breadcrumb\",\"itemListElement\":[{\"@type\":\"ListItem\",\"position\":1,\"name\":\"Home\",\"item\":\"https:\/\/franciscanos.org.br\/noticias\"},{\"@type\":\"ListItem\",\"position\":2,\"name\":\"Cap\u00edtulo Provincial da Prov\u00edncia do Sant\u00edssimo Nome de Jesus come\u00e7a hoje\"}]},{\"@type\":\"Person\",\"@id\":\"https:\/\/franciscanos.org.br\/noticias\/#\/schema\/person\/b5c8cba458c330ccff548b056e95a5d4\",\"name\":\"moacir\",\"image\":{\"@type\":\"ImageObject\",\"inLanguage\":\"pt-BR\",\"@id\":\"https:\/\/franciscanos.org.br\/noticias\/#\/schema\/person\/image\/\",\"url\":\"https:\/\/secure.gravatar.com\/avatar\/d08aa2ce4c8dd416d4479aa8536fcf64?s=96&d=mm&r=g\",\"contentUrl\":\"https:\/\/secure.gravatar.com\/avatar\/d08aa2ce4c8dd416d4479aa8536fcf64?s=96&d=mm&r=g\",\"caption\":\"moacir\"},\"url\":\"https:\/\/franciscanos.org.br\/noticias\/author\/moacir\"}]}<\/script>\n<!-- \/ Yoast SEO plugin. -->","yoast_head_json":{"title":"Cap\u00edtulo Provincial da Prov\u00edncia do Sant\u00edssimo Nome de Jesus come\u00e7a hoje - Not\u00edcias - Franciscanos","robots":{"index":"index","follow":"follow","max-snippet":"max-snippet:-1","max-image-preview":"max-image-preview:large","max-video-preview":"max-video-preview:-1"},"canonical":"https:\/\/franciscanos.org.br\/noticias\/capitulo-provincial-da-provincia-do-santissimo-nome-de-jesus-comeca-amanha.html","og_locale":"pt_BR","og_type":"article","og_title":"Cap\u00edtulo Provincial da Prov\u00edncia do Sant\u00edssimo Nome de Jesus come\u00e7a hoje - Not\u00edcias - Franciscanos","og_description":"Prov\u00edncia do Sant\u00edssimo Nome de Jesus","og_url":"https:\/\/franciscanos.org.br\/noticias\/capitulo-provincial-da-provincia-do-santissimo-nome-de-jesus-comeca-amanha.html","og_site_name":"Not\u00edcias - Franciscanos","article_published_time":"2021-10-17T15:07:51+00:00","article_modified_time":"2021-10-18T13:38:05+00:00","og_image":[{"width":800,"height":550,"url":"https:\/\/franciscanos.org.br\/noticias\/wp-content\/uploads\/2021\/10\/capitulo_d.jpg","type":"image\/jpeg"}],"author":"moacir","twitter_card":"summary_large_image","twitter_misc":{"Escrito por":"moacir","Est. tempo de leitura":"3 minutos"},"schema":{"@context":"https:\/\/schema.org","@graph":[{"@type":"WebSite","@id":"https:\/\/franciscanos.org.br\/noticias\/#website","url":"https:\/\/franciscanos.org.br\/noticias\/","name":"Not\u00edcias - Franciscanos","description":"Prov\u00edncia Franciscana da Imaculada Concei\u00e7\u00e3o do Brasil - Ordem dos Frades Menores - OFM","potentialAction":[{"@type":"SearchAction","target":{"@type":"EntryPoint","urlTemplate":"https:\/\/franciscanos.org.br\/noticias\/?s={search_term_string}"},"query-input":"required name=search_term_string"}],"inLanguage":"pt-BR"},{"@type":"ImageObject","inLanguage":"pt-BR","@id":"https:\/\/franciscanos.org.br\/noticias\/capitulo-provincial-da-provincia-do-santissimo-nome-de-jesus-comeca-amanha.html#primaryimage","url":"https:\/\/franciscanos.org.br\/noticias\/wp-content\/uploads\/2021\/10\/capitulo_d.jpg","contentUrl":"https:\/\/franciscanos.org.br\/noticias\/wp-content\/uploads\/2021\/10\/capitulo_d.jpg","width":800,"height":550},{"@type":"WebPage","@id":"https:\/\/franciscanos.org.br\/noticias\/capitulo-provincial-da-provincia-do-santissimo-nome-de-jesus-comeca-amanha.html#webpage","url":"https:\/\/franciscanos.org.br\/noticias\/capitulo-provincial-da-provincia-do-santissimo-nome-de-jesus-comeca-amanha.html","name":"Cap\u00edtulo Provincial da Prov\u00edncia do Sant\u00edssimo Nome de Jesus come\u00e7a hoje - Not\u00edcias - Franciscanos","isPartOf":{"@id":"https:\/\/franciscanos.org.br\/noticias\/#website"},"primaryImageOfPage":{"@id":"https:\/\/franciscanos.org.br\/noticias\/capitulo-provincial-da-provincia-do-santissimo-nome-de-jesus-comeca-amanha.html#primaryimage"},"datePublished":"2021-10-17T15:07:51+00:00","dateModified":"2021-10-18T13:38:05+00:00","author":{"@id":"https:\/\/franciscanos.org.br\/noticias\/#\/schema\/person\/b5c8cba458c330ccff548b056e95a5d4"},"breadcrumb":{"@id":"https:\/\/franciscanos.org.br\/noticias\/capitulo-provincial-da-provincia-do-santissimo-nome-de-jesus-comeca-amanha.html#breadcrumb"},"inLanguage":"pt-BR","potentialAction":[{"@type":"ReadAction","target":["https:\/\/franciscanos.org.br\/noticias\/capitulo-provincial-da-provincia-do-santissimo-nome-de-jesus-comeca-amanha.html"]}]},{"@type":"BreadcrumbList","@id":"https:\/\/franciscanos.org.br\/noticias\/capitulo-provincial-da-provincia-do-santissimo-nome-de-jesus-comeca-amanha.html#breadcrumb","itemListElement":[{"@type":"ListItem","position":1,"name":"Home","item":"https:\/\/franciscanos.org.br\/noticias"},{"@type":"ListItem","position":2,"name":"Cap\u00edtulo Provincial da Prov\u00edncia do Sant\u00edssimo Nome de Jesus come\u00e7a hoje"}]},{"@type":"Person","@id":"https:\/\/franciscanos.org.br\/noticias\/#\/schema\/person\/b5c8cba458c330ccff548b056e95a5d4","name":"moacir","image":{"@type":"ImageObject","inLanguage":"pt-BR","@id":"https:\/\/franciscanos.org.br\/noticias\/#\/schema\/person\/image\/","url":"https:\/\/secure.gravatar.com\/avatar\/d08aa2ce4c8dd416d4479aa8536fcf64?s=96&d=mm&r=g","contentUrl":"https:\/\/secure.gravatar.com\/avatar\/d08aa2ce4c8dd416d4479aa8536fcf64?s=96&d=mm&r=g","caption":"moacir"},"url":"https:\/\/franciscanos.org.br\/noticias\/author\/moacir"}]}},"_links":{"self":[{"href":"https:\/\/franciscanos.org.br\/noticias\/wp-json\/wp\/v2\/posts\/234776"}],"collection":[{"href":"https:\/\/franciscanos.org.br\/noticias\/wp-json\/wp\/v2\/posts"}],"about":[{"href":"https:\/\/franciscanos.org.br\/noticias\/wp-json\/wp\/v2\/types\/post"}],"author":[{"embeddable":true,"href":"https:\/\/franciscanos.org.br\/noticias\/wp-json\/wp\/v2\/users\/3"}],"replies":[{"embeddable":true,"href":"https:\/\/franciscanos.org.br\/noticias\/wp-json\/wp\/v2\/comments?post=234776"}],"version-history":[{"count":2,"href":"https:\/\/franciscanos.org.br\/noticias\/wp-json\/wp\/v2\/posts\/234776\/revisions"}],"predecessor-version":[{"id":234783,"href":"https:\/\/franciscanos.org.br\/noticias\/wp-json\/wp\/v2\/posts\/234776\/revisions\/234783"}],"wp:featuredmedia":[{"embeddable":true,"href":"https:\/\/franciscanos.org.br\/noticias\/wp-json\/wp\/v2\/media\/234778"}],"wp:attachment":[{"href":"https:\/\/franciscanos.org.br\/noticias\/wp-json\/wp\/v2\/media?parent=234776"}],"wp:term":[{"taxonomy":"category","embeddable":true,"href":"https:\/\/franciscanos.org.br\/noticias\/wp-json\/wp\/v2\/categories?post=234776"},{"taxonomy":"post_tag","embeddable":true,"href":"https:\/\/franciscanos.org.br\/noticias\/wp-json\/wp\/v2\/tags?post=234776"}],"curies":[{"name":"wp","href":"https:\/\/api.w.org\/{rel}","templated":true}]}}