{"id":234771,"date":"2021-10-17T08:36:29","date_gmt":"2021-10-17T11:36:29","guid":{"rendered":"https:\/\/franciscanos.org.br\/noticias\/?p=234771"},"modified":"2022-12-31T12:51:07","modified_gmt":"2022-12-31T15:51:07","slug":"papa-episcopado-e-o-nome-de-um-servico-nao-de-uma-honra","status":"publish","type":"post","link":"https:\/\/franciscanos.org.br\/noticias\/papa-episcopado-e-o-nome-de-um-servico-nao-de-uma-honra.html","title":{"rendered":"Papa: episcopado \u00e9 o nome de um servi\u00e7o, n\u00e3o de uma honra"},"content":{"rendered":"<div id=\"attachment_234772\" style=\"width: 1290px\" class=\"wp-caption alignnone\"><img aria-describedby=\"caption-attachment-234772\" loading=\"lazy\" class=\"wp-image-234772 size-full\" src=\"https:\/\/franciscanos.org.br\/noticias\/wp-content\/uploads\/2021\/10\/episcopado_171021.jpg\" alt=\"\" width=\"1280\" height=\"720\" srcset=\"https:\/\/franciscanos.org.br\/noticias\/wp-content\/uploads\/2021\/10\/episcopado_171021.jpg 1280w, https:\/\/franciscanos.org.br\/noticias\/wp-content\/uploads\/2021\/10\/episcopado_171021-450x253.jpg 450w, https:\/\/franciscanos.org.br\/noticias\/wp-content\/uploads\/2021\/10\/episcopado_171021-1024x576.jpg 1024w, https:\/\/franciscanos.org.br\/noticias\/wp-content\/uploads\/2021\/10\/episcopado_171021-768x432.jpg 768w, https:\/\/franciscanos.org.br\/noticias\/wp-content\/uploads\/2021\/10\/episcopado_171021-150x84.jpg 150w\" sizes=\"(max-width: 1280px) 100vw, 1280px\" \/><p id=\"caption-attachment-234772\" class=\"wp-caption-text\"><em> \u00a0 Imagens: Vatican Media<\/em><\/p><\/div>\n<p>O Papa Francisco presidiu \u00e0 Santa Missa na manh\u00e3 deste domingo, com o rito de ordena\u00e7\u00e3o episcopal de Guido Marini e de Andr\u00e9s Gabriel Ferrada Moreira. Destinado \u00e0 diocese de Tortona, norte da It\u00e1lia, Dom Guido Marini concluiu seu per\u00edodo de 14 anos como mestre das celebra\u00e7\u00f5es pontif\u00edcias com a ordena\u00e7\u00e3o episcopal. A missa deste domingo marcou o in\u00edcio do servi\u00e7o do seu sucessor, Mons. Diego Ravelli. J\u00e1 o chileno Andr\u00e9s Gabriel Ferrada Moreira foi nomeado pelo Papa Francisco secret\u00e1rio da Congrega\u00e7\u00e3o para o Clero.<\/p>\n<p><strong>Sempre servir<\/strong><br \/>\nEm sua homilia, o Pont\u00edfice prop\u00f4s uma reflex\u00e3o sobre a responsabilidade eclesial do bispo. \u201cO Senhor nosso Jesus, enviado pelo Pai para redimir os homens, por sua vez enviou ao mundo os doze ap\u00f3stolos para que, repletos da pot\u00eancia do Esp\u00edrito Santo, anunciassem o Evangelho a todos os povos\u201d, explicou o Papa.<\/p>\n<p>A fim de perpetuar de gera\u00e7\u00e3o em gera\u00e7\u00e3o este minist\u00e9rio apost\u00f3lico, os Doze se muniram de colaboradores, transmitindo a eles, com a imposi\u00e7\u00e3o das m\u00e3os, o dom do Esp\u00edrito recebido por Cristo. Assim, atrav\u00e9s da ininterrupta sucess\u00e3o dos bispos na tradi\u00e7\u00e3o viva da Igreja, se manteve este minist\u00e9rio prim\u00e1rio e a obra do Salvador continua e se desenvolve at\u00e9 os nossos tempos. No bispo, circundando dos seus presb\u00edteros, est\u00e1 presente o pr\u00f3prio Senhor Jesus Cristo, sumo sacerdote em eterno.<\/p>\n<p>Dirigindo-se \u00e0 assembleia, Francisco pede ent\u00e3o que acolha com alegria e gratid\u00e3o esses nossos irm\u00e3os, que hoje se associam ao col\u00e9gio episcopal. Aos novos bispos, pediu que reflitam sobre o fato de que foram escolhidos entre os homens para os homens, n\u00e3o para si mesmos.<\/p>\n<p>\u201c&#8217;Episcopado\u2019, com efeito, \u00e9 o nome de um servi\u00e7o &#8211; n\u00e3o \u00e9 verdadeiro episcopado sem servi\u00e7o -, n\u00e3o de uma honra &#8211; como queriam os ap\u00f3stolos, um \u00e0 direita, outro \u00e0 esquerda -, porque ao bispo compete mais servir do que dominar, segundo o mandamento do Mestre: \u2018Quem \u00e9 o maior entre v\u00f3s, se torne o menor. E quem governa, como quem serve\u2019. Servir. E com este servi\u00e7o, voc\u00eas v\u00e3o custodiar a voca\u00e7\u00e3o e ser\u00e3o aut\u00eanticos pastores no servir, n\u00e3o nas honras, na potestade, na pot\u00eancia&#8230; N\u00e3o. Servir, sempre servir.\u201d<\/p>\n<p><img loading=\"lazy\" class=\"alignnone wp-image-234774 size-full\" src=\"https:\/\/franciscanos.org.br\/noticias\/wp-content\/uploads\/2021\/10\/episcopado_171021_1.jpg\" alt=\"\" width=\"1280\" height=\"720\" srcset=\"https:\/\/franciscanos.org.br\/noticias\/wp-content\/uploads\/2021\/10\/episcopado_171021_1.jpg 1280w, https:\/\/franciscanos.org.br\/noticias\/wp-content\/uploads\/2021\/10\/episcopado_171021_1-450x253.jpg 450w, https:\/\/franciscanos.org.br\/noticias\/wp-content\/uploads\/2021\/10\/episcopado_171021_1-1024x576.jpg 1024w, https:\/\/franciscanos.org.br\/noticias\/wp-content\/uploads\/2021\/10\/episcopado_171021_1-768x432.jpg 768w, https:\/\/franciscanos.org.br\/noticias\/wp-content\/uploads\/2021\/10\/episcopado_171021_1-150x84.jpg 150w\" sizes=\"(max-width: 1280px) 100vw, 1280px\" \/><\/p>\n<p><strong>Proximidade<\/strong><br \/>\nFrancisco ent\u00e3o faz uma s\u00e9rie de exorta\u00e7\u00f5es: anunciem a Palavra em qualquer ocasi\u00e3o, oportuna ou n\u00e3o. Advirtam, repreendam e exortem com magnanimidade e doutrina, continuem a estudar. Voc\u00eas ser\u00e3o os cust\u00f3dios do servi\u00e7o, da caridade na Igreja, por isso Deus os quer pr\u00f3ximos. Proximidade, ali\u00e1s &#8211; disse o Papa &#8211; , \u00e9 o tra\u00e7o mais caracter\u00edstico de Deus.<\/p>\n<p>&#8220;Por favor, n\u00e3o abandonem esta proximidade&#8221;, afirmou, citando as quatro proximidades do bispo: a Deus, aos bispos, aos sacerdotes e ao povo. Sempre na ora\u00e7\u00e3o: \u201cA primeira tarefa do bispo \u00e9 rezar e n\u00e3o como um papagaio. N\u00e3o! Rezar com o cora\u00e7\u00e3o, rezar. &#8220;Eu n\u00e3o tenho tempo.&#8221; N\u00e3o! Deixe todas as outras coisas, mas rezar \u00e9 a primeira tarefa do bispo.\u201d<\/p>\n<p>O Papa recordou que dentro da Igreja n\u00e3o h\u00e1 &#8220;partidos&#8221;, portanto recomendou a proximidade a todos os bispos, sem falar mal dos irm\u00e3os. E pediu tempo para dedicar aos sacerdotes, sem que tenham que esperar dias para serem recebidos e ouvidos. &#8220;Quantas vezes ouvi lamenta\u00e7\u00f5es, que um sacerdote diz: &#8216;Liguei para o bispo, mas a secret\u00e1ria disse que estava com a agenda cheia, que talvez em 30 dias poderia me receber&#8230;&#8217;. Isso n\u00e3o est\u00e1 certo. Se souber que um sacerdote o procurou, ligue no mesmo dia ou no dia seguinte.&#8221;<\/p>\n<p>Francisco ent\u00e3o concluiu: &#8220;Que o Senhor os fa\u00e7a crescer neste caminho da proximidade, assim imitar\u00e3o melhor o Senhor, porque Ele sempre esteve pr\u00f3ximo a n\u00f3s e, com a sua proximidade que \u00e9 de compaix\u00e3o e de ternura, nos leva avante. E que Nossa Senhora os proteja.&#8221;<\/p>\n<hr \/>\n<h3>Angelus: a l\u00f3gica de Cristo \u00e9 descer do pedestal para servir<\/h3>\n<p>Depois de celebrar a missa na Bas\u00edlica de S\u00e3o Pedro, o Papa Francisco rezou com os fi\u00e9is reunidos na Pra\u00e7a S\u00e3o Pedro a ora\u00e7\u00e3o do Angelus.\u00a0Comentando o Evangelho deste 29\u00ba Domingo do Tempo Comum, o Pont\u00edfice destacou dois verbos: emergir e imergir.<\/p>\n<p>Marcos narra que dois dos disc\u00edpulos, Tiago e Jo\u00e3o, pedem ao Senhor para se sentar ao Seu lado na gl\u00f3ria, &#8220;como primeiros-ministros&#8221;, causando indigna\u00e7\u00e3o nos demais. Jesus ent\u00e3o ensina que a verdadeira gl\u00f3ria se obt\u00e9m vivendo o batismo que estava para receber em Jerusal\u00e9m, e n\u00e3o elevando-se sobre os outros.<\/p>\n<p>A palavra batismo significa \u201cimers\u00e3o\u201d. Portanto, a gl\u00f3ria de Deus \u00e9 amor que se faz servi\u00e7o, n\u00e3o poder que busca o dom\u00ednio.<\/p>\n<p><strong>As ciladas da busca do prest\u00edgio pessoal<\/strong><br \/>\nEmergir, explicou o Papa, expressa aquela mentalidade mundana da qual somos sempre tentados: viver todas as coisas, at\u00e9 mesmo as rela\u00e7\u00f5es, para alimentar a nossa ambi\u00e7\u00e3o, para subir os degraus do sucesso. A busca do prest\u00edgio pessoal, advertiu, pode se tornar uma doen\u00e7a do esp\u00edrito. &#8220;Isso na Igreja tamb\u00e9m acontece&#8221;, lamentou Francisco: &#8220;Quantas vezes, n\u00f3s crist\u00e3os, que dever\u00edamos ser os servidores, buscamos galgar, ir avante.&#8221; \u00c9 importante sempre verificar as verdadeiras inten\u00e7\u00f5es do cora\u00e7\u00e3o e perguntar-se se levo avante um servi\u00e7o somente para ser notado e louvado.<\/p>\n<p>A esta l\u00f3gica mundana, Jesus prop\u00f5e a sua: ao inv\u00e9s de elevar-se sobre os demais, descer do pedestal para servir. Ao inv\u00e9s de emergir sobre os outros, imergir-se na vida dos outros. O Papa ent\u00e3o citou um programa da televis\u00e3o italiana que veiculou uma reportagem sobre o servi\u00e7o da C\u00e1ritas para que ningu\u00e9m fique sem alimento: &#8220;Preocupar-se com a fome dos outros, preocupar-se com as necessidades dos outros. S\u00e3o muitos, muitos os necessitados hoje e mais ainda depois da pandemia. Olhar e abaixar-se no servi\u00e7o e n\u00e3o buscar galgar para a pr\u00f3pria gl\u00f3ria&#8221;.<\/p>\n<p>Eis ent\u00e3o o segundo verbo: imergir-se. Jesus n\u00e3o ficou l\u00e1 no c\u00e9u, a olhar-nos do alto, mas se abaixou para lavar nossos p\u00e9s. E pede que fa\u00e7amos o mesmo com os outros com compaix\u00e3o.<\/p>\n<p>\u201cMas n\u00f3s pensamos com compaix\u00e3o na fome de tantas pessoas? Quando estamos diante da refei\u00e7\u00e3o, h\u00e1 uma gra\u00e7a de Deus, que n\u00f3s podemos comer. H\u00e1 pessoas que trabalham e n\u00e3o conseguem ter o alimento suficiente para todo o m\u00eas. Pensemos nisto! E imergir-se com compaix\u00e3o, ter compaix\u00e3o n\u00e3o \u00e9 um dado de enciclop\u00e9dia. N\u00e3o! S\u00e3o pessoas e eu sinto compaix\u00e3o por essas pessoas?\u201d<\/p>\n<p>Mas para passar do emergir ao imergir, s\u00f3 o empenho n\u00e3o \u00e9 suficiente. Mas cada um tem dentro de si a for\u00e7a do batismo, daquela imers\u00e3o em Jesus que impulsiona a segui-Lo, \u00e9 um fogo que o Esp\u00edrito acendeu e que deve ser alimentado.<\/p>\n<p>Francisco ent\u00e3o concluiu pedindo a Nossa Senhora nos ajude a encontrar Jesus. \u201cEla, mesmo sendo a maior, n\u00e3o buscou emergir, mas foi a humilde serva do Senhor e imergiu-se completamente ao nosso servi\u00e7o para nos ajudar a encontrar Jesus.\u201d<\/p>\n<hr \/>\n<p><em>Fonte: Vatican News<\/em><\/p>\n","protected":false},"excerpt":{"rendered":"<p>Missa de Ordena\u00e7\u00e3o Episcopal<\/p>\n","protected":false},"author":3,"featured_media":234773,"comment_status":"open","ping_status":"open","sticky":false,"template":"","format":"standard","meta":[],"categories":[1428],"tags":[55],"acf":[],"yoast_head":"<!-- This site is optimized with the Yoast SEO plugin v19.2 - https:\/\/yoast.com\/wordpress\/plugins\/seo\/ -->\n<title>Papa: episcopado \u00e9 o nome de um servi\u00e7o, n\u00e3o de uma honra - Not\u00edcias - Franciscanos<\/title>\n<meta name=\"robots\" content=\"index, follow, max-snippet:-1, max-image-preview:large, max-video-preview:-1\" \/>\n<link rel=\"canonical\" href=\"https:\/\/franciscanos.org.br\/noticias\/papa-episcopado-e-o-nome-de-um-servico-nao-de-uma-honra.html\" \/>\n<meta property=\"og:locale\" content=\"pt_BR\" \/>\n<meta property=\"og:type\" content=\"article\" \/>\n<meta property=\"og:title\" content=\"Papa: episcopado \u00e9 o nome de um servi\u00e7o, n\u00e3o de uma honra - Not\u00edcias - Franciscanos\" \/>\n<meta property=\"og:description\" content=\"Missa de Ordena\u00e7\u00e3o Episcopal\" \/>\n<meta property=\"og:url\" content=\"https:\/\/franciscanos.org.br\/noticias\/papa-episcopado-e-o-nome-de-um-servico-nao-de-uma-honra.html\" \/>\n<meta property=\"og:site_name\" content=\"Not\u00edcias - Franciscanos\" \/>\n<meta property=\"article:published_time\" content=\"2021-10-17T11:36:29+00:00\" \/>\n<meta property=\"article:modified_time\" content=\"2022-12-31T15:51:07+00:00\" \/>\n<meta property=\"og:image\" content=\"https:\/\/franciscanos.org.br\/noticias\/wp-content\/uploads\/2021\/10\/episcopado_171021d.jpg\" \/>\n\t<meta property=\"og:image:width\" content=\"800\" \/>\n\t<meta property=\"og:image:height\" content=\"550\" \/>\n\t<meta property=\"og:image:type\" content=\"image\/jpeg\" \/>\n<meta name=\"author\" content=\"moacir\" \/>\n<meta name=\"twitter:card\" content=\"summary_large_image\" \/>\n<meta name=\"twitter:label1\" content=\"Escrito por\" \/>\n\t<meta name=\"twitter:data1\" content=\"moacir\" \/>\n\t<meta name=\"twitter:label2\" content=\"Est. tempo de leitura\" \/>\n\t<meta name=\"twitter:data2\" content=\"6 minutos\" \/>\n<script type=\"application\/ld+json\" class=\"yoast-schema-graph\">{\"@context\":\"https:\/\/schema.org\",\"@graph\":[{\"@type\":\"WebSite\",\"@id\":\"https:\/\/franciscanos.org.br\/noticias\/#website\",\"url\":\"https:\/\/franciscanos.org.br\/noticias\/\",\"name\":\"Not\u00edcias - Franciscanos\",\"description\":\"Prov\u00edncia Franciscana da Imaculada Concei\u00e7\u00e3o do Brasil - Ordem dos Frades Menores - OFM\",\"potentialAction\":[{\"@type\":\"SearchAction\",\"target\":{\"@type\":\"EntryPoint\",\"urlTemplate\":\"https:\/\/franciscanos.org.br\/noticias\/?s={search_term_string}\"},\"query-input\":\"required name=search_term_string\"}],\"inLanguage\":\"pt-BR\"},{\"@type\":\"ImageObject\",\"inLanguage\":\"pt-BR\",\"@id\":\"https:\/\/franciscanos.org.br\/noticias\/papa-episcopado-e-o-nome-de-um-servico-nao-de-uma-honra.html#primaryimage\",\"url\":\"https:\/\/franciscanos.org.br\/noticias\/wp-content\/uploads\/2021\/10\/episcopado_171021d.jpg\",\"contentUrl\":\"https:\/\/franciscanos.org.br\/noticias\/wp-content\/uploads\/2021\/10\/episcopado_171021d.jpg\",\"width\":800,\"height\":550},{\"@type\":\"WebPage\",\"@id\":\"https:\/\/franciscanos.org.br\/noticias\/papa-episcopado-e-o-nome-de-um-servico-nao-de-uma-honra.html#webpage\",\"url\":\"https:\/\/franciscanos.org.br\/noticias\/papa-episcopado-e-o-nome-de-um-servico-nao-de-uma-honra.html\",\"name\":\"Papa: episcopado \u00e9 o nome de um servi\u00e7o, n\u00e3o de uma honra - Not\u00edcias - Franciscanos\",\"isPartOf\":{\"@id\":\"https:\/\/franciscanos.org.br\/noticias\/#website\"},\"primaryImageOfPage\":{\"@id\":\"https:\/\/franciscanos.org.br\/noticias\/papa-episcopado-e-o-nome-de-um-servico-nao-de-uma-honra.html#primaryimage\"},\"datePublished\":\"2021-10-17T11:36:29+00:00\",\"dateModified\":\"2022-12-31T15:51:07+00:00\",\"author\":{\"@id\":\"https:\/\/franciscanos.org.br\/noticias\/#\/schema\/person\/b5c8cba458c330ccff548b056e95a5d4\"},\"breadcrumb\":{\"@id\":\"https:\/\/franciscanos.org.br\/noticias\/papa-episcopado-e-o-nome-de-um-servico-nao-de-uma-honra.html#breadcrumb\"},\"inLanguage\":\"pt-BR\",\"potentialAction\":[{\"@type\":\"ReadAction\",\"target\":[\"https:\/\/franciscanos.org.br\/noticias\/papa-episcopado-e-o-nome-de-um-servico-nao-de-uma-honra.html\"]}]},{\"@type\":\"BreadcrumbList\",\"@id\":\"https:\/\/franciscanos.org.br\/noticias\/papa-episcopado-e-o-nome-de-um-servico-nao-de-uma-honra.html#breadcrumb\",\"itemListElement\":[{\"@type\":\"ListItem\",\"position\":1,\"name\":\"Home\",\"item\":\"https:\/\/franciscanos.org.br\/noticias\"},{\"@type\":\"ListItem\",\"position\":2,\"name\":\"Papa: episcopado \u00e9 o nome de um servi\u00e7o, n\u00e3o de uma honra\"}]},{\"@type\":\"Person\",\"@id\":\"https:\/\/franciscanos.org.br\/noticias\/#\/schema\/person\/b5c8cba458c330ccff548b056e95a5d4\",\"name\":\"moacir\",\"image\":{\"@type\":\"ImageObject\",\"inLanguage\":\"pt-BR\",\"@id\":\"https:\/\/franciscanos.org.br\/noticias\/#\/schema\/person\/image\/\",\"url\":\"https:\/\/secure.gravatar.com\/avatar\/d08aa2ce4c8dd416d4479aa8536fcf64?s=96&d=mm&r=g\",\"contentUrl\":\"https:\/\/secure.gravatar.com\/avatar\/d08aa2ce4c8dd416d4479aa8536fcf64?s=96&d=mm&r=g\",\"caption\":\"moacir\"},\"url\":\"https:\/\/franciscanos.org.br\/noticias\/author\/moacir\"}]}<\/script>\n<!-- \/ Yoast SEO plugin. -->","yoast_head_json":{"title":"Papa: episcopado \u00e9 o nome de um servi\u00e7o, n\u00e3o de uma honra - Not\u00edcias - Franciscanos","robots":{"index":"index","follow":"follow","max-snippet":"max-snippet:-1","max-image-preview":"max-image-preview:large","max-video-preview":"max-video-preview:-1"},"canonical":"https:\/\/franciscanos.org.br\/noticias\/papa-episcopado-e-o-nome-de-um-servico-nao-de-uma-honra.html","og_locale":"pt_BR","og_type":"article","og_title":"Papa: episcopado \u00e9 o nome de um servi\u00e7o, n\u00e3o de uma honra - Not\u00edcias - Franciscanos","og_description":"Missa de Ordena\u00e7\u00e3o Episcopal","og_url":"https:\/\/franciscanos.org.br\/noticias\/papa-episcopado-e-o-nome-de-um-servico-nao-de-uma-honra.html","og_site_name":"Not\u00edcias - Franciscanos","article_published_time":"2021-10-17T11:36:29+00:00","article_modified_time":"2022-12-31T15:51:07+00:00","og_image":[{"width":800,"height":550,"url":"https:\/\/franciscanos.org.br\/noticias\/wp-content\/uploads\/2021\/10\/episcopado_171021d.jpg","type":"image\/jpeg"}],"author":"moacir","twitter_card":"summary_large_image","twitter_misc":{"Escrito por":"moacir","Est. tempo de leitura":"6 minutos"},"schema":{"@context":"https:\/\/schema.org","@graph":[{"@type":"WebSite","@id":"https:\/\/franciscanos.org.br\/noticias\/#website","url":"https:\/\/franciscanos.org.br\/noticias\/","name":"Not\u00edcias - Franciscanos","description":"Prov\u00edncia Franciscana da Imaculada Concei\u00e7\u00e3o do Brasil - Ordem dos Frades Menores - OFM","potentialAction":[{"@type":"SearchAction","target":{"@type":"EntryPoint","urlTemplate":"https:\/\/franciscanos.org.br\/noticias\/?s={search_term_string}"},"query-input":"required name=search_term_string"}],"inLanguage":"pt-BR"},{"@type":"ImageObject","inLanguage":"pt-BR","@id":"https:\/\/franciscanos.org.br\/noticias\/papa-episcopado-e-o-nome-de-um-servico-nao-de-uma-honra.html#primaryimage","url":"https:\/\/franciscanos.org.br\/noticias\/wp-content\/uploads\/2021\/10\/episcopado_171021d.jpg","contentUrl":"https:\/\/franciscanos.org.br\/noticias\/wp-content\/uploads\/2021\/10\/episcopado_171021d.jpg","width":800,"height":550},{"@type":"WebPage","@id":"https:\/\/franciscanos.org.br\/noticias\/papa-episcopado-e-o-nome-de-um-servico-nao-de-uma-honra.html#webpage","url":"https:\/\/franciscanos.org.br\/noticias\/papa-episcopado-e-o-nome-de-um-servico-nao-de-uma-honra.html","name":"Papa: episcopado \u00e9 o nome de um servi\u00e7o, n\u00e3o de uma honra - Not\u00edcias - Franciscanos","isPartOf":{"@id":"https:\/\/franciscanos.org.br\/noticias\/#website"},"primaryImageOfPage":{"@id":"https:\/\/franciscanos.org.br\/noticias\/papa-episcopado-e-o-nome-de-um-servico-nao-de-uma-honra.html#primaryimage"},"datePublished":"2021-10-17T11:36:29+00:00","dateModified":"2022-12-31T15:51:07+00:00","author":{"@id":"https:\/\/franciscanos.org.br\/noticias\/#\/schema\/person\/b5c8cba458c330ccff548b056e95a5d4"},"breadcrumb":{"@id":"https:\/\/franciscanos.org.br\/noticias\/papa-episcopado-e-o-nome-de-um-servico-nao-de-uma-honra.html#breadcrumb"},"inLanguage":"pt-BR","potentialAction":[{"@type":"ReadAction","target":["https:\/\/franciscanos.org.br\/noticias\/papa-episcopado-e-o-nome-de-um-servico-nao-de-uma-honra.html"]}]},{"@type":"BreadcrumbList","@id":"https:\/\/franciscanos.org.br\/noticias\/papa-episcopado-e-o-nome-de-um-servico-nao-de-uma-honra.html#breadcrumb","itemListElement":[{"@type":"ListItem","position":1,"name":"Home","item":"https:\/\/franciscanos.org.br\/noticias"},{"@type":"ListItem","position":2,"name":"Papa: episcopado \u00e9 o nome de um servi\u00e7o, n\u00e3o de uma honra"}]},{"@type":"Person","@id":"https:\/\/franciscanos.org.br\/noticias\/#\/schema\/person\/b5c8cba458c330ccff548b056e95a5d4","name":"moacir","image":{"@type":"ImageObject","inLanguage":"pt-BR","@id":"https:\/\/franciscanos.org.br\/noticias\/#\/schema\/person\/image\/","url":"https:\/\/secure.gravatar.com\/avatar\/d08aa2ce4c8dd416d4479aa8536fcf64?s=96&d=mm&r=g","contentUrl":"https:\/\/secure.gravatar.com\/avatar\/d08aa2ce4c8dd416d4479aa8536fcf64?s=96&d=mm&r=g","caption":"moacir"},"url":"https:\/\/franciscanos.org.br\/noticias\/author\/moacir"}]}},"_links":{"self":[{"href":"https:\/\/franciscanos.org.br\/noticias\/wp-json\/wp\/v2\/posts\/234771"}],"collection":[{"href":"https:\/\/franciscanos.org.br\/noticias\/wp-json\/wp\/v2\/posts"}],"about":[{"href":"https:\/\/franciscanos.org.br\/noticias\/wp-json\/wp\/v2\/types\/post"}],"author":[{"embeddable":true,"href":"https:\/\/franciscanos.org.br\/noticias\/wp-json\/wp\/v2\/users\/3"}],"replies":[{"embeddable":true,"href":"https:\/\/franciscanos.org.br\/noticias\/wp-json\/wp\/v2\/comments?post=234771"}],"version-history":[{"count":2,"href":"https:\/\/franciscanos.org.br\/noticias\/wp-json\/wp\/v2\/posts\/234771\/revisions"}],"predecessor-version":[{"id":241458,"href":"https:\/\/franciscanos.org.br\/noticias\/wp-json\/wp\/v2\/posts\/234771\/revisions\/241458"}],"wp:featuredmedia":[{"embeddable":true,"href":"https:\/\/franciscanos.org.br\/noticias\/wp-json\/wp\/v2\/media\/234773"}],"wp:attachment":[{"href":"https:\/\/franciscanos.org.br\/noticias\/wp-json\/wp\/v2\/media?parent=234771"}],"wp:term":[{"taxonomy":"category","embeddable":true,"href":"https:\/\/franciscanos.org.br\/noticias\/wp-json\/wp\/v2\/categories?post=234771"},{"taxonomy":"post_tag","embeddable":true,"href":"https:\/\/franciscanos.org.br\/noticias\/wp-json\/wp\/v2\/tags?post=234771"}],"curies":[{"name":"wp","href":"https:\/\/api.w.org\/{rel}","templated":true}]}}