{"id":234749,"date":"2021-10-15T08:56:08","date_gmt":"2021-10-15T11:56:08","guid":{"rendered":"https:\/\/franciscanos.org.br\/noticias\/?p=234749"},"modified":"2021-10-15T08:56:23","modified_gmt":"2021-10-15T11:56:23","slug":"usf-chega-aos-45-de-olho-no-futuro","status":"publish","type":"post","link":"https:\/\/franciscanos.org.br\/noticias\/usf-chega-aos-45-de-olho-no-futuro.html","title":{"rendered":"USF chega aos 45 de olho no futuro"},"content":{"rendered":"<p><img loading=\"lazy\" class=\"alignnone wp-image-234750 size-full\" src=\"https:\/\/franciscanos.org.br\/noticias\/wp-content\/uploads\/2021\/10\/usf_151021.jpg\" alt=\"\" width=\"1280\" height=\"853\" srcset=\"https:\/\/franciscanos.org.br\/noticias\/wp-content\/uploads\/2021\/10\/usf_151021.jpg 1280w, https:\/\/franciscanos.org.br\/noticias\/wp-content\/uploads\/2021\/10\/usf_151021-450x300.jpg 450w, https:\/\/franciscanos.org.br\/noticias\/wp-content\/uploads\/2021\/10\/usf_151021-1024x682.jpg 1024w, https:\/\/franciscanos.org.br\/noticias\/wp-content\/uploads\/2021\/10\/usf_151021-768x512.jpg 768w, https:\/\/franciscanos.org.br\/noticias\/wp-content\/uploads\/2021\/10\/usf_151021-150x100.jpg 150w\" sizes=\"(max-width: 1280px) 100vw, 1280px\" \/><\/p>\n<p>A Universidade S\u00e3o Francisco celebra seus 45 anos, consolidando mais de 40 cursos em diversas \u00e1reas do conhecimento, dialogando diariamente com mais de 1.500 profissionais (docentes e t\u00e9cnico-administrativos) e mais de 18 mil estudantes. Atua, dessa forma, como agente de transforma\u00e7\u00e3o social nas regi\u00f5es em que est\u00e1 inserida, contribuindo de forma significativa com a comunidade local, atrav\u00e9s da Educa\u00e7\u00e3o Superior, mobilizada pelo lema \u201cEduca\u00e7\u00e3o para a paz\u201d e pela m\u00edstica de S\u00e3o Francisco de Assis.<\/p>\n<p>A USF \u00e9 um centro de refer\u00eancia na produ\u00e7\u00e3o de conhecimento, da pesquisa e da promo\u00e7\u00e3o social, com mais de 80 mil estudantes que percorreram suas trajet\u00f3rias de forma\u00e7\u00e3o em nossas salas de aula, nos C\u00e2mpus de Bragan\u00e7a Paulista, Campinas e Itatiba no Estado de S\u00e3o Paulo, bem como atrav\u00e9s de suas unidades de Ensino a Dist\u00e2ncia. Com destaque aos programas de p\u00f3s-gradua\u00e7\u00e3o, mestrados e doutorados reconhecidos internacionalmente, que contribuem com a difus\u00e3o da ci\u00eancia nas diversas \u00e1reas do saber, da arte e da cultura.<\/p>\n<p>\u201cAtravessada por uma gest\u00e3o colegiada e participativa, a USF se consolida no cen\u00e1rio nacional da educa\u00e7\u00e3o com excelentes conceitos institucionais avaliados pelo Minist\u00e9rio da Educa\u00e7\u00e3o, tecendo conhecimentos com diversos saberes, comprometidos em sensibilizar e deslocar estudantes, professores e equipes t\u00e9cnico-administrativas e, consequentemente, fazer acontecer a transforma\u00e7\u00e3o social. Celebramos a hist\u00f3ria da USF com a hist\u00f3ria de todos n\u00f3s. Acredito que neste momento o mais importante \u00e9 reafirmar o compromisso com a Educa\u00e7\u00e3o, com a ci\u00eancia e, principalmente, com o cuidado da sa\u00fade\u201d, explicou o presidente da Mantenedora e vice-reitor, Frei Thiago Alexandre Hayakawa.<\/p>\n<p>Com foco na inova\u00e7\u00e3o, mesmo diante do enfrentamento global da pandemia da COVID-19, a USF lan\u00e7ou em 2020 o Ensino Din\u00e2mico, modelo pedag\u00f3gico que flexibiliza o espa\u00e7o e o tempo de aprendizagem, respeitando o ritmo do estudante, valorizando o seu protagonismo e incentivando a sua autonomia, com acompanhamento personalizado, preparando-o para novos espa\u00e7os de realiza\u00e7\u00e3o profissional e conquistas do seu projeto de vida.<\/p>\n<p><img loading=\"lazy\" class=\"alignnone wp-image-234752 size-full\" src=\"https:\/\/franciscanos.org.br\/noticias\/wp-content\/uploads\/2021\/10\/usf_151021_1.jpg\" alt=\"\" width=\"1024\" height=\"739\" srcset=\"https:\/\/franciscanos.org.br\/noticias\/wp-content\/uploads\/2021\/10\/usf_151021_1.jpg 1024w, https:\/\/franciscanos.org.br\/noticias\/wp-content\/uploads\/2021\/10\/usf_151021_1-450x325.jpg 450w, https:\/\/franciscanos.org.br\/noticias\/wp-content\/uploads\/2021\/10\/usf_151021_1-768x554.jpg 768w, https:\/\/franciscanos.org.br\/noticias\/wp-content\/uploads\/2021\/10\/usf_151021_1-150x108.jpg 150w\" sizes=\"(max-width: 1024px) 100vw, 1024px\" \/><\/p>\n<p>A USF, consciente dos desafios dos cen\u00e1rios futuros e norteada por seu planejamento estrat\u00e9gico, reitera seu compromisso franciscano na constru\u00e7\u00e3o de um mundo mais justo, fraterno, sustent\u00e1vel e \u00e9tico, em defesa da vida, da ci\u00eancia, do conhecimento transformador e da promo\u00e7\u00e3o humana.<\/p>\n<p>Para contribuir ainda mais com a democratiza\u00e7\u00e3o do ensino superior brasileiro, a USF ampliou a oferta do ensino a dist\u00e2ncia e avan\u00e7ou em novas \u00e1reas do conhecimento em um projeto ousado e pautado em seus princ\u00edpios de excel\u00eancia acad\u00eamica, visando garantir condi\u00e7\u00f5es de igualdade de oportunidades para os estudantes de diferentes caracter\u00edsticas socioecon\u00f4micas.<\/p>\n<p>S\u00e3o ofertados mais de 20 cursos de gradua\u00e7\u00e3o em diferentes \u00e1reas do conhecimento. Presente, com polos nas cidades de Amparo, Atibaia, Bragan\u00e7a Paulista, Campinas, Guaratinguet\u00e1, Cambu\u00ed (MG), Pouso Alegre (MG), Itajub\u00e1 (MG), Itatiba, Jundia\u00ed, Paul\u00ednia e Petr\u00f3polis (RJ), S\u00e3o Bernardo do Campo e S\u00e3o Jos\u00e9 dos Campos.<\/p>\n<p>Ao longo do ano, a USF realizou uma s\u00e9rie de eventos e atividades comemorativas. Saiba mais em usf.edu.br\/45anos.<\/p>\n<hr \/>\n<p><em>Ana Paula Moreira<\/em><\/p>\n","protected":false},"excerpt":{"rendered":"<p>Universidade S\u00e3o Francisco<\/p>\n","protected":false},"author":3,"featured_media":234751,"comment_status":"open","ping_status":"open","sticky":false,"template":"","format":"standard","meta":[],"categories":[1],"tags":[354],"acf":[],"yoast_head":"<!-- This site is optimized with the Yoast SEO plugin v19.2 - https:\/\/yoast.com\/wordpress\/plugins\/seo\/ -->\n<title>USF chega aos 45 de olho no futuro - Not\u00edcias - Franciscanos<\/title>\n<meta name=\"robots\" content=\"index, follow, max-snippet:-1, max-image-preview:large, max-video-preview:-1\" \/>\n<link rel=\"canonical\" href=\"https:\/\/franciscanos.org.br\/noticias\/usf-chega-aos-45-de-olho-no-futuro.html\" \/>\n<meta property=\"og:locale\" content=\"pt_BR\" \/>\n<meta property=\"og:type\" content=\"article\" \/>\n<meta property=\"og:title\" content=\"USF chega aos 45 de olho no futuro - Not\u00edcias - Franciscanos\" \/>\n<meta property=\"og:description\" content=\"Universidade S\u00e3o Francisco\" \/>\n<meta property=\"og:url\" content=\"https:\/\/franciscanos.org.br\/noticias\/usf-chega-aos-45-de-olho-no-futuro.html\" \/>\n<meta property=\"og:site_name\" content=\"Not\u00edcias - Franciscanos\" \/>\n<meta property=\"article:published_time\" content=\"2021-10-15T11:56:08+00:00\" \/>\n<meta property=\"article:modified_time\" content=\"2021-10-15T11:56:23+00:00\" \/>\n<meta property=\"og:image\" content=\"https:\/\/franciscanos.org.br\/noticias\/wp-content\/uploads\/2021\/10\/usf_151021d.jpg\" \/>\n\t<meta property=\"og:image:width\" content=\"800\" \/>\n\t<meta property=\"og:image:height\" content=\"550\" \/>\n\t<meta property=\"og:image:type\" content=\"image\/jpeg\" \/>\n<meta name=\"author\" content=\"moacir\" \/>\n<meta name=\"twitter:card\" content=\"summary_large_image\" \/>\n<meta name=\"twitter:label1\" content=\"Escrito por\" \/>\n\t<meta name=\"twitter:data1\" content=\"moacir\" \/>\n\t<meta name=\"twitter:label2\" content=\"Est. tempo de leitura\" \/>\n\t<meta name=\"twitter:data2\" content=\"3 minutos\" \/>\n<script type=\"application\/ld+json\" class=\"yoast-schema-graph\">{\"@context\":\"https:\/\/schema.org\",\"@graph\":[{\"@type\":\"WebSite\",\"@id\":\"https:\/\/franciscanos.org.br\/noticias\/#website\",\"url\":\"https:\/\/franciscanos.org.br\/noticias\/\",\"name\":\"Not\u00edcias - Franciscanos\",\"description\":\"Prov\u00edncia Franciscana da Imaculada Concei\u00e7\u00e3o do Brasil - Ordem dos Frades Menores - OFM\",\"potentialAction\":[{\"@type\":\"SearchAction\",\"target\":{\"@type\":\"EntryPoint\",\"urlTemplate\":\"https:\/\/franciscanos.org.br\/noticias\/?s={search_term_string}\"},\"query-input\":\"required name=search_term_string\"}],\"inLanguage\":\"pt-BR\"},{\"@type\":\"ImageObject\",\"inLanguage\":\"pt-BR\",\"@id\":\"https:\/\/franciscanos.org.br\/noticias\/usf-chega-aos-45-de-olho-no-futuro.html#primaryimage\",\"url\":\"https:\/\/franciscanos.org.br\/noticias\/wp-content\/uploads\/2021\/10\/usf_151021d.jpg\",\"contentUrl\":\"https:\/\/franciscanos.org.br\/noticias\/wp-content\/uploads\/2021\/10\/usf_151021d.jpg\",\"width\":800,\"height\":550},{\"@type\":\"WebPage\",\"@id\":\"https:\/\/franciscanos.org.br\/noticias\/usf-chega-aos-45-de-olho-no-futuro.html#webpage\",\"url\":\"https:\/\/franciscanos.org.br\/noticias\/usf-chega-aos-45-de-olho-no-futuro.html\",\"name\":\"USF chega aos 45 de olho no futuro - Not\u00edcias - Franciscanos\",\"isPartOf\":{\"@id\":\"https:\/\/franciscanos.org.br\/noticias\/#website\"},\"primaryImageOfPage\":{\"@id\":\"https:\/\/franciscanos.org.br\/noticias\/usf-chega-aos-45-de-olho-no-futuro.html#primaryimage\"},\"datePublished\":\"2021-10-15T11:56:08+00:00\",\"dateModified\":\"2021-10-15T11:56:23+00:00\",\"author\":{\"@id\":\"https:\/\/franciscanos.org.br\/noticias\/#\/schema\/person\/b5c8cba458c330ccff548b056e95a5d4\"},\"breadcrumb\":{\"@id\":\"https:\/\/franciscanos.org.br\/noticias\/usf-chega-aos-45-de-olho-no-futuro.html#breadcrumb\"},\"inLanguage\":\"pt-BR\",\"potentialAction\":[{\"@type\":\"ReadAction\",\"target\":[\"https:\/\/franciscanos.org.br\/noticias\/usf-chega-aos-45-de-olho-no-futuro.html\"]}]},{\"@type\":\"BreadcrumbList\",\"@id\":\"https:\/\/franciscanos.org.br\/noticias\/usf-chega-aos-45-de-olho-no-futuro.html#breadcrumb\",\"itemListElement\":[{\"@type\":\"ListItem\",\"position\":1,\"name\":\"Home\",\"item\":\"https:\/\/franciscanos.org.br\/noticias\"},{\"@type\":\"ListItem\",\"position\":2,\"name\":\"USF chega aos 45 de olho no futuro\"}]},{\"@type\":\"Person\",\"@id\":\"https:\/\/franciscanos.org.br\/noticias\/#\/schema\/person\/b5c8cba458c330ccff548b056e95a5d4\",\"name\":\"moacir\",\"image\":{\"@type\":\"ImageObject\",\"inLanguage\":\"pt-BR\",\"@id\":\"https:\/\/franciscanos.org.br\/noticias\/#\/schema\/person\/image\/\",\"url\":\"https:\/\/secure.gravatar.com\/avatar\/d08aa2ce4c8dd416d4479aa8536fcf64?s=96&d=mm&r=g\",\"contentUrl\":\"https:\/\/secure.gravatar.com\/avatar\/d08aa2ce4c8dd416d4479aa8536fcf64?s=96&d=mm&r=g\",\"caption\":\"moacir\"},\"url\":\"https:\/\/franciscanos.org.br\/noticias\/author\/moacir\"}]}<\/script>\n<!-- \/ Yoast SEO plugin. -->","yoast_head_json":{"title":"USF chega aos 45 de olho no futuro - Not\u00edcias - Franciscanos","robots":{"index":"index","follow":"follow","max-snippet":"max-snippet:-1","max-image-preview":"max-image-preview:large","max-video-preview":"max-video-preview:-1"},"canonical":"https:\/\/franciscanos.org.br\/noticias\/usf-chega-aos-45-de-olho-no-futuro.html","og_locale":"pt_BR","og_type":"article","og_title":"USF chega aos 45 de olho no futuro - Not\u00edcias - Franciscanos","og_description":"Universidade S\u00e3o Francisco","og_url":"https:\/\/franciscanos.org.br\/noticias\/usf-chega-aos-45-de-olho-no-futuro.html","og_site_name":"Not\u00edcias - Franciscanos","article_published_time":"2021-10-15T11:56:08+00:00","article_modified_time":"2021-10-15T11:56:23+00:00","og_image":[{"width":800,"height":550,"url":"https:\/\/franciscanos.org.br\/noticias\/wp-content\/uploads\/2021\/10\/usf_151021d.jpg","type":"image\/jpeg"}],"author":"moacir","twitter_card":"summary_large_image","twitter_misc":{"Escrito por":"moacir","Est. tempo de leitura":"3 minutos"},"schema":{"@context":"https:\/\/schema.org","@graph":[{"@type":"WebSite","@id":"https:\/\/franciscanos.org.br\/noticias\/#website","url":"https:\/\/franciscanos.org.br\/noticias\/","name":"Not\u00edcias - Franciscanos","description":"Prov\u00edncia Franciscana da Imaculada Concei\u00e7\u00e3o do Brasil - Ordem dos Frades Menores - OFM","potentialAction":[{"@type":"SearchAction","target":{"@type":"EntryPoint","urlTemplate":"https:\/\/franciscanos.org.br\/noticias\/?s={search_term_string}"},"query-input":"required name=search_term_string"}],"inLanguage":"pt-BR"},{"@type":"ImageObject","inLanguage":"pt-BR","@id":"https:\/\/franciscanos.org.br\/noticias\/usf-chega-aos-45-de-olho-no-futuro.html#primaryimage","url":"https:\/\/franciscanos.org.br\/noticias\/wp-content\/uploads\/2021\/10\/usf_151021d.jpg","contentUrl":"https:\/\/franciscanos.org.br\/noticias\/wp-content\/uploads\/2021\/10\/usf_151021d.jpg","width":800,"height":550},{"@type":"WebPage","@id":"https:\/\/franciscanos.org.br\/noticias\/usf-chega-aos-45-de-olho-no-futuro.html#webpage","url":"https:\/\/franciscanos.org.br\/noticias\/usf-chega-aos-45-de-olho-no-futuro.html","name":"USF chega aos 45 de olho no futuro - Not\u00edcias - Franciscanos","isPartOf":{"@id":"https:\/\/franciscanos.org.br\/noticias\/#website"},"primaryImageOfPage":{"@id":"https:\/\/franciscanos.org.br\/noticias\/usf-chega-aos-45-de-olho-no-futuro.html#primaryimage"},"datePublished":"2021-10-15T11:56:08+00:00","dateModified":"2021-10-15T11:56:23+00:00","author":{"@id":"https:\/\/franciscanos.org.br\/noticias\/#\/schema\/person\/b5c8cba458c330ccff548b056e95a5d4"},"breadcrumb":{"@id":"https:\/\/franciscanos.org.br\/noticias\/usf-chega-aos-45-de-olho-no-futuro.html#breadcrumb"},"inLanguage":"pt-BR","potentialAction":[{"@type":"ReadAction","target":["https:\/\/franciscanos.org.br\/noticias\/usf-chega-aos-45-de-olho-no-futuro.html"]}]},{"@type":"BreadcrumbList","@id":"https:\/\/franciscanos.org.br\/noticias\/usf-chega-aos-45-de-olho-no-futuro.html#breadcrumb","itemListElement":[{"@type":"ListItem","position":1,"name":"Home","item":"https:\/\/franciscanos.org.br\/noticias"},{"@type":"ListItem","position":2,"name":"USF chega aos 45 de olho no futuro"}]},{"@type":"Person","@id":"https:\/\/franciscanos.org.br\/noticias\/#\/schema\/person\/b5c8cba458c330ccff548b056e95a5d4","name":"moacir","image":{"@type":"ImageObject","inLanguage":"pt-BR","@id":"https:\/\/franciscanos.org.br\/noticias\/#\/schema\/person\/image\/","url":"https:\/\/secure.gravatar.com\/avatar\/d08aa2ce4c8dd416d4479aa8536fcf64?s=96&d=mm&r=g","contentUrl":"https:\/\/secure.gravatar.com\/avatar\/d08aa2ce4c8dd416d4479aa8536fcf64?s=96&d=mm&r=g","caption":"moacir"},"url":"https:\/\/franciscanos.org.br\/noticias\/author\/moacir"}]}},"_links":{"self":[{"href":"https:\/\/franciscanos.org.br\/noticias\/wp-json\/wp\/v2\/posts\/234749"}],"collection":[{"href":"https:\/\/franciscanos.org.br\/noticias\/wp-json\/wp\/v2\/posts"}],"about":[{"href":"https:\/\/franciscanos.org.br\/noticias\/wp-json\/wp\/v2\/types\/post"}],"author":[{"embeddable":true,"href":"https:\/\/franciscanos.org.br\/noticias\/wp-json\/wp\/v2\/users\/3"}],"replies":[{"embeddable":true,"href":"https:\/\/franciscanos.org.br\/noticias\/wp-json\/wp\/v2\/comments?post=234749"}],"version-history":[{"count":1,"href":"https:\/\/franciscanos.org.br\/noticias\/wp-json\/wp\/v2\/posts\/234749\/revisions"}],"predecessor-version":[{"id":234753,"href":"https:\/\/franciscanos.org.br\/noticias\/wp-json\/wp\/v2\/posts\/234749\/revisions\/234753"}],"wp:featuredmedia":[{"embeddable":true,"href":"https:\/\/franciscanos.org.br\/noticias\/wp-json\/wp\/v2\/media\/234751"}],"wp:attachment":[{"href":"https:\/\/franciscanos.org.br\/noticias\/wp-json\/wp\/v2\/media?parent=234749"}],"wp:term":[{"taxonomy":"category","embeddable":true,"href":"https:\/\/franciscanos.org.br\/noticias\/wp-json\/wp\/v2\/categories?post=234749"},{"taxonomy":"post_tag","embeddable":true,"href":"https:\/\/franciscanos.org.br\/noticias\/wp-json\/wp\/v2\/tags?post=234749"}],"curies":[{"name":"wp","href":"https:\/\/api.w.org\/{rel}","templated":true}]}}