{"id":234717,"date":"2021-10-13T05:49:28","date_gmt":"2021-10-13T08:49:28","guid":{"rendered":"https:\/\/franciscanos.org.br\/noticias\/?p=234717"},"modified":"2021-10-13T21:23:36","modified_gmt":"2021-10-14T00:23:36","slug":"celebracoes-da-solenidade-de-nossa-senhora-aparecida-em-petropolis","status":"publish","type":"post","link":"https:\/\/franciscanos.org.br\/noticias\/celebracoes-da-solenidade-de-nossa-senhora-aparecida-em-petropolis.html","title":{"rendered":"Celebra\u00e7\u00f5es da Solenidade de Nossa Senhora Aparecida em Petr\u00f3polis"},"content":{"rendered":"<p><img loading=\"lazy\" class=\"alignnone wp-image-234718 size-full\" src=\"https:\/\/franciscanos.org.br\/noticias\/wp-content\/uploads\/2021\/10\/aparecida_131021_2.jpg\" alt=\"\" width=\"1280\" height=\"853\" srcset=\"https:\/\/franciscanos.org.br\/noticias\/wp-content\/uploads\/2021\/10\/aparecida_131021_2.jpg 1280w, https:\/\/franciscanos.org.br\/noticias\/wp-content\/uploads\/2021\/10\/aparecida_131021_2-450x300.jpg 450w, https:\/\/franciscanos.org.br\/noticias\/wp-content\/uploads\/2021\/10\/aparecida_131021_2-1024x682.jpg 1024w, https:\/\/franciscanos.org.br\/noticias\/wp-content\/uploads\/2021\/10\/aparecida_131021_2-768x512.jpg 768w, https:\/\/franciscanos.org.br\/noticias\/wp-content\/uploads\/2021\/10\/aparecida_131021_2-150x100.jpg 150w\" sizes=\"(max-width: 1280px) 100vw, 1280px\" \/><\/p>\n<p><strong>Petr\u00f3polis (RJ)\u00a0 \u2013<\/strong> Nem mesmo o frio e a chuva na serra petropolitana espantou os fi\u00e9is e devotos de Nossa Senhora Aparecida nesta ter\u00e7a-feira, 12 de outubro, no Convento e Par\u00f3quia do Sagrado de Petr\u00f3polis (RJ). As celebra\u00e7\u00f5es e devo\u00e7\u00f5es come\u00e7aram logo pela manh\u00e3 e chegaram a lotar a igreja, com gente acompanhando tamb\u00e9m pelas plataformas digitais da Par\u00f3quia. Logo no in\u00edcio do dia, os devotos da Padroeira do Brasil j\u00e1 batiam \u00e0 porta da Igreja, que \u00e9 hist\u00f3rica e centen\u00e1ria e que ficou aberta ao p\u00fablico durante todo o dia, com missas \u00e0s 7h e 15h. A solene Celebra\u00e7\u00e3o Eucar\u00edstica foi presidida pelo vig\u00e1rio paroquial, Frei Jos\u00e9 Ariovaldo da Silva, \u00e0s 18 horas e contou com a presen\u00e7a do\u00a0Coral dos frades do Tempo da Teologia, sob a reg\u00eancia do mestre e m\u00fasico Frei Marcos Ant\u00f4nio de Andrade.<\/p>\n<p>Frei Ariovaldo come\u00e7ou sua homilia explicando que o Evangelho fala de um casamento em Can\u00e1 da Galileia (Jo 2,1-11). Entre os convidados l\u00e1 se fez presente a \u2018m\u00e3e de Jesus\u2019, bem como \u2018Jesus e seus disc\u00edpulos\u2019. Lembrou que a figura de Maria aparece neste contexto como a \u2018Senhora m\u00e3e\u2019, como uma mulher que intercede pelo povo desprovido da alegria de viver e, ao mesmo tempo como a \u2018m\u00e3e de Jesus\u2019, que expressa um pedido: \u2018Fa\u00e7am o que ele lhes disser para fazer\u2019.<\/p>\n<p><img loading=\"lazy\" class=\"alignnone wp-image-234720 size-full\" src=\"https:\/\/franciscanos.org.br\/noticias\/wp-content\/uploads\/2021\/10\/aparecida_131021.jpg\" alt=\"\" width=\"1280\" height=\"720\" srcset=\"https:\/\/franciscanos.org.br\/noticias\/wp-content\/uploads\/2021\/10\/aparecida_131021.jpg 1280w, https:\/\/franciscanos.org.br\/noticias\/wp-content\/uploads\/2021\/10\/aparecida_131021-450x253.jpg 450w, https:\/\/franciscanos.org.br\/noticias\/wp-content\/uploads\/2021\/10\/aparecida_131021-1024x576.jpg 1024w, https:\/\/franciscanos.org.br\/noticias\/wp-content\/uploads\/2021\/10\/aparecida_131021-768x432.jpg 768w, https:\/\/franciscanos.org.br\/noticias\/wp-content\/uploads\/2021\/10\/aparecida_131021-150x84.jpg 150w\" sizes=\"(max-width: 1280px) 100vw, 1280px\" \/><\/p>\n<p>\u201cRemete-nos \u00e0 rainha Ester, outra grande mulher, l\u00e1 do Antigo Testamento, como ouvimos na primeira leitura (Est 5,1b-2; 7,2b-3): junto ao rei Assuero encantado por sua beleza, ela intercede pelo povo fragilizado, sem vida; manifesta ao rei seu maior pedido e desejo: \u2018Concede-me a vida&#8230; e a vida do meu povo\u2019 (Est 7,3). Ester, uma n\u00edtida figura de Maria que, por sua vez, \u00e9 figura da pr\u00f3pria Igreja pela qual o divino Rei se encanta. Por isso, cantamos hoje o Salmo 44, cujo refr\u00e3o soa assim: \u2018Escutai, minha filha, olhai, ouvi isto: que o Rei se encante com vossa beleza!\u2019\u201d, introduziu o vig\u00e1rio paroquial.<\/p>\n<p>Para Frei Ariovaldo, \u00e9 no c\u00e9u que se vislumbra o grande sinal de uma mulher vestida de sol, com a lua debaixo dos p\u00e9s e sobre a cabe\u00e7a uma coroa de doze estrelas. \u201cEsta mulher \u00e9 sem d\u00favida Maria Imaculada, mas unida a ela tamb\u00e9m outra mulher, a saber, a jovem Igreja purificada no mist\u00e9rio pascal de Cristo e coroada com o mart\u00edrio e testemunho dos doze ap\u00f3stolos &#8211; doze estrelas -, da qual fazemos parte\u201d, disse.<\/p>\n\n\t\t<style type=\"text\/css\">\n\t\t\t#gallery-1 {\n\t\t\t\tmargin: auto;\n\t\t\t}\n\t\t\t#gallery-1 .gallery-item {\n\t\t\t\tfloat: left;\n\t\t\t\tmargin-top: 10px;\n\t\t\t\ttext-align: center;\n\t\t\t\twidth: 25%;\n\t\t\t}\n\t\t\t#gallery-1 img {\n\t\t\t\tborder: 2px solid #cfcfcf;\n\t\t\t}\n\t\t\t#gallery-1 .gallery-caption {\n\t\t\t\tmargin-left: 0;\n\t\t\t}\n\t\t\t\/* see gallery_shortcode() in wp-includes\/media.php *\/\n\t\t<\/style>\n\t\t<div id='gallery-1' class='gallery galleryid-234717 gallery-columns-4 gallery-size-thumbnail'><dl class='gallery-item'>\n\t\t\t<dt class='gallery-icon landscape'>\n\t\t\t\t<a href='https:\/\/franciscanos.org.br\/noticias\/wp-content\/uploads\/2021\/10\/aparecida_01.jpg'><img width=\"300\" height=\"300\" src=\"https:\/\/franciscanos.org.br\/noticias\/wp-content\/uploads\/2021\/10\/aparecida_01-300x300.jpg\" class=\"attachment-thumbnail size-thumbnail\" alt=\"\" loading=\"lazy\" srcset=\"https:\/\/franciscanos.org.br\/noticias\/wp-content\/uploads\/2021\/10\/aparecida_01-300x300.jpg 300w, https:\/\/franciscanos.org.br\/noticias\/wp-content\/uploads\/2021\/10\/aparecida_01-100x100.jpg 100w\" sizes=\"(max-width: 300px) 100vw, 300px\" \/><\/a>\n\t\t\t<\/dt><\/dl><dl class='gallery-item'>\n\t\t\t<dt class='gallery-icon landscape'>\n\t\t\t\t<a href='https:\/\/franciscanos.org.br\/noticias\/wp-content\/uploads\/2021\/10\/aparecida_02.jpg'><img width=\"300\" height=\"300\" src=\"https:\/\/franciscanos.org.br\/noticias\/wp-content\/uploads\/2021\/10\/aparecida_02-300x300.jpg\" class=\"attachment-thumbnail size-thumbnail\" alt=\"\" loading=\"lazy\" srcset=\"https:\/\/franciscanos.org.br\/noticias\/wp-content\/uploads\/2021\/10\/aparecida_02-300x300.jpg 300w, https:\/\/franciscanos.org.br\/noticias\/wp-content\/uploads\/2021\/10\/aparecida_02-100x100.jpg 100w\" sizes=\"(max-width: 300px) 100vw, 300px\" \/><\/a>\n\t\t\t<\/dt><\/dl><dl class='gallery-item'>\n\t\t\t<dt class='gallery-icon landscape'>\n\t\t\t\t<a href='https:\/\/franciscanos.org.br\/noticias\/wp-content\/uploads\/2021\/10\/aparecida_03.jpg'><img width=\"300\" height=\"300\" src=\"https:\/\/franciscanos.org.br\/noticias\/wp-content\/uploads\/2021\/10\/aparecida_03-300x300.jpg\" class=\"attachment-thumbnail size-thumbnail\" alt=\"\" loading=\"lazy\" srcset=\"https:\/\/franciscanos.org.br\/noticias\/wp-content\/uploads\/2021\/10\/aparecida_03-300x300.jpg 300w, https:\/\/franciscanos.org.br\/noticias\/wp-content\/uploads\/2021\/10\/aparecida_03-100x100.jpg 100w\" sizes=\"(max-width: 300px) 100vw, 300px\" \/><\/a>\n\t\t\t<\/dt><\/dl><dl class='gallery-item'>\n\t\t\t<dt class='gallery-icon landscape'>\n\t\t\t\t<a href='https:\/\/franciscanos.org.br\/noticias\/wp-content\/uploads\/2021\/10\/aparecida_04.jpg'><img width=\"300\" height=\"300\" src=\"https:\/\/franciscanos.org.br\/noticias\/wp-content\/uploads\/2021\/10\/aparecida_04-300x300.jpg\" class=\"attachment-thumbnail size-thumbnail\" alt=\"\" loading=\"lazy\" srcset=\"https:\/\/franciscanos.org.br\/noticias\/wp-content\/uploads\/2021\/10\/aparecida_04-300x300.jpg 300w, https:\/\/franciscanos.org.br\/noticias\/wp-content\/uploads\/2021\/10\/aparecida_04-100x100.jpg 100w\" sizes=\"(max-width: 300px) 100vw, 300px\" \/><\/a>\n\t\t\t<\/dt><\/dl><br style=\"clear: both\" \/>\n\t\t<\/div>\n\n<p>Segundo ele, a Igreja e Maria t\u00eam a miss\u00e3o comum de gerar e levar o Salvador ao mundo e presenciar sua vit\u00f3ria. \u201cDestacando a figura de Maria, a Igreja assume, at\u00e9 certo grau, o que foi a obra de Maria. Isso vale tamb\u00e9m com rela\u00e7\u00e3o \u00e0 prote\u00e7\u00e3o da P\u00e1tria, que n\u00e3o \u00e9 algo m\u00e1gico, mas algo que se realiza mediante as nossas m\u00e3os, nosso empenho por uma P\u00e1tria melhor, mais justa, mais conforme a vontade de Deus\u201d, ressaltou.<\/p>\n<p><img loading=\"lazy\" class=\"alignnone wp-image-234725 size-full\" src=\"https:\/\/franciscanos.org.br\/noticias\/wp-content\/uploads\/2021\/10\/aparecida_131021_1.jpg\" alt=\"\" width=\"1280\" height=\"853\" srcset=\"https:\/\/franciscanos.org.br\/noticias\/wp-content\/uploads\/2021\/10\/aparecida_131021_1.jpg 1280w, https:\/\/franciscanos.org.br\/noticias\/wp-content\/uploads\/2021\/10\/aparecida_131021_1-450x300.jpg 450w, https:\/\/franciscanos.org.br\/noticias\/wp-content\/uploads\/2021\/10\/aparecida_131021_1-1024x682.jpg 1024w, https:\/\/franciscanos.org.br\/noticias\/wp-content\/uploads\/2021\/10\/aparecida_131021_1-768x512.jpg 768w, https:\/\/franciscanos.org.br\/noticias\/wp-content\/uploads\/2021\/10\/aparecida_131021_1-150x100.jpg 150w\" sizes=\"(max-width: 1280px) 100vw, 1280px\" \/><\/p>\n<p><strong>PADROEIRA DO BRASIL<\/strong><\/p>\n<p>Frei Ariovaldo explicou que para a Igreja em geral, existe ainda outra festa da \u201cImaculada Concei\u00e7\u00e3o\u201d, que se celebra no dia 8 de dezembro. \u201cAmbas celebram no fundo o mesmo mist\u00e9rio de Maria, criado por Deus, a saber, no estado original do ser humano, sem mancha, sem m\u00e1cula, sem pecado, paradis\u00edaco, para que tamb\u00e9m n\u00f3s, pela f\u00e9 em Jesus e engajamento em seu projeto messi\u00e2nico, entremos no estado original paradis\u00edaco da gra\u00e7a que hav\u00edamos perdido\u201d, frisou.<\/p>\n<p>Para Frei Ariovaldo, ter a \u2018Imaculada Concei\u00e7\u00e3o\u2019 de Aparecida como nossa Padroeira significa uma voca\u00e7\u00e3o, um chamado e,, ao mesmo tempo, uma \u2018chamada\u2019 ao povo brasileiro no sentido de superar o \u2018pecado original\u2019 enraizado em nosso inconsciente coletivo, pecado esse que tem um nome: viol\u00eancia e corrup\u00e7\u00e3o. \u201cSabe Deus se a falta de vinho nas bodas de Can\u00e1 n\u00e3o foi tamb\u00e9m por eventual desvio de produto! Seja como for, a pergunta agora \u00e9 esta: como vamos corrigir nossos v\u00edcios hist\u00f3ricos? Ouvindo a m\u00e3e de Jesus e nossa m\u00e3e que, preocupada e pensando nos pobres marginalizados deste pa\u00eds, nos pede e at\u00e9 implora: \u2018Fa\u00e7am o que meu Filho manda voc\u00eas fazer!\u2019\u201d.<\/p>\n<p><img loading=\"lazy\" class=\"alignnone wp-image-234726 size-full\" src=\"https:\/\/franciscanos.org.br\/noticias\/wp-content\/uploads\/2021\/10\/aparecida_131021_4.jpg\" alt=\"\" width=\"1280\" height=\"720\" srcset=\"https:\/\/franciscanos.org.br\/noticias\/wp-content\/uploads\/2021\/10\/aparecida_131021_4.jpg 1280w, https:\/\/franciscanos.org.br\/noticias\/wp-content\/uploads\/2021\/10\/aparecida_131021_4-450x253.jpg 450w, https:\/\/franciscanos.org.br\/noticias\/wp-content\/uploads\/2021\/10\/aparecida_131021_4-1024x576.jpg 1024w, https:\/\/franciscanos.org.br\/noticias\/wp-content\/uploads\/2021\/10\/aparecida_131021_4-768x432.jpg 768w, https:\/\/franciscanos.org.br\/noticias\/wp-content\/uploads\/2021\/10\/aparecida_131021_4-150x84.jpg 150w\" sizes=\"(max-width: 1280px) 100vw, 1280px\" \/><\/p>\n<p>Citando o Arcebispo de Aparecida, Dom Orlando Brandes, disse: \u201cPara ser p\u00e1tria amada a na\u00e7\u00e3o n\u00e3o pode ser p\u00e1tria armada. Para ser p\u00e1tria amada, temos que ser uma rep\u00fablica sem mentira e sem fake news, p\u00e1tria amada sem corrup\u00e7\u00e3o. Temos que ser p\u00e1tria amada com fraternidade\u201d, destacou, acrescentando: irmanada nas tarefas de cada dia.<\/p>\n<p>\u201cPonham em pr\u00e1tica o que \u2018mam\u00e3e\u2019 pede: Fazer o que Jesus pede para fazer: \u2018Imanar-se nas tarefas de cada dia\u2019. Ent\u00e3o milagres v\u00e3o acontecer. E a fam\u00edlia brasileira toda far\u00e1 festa. A festa dos pobres resgatados em sua dignidade. A festa da vida que, para gl\u00f3ria de Deus, se expande para dentro da eternidade\u201d, concluiu.<\/p>\n<p>A primeira missa do dia, \u00e0s 7 horas, foi presidida por Frei Ivo M\u00fcller, vig\u00e1rio paroquial. J\u00e1 na missa das 15 horas, Frei Almir Ribeiro Guimar\u00e3es foi presidente.<\/p>\n<p><img loading=\"lazy\" class=\"alignnone wp-image-234727 size-full\" src=\"https:\/\/franciscanos.org.br\/noticias\/wp-content\/uploads\/2021\/10\/aparecida_131021_3.jpg\" alt=\"\" width=\"1280\" height=\"720\" srcset=\"https:\/\/franciscanos.org.br\/noticias\/wp-content\/uploads\/2021\/10\/aparecida_131021_3.jpg 1280w, https:\/\/franciscanos.org.br\/noticias\/wp-content\/uploads\/2021\/10\/aparecida_131021_3-450x253.jpg 450w, https:\/\/franciscanos.org.br\/noticias\/wp-content\/uploads\/2021\/10\/aparecida_131021_3-1024x576.jpg 1024w, https:\/\/franciscanos.org.br\/noticias\/wp-content\/uploads\/2021\/10\/aparecida_131021_3-768x432.jpg 768w, https:\/\/franciscanos.org.br\/noticias\/wp-content\/uploads\/2021\/10\/aparecida_131021_3-150x84.jpg 150w\" sizes=\"(max-width: 1280px) 100vw, 1280px\" \/><\/p>\n<p><strong>APARECIDA: PADROEIRA DAS DUCHAS E OSWALDO CRUZ<\/strong><\/p>\n<p>Os fi\u00e9is e devotos de Nossa Senhora Aparecida da comunidade de Duchas em Petr\u00f3polis (RJ), viveram um dia hist\u00f3rico e emocionante. A Igreja que vem sendo constru\u00edda e que ser\u00e1 dedicada \u00e0 Padroeira do Brasil acolheu a primeira Celebra\u00e7\u00e3o Eucar\u00edstica, \u00e0s 10 horas, neste dia 12 de outubro. A missa n\u00e3o estava prevista para acontecer no local, que desde o ano passado vem sendo constru\u00edda e que nas \u00faltimas semanas ganhou a cobertura, mas por conta da chuva, o espa\u00e7o que ainda n\u00e3o foi inaugurado, foi improvisado para a Santa Missa. O p\u00e1roco, Frei Jorge Paulo Schiavini foi o presidente da celebra\u00e7\u00e3o e explicou que tal gesto n\u00e3o se caracteriza ainda como a inaugura\u00e7\u00e3o da Igreja, mas que em um futuro muito pr\u00f3ximo, assim ser\u00e1 feito. No final da celebra\u00e7\u00e3o, as crian\u00e7as emocionaram novamente a comunidade com a realiza\u00e7\u00e3o da coroa\u00e7\u00e3o de Nossa Senhora. Um dia rico em significado e esperan\u00e7a de dias melhores!<\/p>\n<p>Na comunidade Oswaldo Cruz, que tamb\u00e9m tem Nossa Senhora Aparecida como padroeira, as festividades come\u00e7aram ainda no come\u00e7o do m\u00eas de outubro, com as celebra\u00e7\u00f5es da novena. Nos \u00faltimos dias, bem como neste dia 12 de outubro, a comunidade promoveu a venda de comidas t\u00edpicas com barracas montadas em frente da Igreja. A solene Celebra\u00e7\u00e3o Eucar\u00edstica foi presidida pelo vig\u00e1rio paroquial, Frei Jos\u00e9 Clemente Schafaschek, \u00e0s 10 horas, no sal\u00e3o da capela.<\/p>\n<p><img loading=\"lazy\" class=\"alignnone wp-image-234728 size-full\" src=\"https:\/\/franciscanos.org.br\/noticias\/wp-content\/uploads\/2021\/10\/aparecida_131021_5.jpg\" alt=\"\" width=\"1280\" height=\"853\" srcset=\"https:\/\/franciscanos.org.br\/noticias\/wp-content\/uploads\/2021\/10\/aparecida_131021_5.jpg 1280w, https:\/\/franciscanos.org.br\/noticias\/wp-content\/uploads\/2021\/10\/aparecida_131021_5-450x300.jpg 450w, https:\/\/franciscanos.org.br\/noticias\/wp-content\/uploads\/2021\/10\/aparecida_131021_5-1024x682.jpg 1024w, https:\/\/franciscanos.org.br\/noticias\/wp-content\/uploads\/2021\/10\/aparecida_131021_5-768x512.jpg 768w, https:\/\/franciscanos.org.br\/noticias\/wp-content\/uploads\/2021\/10\/aparecida_131021_5-150x100.jpg 150w\" sizes=\"(max-width: 1280px) 100vw, 1280px\" \/><\/p>\n<p><strong>FI\u00c9IS HOMENAGEIAM NOSSA SENHORA EM MOTO ROMARIA<\/strong><\/p>\n<p>J\u00e1 \u00e9 uma tradi\u00e7\u00e3o na Igreja do Sagrado realizar a b\u00ean\u00e7\u00e3o dos motociclistas da \u201cMoto Romaria\u201d. E na manh\u00e3 deste dia 12 de outubro, \u00e0s 9h30, n\u00e3o foi diferente. Em frente \u00e0 Igreja do Sagrado Cora\u00e7\u00e3o de Jesus realizou-se a tradicional ora\u00e7\u00e3o com direito a muita \u00e1gua benta, n\u00e3o s\u00f3 do asperge dos freis, mas tamb\u00e9m do c\u00e9u. Com f\u00e9 e devo\u00e7\u00e3o, Frei Felipe Medeiros Carretta e Frei Danilo Oliveira conduziram este momento de b\u00ean\u00e7\u00e3o e fizeram mem\u00f3ria dos mais de 600 mil mortos pela Covid-19, doen\u00e7a que atingiu tamb\u00e9m os profissionais da \u00e1rea.<\/p>\n<p>O evento reuniu integrantes de moto clubes que, ap\u00f3s receberem a b\u00ean\u00e7\u00e3o dos freis atravessaram o centro da cidade, ao som do ronco dos motores e buzinas, levando a imagem da santa at\u00e9 \u00e0 Igreja de Nossa Senhora Aparecida, no Quitandinha. J\u00e1 \u00e9 a 21\u00aa edi\u00e7\u00e3o do evento que neste ano teve um motivo especial: uma campanha antecipada reuniu milhares de quilos de alimentos que ser\u00e3o doados para institui\u00e7\u00f5es beneficentes da cidade.<\/p>\n<hr \/>\n<p><em>Frei Augusto Luiz Gabriel<\/em><\/p>\n","protected":false},"excerpt":{"rendered":"<p>Padroeira do Brasil<\/p>\n","protected":false},"author":3,"featured_media":234719,"comment_status":"open","ping_status":"open","sticky":false,"template":"","format":"standard","meta":[],"categories":[1],"tags":[1238,1766,190],"acf":[],"yoast_head":"<!-- This site is optimized with the Yoast SEO plugin v19.2 - https:\/\/yoast.com\/wordpress\/plugins\/seo\/ -->\n<title>Celebra\u00e7\u00f5es da Solenidade de Nossa Senhora Aparecida em Petr\u00f3polis - Not\u00edcias - Franciscanos<\/title>\n<meta name=\"robots\" content=\"index, follow, max-snippet:-1, max-image-preview:large, max-video-preview:-1\" \/>\n<link rel=\"canonical\" href=\"https:\/\/franciscanos.org.br\/noticias\/celebracoes-da-solenidade-de-nossa-senhora-aparecida-em-petropolis.html\" \/>\n<meta property=\"og:locale\" content=\"pt_BR\" \/>\n<meta property=\"og:type\" content=\"article\" \/>\n<meta property=\"og:title\" content=\"Celebra\u00e7\u00f5es da Solenidade de Nossa Senhora Aparecida em Petr\u00f3polis - Not\u00edcias - Franciscanos\" \/>\n<meta property=\"og:description\" content=\"Padroeira do Brasil\" \/>\n<meta property=\"og:url\" content=\"https:\/\/franciscanos.org.br\/noticias\/celebracoes-da-solenidade-de-nossa-senhora-aparecida-em-petropolis.html\" \/>\n<meta property=\"og:site_name\" content=\"Not\u00edcias - Franciscanos\" \/>\n<meta property=\"article:published_time\" content=\"2021-10-13T08:49:28+00:00\" \/>\n<meta property=\"article:modified_time\" content=\"2021-10-14T00:23:36+00:00\" \/>\n<meta property=\"og:image\" content=\"https:\/\/franciscanos.org.br\/noticias\/wp-content\/uploads\/2021\/10\/aparecida_131021_2d.jpg\" \/>\n\t<meta property=\"og:image:width\" content=\"800\" \/>\n\t<meta property=\"og:image:height\" content=\"550\" \/>\n\t<meta property=\"og:image:type\" content=\"image\/jpeg\" \/>\n<meta name=\"author\" content=\"moacir\" \/>\n<meta name=\"twitter:card\" content=\"summary_large_image\" \/>\n<meta name=\"twitter:label1\" content=\"Escrito por\" \/>\n\t<meta name=\"twitter:data1\" content=\"moacir\" \/>\n\t<meta name=\"twitter:label2\" content=\"Est. tempo de leitura\" \/>\n\t<meta name=\"twitter:data2\" content=\"7 minutos\" \/>\n<script type=\"application\/ld+json\" class=\"yoast-schema-graph\">{\"@context\":\"https:\/\/schema.org\",\"@graph\":[{\"@type\":\"WebSite\",\"@id\":\"https:\/\/franciscanos.org.br\/noticias\/#website\",\"url\":\"https:\/\/franciscanos.org.br\/noticias\/\",\"name\":\"Not\u00edcias - Franciscanos\",\"description\":\"Prov\u00edncia Franciscana da Imaculada Concei\u00e7\u00e3o do Brasil - Ordem dos Frades Menores - OFM\",\"potentialAction\":[{\"@type\":\"SearchAction\",\"target\":{\"@type\":\"EntryPoint\",\"urlTemplate\":\"https:\/\/franciscanos.org.br\/noticias\/?s={search_term_string}\"},\"query-input\":\"required name=search_term_string\"}],\"inLanguage\":\"pt-BR\"},{\"@type\":\"ImageObject\",\"inLanguage\":\"pt-BR\",\"@id\":\"https:\/\/franciscanos.org.br\/noticias\/celebracoes-da-solenidade-de-nossa-senhora-aparecida-em-petropolis.html#primaryimage\",\"url\":\"https:\/\/franciscanos.org.br\/noticias\/wp-content\/uploads\/2021\/10\/aparecida_131021_2d.jpg\",\"contentUrl\":\"https:\/\/franciscanos.org.br\/noticias\/wp-content\/uploads\/2021\/10\/aparecida_131021_2d.jpg\",\"width\":800,\"height\":550},{\"@type\":\"WebPage\",\"@id\":\"https:\/\/franciscanos.org.br\/noticias\/celebracoes-da-solenidade-de-nossa-senhora-aparecida-em-petropolis.html#webpage\",\"url\":\"https:\/\/franciscanos.org.br\/noticias\/celebracoes-da-solenidade-de-nossa-senhora-aparecida-em-petropolis.html\",\"name\":\"Celebra\u00e7\u00f5es da Solenidade de Nossa Senhora Aparecida em Petr\u00f3polis - Not\u00edcias - Franciscanos\",\"isPartOf\":{\"@id\":\"https:\/\/franciscanos.org.br\/noticias\/#website\"},\"primaryImageOfPage\":{\"@id\":\"https:\/\/franciscanos.org.br\/noticias\/celebracoes-da-solenidade-de-nossa-senhora-aparecida-em-petropolis.html#primaryimage\"},\"datePublished\":\"2021-10-13T08:49:28+00:00\",\"dateModified\":\"2021-10-14T00:23:36+00:00\",\"author\":{\"@id\":\"https:\/\/franciscanos.org.br\/noticias\/#\/schema\/person\/b5c8cba458c330ccff548b056e95a5d4\"},\"breadcrumb\":{\"@id\":\"https:\/\/franciscanos.org.br\/noticias\/celebracoes-da-solenidade-de-nossa-senhora-aparecida-em-petropolis.html#breadcrumb\"},\"inLanguage\":\"pt-BR\",\"potentialAction\":[{\"@type\":\"ReadAction\",\"target\":[\"https:\/\/franciscanos.org.br\/noticias\/celebracoes-da-solenidade-de-nossa-senhora-aparecida-em-petropolis.html\"]}]},{\"@type\":\"BreadcrumbList\",\"@id\":\"https:\/\/franciscanos.org.br\/noticias\/celebracoes-da-solenidade-de-nossa-senhora-aparecida-em-petropolis.html#breadcrumb\",\"itemListElement\":[{\"@type\":\"ListItem\",\"position\":1,\"name\":\"Home\",\"item\":\"https:\/\/franciscanos.org.br\/noticias\"},{\"@type\":\"ListItem\",\"position\":2,\"name\":\"Celebra\u00e7\u00f5es da Solenidade de Nossa Senhora Aparecida em Petr\u00f3polis\"}]},{\"@type\":\"Person\",\"@id\":\"https:\/\/franciscanos.org.br\/noticias\/#\/schema\/person\/b5c8cba458c330ccff548b056e95a5d4\",\"name\":\"moacir\",\"image\":{\"@type\":\"ImageObject\",\"inLanguage\":\"pt-BR\",\"@id\":\"https:\/\/franciscanos.org.br\/noticias\/#\/schema\/person\/image\/\",\"url\":\"https:\/\/secure.gravatar.com\/avatar\/d08aa2ce4c8dd416d4479aa8536fcf64?s=96&d=mm&r=g\",\"contentUrl\":\"https:\/\/secure.gravatar.com\/avatar\/d08aa2ce4c8dd416d4479aa8536fcf64?s=96&d=mm&r=g\",\"caption\":\"moacir\"},\"url\":\"https:\/\/franciscanos.org.br\/noticias\/author\/moacir\"}]}<\/script>\n<!-- \/ Yoast SEO plugin. -->","yoast_head_json":{"title":"Celebra\u00e7\u00f5es da Solenidade de Nossa Senhora Aparecida em Petr\u00f3polis - Not\u00edcias - Franciscanos","robots":{"index":"index","follow":"follow","max-snippet":"max-snippet:-1","max-image-preview":"max-image-preview:large","max-video-preview":"max-video-preview:-1"},"canonical":"https:\/\/franciscanos.org.br\/noticias\/celebracoes-da-solenidade-de-nossa-senhora-aparecida-em-petropolis.html","og_locale":"pt_BR","og_type":"article","og_title":"Celebra\u00e7\u00f5es da Solenidade de Nossa Senhora Aparecida em Petr\u00f3polis - Not\u00edcias - Franciscanos","og_description":"Padroeira do Brasil","og_url":"https:\/\/franciscanos.org.br\/noticias\/celebracoes-da-solenidade-de-nossa-senhora-aparecida-em-petropolis.html","og_site_name":"Not\u00edcias - Franciscanos","article_published_time":"2021-10-13T08:49:28+00:00","article_modified_time":"2021-10-14T00:23:36+00:00","og_image":[{"width":800,"height":550,"url":"https:\/\/franciscanos.org.br\/noticias\/wp-content\/uploads\/2021\/10\/aparecida_131021_2d.jpg","type":"image\/jpeg"}],"author":"moacir","twitter_card":"summary_large_image","twitter_misc":{"Escrito por":"moacir","Est. tempo de leitura":"7 minutos"},"schema":{"@context":"https:\/\/schema.org","@graph":[{"@type":"WebSite","@id":"https:\/\/franciscanos.org.br\/noticias\/#website","url":"https:\/\/franciscanos.org.br\/noticias\/","name":"Not\u00edcias - Franciscanos","description":"Prov\u00edncia Franciscana da Imaculada Concei\u00e7\u00e3o do Brasil - Ordem dos Frades Menores - OFM","potentialAction":[{"@type":"SearchAction","target":{"@type":"EntryPoint","urlTemplate":"https:\/\/franciscanos.org.br\/noticias\/?s={search_term_string}"},"query-input":"required name=search_term_string"}],"inLanguage":"pt-BR"},{"@type":"ImageObject","inLanguage":"pt-BR","@id":"https:\/\/franciscanos.org.br\/noticias\/celebracoes-da-solenidade-de-nossa-senhora-aparecida-em-petropolis.html#primaryimage","url":"https:\/\/franciscanos.org.br\/noticias\/wp-content\/uploads\/2021\/10\/aparecida_131021_2d.jpg","contentUrl":"https:\/\/franciscanos.org.br\/noticias\/wp-content\/uploads\/2021\/10\/aparecida_131021_2d.jpg","width":800,"height":550},{"@type":"WebPage","@id":"https:\/\/franciscanos.org.br\/noticias\/celebracoes-da-solenidade-de-nossa-senhora-aparecida-em-petropolis.html#webpage","url":"https:\/\/franciscanos.org.br\/noticias\/celebracoes-da-solenidade-de-nossa-senhora-aparecida-em-petropolis.html","name":"Celebra\u00e7\u00f5es da Solenidade de Nossa Senhora Aparecida em Petr\u00f3polis - Not\u00edcias - Franciscanos","isPartOf":{"@id":"https:\/\/franciscanos.org.br\/noticias\/#website"},"primaryImageOfPage":{"@id":"https:\/\/franciscanos.org.br\/noticias\/celebracoes-da-solenidade-de-nossa-senhora-aparecida-em-petropolis.html#primaryimage"},"datePublished":"2021-10-13T08:49:28+00:00","dateModified":"2021-10-14T00:23:36+00:00","author":{"@id":"https:\/\/franciscanos.org.br\/noticias\/#\/schema\/person\/b5c8cba458c330ccff548b056e95a5d4"},"breadcrumb":{"@id":"https:\/\/franciscanos.org.br\/noticias\/celebracoes-da-solenidade-de-nossa-senhora-aparecida-em-petropolis.html#breadcrumb"},"inLanguage":"pt-BR","potentialAction":[{"@type":"ReadAction","target":["https:\/\/franciscanos.org.br\/noticias\/celebracoes-da-solenidade-de-nossa-senhora-aparecida-em-petropolis.html"]}]},{"@type":"BreadcrumbList","@id":"https:\/\/franciscanos.org.br\/noticias\/celebracoes-da-solenidade-de-nossa-senhora-aparecida-em-petropolis.html#breadcrumb","itemListElement":[{"@type":"ListItem","position":1,"name":"Home","item":"https:\/\/franciscanos.org.br\/noticias"},{"@type":"ListItem","position":2,"name":"Celebra\u00e7\u00f5es da Solenidade de Nossa Senhora Aparecida em Petr\u00f3polis"}]},{"@type":"Person","@id":"https:\/\/franciscanos.org.br\/noticias\/#\/schema\/person\/b5c8cba458c330ccff548b056e95a5d4","name":"moacir","image":{"@type":"ImageObject","inLanguage":"pt-BR","@id":"https:\/\/franciscanos.org.br\/noticias\/#\/schema\/person\/image\/","url":"https:\/\/secure.gravatar.com\/avatar\/d08aa2ce4c8dd416d4479aa8536fcf64?s=96&d=mm&r=g","contentUrl":"https:\/\/secure.gravatar.com\/avatar\/d08aa2ce4c8dd416d4479aa8536fcf64?s=96&d=mm&r=g","caption":"moacir"},"url":"https:\/\/franciscanos.org.br\/noticias\/author\/moacir"}]}},"_links":{"self":[{"href":"https:\/\/franciscanos.org.br\/noticias\/wp-json\/wp\/v2\/posts\/234717"}],"collection":[{"href":"https:\/\/franciscanos.org.br\/noticias\/wp-json\/wp\/v2\/posts"}],"about":[{"href":"https:\/\/franciscanos.org.br\/noticias\/wp-json\/wp\/v2\/types\/post"}],"author":[{"embeddable":true,"href":"https:\/\/franciscanos.org.br\/noticias\/wp-json\/wp\/v2\/users\/3"}],"replies":[{"embeddable":true,"href":"https:\/\/franciscanos.org.br\/noticias\/wp-json\/wp\/v2\/comments?post=234717"}],"version-history":[{"count":4,"href":"https:\/\/franciscanos.org.br\/noticias\/wp-json\/wp\/v2\/posts\/234717\/revisions"}],"predecessor-version":[{"id":234743,"href":"https:\/\/franciscanos.org.br\/noticias\/wp-json\/wp\/v2\/posts\/234717\/revisions\/234743"}],"wp:featuredmedia":[{"embeddable":true,"href":"https:\/\/franciscanos.org.br\/noticias\/wp-json\/wp\/v2\/media\/234719"}],"wp:attachment":[{"href":"https:\/\/franciscanos.org.br\/noticias\/wp-json\/wp\/v2\/media?parent=234717"}],"wp:term":[{"taxonomy":"category","embeddable":true,"href":"https:\/\/franciscanos.org.br\/noticias\/wp-json\/wp\/v2\/categories?post=234717"},{"taxonomy":"post_tag","embeddable":true,"href":"https:\/\/franciscanos.org.br\/noticias\/wp-json\/wp\/v2\/tags?post=234717"}],"curies":[{"name":"wp","href":"https:\/\/api.w.org\/{rel}","templated":true}]}}