{"id":234688,"date":"2021-10-10T09:09:27","date_gmt":"2021-10-10T12:09:27","guid":{"rendered":"https:\/\/franciscanos.org.br\/noticias\/?p=234688"},"modified":"2021-10-10T09:10:27","modified_gmt":"2021-10-10T12:10:27","slug":"dom-dario-estamos-precisando-muito-da-virgem-do-rosario-nos-dias-de-hoje","status":"publish","type":"post","link":"https:\/\/franciscanos.org.br\/noticias\/dom-dario-estamos-precisando-muito-da-virgem-do-rosario-nos-dias-de-hoje.html","title":{"rendered":"Dom Dario: \u201cEstamos precisando muito da Virgem do Ros\u00e1rio nos dias de hoje&#8221;"},"content":{"rendered":"<p><img loading=\"lazy\" class=\"alignnone wp-image-234690 size-full\" src=\"https:\/\/franciscanos.org.br\/noticias\/wp-content\/uploads\/2021\/10\/padroeirarosario_101021.png\" alt=\"\" width=\"1280\" height=\"720\" srcset=\"https:\/\/franciscanos.org.br\/noticias\/wp-content\/uploads\/2021\/10\/padroeirarosario_101021.png 1280w, https:\/\/franciscanos.org.br\/noticias\/wp-content\/uploads\/2021\/10\/padroeirarosario_101021-450x253.png 450w, https:\/\/franciscanos.org.br\/noticias\/wp-content\/uploads\/2021\/10\/padroeirarosario_101021-1024x576.png 1024w, https:\/\/franciscanos.org.br\/noticias\/wp-content\/uploads\/2021\/10\/padroeirarosario_101021-768x432.png 768w, https:\/\/franciscanos.org.br\/noticias\/wp-content\/uploads\/2021\/10\/padroeirarosario_101021-150x84.png 150w\" sizes=\"(max-width: 1280px) 100vw, 1280px\" \/><\/p>\n<p>O Arcebispo de Vit\u00f3ria, Dom Frei Dario Campos, OFM, presidiu a Celebra\u00e7\u00e3o Eucar\u00edstica que encerrou o Tr\u00edduo em prepara\u00e7\u00e3o para a Festa de Nossa Senhora do Ros\u00e1rio, Padroeira de Vila Velha. Neste dia, o tema foi &#8220;Nossa Senhora, aux\u00edlio dos crist\u00e3os, rogai por n\u00f3s!&#8221; e a liturgia foi preparada pela Juventude da Par\u00f3quia.<\/p>\n<p>O p\u00e1roco Frei Djalmo Fuck fez a acolhida dos fi\u00e9is, dos seus confrades e falou da alegria de ter Dom Dario Campos como celebrante deste dia e disse que ele &#8220;\u00e9 sempre bem-vindo e estimado entre n\u00f3s&#8221;.<\/p>\n<p>Do Dario apresentou tamb\u00e9m os frades de Minas Gerais e os tr\u00eas postulantes de Minas Gerais e seis formandos da Cust\u00f3dia de S\u00e3o Benedito, da Amaz\u00f4nia que participaram da celebra\u00e7\u00e3o.<\/p>\n<p>Dom Dario, na sua homilia, explicou que faria uma reflex\u00e3o em dois pontos: um relacionado com o Evangelho do dia; e uma &#8220;pequena palavrinha&#8221; para nossos jovens, que hoje animaram a Celebra\u00e7\u00e3o Eucar\u00edstica da Par\u00f3quia Nossa Senhora do Ros\u00e1rio.<\/p>\n<p><img loading=\"lazy\" class=\"alignnone wp-image-234691 size-full\" src=\"https:\/\/franciscanos.org.br\/noticias\/wp-content\/uploads\/2021\/10\/dario_101021_1.png\" alt=\"\" width=\"1280\" height=\"720\" srcset=\"https:\/\/franciscanos.org.br\/noticias\/wp-content\/uploads\/2021\/10\/dario_101021_1.png 1280w, https:\/\/franciscanos.org.br\/noticias\/wp-content\/uploads\/2021\/10\/dario_101021_1-450x253.png 450w, https:\/\/franciscanos.org.br\/noticias\/wp-content\/uploads\/2021\/10\/dario_101021_1-1024x576.png 1024w, https:\/\/franciscanos.org.br\/noticias\/wp-content\/uploads\/2021\/10\/dario_101021_1-768x432.png 768w, https:\/\/franciscanos.org.br\/noticias\/wp-content\/uploads\/2021\/10\/dario_101021_1-150x84.png 150w\" sizes=\"(max-width: 1280px) 100vw, 1280px\" \/><\/p>\n<p>Veja a \u00edntegra da homilia:<\/p>\n<p>Como \u00e9 importante para n\u00f3s sentir esse ambiente de festa no momento t\u00e3o doloroso e sofrido no qual o pa\u00eds est\u00e1 passando e muitos de n\u00f3s estamos vivendo. S\u00e3o mais de 600 mil irm\u00e3os j\u00e1 falecidos. Quantos entre n\u00f3s j\u00e1 partiram para Casa do Pai. J\u00e1 s\u00e3o mais de 130 mil jovens que hoje est\u00e3o \u00f3rf\u00e3os de seus pais. E assim as estat\u00edsticas v\u00e3o mudando. E mesmo neste momento de dor, de perda, de sofrimento, a comunidade encontra um momento para louvar e agradecer, pedindo as gra\u00e7as pelo fim da pandemia e que j\u00e1 estamos vislumbrando. S\u00f3 temos que agradecer a Deus e \u00e0 Virgem Maria.<\/p>\n<p>Primeiro, numa festividade em que n\u00f3s honramos e queremos celebrar Nossa Senhora do Ros\u00e1rio, n\u00e3o podemos esquecer a sua prerrogativa fundamental, prerrogativa essa que vem de todas as outras. Ela \u00e9 M\u00e3e de Deus e, sendo M\u00e3e de Deus, n\u00e3o podemos esquecer que ela est\u00e1 mais pr\u00f3xima da nossa realidade humana, como caminheiros nessa estrada da vida. Ela \u00e9 nossa M\u00e3e e n\u00e3o nos abandona. Dentro dessa dupla maternidade, se estabelece a gl\u00f3ria de Maria, sua colabora\u00e7\u00e3o no mist\u00e9rio salv\u00edfico, sua atua\u00e7\u00e3o ativa na Igreja e a sua influ\u00eancia sobre cada um de n\u00f3s, filhos e filhas de Deus. \u00c9 aquela que cuida com carinho da nossa vida. N\u00e3o nos deixa faltar o bom vinho. Ela est\u00e1 olhando as nossas necessidades a cada momento.<\/p>\n<p>Maria est\u00e1 presente tamb\u00e9m nessa caminhada que estamos fazendo rumo a casa do Pai. E poder\u00edamos, ent\u00e3o, colocar e ver que o trabalho de Maria \u00e9 o de mediar, como aquela que est\u00e1 no meio, est\u00e1 entre Deus e os homens. Qu\u00e3o misteriosa \u00e9 essa escalada que ela exerce aqui na terra, trazendo a bondade de Deus, esse gesto concreto para a nossa necessidade humana, sempre em nosso aux\u00edlio! E sobre v\u00e1rios t\u00edtulos. N\u00f3s temos Nossa Senhora do Ros\u00e1rio, com seu ros\u00e1rio, que hoje, cada um de n\u00f3s \u00e9 capaz de pegar e, rezando as suas contas, louvando e agradecendo, fazendo seus pedidos. Temos que agradecer tamb\u00e9m o nosso querido Papa, S\u00e3o Jo\u00e3o Paulo II, que colocou mais um mist\u00e9rio luminoso na recita\u00e7\u00e3o do ros\u00e1rio.<\/p>\n<p>Tendo Maria essa finalidade de interceder e essa finalidade de interceder \u00e9 colocar-se entre dois, vamos chamar assim, partidos e inclinar-se para o mais fraco, o mais vulner\u00e1vel, a fim de conseguir que entre os dois se encontre um termo m\u00e9dio do qual possa brotar a paz, a compreens\u00e3o, a conc\u00f3rdia, a conviv\u00eancia. Esse \u00e9 um papel de Maria e o que ela pede a cada um de n\u00f3s quando vamos recitando o ros\u00e1rio: que cada um deixe brotar dentro do seu cora\u00e7\u00e3o a paz, a compreens\u00e3o. Eis a bela figura de Maria, que surge do fundo j\u00e1 do Antigo Testamento. Ela vem revestida de gra\u00e7a. O anjo reconhece e ela se apresenta a Deus constantemente na miss\u00e3o de interceder pelo povo, esse povo peregrino, que vai caminhando nas estradas da vida. Em particular, a M\u00e3e que amparou o Cristo Mestre continua preocupada com o Cristo hist\u00f3rico, que vive na sua Igreja ajudando e alcan\u00e7ando a maturidade plena. Maria \u00e9 aquela que vai caminhando conosco lado a lado, sempre nessa intercess\u00e3o profunda junto ao seu filho. Ela \u00e9 intercessora do presente hoje, aqui e agora.<\/p>\n<p><img loading=\"lazy\" class=\"alignnone wp-image-234692 size-full\" src=\"https:\/\/franciscanos.org.br\/noticias\/wp-content\/uploads\/2021\/10\/rosariomaria_101021_2.png\" alt=\"\" width=\"1280\" height=\"720\" srcset=\"https:\/\/franciscanos.org.br\/noticias\/wp-content\/uploads\/2021\/10\/rosariomaria_101021_2.png 1280w, https:\/\/franciscanos.org.br\/noticias\/wp-content\/uploads\/2021\/10\/rosariomaria_101021_2-450x253.png 450w, https:\/\/franciscanos.org.br\/noticias\/wp-content\/uploads\/2021\/10\/rosariomaria_101021_2-1024x576.png 1024w, https:\/\/franciscanos.org.br\/noticias\/wp-content\/uploads\/2021\/10\/rosariomaria_101021_2-768x432.png 768w, https:\/\/franciscanos.org.br\/noticias\/wp-content\/uploads\/2021\/10\/rosariomaria_101021_2-150x84.png 150w\" sizes=\"(max-width: 1280px) 100vw, 1280px\" \/><\/p>\n<p>No Evangelho que acabamos de ouvir, a gente v\u00ea que Maria, numa for\u00e7a de sensibilidade, v\u00ea a necessidade real de um jovem casal numa festa e n\u00e3o quer deixar que esse jovem casal passe, vamos chamar assim, por um aperto. Pediu, esperou e alcan\u00e7ou. Jesus agiu ali. Jesus age hoje e sempre nessa nossa vida do dia a dia. Est\u00e1 sempre atento aos pedidos da M\u00e3e. Da\u00ed, cada um deve ter essa humildade de colocar o joelho por terra e erguer os bra\u00e7os para o c\u00e9u, fazendo o seu pedido, fazendo tamb\u00e9m o seu agradecimento.<\/p>\n<p>Da\u00ed bem merece Maria, Nossa Senhora do Ros\u00e1rio, ser chamada a Onipotente, porque tudo pode fazer. Ela o \u00e9 porque tudo pode e alcan\u00e7a: nossa f\u00e9, nosso amor, nossa entrega, nossa confian\u00e7a. Participamos dessa onipot\u00eancia, pois sob a prote\u00e7\u00e3o de Maria, alcan\u00e7amos todo o carinho do Pai, toda a aten\u00e7\u00e3o de Cristo, toda a for\u00e7a do Esp\u00edrito Santo. Da\u00ed que a gente vai encontrar em S\u00e3o Bernardo dizer assim: &#8220;Nunca se ouviu dizer que algu\u00e9m que a v\u00f3s tivesse recorrido, com confian\u00e7a, tivesse ficado desassistido, desamparado&#8221;.<\/p>\n<p>Por outro lado, celebrar essa M\u00e3e do Ros\u00e1rio, ver essa M\u00e3e compassiva, com seus filhos negros, muitas vezes esquecidos e abandonados na hist\u00f3ria, ah d\u00ea para n\u00f3s, aqui no Brasil, principalmente no per\u00edodo colonial, onde nossos irm\u00e3os negros n\u00e3o podiam participar das atividades religiosas juntos com nossos irm\u00e3os brancos. Da\u00ed basta ver que em muitas cidades hist\u00f3ricas, onde tem muitas igrejas do lado a igreja do Ros\u00e1rio, porque era a\u00ed que esses irm\u00e3os negros podiam expressar a f\u00e9 na m\u00e3e de Jesus, com seu canto, com sua dan\u00e7a, principalmente com seu congado vindo do Congo. Ah, o povo crist\u00e3o n\u00e3o apenas aceitou esse culto mas provocou uma demonstra\u00e7\u00e3o incontida de f\u00e9 e afeto por aquela que nos deu Cristo.<\/p>\n<p>Maria, Nossa Senhora do Ros\u00e1rio, essa que tantas vezes proclamamos Rainha, Padroeira do Povo, da nossa Na\u00e7\u00e3o. Nosso povo agora, nosso Brasil, tamb\u00e9m est\u00e1 em ora\u00e7\u00e3o, fazendo sua novena \u00e0 Padroeira Nossa Senhora Aparecida e \u00e9 interessante ver tamb\u00e9m que nesse momento o nosso povo rezando, preparando-se para a grande festa do dia 12, clama a Maria, Nossa Senhora Aparecida. E percebemos juntos Nossa Senhora Aparecida e Nossa Senhora do Ros\u00e1rio esse carinho pelos nossos irm\u00e3os negros. Da\u00ed que o primeiro milagre feito em Aparecida pela M\u00e3e Aparecida \u00e9 de um escravo que estava sendo a\u00e7oitado na pra\u00e7a e, ele amarrado e acorrentado, clama e grita que era inocente! E as correntes se quebram e ele fica livre. Aqui, desde o in\u00edcio da descoberta do nosso Brasil, esta igreja traz uma hist\u00f3ria, Nossa Senhora do Ros\u00e1rio vem caminhando com o povo capixaba, com cada um de n\u00f3s desde 1500 e, pouco at\u00e9 os dias de hoje, uma Igreja totalmente aberta e acolhedora para os seus filhos e filhas.<\/p>\n<p>A Virgem que deve pedir, que deve encorajar a cada um de seus filhos e filhas, mostrando a responsabilidade coletiva e essa responsabilidade coletiva de interesse pelos problemas, sobretudo das pessoas, dos mais pobres, dos mais humildes, dos mais simples. Parece que andamos muito precisando da Virgem do Ros\u00e1rio nos dias de hoje. Que ela nos devolva a irmandade do seu filho contra as todas for\u00e7as do mal que ouvimos, principalmente na primeira leitura. Que Virgem do Ros\u00e1rio continue intercedendo por n\u00f3s, aben\u00e7oando esta cidade, aben\u00e7oando nosso estado, nessa dimens\u00e3o da paz, do amor, da fraternidade!<\/p>\n<p>Neste segundo momento, gostaria de retomar a fala que fiz aos jovens dias atr\u00e1s, celebrando com eles 35 anos da PJ no nosso Estado do Esp\u00edrito Santo, no Campinho do Convento.<\/p>\n<p>Queridos jovens, voc\u00eas s\u00e3o figura importante, irm\u00e3os e irm\u00e3s. Voc\u00eas n\u00e3o s\u00e3o o futuro da Igreja, voc\u00eas s\u00e3o o presente, j\u00e1 na comunidade eclesial onde voc\u00eas est\u00e3o. E para falar a voc\u00eas, queridos jovens, gostaria de tomar uma palavra de S\u00e3o Paulo, que se dirige a Tim\u00f3teo. Diz ele a Tim\u00f3teo: &#8220;Que ningu\u00e9m despreze a sua jovem idade. Quanto a ti, s\u00ea para os fi\u00e9is, modelo na conduta, na caridade, na f\u00e9 e na pureza&#8221;. Partindo desta passagem, querido jovem, o autor da ep\u00edstola, que \u00e9 S\u00e3o Paulo, convida Tim\u00f3teo a assumir, apesar de sua juventude, o seu lugar na comunidade eclesial, a fim de que fosse reconhecido e respeitado.<\/p>\n<p><img loading=\"lazy\" class=\"alignnone wp-image-234693 size-full\" src=\"https:\/\/franciscanos.org.br\/noticias\/wp-content\/uploads\/2021\/10\/rosarioigreja_101021_3.png\" alt=\"\" width=\"1280\" height=\"720\" srcset=\"https:\/\/franciscanos.org.br\/noticias\/wp-content\/uploads\/2021\/10\/rosarioigreja_101021_3.png 1280w, https:\/\/franciscanos.org.br\/noticias\/wp-content\/uploads\/2021\/10\/rosarioigreja_101021_3-450x253.png 450w, https:\/\/franciscanos.org.br\/noticias\/wp-content\/uploads\/2021\/10\/rosarioigreja_101021_3-1024x576.png 1024w, https:\/\/franciscanos.org.br\/noticias\/wp-content\/uploads\/2021\/10\/rosarioigreja_101021_3-768x432.png 768w, https:\/\/franciscanos.org.br\/noticias\/wp-content\/uploads\/2021\/10\/rosarioigreja_101021_3-150x84.png 150w\" sizes=\"(max-width: 1280px) 100vw, 1280px\" \/><\/p>\n<p>Meus caros jovens nessa comunidade paroquial, como Arcebispo desta Arquidiocese, afirmo que o lugar de todos voc\u00eas \u00e9 no cora\u00e7\u00e3o da Igreja desta comunidade eclesial, a fim de que sejam formados como verdadeiros disc\u00edpulos de Jesus Cristo e enviados em miss\u00e3o e nunca se fechem num gueto, mas sejam jovens nessa dimens\u00e3o de abertura, de acolhida, estando sempre pronto a contribuir para o crescimento da nossa comunidade crist\u00e3.<\/p>\n<p>A Carta de Tim\u00f3teo indica ainda algo muito importante sobre a voca\u00e7\u00e3o dos jovens dentro da Igreja, isto \u00e9 o autor da carta convida o jovem Tim\u00f3teo a ser um modelo para todos.<\/p>\n<p>Meus queridos jovens dessa comunidade eclesial Nossa Senhora do Ros\u00e1rio. Voc\u00eas se encontram em tantos lugares, mas sobretudo hoje no espa\u00e7o das redes sociais. Saibam viver bem, sempre, por toda a parte a voca\u00e7\u00e3o que receberam no batismo e n\u00e3o deixem de buscar luz na Palavra de Deus e no encontro cont\u00ednuo com Jesus de Nazar\u00e9, diante do qual voc\u00eas ser\u00e3o formados como sinais vivos do Evangelho.<\/p>\n<p>Queridos jovens, precisamos muito de voc\u00eas, mas queremos tamb\u00e9m jovens comprometidos com o Reino de Deus e que saibam viver a sua voca\u00e7\u00e3o batismal, a fim de que, por meio do testemunho de voc\u00eas, jovens, possam ser sinais de transforma\u00e7\u00e3o dessa sociedade hoje, aqui e agora.<\/p>\n<p>Por fim, gostaria de dedicar o que a carta de Tim\u00f3teo fala sobre a miss\u00e3o de voc\u00eas, meus queridos jovens. O texto pede, de cada um e cada uma de voc\u00eas, a viv\u00eancia da caridade, da f\u00e9 e da pureza. De fato, o Documento de Aparecida, cap\u00edtulo 9, n\u00famero 446, indica um caminho de forma\u00e7\u00e3o integral da juventude, a fim de que se tornem sinal do Reino de Deus. A miss\u00e3o de voc\u00eas, queridos jovens, como exemplo para os demais jovens, \u00e9 estar sempre aos p\u00e9s do Senhor, num di\u00e1logo com sua palavra, com a sua escuta, atenta aos clamores das dores, dos sonhos, das esperan\u00e7as dos homens de nosso tempo.<\/p>\n<p>Queridos jovens, coloquem toda a sensibilidade que voc\u00eas t\u00eam a servi\u00e7o do irm\u00e3o e da irm\u00e3. Assim sendo assumam o compromisso da miss\u00e3o que receberam e sejam sinais da presen\u00e7a de Jesus Cristo, jovem entre os jovens, de maneira especial junto aos que passam tribula\u00e7\u00f5es, viol\u00eancia, exclus\u00e3o e dor. Por tudo isso, por intercess\u00e3o de Nossa Senhora do Ros\u00e1rio, s\u00f3 nos resta pedir que ela aben\u00e7oe cada jovem desta comunidade, desta cidade da nossa Arquidiocese. E preparando nossa festa, podemos gritar: Viva Nossa Senhora do Ros\u00e1rio!<\/p>\n<p>Neste domingo, \u00e0s 18 horas, Frei Djalmo preside a Missa de encerramento da Festa de Nossa Senhora do Ros\u00e1rio, \u00e0s 18 horas.<\/p>\n","protected":false},"excerpt":{"rendered":"<p>Festa da Padroeira Nossa Senhora do Ros\u00e1rio<\/p>\n","protected":false},"author":3,"featured_media":234690,"comment_status":"open","ping_status":"open","sticky":false,"template":"","format":"standard","meta":[],"categories":[1],"tags":[1889,231],"acf":[],"yoast_head":"<!-- This site is optimized with the Yoast SEO plugin v19.2 - https:\/\/yoast.com\/wordpress\/plugins\/seo\/ -->\n<title>Dom Dario: \u201cEstamos precisando muito da Virgem do Ros\u00e1rio nos dias de hoje&quot; - Not\u00edcias - Franciscanos<\/title>\n<meta name=\"robots\" content=\"index, follow, max-snippet:-1, max-image-preview:large, max-video-preview:-1\" \/>\n<link rel=\"canonical\" href=\"https:\/\/franciscanos.org.br\/noticias\/dom-dario-estamos-precisando-muito-da-virgem-do-rosario-nos-dias-de-hoje.html\" \/>\n<meta property=\"og:locale\" content=\"pt_BR\" \/>\n<meta property=\"og:type\" content=\"article\" \/>\n<meta property=\"og:title\" content=\"Dom Dario: \u201cEstamos precisando muito da Virgem do Ros\u00e1rio nos dias de hoje&quot; - Not\u00edcias - Franciscanos\" \/>\n<meta property=\"og:description\" content=\"Festa da Padroeira Nossa Senhora do Ros\u00e1rio\" \/>\n<meta property=\"og:url\" content=\"https:\/\/franciscanos.org.br\/noticias\/dom-dario-estamos-precisando-muito-da-virgem-do-rosario-nos-dias-de-hoje.html\" \/>\n<meta property=\"og:site_name\" content=\"Not\u00edcias - Franciscanos\" \/>\n<meta property=\"article:published_time\" content=\"2021-10-10T12:09:27+00:00\" \/>\n<meta property=\"article:modified_time\" content=\"2021-10-10T12:10:27+00:00\" \/>\n<meta property=\"og:image\" content=\"https:\/\/franciscanos.org.br\/noticias\/wp-content\/uploads\/2021\/10\/padroeirarosario_101021.png\" \/>\n\t<meta property=\"og:image:width\" content=\"1280\" \/>\n\t<meta property=\"og:image:height\" content=\"720\" \/>\n\t<meta property=\"og:image:type\" content=\"image\/png\" \/>\n<meta name=\"author\" content=\"moacir\" \/>\n<meta name=\"twitter:card\" content=\"summary_large_image\" \/>\n<meta name=\"twitter:label1\" content=\"Escrito por\" \/>\n\t<meta name=\"twitter:data1\" content=\"moacir\" \/>\n\t<meta name=\"twitter:label2\" content=\"Est. tempo de leitura\" \/>\n\t<meta name=\"twitter:data2\" content=\"10 minutos\" \/>\n<script type=\"application\/ld+json\" class=\"yoast-schema-graph\">{\"@context\":\"https:\/\/schema.org\",\"@graph\":[{\"@type\":\"WebSite\",\"@id\":\"https:\/\/franciscanos.org.br\/noticias\/#website\",\"url\":\"https:\/\/franciscanos.org.br\/noticias\/\",\"name\":\"Not\u00edcias - Franciscanos\",\"description\":\"Prov\u00edncia Franciscana da Imaculada Concei\u00e7\u00e3o do Brasil - Ordem dos Frades Menores - OFM\",\"potentialAction\":[{\"@type\":\"SearchAction\",\"target\":{\"@type\":\"EntryPoint\",\"urlTemplate\":\"https:\/\/franciscanos.org.br\/noticias\/?s={search_term_string}\"},\"query-input\":\"required name=search_term_string\"}],\"inLanguage\":\"pt-BR\"},{\"@type\":\"ImageObject\",\"inLanguage\":\"pt-BR\",\"@id\":\"https:\/\/franciscanos.org.br\/noticias\/dom-dario-estamos-precisando-muito-da-virgem-do-rosario-nos-dias-de-hoje.html#primaryimage\",\"url\":\"https:\/\/franciscanos.org.br\/noticias\/wp-content\/uploads\/2021\/10\/padroeirarosario_101021.png\",\"contentUrl\":\"https:\/\/franciscanos.org.br\/noticias\/wp-content\/uploads\/2021\/10\/padroeirarosario_101021.png\",\"width\":1280,\"height\":720},{\"@type\":\"WebPage\",\"@id\":\"https:\/\/franciscanos.org.br\/noticias\/dom-dario-estamos-precisando-muito-da-virgem-do-rosario-nos-dias-de-hoje.html#webpage\",\"url\":\"https:\/\/franciscanos.org.br\/noticias\/dom-dario-estamos-precisando-muito-da-virgem-do-rosario-nos-dias-de-hoje.html\",\"name\":\"Dom Dario: \u201cEstamos precisando muito da Virgem do Ros\u00e1rio nos dias de hoje\\\" - Not\u00edcias - Franciscanos\",\"isPartOf\":{\"@id\":\"https:\/\/franciscanos.org.br\/noticias\/#website\"},\"primaryImageOfPage\":{\"@id\":\"https:\/\/franciscanos.org.br\/noticias\/dom-dario-estamos-precisando-muito-da-virgem-do-rosario-nos-dias-de-hoje.html#primaryimage\"},\"datePublished\":\"2021-10-10T12:09:27+00:00\",\"dateModified\":\"2021-10-10T12:10:27+00:00\",\"author\":{\"@id\":\"https:\/\/franciscanos.org.br\/noticias\/#\/schema\/person\/b5c8cba458c330ccff548b056e95a5d4\"},\"breadcrumb\":{\"@id\":\"https:\/\/franciscanos.org.br\/noticias\/dom-dario-estamos-precisando-muito-da-virgem-do-rosario-nos-dias-de-hoje.html#breadcrumb\"},\"inLanguage\":\"pt-BR\",\"potentialAction\":[{\"@type\":\"ReadAction\",\"target\":[\"https:\/\/franciscanos.org.br\/noticias\/dom-dario-estamos-precisando-muito-da-virgem-do-rosario-nos-dias-de-hoje.html\"]}]},{\"@type\":\"BreadcrumbList\",\"@id\":\"https:\/\/franciscanos.org.br\/noticias\/dom-dario-estamos-precisando-muito-da-virgem-do-rosario-nos-dias-de-hoje.html#breadcrumb\",\"itemListElement\":[{\"@type\":\"ListItem\",\"position\":1,\"name\":\"Home\",\"item\":\"https:\/\/franciscanos.org.br\/noticias\"},{\"@type\":\"ListItem\",\"position\":2,\"name\":\"Dom Dario: \u201cEstamos precisando muito da Virgem do Ros\u00e1rio nos dias de hoje&#8221;\"}]},{\"@type\":\"Person\",\"@id\":\"https:\/\/franciscanos.org.br\/noticias\/#\/schema\/person\/b5c8cba458c330ccff548b056e95a5d4\",\"name\":\"moacir\",\"image\":{\"@type\":\"ImageObject\",\"inLanguage\":\"pt-BR\",\"@id\":\"https:\/\/franciscanos.org.br\/noticias\/#\/schema\/person\/image\/\",\"url\":\"https:\/\/secure.gravatar.com\/avatar\/d08aa2ce4c8dd416d4479aa8536fcf64?s=96&d=mm&r=g\",\"contentUrl\":\"https:\/\/secure.gravatar.com\/avatar\/d08aa2ce4c8dd416d4479aa8536fcf64?s=96&d=mm&r=g\",\"caption\":\"moacir\"},\"url\":\"https:\/\/franciscanos.org.br\/noticias\/author\/moacir\"}]}<\/script>\n<!-- \/ Yoast SEO plugin. -->","yoast_head_json":{"title":"Dom Dario: \u201cEstamos precisando muito da Virgem do Ros\u00e1rio nos dias de hoje\" - Not\u00edcias - Franciscanos","robots":{"index":"index","follow":"follow","max-snippet":"max-snippet:-1","max-image-preview":"max-image-preview:large","max-video-preview":"max-video-preview:-1"},"canonical":"https:\/\/franciscanos.org.br\/noticias\/dom-dario-estamos-precisando-muito-da-virgem-do-rosario-nos-dias-de-hoje.html","og_locale":"pt_BR","og_type":"article","og_title":"Dom Dario: \u201cEstamos precisando muito da Virgem do Ros\u00e1rio nos dias de hoje\" - Not\u00edcias - Franciscanos","og_description":"Festa da Padroeira Nossa Senhora do Ros\u00e1rio","og_url":"https:\/\/franciscanos.org.br\/noticias\/dom-dario-estamos-precisando-muito-da-virgem-do-rosario-nos-dias-de-hoje.html","og_site_name":"Not\u00edcias - Franciscanos","article_published_time":"2021-10-10T12:09:27+00:00","article_modified_time":"2021-10-10T12:10:27+00:00","og_image":[{"width":1280,"height":720,"url":"https:\/\/franciscanos.org.br\/noticias\/wp-content\/uploads\/2021\/10\/padroeirarosario_101021.png","type":"image\/png"}],"author":"moacir","twitter_card":"summary_large_image","twitter_misc":{"Escrito por":"moacir","Est. tempo de leitura":"10 minutos"},"schema":{"@context":"https:\/\/schema.org","@graph":[{"@type":"WebSite","@id":"https:\/\/franciscanos.org.br\/noticias\/#website","url":"https:\/\/franciscanos.org.br\/noticias\/","name":"Not\u00edcias - Franciscanos","description":"Prov\u00edncia Franciscana da Imaculada Concei\u00e7\u00e3o do Brasil - Ordem dos Frades Menores - OFM","potentialAction":[{"@type":"SearchAction","target":{"@type":"EntryPoint","urlTemplate":"https:\/\/franciscanos.org.br\/noticias\/?s={search_term_string}"},"query-input":"required name=search_term_string"}],"inLanguage":"pt-BR"},{"@type":"ImageObject","inLanguage":"pt-BR","@id":"https:\/\/franciscanos.org.br\/noticias\/dom-dario-estamos-precisando-muito-da-virgem-do-rosario-nos-dias-de-hoje.html#primaryimage","url":"https:\/\/franciscanos.org.br\/noticias\/wp-content\/uploads\/2021\/10\/padroeirarosario_101021.png","contentUrl":"https:\/\/franciscanos.org.br\/noticias\/wp-content\/uploads\/2021\/10\/padroeirarosario_101021.png","width":1280,"height":720},{"@type":"WebPage","@id":"https:\/\/franciscanos.org.br\/noticias\/dom-dario-estamos-precisando-muito-da-virgem-do-rosario-nos-dias-de-hoje.html#webpage","url":"https:\/\/franciscanos.org.br\/noticias\/dom-dario-estamos-precisando-muito-da-virgem-do-rosario-nos-dias-de-hoje.html","name":"Dom Dario: \u201cEstamos precisando muito da Virgem do Ros\u00e1rio nos dias de hoje\" - Not\u00edcias - Franciscanos","isPartOf":{"@id":"https:\/\/franciscanos.org.br\/noticias\/#website"},"primaryImageOfPage":{"@id":"https:\/\/franciscanos.org.br\/noticias\/dom-dario-estamos-precisando-muito-da-virgem-do-rosario-nos-dias-de-hoje.html#primaryimage"},"datePublished":"2021-10-10T12:09:27+00:00","dateModified":"2021-10-10T12:10:27+00:00","author":{"@id":"https:\/\/franciscanos.org.br\/noticias\/#\/schema\/person\/b5c8cba458c330ccff548b056e95a5d4"},"breadcrumb":{"@id":"https:\/\/franciscanos.org.br\/noticias\/dom-dario-estamos-precisando-muito-da-virgem-do-rosario-nos-dias-de-hoje.html#breadcrumb"},"inLanguage":"pt-BR","potentialAction":[{"@type":"ReadAction","target":["https:\/\/franciscanos.org.br\/noticias\/dom-dario-estamos-precisando-muito-da-virgem-do-rosario-nos-dias-de-hoje.html"]}]},{"@type":"BreadcrumbList","@id":"https:\/\/franciscanos.org.br\/noticias\/dom-dario-estamos-precisando-muito-da-virgem-do-rosario-nos-dias-de-hoje.html#breadcrumb","itemListElement":[{"@type":"ListItem","position":1,"name":"Home","item":"https:\/\/franciscanos.org.br\/noticias"},{"@type":"ListItem","position":2,"name":"Dom Dario: \u201cEstamos precisando muito da Virgem do Ros\u00e1rio nos dias de hoje&#8221;"}]},{"@type":"Person","@id":"https:\/\/franciscanos.org.br\/noticias\/#\/schema\/person\/b5c8cba458c330ccff548b056e95a5d4","name":"moacir","image":{"@type":"ImageObject","inLanguage":"pt-BR","@id":"https:\/\/franciscanos.org.br\/noticias\/#\/schema\/person\/image\/","url":"https:\/\/secure.gravatar.com\/avatar\/d08aa2ce4c8dd416d4479aa8536fcf64?s=96&d=mm&r=g","contentUrl":"https:\/\/secure.gravatar.com\/avatar\/d08aa2ce4c8dd416d4479aa8536fcf64?s=96&d=mm&r=g","caption":"moacir"},"url":"https:\/\/franciscanos.org.br\/noticias\/author\/moacir"}]}},"_links":{"self":[{"href":"https:\/\/franciscanos.org.br\/noticias\/wp-json\/wp\/v2\/posts\/234688"}],"collection":[{"href":"https:\/\/franciscanos.org.br\/noticias\/wp-json\/wp\/v2\/posts"}],"about":[{"href":"https:\/\/franciscanos.org.br\/noticias\/wp-json\/wp\/v2\/types\/post"}],"author":[{"embeddable":true,"href":"https:\/\/franciscanos.org.br\/noticias\/wp-json\/wp\/v2\/users\/3"}],"replies":[{"embeddable":true,"href":"https:\/\/franciscanos.org.br\/noticias\/wp-json\/wp\/v2\/comments?post=234688"}],"version-history":[{"count":2,"href":"https:\/\/franciscanos.org.br\/noticias\/wp-json\/wp\/v2\/posts\/234688\/revisions"}],"predecessor-version":[{"id":234695,"href":"https:\/\/franciscanos.org.br\/noticias\/wp-json\/wp\/v2\/posts\/234688\/revisions\/234695"}],"wp:featuredmedia":[{"embeddable":true,"href":"https:\/\/franciscanos.org.br\/noticias\/wp-json\/wp\/v2\/media\/234690"}],"wp:attachment":[{"href":"https:\/\/franciscanos.org.br\/noticias\/wp-json\/wp\/v2\/media?parent=234688"}],"wp:term":[{"taxonomy":"category","embeddable":true,"href":"https:\/\/franciscanos.org.br\/noticias\/wp-json\/wp\/v2\/categories?post=234688"},{"taxonomy":"post_tag","embeddable":true,"href":"https:\/\/franciscanos.org.br\/noticias\/wp-json\/wp\/v2\/tags?post=234688"}],"curies":[{"name":"wp","href":"https:\/\/api.w.org\/{rel}","templated":true}]}}