{"id":234677,"date":"2021-10-09T09:33:21","date_gmt":"2021-10-09T12:33:21","guid":{"rendered":"https:\/\/franciscanos.org.br\/noticias\/?p=234677"},"modified":"2021-10-09T09:34:44","modified_gmt":"2021-10-09T12:34:44","slug":"vila-velha-no-2o-dia-do-triduo-maria-consola-os-aflitos","status":"publish","type":"post","link":"https:\/\/franciscanos.org.br\/noticias\/vila-velha-no-2o-dia-do-triduo-maria-consola-os-aflitos.html","title":{"rendered":"Vila Velha: No 2\u00ba dia do Tr\u00edduo, Maria consola os aflitos"},"content":{"rendered":"<p><img loading=\"lazy\" class=\"alignnone wp-image-234678 size-full\" src=\"https:\/\/franciscanos.org.br\/noticias\/wp-content\/uploads\/2021\/10\/padroeira_091021.jpg\" alt=\"\" width=\"1280\" height=\"720\" srcset=\"https:\/\/franciscanos.org.br\/noticias\/wp-content\/uploads\/2021\/10\/padroeira_091021.jpg 1280w, https:\/\/franciscanos.org.br\/noticias\/wp-content\/uploads\/2021\/10\/padroeira_091021-450x253.jpg 450w, https:\/\/franciscanos.org.br\/noticias\/wp-content\/uploads\/2021\/10\/padroeira_091021-1024x576.jpg 1024w, https:\/\/franciscanos.org.br\/noticias\/wp-content\/uploads\/2021\/10\/padroeira_091021-768x432.jpg 768w, https:\/\/franciscanos.org.br\/noticias\/wp-content\/uploads\/2021\/10\/padroeira_091021-150x84.jpg 150w\" sizes=\"(max-width: 1280px) 100vw, 1280px\" \/><\/p>\n<p>Com o tema &#8220;Consoladora dos aflitos, rogai do n\u00f3s&#8221;, a Par\u00f3quia Nossa Senhora do Ros\u00e1rio, em Vila Velha (ES), celebrou o segundo dia do Tr\u00edduo em prepara\u00e7\u00e3o para a festa da Padroeira da cidade, nesta sexta-feira, 8 de outubro.<\/p>\n<p>A Celebra\u00e7\u00e3o Eucar\u00edstica foi presidida por Frei Adriano Dias do Nascimento e concelebrada pelo p\u00e1roco Frei Djalmo Fuck. Coube \u00e0 Catequese a responsabilidade pela liturgia do dia.<\/p>\n<p>Na sua homilia, Frei Adriano recordou que na B\u00edblia aparecem muitas vezes a palavra aflitos. &#8220;Ela faz parte da nossa vida&#8221;, observou.<\/p>\n<p><img loading=\"lazy\" class=\"alignnone wp-image-234679 size-full\" src=\"https:\/\/franciscanos.org.br\/noticias\/wp-content\/uploads\/2021\/10\/padroeira_03.jpg\" alt=\"\" width=\"1280\" height=\"853\" srcset=\"https:\/\/franciscanos.org.br\/noticias\/wp-content\/uploads\/2021\/10\/padroeira_03.jpg 1280w, https:\/\/franciscanos.org.br\/noticias\/wp-content\/uploads\/2021\/10\/padroeira_03-450x300.jpg 450w, https:\/\/franciscanos.org.br\/noticias\/wp-content\/uploads\/2021\/10\/padroeira_03-1024x682.jpg 1024w, https:\/\/franciscanos.org.br\/noticias\/wp-content\/uploads\/2021\/10\/padroeira_03-768x512.jpg 768w, https:\/\/franciscanos.org.br\/noticias\/wp-content\/uploads\/2021\/10\/padroeira_03-150x100.jpg 150w\" sizes=\"(max-width: 1280px) 100vw, 1280px\" \/><\/p>\n<p>Segundo o celebrante, a afli\u00e7\u00e3o \u00e9 um sentimento persistente dor f\u00edsica ou moral, \u00e2nsia, agonia, ang\u00fastia, fobia. &#8220;Muitas vezes ficamos aflitos at\u00e9 sem raz\u00e3o&#8221;, lembrou o frade. &#8220;A afli\u00e7\u00e3o \u00e9 a sensa\u00e7\u00e3o de n\u00e3o saber o que fazer e para onde ir. Muitas vezes sofremos por ignor\u00e2ncia, por n\u00e3o saber o que est\u00e1 acontecendo&#8221;, acrescentou.<\/p>\n<p>&#8220;Nos tornamos aflitos quando esquecemos e perdemos algo importante. Os problemas da vida, uma situa\u00e7\u00e3o de sa\u00fade, uma situa\u00e7\u00e3o de contrariedade nos colocam em situa\u00e7\u00e3o de afli\u00e7\u00e3o. Tamb\u00e9m pelas pessoas que amamos, ficamos aflitos, ora por excesso de amor ora por falta&#8221;, exemplificou.<\/p>\n<p><img loading=\"lazy\" class=\"alignnone wp-image-234680 size-full\" src=\"https:\/\/franciscanos.org.br\/noticias\/wp-content\/uploads\/2021\/10\/padroeira_02_0921.jpg\" alt=\"\" width=\"1280\" height=\"854\" srcset=\"https:\/\/franciscanos.org.br\/noticias\/wp-content\/uploads\/2021\/10\/padroeira_02_0921.jpg 1280w, https:\/\/franciscanos.org.br\/noticias\/wp-content\/uploads\/2021\/10\/padroeira_02_0921-450x300.jpg 450w, https:\/\/franciscanos.org.br\/noticias\/wp-content\/uploads\/2021\/10\/padroeira_02_0921-1024x683.jpg 1024w, https:\/\/franciscanos.org.br\/noticias\/wp-content\/uploads\/2021\/10\/padroeira_02_0921-768x512.jpg 768w, https:\/\/franciscanos.org.br\/noticias\/wp-content\/uploads\/2021\/10\/padroeira_02_0921-150x100.jpg 150w\" sizes=\"(max-width: 1280px) 100vw, 1280px\" \/><\/p>\n<p>Frei Adriano recordou que Maria e Jos\u00e9 viveram uma situa\u00e7\u00e3o de afli\u00e7\u00e3o. Estando em Jerusal\u00e9m para a festa da P\u00e1scoa, Maria e Jos\u00e9 viram que o Menino Jesus havia desaparecido. Por isso, aflitos, se puseram a procurar o Menino entre os seus parentes e amigos. Depois, voltaram a Jerusal\u00e9m e finalmente encontraram Jesus no Templo, depois de tr\u00eas dias, ouvindo e interrogando os doutores da Lei, que pasmados admiravam as perguntas e respostas daquele Menino. &#8220;Maria viveu esta realidade e pode nos ajudar&#8221;, orientou o frade.<\/p>\n<p>Segundo o celebrante, uma vida de pecados, com a consci\u00eancia pesada, tamb\u00e9m causa afli\u00e7\u00e3o. &#8220;Uma pessoa que n\u00e3o reconhece que precisa mudar, n\u00e3o \u00e9 uma pessoa feliz&#8221;, constatou Frei Adriano.<\/p>\n<p>Para o frade existem meios para suportar as afli\u00e7\u00f5es. A ora\u00e7\u00e3o \u00e9 um dos principais, como fez Jesus no Horto das Oliveiras, diante da proximidade da Paix\u00e3o, que ali desencadearia com a trai\u00e7\u00e3o de Judas. &#8220;Neste mundo voc\u00eas ter\u00e3o afli\u00e7\u00f5es, mas tenham coragem; eu venci o mundo&#8221;, consola Jesus no evangelho de Jo\u00e3o 16, vers\u00edculo 33.<\/p>\n<p>Os sacramentos e o consolo que vem dos amigos e familiares tamb\u00e9m ajudam nas afli\u00e7\u00f5es. &#8220;Cuidar da sa\u00fade tamb\u00e9m nos ajuda aliviar das afli\u00e7\u00f5es&#8221;, ensinou, frisando que a afli\u00e7\u00e3o faz parte da nossa natureza e at\u00e9 na hora da partida queremos ser consolados.<\/p>\n<p><img loading=\"lazy\" class=\"alignnone wp-image-234681 size-full\" src=\"https:\/\/franciscanos.org.br\/noticias\/wp-content\/uploads\/2021\/10\/padroeira_04_0910.jpg\" alt=\"\" width=\"1280\" height=\"853\" srcset=\"https:\/\/franciscanos.org.br\/noticias\/wp-content\/uploads\/2021\/10\/padroeira_04_0910.jpg 1280w, https:\/\/franciscanos.org.br\/noticias\/wp-content\/uploads\/2021\/10\/padroeira_04_0910-450x300.jpg 450w, https:\/\/franciscanos.org.br\/noticias\/wp-content\/uploads\/2021\/10\/padroeira_04_0910-1024x682.jpg 1024w, https:\/\/franciscanos.org.br\/noticias\/wp-content\/uploads\/2021\/10\/padroeira_04_0910-768x512.jpg 768w, https:\/\/franciscanos.org.br\/noticias\/wp-content\/uploads\/2021\/10\/padroeira_04_0910-150x100.jpg 150w\" sizes=\"(max-width: 1280px) 100vw, 1280px\" \/><\/p>\n<p>Segundo o frade, \u00e9 na afli\u00e7\u00e3o dos crist\u00e3os que est\u00e1 inserido o milagre de Nossa Senhora Ros\u00e1rio quando estavam diante dos otomanos (Imp\u00e9rio Turco), no in\u00edcio do s\u00e9culo XIV. Em 1571, aconteceu a Batalha de Lepanto que teve um grande impacto espiritual para os cat\u00f3licos. O Papa S\u00e3o Pio V recebeu de Nossa Senhora a revela\u00e7\u00e3o de que os cat\u00f3licos venceriam a batalha contra os mu\u00e7ulmanos por meio da ora\u00e7\u00e3o do Santo Ros\u00e1rio. Em honra pela vit\u00f3ria milagrosa, pois o n\u00famero de mu\u00e7ulmanos era muito maior que o de cat\u00f3licos, o Santo Padre instituiu, o dia 7 de outubro, como a festa de Nossa Senhora do Ros\u00e1rio.<\/p>\n<p>Frei Adriano concluiu pedindo a intercess\u00e3o da M\u00e3e amorosa, Maria, aquela que esteve aflita aos p\u00e9s da cruz vendo cada gota de sangue do seu Filho ser derramado. &#8220;Maria \u00e9 essa m\u00e3e que zela para aliviar as nossas dores&#8221;, concluiu. Na sequ\u00eancia, foi cantada a Ladainha de Nossa Senhora do Ros\u00e1rio, que inspira o tema da festa do ano.<\/p>\n<p>p\u00f3s a comunh\u00e3o, crian\u00e7as e adolescentes da Pastoral de Catequese fizeram uma linda homenagem ao som de \u201cM\u00e3ezinha do C\u00e9u, eu n\u00e3o sei rezar\u2026\u201d<\/p>\n<p><img loading=\"lazy\" class=\"alignnone wp-image-234682 size-full\" src=\"https:\/\/franciscanos.org.br\/noticias\/wp-content\/uploads\/2021\/10\/padroeira_05_0921.jpg\" alt=\"\" width=\"1280\" height=\"960\" srcset=\"https:\/\/franciscanos.org.br\/noticias\/wp-content\/uploads\/2021\/10\/padroeira_05_0921.jpg 1280w, https:\/\/franciscanos.org.br\/noticias\/wp-content\/uploads\/2021\/10\/padroeira_05_0921-450x338.jpg 450w, https:\/\/franciscanos.org.br\/noticias\/wp-content\/uploads\/2021\/10\/padroeira_05_0921-1024x768.jpg 1024w, https:\/\/franciscanos.org.br\/noticias\/wp-content\/uploads\/2021\/10\/padroeira_05_0921-768x576.jpg 768w, https:\/\/franciscanos.org.br\/noticias\/wp-content\/uploads\/2021\/10\/padroeira_05_0921-150x113.jpg 150w, https:\/\/franciscanos.org.br\/noticias\/wp-content\/uploads\/2021\/10\/padroeira_05_0921-600x450.jpg 600w\" sizes=\"(max-width: 1280px) 100vw, 1280px\" \/><\/p>\n<p>Depois da celebra\u00e7\u00e3o, o cantor F\u00e1bio Trindade fez uma bel\u00edssima apresenta\u00e7\u00e3o de suas m\u00fasicas autorais e diversas outras dando continuidade \u00e0s homenagens.<\/p>\n<hr \/>\n<p><em>Pastoral da Comunica\u00e7\u00e3o da Par\u00f3quia do Ros\u00e1rio (Pascom)<\/em><\/p>\n","protected":false},"excerpt":{"rendered":"<p>Par\u00f3quia do Ros\u00e1rio<\/p>\n","protected":false},"author":3,"featured_media":234680,"comment_status":"open","ping_status":"open","sticky":false,"template":"","format":"standard","meta":[],"categories":[1],"tags":[1914,231],"acf":[],"yoast_head":"<!-- This site is optimized with the Yoast SEO plugin v19.2 - https:\/\/yoast.com\/wordpress\/plugins\/seo\/ -->\n<title>Vila Velha: No 2\u00ba dia do Tr\u00edduo, Maria consola os aflitos - Not\u00edcias - Franciscanos<\/title>\n<meta name=\"robots\" content=\"index, follow, max-snippet:-1, max-image-preview:large, max-video-preview:-1\" \/>\n<link rel=\"canonical\" href=\"https:\/\/franciscanos.org.br\/noticias\/vila-velha-no-2o-dia-do-triduo-maria-consola-os-aflitos.html\" \/>\n<meta property=\"og:locale\" content=\"pt_BR\" \/>\n<meta property=\"og:type\" content=\"article\" \/>\n<meta property=\"og:title\" content=\"Vila Velha: No 2\u00ba dia do Tr\u00edduo, Maria consola os aflitos - Not\u00edcias - Franciscanos\" \/>\n<meta property=\"og:description\" content=\"Par\u00f3quia do Ros\u00e1rio\" \/>\n<meta property=\"og:url\" content=\"https:\/\/franciscanos.org.br\/noticias\/vila-velha-no-2o-dia-do-triduo-maria-consola-os-aflitos.html\" \/>\n<meta property=\"og:site_name\" content=\"Not\u00edcias - Franciscanos\" \/>\n<meta property=\"article:published_time\" content=\"2021-10-09T12:33:21+00:00\" \/>\n<meta property=\"article:modified_time\" content=\"2021-10-09T12:34:44+00:00\" \/>\n<meta property=\"og:image\" content=\"https:\/\/franciscanos.org.br\/noticias\/wp-content\/uploads\/2021\/10\/padroeira_02_0921.jpg\" \/>\n\t<meta property=\"og:image:width\" content=\"1280\" \/>\n\t<meta property=\"og:image:height\" content=\"854\" \/>\n\t<meta property=\"og:image:type\" content=\"image\/jpeg\" \/>\n<meta name=\"author\" content=\"moacir\" \/>\n<meta name=\"twitter:card\" content=\"summary_large_image\" \/>\n<meta name=\"twitter:label1\" content=\"Escrito por\" \/>\n\t<meta name=\"twitter:data1\" content=\"moacir\" \/>\n\t<meta name=\"twitter:label2\" content=\"Est. tempo de leitura\" \/>\n\t<meta name=\"twitter:data2\" content=\"3 minutos\" \/>\n<script type=\"application\/ld+json\" class=\"yoast-schema-graph\">{\"@context\":\"https:\/\/schema.org\",\"@graph\":[{\"@type\":\"WebSite\",\"@id\":\"https:\/\/franciscanos.org.br\/noticias\/#website\",\"url\":\"https:\/\/franciscanos.org.br\/noticias\/\",\"name\":\"Not\u00edcias - Franciscanos\",\"description\":\"Prov\u00edncia Franciscana da Imaculada Concei\u00e7\u00e3o do Brasil - Ordem dos Frades Menores - OFM\",\"potentialAction\":[{\"@type\":\"SearchAction\",\"target\":{\"@type\":\"EntryPoint\",\"urlTemplate\":\"https:\/\/franciscanos.org.br\/noticias\/?s={search_term_string}\"},\"query-input\":\"required name=search_term_string\"}],\"inLanguage\":\"pt-BR\"},{\"@type\":\"ImageObject\",\"inLanguage\":\"pt-BR\",\"@id\":\"https:\/\/franciscanos.org.br\/noticias\/vila-velha-no-2o-dia-do-triduo-maria-consola-os-aflitos.html#primaryimage\",\"url\":\"https:\/\/franciscanos.org.br\/noticias\/wp-content\/uploads\/2021\/10\/padroeira_02_0921.jpg\",\"contentUrl\":\"https:\/\/franciscanos.org.br\/noticias\/wp-content\/uploads\/2021\/10\/padroeira_02_0921.jpg\",\"width\":1280,\"height\":854},{\"@type\":\"WebPage\",\"@id\":\"https:\/\/franciscanos.org.br\/noticias\/vila-velha-no-2o-dia-do-triduo-maria-consola-os-aflitos.html#webpage\",\"url\":\"https:\/\/franciscanos.org.br\/noticias\/vila-velha-no-2o-dia-do-triduo-maria-consola-os-aflitos.html\",\"name\":\"Vila Velha: No 2\u00ba dia do Tr\u00edduo, Maria consola os aflitos - Not\u00edcias - Franciscanos\",\"isPartOf\":{\"@id\":\"https:\/\/franciscanos.org.br\/noticias\/#website\"},\"primaryImageOfPage\":{\"@id\":\"https:\/\/franciscanos.org.br\/noticias\/vila-velha-no-2o-dia-do-triduo-maria-consola-os-aflitos.html#primaryimage\"},\"datePublished\":\"2021-10-09T12:33:21+00:00\",\"dateModified\":\"2021-10-09T12:34:44+00:00\",\"author\":{\"@id\":\"https:\/\/franciscanos.org.br\/noticias\/#\/schema\/person\/b5c8cba458c330ccff548b056e95a5d4\"},\"breadcrumb\":{\"@id\":\"https:\/\/franciscanos.org.br\/noticias\/vila-velha-no-2o-dia-do-triduo-maria-consola-os-aflitos.html#breadcrumb\"},\"inLanguage\":\"pt-BR\",\"potentialAction\":[{\"@type\":\"ReadAction\",\"target\":[\"https:\/\/franciscanos.org.br\/noticias\/vila-velha-no-2o-dia-do-triduo-maria-consola-os-aflitos.html\"]}]},{\"@type\":\"BreadcrumbList\",\"@id\":\"https:\/\/franciscanos.org.br\/noticias\/vila-velha-no-2o-dia-do-triduo-maria-consola-os-aflitos.html#breadcrumb\",\"itemListElement\":[{\"@type\":\"ListItem\",\"position\":1,\"name\":\"Home\",\"item\":\"https:\/\/franciscanos.org.br\/noticias\"},{\"@type\":\"ListItem\",\"position\":2,\"name\":\"Vila Velha: No 2\u00ba dia do Tr\u00edduo, Maria consola os aflitos\"}]},{\"@type\":\"Person\",\"@id\":\"https:\/\/franciscanos.org.br\/noticias\/#\/schema\/person\/b5c8cba458c330ccff548b056e95a5d4\",\"name\":\"moacir\",\"image\":{\"@type\":\"ImageObject\",\"inLanguage\":\"pt-BR\",\"@id\":\"https:\/\/franciscanos.org.br\/noticias\/#\/schema\/person\/image\/\",\"url\":\"https:\/\/secure.gravatar.com\/avatar\/d08aa2ce4c8dd416d4479aa8536fcf64?s=96&d=mm&r=g\",\"contentUrl\":\"https:\/\/secure.gravatar.com\/avatar\/d08aa2ce4c8dd416d4479aa8536fcf64?s=96&d=mm&r=g\",\"caption\":\"moacir\"},\"url\":\"https:\/\/franciscanos.org.br\/noticias\/author\/moacir\"}]}<\/script>\n<!-- \/ Yoast SEO plugin. -->","yoast_head_json":{"title":"Vila Velha: No 2\u00ba dia do Tr\u00edduo, Maria consola os aflitos - Not\u00edcias - Franciscanos","robots":{"index":"index","follow":"follow","max-snippet":"max-snippet:-1","max-image-preview":"max-image-preview:large","max-video-preview":"max-video-preview:-1"},"canonical":"https:\/\/franciscanos.org.br\/noticias\/vila-velha-no-2o-dia-do-triduo-maria-consola-os-aflitos.html","og_locale":"pt_BR","og_type":"article","og_title":"Vila Velha: No 2\u00ba dia do Tr\u00edduo, Maria consola os aflitos - Not\u00edcias - Franciscanos","og_description":"Par\u00f3quia do Ros\u00e1rio","og_url":"https:\/\/franciscanos.org.br\/noticias\/vila-velha-no-2o-dia-do-triduo-maria-consola-os-aflitos.html","og_site_name":"Not\u00edcias - Franciscanos","article_published_time":"2021-10-09T12:33:21+00:00","article_modified_time":"2021-10-09T12:34:44+00:00","og_image":[{"width":1280,"height":854,"url":"https:\/\/franciscanos.org.br\/noticias\/wp-content\/uploads\/2021\/10\/padroeira_02_0921.jpg","type":"image\/jpeg"}],"author":"moacir","twitter_card":"summary_large_image","twitter_misc":{"Escrito por":"moacir","Est. tempo de leitura":"3 minutos"},"schema":{"@context":"https:\/\/schema.org","@graph":[{"@type":"WebSite","@id":"https:\/\/franciscanos.org.br\/noticias\/#website","url":"https:\/\/franciscanos.org.br\/noticias\/","name":"Not\u00edcias - Franciscanos","description":"Prov\u00edncia Franciscana da Imaculada Concei\u00e7\u00e3o do Brasil - Ordem dos Frades Menores - OFM","potentialAction":[{"@type":"SearchAction","target":{"@type":"EntryPoint","urlTemplate":"https:\/\/franciscanos.org.br\/noticias\/?s={search_term_string}"},"query-input":"required name=search_term_string"}],"inLanguage":"pt-BR"},{"@type":"ImageObject","inLanguage":"pt-BR","@id":"https:\/\/franciscanos.org.br\/noticias\/vila-velha-no-2o-dia-do-triduo-maria-consola-os-aflitos.html#primaryimage","url":"https:\/\/franciscanos.org.br\/noticias\/wp-content\/uploads\/2021\/10\/padroeira_02_0921.jpg","contentUrl":"https:\/\/franciscanos.org.br\/noticias\/wp-content\/uploads\/2021\/10\/padroeira_02_0921.jpg","width":1280,"height":854},{"@type":"WebPage","@id":"https:\/\/franciscanos.org.br\/noticias\/vila-velha-no-2o-dia-do-triduo-maria-consola-os-aflitos.html#webpage","url":"https:\/\/franciscanos.org.br\/noticias\/vila-velha-no-2o-dia-do-triduo-maria-consola-os-aflitos.html","name":"Vila Velha: No 2\u00ba dia do Tr\u00edduo, Maria consola os aflitos - Not\u00edcias - Franciscanos","isPartOf":{"@id":"https:\/\/franciscanos.org.br\/noticias\/#website"},"primaryImageOfPage":{"@id":"https:\/\/franciscanos.org.br\/noticias\/vila-velha-no-2o-dia-do-triduo-maria-consola-os-aflitos.html#primaryimage"},"datePublished":"2021-10-09T12:33:21+00:00","dateModified":"2021-10-09T12:34:44+00:00","author":{"@id":"https:\/\/franciscanos.org.br\/noticias\/#\/schema\/person\/b5c8cba458c330ccff548b056e95a5d4"},"breadcrumb":{"@id":"https:\/\/franciscanos.org.br\/noticias\/vila-velha-no-2o-dia-do-triduo-maria-consola-os-aflitos.html#breadcrumb"},"inLanguage":"pt-BR","potentialAction":[{"@type":"ReadAction","target":["https:\/\/franciscanos.org.br\/noticias\/vila-velha-no-2o-dia-do-triduo-maria-consola-os-aflitos.html"]}]},{"@type":"BreadcrumbList","@id":"https:\/\/franciscanos.org.br\/noticias\/vila-velha-no-2o-dia-do-triduo-maria-consola-os-aflitos.html#breadcrumb","itemListElement":[{"@type":"ListItem","position":1,"name":"Home","item":"https:\/\/franciscanos.org.br\/noticias"},{"@type":"ListItem","position":2,"name":"Vila Velha: No 2\u00ba dia do Tr\u00edduo, Maria consola os aflitos"}]},{"@type":"Person","@id":"https:\/\/franciscanos.org.br\/noticias\/#\/schema\/person\/b5c8cba458c330ccff548b056e95a5d4","name":"moacir","image":{"@type":"ImageObject","inLanguage":"pt-BR","@id":"https:\/\/franciscanos.org.br\/noticias\/#\/schema\/person\/image\/","url":"https:\/\/secure.gravatar.com\/avatar\/d08aa2ce4c8dd416d4479aa8536fcf64?s=96&d=mm&r=g","contentUrl":"https:\/\/secure.gravatar.com\/avatar\/d08aa2ce4c8dd416d4479aa8536fcf64?s=96&d=mm&r=g","caption":"moacir"},"url":"https:\/\/franciscanos.org.br\/noticias\/author\/moacir"}]}},"_links":{"self":[{"href":"https:\/\/franciscanos.org.br\/noticias\/wp-json\/wp\/v2\/posts\/234677"}],"collection":[{"href":"https:\/\/franciscanos.org.br\/noticias\/wp-json\/wp\/v2\/posts"}],"about":[{"href":"https:\/\/franciscanos.org.br\/noticias\/wp-json\/wp\/v2\/types\/post"}],"author":[{"embeddable":true,"href":"https:\/\/franciscanos.org.br\/noticias\/wp-json\/wp\/v2\/users\/3"}],"replies":[{"embeddable":true,"href":"https:\/\/franciscanos.org.br\/noticias\/wp-json\/wp\/v2\/comments?post=234677"}],"version-history":[{"count":2,"href":"https:\/\/franciscanos.org.br\/noticias\/wp-json\/wp\/v2\/posts\/234677\/revisions"}],"predecessor-version":[{"id":234684,"href":"https:\/\/franciscanos.org.br\/noticias\/wp-json\/wp\/v2\/posts\/234677\/revisions\/234684"}],"wp:featuredmedia":[{"embeddable":true,"href":"https:\/\/franciscanos.org.br\/noticias\/wp-json\/wp\/v2\/media\/234680"}],"wp:attachment":[{"href":"https:\/\/franciscanos.org.br\/noticias\/wp-json\/wp\/v2\/media?parent=234677"}],"wp:term":[{"taxonomy":"category","embeddable":true,"href":"https:\/\/franciscanos.org.br\/noticias\/wp-json\/wp\/v2\/categories?post=234677"},{"taxonomy":"post_tag","embeddable":true,"href":"https:\/\/franciscanos.org.br\/noticias\/wp-json\/wp\/v2\/tags?post=234677"}],"curies":[{"name":"wp","href":"https:\/\/api.w.org\/{rel}","templated":true}]}}