{"id":234664,"date":"2021-10-08T13:21:04","date_gmt":"2021-10-08T16:21:04","guid":{"rendered":"https:\/\/franciscanos.org.br\/noticias\/?p=234664"},"modified":"2021-10-08T13:21:04","modified_gmt":"2021-10-08T16:21:04","slug":"frei-clarencio-abre-o-triduo-da-padroeira-de-vila-velha","status":"publish","type":"post","link":"https:\/\/franciscanos.org.br\/noticias\/frei-clarencio-abre-o-triduo-da-padroeira-de-vila-velha.html","title":{"rendered":"Frei Clar\u00eancio abre o Tr\u00edduo da Padroeira de Vila Velha"},"content":{"rendered":"<p><img loading=\"lazy\" class=\"alignnone wp-image-234665 size-full\" src=\"https:\/\/franciscanos.org.br\/noticias\/wp-content\/uploads\/2021\/10\/vilavelha_081021.jpg\" alt=\"\" width=\"1280\" height=\"854\" srcset=\"https:\/\/franciscanos.org.br\/noticias\/wp-content\/uploads\/2021\/10\/vilavelha_081021.jpg 1280w, https:\/\/franciscanos.org.br\/noticias\/wp-content\/uploads\/2021\/10\/vilavelha_081021-450x300.jpg 450w, https:\/\/franciscanos.org.br\/noticias\/wp-content\/uploads\/2021\/10\/vilavelha_081021-1024x683.jpg 1024w, https:\/\/franciscanos.org.br\/noticias\/wp-content\/uploads\/2021\/10\/vilavelha_081021-768x512.jpg 768w, https:\/\/franciscanos.org.br\/noticias\/wp-content\/uploads\/2021\/10\/vilavelha_081021-150x100.jpg 150w\" sizes=\"(max-width: 1280px) 100vw, 1280px\" \/><\/p>\n<p>Teve in\u00edcio no dia ontem, 7 de outubro, o Tr\u00edduo em honra \u00e0 Padroeira da Par\u00f3quia do Ros\u00e1rio e do munic\u00edpio de Vila Velha, no Esp\u00edrito Santo.<\/p>\n<p>A Celebra\u00e7\u00e3o Eucar\u00edstica, \u00e0s 19 horas, foi presidida pelos Freis Clar\u00eancio Neotti e Djalmo Fuck, OFM, e teve in\u00edcio com a acolhida e a b\u00ean\u00e7\u00e3o de uma nova imagem de Nossa Senhora do Ros\u00e1rio, que entrou em prociss\u00e3o nos ombros de integrantes do Ter\u00e7o dos Homens, ao som dos sinos e com chuva de p\u00e9talas de rosas.<\/p>\n<p>&#8220;Maria: Sa\u00fade dos enfermos&#8221;, foi o tema desse primeiro dia. Refletindo sobre este tema, uma fam\u00edlia da Pastoral Familiar, que foi a respons\u00e1vel pela organiza\u00e7\u00e3o da celebra\u00e7\u00e3o, trouxe um ter\u00e7o para ser ofertado a Nossa Senhora. Juntos, eles representavam todas aquelas pessoas que v\u00eam sofrendo com as enfermidades, principalmente nestes quase dois anos de pandemia.<\/p>\n<p><img loading=\"lazy\" class=\"alignnone wp-image-234666 size-full\" src=\"https:\/\/franciscanos.org.br\/noticias\/wp-content\/uploads\/2021\/10\/vilavelha_081021_3.jpg\" alt=\"\" width=\"1280\" height=\"719\" srcset=\"https:\/\/franciscanos.org.br\/noticias\/wp-content\/uploads\/2021\/10\/vilavelha_081021_3.jpg 1280w, https:\/\/franciscanos.org.br\/noticias\/wp-content\/uploads\/2021\/10\/vilavelha_081021_3-450x253.jpg 450w, https:\/\/franciscanos.org.br\/noticias\/wp-content\/uploads\/2021\/10\/vilavelha_081021_3-1024x575.jpg 1024w, https:\/\/franciscanos.org.br\/noticias\/wp-content\/uploads\/2021\/10\/vilavelha_081021_3-768x431.jpg 768w, https:\/\/franciscanos.org.br\/noticias\/wp-content\/uploads\/2021\/10\/vilavelha_081021_3-150x84.jpg 150w\" sizes=\"(max-width: 1280px) 100vw, 1280px\" \/><\/p>\n<p>Na sua homilia, Frei Clar\u00eancio explicou que a palavra \u2018enfermo\u2019, ainda que n\u00e3o signifique necessariamente doente, nos fala de imediato do sofrimento humano. &#8220;E o sofrimento humano \u00e9 mist\u00e9rio&#8221;, disse. &#8220;Nenhuma cultura, como a eg\u00edpcia ou chinesa, conseguiu explicar a raz\u00e3o do sofrimento. Nenhuma religi\u00e3o, nem a de Mois\u00e9s nem a de Cristo, conseguem nos explicar a raz\u00e3o da exist\u00eancia do sofrimento. O Antigo Testamento, em torno de Mois\u00e9s, tem um verso do salmo 42 que diz bem: &#8216;Minhas l\u00e1grimas s\u00e3o o meu p\u00e3o dia e noite&#8217;. Ou seja, o meu sofrimento est\u00e1 comigo dia e noite. E todos os s\u00e1bios do Antigo Testamento refletiram sobre a exist\u00eancia da dor, do sofrimento&#8221;, explicou Frei Clar\u00eancio.<\/p>\n<p>Segundo ele, dessa reflex\u00e3o nasceram duas linhas. &#8220;A primeira que o sofrimento \u00e9 castigo de pecado. Dentro desta linha, do Antigo Testamento, tem muita gente que pensa assim ainda. Dentro dessa linha de pensamento se pensava que os cegos, os surdos, os mudos, os paral\u00edticos eram amaldi\u00e7oados por algum pecado que algu\u00e9m da fam\u00edlia praticou. H\u00e1 toda uma linha de reflex\u00e3o e pensamento em torno disso. H\u00e1 uma segunda linha no AT que o sofrimento seria uma prova\u00e7\u00e3o da parte de Deus porque Deus castiga quem ama. Essa frase \u00e9 da B\u00edblia. A express\u00e3o maior dessa linha de pensamento \u00e9 o livro de J\u00f3, uma novela para explicar a raz\u00e3o do sofrimento e J\u00f3 n\u00e3o tendo pecado, sendo um homem justo, passou por toda esp\u00e9cie de sofrimento. Portanto, quem de voc\u00eas pensa que o sofrimento \u00e9 castigo e vem me perguntar: eu n\u00e3o fiz pecado, por que tenho c\u00e2ncer? Quem pensa assim, est\u00e1 morando l\u00e1 no antigo testamento. Cristo n\u00e3o chegou at\u00e9 ele ainda. Quem pensa que Deus \u00e9 um s\u00e1dico Deus que me faz sofrer tamb\u00e9m est\u00e1 no AT&#8221;, orientou.<\/p>\n<p><img loading=\"lazy\" class=\"alignnone wp-image-234667 size-full\" src=\"https:\/\/franciscanos.org.br\/noticias\/wp-content\/uploads\/2021\/10\/vilavelha_081021_1.jpg\" alt=\"\" width=\"1280\" height=\"853\" srcset=\"https:\/\/franciscanos.org.br\/noticias\/wp-content\/uploads\/2021\/10\/vilavelha_081021_1.jpg 1280w, https:\/\/franciscanos.org.br\/noticias\/wp-content\/uploads\/2021\/10\/vilavelha_081021_1-450x300.jpg 450w, https:\/\/franciscanos.org.br\/noticias\/wp-content\/uploads\/2021\/10\/vilavelha_081021_1-1024x682.jpg 1024w, https:\/\/franciscanos.org.br\/noticias\/wp-content\/uploads\/2021\/10\/vilavelha_081021_1-768x512.jpg 768w, https:\/\/franciscanos.org.br\/noticias\/wp-content\/uploads\/2021\/10\/vilavelha_081021_1-150x100.jpg 150w\" sizes=\"(max-width: 1280px) 100vw, 1280px\" \/><\/p>\n<p>Para Frei Clar\u00eancio, o Novo Testamento, a pessoa de Jesus vai por outras duas linhas. &#8220;A primeira est\u00e1 expressa no Evangelho de Jo\u00e3o, cap\u00edtulo 9, vers\u00edculo 3. O sofrimento existe para a gl\u00f3ria de Deus, como a sa\u00fade existe para a gl\u00f3ria de Deus, como as plantas existem para a gl\u00f3ria de Deus, como os animais existem para a gl\u00f3ria de Deus, como as \u00e1guas existem para a gl\u00f3ria de Deus. \u00c9 uma explica\u00e7\u00e3o de Jesus. Ela pode n\u00e3o me convencer, mas difere muito do AT. Depois Jesus, por sua palavra e por seu exemplo, me d\u00e1 um segundo caminho. O sofrimento \u00e9 um caminho de santifica\u00e7\u00e3o. E o grande s\u00edmbolo que n\u00f3s temos no NT desta linha do sofrimento como caminho santifica\u00e7\u00e3o \u00e9 a pr\u00f3pria cruz do Senhor. Cruz, lugar de vergonha e de gl\u00f3ria ao mesmo tempo. Sofrimento cheio de dor, mas tamb\u00e9m de santidade&#8221;, explicou.<\/p>\n<p>&#8220;Cruz, lugar de morte, mas lugar de vida. Pode me levar at\u00e9 a morte, mas \u00e9 um caminho de vida. Na Cruz, Cristo sem pecado, passa pelo sofrimento doloroso. Lembrem os espinhos cravados na cabe\u00e7a, lembrem as chagas dos chicotes recebidos na casa das autoridades pol\u00edticas. Cristo, no auge do sofrimento ps\u00edquico, vendo seus onze ap\u00f3stolos fugirem, apenas um, o mais novo deles, estava ali. Jesus, no auge de um sofrimento espiritual, a ponto de dizer &#8216;Pai, por que me abandonaste?&#8221;, est\u00e1 a\u00ed na cruz, caminho de morte e, ao mesmo tempo, caminho de vida. Caminho de condena\u00e7\u00e3o, de dor, ao mesmo tempo caminho de gl\u00f3ria&#8221;, ressaltou o celebrante.<\/p>\n<p>Maria, tamb\u00e9m enfrentou sua jornada de sofrimento, pela crucifica\u00e7\u00e3o do Seu Filho. &#8220;E aos p\u00e9s da cruz, a M\u00e3e dolorida, banhada em l\u00e1grimas, M\u00e3e das Dores. Os pintores gostam de apresent\u00e1-la com o filho morto nos bra\u00e7os ou cravada com uma espada no seu cora\u00e7\u00e3o&#8221;, ilustrou. &#8220;Da\u00ed esta for\u00e7a de Maria vem da for\u00e7a que ela tem de ser a sa\u00fade dos enfermos, a m\u00e3e do sofrimento. N\u00e3o no sentido de que ela \u00e9 m\u00e9dica f\u00edsica, que trabalha neste hospital chamado humanidade. N\u00e3o \u00e9 neste sentido. Mas no sentido de que ela, tendo passado por todas as dores poss\u00edveis, tornou-se exatamente no momento da dor, aos p\u00e9s da cruz, a M\u00e3e da humanidade. E ela, como M\u00e3e da humanidade \u00e9 como todas as m\u00e3es que n\u00e3o querem ver seus filhos no sofrimento. Fazem de tudo para tirar o sofrimento do filho. Maria \u00e9 esta m\u00e3e. Tiago, na Carta dele, escreve que a ora\u00e7\u00e3o do justo tem grande poder. Se a ora\u00e7\u00e3o do justo tem grande poder, quanto mais poder tem Maria, M\u00e3e de Deus, de nos ajudar e de nos socorrer. Ela \u00e9, sim, consoladora dos aflitos; ela \u00e9, sim, m\u00e3e e sa\u00fade dos doentes; ela \u00e9, sim, esperan\u00e7a dos desesperados; ela \u00e9 o v\u00e9rtice, o ponto mais alto de feridas incur\u00e1veis. Maria \u00e9 porque ela experimentou o sofrimento, o mist\u00e9rio do sofrimento&#8221;, completou Frei Clar\u00eancio.<\/p>\n<p><img loading=\"lazy\" class=\"alignnone wp-image-234668 size-full\" src=\"https:\/\/franciscanos.org.br\/noticias\/wp-content\/uploads\/2021\/10\/vilavelha_081021_4.jpg\" alt=\"\" width=\"1280\" height=\"719\" srcset=\"https:\/\/franciscanos.org.br\/noticias\/wp-content\/uploads\/2021\/10\/vilavelha_081021_4.jpg 1280w, https:\/\/franciscanos.org.br\/noticias\/wp-content\/uploads\/2021\/10\/vilavelha_081021_4-450x253.jpg 450w, https:\/\/franciscanos.org.br\/noticias\/wp-content\/uploads\/2021\/10\/vilavelha_081021_4-1024x575.jpg 1024w, https:\/\/franciscanos.org.br\/noticias\/wp-content\/uploads\/2021\/10\/vilavelha_081021_4-768x431.jpg 768w, https:\/\/franciscanos.org.br\/noticias\/wp-content\/uploads\/2021\/10\/vilavelha_081021_4-150x84.jpg 150w\" sizes=\"(max-width: 1280px) 100vw, 1280px\" \/><\/p>\n<p>Ao final da celebra\u00e7\u00e3o, F\u00e1bio Trindade, cantor da Par\u00f3quia, fez uma linda homenagem cantando uma m\u00fasica autoral, \u201cIntercede M\u00e3e\u201c.<\/p>\n<hr \/>\n<p><em>Pascom da Par\u00f3quia do Ros\u00e1rio<\/em><\/p>\n","protected":false},"excerpt":{"rendered":"<p>1\u00ba Dia do Tr\u00edduo da Festa de Nossa Senhora do Ros\u00e1rio<\/p>\n","protected":false},"author":3,"featured_media":234669,"comment_status":"open","ping_status":"open","sticky":false,"template":"","format":"standard","meta":[],"categories":[1],"tags":[1889],"acf":[],"yoast_head":"<!-- This site is optimized with the Yoast SEO plugin v19.2 - https:\/\/yoast.com\/wordpress\/plugins\/seo\/ -->\n<title>Frei Clar\u00eancio abre o Tr\u00edduo da Padroeira de Vila Velha - Not\u00edcias - Franciscanos<\/title>\n<meta name=\"robots\" content=\"index, follow, max-snippet:-1, max-image-preview:large, max-video-preview:-1\" \/>\n<link rel=\"canonical\" href=\"https:\/\/franciscanos.org.br\/noticias\/frei-clarencio-abre-o-triduo-da-padroeira-de-vila-velha.html\" \/>\n<meta property=\"og:locale\" content=\"pt_BR\" \/>\n<meta property=\"og:type\" content=\"article\" \/>\n<meta property=\"og:title\" content=\"Frei Clar\u00eancio abre o Tr\u00edduo da Padroeira de Vila Velha - Not\u00edcias - Franciscanos\" \/>\n<meta property=\"og:description\" content=\"1\u00ba Dia do Tr\u00edduo da Festa de Nossa Senhora do Ros\u00e1rio\" \/>\n<meta property=\"og:url\" content=\"https:\/\/franciscanos.org.br\/noticias\/frei-clarencio-abre-o-triduo-da-padroeira-de-vila-velha.html\" \/>\n<meta property=\"og:site_name\" content=\"Not\u00edcias - Franciscanos\" \/>\n<meta property=\"article:published_time\" content=\"2021-10-08T16:21:04+00:00\" \/>\n<meta property=\"og:image\" content=\"https:\/\/franciscanos.org.br\/noticias\/wp-content\/uploads\/2021\/10\/vilavelha_081021d.jpg\" \/>\n\t<meta property=\"og:image:width\" content=\"1242\" \/>\n\t<meta property=\"og:image:height\" content=\"854\" \/>\n\t<meta property=\"og:image:type\" content=\"image\/jpeg\" \/>\n<meta name=\"author\" content=\"moacir\" \/>\n<meta name=\"twitter:card\" content=\"summary_large_image\" \/>\n<meta name=\"twitter:label1\" content=\"Escrito por\" \/>\n\t<meta name=\"twitter:data1\" content=\"moacir\" \/>\n\t<meta name=\"twitter:label2\" content=\"Est. tempo de leitura\" \/>\n\t<meta name=\"twitter:data2\" content=\"5 minutos\" \/>\n<script type=\"application\/ld+json\" class=\"yoast-schema-graph\">{\"@context\":\"https:\/\/schema.org\",\"@graph\":[{\"@type\":\"WebSite\",\"@id\":\"https:\/\/franciscanos.org.br\/noticias\/#website\",\"url\":\"https:\/\/franciscanos.org.br\/noticias\/\",\"name\":\"Not\u00edcias - Franciscanos\",\"description\":\"Prov\u00edncia Franciscana da Imaculada Concei\u00e7\u00e3o do Brasil - Ordem dos Frades Menores - OFM\",\"potentialAction\":[{\"@type\":\"SearchAction\",\"target\":{\"@type\":\"EntryPoint\",\"urlTemplate\":\"https:\/\/franciscanos.org.br\/noticias\/?s={search_term_string}\"},\"query-input\":\"required name=search_term_string\"}],\"inLanguage\":\"pt-BR\"},{\"@type\":\"ImageObject\",\"inLanguage\":\"pt-BR\",\"@id\":\"https:\/\/franciscanos.org.br\/noticias\/frei-clarencio-abre-o-triduo-da-padroeira-de-vila-velha.html#primaryimage\",\"url\":\"https:\/\/franciscanos.org.br\/noticias\/wp-content\/uploads\/2021\/10\/vilavelha_081021d.jpg\",\"contentUrl\":\"https:\/\/franciscanos.org.br\/noticias\/wp-content\/uploads\/2021\/10\/vilavelha_081021d.jpg\",\"width\":1242,\"height\":854},{\"@type\":\"WebPage\",\"@id\":\"https:\/\/franciscanos.org.br\/noticias\/frei-clarencio-abre-o-triduo-da-padroeira-de-vila-velha.html#webpage\",\"url\":\"https:\/\/franciscanos.org.br\/noticias\/frei-clarencio-abre-o-triduo-da-padroeira-de-vila-velha.html\",\"name\":\"Frei Clar\u00eancio abre o Tr\u00edduo da Padroeira de Vila Velha - Not\u00edcias - Franciscanos\",\"isPartOf\":{\"@id\":\"https:\/\/franciscanos.org.br\/noticias\/#website\"},\"primaryImageOfPage\":{\"@id\":\"https:\/\/franciscanos.org.br\/noticias\/frei-clarencio-abre-o-triduo-da-padroeira-de-vila-velha.html#primaryimage\"},\"datePublished\":\"2021-10-08T16:21:04+00:00\",\"dateModified\":\"2021-10-08T16:21:04+00:00\",\"author\":{\"@id\":\"https:\/\/franciscanos.org.br\/noticias\/#\/schema\/person\/b5c8cba458c330ccff548b056e95a5d4\"},\"breadcrumb\":{\"@id\":\"https:\/\/franciscanos.org.br\/noticias\/frei-clarencio-abre-o-triduo-da-padroeira-de-vila-velha.html#breadcrumb\"},\"inLanguage\":\"pt-BR\",\"potentialAction\":[{\"@type\":\"ReadAction\",\"target\":[\"https:\/\/franciscanos.org.br\/noticias\/frei-clarencio-abre-o-triduo-da-padroeira-de-vila-velha.html\"]}]},{\"@type\":\"BreadcrumbList\",\"@id\":\"https:\/\/franciscanos.org.br\/noticias\/frei-clarencio-abre-o-triduo-da-padroeira-de-vila-velha.html#breadcrumb\",\"itemListElement\":[{\"@type\":\"ListItem\",\"position\":1,\"name\":\"Home\",\"item\":\"https:\/\/franciscanos.org.br\/noticias\"},{\"@type\":\"ListItem\",\"position\":2,\"name\":\"Frei Clar\u00eancio abre o Tr\u00edduo da Padroeira de Vila Velha\"}]},{\"@type\":\"Person\",\"@id\":\"https:\/\/franciscanos.org.br\/noticias\/#\/schema\/person\/b5c8cba458c330ccff548b056e95a5d4\",\"name\":\"moacir\",\"image\":{\"@type\":\"ImageObject\",\"inLanguage\":\"pt-BR\",\"@id\":\"https:\/\/franciscanos.org.br\/noticias\/#\/schema\/person\/image\/\",\"url\":\"https:\/\/secure.gravatar.com\/avatar\/d08aa2ce4c8dd416d4479aa8536fcf64?s=96&d=mm&r=g\",\"contentUrl\":\"https:\/\/secure.gravatar.com\/avatar\/d08aa2ce4c8dd416d4479aa8536fcf64?s=96&d=mm&r=g\",\"caption\":\"moacir\"},\"url\":\"https:\/\/franciscanos.org.br\/noticias\/author\/moacir\"}]}<\/script>\n<!-- \/ Yoast SEO plugin. -->","yoast_head_json":{"title":"Frei Clar\u00eancio abre o Tr\u00edduo da Padroeira de Vila Velha - Not\u00edcias - Franciscanos","robots":{"index":"index","follow":"follow","max-snippet":"max-snippet:-1","max-image-preview":"max-image-preview:large","max-video-preview":"max-video-preview:-1"},"canonical":"https:\/\/franciscanos.org.br\/noticias\/frei-clarencio-abre-o-triduo-da-padroeira-de-vila-velha.html","og_locale":"pt_BR","og_type":"article","og_title":"Frei Clar\u00eancio abre o Tr\u00edduo da Padroeira de Vila Velha - Not\u00edcias - Franciscanos","og_description":"1\u00ba Dia do Tr\u00edduo da Festa de Nossa Senhora do Ros\u00e1rio","og_url":"https:\/\/franciscanos.org.br\/noticias\/frei-clarencio-abre-o-triduo-da-padroeira-de-vila-velha.html","og_site_name":"Not\u00edcias - Franciscanos","article_published_time":"2021-10-08T16:21:04+00:00","og_image":[{"width":1242,"height":854,"url":"https:\/\/franciscanos.org.br\/noticias\/wp-content\/uploads\/2021\/10\/vilavelha_081021d.jpg","type":"image\/jpeg"}],"author":"moacir","twitter_card":"summary_large_image","twitter_misc":{"Escrito por":"moacir","Est. tempo de leitura":"5 minutos"},"schema":{"@context":"https:\/\/schema.org","@graph":[{"@type":"WebSite","@id":"https:\/\/franciscanos.org.br\/noticias\/#website","url":"https:\/\/franciscanos.org.br\/noticias\/","name":"Not\u00edcias - Franciscanos","description":"Prov\u00edncia Franciscana da Imaculada Concei\u00e7\u00e3o do Brasil - Ordem dos Frades Menores - OFM","potentialAction":[{"@type":"SearchAction","target":{"@type":"EntryPoint","urlTemplate":"https:\/\/franciscanos.org.br\/noticias\/?s={search_term_string}"},"query-input":"required name=search_term_string"}],"inLanguage":"pt-BR"},{"@type":"ImageObject","inLanguage":"pt-BR","@id":"https:\/\/franciscanos.org.br\/noticias\/frei-clarencio-abre-o-triduo-da-padroeira-de-vila-velha.html#primaryimage","url":"https:\/\/franciscanos.org.br\/noticias\/wp-content\/uploads\/2021\/10\/vilavelha_081021d.jpg","contentUrl":"https:\/\/franciscanos.org.br\/noticias\/wp-content\/uploads\/2021\/10\/vilavelha_081021d.jpg","width":1242,"height":854},{"@type":"WebPage","@id":"https:\/\/franciscanos.org.br\/noticias\/frei-clarencio-abre-o-triduo-da-padroeira-de-vila-velha.html#webpage","url":"https:\/\/franciscanos.org.br\/noticias\/frei-clarencio-abre-o-triduo-da-padroeira-de-vila-velha.html","name":"Frei Clar\u00eancio abre o Tr\u00edduo da Padroeira de Vila Velha - Not\u00edcias - Franciscanos","isPartOf":{"@id":"https:\/\/franciscanos.org.br\/noticias\/#website"},"primaryImageOfPage":{"@id":"https:\/\/franciscanos.org.br\/noticias\/frei-clarencio-abre-o-triduo-da-padroeira-de-vila-velha.html#primaryimage"},"datePublished":"2021-10-08T16:21:04+00:00","dateModified":"2021-10-08T16:21:04+00:00","author":{"@id":"https:\/\/franciscanos.org.br\/noticias\/#\/schema\/person\/b5c8cba458c330ccff548b056e95a5d4"},"breadcrumb":{"@id":"https:\/\/franciscanos.org.br\/noticias\/frei-clarencio-abre-o-triduo-da-padroeira-de-vila-velha.html#breadcrumb"},"inLanguage":"pt-BR","potentialAction":[{"@type":"ReadAction","target":["https:\/\/franciscanos.org.br\/noticias\/frei-clarencio-abre-o-triduo-da-padroeira-de-vila-velha.html"]}]},{"@type":"BreadcrumbList","@id":"https:\/\/franciscanos.org.br\/noticias\/frei-clarencio-abre-o-triduo-da-padroeira-de-vila-velha.html#breadcrumb","itemListElement":[{"@type":"ListItem","position":1,"name":"Home","item":"https:\/\/franciscanos.org.br\/noticias"},{"@type":"ListItem","position":2,"name":"Frei Clar\u00eancio abre o Tr\u00edduo da Padroeira de Vila Velha"}]},{"@type":"Person","@id":"https:\/\/franciscanos.org.br\/noticias\/#\/schema\/person\/b5c8cba458c330ccff548b056e95a5d4","name":"moacir","image":{"@type":"ImageObject","inLanguage":"pt-BR","@id":"https:\/\/franciscanos.org.br\/noticias\/#\/schema\/person\/image\/","url":"https:\/\/secure.gravatar.com\/avatar\/d08aa2ce4c8dd416d4479aa8536fcf64?s=96&d=mm&r=g","contentUrl":"https:\/\/secure.gravatar.com\/avatar\/d08aa2ce4c8dd416d4479aa8536fcf64?s=96&d=mm&r=g","caption":"moacir"},"url":"https:\/\/franciscanos.org.br\/noticias\/author\/moacir"}]}},"_links":{"self":[{"href":"https:\/\/franciscanos.org.br\/noticias\/wp-json\/wp\/v2\/posts\/234664"}],"collection":[{"href":"https:\/\/franciscanos.org.br\/noticias\/wp-json\/wp\/v2\/posts"}],"about":[{"href":"https:\/\/franciscanos.org.br\/noticias\/wp-json\/wp\/v2\/types\/post"}],"author":[{"embeddable":true,"href":"https:\/\/franciscanos.org.br\/noticias\/wp-json\/wp\/v2\/users\/3"}],"replies":[{"embeddable":true,"href":"https:\/\/franciscanos.org.br\/noticias\/wp-json\/wp\/v2\/comments?post=234664"}],"version-history":[{"count":1,"href":"https:\/\/franciscanos.org.br\/noticias\/wp-json\/wp\/v2\/posts\/234664\/revisions"}],"predecessor-version":[{"id":234670,"href":"https:\/\/franciscanos.org.br\/noticias\/wp-json\/wp\/v2\/posts\/234664\/revisions\/234670"}],"wp:featuredmedia":[{"embeddable":true,"href":"https:\/\/franciscanos.org.br\/noticias\/wp-json\/wp\/v2\/media\/234669"}],"wp:attachment":[{"href":"https:\/\/franciscanos.org.br\/noticias\/wp-json\/wp\/v2\/media?parent=234664"}],"wp:term":[{"taxonomy":"category","embeddable":true,"href":"https:\/\/franciscanos.org.br\/noticias\/wp-json\/wp\/v2\/categories?post=234664"},{"taxonomy":"post_tag","embeddable":true,"href":"https:\/\/franciscanos.org.br\/noticias\/wp-json\/wp\/v2\/tags?post=234664"}],"curies":[{"name":"wp","href":"https:\/\/api.w.org\/{rel}","templated":true}]}}