{"id":234652,"date":"2021-10-07T09:29:23","date_gmt":"2021-10-07T12:29:23","guid":{"rendered":"https:\/\/franciscanos.org.br\/noticias\/?p=234652"},"modified":"2021-10-07T09:29:23","modified_gmt":"2021-10-07T12:29:23","slug":"semana-franciscana-jufra-do-brasil-50-anos-de-bracos-com-a-vida-em-missao-na-historia","status":"publish","type":"post","link":"https:\/\/franciscanos.org.br\/noticias\/semana-franciscana-jufra-do-brasil-50-anos-de-bracos-com-a-vida-em-missao-na-historia.html","title":{"rendered":"Semana Franciscana: &#8220;Jufra do Brasil: 50 anos de bra\u00e7os com a vida em miss\u00e3o na hist\u00f3ria&#8221;"},"content":{"rendered":"<p><img loading=\"lazy\" class=\"alignnone size-full wp-image-234653\" src=\"https:\/\/franciscanos.org.br\/noticias\/wp-content\/uploads\/2021\/10\/jufra_071021.jpg\" alt=\"\" width=\"1280\" height=\"720\" srcset=\"https:\/\/franciscanos.org.br\/noticias\/wp-content\/uploads\/2021\/10\/jufra_071021.jpg 1280w, https:\/\/franciscanos.org.br\/noticias\/wp-content\/uploads\/2021\/10\/jufra_071021-450x253.jpg 450w, https:\/\/franciscanos.org.br\/noticias\/wp-content\/uploads\/2021\/10\/jufra_071021-1024x576.jpg 1024w, https:\/\/franciscanos.org.br\/noticias\/wp-content\/uploads\/2021\/10\/jufra_071021-768x432.jpg 768w, https:\/\/franciscanos.org.br\/noticias\/wp-content\/uploads\/2021\/10\/jufra_071021-150x84.jpg 150w\" sizes=\"(max-width: 1280px) 100vw, 1280px\" \/><\/p>\n<p>&#8220;Jufra do Brasil: 50 anos de bra\u00e7os com a vida em miss\u00e3o na hist\u00f3ria&#8221; \u00e9 o tema escolhido para celebrar os 50 anos da Juventude Franciscana no Brasil. A Secret\u00e1ria Nacional de Forma\u00e7\u00e3o da JUFRA do Brasil, Gabriela Consolaro Nabozny, foi a convidada do terceiro dia da 2\u00aa Semana Franciscana para falar sobre essa data jubilar.<\/p>\n<p>Este evento on-line, que termina no pr\u00f3ximo s\u00e1bado (09\/10), \u00e9 promovido pela Prov\u00edncia Franciscana da Imaculada Concei\u00e7\u00e3o, Confer\u00eancia da Fam\u00edlia Franciscana do Brasil, Instituto Teol\u00f3gico Franciscano e Editora Vozes. A gerente de Marketing da Vozes, Nat\u00e1lia Fran\u00e7a, conduziu o encontro nesta quarta-feira (6\/10).<\/p>\n<p>Gabriela, esbanjando simpatia, avisou logo de cara que n\u00e3o se deve chamar esta entidade de &#8216;grupo&#8217;, mas de &#8216;fraternidade&#8217;. &#8220;A Jufra \u00e9 uma op\u00e7\u00e3o de vida, \u00e9 um estilo de vida, \u00e9 um jeito de viver, \u00e9 uma lente que a gente coloca quando escolhe viver a f\u00e9 cat\u00f3lica para trilhar esse caminho de um jeito mais pr\u00f3ximo de Francisco e Clara de Assis&#8221;, explicou.<\/p>\n<p>Historicamente, at\u00e9 1950, os jovens faziam parte da Ordem Franciscana Secular, mas no Congresso Internacional, em Roma, eles manifestaram o desejo de se organizarem e caminharem juntos, de acordo com suas aspira\u00e7\u00f5es e modos de ser, respondendo \u00e0s exig\u00eancias dos tempos. Foi assim que, em 1950, nasceu a Juventude Franciscana mundialmente. No Brasil, a Jufra foi reconhecida oficialmente em janeiro de 1971, na Assembleia Nacional da OFS, em Recife (PE), portanto h\u00e1 50 anos.<\/p>\n<p>Para Gabriela, desde o tempo de Francisco e Clara os jovens fazem parte deste movimento franciscano, apenas n\u00e3o estavam organizados. &#8220;Francisco e Clara eram jovens e se a Jufra existisse em sua \u00e9poca seriam jufristas&#8221;, disse. &#8220;A Jufra nada \u00e9 mais \u00e9 do que uma grande fraternidade. Ent\u00e3o, comungar da magnitude desse chamado que atravessa fronteiras, d\u00e9cadas, s\u00e9culos, nos enche de alegria e do sentimento de perten\u00e7a. N\u00f3s fazemos parte de um movimento que perpetua uma hist\u00f3ria e que come\u00e7ou com Francisco e Clara&#8221;, observou Gabriela, que \u00e9 catarinense.<\/p>\n<p>Segundo Gabriela, o jovem que ingressa na Jufra \u00e9 despertado para o compromisso com a vida, inserido nas realidades presentes no contexto da Igreja Cat\u00f3lica no Brasil e na Am\u00e9rica Latina. &#8220;O cuidado com a nossa casa comum faz parte do nosso ideal franciscano de vida, pois temos como dever cuidar do que \u00e9 fr\u00e1gil, ser menor entre os menores, viver cada passo com a intensidade de Francisco e Clara. Amar e buscar a igualdade, lutando pela nossa fraternidade universal&#8221;, explicou. A idade m\u00ednima para ingressar na Jufra \u00e9 15 anos e \u00e9 feita na Fraternidade Local.<\/p>\n<p>&#8220;N\u00e3o tem como escolher uma op\u00e7\u00e3o de vida franciscana sem construir uma rela\u00e7\u00e3o mais pr\u00f3xima com a casa comum&#8221;, enfatizou Gabriela. Para ela, integridade da cria\u00e7\u00e3o \u00e9 uma preocupa\u00e7\u00e3o constante em todos n\u00edveis do movimento. &#8220;Anualmente, a gente promove uma jornada nacional de direitos humanos&#8221;, recordou.<\/p>\n<p>Gabriela lembrou que o Papa Francisco \u00e9 a melhor incentivador do carisma franciscano. &#8220;Ele reafirma todos os nossos ideais e n\u00e3o para de falar de Francisco de Assis, como vimos na <em>Laudato Si&#8217;<\/em>, no S\u00ednodo da Amaz\u00f4nia e na <em>Fratelli tutti.<\/em> O Papa Francisco abrilhanta a vida e exist\u00eancia n\u00e3o s\u00f3 da Jufra, mas de toda a Igreja. Para mim, \u00e9 um privil\u00e9gio ter o Papa Francisco neste momento de um mundo polarizado, dividido e cheio de transforma\u00e7\u00f5es. Mesmo diante de tantos problemas que vive a humanidade, ele \u00e9 essa for\u00e7a que nos levanta e essa m\u00e3o que nos puxa para frente&#8221;, disse Gabriela.<\/p>\n<p>Gabriela contou que a Jufra tamb\u00e9m teve se reinventar durante a pandemia, ainda que os jovens tenham facilidade de usar os meios tecnol\u00f3gicos. &#8220;Foi um redescobrimento para a Jufra. Esse &#8216;re&#8217; tem um significado especial&#8221;, disse a jovem, recordando a frase de Francisco no leito de morte. &#8220;Recomecemos meus irm\u00e3os, por que a at\u00e9 agora pouco ou nada fizemos&#8221;. Ela recebeu com alegria a not\u00edcia que a Editora Vozes vai destinar parte da venda da Folhinha do Sagrado Cora\u00e7\u00e3o de Jesus para a Jufra. &#8220;\u00c9 uma ajuda muito importante nessa hora dif\u00edcil que estamos vivendo&#8221;, garantiu a jovem. Ela pediu que as outras Ordens olhem com carinho para a Jufra, que \u00e9 um celeiro vocacional. &#8220;Somos jovens comprometidos a propagar o carisma franciscano&#8221;, frisou.<\/p>\n<p>Para Gabriela, o tema escolhido para celebrar 50 anos, quer olhar com gratid\u00e3o o passado, admirando o caminho o percorrido, com amor e servi\u00e7o, ao mesmo tempo que se enche de esperan\u00e7a para continuar a caminhada.<\/p>\n","protected":false},"excerpt":{"rendered":"<p>2\u00aa Semana Franciscana<\/p>\n","protected":false},"author":3,"featured_media":234653,"comment_status":"open","ping_status":"open","sticky":false,"template":"","format":"standard","meta":[],"categories":[1],"tags":[1907],"acf":[],"yoast_head":"<!-- This site is optimized with the Yoast SEO plugin v19.2 - https:\/\/yoast.com\/wordpress\/plugins\/seo\/ -->\n<title>Semana Franciscana: &quot;Jufra do Brasil: 50 anos de bra\u00e7os com a vida em miss\u00e3o na hist\u00f3ria&quot; - Not\u00edcias - Franciscanos<\/title>\n<meta name=\"robots\" content=\"index, follow, max-snippet:-1, max-image-preview:large, max-video-preview:-1\" \/>\n<link rel=\"canonical\" href=\"https:\/\/franciscanos.org.br\/noticias\/semana-franciscana-jufra-do-brasil-50-anos-de-bracos-com-a-vida-em-missao-na-historia.html\" \/>\n<meta property=\"og:locale\" content=\"pt_BR\" \/>\n<meta property=\"og:type\" content=\"article\" \/>\n<meta property=\"og:title\" content=\"Semana Franciscana: &quot;Jufra do Brasil: 50 anos de bra\u00e7os com a vida em miss\u00e3o na hist\u00f3ria&quot; - Not\u00edcias - Franciscanos\" \/>\n<meta property=\"og:description\" content=\"2\u00aa Semana Franciscana\" \/>\n<meta property=\"og:url\" content=\"https:\/\/franciscanos.org.br\/noticias\/semana-franciscana-jufra-do-brasil-50-anos-de-bracos-com-a-vida-em-missao-na-historia.html\" \/>\n<meta property=\"og:site_name\" content=\"Not\u00edcias - Franciscanos\" \/>\n<meta property=\"article:published_time\" content=\"2021-10-07T12:29:23+00:00\" \/>\n<meta property=\"og:image\" content=\"https:\/\/franciscanos.org.br\/noticias\/wp-content\/uploads\/2021\/10\/jufra_071021.jpg\" \/>\n\t<meta property=\"og:image:width\" content=\"1280\" \/>\n\t<meta property=\"og:image:height\" content=\"720\" \/>\n\t<meta property=\"og:image:type\" content=\"image\/jpeg\" \/>\n<meta name=\"author\" content=\"moacir\" \/>\n<meta name=\"twitter:card\" content=\"summary_large_image\" \/>\n<meta name=\"twitter:label1\" content=\"Escrito por\" \/>\n\t<meta name=\"twitter:data1\" content=\"moacir\" \/>\n\t<meta name=\"twitter:label2\" content=\"Est. tempo de leitura\" \/>\n\t<meta name=\"twitter:data2\" content=\"4 minutos\" \/>\n<script type=\"application\/ld+json\" class=\"yoast-schema-graph\">{\"@context\":\"https:\/\/schema.org\",\"@graph\":[{\"@type\":\"WebSite\",\"@id\":\"https:\/\/franciscanos.org.br\/noticias\/#website\",\"url\":\"https:\/\/franciscanos.org.br\/noticias\/\",\"name\":\"Not\u00edcias - Franciscanos\",\"description\":\"Prov\u00edncia Franciscana da Imaculada Concei\u00e7\u00e3o do Brasil - Ordem dos Frades Menores - OFM\",\"potentialAction\":[{\"@type\":\"SearchAction\",\"target\":{\"@type\":\"EntryPoint\",\"urlTemplate\":\"https:\/\/franciscanos.org.br\/noticias\/?s={search_term_string}\"},\"query-input\":\"required name=search_term_string\"}],\"inLanguage\":\"pt-BR\"},{\"@type\":\"ImageObject\",\"inLanguage\":\"pt-BR\",\"@id\":\"https:\/\/franciscanos.org.br\/noticias\/semana-franciscana-jufra-do-brasil-50-anos-de-bracos-com-a-vida-em-missao-na-historia.html#primaryimage\",\"url\":\"https:\/\/franciscanos.org.br\/noticias\/wp-content\/uploads\/2021\/10\/jufra_071021.jpg\",\"contentUrl\":\"https:\/\/franciscanos.org.br\/noticias\/wp-content\/uploads\/2021\/10\/jufra_071021.jpg\",\"width\":1280,\"height\":720},{\"@type\":\"WebPage\",\"@id\":\"https:\/\/franciscanos.org.br\/noticias\/semana-franciscana-jufra-do-brasil-50-anos-de-bracos-com-a-vida-em-missao-na-historia.html#webpage\",\"url\":\"https:\/\/franciscanos.org.br\/noticias\/semana-franciscana-jufra-do-brasil-50-anos-de-bracos-com-a-vida-em-missao-na-historia.html\",\"name\":\"Semana Franciscana: \\\"Jufra do Brasil: 50 anos de bra\u00e7os com a vida em miss\u00e3o na hist\u00f3ria\\\" - Not\u00edcias - Franciscanos\",\"isPartOf\":{\"@id\":\"https:\/\/franciscanos.org.br\/noticias\/#website\"},\"primaryImageOfPage\":{\"@id\":\"https:\/\/franciscanos.org.br\/noticias\/semana-franciscana-jufra-do-brasil-50-anos-de-bracos-com-a-vida-em-missao-na-historia.html#primaryimage\"},\"datePublished\":\"2021-10-07T12:29:23+00:00\",\"dateModified\":\"2021-10-07T12:29:23+00:00\",\"author\":{\"@id\":\"https:\/\/franciscanos.org.br\/noticias\/#\/schema\/person\/b5c8cba458c330ccff548b056e95a5d4\"},\"breadcrumb\":{\"@id\":\"https:\/\/franciscanos.org.br\/noticias\/semana-franciscana-jufra-do-brasil-50-anos-de-bracos-com-a-vida-em-missao-na-historia.html#breadcrumb\"},\"inLanguage\":\"pt-BR\",\"potentialAction\":[{\"@type\":\"ReadAction\",\"target\":[\"https:\/\/franciscanos.org.br\/noticias\/semana-franciscana-jufra-do-brasil-50-anos-de-bracos-com-a-vida-em-missao-na-historia.html\"]}]},{\"@type\":\"BreadcrumbList\",\"@id\":\"https:\/\/franciscanos.org.br\/noticias\/semana-franciscana-jufra-do-brasil-50-anos-de-bracos-com-a-vida-em-missao-na-historia.html#breadcrumb\",\"itemListElement\":[{\"@type\":\"ListItem\",\"position\":1,\"name\":\"Home\",\"item\":\"https:\/\/franciscanos.org.br\/noticias\"},{\"@type\":\"ListItem\",\"position\":2,\"name\":\"Semana Franciscana: &#8220;Jufra do Brasil: 50 anos de bra\u00e7os com a vida em miss\u00e3o na hist\u00f3ria&#8221;\"}]},{\"@type\":\"Person\",\"@id\":\"https:\/\/franciscanos.org.br\/noticias\/#\/schema\/person\/b5c8cba458c330ccff548b056e95a5d4\",\"name\":\"moacir\",\"image\":{\"@type\":\"ImageObject\",\"inLanguage\":\"pt-BR\",\"@id\":\"https:\/\/franciscanos.org.br\/noticias\/#\/schema\/person\/image\/\",\"url\":\"https:\/\/secure.gravatar.com\/avatar\/d08aa2ce4c8dd416d4479aa8536fcf64?s=96&d=mm&r=g\",\"contentUrl\":\"https:\/\/secure.gravatar.com\/avatar\/d08aa2ce4c8dd416d4479aa8536fcf64?s=96&d=mm&r=g\",\"caption\":\"moacir\"},\"url\":\"https:\/\/franciscanos.org.br\/noticias\/author\/moacir\"}]}<\/script>\n<!-- \/ Yoast SEO plugin. -->","yoast_head_json":{"title":"Semana Franciscana: \"Jufra do Brasil: 50 anos de bra\u00e7os com a vida em miss\u00e3o na hist\u00f3ria\" - Not\u00edcias - Franciscanos","robots":{"index":"index","follow":"follow","max-snippet":"max-snippet:-1","max-image-preview":"max-image-preview:large","max-video-preview":"max-video-preview:-1"},"canonical":"https:\/\/franciscanos.org.br\/noticias\/semana-franciscana-jufra-do-brasil-50-anos-de-bracos-com-a-vida-em-missao-na-historia.html","og_locale":"pt_BR","og_type":"article","og_title":"Semana Franciscana: \"Jufra do Brasil: 50 anos de bra\u00e7os com a vida em miss\u00e3o na hist\u00f3ria\" - Not\u00edcias - Franciscanos","og_description":"2\u00aa Semana Franciscana","og_url":"https:\/\/franciscanos.org.br\/noticias\/semana-franciscana-jufra-do-brasil-50-anos-de-bracos-com-a-vida-em-missao-na-historia.html","og_site_name":"Not\u00edcias - Franciscanos","article_published_time":"2021-10-07T12:29:23+00:00","og_image":[{"width":1280,"height":720,"url":"https:\/\/franciscanos.org.br\/noticias\/wp-content\/uploads\/2021\/10\/jufra_071021.jpg","type":"image\/jpeg"}],"author":"moacir","twitter_card":"summary_large_image","twitter_misc":{"Escrito por":"moacir","Est. tempo de leitura":"4 minutos"},"schema":{"@context":"https:\/\/schema.org","@graph":[{"@type":"WebSite","@id":"https:\/\/franciscanos.org.br\/noticias\/#website","url":"https:\/\/franciscanos.org.br\/noticias\/","name":"Not\u00edcias - Franciscanos","description":"Prov\u00edncia Franciscana da Imaculada Concei\u00e7\u00e3o do Brasil - Ordem dos Frades Menores - OFM","potentialAction":[{"@type":"SearchAction","target":{"@type":"EntryPoint","urlTemplate":"https:\/\/franciscanos.org.br\/noticias\/?s={search_term_string}"},"query-input":"required name=search_term_string"}],"inLanguage":"pt-BR"},{"@type":"ImageObject","inLanguage":"pt-BR","@id":"https:\/\/franciscanos.org.br\/noticias\/semana-franciscana-jufra-do-brasil-50-anos-de-bracos-com-a-vida-em-missao-na-historia.html#primaryimage","url":"https:\/\/franciscanos.org.br\/noticias\/wp-content\/uploads\/2021\/10\/jufra_071021.jpg","contentUrl":"https:\/\/franciscanos.org.br\/noticias\/wp-content\/uploads\/2021\/10\/jufra_071021.jpg","width":1280,"height":720},{"@type":"WebPage","@id":"https:\/\/franciscanos.org.br\/noticias\/semana-franciscana-jufra-do-brasil-50-anos-de-bracos-com-a-vida-em-missao-na-historia.html#webpage","url":"https:\/\/franciscanos.org.br\/noticias\/semana-franciscana-jufra-do-brasil-50-anos-de-bracos-com-a-vida-em-missao-na-historia.html","name":"Semana Franciscana: \"Jufra do Brasil: 50 anos de bra\u00e7os com a vida em miss\u00e3o na hist\u00f3ria\" - Not\u00edcias - Franciscanos","isPartOf":{"@id":"https:\/\/franciscanos.org.br\/noticias\/#website"},"primaryImageOfPage":{"@id":"https:\/\/franciscanos.org.br\/noticias\/semana-franciscana-jufra-do-brasil-50-anos-de-bracos-com-a-vida-em-missao-na-historia.html#primaryimage"},"datePublished":"2021-10-07T12:29:23+00:00","dateModified":"2021-10-07T12:29:23+00:00","author":{"@id":"https:\/\/franciscanos.org.br\/noticias\/#\/schema\/person\/b5c8cba458c330ccff548b056e95a5d4"},"breadcrumb":{"@id":"https:\/\/franciscanos.org.br\/noticias\/semana-franciscana-jufra-do-brasil-50-anos-de-bracos-com-a-vida-em-missao-na-historia.html#breadcrumb"},"inLanguage":"pt-BR","potentialAction":[{"@type":"ReadAction","target":["https:\/\/franciscanos.org.br\/noticias\/semana-franciscana-jufra-do-brasil-50-anos-de-bracos-com-a-vida-em-missao-na-historia.html"]}]},{"@type":"BreadcrumbList","@id":"https:\/\/franciscanos.org.br\/noticias\/semana-franciscana-jufra-do-brasil-50-anos-de-bracos-com-a-vida-em-missao-na-historia.html#breadcrumb","itemListElement":[{"@type":"ListItem","position":1,"name":"Home","item":"https:\/\/franciscanos.org.br\/noticias"},{"@type":"ListItem","position":2,"name":"Semana Franciscana: &#8220;Jufra do Brasil: 50 anos de bra\u00e7os com a vida em miss\u00e3o na hist\u00f3ria&#8221;"}]},{"@type":"Person","@id":"https:\/\/franciscanos.org.br\/noticias\/#\/schema\/person\/b5c8cba458c330ccff548b056e95a5d4","name":"moacir","image":{"@type":"ImageObject","inLanguage":"pt-BR","@id":"https:\/\/franciscanos.org.br\/noticias\/#\/schema\/person\/image\/","url":"https:\/\/secure.gravatar.com\/avatar\/d08aa2ce4c8dd416d4479aa8536fcf64?s=96&d=mm&r=g","contentUrl":"https:\/\/secure.gravatar.com\/avatar\/d08aa2ce4c8dd416d4479aa8536fcf64?s=96&d=mm&r=g","caption":"moacir"},"url":"https:\/\/franciscanos.org.br\/noticias\/author\/moacir"}]}},"_links":{"self":[{"href":"https:\/\/franciscanos.org.br\/noticias\/wp-json\/wp\/v2\/posts\/234652"}],"collection":[{"href":"https:\/\/franciscanos.org.br\/noticias\/wp-json\/wp\/v2\/posts"}],"about":[{"href":"https:\/\/franciscanos.org.br\/noticias\/wp-json\/wp\/v2\/types\/post"}],"author":[{"embeddable":true,"href":"https:\/\/franciscanos.org.br\/noticias\/wp-json\/wp\/v2\/users\/3"}],"replies":[{"embeddable":true,"href":"https:\/\/franciscanos.org.br\/noticias\/wp-json\/wp\/v2\/comments?post=234652"}],"version-history":[{"count":1,"href":"https:\/\/franciscanos.org.br\/noticias\/wp-json\/wp\/v2\/posts\/234652\/revisions"}],"predecessor-version":[{"id":234654,"href":"https:\/\/franciscanos.org.br\/noticias\/wp-json\/wp\/v2\/posts\/234652\/revisions\/234654"}],"wp:featuredmedia":[{"embeddable":true,"href":"https:\/\/franciscanos.org.br\/noticias\/wp-json\/wp\/v2\/media\/234653"}],"wp:attachment":[{"href":"https:\/\/franciscanos.org.br\/noticias\/wp-json\/wp\/v2\/media?parent=234652"}],"wp:term":[{"taxonomy":"category","embeddable":true,"href":"https:\/\/franciscanos.org.br\/noticias\/wp-json\/wp\/v2\/categories?post=234652"},{"taxonomy":"post_tag","embeddable":true,"href":"https:\/\/franciscanos.org.br\/noticias\/wp-json\/wp\/v2\/tags?post=234652"}],"curies":[{"name":"wp","href":"https:\/\/api.w.org\/{rel}","templated":true}]}}