{"id":234648,"date":"2021-10-07T07:39:47","date_gmt":"2021-10-07T10:39:47","guid":{"rendered":"https:\/\/franciscanos.org.br\/noticias\/?p=234648"},"modified":"2021-10-07T07:40:27","modified_gmt":"2021-10-07T10:40:27","slug":"lataranense","status":"publish","type":"post","link":"https:\/\/franciscanos.org.br\/noticias\/lataranense.html","title":{"rendered":"Papa: abandonemos definitivamente o \u2018sempre foi feito assim\u2019"},"content":{"rendered":"<div id=\"attachment_234649\" style=\"width: 1290px\" class=\"wp-caption alignnone\"><img aria-describedby=\"caption-attachment-234649\" loading=\"lazy\" class=\"wp-image-234649 size-full\" src=\"https:\/\/franciscanos.org.br\/noticias\/wp-content\/uploads\/2021\/10\/papa_latarense_071021.jpg\" alt=\"\" width=\"1280\" height=\"720\" srcset=\"https:\/\/franciscanos.org.br\/noticias\/wp-content\/uploads\/2021\/10\/papa_latarense_071021.jpg 1280w, https:\/\/franciscanos.org.br\/noticias\/wp-content\/uploads\/2021\/10\/papa_latarense_071021-450x253.jpg 450w, https:\/\/franciscanos.org.br\/noticias\/wp-content\/uploads\/2021\/10\/papa_latarense_071021-1024x576.jpg 1024w, https:\/\/franciscanos.org.br\/noticias\/wp-content\/uploads\/2021\/10\/papa_latarense_071021-768x432.jpg 768w, https:\/\/franciscanos.org.br\/noticias\/wp-content\/uploads\/2021\/10\/papa_latarense_071021-150x84.jpg 150w\" sizes=\"(max-width: 1280px) 100vw, 1280px\" \/><p id=\"caption-attachment-234649\" class=\"wp-caption-text\"><em>\u00a0 \u00a0 \u00a0 \u00a0 \u00a0 \u00a0 \u00a0 \u00a0 \u00a0 \u00a0 \u00a0 \u00a0 \u00a0 \u00a0 \u00a0 \u00a0 \u00a0 \u00a0 \u00a0 \u00a0 \u00a0 \u00a0 \u00a0 \u00a0 \u00a0 \u00a0 \u00a0 \u00a0 \u00a0 \u00a0 \u00a0 \u00a0 \u00a0 \u00a0 \u00a0 \u00a0 \u00a0 \u00a0 \u00a0 \u00a0 \u00a0 \u00a0 \u00a0 \u00a0 \u00a0 \u00a0 \u00a0 \u00a0 \u00a0 \u00a0 \u00a0 \u00a0 \u00a0 \u00a0 \u00a0 \u00a0 \u00a0 \u00a0 \u00a0 \u00a0 \u00a0 \u00a0 \u00a0 \u00a0 \u00a0 \u00a0 \u00a0 \u00a0 \u00a0 Imagem: Vatican Media<\/em><\/p><\/div>\n<p>Na manh\u00e3 desta quinta-feira (07\/10) o Papa Francisco participou de um Ato Acad\u00eamico para a Institui\u00e7\u00e3o de um ciclo de estudos sobre o \u201cCuidado da nossa Casa Comum e a Prote\u00e7\u00e3o da Cria\u00e7\u00e3o\u201d e da C\u00e1tedra UNESCO &#8220;Um futuro de educa\u00e7\u00e3o \u00e0 sustentabilidade\u201d. O Papa iniciou seu discurso agradecendo a presen\u00e7a de todos e principalmente do Patriarca Bartolomeu de Constantinopla \u201ccom quem compartilhamos o dever de proclamar o amor \u00e0 cria\u00e7\u00e3o e o compromisso por sua preserva\u00e7\u00e3o\u201d.<\/p>\n<p>Francisco recordou em seguida a mensagem em vista da COP26 em Glasgow escrita juntamente com o Patriarca Bartolomeu e o arcebispo Justin Welby , Primaz da Igreja Anglicana.<\/p>\n<p>\u201cPenso que todos n\u00f3s estamos conscientes: o mal que estamos fazendo ao planeta n\u00e3o se limita mais aos danos ao clima, \u00e0 \u00e1gua e ao solo, mas agora amea\u00e7a a pr\u00f3pria vida na Terra. Diante disso, n\u00e3o basta repetir declara\u00e7\u00f5es de princ\u00edpio que nos fazem sentir bem porque, entre outras coisas, tamb\u00e9m estamos interessados no meio ambiente. A complexidade da crise ecol\u00f3gica exige responsabilidade, concretude e compet\u00eancia\u201d<\/p>\n<p><strong>A atividade acad\u00eamica<\/strong><br \/>\nO Papa ponderou que estas escolhas recordam a miss\u00e3o original das Universidades onde diversas \u00e1reas do saber se encontram, onde estudantes e professores se re\u00fanem para refletir e desenvolver criativamente novos caminhos para o futuro: &#8220;A atividade acad\u00eamica &#8211; disse ainda o Papa &#8211; \u00e9 chamada a promover uma convers\u00e3o ecol\u00f3gica integral a fim de preservar o esplendor da natureza, antes de tudo reconstruindo a unidade necess\u00e1ria entre as ci\u00eancias naturais e sociais com o que \u00e9 oferecido pela reflex\u00e3o teol\u00f3gica, filos\u00f3fica e \u00e9tica, a fim de inspirar a norma jur\u00eddica e uma saud\u00e1vel vis\u00e3o econ\u00f4mica&#8221;.<\/p>\n<p>Em seguida Francisco falou sobre a presen\u00e7a da mais alta representa\u00e7\u00e3o da UNESCO no encontro agradecendo \u201co objetivo pela aten\u00e7\u00e3o ativa que prestou a esta iniciativa ao lan\u00e7ar o caminho para uma c\u00e1tedra sobre o Futuro da Educa\u00e7\u00e3o \u00e0 Sustentabilidade\u201d. Ao falar sobre o novo ciclo de estudos em ecologia e meio ambiente lan\u00e7ado na Universidade Francisco recordou: \u201cDeve ser um ponto de encontro para a reflex\u00e3o sobre ecologia integral, capaz de reunir diferentes experi\u00eancias e pensamentos, combinando-os atrav\u00e9s do m\u00e9todo de pesquisa cient\u00edfica.<\/p>\n<p>\u201cDesta forma, a Universidade n\u00e3o \u00e9 apenas uma express\u00e3o da unidade do conhecimento, mas tamb\u00e9m a deposit\u00e1ria de um imperativo que n\u00e3o tem fronteiras religiosas, ideol\u00f3gicas ou culturais: salvaguardar nossa casa comum, preserv\u00e1-la de a\u00e7\u00f5es perversas, talvez inspiradas pela pol\u00edtica, economia e educa\u00e7\u00e3o ligadas ao resultado imediato, em benef\u00edcio de poucos\u201d.<\/p>\n<p><strong>Interesse deve se tornar miss\u00e3o<\/strong><br \/>\nPara uma ecologia integral, recordou Francisco devemos vincular os objetivos de desenvolvimento sustent\u00e1vel com uma rela\u00e7\u00e3o de causa e efeito sem esquecer que \u201cn\u00e3o h\u00e1 ecologia sem uma antropologia adequada&#8221; (Laudato si&#8217;, 118). Sem uma verdadeira ecologia integral teremos &#8220;um novo desequil\u00edbrio, que n\u00e3o s\u00f3 deixar\u00e1 de resolver problemas, mas acrescentar\u00e1 novos&#8221; (ibidem)\u201d<\/p>\n<p>Portanto: \u201cA ideia de um ciclo especial de estudos, serve para transformar at\u00e9 mesmo entre os crentes o mero interesse pelo meio ambiente em uma miss\u00e3o realizada por pessoas formadas, fruto de uma experi\u00eancia educacional adequada\u201d<\/p>\n<p>Por fim o Papa adverte aos presentes: \u201cEsta \u00e9 a maior responsabilidade diante daqueles que, por causa da degrada\u00e7\u00e3o ambiental, s\u00e3o exclu\u00eddos, abandonados e esquecidos. Um trabalho para o qual as Igrejas, por voca\u00e7\u00e3o, e toda pessoa de boa vontade s\u00e3o chamadas a dar toda a contribui\u00e7\u00e3o necess\u00e1ria, fazendo-se a voz daqueles que n\u00e3o t\u00eam voz, que se eleva acima dos interesses partid\u00e1rios e n\u00e3o fica apenas reclamando\u201d.<\/p>\n<p>E concluindo disse: \u201cAbandonemos definitivamente o \u2018sempre foi feito assim\u2019, o que n\u00e3o nos torna confi\u00e1veis porque gera superficialidade e respostas que s\u00f3 aparentemente s\u00e3o v\u00e1lidas\u201d. Pelo contr\u00e1rio, somos chamados a um trabalho qualificado, que exige generosidade e gratuidade de todos para responder a um contexto cultural cujos desafios exigem concretude, precis\u00e3o e capacidade de enfrent\u00e1-los\u201d .<\/p>\n<hr \/>\n<p><em>Fonte: Vatican News (texto de Jane Nogara)<\/em><\/p>\n","protected":false},"excerpt":{"rendered":"<p>Encontro na Universidade Lateranense de Roma<\/p>\n","protected":false},"author":3,"featured_media":0,"comment_status":"open","ping_status":"open","sticky":false,"template":"","format":"standard","meta":[],"categories":[1428],"tags":[55],"acf":[],"yoast_head":"<!-- This site is optimized with the Yoast SEO plugin v19.2 - https:\/\/yoast.com\/wordpress\/plugins\/seo\/ -->\n<title>Papa: abandonemos definitivamente o \u2018sempre foi feito assim\u2019 - Not\u00edcias - Franciscanos<\/title>\n<meta name=\"robots\" content=\"index, follow, max-snippet:-1, max-image-preview:large, max-video-preview:-1\" \/>\n<link rel=\"canonical\" href=\"https:\/\/franciscanos.org.br\/noticias\/lataranense.html\" \/>\n<meta property=\"og:locale\" content=\"pt_BR\" \/>\n<meta property=\"og:type\" content=\"article\" \/>\n<meta property=\"og:title\" content=\"Papa: abandonemos definitivamente o \u2018sempre foi feito assim\u2019 - Not\u00edcias - Franciscanos\" \/>\n<meta property=\"og:description\" content=\"Encontro na Universidade Lateranense de Roma\" \/>\n<meta property=\"og:url\" content=\"https:\/\/franciscanos.org.br\/noticias\/lataranense.html\" \/>\n<meta property=\"og:site_name\" content=\"Not\u00edcias - Franciscanos\" \/>\n<meta property=\"article:published_time\" content=\"2021-10-07T10:39:47+00:00\" \/>\n<meta property=\"article:modified_time\" content=\"2021-10-07T10:40:27+00:00\" \/>\n<meta property=\"og:image\" content=\"https:\/\/franciscanos.org.br\/noticias\/wp-content\/uploads\/2021\/10\/papa_latarense_071021.jpg\" \/>\n<meta name=\"author\" content=\"moacir\" \/>\n<meta name=\"twitter:card\" content=\"summary_large_image\" \/>\n<meta name=\"twitter:label1\" content=\"Escrito por\" \/>\n\t<meta name=\"twitter:data1\" content=\"moacir\" \/>\n\t<meta name=\"twitter:label2\" content=\"Est. tempo de leitura\" \/>\n\t<meta name=\"twitter:data2\" content=\"4 minutos\" \/>\n<script type=\"application\/ld+json\" class=\"yoast-schema-graph\">{\"@context\":\"https:\/\/schema.org\",\"@graph\":[{\"@type\":\"WebSite\",\"@id\":\"https:\/\/franciscanos.org.br\/noticias\/#website\",\"url\":\"https:\/\/franciscanos.org.br\/noticias\/\",\"name\":\"Not\u00edcias - Franciscanos\",\"description\":\"Prov\u00edncia Franciscana da Imaculada Concei\u00e7\u00e3o do Brasil - Ordem dos Frades Menores - OFM\",\"potentialAction\":[{\"@type\":\"SearchAction\",\"target\":{\"@type\":\"EntryPoint\",\"urlTemplate\":\"https:\/\/franciscanos.org.br\/noticias\/?s={search_term_string}\"},\"query-input\":\"required name=search_term_string\"}],\"inLanguage\":\"pt-BR\"},{\"@type\":\"ImageObject\",\"inLanguage\":\"pt-BR\",\"@id\":\"https:\/\/franciscanos.org.br\/noticias\/lataranense.html#primaryimage\",\"url\":\"https:\/\/franciscanos.org.br\/noticias\/wp-content\/uploads\/2021\/10\/papa_latarense_071021.jpg\",\"contentUrl\":\"https:\/\/franciscanos.org.br\/noticias\/wp-content\/uploads\/2021\/10\/papa_latarense_071021.jpg\",\"width\":1280,\"height\":720},{\"@type\":\"WebPage\",\"@id\":\"https:\/\/franciscanos.org.br\/noticias\/lataranense.html#webpage\",\"url\":\"https:\/\/franciscanos.org.br\/noticias\/lataranense.html\",\"name\":\"Papa: abandonemos definitivamente o \u2018sempre foi feito assim\u2019 - Not\u00edcias - Franciscanos\",\"isPartOf\":{\"@id\":\"https:\/\/franciscanos.org.br\/noticias\/#website\"},\"primaryImageOfPage\":{\"@id\":\"https:\/\/franciscanos.org.br\/noticias\/lataranense.html#primaryimage\"},\"datePublished\":\"2021-10-07T10:39:47+00:00\",\"dateModified\":\"2021-10-07T10:40:27+00:00\",\"author\":{\"@id\":\"https:\/\/franciscanos.org.br\/noticias\/#\/schema\/person\/b5c8cba458c330ccff548b056e95a5d4\"},\"breadcrumb\":{\"@id\":\"https:\/\/franciscanos.org.br\/noticias\/lataranense.html#breadcrumb\"},\"inLanguage\":\"pt-BR\",\"potentialAction\":[{\"@type\":\"ReadAction\",\"target\":[\"https:\/\/franciscanos.org.br\/noticias\/lataranense.html\"]}]},{\"@type\":\"BreadcrumbList\",\"@id\":\"https:\/\/franciscanos.org.br\/noticias\/lataranense.html#breadcrumb\",\"itemListElement\":[{\"@type\":\"ListItem\",\"position\":1,\"name\":\"Home\",\"item\":\"https:\/\/franciscanos.org.br\/noticias\"},{\"@type\":\"ListItem\",\"position\":2,\"name\":\"Papa: abandonemos definitivamente o \u2018sempre foi feito assim\u2019\"}]},{\"@type\":\"Person\",\"@id\":\"https:\/\/franciscanos.org.br\/noticias\/#\/schema\/person\/b5c8cba458c330ccff548b056e95a5d4\",\"name\":\"moacir\",\"image\":{\"@type\":\"ImageObject\",\"inLanguage\":\"pt-BR\",\"@id\":\"https:\/\/franciscanos.org.br\/noticias\/#\/schema\/person\/image\/\",\"url\":\"https:\/\/secure.gravatar.com\/avatar\/d08aa2ce4c8dd416d4479aa8536fcf64?s=96&d=mm&r=g\",\"contentUrl\":\"https:\/\/secure.gravatar.com\/avatar\/d08aa2ce4c8dd416d4479aa8536fcf64?s=96&d=mm&r=g\",\"caption\":\"moacir\"},\"url\":\"https:\/\/franciscanos.org.br\/noticias\/author\/moacir\"}]}<\/script>\n<!-- \/ Yoast SEO plugin. -->","yoast_head_json":{"title":"Papa: abandonemos definitivamente o \u2018sempre foi feito assim\u2019 - Not\u00edcias - Franciscanos","robots":{"index":"index","follow":"follow","max-snippet":"max-snippet:-1","max-image-preview":"max-image-preview:large","max-video-preview":"max-video-preview:-1"},"canonical":"https:\/\/franciscanos.org.br\/noticias\/lataranense.html","og_locale":"pt_BR","og_type":"article","og_title":"Papa: abandonemos definitivamente o \u2018sempre foi feito assim\u2019 - Not\u00edcias - Franciscanos","og_description":"Encontro na Universidade Lateranense de Roma","og_url":"https:\/\/franciscanos.org.br\/noticias\/lataranense.html","og_site_name":"Not\u00edcias - Franciscanos","article_published_time":"2021-10-07T10:39:47+00:00","article_modified_time":"2021-10-07T10:40:27+00:00","og_image":[{"url":"https:\/\/franciscanos.org.br\/noticias\/wp-content\/uploads\/2021\/10\/papa_latarense_071021.jpg"}],"author":"moacir","twitter_card":"summary_large_image","twitter_misc":{"Escrito por":"moacir","Est. tempo de leitura":"4 minutos"},"schema":{"@context":"https:\/\/schema.org","@graph":[{"@type":"WebSite","@id":"https:\/\/franciscanos.org.br\/noticias\/#website","url":"https:\/\/franciscanos.org.br\/noticias\/","name":"Not\u00edcias - Franciscanos","description":"Prov\u00edncia Franciscana da Imaculada Concei\u00e7\u00e3o do Brasil - Ordem dos Frades Menores - OFM","potentialAction":[{"@type":"SearchAction","target":{"@type":"EntryPoint","urlTemplate":"https:\/\/franciscanos.org.br\/noticias\/?s={search_term_string}"},"query-input":"required name=search_term_string"}],"inLanguage":"pt-BR"},{"@type":"ImageObject","inLanguage":"pt-BR","@id":"https:\/\/franciscanos.org.br\/noticias\/lataranense.html#primaryimage","url":"https:\/\/franciscanos.org.br\/noticias\/wp-content\/uploads\/2021\/10\/papa_latarense_071021.jpg","contentUrl":"https:\/\/franciscanos.org.br\/noticias\/wp-content\/uploads\/2021\/10\/papa_latarense_071021.jpg","width":1280,"height":720},{"@type":"WebPage","@id":"https:\/\/franciscanos.org.br\/noticias\/lataranense.html#webpage","url":"https:\/\/franciscanos.org.br\/noticias\/lataranense.html","name":"Papa: abandonemos definitivamente o \u2018sempre foi feito assim\u2019 - Not\u00edcias - Franciscanos","isPartOf":{"@id":"https:\/\/franciscanos.org.br\/noticias\/#website"},"primaryImageOfPage":{"@id":"https:\/\/franciscanos.org.br\/noticias\/lataranense.html#primaryimage"},"datePublished":"2021-10-07T10:39:47+00:00","dateModified":"2021-10-07T10:40:27+00:00","author":{"@id":"https:\/\/franciscanos.org.br\/noticias\/#\/schema\/person\/b5c8cba458c330ccff548b056e95a5d4"},"breadcrumb":{"@id":"https:\/\/franciscanos.org.br\/noticias\/lataranense.html#breadcrumb"},"inLanguage":"pt-BR","potentialAction":[{"@type":"ReadAction","target":["https:\/\/franciscanos.org.br\/noticias\/lataranense.html"]}]},{"@type":"BreadcrumbList","@id":"https:\/\/franciscanos.org.br\/noticias\/lataranense.html#breadcrumb","itemListElement":[{"@type":"ListItem","position":1,"name":"Home","item":"https:\/\/franciscanos.org.br\/noticias"},{"@type":"ListItem","position":2,"name":"Papa: abandonemos definitivamente o \u2018sempre foi feito assim\u2019"}]},{"@type":"Person","@id":"https:\/\/franciscanos.org.br\/noticias\/#\/schema\/person\/b5c8cba458c330ccff548b056e95a5d4","name":"moacir","image":{"@type":"ImageObject","inLanguage":"pt-BR","@id":"https:\/\/franciscanos.org.br\/noticias\/#\/schema\/person\/image\/","url":"https:\/\/secure.gravatar.com\/avatar\/d08aa2ce4c8dd416d4479aa8536fcf64?s=96&d=mm&r=g","contentUrl":"https:\/\/secure.gravatar.com\/avatar\/d08aa2ce4c8dd416d4479aa8536fcf64?s=96&d=mm&r=g","caption":"moacir"},"url":"https:\/\/franciscanos.org.br\/noticias\/author\/moacir"}]}},"_links":{"self":[{"href":"https:\/\/franciscanos.org.br\/noticias\/wp-json\/wp\/v2\/posts\/234648"}],"collection":[{"href":"https:\/\/franciscanos.org.br\/noticias\/wp-json\/wp\/v2\/posts"}],"about":[{"href":"https:\/\/franciscanos.org.br\/noticias\/wp-json\/wp\/v2\/types\/post"}],"author":[{"embeddable":true,"href":"https:\/\/franciscanos.org.br\/noticias\/wp-json\/wp\/v2\/users\/3"}],"replies":[{"embeddable":true,"href":"https:\/\/franciscanos.org.br\/noticias\/wp-json\/wp\/v2\/comments?post=234648"}],"version-history":[{"count":2,"href":"https:\/\/franciscanos.org.br\/noticias\/wp-json\/wp\/v2\/posts\/234648\/revisions"}],"predecessor-version":[{"id":234651,"href":"https:\/\/franciscanos.org.br\/noticias\/wp-json\/wp\/v2\/posts\/234648\/revisions\/234651"}],"wp:attachment":[{"href":"https:\/\/franciscanos.org.br\/noticias\/wp-json\/wp\/v2\/media?parent=234648"}],"wp:term":[{"taxonomy":"category","embeddable":true,"href":"https:\/\/franciscanos.org.br\/noticias\/wp-json\/wp\/v2\/categories?post=234648"},{"taxonomy":"post_tag","embeddable":true,"href":"https:\/\/franciscanos.org.br\/noticias\/wp-json\/wp\/v2\/tags?post=234648"}],"curies":[{"name":"wp","href":"https:\/\/api.w.org\/{rel}","templated":true}]}}