{"id":234638,"date":"2021-10-06T11:25:27","date_gmt":"2021-10-06T14:25:27","guid":{"rendered":"https:\/\/franciscanos.org.br\/noticias\/?p=234638"},"modified":"2023-01-09T11:10:19","modified_gmt":"2023-01-09T14:10:19","slug":"semana-franciscana-o-antidoto-do-cuidado-contra-a-pandemia","status":"publish","type":"post","link":"https:\/\/franciscanos.org.br\/noticias\/semana-franciscana-o-antidoto-do-cuidado-contra-a-pandemia.html","title":{"rendered":"Semana Franciscana: O ant\u00eddoto do cuidado contra a pandemia"},"content":{"rendered":"<p><img loading=\"lazy\" class=\"alignnone wp-image-234639 size-full\" src=\"https:\/\/franciscanos.org.br\/noticias\/wp-content\/uploads\/2021\/10\/semana_terca_061021.jpg\" alt=\"\" width=\"1280\" height=\"720\" srcset=\"https:\/\/franciscanos.org.br\/noticias\/wp-content\/uploads\/2021\/10\/semana_terca_061021.jpg 1280w, https:\/\/franciscanos.org.br\/noticias\/wp-content\/uploads\/2021\/10\/semana_terca_061021-450x253.jpg 450w, https:\/\/franciscanos.org.br\/noticias\/wp-content\/uploads\/2021\/10\/semana_terca_061021-1024x576.jpg 1024w, https:\/\/franciscanos.org.br\/noticias\/wp-content\/uploads\/2021\/10\/semana_terca_061021-768x432.jpg 768w, https:\/\/franciscanos.org.br\/noticias\/wp-content\/uploads\/2021\/10\/semana_terca_061021-150x84.jpg 150w\" sizes=\"(max-width: 1280px) 100vw, 1280px\" \/><\/p>\n<p>Os tr\u00eas ramos da Ordem Franciscana &#8211; os Frades Menores, as Irm\u00e3s Clarissas e os leigos &#8211; estiveram juntos para &#8220;uma conversa em fam\u00edlia&#8221;, como disse o Vig\u00e1rio Provincial da Prov\u00edncia da Imaculada Concei\u00e7\u00e3o, Frei Gustavo Medella, ao acolher a Irm\u00e3 Maria Karolyne de Jesus Crucificado, Clarissa do Mosteiro Santa Clara, de Belo Horizonte, MG, e Hugo Leonardo Pereira Borba, Ministro da Fraternidade Santo Ant\u00f4nio dos Pobres da Ordem Franciscana Secular, em Volta Redonda, RJ, no encontro do segundo dia da Semana Franciscana que vai at\u00e9 o pr\u00f3ximo s\u00e1bado (09\/10), numa promo\u00e7\u00e3o conjunta da Prov\u00edncia Franciscana da Imaculada Concei\u00e7\u00e3o, da Confer\u00eancia da Fam\u00edlia Franciscana do Brasil, do Instituto Teol\u00f3gico Franciscano e da Editora Vozes, atrav\u00e9s de suas redes sociais.<\/p>\n<p>O tema deste encontro foi &#8220;Francisco, Clara e a Ecologia Integral: as respostas franciscanas para a Pandemia&#8221;. Para come\u00e7ar, Frei Gustavo trouxe dois par\u00e1grafos (91 e 92) da carta enc\u00edclica Laudato Si&#8217; (Louvas sejas) do Papa Francisco: &#8220;Tudo est\u00e1 relacionado, e todos n\u00f3s, seres humanos, caminhamos juntos como irm\u00e3os e irm\u00e3s numa peregrina\u00e7\u00e3o maravilhosa, entrela\u00e7ados pelo amor que Deus tem a cada uma das suas criaturas e que nos une tamb\u00e9m, com terna afei\u00e7\u00e3o, ao irm\u00e3o sol, \u00e0 irm\u00e3 lua, ao irm\u00e3o rio e \u00e0 m\u00e3e terra&#8221;, destacou Frei Medella do documento do Papa.<\/p>\n<p>\u00c0 pergunta de Frei Medella &#8211; quais s\u00e3o as grandes doen\u00e7as da humanidade que a pandemia fez escancarar e quais s\u00e3o os rem\u00e9dios que a nossa espiritualidade pode oferecer para esta doen\u00e7a? -, para Hugo a maior doen\u00e7a desta pandemia, talvez, \u00e9 o v\u00edrus da falta do amor, como o pr\u00f3prio Papa Francisco afirmou. &#8220;O Papa vem relembrar que o maior v\u00edrus \u00e9 o da indiferen\u00e7a, do ego\u00edsmo, da insensibilidade. E talvez o ant\u00eddoto contra isso, como a irm\u00e3 colocou muito bem, relembrando Santa Clara, \u00e9 a ess\u00eancia do cuidado.\u00a0 A cria\u00e7\u00e3o urge por cuidado, o ser humano urge por cuidado e n\u00f3s, como seres relacionais, precisamos estabelecer isso&#8221;, acredita o franciscano secular Hugo. Segundo ele, o cuidado e a abertura fraterna como ensinou o Pobrezinho de Assis. &#8220;Precisamos sair, verdadeiramente, desse processo renovados e fazer desse momento um ato penitencial para se reconciliar com o Deusa e entender o real valor da vida&#8221;, disse.<\/p>\n<p>Para Ir. Karolyne, o cuidado \u00e9 a palavra-chave neste momento. &#8220;Pensando no contexto familiar de Clara, uma jovem rica e nobre, imagino que ela tinha a companhia de amas para cuidar dela em tudo. Mas ela faz o contr\u00e1rio e sai de si para cuidar das irm\u00e3s. Ent\u00e3o, eu penso que ela \u00e9 esse espelho do cuidado com o outro. Cuidado no sentido da escuta, da acolhida, cuidado at\u00e9 mesmo pela ora\u00e7\u00e3o. Ent\u00e3o, a gente pode ter uma atitude de ficar no negativo da pandemia, mas tamb\u00e9m a gente pode iluminar todas essas realidades com a luz do Evangelho. Quando a gente se depara com as limita\u00e7\u00f5es e v\u00ea a for\u00e7a de Deus que nos faz superar nossas limita\u00e7\u00f5es, que obra maravilhosa! Quando a gente olha para Francisco e v\u00ea aquele homem amante de Jesus, quanta riqueza a gente pode transpor nesse tempo! Ent\u00e3o, precisamos ir al\u00e9m e acho que a nossa espiritualidade, que \u00e9 espiritualidade de esperan\u00e7a, nos ajuda a olhar com outros olhos&#8221;, ensinou a irm\u00e3.<\/p>\n<p>Frei Medella perguntou ao Ministro da OFS de que maneira a espiritualidade franciscana tem sido importante para ele e para sua fam\u00edlia nesse tempo de pandemia. Para Hugo, os franciscanos e franciscanas miram no exemplo de S\u00e3o Francisco e enxergam com a ternura de Deus este momento. &#8220;O nosso carisma nos proporciona a fazer a experi\u00eancia de entender atrav\u00e9s da dor, das perdas, do exerc\u00edcio da nossa solidariedade de encontrar esse Deus que se revela na dor e que se revela nesse momento t\u00e3o dif\u00edcil da hist\u00f3ria da humanidade. E a nossa espiritualidade franciscana \u00e9 uma b\u00fassola que vai nos ajudando a navegar nesse mar t\u00e3o turbulento, claro, com Jesus vai ao mastro. E Francisco vai nos mostrando o caminho e as respostas no cotidiano da vida&#8221;, acredita Hugo, contando que ele, a esposa e a sogra foram infectados pelo coronav\u00edrus. &#8220;N\u00e3o foi um momento f\u00e1cil, mas o amor que nos une ajudou a enfrentar esse momento&#8221;, explicou.<\/p>\n<p>Para Ir. Karolyne, as irm\u00e3s se espelham em Santa Clara quando ela exorta In\u00eas a ser colaboradora dos &#8216;membros fracos&#8217;. &#8220;A gente est\u00e1 aqui para sustentar a humanidade atrav\u00e9s da nossa ora\u00e7\u00e3o. No caso da pandemia, quando n\u00f3s &#8216;nos guardamos&#8217;, vemos isso como uma responsabilidade maior. Quando Deus nos poupa dessa experi\u00eancia da doen\u00e7a, de enfermidade, a gente sente uma responsabilidade maior de interceder, de rezar, pelas pessoas. Isso tamb\u00e9m fortalece a nossa voca\u00e7\u00e3o enquanto miss\u00e3o de intercessoras&#8221;, explicou Ir. Karolyne. Mesmo vivendo em mosteiros como contemplativas, Ir. Karolyne explicou que foi necess\u00e1rio mais cuidado com as coisas que chegavam ao mosteiro. &#8220;As irm\u00e3s que saem est\u00e3o mais atentas por onde andam, com quem falam. Na medida em que eu me cuido, eu tamb\u00e9m estou cuidando do outro. Ent\u00e3o, tem sido uma experi\u00eancia muito forte de &#8216;sentir com&#8217;, de sentir com a humanidade, de sentir com os irm\u00e3os. Muitas pessoas ligam pedindo ora\u00e7\u00f5es porque tem familiares internados, outras pessoas porque perderam familiares. E a\u00ed a gente v\u00ea o nosso Pai S\u00e3o Francisco com o cuidado com o irm\u00e3o, com o cuidado com o leproso, o cuidado de nossa M\u00e3e Santa Clara com as irm\u00e3s enfermas. Ent\u00e3o, tem sido assim um momento de aprofundar a nossa espiritualidade&#8221;, explica a religiosa.<\/p>\n<p>Outro ponto que Frei Medella tocou foi a crueldade desta doen\u00e7a at\u00e9 na hora da partida dos entes queridos. &#8220;Que palavras pautadas na esperan\u00e7a crist\u00e3 poder\u00edamos dizer \u00e0queles que perderam seus entes queridos e nem sequer tiveram a chance de fazer uma celebra\u00e7\u00e3o de despedida?&#8221;, perguntou Frei Medella.<\/p>\n<p>Para Ir. Karolyne, \u00e9 preciso n\u00e3o deixar para depois certas atitudes que a gente gostaria de fazer ou dizer seja para os nossos amigos ou para nossos familiares. &#8220;Acredito que \u00e9 muito consolador quando se perde algu\u00e9m e se tem um sentimento de gratid\u00e3o por ter vivido plenamente com ele. Acho que essa pandemia nos fez refletir sobre o momento presente e viver com intensidade no amor. Fazer tudo e dizer tudo como se s\u00f3 tivesse o agora. E olhando a irm\u00e3 morte com esperan\u00e7a, porque \u00e9 para a vida eterna que vamos, para o conv\u00edvio com Deus. Ent\u00e3o, a gente n\u00e3o pode perder de vista a uni\u00e3o e o aconchego do cora\u00e7\u00e3o do Pai que nos espera. \u00c0s pessoas que perderam os entes queridos, n\u00e3o percam a esperan\u00e7a. Deus \u00e9 maior e nos sustenta. A gente n\u00e3o tem capacidade de compreender tudo o que est\u00e1 acontecendo, mas a f\u00e9 nos diz que Deus \u00e9 maior do que tudo isso&#8221;, consolou a Irm\u00e3 Clarissa.<\/p>\n<p>Como professor de Humanas, para Hugo a adapta\u00e7\u00e3o aos meios tecnol\u00f3gicos nesta pandemia foi desafiante e paradoxal. &#8220;Eu, por exemplo, sou da \u00e1rea de Humanas e tive certas dificuldades com os meios tecnol\u00f3gicos. O in\u00edcio foi muito desgastante para fazer essa rela\u00e7\u00e3o com o nosso p\u00fablico, que no nosso caso eram os estudantes. N\u00f3s perceb\u00edamos e percebemos at\u00e9 hoje grandes dificuldades em acessibilidade, deixando evidente as desigualdades: uns com muitos recursos e outros, das periferias e das escolas p\u00fablicas, com menos recursos e at\u00e9 demonstrando uma rela\u00e7\u00e3o angustiante. Nas nossas fraternidades t\u00ednhamos irm\u00e3os com algumas facilidades de acessar esses meios e criar proximidades. Outros tinham dificuldades e se isolaram mais. Ent\u00e3o, tivemos de exercer a sensibilidade para buscar outras formas de contato, como uma liga\u00e7\u00e3o de telefone. A gente s\u00f3 fica trocando mensagens e isso vai levando a um esgotamento e deixando uma rela\u00e7\u00e3o fria. Essa pandemia nos trouxe proximidade, como agora, &#8211; eu que moro em Volta Redonda, estou com a irm\u00e3 em Belo Horizonte e o frei em S\u00e3o Paulo &#8211; mas tamb\u00e9m vivemos os desafios das desigualdades. Os meios tecnol\u00f3gicos, \u00e0s vezes, parecem democr\u00e1ticos, mas nem todo mundo tem a mesma acessibilidade e essa mesma oportunidade de desfrutar dessa tecnologia. Vivemos ent\u00e3o essa rela\u00e7\u00e3o paradoxal&#8221;, lamentou o professor.<\/p>\n<p>Segundo o texto de n\u00ba 4 das Admoesta\u00e7\u00f5es, S\u00e3o Francisco diz que &#8220;os que est\u00e3o constitu\u00eddos sobre os outros n\u00e3o se vangloriem dessa superioridade mais do que se estivessem encarregados de lavar os p\u00e9s aos irm\u00e3os&#8221;. E Frei Medella perguntou ao franciscano secular Hugo: Que li\u00e7\u00f5es podem tirar os pol\u00edticos desses ensinamentos de S\u00e3o Francisco, especialmente neste tempo de pandemia?<\/p>\n<p>&#8220;S\u00e3o muitas as li\u00e7\u00f5es. Infelizmente, o cen\u00e1rio que n\u00f3s temos percebido e analisado n\u00e3o vai muito ao encontro desta grande pedagogia que o nosso Pai oferece nesta reflex\u00e3o&#8221;, lamentou Hugo, citando S\u00e3o Jo\u00e3o Paulo VI, que afirmou para crist\u00e3os e cat\u00f3licos do mundo inteiro que a pol\u00edtica \u00e9 um exerc\u00edcio supremo da caridade. A pol\u00edtica como possibilidade do bem comum, como cuidado, como zelo pela casa comum. &#8220;Infelizmente, temos observado um cen\u00e1rio dif\u00edcil de falta de compromisso com a integridade da pessoa humana, sobretudo nesses tempos dif\u00edceis em nosso pa\u00eds. \u00c9 preciso que n\u00f3s estejamos atentos e vigilantes no sentido de reconstruir esse processo, a partir de encontros, de di\u00e1logos verdadeiros. Colocar no centro a pessoa humana, sobretudo os mais fragilizados, os mais desprovidos de nossa sociedade. N\u00f3s estamos diante de situa\u00e7\u00f5es gritantes e cabe a n\u00f3s, respons\u00e1veis por tudo isso, mudar esse cen\u00e1rio conjuntural. Esta semana esteve estampada nos jornais uma foto mostrando uma fila imensa de pessoas em busca de ossos para se alimentar e alimentar seus filhos. As revela\u00e7\u00f5es desta pandemia t\u00eam apresentado um Brasil esfacelado, um Brasil destru\u00eddo, que precisa se reerguer e colocar no centro o pobre, aqueles e aquelas que s\u00e3o os mais desprovidos de seus direitos&#8221;, enfatizou o professor.<\/p>\n<p>Para ele, n\u00e3o d\u00e1 mais para observar a pol\u00edtica como um desservi\u00e7o \u00e0 humanidade. &#8220;Como voc\u00ea, frei, colocou muito bem, a pol\u00edtica tem que ser uma arte de servi\u00e7o. Nossos representantes, nossos pol\u00edticos, t\u00eam reponsabilidades e foram delegados para isso. \u00c9 preciso que tenhamos maturidade para reconstruir esse processo, com a nossa vigil\u00e2ncia, com a nossa participa\u00e7\u00e3o. N\u00f3s, leigos e leigas, temos essa responsabilidade de atuar nesse mundo e contribuir para que ele seja a edifica\u00e7\u00e3o dos louvores da gl\u00f3ria de Deus pelo ser humano, pela vida na sua totalidade&#8221;, completou.<\/p>\n<p><strong>Confira a programa\u00e7\u00e3o dos pr\u00f3ximos dias:<\/strong><\/p>\n<p>Transmiss\u00e3o ao vivo pelos canais da TV Franciscanos, CFFB, ITF e Editora Vozes no YouTube e pelas p\u00e1ginas da Prov\u00edncia Franciscana, CFFB e ITF no Facebook.<\/p>\n<p><strong>06 de outubro \u2013 Quarta-feira<\/strong><br \/>\n<em>Francisco e a juventude \u2013 50 anos da JUFRA no Brasil<\/em><br \/>\nParticipa\u00e7\u00e3o:<br \/>\nGabriela Consolaro Nabozny \u2013 Secret\u00e1ria Nacional de Forma\u00e7\u00e3o da JUFRA do Brasil<br \/>\nJeferson Machado, OFS \u2013 Representando o Minist\u00e9rio Nacional<\/p>\n<p><strong>07 de outubro \u2013 Quinta-feira<\/strong><br \/>\n<em>Os 800 anos \u00a0da Regra escrita por S\u00e3o Francisco para a OFS\/ Memorialis Propositum.<\/em><br \/>\nApresenta\u00e7\u00e3o: Ir. Cleusa Neves<br \/>\nParticipa\u00e7\u00e3o:<br \/>\nFrei Almir Ribeiro Guimar\u00e3es, OFM<\/p>\n<p><strong>08 de outubro \u2013 Sexta-feira<\/strong><br \/>\n<em>O caminho para construir a fraternidade: uma conversa sobre a Fratelli Tutti<\/em><br \/>\nApresenta\u00e7\u00e3o: Frei Gustavo Medella<br \/>\nParticipa\u00e7\u00e3o:<br \/>\nFrei James Girardi, OFM<\/p>\n<p><strong>09 de outubro \u2013 S\u00e1bado<\/strong><br \/>\n<em>Momento celebrativo<\/em><br \/>\nParticipa\u00e7\u00e3o: Santu\u00e1rio Frei Galv\u00e3o, Guaratinguet\u00e1 (SP)<\/p>\n","protected":false},"excerpt":{"rendered":"<p>Semana Franciscana<\/p>\n","protected":false},"author":3,"featured_media":234639,"comment_status":"open","ping_status":"open","sticky":false,"template":"","format":"standard","meta":[],"categories":[1],"tags":[1907],"acf":[],"yoast_head":"<!-- This site is optimized with the Yoast SEO plugin v19.2 - https:\/\/yoast.com\/wordpress\/plugins\/seo\/ -->\n<title>Semana Franciscana: O ant\u00eddoto do cuidado contra a pandemia - Not\u00edcias - Franciscanos<\/title>\n<meta name=\"robots\" content=\"index, follow, max-snippet:-1, max-image-preview:large, max-video-preview:-1\" \/>\n<link rel=\"canonical\" href=\"https:\/\/franciscanos.org.br\/noticias\/semana-franciscana-o-antidoto-do-cuidado-contra-a-pandemia.html\" \/>\n<meta property=\"og:locale\" content=\"pt_BR\" \/>\n<meta property=\"og:type\" content=\"article\" \/>\n<meta property=\"og:title\" content=\"Semana Franciscana: O ant\u00eddoto do cuidado contra a pandemia - Not\u00edcias - Franciscanos\" \/>\n<meta property=\"og:description\" content=\"Semana Franciscana\" \/>\n<meta property=\"og:url\" content=\"https:\/\/franciscanos.org.br\/noticias\/semana-franciscana-o-antidoto-do-cuidado-contra-a-pandemia.html\" \/>\n<meta property=\"og:site_name\" content=\"Not\u00edcias - Franciscanos\" \/>\n<meta property=\"article:published_time\" content=\"2021-10-06T14:25:27+00:00\" \/>\n<meta property=\"article:modified_time\" content=\"2023-01-09T14:10:19+00:00\" \/>\n<meta property=\"og:image\" content=\"https:\/\/franciscanos.org.br\/noticias\/wp-content\/uploads\/2021\/10\/semana_terca_061021.jpg\" \/>\n\t<meta property=\"og:image:width\" content=\"1280\" \/>\n\t<meta property=\"og:image:height\" content=\"720\" \/>\n\t<meta property=\"og:image:type\" content=\"image\/jpeg\" \/>\n<meta name=\"author\" content=\"moacir\" \/>\n<meta name=\"twitter:card\" content=\"summary_large_image\" \/>\n<meta name=\"twitter:label1\" content=\"Escrito por\" \/>\n\t<meta name=\"twitter:data1\" content=\"moacir\" \/>\n\t<meta name=\"twitter:label2\" content=\"Est. tempo de leitura\" \/>\n\t<meta name=\"twitter:data2\" content=\"10 minutos\" \/>\n<script type=\"application\/ld+json\" class=\"yoast-schema-graph\">{\"@context\":\"https:\/\/schema.org\",\"@graph\":[{\"@type\":\"WebSite\",\"@id\":\"https:\/\/franciscanos.org.br\/noticias\/#website\",\"url\":\"https:\/\/franciscanos.org.br\/noticias\/\",\"name\":\"Not\u00edcias - Franciscanos\",\"description\":\"Prov\u00edncia Franciscana da Imaculada Concei\u00e7\u00e3o do Brasil - Ordem dos Frades Menores - OFM\",\"potentialAction\":[{\"@type\":\"SearchAction\",\"target\":{\"@type\":\"EntryPoint\",\"urlTemplate\":\"https:\/\/franciscanos.org.br\/noticias\/?s={search_term_string}\"},\"query-input\":\"required name=search_term_string\"}],\"inLanguage\":\"pt-BR\"},{\"@type\":\"ImageObject\",\"inLanguage\":\"pt-BR\",\"@id\":\"https:\/\/franciscanos.org.br\/noticias\/semana-franciscana-o-antidoto-do-cuidado-contra-a-pandemia.html#primaryimage\",\"url\":\"https:\/\/franciscanos.org.br\/noticias\/wp-content\/uploads\/2021\/10\/semana_terca_061021.jpg\",\"contentUrl\":\"https:\/\/franciscanos.org.br\/noticias\/wp-content\/uploads\/2021\/10\/semana_terca_061021.jpg\",\"width\":1280,\"height\":720},{\"@type\":\"WebPage\",\"@id\":\"https:\/\/franciscanos.org.br\/noticias\/semana-franciscana-o-antidoto-do-cuidado-contra-a-pandemia.html#webpage\",\"url\":\"https:\/\/franciscanos.org.br\/noticias\/semana-franciscana-o-antidoto-do-cuidado-contra-a-pandemia.html\",\"name\":\"Semana Franciscana: O ant\u00eddoto do cuidado contra a pandemia - Not\u00edcias - Franciscanos\",\"isPartOf\":{\"@id\":\"https:\/\/franciscanos.org.br\/noticias\/#website\"},\"primaryImageOfPage\":{\"@id\":\"https:\/\/franciscanos.org.br\/noticias\/semana-franciscana-o-antidoto-do-cuidado-contra-a-pandemia.html#primaryimage\"},\"datePublished\":\"2021-10-06T14:25:27+00:00\",\"dateModified\":\"2023-01-09T14:10:19+00:00\",\"author\":{\"@id\":\"https:\/\/franciscanos.org.br\/noticias\/#\/schema\/person\/b5c8cba458c330ccff548b056e95a5d4\"},\"breadcrumb\":{\"@id\":\"https:\/\/franciscanos.org.br\/noticias\/semana-franciscana-o-antidoto-do-cuidado-contra-a-pandemia.html#breadcrumb\"},\"inLanguage\":\"pt-BR\",\"potentialAction\":[{\"@type\":\"ReadAction\",\"target\":[\"https:\/\/franciscanos.org.br\/noticias\/semana-franciscana-o-antidoto-do-cuidado-contra-a-pandemia.html\"]}]},{\"@type\":\"BreadcrumbList\",\"@id\":\"https:\/\/franciscanos.org.br\/noticias\/semana-franciscana-o-antidoto-do-cuidado-contra-a-pandemia.html#breadcrumb\",\"itemListElement\":[{\"@type\":\"ListItem\",\"position\":1,\"name\":\"Home\",\"item\":\"https:\/\/franciscanos.org.br\/noticias\"},{\"@type\":\"ListItem\",\"position\":2,\"name\":\"Semana Franciscana: O ant\u00eddoto do cuidado contra a pandemia\"}]},{\"@type\":\"Person\",\"@id\":\"https:\/\/franciscanos.org.br\/noticias\/#\/schema\/person\/b5c8cba458c330ccff548b056e95a5d4\",\"name\":\"moacir\",\"image\":{\"@type\":\"ImageObject\",\"inLanguage\":\"pt-BR\",\"@id\":\"https:\/\/franciscanos.org.br\/noticias\/#\/schema\/person\/image\/\",\"url\":\"https:\/\/secure.gravatar.com\/avatar\/d08aa2ce4c8dd416d4479aa8536fcf64?s=96&d=mm&r=g\",\"contentUrl\":\"https:\/\/secure.gravatar.com\/avatar\/d08aa2ce4c8dd416d4479aa8536fcf64?s=96&d=mm&r=g\",\"caption\":\"moacir\"},\"url\":\"https:\/\/franciscanos.org.br\/noticias\/author\/moacir\"}]}<\/script>\n<!-- \/ Yoast SEO plugin. -->","yoast_head_json":{"title":"Semana Franciscana: O ant\u00eddoto do cuidado contra a pandemia - Not\u00edcias - Franciscanos","robots":{"index":"index","follow":"follow","max-snippet":"max-snippet:-1","max-image-preview":"max-image-preview:large","max-video-preview":"max-video-preview:-1"},"canonical":"https:\/\/franciscanos.org.br\/noticias\/semana-franciscana-o-antidoto-do-cuidado-contra-a-pandemia.html","og_locale":"pt_BR","og_type":"article","og_title":"Semana Franciscana: O ant\u00eddoto do cuidado contra a pandemia - Not\u00edcias - Franciscanos","og_description":"Semana Franciscana","og_url":"https:\/\/franciscanos.org.br\/noticias\/semana-franciscana-o-antidoto-do-cuidado-contra-a-pandemia.html","og_site_name":"Not\u00edcias - Franciscanos","article_published_time":"2021-10-06T14:25:27+00:00","article_modified_time":"2023-01-09T14:10:19+00:00","og_image":[{"width":1280,"height":720,"url":"https:\/\/franciscanos.org.br\/noticias\/wp-content\/uploads\/2021\/10\/semana_terca_061021.jpg","type":"image\/jpeg"}],"author":"moacir","twitter_card":"summary_large_image","twitter_misc":{"Escrito por":"moacir","Est. tempo de leitura":"10 minutos"},"schema":{"@context":"https:\/\/schema.org","@graph":[{"@type":"WebSite","@id":"https:\/\/franciscanos.org.br\/noticias\/#website","url":"https:\/\/franciscanos.org.br\/noticias\/","name":"Not\u00edcias - Franciscanos","description":"Prov\u00edncia Franciscana da Imaculada Concei\u00e7\u00e3o do Brasil - Ordem dos Frades Menores - OFM","potentialAction":[{"@type":"SearchAction","target":{"@type":"EntryPoint","urlTemplate":"https:\/\/franciscanos.org.br\/noticias\/?s={search_term_string}"},"query-input":"required name=search_term_string"}],"inLanguage":"pt-BR"},{"@type":"ImageObject","inLanguage":"pt-BR","@id":"https:\/\/franciscanos.org.br\/noticias\/semana-franciscana-o-antidoto-do-cuidado-contra-a-pandemia.html#primaryimage","url":"https:\/\/franciscanos.org.br\/noticias\/wp-content\/uploads\/2021\/10\/semana_terca_061021.jpg","contentUrl":"https:\/\/franciscanos.org.br\/noticias\/wp-content\/uploads\/2021\/10\/semana_terca_061021.jpg","width":1280,"height":720},{"@type":"WebPage","@id":"https:\/\/franciscanos.org.br\/noticias\/semana-franciscana-o-antidoto-do-cuidado-contra-a-pandemia.html#webpage","url":"https:\/\/franciscanos.org.br\/noticias\/semana-franciscana-o-antidoto-do-cuidado-contra-a-pandemia.html","name":"Semana Franciscana: O ant\u00eddoto do cuidado contra a pandemia - Not\u00edcias - Franciscanos","isPartOf":{"@id":"https:\/\/franciscanos.org.br\/noticias\/#website"},"primaryImageOfPage":{"@id":"https:\/\/franciscanos.org.br\/noticias\/semana-franciscana-o-antidoto-do-cuidado-contra-a-pandemia.html#primaryimage"},"datePublished":"2021-10-06T14:25:27+00:00","dateModified":"2023-01-09T14:10:19+00:00","author":{"@id":"https:\/\/franciscanos.org.br\/noticias\/#\/schema\/person\/b5c8cba458c330ccff548b056e95a5d4"},"breadcrumb":{"@id":"https:\/\/franciscanos.org.br\/noticias\/semana-franciscana-o-antidoto-do-cuidado-contra-a-pandemia.html#breadcrumb"},"inLanguage":"pt-BR","potentialAction":[{"@type":"ReadAction","target":["https:\/\/franciscanos.org.br\/noticias\/semana-franciscana-o-antidoto-do-cuidado-contra-a-pandemia.html"]}]},{"@type":"BreadcrumbList","@id":"https:\/\/franciscanos.org.br\/noticias\/semana-franciscana-o-antidoto-do-cuidado-contra-a-pandemia.html#breadcrumb","itemListElement":[{"@type":"ListItem","position":1,"name":"Home","item":"https:\/\/franciscanos.org.br\/noticias"},{"@type":"ListItem","position":2,"name":"Semana Franciscana: O ant\u00eddoto do cuidado contra a pandemia"}]},{"@type":"Person","@id":"https:\/\/franciscanos.org.br\/noticias\/#\/schema\/person\/b5c8cba458c330ccff548b056e95a5d4","name":"moacir","image":{"@type":"ImageObject","inLanguage":"pt-BR","@id":"https:\/\/franciscanos.org.br\/noticias\/#\/schema\/person\/image\/","url":"https:\/\/secure.gravatar.com\/avatar\/d08aa2ce4c8dd416d4479aa8536fcf64?s=96&d=mm&r=g","contentUrl":"https:\/\/secure.gravatar.com\/avatar\/d08aa2ce4c8dd416d4479aa8536fcf64?s=96&d=mm&r=g","caption":"moacir"},"url":"https:\/\/franciscanos.org.br\/noticias\/author\/moacir"}]}},"_links":{"self":[{"href":"https:\/\/franciscanos.org.br\/noticias\/wp-json\/wp\/v2\/posts\/234638"}],"collection":[{"href":"https:\/\/franciscanos.org.br\/noticias\/wp-json\/wp\/v2\/posts"}],"about":[{"href":"https:\/\/franciscanos.org.br\/noticias\/wp-json\/wp\/v2\/types\/post"}],"author":[{"embeddable":true,"href":"https:\/\/franciscanos.org.br\/noticias\/wp-json\/wp\/v2\/users\/3"}],"replies":[{"embeddable":true,"href":"https:\/\/franciscanos.org.br\/noticias\/wp-json\/wp\/v2\/comments?post=234638"}],"version-history":[{"count":5,"href":"https:\/\/franciscanos.org.br\/noticias\/wp-json\/wp\/v2\/posts\/234638\/revisions"}],"predecessor-version":[{"id":234644,"href":"https:\/\/franciscanos.org.br\/noticias\/wp-json\/wp\/v2\/posts\/234638\/revisions\/234644"}],"wp:featuredmedia":[{"embeddable":true,"href":"https:\/\/franciscanos.org.br\/noticias\/wp-json\/wp\/v2\/media\/234639"}],"wp:attachment":[{"href":"https:\/\/franciscanos.org.br\/noticias\/wp-json\/wp\/v2\/media?parent=234638"}],"wp:term":[{"taxonomy":"category","embeddable":true,"href":"https:\/\/franciscanos.org.br\/noticias\/wp-json\/wp\/v2\/categories?post=234638"},{"taxonomy":"post_tag","embeddable":true,"href":"https:\/\/franciscanos.org.br\/noticias\/wp-json\/wp\/v2\/tags?post=234638"}],"curies":[{"name":"wp","href":"https:\/\/api.w.org\/{rel}","templated":true}]}}