{"id":234625,"date":"2021-10-06T07:50:52","date_gmt":"2021-10-06T10:50:52","guid":{"rendered":"https:\/\/franciscanos.org.br\/noticias\/?p=234625"},"modified":"2021-10-06T07:51:26","modified_gmt":"2021-10-06T10:51:26","slug":"usf-celebra-45-anos-de-presenca-franciscana","status":"publish","type":"post","link":"https:\/\/franciscanos.org.br\/noticias\/usf-celebra-45-anos-de-presenca-franciscana.html","title":{"rendered":"USF celebra 45 anos de presen\u00e7a franciscana"},"content":{"rendered":"<p><img loading=\"lazy\" class=\"alignnone wp-image-234626 size-full\" src=\"https:\/\/franciscanos.org.br\/noticias\/wp-content\/uploads\/2021\/10\/usf_061021.jpg\" alt=\"\" width=\"1280\" height=\"720\" srcset=\"https:\/\/franciscanos.org.br\/noticias\/wp-content\/uploads\/2021\/10\/usf_061021.jpg 1280w, https:\/\/franciscanos.org.br\/noticias\/wp-content\/uploads\/2021\/10\/usf_061021-450x253.jpg 450w, https:\/\/franciscanos.org.br\/noticias\/wp-content\/uploads\/2021\/10\/usf_061021-1024x576.jpg 1024w, https:\/\/franciscanos.org.br\/noticias\/wp-content\/uploads\/2021\/10\/usf_061021-768x432.jpg 768w, https:\/\/franciscanos.org.br\/noticias\/wp-content\/uploads\/2021\/10\/usf_061021-150x84.jpg 150w\" sizes=\"(max-width: 1280px) 100vw, 1280px\" \/><\/p>\n<p>A Universidade S\u00e3o Francisco (USF) promoveu no dia 4 de outubro, dia de seu patrono S\u00e3o Francisco de Assis, dois eventos para celebrar a data e comemorar seus 45 anos. No per\u00edodo da tarde, foi realizada uma homenagem aos colaboradores da Universidade, participaram os colaboradores mais antigos da Universidade.<\/p>\n<p>O evento contou com a presen\u00e7a do Diretor Presidente da CNSP-ASF e Vice-Reitor, Frei Thiago Alexandre Hayakawa, o Diretor Vice-presidente, Frei Vitorio Mazzuco Filho, o reitor, Frei Gilberto Gon\u00e7alves Garcia, o Pr\u00f3-Reitor de Ensino, Pesquisa e Extens\u00e3o, professor Dilnei Lorenzi, o Pr\u00f3-Reitor de Administra\u00e7\u00e3o e Planejamento, professor Adriel de Moura Cabral, o Administrador dos C\u00e2mpus,\u00a0 Rodrigo Ribeiro Paiva, a diretora do C\u00e2mpus de Bragan\u00e7a Paulista, professora Patr\u00edcia Teixeira Costa, o Diretor do C\u00e2mpus Campinas &#8211; Unidades Swift e Cambu\u00ed, o professor Geraldo Peres Caixeta e o Diretor de C\u00e2mpus Itatiba, professor Volney Zamenhof de Oliveira Silva.<\/p>\n<p>Durante a abertura, o reitor da Universidade, Frei Gilberto, destacou a trajet\u00f3ria da USF nesses 45 anos. \u201cA USF trouxe um impacto inestim\u00e1vel para o desenvolvimento regional em todos os campos do conhecimento, com destaque para a sa\u00fade. Comunh\u00e3o de todas essas for\u00e7as construtivas, os dirigentes, professores, funcion\u00e1rios e sobretudo os estudantes. \u00c9 por isso, que a miss\u00e3o franciscana pertence a todos. A obra propriamente dita pertence ao tempo. A obra \u00e9 din\u00e2mica, ela s\u00f3 existe enquanto n\u00f3s estamos atuando, se ela deve pertencer a algu\u00e9m, que seja para a sociedade, a quem ela serve, raz\u00e3o de sua natureza filantr\u00f3pica. A USF precisa estar em constante transforma\u00e7\u00e3o para manter e cumprir sua velha miss\u00e3o: educar para a paz e o bem\u201d, disse o Reitor.<\/p>\n<p><img loading=\"lazy\" class=\"alignnone wp-image-234628 size-full\" src=\"https:\/\/franciscanos.org.br\/noticias\/wp-content\/uploads\/2021\/10\/usf_061021_1.jpg\" alt=\"\" width=\"1280\" height=\"429\" srcset=\"https:\/\/franciscanos.org.br\/noticias\/wp-content\/uploads\/2021\/10\/usf_061021_1.jpg 1280w, https:\/\/franciscanos.org.br\/noticias\/wp-content\/uploads\/2021\/10\/usf_061021_1-450x151.jpg 450w, https:\/\/franciscanos.org.br\/noticias\/wp-content\/uploads\/2021\/10\/usf_061021_1-1024x343.jpg 1024w, https:\/\/franciscanos.org.br\/noticias\/wp-content\/uploads\/2021\/10\/usf_061021_1-768x257.jpg 768w, https:\/\/franciscanos.org.br\/noticias\/wp-content\/uploads\/2021\/10\/usf_061021_1-150x50.jpg 150w\" sizes=\"(max-width: 1280px) 100vw, 1280px\" \/><\/p>\n<p><strong>Foram homenageados os seguintes profissionais: <\/strong><\/p>\n<p>Professora Claudette Maria Medeiros Vendramini (45 anos de Universidade)<br \/>\nProfessor Antonio Carlos Botta de Assis (41 anos de Universidade)<br \/>\nMaria de F\u00e1tima Liza Gallo (35 anos da Universidade)<br \/>\nProfessor Eduardo Jos\u00e9 Gava (34 anos de Universidade)<br \/>\nRosemeire Santanna (33 anos de Universidade)<br \/>\nLuis Sothe (30 anos de Universidade)<br \/>\nCristiane de Carvalho Rosa da Concei\u00e7\u00e3o (14 anos de Universidade)<\/p>\n<p><img loading=\"lazy\" class=\"alignnone wp-image-234629 size-full\" src=\"https:\/\/franciscanos.org.br\/noticias\/wp-content\/uploads\/2021\/10\/usf_061021_2.jpg\" alt=\"\" width=\"1280\" height=\"853\" srcset=\"https:\/\/franciscanos.org.br\/noticias\/wp-content\/uploads\/2021\/10\/usf_061021_2.jpg 1280w, https:\/\/franciscanos.org.br\/noticias\/wp-content\/uploads\/2021\/10\/usf_061021_2-450x300.jpg 450w, https:\/\/franciscanos.org.br\/noticias\/wp-content\/uploads\/2021\/10\/usf_061021_2-1024x682.jpg 1024w, https:\/\/franciscanos.org.br\/noticias\/wp-content\/uploads\/2021\/10\/usf_061021_2-768x512.jpg 768w, https:\/\/franciscanos.org.br\/noticias\/wp-content\/uploads\/2021\/10\/usf_061021_2-150x100.jpg 150w\" sizes=\"(max-width: 1280px) 100vw, 1280px\" \/><\/p>\n<p>Para a professora Claudette, uma das homenageadas, o momento foi emocionante ao relembrar sua trajet\u00f3ria junto \u00e0 Universidade: \u201cH\u00e1 45 anos, quando as Faculdades Franciscanas se transformavam na Universidade S\u00e3o Francisco, eu iniciava a minha trajet\u00f3ria profissional na Universidade. Desde ent\u00e3o, aprendi a admirar esta casa, onde passei a maior parte da minha vida, mais tempo at\u00e9 que em minha pr\u00f3pria casa. Na USF, se formaram muitos dos meus sobrinhos, genro e filha, todos exercendo atualmente, com sucesso, a profiss\u00e3o que escolheram e para a qual foram muito bem formados, inspirados pela vis\u00e3o franciscana da paz e do bem\u201d, afirmou a docente.<\/p>\n<p>Ao fim da homenagem aos colaboradores, Frei Thiago, destacou a import\u00e2ncia de eventos como esse. \u201cA hist\u00f3ria da USF \u00e9 a hist\u00f3ria de muitos sujeitos, os que trabalham e se dedicam a oferecer um ensino de qualidade. A USF cada vez mais chega a lugares distantes, com a implanta\u00e7\u00e3o do nosso projeto de educa\u00e7\u00e3o a dist\u00e2ncia. Nesse sentido, o convite dessa tarde \u00e9 que cada um de n\u00f3s fa\u00e7a esse exerc\u00edcio de pensar na sua trajet\u00f3ria pessoal.<\/p>\n<p>\u00c0s 18 horas foi celebrada a Missa em honra ao Padroeiro da Universidade,\u00a0 S\u00e3o Francisco de Assis, tendo como celebrantes Freis Vitorio Mazzuco Filho, Thiago Alexandre Hayakawa e Alvaci Mendes da Luz.<\/p>\n<p>Todos os eventos foram transmitidos no Canal da Universidade no Youtube.<\/p>\n<p><a href=\"https:\/\/www.youtube.com\/watch?v=L7uJQgZIljY&amp;t=4065s\"><strong>Homenagem aos colaboradores<\/strong><\/a><\/p>\n<p><a href=\"https:\/\/www.youtube.com\/watch?v=LtHHK-Uw8V4&amp;t=5s\"><strong>Celebra\u00e7\u00e3o da Santa Missa<\/strong><\/a><\/p>\n<hr \/>\n<p><em>Ana Paula Moreira de Souza<\/em><\/p>\n","protected":false},"excerpt":{"rendered":"<p>Universidade S\u00e3o Francisco<\/p>\n","protected":false},"author":3,"featured_media":234627,"comment_status":"open","ping_status":"open","sticky":false,"template":"","format":"standard","meta":[],"categories":[1],"tags":[],"acf":[],"yoast_head":"<!-- This site is optimized with the Yoast SEO plugin v19.2 - https:\/\/yoast.com\/wordpress\/plugins\/seo\/ -->\n<title>USF celebra 45 anos de presen\u00e7a franciscana - Not\u00edcias - Franciscanos<\/title>\n<meta name=\"robots\" content=\"index, follow, max-snippet:-1, max-image-preview:large, max-video-preview:-1\" \/>\n<link rel=\"canonical\" href=\"https:\/\/franciscanos.org.br\/noticias\/usf-celebra-45-anos-de-presenca-franciscana.html\" \/>\n<meta property=\"og:locale\" content=\"pt_BR\" \/>\n<meta property=\"og:type\" content=\"article\" \/>\n<meta property=\"og:title\" content=\"USF celebra 45 anos de presen\u00e7a franciscana - Not\u00edcias - Franciscanos\" \/>\n<meta property=\"og:description\" content=\"Universidade S\u00e3o Francisco\" \/>\n<meta property=\"og:url\" content=\"https:\/\/franciscanos.org.br\/noticias\/usf-celebra-45-anos-de-presenca-franciscana.html\" \/>\n<meta property=\"og:site_name\" content=\"Not\u00edcias - Franciscanos\" \/>\n<meta property=\"article:published_time\" content=\"2021-10-06T10:50:52+00:00\" \/>\n<meta property=\"article:modified_time\" content=\"2021-10-06T10:51:26+00:00\" \/>\n<meta property=\"og:image\" content=\"https:\/\/franciscanos.org.br\/noticias\/wp-content\/uploads\/2021\/10\/usf_061021d.jpg\" \/>\n\t<meta property=\"og:image:width\" content=\"800\" \/>\n\t<meta property=\"og:image:height\" content=\"550\" \/>\n\t<meta property=\"og:image:type\" content=\"image\/jpeg\" \/>\n<meta name=\"author\" content=\"moacir\" \/>\n<meta name=\"twitter:card\" content=\"summary_large_image\" \/>\n<meta name=\"twitter:label1\" content=\"Escrito por\" \/>\n\t<meta name=\"twitter:data1\" content=\"moacir\" \/>\n\t<meta name=\"twitter:label2\" content=\"Est. tempo de leitura\" \/>\n\t<meta name=\"twitter:data2\" content=\"3 minutos\" \/>\n<script type=\"application\/ld+json\" class=\"yoast-schema-graph\">{\"@context\":\"https:\/\/schema.org\",\"@graph\":[{\"@type\":\"WebSite\",\"@id\":\"https:\/\/franciscanos.org.br\/noticias\/#website\",\"url\":\"https:\/\/franciscanos.org.br\/noticias\/\",\"name\":\"Not\u00edcias - Franciscanos\",\"description\":\"Prov\u00edncia Franciscana da Imaculada Concei\u00e7\u00e3o do Brasil - Ordem dos Frades Menores - OFM\",\"potentialAction\":[{\"@type\":\"SearchAction\",\"target\":{\"@type\":\"EntryPoint\",\"urlTemplate\":\"https:\/\/franciscanos.org.br\/noticias\/?s={search_term_string}\"},\"query-input\":\"required name=search_term_string\"}],\"inLanguage\":\"pt-BR\"},{\"@type\":\"ImageObject\",\"inLanguage\":\"pt-BR\",\"@id\":\"https:\/\/franciscanos.org.br\/noticias\/usf-celebra-45-anos-de-presenca-franciscana.html#primaryimage\",\"url\":\"https:\/\/franciscanos.org.br\/noticias\/wp-content\/uploads\/2021\/10\/usf_061021d.jpg\",\"contentUrl\":\"https:\/\/franciscanos.org.br\/noticias\/wp-content\/uploads\/2021\/10\/usf_061021d.jpg\",\"width\":800,\"height\":550},{\"@type\":\"WebPage\",\"@id\":\"https:\/\/franciscanos.org.br\/noticias\/usf-celebra-45-anos-de-presenca-franciscana.html#webpage\",\"url\":\"https:\/\/franciscanos.org.br\/noticias\/usf-celebra-45-anos-de-presenca-franciscana.html\",\"name\":\"USF celebra 45 anos de presen\u00e7a franciscana - Not\u00edcias - Franciscanos\",\"isPartOf\":{\"@id\":\"https:\/\/franciscanos.org.br\/noticias\/#website\"},\"primaryImageOfPage\":{\"@id\":\"https:\/\/franciscanos.org.br\/noticias\/usf-celebra-45-anos-de-presenca-franciscana.html#primaryimage\"},\"datePublished\":\"2021-10-06T10:50:52+00:00\",\"dateModified\":\"2021-10-06T10:51:26+00:00\",\"author\":{\"@id\":\"https:\/\/franciscanos.org.br\/noticias\/#\/schema\/person\/b5c8cba458c330ccff548b056e95a5d4\"},\"breadcrumb\":{\"@id\":\"https:\/\/franciscanos.org.br\/noticias\/usf-celebra-45-anos-de-presenca-franciscana.html#breadcrumb\"},\"inLanguage\":\"pt-BR\",\"potentialAction\":[{\"@type\":\"ReadAction\",\"target\":[\"https:\/\/franciscanos.org.br\/noticias\/usf-celebra-45-anos-de-presenca-franciscana.html\"]}]},{\"@type\":\"BreadcrumbList\",\"@id\":\"https:\/\/franciscanos.org.br\/noticias\/usf-celebra-45-anos-de-presenca-franciscana.html#breadcrumb\",\"itemListElement\":[{\"@type\":\"ListItem\",\"position\":1,\"name\":\"Home\",\"item\":\"https:\/\/franciscanos.org.br\/noticias\"},{\"@type\":\"ListItem\",\"position\":2,\"name\":\"USF celebra 45 anos de presen\u00e7a franciscana\"}]},{\"@type\":\"Person\",\"@id\":\"https:\/\/franciscanos.org.br\/noticias\/#\/schema\/person\/b5c8cba458c330ccff548b056e95a5d4\",\"name\":\"moacir\",\"image\":{\"@type\":\"ImageObject\",\"inLanguage\":\"pt-BR\",\"@id\":\"https:\/\/franciscanos.org.br\/noticias\/#\/schema\/person\/image\/\",\"url\":\"https:\/\/secure.gravatar.com\/avatar\/d08aa2ce4c8dd416d4479aa8536fcf64?s=96&d=mm&r=g\",\"contentUrl\":\"https:\/\/secure.gravatar.com\/avatar\/d08aa2ce4c8dd416d4479aa8536fcf64?s=96&d=mm&r=g\",\"caption\":\"moacir\"},\"url\":\"https:\/\/franciscanos.org.br\/noticias\/author\/moacir\"}]}<\/script>\n<!-- \/ Yoast SEO plugin. -->","yoast_head_json":{"title":"USF celebra 45 anos de presen\u00e7a franciscana - Not\u00edcias - Franciscanos","robots":{"index":"index","follow":"follow","max-snippet":"max-snippet:-1","max-image-preview":"max-image-preview:large","max-video-preview":"max-video-preview:-1"},"canonical":"https:\/\/franciscanos.org.br\/noticias\/usf-celebra-45-anos-de-presenca-franciscana.html","og_locale":"pt_BR","og_type":"article","og_title":"USF celebra 45 anos de presen\u00e7a franciscana - Not\u00edcias - Franciscanos","og_description":"Universidade S\u00e3o Francisco","og_url":"https:\/\/franciscanos.org.br\/noticias\/usf-celebra-45-anos-de-presenca-franciscana.html","og_site_name":"Not\u00edcias - Franciscanos","article_published_time":"2021-10-06T10:50:52+00:00","article_modified_time":"2021-10-06T10:51:26+00:00","og_image":[{"width":800,"height":550,"url":"https:\/\/franciscanos.org.br\/noticias\/wp-content\/uploads\/2021\/10\/usf_061021d.jpg","type":"image\/jpeg"}],"author":"moacir","twitter_card":"summary_large_image","twitter_misc":{"Escrito por":"moacir","Est. tempo de leitura":"3 minutos"},"schema":{"@context":"https:\/\/schema.org","@graph":[{"@type":"WebSite","@id":"https:\/\/franciscanos.org.br\/noticias\/#website","url":"https:\/\/franciscanos.org.br\/noticias\/","name":"Not\u00edcias - Franciscanos","description":"Prov\u00edncia Franciscana da Imaculada Concei\u00e7\u00e3o do Brasil - Ordem dos Frades Menores - OFM","potentialAction":[{"@type":"SearchAction","target":{"@type":"EntryPoint","urlTemplate":"https:\/\/franciscanos.org.br\/noticias\/?s={search_term_string}"},"query-input":"required name=search_term_string"}],"inLanguage":"pt-BR"},{"@type":"ImageObject","inLanguage":"pt-BR","@id":"https:\/\/franciscanos.org.br\/noticias\/usf-celebra-45-anos-de-presenca-franciscana.html#primaryimage","url":"https:\/\/franciscanos.org.br\/noticias\/wp-content\/uploads\/2021\/10\/usf_061021d.jpg","contentUrl":"https:\/\/franciscanos.org.br\/noticias\/wp-content\/uploads\/2021\/10\/usf_061021d.jpg","width":800,"height":550},{"@type":"WebPage","@id":"https:\/\/franciscanos.org.br\/noticias\/usf-celebra-45-anos-de-presenca-franciscana.html#webpage","url":"https:\/\/franciscanos.org.br\/noticias\/usf-celebra-45-anos-de-presenca-franciscana.html","name":"USF celebra 45 anos de presen\u00e7a franciscana - Not\u00edcias - Franciscanos","isPartOf":{"@id":"https:\/\/franciscanos.org.br\/noticias\/#website"},"primaryImageOfPage":{"@id":"https:\/\/franciscanos.org.br\/noticias\/usf-celebra-45-anos-de-presenca-franciscana.html#primaryimage"},"datePublished":"2021-10-06T10:50:52+00:00","dateModified":"2021-10-06T10:51:26+00:00","author":{"@id":"https:\/\/franciscanos.org.br\/noticias\/#\/schema\/person\/b5c8cba458c330ccff548b056e95a5d4"},"breadcrumb":{"@id":"https:\/\/franciscanos.org.br\/noticias\/usf-celebra-45-anos-de-presenca-franciscana.html#breadcrumb"},"inLanguage":"pt-BR","potentialAction":[{"@type":"ReadAction","target":["https:\/\/franciscanos.org.br\/noticias\/usf-celebra-45-anos-de-presenca-franciscana.html"]}]},{"@type":"BreadcrumbList","@id":"https:\/\/franciscanos.org.br\/noticias\/usf-celebra-45-anos-de-presenca-franciscana.html#breadcrumb","itemListElement":[{"@type":"ListItem","position":1,"name":"Home","item":"https:\/\/franciscanos.org.br\/noticias"},{"@type":"ListItem","position":2,"name":"USF celebra 45 anos de presen\u00e7a franciscana"}]},{"@type":"Person","@id":"https:\/\/franciscanos.org.br\/noticias\/#\/schema\/person\/b5c8cba458c330ccff548b056e95a5d4","name":"moacir","image":{"@type":"ImageObject","inLanguage":"pt-BR","@id":"https:\/\/franciscanos.org.br\/noticias\/#\/schema\/person\/image\/","url":"https:\/\/secure.gravatar.com\/avatar\/d08aa2ce4c8dd416d4479aa8536fcf64?s=96&d=mm&r=g","contentUrl":"https:\/\/secure.gravatar.com\/avatar\/d08aa2ce4c8dd416d4479aa8536fcf64?s=96&d=mm&r=g","caption":"moacir"},"url":"https:\/\/franciscanos.org.br\/noticias\/author\/moacir"}]}},"_links":{"self":[{"href":"https:\/\/franciscanos.org.br\/noticias\/wp-json\/wp\/v2\/posts\/234625"}],"collection":[{"href":"https:\/\/franciscanos.org.br\/noticias\/wp-json\/wp\/v2\/posts"}],"about":[{"href":"https:\/\/franciscanos.org.br\/noticias\/wp-json\/wp\/v2\/types\/post"}],"author":[{"embeddable":true,"href":"https:\/\/franciscanos.org.br\/noticias\/wp-json\/wp\/v2\/users\/3"}],"replies":[{"embeddable":true,"href":"https:\/\/franciscanos.org.br\/noticias\/wp-json\/wp\/v2\/comments?post=234625"}],"version-history":[{"count":2,"href":"https:\/\/franciscanos.org.br\/noticias\/wp-json\/wp\/v2\/posts\/234625\/revisions"}],"predecessor-version":[{"id":234631,"href":"https:\/\/franciscanos.org.br\/noticias\/wp-json\/wp\/v2\/posts\/234625\/revisions\/234631"}],"wp:featuredmedia":[{"embeddable":true,"href":"https:\/\/franciscanos.org.br\/noticias\/wp-json\/wp\/v2\/media\/234627"}],"wp:attachment":[{"href":"https:\/\/franciscanos.org.br\/noticias\/wp-json\/wp\/v2\/media?parent=234625"}],"wp:term":[{"taxonomy":"category","embeddable":true,"href":"https:\/\/franciscanos.org.br\/noticias\/wp-json\/wp\/v2\/categories?post=234625"},{"taxonomy":"post_tag","embeddable":true,"href":"https:\/\/franciscanos.org.br\/noticias\/wp-json\/wp\/v2\/tags?post=234625"}],"curies":[{"name":"wp","href":"https:\/\/api.w.org\/{rel}","templated":true}]}}