{"id":234569,"date":"2021-10-04T18:21:56","date_gmt":"2021-10-04T21:21:56","guid":{"rendered":"https:\/\/franciscanos.org.br\/noticias\/?p=234569"},"modified":"2022-12-31T12:52:24","modified_gmt":"2022-12-31T15:52:24","slug":"frei-fidencio-ensina-como-francisco-fez-o-grande-encontro-com-deus","status":"publish","type":"post","link":"https:\/\/franciscanos.org.br\/noticias\/frei-fidencio-ensina-como-francisco-fez-o-grande-encontro-com-deus.html","title":{"rendered":"Frei Fid\u00eancio ensina como Francisco fez o grande encontro com Deus"},"content":{"rendered":"<p><img loading=\"lazy\" class=\"alignnone size-full wp-image-234570\" src=\"https:\/\/franciscanos.org.br\/noticias\/wp-content\/uploads\/2021\/10\/saofrancisco_041021.png\" alt=\"\" width=\"1280\" height=\"709\" srcset=\"https:\/\/franciscanos.org.br\/noticias\/wp-content\/uploads\/2021\/10\/saofrancisco_041021.png 1280w, https:\/\/franciscanos.org.br\/noticias\/wp-content\/uploads\/2021\/10\/saofrancisco_041021-450x249.png 450w, https:\/\/franciscanos.org.br\/noticias\/wp-content\/uploads\/2021\/10\/saofrancisco_041021-1024x567.png 1024w, https:\/\/franciscanos.org.br\/noticias\/wp-content\/uploads\/2021\/10\/saofrancisco_041021-768x425.png 768w, https:\/\/franciscanos.org.br\/noticias\/wp-content\/uploads\/2021\/10\/saofrancisco_041021-150x83.png 150w\" sizes=\"(max-width: 1280px) 100vw, 1280px\" \/><\/p>\n<p><strong>S\u00e3o Paulo (SP)<\/strong> &#8211; O dia nublado e chuvoso em S\u00e3o Paulo n\u00e3o segurou os devotos de S\u00e3o Francisco de Assis em casa, especialmente nas duas par\u00f3quias da Prov\u00edncia da Imaculada Concei\u00e7\u00e3o em que o Santo de Assis \u00e9 o Padroeiro: Convento S\u00e3o Francisco, no centro de S\u00e3o Paulo; e Par\u00f3quia S\u00e3o Francisco de Assis, na Vila Clementino. Nas Missas e b\u00ean\u00e7\u00e3os, o Padroeiro e fundador da Ordem Franciscana levou um grande n\u00famero de fi\u00e9is, apesar das normas sanit\u00e1rias ainda em vigor.<\/p>\n<p>No tradicional Convento S\u00e3o Francisco, no Centro de S\u00e3o Paulo, que neste ano completou 374 anos, a Festa do Padroeiro come\u00e7ou com uma novena no dia 25 e, neste dia 4, as Missas come\u00e7aram \u00e0s 7h30 e a \u00faltima foi celebrada \u00e0s 18h30. O Cardeal Dom Odilo Pedro Scherer celebrou na Igreja das Chagas \u00e0s 9 horas, enquanto o Ministro Provincial Frei Fid\u00eancio Vanboemmel presidiu a Missa das 10 horas no Convento. O reitor Frei M\u00e1rio Tagliari presidiu a Missa do meio-dia, que foi transmitida ao vivo pela rede de TV Can\u00e7\u00e3o Nova.<\/p>\n<p><img loading=\"lazy\" class=\"alignnone size-full wp-image-234571\" src=\"https:\/\/franciscanos.org.br\/noticias\/wp-content\/uploads\/2021\/10\/saofrancisco_041021_fidencio.jpg\" alt=\"\" width=\"1200\" height=\"800\" srcset=\"https:\/\/franciscanos.org.br\/noticias\/wp-content\/uploads\/2021\/10\/saofrancisco_041021_fidencio.jpg 1200w, https:\/\/franciscanos.org.br\/noticias\/wp-content\/uploads\/2021\/10\/saofrancisco_041021_fidencio-450x300.jpg 450w, https:\/\/franciscanos.org.br\/noticias\/wp-content\/uploads\/2021\/10\/saofrancisco_041021_fidencio-1024x683.jpg 1024w, https:\/\/franciscanos.org.br\/noticias\/wp-content\/uploads\/2021\/10\/saofrancisco_041021_fidencio-768x512.jpg 768w, https:\/\/franciscanos.org.br\/noticias\/wp-content\/uploads\/2021\/10\/saofrancisco_041021_fidencio-150x100.jpg 150w\" sizes=\"(max-width: 1200px) 100vw, 1200px\" \/><\/p>\n<p>Frei Fid\u00eancio fez sua reflex\u00e3o a partir do tema da Novena e Festa de S\u00e3o Francisco: &#8220;Francisco, o homem do encontro&#8221;. Segundo ele, nesses dias foram rezados, meditados e partilhados diferentes encontros. &#8220;Ontem celebramos o encontro de S\u00e3o Francisco com a irm\u00e3 morte, vivido intensamente no entardecer nesta igreja, \u00e0s 18 horas, com a celebra\u00e7\u00e3o do Tr\u00e2nsito. E hoje creio que podemos dizer que n\u00f3s celebramos esses encontros com aquele encontro definitivo de S\u00e3o Francisco na gl\u00f3ria. O Francisco glorificado, Francisco canonizado, aquele que em vida incansavelmente buscou se encontrar com Deus&#8221;, disse o Ministro Provincial.<\/p>\n<p>Para o celebrante, podemos dizer hoje: &#8220;S\u00e3o Francisco, que estais ao lado da Virgem Maria junto ao Filho Dileto do c\u00e9u, rogai por n\u00f3s! Rogai pela nossa vida, rogai pela nossa hist\u00f3ria, para que n\u00f3s, nos diferentes encontros, possamos preparar o nosso encontro definitivo com Deus e um dia nos encontrarmos com Francisco, gloriosos na p\u00e1tria eterna&#8221;, acrescentou<\/p>\n<p>Frei Fid\u00eancio, ent\u00e3o, perguntou como Francisco chegou a esse grande encontro com Deus? O que Francisco fez para chegar onde ele chegou? Segundo o Ministro Provincial, a pr\u00f3pria Palavra de Deus d\u00e1 a indica\u00e7\u00e3o, como na leitura do Livro do Eclesi\u00e1stico: &#8220;&#8216;Eis quem durante sua vida restaurou a Casa, e em seus dias consolidou os fundamentos da altura do p\u00f3rtico&#8217;. Francisco, ao longo de sua vida, restaurou a casa de Deus, a come\u00e7ar pela sua pr\u00f3pria casa, quando ele diz: o Senhor usou de miseric\u00f3rdia para comigo. E porque Deus usou de miseric\u00f3rdia para Francisco, Francisco tamb\u00e9m usou de miseric\u00f3rdia, a come\u00e7ar pelo leproso, pelos pobres, por todas as pessoas que ele encontrava. E ele usou da mesma miseric\u00f3rdia com a cria\u00e7\u00e3o inteira, por isso ele chama cada criatura de irm\u00e3o e de irm\u00e3&#8221;, explicou.<\/p>\n<p><img loading=\"lazy\" class=\"wp-image-234572 alignleft\" src=\"https:\/\/franciscanos.org.br\/noticias\/wp-content\/uploads\/2021\/10\/saofrancisco_041021_3.jpg\" alt=\"\" width=\"574\" height=\"948\" srcset=\"https:\/\/franciscanos.org.br\/noticias\/wp-content\/uploads\/2021\/10\/saofrancisco_041021_3.jpg 654w, https:\/\/franciscanos.org.br\/noticias\/wp-content\/uploads\/2021\/10\/saofrancisco_041021_3-272x450.jpg 272w, https:\/\/franciscanos.org.br\/noticias\/wp-content\/uploads\/2021\/10\/saofrancisco_041021_3-620x1024.jpg 620w, https:\/\/franciscanos.org.br\/noticias\/wp-content\/uploads\/2021\/10\/saofrancisco_041021_3-768x1269.jpg 768w, https:\/\/franciscanos.org.br\/noticias\/wp-content\/uploads\/2021\/10\/saofrancisco_041021_3-150x248.jpg 150w\" sizes=\"(max-width: 574px) 100vw, 574px\" \/><\/p>\n<p>Ent\u00e3o, segundo Frei Fid\u00eancio, se quisermos como S\u00e3o Francisco chegar \u00e0 gl\u00f3ria do c\u00e9u, tamb\u00e9m temos que restaurar, como diz a leitura, a casa enquanto Deus nos d\u00e1 a gra\u00e7a de viver neste mundo. &#8220;Infelizmente, a criatura humana \u00e9 a criatura mais destruidora da terra. N\u00e3o \u00e9 o leopardo, n\u00e3o \u00e9 o le\u00e3o. Esses s\u00e3o animais inocentes. Mas \u00e9 a criatura humana, a que menos cuida da casa, a que menos restaura a casa. N\u00f3s precisamos restaurar a casa, a grande casa comum, se quisermos um dia participar da comunh\u00e3o dos santos&#8221;, explicou Frei Fid\u00eancio, lembrando que foi esse o pedido do Papa Francisco quando nos presenteou com a enc\u00edclica <em>Fratelli tutti <\/em>e um pouco antes a <em>Laudato Si&#8217;<\/em>. &#8220;\u00c9 dever nosso. Cada dia n\u00f3s vemos mais polui\u00e7\u00e3o, mais queimadas, mais agress\u00f5es, mais separa\u00e7\u00f5es. N\u00f3s precisamos restaurar a casa&#8221;, enfatizou, lembrando que essas destrui\u00e7\u00f5es ficaram mais evidentes nesta pandemia. &#8220;Essa restaura\u00e7\u00e3o come\u00e7a exatamente a partir de cada um de n\u00f3s, mas tamb\u00e9m daqueles que possuem uma responsabilidade social: os nossos poderes p\u00fablicos t\u00eam essa grande tarefa, esse dever&#8221;, ressaltou.<\/p>\n<p>A segunda indica\u00e7\u00e3o para esse encontro com Deus, Frei Fid\u00eancio tira do Evangelho: &#8220;Eu te louvo, Pai e Senhor da terra, porque ocultastes essas coisas aos s\u00e1bios e entendidos e as revelastes aos pequeninos! Que bonita esta express\u00e3o, irm\u00e3os e irm\u00e3s! N\u00e3o somos diferentes de S\u00e3o Francisco de Assis. Somos t\u00e3o humanos quanto humano foi Francisco. N\u00f3s somos t\u00e3o pequenos como pequeno foi o <em>Poverello de Assis<\/em>. Mas tamb\u00e9m somos t\u00e3o santos, t\u00e3o grandiosos de alma e de esp\u00edrito como foi Francisco de Assis. Se Jesus diz no Evangelho, olhando para as pessoas simples e pequenas, se Jesus louva o Pai do c\u00e9u por essas pessoas, oxal\u00e1, Jesus possa olhar tamb\u00e9m &#8211; como olhou para Francisco -, para cada um de n\u00f3s e dizer: &#8216;Eu te louvo, Senhor Pai do C\u00e9u, porque ocultastes essas coisas dos s\u00e1bios e entendidos e as revelastes aos pequeninos&#8217;. Que n\u00f3s possamos ser pessoas que estejam sempre no agrado de Deus. N\u00e3o o agrado pessoal. Isso \u00e9 vaidade e n\u00e3o leva a lugar nenhum. Mas que Deus nos encontre sempre fazendo a sua vontade, como Francisco fez. Quando ele tinha d\u00favida, ele recorria \u00e0 Cruz do Senhor ou abria a p\u00e1ginas do Evangelho e se perguntava: &#8216;Senhor, que queres que eu fa\u00e7a?&#8217;, para exatamente viver em conformidade com o agrado de Deus. Que Deus possa nos encontrar todos os dias no seu agrado para um dia dizer: &#8216;Vinde, benditos do meu Pai! Participai desse reino preparado para todos desde a cria\u00e7\u00e3o do mundo&#8221;, disse, mesmo fatigados, sobrecarregados, oprimidos, com dor, chorando e vivendo os nossos lutos.<\/p>\n\n\t\t<style type=\"text\/css\">\n\t\t\t#gallery-1 {\n\t\t\t\tmargin: auto;\n\t\t\t}\n\t\t\t#gallery-1 .gallery-item {\n\t\t\t\tfloat: left;\n\t\t\t\tmargin-top: 10px;\n\t\t\t\ttext-align: center;\n\t\t\t\twidth: 20%;\n\t\t\t}\n\t\t\t#gallery-1 img {\n\t\t\t\tborder: 2px solid #cfcfcf;\n\t\t\t}\n\t\t\t#gallery-1 .gallery-caption {\n\t\t\t\tmargin-left: 0;\n\t\t\t}\n\t\t\t\/* see gallery_shortcode() in wp-includes\/media.php *\/\n\t\t<\/style>\n\t\t<div id='gallery-1' class='gallery galleryid-234569 gallery-columns-5 gallery-size-thumbnail'><dl class='gallery-item'>\n\t\t\t<dt class='gallery-icon landscape'>\n\t\t\t\t<a href='https:\/\/franciscanos.org.br\/noticias\/wp-content\/uploads\/2021\/10\/saofrancisco_041021_4.png'><img width=\"300\" height=\"300\" src=\"https:\/\/franciscanos.org.br\/noticias\/wp-content\/uploads\/2021\/10\/saofrancisco_041021_4-300x300.png\" class=\"attachment-thumbnail size-thumbnail\" alt=\"\" loading=\"lazy\" srcset=\"https:\/\/franciscanos.org.br\/noticias\/wp-content\/uploads\/2021\/10\/saofrancisco_041021_4-300x300.png 300w, https:\/\/franciscanos.org.br\/noticias\/wp-content\/uploads\/2021\/10\/saofrancisco_041021_4-100x100.png 100w\" sizes=\"(max-width: 300px) 100vw, 300px\" \/><\/a>\n\t\t\t<\/dt><\/dl><dl class='gallery-item'>\n\t\t\t<dt class='gallery-icon landscape'>\n\t\t\t\t<a href='https:\/\/franciscanos.org.br\/noticias\/wp-content\/uploads\/2021\/10\/saofrancisco_041021_5.png'><img width=\"300\" height=\"300\" src=\"https:\/\/franciscanos.org.br\/noticias\/wp-content\/uploads\/2021\/10\/saofrancisco_041021_5-300x300.png\" class=\"attachment-thumbnail size-thumbnail\" alt=\"\" loading=\"lazy\" srcset=\"https:\/\/franciscanos.org.br\/noticias\/wp-content\/uploads\/2021\/10\/saofrancisco_041021_5-300x300.png 300w, https:\/\/franciscanos.org.br\/noticias\/wp-content\/uploads\/2021\/10\/saofrancisco_041021_5-100x100.png 100w\" sizes=\"(max-width: 300px) 100vw, 300px\" \/><\/a>\n\t\t\t<\/dt><\/dl><dl class='gallery-item'>\n\t\t\t<dt class='gallery-icon landscape'>\n\t\t\t\t<a href='https:\/\/franciscanos.org.br\/noticias\/wp-content\/uploads\/2021\/10\/saofrancisco_041021_6.png'><img width=\"300\" height=\"300\" src=\"https:\/\/franciscanos.org.br\/noticias\/wp-content\/uploads\/2021\/10\/saofrancisco_041021_6-300x300.png\" class=\"attachment-thumbnail size-thumbnail\" alt=\"\" loading=\"lazy\" srcset=\"https:\/\/franciscanos.org.br\/noticias\/wp-content\/uploads\/2021\/10\/saofrancisco_041021_6-300x300.png 300w, https:\/\/franciscanos.org.br\/noticias\/wp-content\/uploads\/2021\/10\/saofrancisco_041021_6-100x100.png 100w\" sizes=\"(max-width: 300px) 100vw, 300px\" \/><\/a>\n\t\t\t<\/dt><\/dl><dl class='gallery-item'>\n\t\t\t<dt class='gallery-icon landscape'>\n\t\t\t\t<a href='https:\/\/franciscanos.org.br\/noticias\/wp-content\/uploads\/2021\/10\/saofrancisco_041021_7-1.jpg'><img width=\"300\" height=\"300\" src=\"https:\/\/franciscanos.org.br\/noticias\/wp-content\/uploads\/2021\/10\/saofrancisco_041021_7-1-300x300.jpg\" class=\"attachment-thumbnail size-thumbnail\" alt=\"\" loading=\"lazy\" srcset=\"https:\/\/franciscanos.org.br\/noticias\/wp-content\/uploads\/2021\/10\/saofrancisco_041021_7-1-300x300.jpg 300w, https:\/\/franciscanos.org.br\/noticias\/wp-content\/uploads\/2021\/10\/saofrancisco_041021_7-1-100x100.jpg 100w\" sizes=\"(max-width: 300px) 100vw, 300px\" \/><\/a>\n\t\t\t<\/dt><\/dl><dl class='gallery-item'>\n\t\t\t<dt class='gallery-icon landscape'>\n\t\t\t\t<a href='https:\/\/franciscanos.org.br\/noticias\/wp-content\/uploads\/2021\/10\/sofrancisco_041021_1.png'><img width=\"300\" height=\"300\" src=\"https:\/\/franciscanos.org.br\/noticias\/wp-content\/uploads\/2021\/10\/sofrancisco_041021_1-300x300.png\" class=\"attachment-thumbnail size-thumbnail\" alt=\"\" loading=\"lazy\" srcset=\"https:\/\/franciscanos.org.br\/noticias\/wp-content\/uploads\/2021\/10\/sofrancisco_041021_1-300x300.png 300w, https:\/\/franciscanos.org.br\/noticias\/wp-content\/uploads\/2021\/10\/sofrancisco_041021_1-100x100.png 100w\" sizes=\"(max-width: 300px) 100vw, 300px\" \/><\/a>\n\t\t\t<\/dt><\/dl><br style=\"clear: both\" \/>\n\t\t<\/div>\n\n<p>&#8220;E foi o que Francisco de Assis fez. Quantas vezes, ele teve de se recolher quando estava com dificuldades. Acharei descanso para vossas almas porque o meu julgo \u00e9 suave e o meu peso \u00e9 leve. Foi o itiner\u00e1rio de Francisco para chegar \u00e0 gl\u00f3ria nesse grande encontro com Deus&#8221;, destacou Frei Fid\u00eancio.<\/p>\n<p>A terceira e \u00faltima indica\u00e7\u00e3o da Palavra de Deus \u00e9 forte e marcante na vida de S\u00e3o Francisco para chegar na gl\u00f3ria de Deus: \u00c9 preciso, diz Frei Fid\u00eancio, deixar-se assinalar pelo mist\u00e9rio da cruz do Senhor. &#8220;Por isso essa carta de S\u00e3o Paulo aos G\u00e1latas: &#8216;Irm\u00e3os, quanto a mim, n\u00e3o pretendo jamais gloriar a n\u00e3o ser na cruz do Senhor. Porque o mundo est\u00e1 crucificado para mim e eu para o mundo&#8217;. Foi esse o itiner\u00e1rio de Francisco de Assis. A cruz do sonho, l\u00e1 do castelo de Spoleto, passa pela cruz de S\u00e3o Dami\u00e3o e pela cruz do Monte Alverne quando Francisco se deixa assinalar, de verdade, sentindo nas pr\u00f3prias m\u00e3os, nos p\u00e9s e peito as marcas da Cruz. E as marcas da cruz est\u00e3o repletas de dor. As marcas da cruz est\u00e3o tamb\u00e9m repletas de amor. Dor e amor se entrecruzam. Dor e amor se complementam. \u00c9 assim a nossa hist\u00f3ria; \u00e9 assim a nossa vida. \u00c9 o nosso itiner\u00e1rio para chegar a esse grande encontro com o Senhor. Itiner\u00e1rio de toda a Igreja para chegar \u00e0 glorifica\u00e7\u00e3o&#8221;, explicou o celebrante.<\/p>\n<p><img loading=\"lazy\" class=\"alignnone size-full wp-image-234574\" src=\"https:\/\/franciscanos.org.br\/noticias\/wp-content\/uploads\/2021\/10\/saofrancisco_041021_2.jpg\" alt=\"\" width=\"1280\" height=\"853\" srcset=\"https:\/\/franciscanos.org.br\/noticias\/wp-content\/uploads\/2021\/10\/saofrancisco_041021_2.jpg 1280w, https:\/\/franciscanos.org.br\/noticias\/wp-content\/uploads\/2021\/10\/saofrancisco_041021_2-450x300.jpg 450w, https:\/\/franciscanos.org.br\/noticias\/wp-content\/uploads\/2021\/10\/saofrancisco_041021_2-1024x682.jpg 1024w, https:\/\/franciscanos.org.br\/noticias\/wp-content\/uploads\/2021\/10\/saofrancisco_041021_2-768x512.jpg 768w, https:\/\/franciscanos.org.br\/noticias\/wp-content\/uploads\/2021\/10\/saofrancisco_041021_2-150x100.jpg 150w\" sizes=\"(max-width: 1280px) 100vw, 1280px\" \/><\/p>\n<p>&#8220;Vamos pedir hoje a intercess\u00e3o do nosso Ser\u00e1fico Pai S\u00e3o Francisco, a partir deste centro hist\u00f3rico de S\u00e3o Paulo, para que olhe por toda a Igreja de Deus, por essa humanidade ferida, essa humanidade que est\u00e1 a caminho da felicidade. N\u00e3o existe felicidade maior do que a prometida por Deus. Que ele nos interceda por n\u00f3s, nos ajude e nos d\u00ea coragem. N\u00e3o desanimemos. Se a cruz \u00e9 pesada, vinde a mim. Tomai sobre v\u00f3s o meu jugo. Aprendei de mim que sou manso e humilde de cora\u00e7\u00e3o, diz Nosso Senhor Jesus Cristo&#8221;, exortou Frei Fid\u00eancio.<\/p>\n<p>No final da Missa, Frei Fid\u00eancio deu a b\u00ean\u00e7\u00e3o com a rel\u00edquia de S\u00e3o Francisco e os devotos puderam seguir em fila at\u00e9 a hist\u00f3rica imagem do altar principal da igreja.\u00a0 O reitor e p\u00e1roco Frei M\u00e1rio Tagliari deu os avisos e lembrou que a macarronada de S\u00e3o Francisco, presencial e em sistema de drive-thru, est\u00e1 fazendo sucesso na festa, assim como o bolo de S\u00e3o Francisco e o P\u00e3o do Convento.<\/p>\n<p><img loading=\"lazy\" class=\"alignnone size-full wp-image-234580\" src=\"https:\/\/franciscanos.org.br\/noticias\/wp-content\/uploads\/2021\/10\/saofrancisco_041021_8.jpg\" alt=\"\" width=\"1280\" height=\"900\" srcset=\"https:\/\/franciscanos.org.br\/noticias\/wp-content\/uploads\/2021\/10\/saofrancisco_041021_8.jpg 1280w, https:\/\/franciscanos.org.br\/noticias\/wp-content\/uploads\/2021\/10\/saofrancisco_041021_8-450x316.jpg 450w, https:\/\/franciscanos.org.br\/noticias\/wp-content\/uploads\/2021\/10\/saofrancisco_041021_8-1024x720.jpg 1024w, https:\/\/franciscanos.org.br\/noticias\/wp-content\/uploads\/2021\/10\/saofrancisco_041021_8-768x540.jpg 768w, https:\/\/franciscanos.org.br\/noticias\/wp-content\/uploads\/2021\/10\/saofrancisco_041021_8-150x105.jpg 150w, https:\/\/franciscanos.org.br\/noticias\/wp-content\/uploads\/2021\/10\/saofrancisco_041021_8-474x332.jpg 474w\" sizes=\"(max-width: 1280px) 100vw, 1280px\" \/><\/p>\n<p><strong><em>IGREJA ABERTA PARA TODO MUNDO<\/em><\/strong><\/p>\n<p>A Par\u00f3quia S\u00e3o Francisco de Assis lotou de fi\u00e9is e, com eles, como j\u00e1 \u00e9 tradi\u00e7\u00e3o na Vila Clementino, uma turma de pets e outros animais. O p\u00e1roco Frei Valdecir Schwambach, na Missa do meio-dia, brincou dizendo que esta \u00e9 a &#8220;Missa em Latim&#8221;, por causa dos latidos. Grandes filas se formaram durante todo o dia para a b\u00ean\u00e7\u00e3o dos animais.<\/p>\n<p>&#8220;Temos a alegria de celebrar o nosso Padroeiro. Fazemos na Par\u00f3quia uma festa em que cabe todo mundo, uma festa em que ningu\u00e9m pode ficar de fora&#8221;, celebrou Frei Valdecir, destacando que esse acolhimento \u00e9 pr\u00f3prio da Par\u00f3quia nos 365 dias do ano, como pede o Papa Francisco ao dizer que a Igreja n\u00e3o deve fazer acep\u00e7\u00e3o de pessoas, seja por classe social, por qualquer tipo de prefer\u00eancia, por qualquer tipo de op\u00e7\u00e3o. &#8220;O Papa Francisco diz que a Igreja deve ser como um hospital de campanha, para acolher quem se julga necessitado de Deus&#8221;, disse.<\/p>\n<p>&#8220;E hoje, acolhendo aqui os pets, os mais variados &#8211; hoje de manh\u00e3 aben\u00e7oei um fur\u00e3o, nunca tinha visto -, acredito que de uma forma simb\u00f3lica, mas muito concreta, n\u00f3s estamos dizendo que a Igreja \u00e9 lugar para todo mundo. Igreja \u00e9 a casa do pai, a casa da m\u00e3e onde sempre tem espa\u00e7o para mais um filho entrar. Igreja \u00e9 uma mesa onde n\u00e3o deve faltar lugar para nenhum de n\u00f3s sentarmos, para nenhum de n\u00f3s buscarmos alimento. N\u00f3s alimentamos pelos ouvidos. Ouvimos a Palavra de Deus pelos ouvidos, mas ela deve chegar ao cora\u00e7\u00e3o, deve aquecer o cora\u00e7\u00e3o. Mas \u00e9 uma mesa tamb\u00e9m onde alimentamos o nosso esp\u00edrito, o sentido da nossa f\u00e9, o sentimento de perten\u00e7a, porque na mesa todos nos sentimos irm\u00e3os e irm\u00e3s&#8221;, exortou o p\u00e1roco.<\/p>\n<p><img loading=\"lazy\" class=\"alignnone size-full wp-image-234581\" src=\"https:\/\/franciscanos.org.br\/noticias\/wp-content\/uploads\/2021\/10\/saofrancisco_041021_11.png\" alt=\"\" width=\"1000\" height=\"615\" srcset=\"https:\/\/franciscanos.org.br\/noticias\/wp-content\/uploads\/2021\/10\/saofrancisco_041021_11.png 1000w, https:\/\/franciscanos.org.br\/noticias\/wp-content\/uploads\/2021\/10\/saofrancisco_041021_11-450x277.png 450w, https:\/\/franciscanos.org.br\/noticias\/wp-content\/uploads\/2021\/10\/saofrancisco_041021_11-768x472.png 768w, https:\/\/franciscanos.org.br\/noticias\/wp-content\/uploads\/2021\/10\/saofrancisco_041021_11-150x92.png 150w\" sizes=\"(max-width: 1000px) 100vw, 1000px\" \/><\/p>\n<p>Segundo o frade, S\u00e3o Francisco \u00e9 amado por todas religi\u00f5es e n\u00e3o s\u00f3 o catolicismo. &#8220;Porque ele simboliza o ser humano na sua plenitude, o ser humano integrado, o ser humano que, dia ap\u00f3s dia, tem o desafio de se restaurar, de tornar-se inteiro, de integrar os negativos e os positivos da vida, juntar os fragmentos da vida e seguir em frente&#8221;, observou. &#8220;E n\u00f3s encontramos no Evangelho um Jesus que louva porque Deus n\u00e3o se manifesta \u00e0queles que se consideram grandes, que se consideram poderosos e por tr\u00e1s disso a arrog\u00e2ncia, as pessoas que sobem na vida \u00e0s custas das outras pessoas, mas aqueles que se fazem pequenos para que Deus possa parecer em cada ser humano&#8221;, ensinou.<\/p>\n\n\t\t<style type=\"text\/css\">\n\t\t\t#gallery-2 {\n\t\t\t\tmargin: auto;\n\t\t\t}\n\t\t\t#gallery-2 .gallery-item {\n\t\t\t\tfloat: left;\n\t\t\t\tmargin-top: 10px;\n\t\t\t\ttext-align: center;\n\t\t\t\twidth: 25%;\n\t\t\t}\n\t\t\t#gallery-2 img {\n\t\t\t\tborder: 2px solid #cfcfcf;\n\t\t\t}\n\t\t\t#gallery-2 .gallery-caption {\n\t\t\t\tmargin-left: 0;\n\t\t\t}\n\t\t\t\/* see gallery_shortcode() in wp-includes\/media.php *\/\n\t\t<\/style>\n\t\t<div id='gallery-2' class='gallery galleryid-234569 gallery-columns-4 gallery-size-thumbnail'><dl class='gallery-item'>\n\t\t\t<dt class='gallery-icon landscape'>\n\t\t\t\t<a href='https:\/\/franciscanos.org.br\/noticias\/wp-content\/uploads\/2021\/10\/saofrancisco_041021_9.png'><img width=\"300\" height=\"300\" src=\"https:\/\/franciscanos.org.br\/noticias\/wp-content\/uploads\/2021\/10\/saofrancisco_041021_9-300x300.png\" class=\"attachment-thumbnail size-thumbnail\" alt=\"\" loading=\"lazy\" srcset=\"https:\/\/franciscanos.org.br\/noticias\/wp-content\/uploads\/2021\/10\/saofrancisco_041021_9-300x300.png 300w, https:\/\/franciscanos.org.br\/noticias\/wp-content\/uploads\/2021\/10\/saofrancisco_041021_9-100x100.png 100w\" sizes=\"(max-width: 300px) 100vw, 300px\" \/><\/a>\n\t\t\t<\/dt><\/dl><dl class='gallery-item'>\n\t\t\t<dt class='gallery-icon landscape'>\n\t\t\t\t<a href='https:\/\/franciscanos.org.br\/noticias\/wp-content\/uploads\/2021\/10\/saofrancisco_041021_10.png'><img width=\"300\" height=\"300\" src=\"https:\/\/franciscanos.org.br\/noticias\/wp-content\/uploads\/2021\/10\/saofrancisco_041021_10-300x300.png\" class=\"attachment-thumbnail size-thumbnail\" alt=\"\" loading=\"lazy\" srcset=\"https:\/\/franciscanos.org.br\/noticias\/wp-content\/uploads\/2021\/10\/saofrancisco_041021_10-300x300.png 300w, https:\/\/franciscanos.org.br\/noticias\/wp-content\/uploads\/2021\/10\/saofrancisco_041021_10-100x100.png 100w\" sizes=\"(max-width: 300px) 100vw, 300px\" \/><\/a>\n\t\t\t<\/dt><\/dl><dl class='gallery-item'>\n\t\t\t<dt class='gallery-icon landscape'>\n\t\t\t\t<a href='https:\/\/franciscanos.org.br\/noticias\/wp-content\/uploads\/2021\/10\/saofrancisco_041021_12.jpg'><img width=\"300\" height=\"300\" src=\"https:\/\/franciscanos.org.br\/noticias\/wp-content\/uploads\/2021\/10\/saofrancisco_041021_12-300x300.jpg\" class=\"attachment-thumbnail size-thumbnail\" alt=\"\" loading=\"lazy\" srcset=\"https:\/\/franciscanos.org.br\/noticias\/wp-content\/uploads\/2021\/10\/saofrancisco_041021_12-300x300.jpg 300w, https:\/\/franciscanos.org.br\/noticias\/wp-content\/uploads\/2021\/10\/saofrancisco_041021_12-100x100.jpg 100w\" sizes=\"(max-width: 300px) 100vw, 300px\" \/><\/a>\n\t\t\t<\/dt><\/dl><dl class='gallery-item'>\n\t\t\t<dt class='gallery-icon landscape'>\n\t\t\t\t<a href='https:\/\/franciscanos.org.br\/noticias\/wp-content\/uploads\/2021\/10\/saofrancisco_041021_13.png'><img width=\"300\" height=\"300\" src=\"https:\/\/franciscanos.org.br\/noticias\/wp-content\/uploads\/2021\/10\/saofrancisco_041021_13-300x300.png\" class=\"attachment-thumbnail size-thumbnail\" alt=\"\" loading=\"lazy\" srcset=\"https:\/\/franciscanos.org.br\/noticias\/wp-content\/uploads\/2021\/10\/saofrancisco_041021_13-300x300.png 300w, https:\/\/franciscanos.org.br\/noticias\/wp-content\/uploads\/2021\/10\/saofrancisco_041021_13-100x100.png 100w\" sizes=\"(max-width: 300px) 100vw, 300px\" \/><\/a>\n\t\t\t<\/dt><\/dl><br style=\"clear: both\" \/>\n\t\t<\/div>\n\n<p>Frei Valdecir destacou v\u00e1rios trechos da Fratelli tutti (Todos somos irm\u00e3os), em que o Papa Francisco fez uma convoca\u00e7\u00e3o a vivermos unidos em uma grande comunidade global. &#8220;O cristianismo \u00e9 a religi\u00e3o da comunidade. Cuidar do mundo que nos rodeia significa cuidar de n\u00f3s mesmos. Precisamos nos constituir de um &#8216;n\u00f3s&#8217; que habita a casa comum&#8221;, disse. &#8220;Eu desejo que o esp\u00edrito franciscano da leveza, da pobreza, da pureza, limpidez esteja no nosso cora\u00e7\u00e3o&#8221;, completou.<\/p>\n<hr \/>\n<p><em>Moacir Beggo<\/em><\/p>\n","protected":false},"excerpt":{"rendered":"<p>Convento S\u00e3o Francisco e Par\u00f3quia da Vila Clementino<\/p>\n","protected":false},"author":3,"featured_media":234575,"comment_status":"open","ping_status":"open","sticky":false,"template":"","format":"standard","meta":[],"categories":[1],"tags":[312,1249],"acf":[],"yoast_head":"<!-- This site is optimized with the Yoast SEO plugin v19.2 - https:\/\/yoast.com\/wordpress\/plugins\/seo\/ -->\n<title>Frei Fid\u00eancio ensina como Francisco fez o grande encontro com Deus - Not\u00edcias - Franciscanos<\/title>\n<meta name=\"robots\" content=\"index, follow, max-snippet:-1, max-image-preview:large, max-video-preview:-1\" \/>\n<link rel=\"canonical\" href=\"https:\/\/franciscanos.org.br\/noticias\/frei-fidencio-ensina-como-francisco-fez-o-grande-encontro-com-deus.html\" \/>\n<meta property=\"og:locale\" content=\"pt_BR\" \/>\n<meta property=\"og:type\" content=\"article\" \/>\n<meta property=\"og:title\" content=\"Frei Fid\u00eancio ensina como Francisco fez o grande encontro com Deus - Not\u00edcias - Franciscanos\" \/>\n<meta property=\"og:description\" content=\"Convento S\u00e3o Francisco e Par\u00f3quia da Vila Clementino\" \/>\n<meta property=\"og:url\" content=\"https:\/\/franciscanos.org.br\/noticias\/frei-fidencio-ensina-como-francisco-fez-o-grande-encontro-com-deus.html\" \/>\n<meta property=\"og:site_name\" content=\"Not\u00edcias - Franciscanos\" \/>\n<meta property=\"article:published_time\" content=\"2021-10-04T21:21:56+00:00\" \/>\n<meta property=\"article:modified_time\" content=\"2022-12-31T15:52:24+00:00\" \/>\n<meta property=\"og:image\" content=\"https:\/\/franciscanos.org.br\/noticias\/wp-content\/uploads\/2021\/10\/saofrancisco_041021_4.png\" \/>\n\t<meta property=\"og:image:width\" content=\"1280\" \/>\n\t<meta property=\"og:image:height\" content=\"960\" \/>\n\t<meta property=\"og:image:type\" content=\"image\/png\" \/>\n<meta name=\"author\" content=\"moacir\" \/>\n<meta name=\"twitter:card\" content=\"summary_large_image\" \/>\n<meta name=\"twitter:label1\" content=\"Escrito por\" \/>\n\t<meta name=\"twitter:data1\" content=\"moacir\" \/>\n\t<meta name=\"twitter:label2\" content=\"Est. tempo de leitura\" \/>\n\t<meta name=\"twitter:data2\" content=\"10 minutos\" \/>\n<script type=\"application\/ld+json\" class=\"yoast-schema-graph\">{\"@context\":\"https:\/\/schema.org\",\"@graph\":[{\"@type\":\"WebSite\",\"@id\":\"https:\/\/franciscanos.org.br\/noticias\/#website\",\"url\":\"https:\/\/franciscanos.org.br\/noticias\/\",\"name\":\"Not\u00edcias - Franciscanos\",\"description\":\"Prov\u00edncia Franciscana da Imaculada Concei\u00e7\u00e3o do Brasil - Ordem dos Frades Menores - OFM\",\"potentialAction\":[{\"@type\":\"SearchAction\",\"target\":{\"@type\":\"EntryPoint\",\"urlTemplate\":\"https:\/\/franciscanos.org.br\/noticias\/?s={search_term_string}\"},\"query-input\":\"required name=search_term_string\"}],\"inLanguage\":\"pt-BR\"},{\"@type\":\"ImageObject\",\"inLanguage\":\"pt-BR\",\"@id\":\"https:\/\/franciscanos.org.br\/noticias\/frei-fidencio-ensina-como-francisco-fez-o-grande-encontro-com-deus.html#primaryimage\",\"url\":\"https:\/\/franciscanos.org.br\/noticias\/wp-content\/uploads\/2021\/10\/saofrancisco_041021_4.png\",\"contentUrl\":\"https:\/\/franciscanos.org.br\/noticias\/wp-content\/uploads\/2021\/10\/saofrancisco_041021_4.png\",\"width\":1280,\"height\":960},{\"@type\":\"WebPage\",\"@id\":\"https:\/\/franciscanos.org.br\/noticias\/frei-fidencio-ensina-como-francisco-fez-o-grande-encontro-com-deus.html#webpage\",\"url\":\"https:\/\/franciscanos.org.br\/noticias\/frei-fidencio-ensina-como-francisco-fez-o-grande-encontro-com-deus.html\",\"name\":\"Frei Fid\u00eancio ensina como Francisco fez o grande encontro com Deus - Not\u00edcias - Franciscanos\",\"isPartOf\":{\"@id\":\"https:\/\/franciscanos.org.br\/noticias\/#website\"},\"primaryImageOfPage\":{\"@id\":\"https:\/\/franciscanos.org.br\/noticias\/frei-fidencio-ensina-como-francisco-fez-o-grande-encontro-com-deus.html#primaryimage\"},\"datePublished\":\"2021-10-04T21:21:56+00:00\",\"dateModified\":\"2022-12-31T15:52:24+00:00\",\"author\":{\"@id\":\"https:\/\/franciscanos.org.br\/noticias\/#\/schema\/person\/b5c8cba458c330ccff548b056e95a5d4\"},\"breadcrumb\":{\"@id\":\"https:\/\/franciscanos.org.br\/noticias\/frei-fidencio-ensina-como-francisco-fez-o-grande-encontro-com-deus.html#breadcrumb\"},\"inLanguage\":\"pt-BR\",\"potentialAction\":[{\"@type\":\"ReadAction\",\"target\":[\"https:\/\/franciscanos.org.br\/noticias\/frei-fidencio-ensina-como-francisco-fez-o-grande-encontro-com-deus.html\"]}]},{\"@type\":\"BreadcrumbList\",\"@id\":\"https:\/\/franciscanos.org.br\/noticias\/frei-fidencio-ensina-como-francisco-fez-o-grande-encontro-com-deus.html#breadcrumb\",\"itemListElement\":[{\"@type\":\"ListItem\",\"position\":1,\"name\":\"Home\",\"item\":\"https:\/\/franciscanos.org.br\/noticias\"},{\"@type\":\"ListItem\",\"position\":2,\"name\":\"Frei Fid\u00eancio ensina como Francisco fez o grande encontro com Deus\"}]},{\"@type\":\"Person\",\"@id\":\"https:\/\/franciscanos.org.br\/noticias\/#\/schema\/person\/b5c8cba458c330ccff548b056e95a5d4\",\"name\":\"moacir\",\"image\":{\"@type\":\"ImageObject\",\"inLanguage\":\"pt-BR\",\"@id\":\"https:\/\/franciscanos.org.br\/noticias\/#\/schema\/person\/image\/\",\"url\":\"https:\/\/secure.gravatar.com\/avatar\/d08aa2ce4c8dd416d4479aa8536fcf64?s=96&d=mm&r=g\",\"contentUrl\":\"https:\/\/secure.gravatar.com\/avatar\/d08aa2ce4c8dd416d4479aa8536fcf64?s=96&d=mm&r=g\",\"caption\":\"moacir\"},\"url\":\"https:\/\/franciscanos.org.br\/noticias\/author\/moacir\"}]}<\/script>\n<!-- \/ Yoast SEO plugin. -->","yoast_head_json":{"title":"Frei Fid\u00eancio ensina como Francisco fez o grande encontro com Deus - Not\u00edcias - Franciscanos","robots":{"index":"index","follow":"follow","max-snippet":"max-snippet:-1","max-image-preview":"max-image-preview:large","max-video-preview":"max-video-preview:-1"},"canonical":"https:\/\/franciscanos.org.br\/noticias\/frei-fidencio-ensina-como-francisco-fez-o-grande-encontro-com-deus.html","og_locale":"pt_BR","og_type":"article","og_title":"Frei Fid\u00eancio ensina como Francisco fez o grande encontro com Deus - Not\u00edcias - Franciscanos","og_description":"Convento S\u00e3o Francisco e Par\u00f3quia da Vila Clementino","og_url":"https:\/\/franciscanos.org.br\/noticias\/frei-fidencio-ensina-como-francisco-fez-o-grande-encontro-com-deus.html","og_site_name":"Not\u00edcias - Franciscanos","article_published_time":"2021-10-04T21:21:56+00:00","article_modified_time":"2022-12-31T15:52:24+00:00","og_image":[{"width":1280,"height":960,"url":"https:\/\/franciscanos.org.br\/noticias\/wp-content\/uploads\/2021\/10\/saofrancisco_041021_4.png","type":"image\/png"}],"author":"moacir","twitter_card":"summary_large_image","twitter_misc":{"Escrito por":"moacir","Est. tempo de leitura":"10 minutos"},"schema":{"@context":"https:\/\/schema.org","@graph":[{"@type":"WebSite","@id":"https:\/\/franciscanos.org.br\/noticias\/#website","url":"https:\/\/franciscanos.org.br\/noticias\/","name":"Not\u00edcias - Franciscanos","description":"Prov\u00edncia Franciscana da Imaculada Concei\u00e7\u00e3o do Brasil - Ordem dos Frades Menores - OFM","potentialAction":[{"@type":"SearchAction","target":{"@type":"EntryPoint","urlTemplate":"https:\/\/franciscanos.org.br\/noticias\/?s={search_term_string}"},"query-input":"required name=search_term_string"}],"inLanguage":"pt-BR"},{"@type":"ImageObject","inLanguage":"pt-BR","@id":"https:\/\/franciscanos.org.br\/noticias\/frei-fidencio-ensina-como-francisco-fez-o-grande-encontro-com-deus.html#primaryimage","url":"https:\/\/franciscanos.org.br\/noticias\/wp-content\/uploads\/2021\/10\/saofrancisco_041021_4.png","contentUrl":"https:\/\/franciscanos.org.br\/noticias\/wp-content\/uploads\/2021\/10\/saofrancisco_041021_4.png","width":1280,"height":960},{"@type":"WebPage","@id":"https:\/\/franciscanos.org.br\/noticias\/frei-fidencio-ensina-como-francisco-fez-o-grande-encontro-com-deus.html#webpage","url":"https:\/\/franciscanos.org.br\/noticias\/frei-fidencio-ensina-como-francisco-fez-o-grande-encontro-com-deus.html","name":"Frei Fid\u00eancio ensina como Francisco fez o grande encontro com Deus - Not\u00edcias - Franciscanos","isPartOf":{"@id":"https:\/\/franciscanos.org.br\/noticias\/#website"},"primaryImageOfPage":{"@id":"https:\/\/franciscanos.org.br\/noticias\/frei-fidencio-ensina-como-francisco-fez-o-grande-encontro-com-deus.html#primaryimage"},"datePublished":"2021-10-04T21:21:56+00:00","dateModified":"2022-12-31T15:52:24+00:00","author":{"@id":"https:\/\/franciscanos.org.br\/noticias\/#\/schema\/person\/b5c8cba458c330ccff548b056e95a5d4"},"breadcrumb":{"@id":"https:\/\/franciscanos.org.br\/noticias\/frei-fidencio-ensina-como-francisco-fez-o-grande-encontro-com-deus.html#breadcrumb"},"inLanguage":"pt-BR","potentialAction":[{"@type":"ReadAction","target":["https:\/\/franciscanos.org.br\/noticias\/frei-fidencio-ensina-como-francisco-fez-o-grande-encontro-com-deus.html"]}]},{"@type":"BreadcrumbList","@id":"https:\/\/franciscanos.org.br\/noticias\/frei-fidencio-ensina-como-francisco-fez-o-grande-encontro-com-deus.html#breadcrumb","itemListElement":[{"@type":"ListItem","position":1,"name":"Home","item":"https:\/\/franciscanos.org.br\/noticias"},{"@type":"ListItem","position":2,"name":"Frei Fid\u00eancio ensina como Francisco fez o grande encontro com Deus"}]},{"@type":"Person","@id":"https:\/\/franciscanos.org.br\/noticias\/#\/schema\/person\/b5c8cba458c330ccff548b056e95a5d4","name":"moacir","image":{"@type":"ImageObject","inLanguage":"pt-BR","@id":"https:\/\/franciscanos.org.br\/noticias\/#\/schema\/person\/image\/","url":"https:\/\/secure.gravatar.com\/avatar\/d08aa2ce4c8dd416d4479aa8536fcf64?s=96&d=mm&r=g","contentUrl":"https:\/\/secure.gravatar.com\/avatar\/d08aa2ce4c8dd416d4479aa8536fcf64?s=96&d=mm&r=g","caption":"moacir"},"url":"https:\/\/franciscanos.org.br\/noticias\/author\/moacir"}]}},"_links":{"self":[{"href":"https:\/\/franciscanos.org.br\/noticias\/wp-json\/wp\/v2\/posts\/234569"}],"collection":[{"href":"https:\/\/franciscanos.org.br\/noticias\/wp-json\/wp\/v2\/posts"}],"about":[{"href":"https:\/\/franciscanos.org.br\/noticias\/wp-json\/wp\/v2\/types\/post"}],"author":[{"embeddable":true,"href":"https:\/\/franciscanos.org.br\/noticias\/wp-json\/wp\/v2\/users\/3"}],"replies":[{"embeddable":true,"href":"https:\/\/franciscanos.org.br\/noticias\/wp-json\/wp\/v2\/comments?post=234569"}],"version-history":[{"count":4,"href":"https:\/\/franciscanos.org.br\/noticias\/wp-json\/wp\/v2\/posts\/234569\/revisions"}],"predecessor-version":[{"id":234589,"href":"https:\/\/franciscanos.org.br\/noticias\/wp-json\/wp\/v2\/posts\/234569\/revisions\/234589"}],"wp:featuredmedia":[{"embeddable":true,"href":"https:\/\/franciscanos.org.br\/noticias\/wp-json\/wp\/v2\/media\/234575"}],"wp:attachment":[{"href":"https:\/\/franciscanos.org.br\/noticias\/wp-json\/wp\/v2\/media?parent=234569"}],"wp:term":[{"taxonomy":"category","embeddable":true,"href":"https:\/\/franciscanos.org.br\/noticias\/wp-json\/wp\/v2\/categories?post=234569"},{"taxonomy":"post_tag","embeddable":true,"href":"https:\/\/franciscanos.org.br\/noticias\/wp-json\/wp\/v2\/tags?post=234569"}],"curies":[{"name":"wp","href":"https:\/\/api.w.org\/{rel}","templated":true}]}}