{"id":234545,"date":"2021-10-04T17:43:34","date_gmt":"2021-10-04T20:43:34","guid":{"rendered":"https:\/\/franciscanos.org.br\/noticias\/?p=234545"},"modified":"2023-01-09T11:10:25","modified_gmt":"2023-01-09T14:10:25","slug":"francisco-de-assis-nao-morreu-ele-vive-entre-nos","status":"publish","type":"post","link":"https:\/\/franciscanos.org.br\/noticias\/francisco-de-assis-nao-morreu-ele-vive-entre-nos.html","title":{"rendered":"Francisco de Assis n\u00e3o morreu, ele vive entre n\u00f3s!"},"content":{"rendered":"<p><img loading=\"lazy\" class=\"alignnone wp-image-234605 size-full\" src=\"https:\/\/franciscanos.org.br\/noticias\/wp-content\/uploads\/2021\/10\/petropolis_sf_0410_3-1.jpg\" alt=\"\" width=\"1280\" height=\"853\" srcset=\"https:\/\/franciscanos.org.br\/noticias\/wp-content\/uploads\/2021\/10\/petropolis_sf_0410_3-1.jpg 1280w, https:\/\/franciscanos.org.br\/noticias\/wp-content\/uploads\/2021\/10\/petropolis_sf_0410_3-1-450x300.jpg 450w, https:\/\/franciscanos.org.br\/noticias\/wp-content\/uploads\/2021\/10\/petropolis_sf_0410_3-1-1024x682.jpg 1024w, https:\/\/franciscanos.org.br\/noticias\/wp-content\/uploads\/2021\/10\/petropolis_sf_0410_3-1-768x512.jpg 768w, https:\/\/franciscanos.org.br\/noticias\/wp-content\/uploads\/2021\/10\/petropolis_sf_0410_3-1-150x100.jpg 150w\" sizes=\"(max-width: 1280px) 100vw, 1280px\" \/><\/p>\n<p><strong>Petr\u00f3polis (RJ) \u2013<\/strong> As festividades e celebra\u00e7\u00f5es de S\u00e3o Francisco na Fraternidade do Sagrado Cora\u00e7\u00e3o de Jesus de Petr\u00f3polis (RJ) foram ricas em significado, espiritualidade e devo\u00e7\u00e3o. Desde o dia 27 de setembro, o Convento e a Par\u00f3quia promoveram a Semana Franciscana com uma programa\u00e7\u00e3o que contemplou <em>lives<\/em> formativas, reflex\u00f5es di\u00e1rias sobre o franciscanismo, Tr\u00edduo e Tr\u00e2nsito de S\u00e3o Francisco. Dias intensos de ora\u00e7\u00f5es, reflex\u00f5es e celebra\u00e7\u00f5es que terminaram nesta segunda, dia 4 de outubro, com a Celebra\u00e7\u00e3o Eucar\u00edstica das 10 horas, onde os frades celebraram com solenidade a liturgia de fazer mem\u00f3ria da vida do Santo de Assis.<\/p>\n<p><strong>DIA DE S\u00c3O FRANCISCO: FRATERNIDADE E MINORIDADE <\/strong><\/p>\n<p>O guardi\u00e3o e p\u00e1roco Frei Jorge Paulo Schiavini presidiu a Santa Missa, contando com a\u00a0 participa\u00e7\u00e3o dos frades, religiosas franciscanas, membros da Ordem Franciscana Secular (OFS), fi\u00e9is, devotos e simpatizantes do Santo de Assis. O atendente conventual, Frei Ab\u00edlio Antunes do Amaral foi o concelebrante. O coral dos Frades do Tempo da Teologia, sob reg\u00eancia do mestre, Frei Marcos Antonio de Andrade, animou toda a solene celebra\u00e7\u00e3o com a Igreja lotada, cumprindo as ordens de seguran\u00e7a e distanciamento. Como de costume, a Santa Missa foi transmitida ao vivo pelas plataformas digitais da Par\u00f3quia do Sagrado.<\/p>\n<p>Frei Jorge iniciou sua reflex\u00e3o, louvando a Deus pelos grandes feitos na vida do humilde servo de Deus, Francisco de Assis. Fez mem\u00f3ria da visita do Papa Francisco a Assis, no ano que foi eleito e repetiu a mesma pergunta que o Sumo Pont\u00edfice fez na ocasi\u00e3o: \u201cO que S\u00e3o Francisco testemunha para n\u00f3s hoje?\u201d. Para Frei Jorge, a primeira coisa que Francisco lhe diz \u00e9 a de ser um bom crist\u00e3o, mantendo uma rela\u00e7\u00e3o vital com a Pessoa de Jesus, revestindo-se Dele e assimilando-se a Ele.<\/p>\n<p><img loading=\"lazy\" class=\"alignnone wp-image-234603 size-full\" src=\"https:\/\/franciscanos.org.br\/noticias\/wp-content\/uploads\/2021\/10\/petropolis_sf_0410_1-1.jpg\" alt=\"\" width=\"1280\" height=\"853\" srcset=\"https:\/\/franciscanos.org.br\/noticias\/wp-content\/uploads\/2021\/10\/petropolis_sf_0410_1-1.jpg 1280w, https:\/\/franciscanos.org.br\/noticias\/wp-content\/uploads\/2021\/10\/petropolis_sf_0410_1-1-450x300.jpg 450w, https:\/\/franciscanos.org.br\/noticias\/wp-content\/uploads\/2021\/10\/petropolis_sf_0410_1-1-1024x682.jpg 1024w, https:\/\/franciscanos.org.br\/noticias\/wp-content\/uploads\/2021\/10\/petropolis_sf_0410_1-1-768x512.jpg 768w, https:\/\/franciscanos.org.br\/noticias\/wp-content\/uploads\/2021\/10\/petropolis_sf_0410_1-1-150x100.jpg 150w\" sizes=\"(max-width: 1280px) 100vw, 1280px\" \/><\/p>\n<p>Segundo Frei Jorge, o caminho de Francisco rumo a Cristo parte do olhar de Jesus na cruz. \u201cDeixar-se olhar por Ele no momento em que doa a vida por n\u00f3s e nos atrai para Ele. Francisco fez esta experi\u00eancia de modo particular na pequena Igreja de S\u00e3o Dami\u00e3o, rezando diante do crucifixo. Naquele crucifixo, Jesus n\u00e3o aparece morto, mas vivo! O sangue escorre das feridas das m\u00e3os, dos p\u00e9s e dos lados, mas aquele sangue exprime vida. Jesus n\u00e3o tem os olhos fechados, mas abertos, grandes: um olhar que fala ao cora\u00e7\u00e3o. E o crucifixo n\u00e3o nos fala de derrota, de fracasso; paradoxalmente nos fala de uma morte que \u00e9 vida, que gera vida, porque fala de amor, porque \u00e9 Amor de Deus encarnado, e o Amor n\u00e3o morre, antes, vence o mal e a morte. Quem se deixa olhar por Jesus crucificado \u00e9 recriado, transforma-se uma nova criatura\u201d, ressaltou, fazendo refer\u00eancia ao texto do Papa Francisco.<\/p>\n<p>O p\u00e1roco, destacou um segundo testemunho, a partir da viv\u00eancia franciscana. Para ele, quem segue Jesus, recebe a verdadeira paz, aquela que s\u00f3 Ele, e n\u00e3o o mundo, pode nos dar. \u201cS\u00e3o Francisco \u00e9 associado por muitos \u00e0 paz, e \u00e9 justo, mas poucos seguem em profundidade\u201d, lamentou. \u201cA paz franciscana n\u00e3o \u00e9 um sentimento \u2018piegas\u2019. Este S\u00e3o Francisco n\u00e3o existe! E nem \u00e9 uma esp\u00e9cie de harmonia pante\u00edsta com as energias do cosmo. Tamb\u00e9m isto n\u00e3o \u00e9 franciscano! A paz de S\u00e3o Francisco \u00e9 aquela de Cristo\u201d, frisou, lembrando que s\u00f3 se anuncia a \u00a0paz com humildade de cora\u00e7\u00e3o.<\/p>\n<p>Por fim, Frei Jorge fez men\u00e7\u00e3o a Carta do novo Ministro Geral, Frei Massimo Fusarelli, por ocasi\u00e3o da Festa de S\u00e3o Francisco, e ressaltou aspectos da atitude de fraternidade e minoridade que os franciscanos precisam assumir. Segundo ele, a fraternidade e a minoridade certamente devem ser vividas entre n\u00f3s, em nossas comunidades, mas precisam tamb\u00e9m caracterizar o nosso modo de aproxima\u00e7\u00e3o das pessoas que encontramos, a fim de sermos irm\u00e3os e menores para todos.<\/p>\n<p>\u201cLouvemos a Deus nesta Eucaristia pelo testemunho de S\u00e3o Francisco e pe\u00e7amos que Deus nos fortale\u00e7a no seguimento de Jesus Cristo e na pr\u00e1tica da paz, no fortalecimento da fraternidade e na minoridade\u201d, concluiu Frei Jorge.<\/p>\n<p><strong>TR\u00c2NSITO DE S\u00c3O FRANCISCO<\/strong><\/p>\n<p><img loading=\"lazy\" class=\"alignnone wp-image-234604 size-full\" src=\"https:\/\/franciscanos.org.br\/noticias\/wp-content\/uploads\/2021\/10\/petropolis_sf_0410_2-1.jpg\" alt=\"\" width=\"1280\" height=\"853\" srcset=\"https:\/\/franciscanos.org.br\/noticias\/wp-content\/uploads\/2021\/10\/petropolis_sf_0410_2-1.jpg 1280w, https:\/\/franciscanos.org.br\/noticias\/wp-content\/uploads\/2021\/10\/petropolis_sf_0410_2-1-450x300.jpg 450w, https:\/\/franciscanos.org.br\/noticias\/wp-content\/uploads\/2021\/10\/petropolis_sf_0410_2-1-1024x682.jpg 1024w, https:\/\/franciscanos.org.br\/noticias\/wp-content\/uploads\/2021\/10\/petropolis_sf_0410_2-1-768x512.jpg 768w, https:\/\/franciscanos.org.br\/noticias\/wp-content\/uploads\/2021\/10\/petropolis_sf_0410_2-1-150x100.jpg 150w\" sizes=\"(max-width: 1280px) 100vw, 1280px\" \/><\/p>\n<p>\u201cAquele que durante a vida viveu a fraternidade com todas as criaturas, especialmente as mais pobres, no final de sua vida acolheu a pr\u00f3pria morte como uma companheira amig\u00e1vel que o conduziria \u00e0 plenitude de tudo o que experimentara nesta terra. Assim como cantou o amor de Deus pelos caminhos do mundo, se entrega a Deus, entoando o louvor ao Senhor\u201d. Foi com essa motiva\u00e7\u00e3o que o guardi\u00e3o, Frei Jorge, presidiu a tradicional Celebra\u00e7\u00e3o do Tr\u00e2nsito de S\u00e3o Francisco, no dia 3 de outubro, \u00e0s 19h30. Ao seu lado, estiveram presentes o mestre, Frei Marcos, e o vig\u00e1rio paroquial, Frei Ivo M\u00fcller.<\/p>\n<p>O Coral dos Canarinhos de Petr\u00f3polis, uniu sua voz com o coro dos Frades do Tempo da Teologia para em \u201calta voz\u201d, celebrar com alegria e devo\u00e7\u00e3o os \u00faltimos momentos da vida de S\u00e3o Francisco, sob a reg\u00eancia do maestro Marco Aur\u00e9lio Lischt. Atrav\u00e9s da ora\u00e7\u00e3o das V\u00e9speras, do c\u00e2ntico dos salmos e da medita\u00e7\u00e3o da Palavra de Deus, a P\u00e1scoa de Francisco foi celebrada com a certeza de que Francisco continua vivo!<\/p>\n<p><img loading=\"lazy\" class=\"alignnone wp-image-234606 size-full\" src=\"https:\/\/franciscanos.org.br\/noticias\/wp-content\/uploads\/2021\/10\/petropolis_sf_0410_4-1.jpg\" alt=\"\" width=\"1280\" height=\"853\" srcset=\"https:\/\/franciscanos.org.br\/noticias\/wp-content\/uploads\/2021\/10\/petropolis_sf_0410_4-1.jpg 1280w, https:\/\/franciscanos.org.br\/noticias\/wp-content\/uploads\/2021\/10\/petropolis_sf_0410_4-1-450x300.jpg 450w, https:\/\/franciscanos.org.br\/noticias\/wp-content\/uploads\/2021\/10\/petropolis_sf_0410_4-1-1024x682.jpg 1024w, https:\/\/franciscanos.org.br\/noticias\/wp-content\/uploads\/2021\/10\/petropolis_sf_0410_4-1-768x512.jpg 768w, https:\/\/franciscanos.org.br\/noticias\/wp-content\/uploads\/2021\/10\/petropolis_sf_0410_4-1-150x100.jpg 150w\" sizes=\"(max-width: 1280px) 100vw, 1280px\" \/><\/p>\n<p>Na reflex\u00e3o, Frei Jorge afirmou que nos dias que antecederam o derradeiro momento, Francisco pediu que os irm\u00e3os cantassem v\u00e1rias vezes o C\u00e2ntico das Criaturas. \u201cNos \u00faltimos momentos da vida de S\u00e3o Francisco est\u00e3o presentes Frei Le\u00e3o, Frei \u00c2ngelo, Fra Jacoba, Frei Masseo&#8230; Trazem as l\u00e1grimas, o pranto, uns doces e o canto. Francisco \u00e9 s\u00f3 alegria, prece e entrega ao misericordioso Deus. Nos irm\u00e3os e na sua amiga d\u00f3i a separa\u00e7\u00e3o; em Francisco, vibra o gosto pelo encontro com o sonhado Reino do C\u00e9u. Francisco pede para sair do Pal\u00e1cio Episcopal para ir\u00a0 ao aconchego da Porci\u00fancula. Da cama dos bordados len\u00e7\u00f3is quer o ch\u00e3o tecido pela terra m\u00e3e. Ali expira mansamente no leito nupcial no colo da sua Amada Senhora Dama Pobreza\u201d, destacou.<\/p>\n<p>Frei Jorge lembrou que a Celebra\u00e7\u00e3o do Tr\u00e2nsito de S\u00e3o Francisco acontece em um per\u00edodo da hist\u00f3ria onde muitos perderam seus entes queridos, por conta da pandemia. \u201cQue a experi\u00eancia de S\u00e3o Francisco diante da morte, da Irm\u00e3 Morte, possa trazer o conforto da f\u00e9 \u00e0queles que passaram por essa experi\u00eancia dolorosa.\u00a0 Que Francisco interceda a Deus para que n\u00f3s tamb\u00e9m sejamos libertados de todo medo e conduzidos por Cristo no caminho da Vida\u201d, disse, acrescentando: \u00a0\u201cQue o exemplo luminoso de S\u00e3o Francisco de Assis nos incentive a nos entregarmos ao Evangelho com amor e generosidade, para que tenhamos a gra\u00e7a ver a morte como essa transforma\u00e7\u00e3o final para o encontro definitivo com Deus\u201d, encerrou.<\/p>\n<p><strong>FORMA\u00c7\u00c3O FRANCISCANA: FRANCISCO EUCAR\u00cdSTICO E ECOL\u00d3GICO <\/strong><\/p>\n<p><img loading=\"lazy\" class=\"alignright size-medium wp-image-234548\" src=\"https:\/\/franciscanos.org.br\/noticias\/wp-content\/uploads\/2021\/10\/petropolis_sf_0410_3-450x253.jpg\" alt=\"\" width=\"450\" height=\"253\" srcset=\"https:\/\/franciscanos.org.br\/noticias\/wp-content\/uploads\/2021\/10\/petropolis_sf_0410_3-450x253.jpg 450w, https:\/\/franciscanos.org.br\/noticias\/wp-content\/uploads\/2021\/10\/petropolis_sf_0410_3-150x84.jpg 150w, https:\/\/franciscanos.org.br\/noticias\/wp-content\/uploads\/2021\/10\/petropolis_sf_0410_3.jpg 500w\" sizes=\"(max-width: 450px) 100vw, 450px\" \/>No dia 28 de setembro, Frei Jos\u00e9 Ariovaldo da Silva conduziu a primeira forma\u00e7\u00e3o franciscana ao vivo, pelo Facebook e YouTube da Par\u00f3quia, sobre S\u00e3o Francisco e a Eucaristia. Para ele, o Verbo eterno e criador do universo rebaixa-se \u00e0 condi\u00e7\u00e3o de mat\u00e9ria do p\u00e3o e do vinho, para ser consumido, assimilado por n\u00f3s. \u201cCorpo que se entrega, gratuitamente se doa. Sangue derramado! Sangue que gratuitamente se esparge. Totalmente obediente a n\u00f3s: Como um Cordeirinho, n\u00e3o reclama de nada! Se pisado ou esmagado por algum louco qualquer, ele n\u00e3o reclama, fica em sil\u00eancio! \u00c9 muita humildade! Espantosa humildade! E aqui vemos ent\u00e3o o que Francisco sente e diz sobre a Eucaristia\u201d, explicou o palestrante.<\/p>\n<p>Frei Ariovaldo usou dos textos das Admoesta\u00e7\u00f5es de S\u00e3o Francisco, bem como da Carta \u00e0 toda Ordem, que \u00e9 dirigida aos cl\u00e9rigos, para ressaltar a import\u00e2ncia da Eucaristia na vida do Santo de Assis. \u201cFrancisco liga o mist\u00e9rio do corpo eucar\u00edstico do Senhor com mist\u00e9rio da Encarna\u00e7\u00e3o, apresentando as consequ\u00eancias para as nossas atitudes em rela\u00e7\u00e3o a este santo corpo\u201d, disse.<\/p>\n<p>Para ele, a Eucaristia \u00e9 uma escola de aperfei\u00e7oamento na f\u00e9 crist\u00e3. \u201cA Eucaristia \u00e9 de fato a melhor escola de vida crist\u00e3, pois Nela o que fala n\u00e3o s\u00e3o apenas palavras, mas a Palavra, um exemplo consumado de vida a ser seguido por todos n\u00f3s. Fazei isto em mem\u00f3ria de mim. Sejam assim tamb\u00e9m\u201d!<\/p>\n<p><strong>CONVERS\u00c3O ECOL\u00d3GICA <\/strong><\/p>\n<p><img loading=\"lazy\" class=\"size-medium wp-image-234549 alignleft\" src=\"https:\/\/franciscanos.org.br\/noticias\/wp-content\/uploads\/2021\/10\/petropolis_sf_0410_4-450x253.jpg\" alt=\"\" width=\"450\" height=\"253\" srcset=\"https:\/\/franciscanos.org.br\/noticias\/wp-content\/uploads\/2021\/10\/petropolis_sf_0410_4-450x253.jpg 450w, https:\/\/franciscanos.org.br\/noticias\/wp-content\/uploads\/2021\/10\/petropolis_sf_0410_4-150x84.jpg 150w, https:\/\/franciscanos.org.br\/noticias\/wp-content\/uploads\/2021\/10\/petropolis_sf_0410_4.jpg 500w\" sizes=\"(max-width: 450px) 100vw, 450px\" \/>J\u00e1 no dia 29 de setembro, Frei F\u00e1bio C\u00e9sar Gomes, recentemente transferido para a C\u00faria Geral da Ordem dos Frades Menores, refletiu sobre a proposta ecol\u00f3gica de S\u00e3o Francisco, a partir das Fontes Franciscanas. O evento novamente foi ao vivo com transmiss\u00e3o pelo Facebook e YouTube da Par\u00f3quia.<\/p>\n<p>Segundo Frei F\u00e1bio, os textos das Fontes Franciscanas apresentam um Francisco cuja experi\u00eancia espiritual abarca todas as dimens\u00f5es da exist\u00eancia humana: a pessoal, a social e a c\u00f3smico-universal. \u201cTal experi\u00eancia foi determinada sobretudo por uma s\u00e9rie de encontros que aconteceram nos primeiros quatro ou cinco anos do seu processo de convers\u00e3o e que, consequentemente, marcaram espiritualidade que dele derivou\u201d, disse.<\/p>\n<p>Brevemente Frei F\u00e1bio discorreu sobre estes encontros de Francisco, destacando alguns. O 1\u00ba encontro foi ainda em Espoleto, em 1204, onde Francisco se questiona a quem deveria seguir, ao Senhor ou ao servo. O 2\u00ba encontro foi com os leprosos e os pobres. O 3\u00ba encontro deu-se com Jesus Cristo, com o crucifixo de S\u00e3o Dami\u00e3o. Por fim, o 4\u00ba encontro foi com os irm\u00e3os e as irm\u00e3s, os seus companheiros, Clara e suas irm\u00e3s, com os casados e com toda a humanidade.<\/p>\n<p>\u201cDesses encontros mais significativos do in\u00edcio do percurso espiritual de Francisco, derivam as dimens\u00f5es mais marcantes da Espiritualidade Franciscana: A pobreza, a fraternidade, a minoridade e a evangeliza\u00e7\u00e3o\u201d, explicou.<\/p>\n<p>\u201cPodemos dizer que a evangeliza\u00e7\u00e3o franciscana acontece em primeiro lugar pelo nosso exemplo. Portanto, nossa fala sobre a ecologia deve estar sustentada num estilo de vida ecol\u00f3gico, em gestos concretos de cuidado e de preserva\u00e7\u00e3o dos recursos naturais\u201d, frisou. \u201cA evangeliza\u00e7\u00e3o franciscana deve levar as pessoas ao louvor a Deus pelas maravilhas da sua cria\u00e7\u00e3o, o que, por conseguinte, suscita atitudes de admira\u00e7\u00e3o e de cuidado para com todos os seres. Por outro lado, tamb\u00e9m deve alertar para as consequ\u00eancias da falta dessa admira\u00e7\u00e3o e desse cuidado, expressa na degrada\u00e7\u00e3o e explora\u00e7\u00e3o predat\u00f3ria dos recursos naturais, diante do que, torna-se necess\u00e1rio uma mudan\u00e7a radical de mentalidade e de comportamentos, ou seja, uma grande convers\u00e3o por parte da humanidade que o Papa Francisco chama de convers\u00e3o ecol\u00f3gica (cf. LS 216-220)\u201d, destacou.<\/p>\n<p><strong>TR\u00cdDUO DE S\u00c3O FRANCISCO<\/strong><\/p>\n\n\t\t<style type=\"text\/css\">\n\t\t\t#gallery-1 {\n\t\t\t\tmargin: auto;\n\t\t\t}\n\t\t\t#gallery-1 .gallery-item {\n\t\t\t\tfloat: left;\n\t\t\t\tmargin-top: 10px;\n\t\t\t\ttext-align: center;\n\t\t\t\twidth: 33%;\n\t\t\t}\n\t\t\t#gallery-1 img {\n\t\t\t\tborder: 2px solid #cfcfcf;\n\t\t\t}\n\t\t\t#gallery-1 .gallery-caption {\n\t\t\t\tmargin-left: 0;\n\t\t\t}\n\t\t\t\/* see gallery_shortcode() in wp-includes\/media.php *\/\n\t\t<\/style>\n\t\t<div id='gallery-1' class='gallery galleryid-234545 gallery-columns-3 gallery-size-medium'><dl class='gallery-item'>\n\t\t\t<dt class='gallery-icon landscape'>\n\t\t\t\t<a href='https:\/\/franciscanos.org.br\/noticias\/wp-content\/uploads\/2021\/10\/petropolis_sf_0410_1.jpg'><img width=\"450\" height=\"300\" src=\"https:\/\/franciscanos.org.br\/noticias\/wp-content\/uploads\/2021\/10\/petropolis_sf_0410_1-450x300.jpg\" class=\"attachment-medium size-medium\" alt=\"\" loading=\"lazy\" aria-describedby=\"gallery-1-234547\" srcset=\"https:\/\/franciscanos.org.br\/noticias\/wp-content\/uploads\/2021\/10\/petropolis_sf_0410_1-450x300.jpg 450w, https:\/\/franciscanos.org.br\/noticias\/wp-content\/uploads\/2021\/10\/petropolis_sf_0410_1-1024x682.jpg 1024w, https:\/\/franciscanos.org.br\/noticias\/wp-content\/uploads\/2021\/10\/petropolis_sf_0410_1-768x512.jpg 768w, https:\/\/franciscanos.org.br\/noticias\/wp-content\/uploads\/2021\/10\/petropolis_sf_0410_1-150x100.jpg 150w, https:\/\/franciscanos.org.br\/noticias\/wp-content\/uploads\/2021\/10\/petropolis_sf_0410_1.jpg 1280w\" sizes=\"(max-width: 450px) 100vw, 450px\" \/><\/a>\n\t\t\t<\/dt>\n\t\t\t\t<dd class='wp-caption-text gallery-caption' id='gallery-1-234547'>\n\t\t\t\t1\u00ba Dia do Tr\u00edduo\n\t\t\t\t<\/dd><\/dl><dl class='gallery-item'>\n\t\t\t<dt class='gallery-icon landscape'>\n\t\t\t\t<a href='https:\/\/franciscanos.org.br\/noticias\/wp-content\/uploads\/2021\/10\/petropolis_sf_0410_2.jpg'><img width=\"450\" height=\"300\" src=\"https:\/\/franciscanos.org.br\/noticias\/wp-content\/uploads\/2021\/10\/petropolis_sf_0410_2-450x300.jpg\" class=\"attachment-medium size-medium\" alt=\"\" loading=\"lazy\" aria-describedby=\"gallery-1-234546\" srcset=\"https:\/\/franciscanos.org.br\/noticias\/wp-content\/uploads\/2021\/10\/petropolis_sf_0410_2-450x300.jpg 450w, https:\/\/franciscanos.org.br\/noticias\/wp-content\/uploads\/2021\/10\/petropolis_sf_0410_2-1024x682.jpg 1024w, https:\/\/franciscanos.org.br\/noticias\/wp-content\/uploads\/2021\/10\/petropolis_sf_0410_2-768x512.jpg 768w, https:\/\/franciscanos.org.br\/noticias\/wp-content\/uploads\/2021\/10\/petropolis_sf_0410_2-150x100.jpg 150w, https:\/\/franciscanos.org.br\/noticias\/wp-content\/uploads\/2021\/10\/petropolis_sf_0410_2.jpg 1280w\" sizes=\"(max-width: 450px) 100vw, 450px\" \/><\/a>\n\t\t\t<\/dt>\n\t\t\t\t<dd class='wp-caption-text gallery-caption' id='gallery-1-234546'>\n\t\t\t\t2\u00ba Dia do Tr\u00edduo\n\t\t\t\t<\/dd><\/dl><dl class='gallery-item'>\n\t\t\t<dt class='gallery-icon landscape'>\n\t\t\t\t<a href='https:\/\/franciscanos.org.br\/noticias\/wp-content\/uploads\/2021\/10\/petropolis_sf_0410.jpg'><img width=\"450\" height=\"300\" src=\"https:\/\/franciscanos.org.br\/noticias\/wp-content\/uploads\/2021\/10\/petropolis_sf_0410-450x300.jpg\" class=\"attachment-medium size-medium\" alt=\"\" loading=\"lazy\" aria-describedby=\"gallery-1-234550\" srcset=\"https:\/\/franciscanos.org.br\/noticias\/wp-content\/uploads\/2021\/10\/petropolis_sf_0410-450x300.jpg 450w, https:\/\/franciscanos.org.br\/noticias\/wp-content\/uploads\/2021\/10\/petropolis_sf_0410-1024x682.jpg 1024w, https:\/\/franciscanos.org.br\/noticias\/wp-content\/uploads\/2021\/10\/petropolis_sf_0410-768x512.jpg 768w, https:\/\/franciscanos.org.br\/noticias\/wp-content\/uploads\/2021\/10\/petropolis_sf_0410-150x100.jpg 150w, https:\/\/franciscanos.org.br\/noticias\/wp-content\/uploads\/2021\/10\/petropolis_sf_0410.jpg 1280w\" sizes=\"(max-width: 450px) 100vw, 450px\" \/><\/a>\n\t\t\t<\/dt>\n\t\t\t\t<dd class='wp-caption-text gallery-caption' id='gallery-1-234550'>\n\t\t\t\t3\u00ba Dia do Tr\u00edduo\n\t\t\t\t<\/dd><\/dl><br style=\"clear: both\" \/>\n\t\t<\/div>\n\n<p>Entre os dias 30 de setembro a 2 de outubro, a programa\u00e7\u00e3o da Semana Franciscana tamb\u00e9m contemplou celebra\u00e7\u00f5es do Tr\u00edduo de S\u00e3o Francisco. No 1\u00ba dia, o frade conventual, Frei Paulo Roberto Gomes, p\u00e1roco da Par\u00f3quia Nossa Senhora Aparecida do Quitandinha, foi o presidente da Santa Missa e falou sobre \u201cS\u00e3o Francisco e o Evangelho\u201d. No 2\u00ba dia do Tr\u00edduo, com o tema: \u201cS\u00e3o Francisco e a Humildade\u201d, a presid\u00eancia ficou a cargo de Frei Luis Henrique Nascimento Lima, tendo como concelebrante Frei Willian Gomes, conventuais. Por fim, no 3\u00ba dia, o vig\u00e1rio paroquial, Frei Volney Jos\u00e9 Berkenbrock, foi o celebrante e ressaltou aspectos de \u201cS\u00e3o Francisco e a Simplicidade\u201d.<\/p>\n<p>Francisco de Assis n\u00e3o morreu, ele vive entre n\u00f3s!<\/p>\n<hr \/>\n<p><em>Frei Augusto Luiz Gabriel<\/em><\/p>\n\n\t\t<style type=\"text\/css\">\n\t\t\t#gallery-2 {\n\t\t\t\tmargin: auto;\n\t\t\t}\n\t\t\t#gallery-2 .gallery-item {\n\t\t\t\tfloat: left;\n\t\t\t\tmargin-top: 10px;\n\t\t\t\ttext-align: center;\n\t\t\t\twidth: 20%;\n\t\t\t}\n\t\t\t#gallery-2 img {\n\t\t\t\tborder: 2px solid #cfcfcf;\n\t\t\t}\n\t\t\t#gallery-2 .gallery-caption {\n\t\t\t\tmargin-left: 0;\n\t\t\t}\n\t\t\t\/* see gallery_shortcode() in wp-includes\/media.php *\/\n\t\t<\/style>\n\t\t<div id='gallery-2' class='gallery galleryid-234545 gallery-columns-5 gallery-size-thumbnail'><dl class='gallery-item'>\n\t\t\t<dt class='gallery-icon landscape'>\n\t\t\t\t<a href='https:\/\/franciscanos.org.br\/noticias\/wp-content\/uploads\/2021\/10\/sagrado_sf_04102021-1.jpg'><img width=\"300\" height=\"300\" src=\"https:\/\/franciscanos.org.br\/noticias\/wp-content\/uploads\/2021\/10\/sagrado_sf_04102021-1-300x300.jpg\" class=\"attachment-thumbnail size-thumbnail\" alt=\"\" loading=\"lazy\" srcset=\"https:\/\/franciscanos.org.br\/noticias\/wp-content\/uploads\/2021\/10\/sagrado_sf_04102021-1-300x300.jpg 300w, https:\/\/franciscanos.org.br\/noticias\/wp-content\/uploads\/2021\/10\/sagrado_sf_04102021-1-100x100.jpg 100w\" sizes=\"(max-width: 300px) 100vw, 300px\" \/><\/a>\n\t\t\t<\/dt><\/dl><dl class='gallery-item'>\n\t\t\t<dt class='gallery-icon landscape'>\n\t\t\t\t<a href='https:\/\/franciscanos.org.br\/noticias\/wp-content\/uploads\/2021\/10\/sagrado_sf_04102021-2.jpg'><img width=\"300\" height=\"300\" src=\"https:\/\/franciscanos.org.br\/noticias\/wp-content\/uploads\/2021\/10\/sagrado_sf_04102021-2-300x300.jpg\" class=\"attachment-thumbnail size-thumbnail\" alt=\"\" loading=\"lazy\" srcset=\"https:\/\/franciscanos.org.br\/noticias\/wp-content\/uploads\/2021\/10\/sagrado_sf_04102021-2-300x300.jpg 300w, https:\/\/franciscanos.org.br\/noticias\/wp-content\/uploads\/2021\/10\/sagrado_sf_04102021-2-100x100.jpg 100w\" sizes=\"(max-width: 300px) 100vw, 300px\" \/><\/a>\n\t\t\t<\/dt><\/dl><dl class='gallery-item'>\n\t\t\t<dt class='gallery-icon landscape'>\n\t\t\t\t<a href='https:\/\/franciscanos.org.br\/noticias\/wp-content\/uploads\/2021\/10\/sagrado_sf_04102021-3.jpg'><img width=\"300\" height=\"300\" src=\"https:\/\/franciscanos.org.br\/noticias\/wp-content\/uploads\/2021\/10\/sagrado_sf_04102021-3-300x300.jpg\" class=\"attachment-thumbnail size-thumbnail\" alt=\"\" loading=\"lazy\" srcset=\"https:\/\/franciscanos.org.br\/noticias\/wp-content\/uploads\/2021\/10\/sagrado_sf_04102021-3-300x300.jpg 300w, https:\/\/franciscanos.org.br\/noticias\/wp-content\/uploads\/2021\/10\/sagrado_sf_04102021-3-100x100.jpg 100w\" sizes=\"(max-width: 300px) 100vw, 300px\" \/><\/a>\n\t\t\t<\/dt><\/dl><dl class='gallery-item'>\n\t\t\t<dt class='gallery-icon landscape'>\n\t\t\t\t<a href='https:\/\/franciscanos.org.br\/noticias\/wp-content\/uploads\/2021\/10\/sagrado_sf_04102021-4.jpg'><img width=\"300\" height=\"300\" src=\"https:\/\/franciscanos.org.br\/noticias\/wp-content\/uploads\/2021\/10\/sagrado_sf_04102021-4-300x300.jpg\" class=\"attachment-thumbnail size-thumbnail\" alt=\"\" loading=\"lazy\" srcset=\"https:\/\/franciscanos.org.br\/noticias\/wp-content\/uploads\/2021\/10\/sagrado_sf_04102021-4-300x300.jpg 300w, https:\/\/franciscanos.org.br\/noticias\/wp-content\/uploads\/2021\/10\/sagrado_sf_04102021-4-100x100.jpg 100w\" sizes=\"(max-width: 300px) 100vw, 300px\" \/><\/a>\n\t\t\t<\/dt><\/dl><dl class='gallery-item'>\n\t\t\t<dt class='gallery-icon landscape'>\n\t\t\t\t<a href='https:\/\/franciscanos.org.br\/noticias\/wp-content\/uploads\/2021\/10\/sagrado_sf_04102021-5.jpg'><img width=\"300\" height=\"300\" src=\"https:\/\/franciscanos.org.br\/noticias\/wp-content\/uploads\/2021\/10\/sagrado_sf_04102021-5-300x300.jpg\" class=\"attachment-thumbnail size-thumbnail\" alt=\"\" loading=\"lazy\" srcset=\"https:\/\/franciscanos.org.br\/noticias\/wp-content\/uploads\/2021\/10\/sagrado_sf_04102021-5-300x300.jpg 300w, https:\/\/franciscanos.org.br\/noticias\/wp-content\/uploads\/2021\/10\/sagrado_sf_04102021-5-100x100.jpg 100w\" sizes=\"(max-width: 300px) 100vw, 300px\" \/><\/a>\n\t\t\t<\/dt><\/dl><br style=\"clear: both\" \/><dl class='gallery-item'>\n\t\t\t<dt class='gallery-icon landscape'>\n\t\t\t\t<a href='https:\/\/franciscanos.org.br\/noticias\/wp-content\/uploads\/2021\/10\/sagrado_sf_04102021-6.jpg'><img width=\"300\" height=\"300\" src=\"https:\/\/franciscanos.org.br\/noticias\/wp-content\/uploads\/2021\/10\/sagrado_sf_04102021-6-300x300.jpg\" class=\"attachment-thumbnail size-thumbnail\" alt=\"\" loading=\"lazy\" srcset=\"https:\/\/franciscanos.org.br\/noticias\/wp-content\/uploads\/2021\/10\/sagrado_sf_04102021-6-300x300.jpg 300w, https:\/\/franciscanos.org.br\/noticias\/wp-content\/uploads\/2021\/10\/sagrado_sf_04102021-6-100x100.jpg 100w\" sizes=\"(max-width: 300px) 100vw, 300px\" \/><\/a>\n\t\t\t<\/dt><\/dl><dl class='gallery-item'>\n\t\t\t<dt class='gallery-icon landscape'>\n\t\t\t\t<a href='https:\/\/franciscanos.org.br\/noticias\/wp-content\/uploads\/2021\/10\/sagrado_sf_04102021-7.jpg'><img width=\"300\" height=\"300\" src=\"https:\/\/franciscanos.org.br\/noticias\/wp-content\/uploads\/2021\/10\/sagrado_sf_04102021-7-300x300.jpg\" class=\"attachment-thumbnail size-thumbnail\" alt=\"\" loading=\"lazy\" srcset=\"https:\/\/franciscanos.org.br\/noticias\/wp-content\/uploads\/2021\/10\/sagrado_sf_04102021-7-300x300.jpg 300w, https:\/\/franciscanos.org.br\/noticias\/wp-content\/uploads\/2021\/10\/sagrado_sf_04102021-7-100x100.jpg 100w\" sizes=\"(max-width: 300px) 100vw, 300px\" \/><\/a>\n\t\t\t<\/dt><\/dl><dl class='gallery-item'>\n\t\t\t<dt class='gallery-icon landscape'>\n\t\t\t\t<a href='https:\/\/franciscanos.org.br\/noticias\/wp-content\/uploads\/2021\/10\/sagrado_sf_04102021-8.jpg'><img width=\"300\" height=\"300\" src=\"https:\/\/franciscanos.org.br\/noticias\/wp-content\/uploads\/2021\/10\/sagrado_sf_04102021-8-300x300.jpg\" class=\"attachment-thumbnail size-thumbnail\" alt=\"\" loading=\"lazy\" srcset=\"https:\/\/franciscanos.org.br\/noticias\/wp-content\/uploads\/2021\/10\/sagrado_sf_04102021-8-300x300.jpg 300w, https:\/\/franciscanos.org.br\/noticias\/wp-content\/uploads\/2021\/10\/sagrado_sf_04102021-8-100x100.jpg 100w\" sizes=\"(max-width: 300px) 100vw, 300px\" \/><\/a>\n\t\t\t<\/dt><\/dl><dl class='gallery-item'>\n\t\t\t<dt class='gallery-icon landscape'>\n\t\t\t\t<a href='https:\/\/franciscanos.org.br\/noticias\/wp-content\/uploads\/2021\/10\/sagrado_sf_04102021-9.jpg'><img width=\"300\" height=\"300\" src=\"https:\/\/franciscanos.org.br\/noticias\/wp-content\/uploads\/2021\/10\/sagrado_sf_04102021-9-300x300.jpg\" class=\"attachment-thumbnail size-thumbnail\" alt=\"\" loading=\"lazy\" srcset=\"https:\/\/franciscanos.org.br\/noticias\/wp-content\/uploads\/2021\/10\/sagrado_sf_04102021-9-300x300.jpg 300w, https:\/\/franciscanos.org.br\/noticias\/wp-content\/uploads\/2021\/10\/sagrado_sf_04102021-9-100x100.jpg 100w\" sizes=\"(max-width: 300px) 100vw, 300px\" \/><\/a>\n\t\t\t<\/dt><\/dl><dl class='gallery-item'>\n\t\t\t<dt class='gallery-icon landscape'>\n\t\t\t\t<a href='https:\/\/franciscanos.org.br\/noticias\/wp-content\/uploads\/2021\/10\/sagrado_sf_04102021-10.jpg'><img width=\"300\" height=\"300\" src=\"https:\/\/franciscanos.org.br\/noticias\/wp-content\/uploads\/2021\/10\/sagrado_sf_04102021-10-300x300.jpg\" class=\"attachment-thumbnail size-thumbnail\" alt=\"\" loading=\"lazy\" srcset=\"https:\/\/franciscanos.org.br\/noticias\/wp-content\/uploads\/2021\/10\/sagrado_sf_04102021-10-300x300.jpg 300w, https:\/\/franciscanos.org.br\/noticias\/wp-content\/uploads\/2021\/10\/sagrado_sf_04102021-10-100x100.jpg 100w\" sizes=\"(max-width: 300px) 100vw, 300px\" \/><\/a>\n\t\t\t<\/dt><\/dl><br style=\"clear: both\" \/>\n\t\t<\/div>\n\n","protected":false},"excerpt":{"rendered":"<p>Par\u00f3quia do Sagrado Cora\u00e7\u00e3o de Jesus<\/p>\n","protected":false},"author":3,"featured_media":234605,"comment_status":"open","ping_status":"open","sticky":false,"template":"","format":"standard","meta":[],"categories":[1],"tags":[1766,190,1907],"acf":[],"yoast_head":"<!-- This site is optimized with the Yoast SEO plugin v19.2 - https:\/\/yoast.com\/wordpress\/plugins\/seo\/ -->\n<title>Francisco de Assis n\u00e3o morreu, ele vive entre n\u00f3s! - Not\u00edcias - Franciscanos<\/title>\n<meta name=\"robots\" content=\"index, follow, max-snippet:-1, max-image-preview:large, max-video-preview:-1\" \/>\n<link rel=\"canonical\" href=\"https:\/\/franciscanos.org.br\/noticias\/francisco-de-assis-nao-morreu-ele-vive-entre-nos.html\" \/>\n<meta property=\"og:locale\" content=\"pt_BR\" \/>\n<meta property=\"og:type\" content=\"article\" \/>\n<meta property=\"og:title\" content=\"Francisco de Assis n\u00e3o morreu, ele vive entre n\u00f3s! - Not\u00edcias - Franciscanos\" \/>\n<meta property=\"og:description\" content=\"Par\u00f3quia do Sagrado Cora\u00e7\u00e3o de Jesus\" \/>\n<meta property=\"og:url\" content=\"https:\/\/franciscanos.org.br\/noticias\/francisco-de-assis-nao-morreu-ele-vive-entre-nos.html\" \/>\n<meta property=\"og:site_name\" content=\"Not\u00edcias - Franciscanos\" \/>\n<meta property=\"article:published_time\" content=\"2021-10-04T20:43:34+00:00\" \/>\n<meta property=\"article:modified_time\" content=\"2023-01-09T14:10:25+00:00\" \/>\n<meta property=\"og:image\" content=\"https:\/\/franciscanos.org.br\/noticias\/wp-content\/uploads\/2021\/10\/petropolis_sf_0410_3-1.jpg\" \/>\n\t<meta property=\"og:image:width\" content=\"1280\" \/>\n\t<meta property=\"og:image:height\" content=\"853\" \/>\n\t<meta property=\"og:image:type\" content=\"image\/jpeg\" \/>\n<meta name=\"author\" content=\"moacir\" \/>\n<meta name=\"twitter:card\" content=\"summary_large_image\" \/>\n<meta name=\"twitter:label1\" content=\"Escrito por\" \/>\n\t<meta name=\"twitter:data1\" content=\"moacir\" \/>\n\t<meta name=\"twitter:label2\" content=\"Est. tempo de leitura\" \/>\n\t<meta name=\"twitter:data2\" content=\"10 minutos\" \/>\n<script type=\"application\/ld+json\" class=\"yoast-schema-graph\">{\"@context\":\"https:\/\/schema.org\",\"@graph\":[{\"@type\":\"WebSite\",\"@id\":\"https:\/\/franciscanos.org.br\/noticias\/#website\",\"url\":\"https:\/\/franciscanos.org.br\/noticias\/\",\"name\":\"Not\u00edcias - Franciscanos\",\"description\":\"Prov\u00edncia Franciscana da Imaculada Concei\u00e7\u00e3o do Brasil - Ordem dos Frades Menores - OFM\",\"potentialAction\":[{\"@type\":\"SearchAction\",\"target\":{\"@type\":\"EntryPoint\",\"urlTemplate\":\"https:\/\/franciscanos.org.br\/noticias\/?s={search_term_string}\"},\"query-input\":\"required name=search_term_string\"}],\"inLanguage\":\"pt-BR\"},{\"@type\":\"ImageObject\",\"inLanguage\":\"pt-BR\",\"@id\":\"https:\/\/franciscanos.org.br\/noticias\/francisco-de-assis-nao-morreu-ele-vive-entre-nos.html#primaryimage\",\"url\":\"https:\/\/franciscanos.org.br\/noticias\/wp-content\/uploads\/2021\/10\/petropolis_sf_0410_3-1.jpg\",\"contentUrl\":\"https:\/\/franciscanos.org.br\/noticias\/wp-content\/uploads\/2021\/10\/petropolis_sf_0410_3-1.jpg\",\"width\":1280,\"height\":853},{\"@type\":\"WebPage\",\"@id\":\"https:\/\/franciscanos.org.br\/noticias\/francisco-de-assis-nao-morreu-ele-vive-entre-nos.html#webpage\",\"url\":\"https:\/\/franciscanos.org.br\/noticias\/francisco-de-assis-nao-morreu-ele-vive-entre-nos.html\",\"name\":\"Francisco de Assis n\u00e3o morreu, ele vive entre n\u00f3s! - Not\u00edcias - Franciscanos\",\"isPartOf\":{\"@id\":\"https:\/\/franciscanos.org.br\/noticias\/#website\"},\"primaryImageOfPage\":{\"@id\":\"https:\/\/franciscanos.org.br\/noticias\/francisco-de-assis-nao-morreu-ele-vive-entre-nos.html#primaryimage\"},\"datePublished\":\"2021-10-04T20:43:34+00:00\",\"dateModified\":\"2023-01-09T14:10:25+00:00\",\"author\":{\"@id\":\"https:\/\/franciscanos.org.br\/noticias\/#\/schema\/person\/b5c8cba458c330ccff548b056e95a5d4\"},\"breadcrumb\":{\"@id\":\"https:\/\/franciscanos.org.br\/noticias\/francisco-de-assis-nao-morreu-ele-vive-entre-nos.html#breadcrumb\"},\"inLanguage\":\"pt-BR\",\"potentialAction\":[{\"@type\":\"ReadAction\",\"target\":[\"https:\/\/franciscanos.org.br\/noticias\/francisco-de-assis-nao-morreu-ele-vive-entre-nos.html\"]}]},{\"@type\":\"BreadcrumbList\",\"@id\":\"https:\/\/franciscanos.org.br\/noticias\/francisco-de-assis-nao-morreu-ele-vive-entre-nos.html#breadcrumb\",\"itemListElement\":[{\"@type\":\"ListItem\",\"position\":1,\"name\":\"Home\",\"item\":\"https:\/\/franciscanos.org.br\/noticias\"},{\"@type\":\"ListItem\",\"position\":2,\"name\":\"Francisco de Assis n\u00e3o morreu, ele vive entre n\u00f3s!\"}]},{\"@type\":\"Person\",\"@id\":\"https:\/\/franciscanos.org.br\/noticias\/#\/schema\/person\/b5c8cba458c330ccff548b056e95a5d4\",\"name\":\"moacir\",\"image\":{\"@type\":\"ImageObject\",\"inLanguage\":\"pt-BR\",\"@id\":\"https:\/\/franciscanos.org.br\/noticias\/#\/schema\/person\/image\/\",\"url\":\"https:\/\/secure.gravatar.com\/avatar\/d08aa2ce4c8dd416d4479aa8536fcf64?s=96&d=mm&r=g\",\"contentUrl\":\"https:\/\/secure.gravatar.com\/avatar\/d08aa2ce4c8dd416d4479aa8536fcf64?s=96&d=mm&r=g\",\"caption\":\"moacir\"},\"url\":\"https:\/\/franciscanos.org.br\/noticias\/author\/moacir\"}]}<\/script>\n<!-- \/ Yoast SEO plugin. -->","yoast_head_json":{"title":"Francisco de Assis n\u00e3o morreu, ele vive entre n\u00f3s! - Not\u00edcias - Franciscanos","robots":{"index":"index","follow":"follow","max-snippet":"max-snippet:-1","max-image-preview":"max-image-preview:large","max-video-preview":"max-video-preview:-1"},"canonical":"https:\/\/franciscanos.org.br\/noticias\/francisco-de-assis-nao-morreu-ele-vive-entre-nos.html","og_locale":"pt_BR","og_type":"article","og_title":"Francisco de Assis n\u00e3o morreu, ele vive entre n\u00f3s! - Not\u00edcias - Franciscanos","og_description":"Par\u00f3quia do Sagrado Cora\u00e7\u00e3o de Jesus","og_url":"https:\/\/franciscanos.org.br\/noticias\/francisco-de-assis-nao-morreu-ele-vive-entre-nos.html","og_site_name":"Not\u00edcias - Franciscanos","article_published_time":"2021-10-04T20:43:34+00:00","article_modified_time":"2023-01-09T14:10:25+00:00","og_image":[{"width":1280,"height":853,"url":"https:\/\/franciscanos.org.br\/noticias\/wp-content\/uploads\/2021\/10\/petropolis_sf_0410_3-1.jpg","type":"image\/jpeg"}],"author":"moacir","twitter_card":"summary_large_image","twitter_misc":{"Escrito por":"moacir","Est. tempo de leitura":"10 minutos"},"schema":{"@context":"https:\/\/schema.org","@graph":[{"@type":"WebSite","@id":"https:\/\/franciscanos.org.br\/noticias\/#website","url":"https:\/\/franciscanos.org.br\/noticias\/","name":"Not\u00edcias - Franciscanos","description":"Prov\u00edncia Franciscana da Imaculada Concei\u00e7\u00e3o do Brasil - Ordem dos Frades Menores - OFM","potentialAction":[{"@type":"SearchAction","target":{"@type":"EntryPoint","urlTemplate":"https:\/\/franciscanos.org.br\/noticias\/?s={search_term_string}"},"query-input":"required name=search_term_string"}],"inLanguage":"pt-BR"},{"@type":"ImageObject","inLanguage":"pt-BR","@id":"https:\/\/franciscanos.org.br\/noticias\/francisco-de-assis-nao-morreu-ele-vive-entre-nos.html#primaryimage","url":"https:\/\/franciscanos.org.br\/noticias\/wp-content\/uploads\/2021\/10\/petropolis_sf_0410_3-1.jpg","contentUrl":"https:\/\/franciscanos.org.br\/noticias\/wp-content\/uploads\/2021\/10\/petropolis_sf_0410_3-1.jpg","width":1280,"height":853},{"@type":"WebPage","@id":"https:\/\/franciscanos.org.br\/noticias\/francisco-de-assis-nao-morreu-ele-vive-entre-nos.html#webpage","url":"https:\/\/franciscanos.org.br\/noticias\/francisco-de-assis-nao-morreu-ele-vive-entre-nos.html","name":"Francisco de Assis n\u00e3o morreu, ele vive entre n\u00f3s! - Not\u00edcias - Franciscanos","isPartOf":{"@id":"https:\/\/franciscanos.org.br\/noticias\/#website"},"primaryImageOfPage":{"@id":"https:\/\/franciscanos.org.br\/noticias\/francisco-de-assis-nao-morreu-ele-vive-entre-nos.html#primaryimage"},"datePublished":"2021-10-04T20:43:34+00:00","dateModified":"2023-01-09T14:10:25+00:00","author":{"@id":"https:\/\/franciscanos.org.br\/noticias\/#\/schema\/person\/b5c8cba458c330ccff548b056e95a5d4"},"breadcrumb":{"@id":"https:\/\/franciscanos.org.br\/noticias\/francisco-de-assis-nao-morreu-ele-vive-entre-nos.html#breadcrumb"},"inLanguage":"pt-BR","potentialAction":[{"@type":"ReadAction","target":["https:\/\/franciscanos.org.br\/noticias\/francisco-de-assis-nao-morreu-ele-vive-entre-nos.html"]}]},{"@type":"BreadcrumbList","@id":"https:\/\/franciscanos.org.br\/noticias\/francisco-de-assis-nao-morreu-ele-vive-entre-nos.html#breadcrumb","itemListElement":[{"@type":"ListItem","position":1,"name":"Home","item":"https:\/\/franciscanos.org.br\/noticias"},{"@type":"ListItem","position":2,"name":"Francisco de Assis n\u00e3o morreu, ele vive entre n\u00f3s!"}]},{"@type":"Person","@id":"https:\/\/franciscanos.org.br\/noticias\/#\/schema\/person\/b5c8cba458c330ccff548b056e95a5d4","name":"moacir","image":{"@type":"ImageObject","inLanguage":"pt-BR","@id":"https:\/\/franciscanos.org.br\/noticias\/#\/schema\/person\/image\/","url":"https:\/\/secure.gravatar.com\/avatar\/d08aa2ce4c8dd416d4479aa8536fcf64?s=96&d=mm&r=g","contentUrl":"https:\/\/secure.gravatar.com\/avatar\/d08aa2ce4c8dd416d4479aa8536fcf64?s=96&d=mm&r=g","caption":"moacir"},"url":"https:\/\/franciscanos.org.br\/noticias\/author\/moacir"}]}},"_links":{"self":[{"href":"https:\/\/franciscanos.org.br\/noticias\/wp-json\/wp\/v2\/posts\/234545"}],"collection":[{"href":"https:\/\/franciscanos.org.br\/noticias\/wp-json\/wp\/v2\/posts"}],"about":[{"href":"https:\/\/franciscanos.org.br\/noticias\/wp-json\/wp\/v2\/types\/post"}],"author":[{"embeddable":true,"href":"https:\/\/franciscanos.org.br\/noticias\/wp-json\/wp\/v2\/users\/3"}],"replies":[{"embeddable":true,"href":"https:\/\/franciscanos.org.br\/noticias\/wp-json\/wp\/v2\/comments?post=234545"}],"version-history":[{"count":8,"href":"https:\/\/franciscanos.org.br\/noticias\/wp-json\/wp\/v2\/posts\/234545\/revisions"}],"predecessor-version":[{"id":234597,"href":"https:\/\/franciscanos.org.br\/noticias\/wp-json\/wp\/v2\/posts\/234545\/revisions\/234597"}],"wp:featuredmedia":[{"embeddable":true,"href":"https:\/\/franciscanos.org.br\/noticias\/wp-json\/wp\/v2\/media\/234605"}],"wp:attachment":[{"href":"https:\/\/franciscanos.org.br\/noticias\/wp-json\/wp\/v2\/media?parent=234545"}],"wp:term":[{"taxonomy":"category","embeddable":true,"href":"https:\/\/franciscanos.org.br\/noticias\/wp-json\/wp\/v2\/categories?post=234545"},{"taxonomy":"post_tag","embeddable":true,"href":"https:\/\/franciscanos.org.br\/noticias\/wp-json\/wp\/v2\/tags?post=234545"}],"curies":[{"name":"wp","href":"https:\/\/api.w.org\/{rel}","templated":true}]}}