{"id":234537,"date":"2021-10-04T17:32:23","date_gmt":"2021-10-04T20:32:23","guid":{"rendered":"https:\/\/franciscanos.org.br\/noticias\/?p=234537"},"modified":"2021-10-05T09:43:36","modified_gmt":"2021-10-05T12:43:36","slug":"frei-antonio-precisamos-de-outro-francisco-para-restaurar-nossas-vidas","status":"publish","type":"post","link":"https:\/\/franciscanos.org.br\/noticias\/frei-antonio-precisamos-de-outro-francisco-para-restaurar-nossas-vidas.html","title":{"rendered":"Frei Ant\u00f3nio: \u201cPrecisamos de outro Francisco para restaurar nossas vidas\u201d"},"content":{"rendered":"<p><img loading=\"lazy\" class=\"wp-image-234538 size-full alignnone\" src=\"https:\/\/franciscanos.org.br\/noticias\/wp-content\/uploads\/2021\/10\/angola_041021.jpg\" alt=\"\" width=\"1106\" height=\"737\" srcset=\"https:\/\/franciscanos.org.br\/noticias\/wp-content\/uploads\/2021\/10\/angola_041021.jpg 1106w, https:\/\/franciscanos.org.br\/noticias\/wp-content\/uploads\/2021\/10\/angola_041021-450x300.jpg 450w, https:\/\/franciscanos.org.br\/noticias\/wp-content\/uploads\/2021\/10\/angola_041021-1024x682.jpg 1024w, https:\/\/franciscanos.org.br\/noticias\/wp-content\/uploads\/2021\/10\/angola_041021-768x512.jpg 768w, https:\/\/franciscanos.org.br\/noticias\/wp-content\/uploads\/2021\/10\/angola_041021-150x100.jpg 150w\" sizes=\"(max-width: 1106px) 100vw, 1106px\" \/><\/p>\n<p>O Mosteiro Sagrado Cora\u00e7\u00e3o de Jesus, das Irm\u00e3s Clarissas, acolheu na manh\u00e3 desta segunda-feira, 4 de Outubro, \u00e0s 6h30, a Missa solene de S\u00e3o Francisco de Assis. A mesma foi presidida pelo Presidente da Funda\u00e7\u00e3o Imaculada M\u00e3e de Deus de Angola, Frei Ant\u00f3nio Boaventura Zovo Baza e concelebrada pelo capel\u00e3o do mosteiro, Frei Jo\u00e3o Alberto Bunga. E contou com presen\u00e7a de diversas irm\u00e3s consagradas que residem adjacentes ao mosteiro, membros da OFS e distintos fi\u00e9is como \u00e9 habitual naquela igreja.<\/p>\n<p>Os diversos minist\u00e9rios foram animados e partilhados entre os frades estudantes e as irm\u00e3s. O presidente da celebra\u00e7\u00e3o, durante a\u00a0 homilia, convidou os fi\u00e9is a restaurarem o mundo de hoje.<\/p>\n<p>\u201c Francisco se fez pedreiro, porque procurou reconstruir a igreja, mas depois percebeu que n\u00e3o era apenas as quatro paredes que estavam rachadas e que Deus pedia que ele restaurasse, mas, sim, a sua Igreja, a vida da pr\u00f3pria Igreja que estava em ru\u00ednas\u201d. E, continuou: \u201cSe olharmos o nosso mundo, a nossa cidade ou nosso pa\u00eds, vamos perceber que ainda precisamos de outro Francisco para restaurar nossas vidas. Francisco n\u00e3o precisou de muito dinheiro, Francisco n\u00e3o precisou do aux\u00edlio de muitos para restaurar a casa do Senhor quando come\u00e7a com este caminhar nesta entrega total a Deus. Alguns irm\u00e3os sentiram-se apaixonados pelo carisma, com a vida que levava aquele homem de Assis e tamb\u00e9m se entregaram \u00e0 mesma obra\u201d, disse.<\/p>\n<p><img loading=\"lazy\" class=\"alignnone wp-image-234539 size-full\" src=\"https:\/\/franciscanos.org.br\/noticias\/wp-content\/uploads\/2021\/10\/angola_041021_1.png\" alt=\"\" width=\"1106\" height=\"737\" srcset=\"https:\/\/franciscanos.org.br\/noticias\/wp-content\/uploads\/2021\/10\/angola_041021_1.png 1106w, https:\/\/franciscanos.org.br\/noticias\/wp-content\/uploads\/2021\/10\/angola_041021_1-450x300.png 450w, https:\/\/franciscanos.org.br\/noticias\/wp-content\/uploads\/2021\/10\/angola_041021_1-1024x682.png 1024w, https:\/\/franciscanos.org.br\/noticias\/wp-content\/uploads\/2021\/10\/angola_041021_1-768x512.png 768w, https:\/\/franciscanos.org.br\/noticias\/wp-content\/uploads\/2021\/10\/angola_041021_1-150x100.png 150w\" sizes=\"(max-width: 1106px) 100vw, 1106px\" \/><\/p>\n<p>\u201cHoje \u00e9 a cada um de n\u00f3s que a cruz quer falar; \u00e9 a cada um de n\u00f3s que esta cruz quer interpelar. Como \u00e9 que n\u00f3s, ao entrarmos na casa de Deus olhamos a cruz de Nosso Senhor Jesus Cristo? \u00a0O que \u00e9 que sentimos ao vermos a imagem do Filho de Deus\u00a0 que se entregou inteiramente para nossa salva\u00e7\u00e3o\u201d, questionou.<\/p>\n<p>\u201cFrancisco n\u00e3o exigiu muito aos homens que queriam viver esta vida a n\u00e3o ser viver o Evangelho de Cristo. Este Evangelho do Senhor n\u00e3o se vive apenas com a B\u00edblia na m\u00e3o, ou quando estivermos perante o santo povo de Deus, mas esse Evangelho se vive no dia a dia, nos gestos da nossa vida, na entrega total a Deus, ao servi\u00e7o dos nossos irm\u00e3os. Quando nos propomos viver o Evangelho \u00e9 sinal de que n\u00f3s queremos, ao longo de todo nosso peregrinar, n\u00e3o vivermos apenas para n\u00f3s, mas, sim, viver para os outros, para os irm\u00e3os\u201d, disse.<\/p>\n<p>Ao terminar a homilia, o presidente da celebra\u00e7\u00e3o recordou aos presentes que \u201c para ser santo n\u00e3o precisamos ser grandes intelectuais, n\u00e3o precisamos de doutoramentos, mas sim de humildade, \u00a0simplicidade de vida, \u00a0exemplo total aos irm\u00e3os que conosco caminham. Precisamos todos os dias da nossa vida nos identificarmos com este Jesus que se entregou inteiramente. Pois, Francisco ao se entregar inteiramente no seguimento de Cristo, recebeu as chagas, as marcas do crucificado, sinal de total ades\u00e3o ao projeto de Deus, algu\u00e9m que n\u00e3o viveu para si\u201d, concluiu.<\/p>\n\n\t\t<style type=\"text\/css\">\n\t\t\t#gallery-1 {\n\t\t\t\tmargin: auto;\n\t\t\t}\n\t\t\t#gallery-1 .gallery-item {\n\t\t\t\tfloat: left;\n\t\t\t\tmargin-top: 10px;\n\t\t\t\ttext-align: center;\n\t\t\t\twidth: 25%;\n\t\t\t}\n\t\t\t#gallery-1 img {\n\t\t\t\tborder: 2px solid #cfcfcf;\n\t\t\t}\n\t\t\t#gallery-1 .gallery-caption {\n\t\t\t\tmargin-left: 0;\n\t\t\t}\n\t\t\t\/* see gallery_shortcode() in wp-includes\/media.php *\/\n\t\t<\/style>\n\t\t<div id='gallery-1' class='gallery galleryid-234537 gallery-columns-4 gallery-size-thumbnail'><dl class='gallery-item'>\n\t\t\t<dt class='gallery-icon landscape'>\n\t\t\t\t<a href='https:\/\/franciscanos.org.br\/noticias\/wp-content\/uploads\/2021\/10\/angola_01.jpg'><img width=\"300\" height=\"300\" src=\"https:\/\/franciscanos.org.br\/noticias\/wp-content\/uploads\/2021\/10\/angola_01-300x300.jpg\" class=\"attachment-thumbnail size-thumbnail\" alt=\"\" loading=\"lazy\" srcset=\"https:\/\/franciscanos.org.br\/noticias\/wp-content\/uploads\/2021\/10\/angola_01-300x300.jpg 300w, https:\/\/franciscanos.org.br\/noticias\/wp-content\/uploads\/2021\/10\/angola_01-100x100.jpg 100w\" sizes=\"(max-width: 300px) 100vw, 300px\" \/><\/a>\n\t\t\t<\/dt><\/dl><dl class='gallery-item'>\n\t\t\t<dt class='gallery-icon landscape'>\n\t\t\t\t<a href='https:\/\/franciscanos.org.br\/noticias\/wp-content\/uploads\/2021\/10\/angola_03.jpg'><img width=\"300\" height=\"300\" src=\"https:\/\/franciscanos.org.br\/noticias\/wp-content\/uploads\/2021\/10\/angola_03-300x300.jpg\" class=\"attachment-thumbnail size-thumbnail\" alt=\"\" loading=\"lazy\" srcset=\"https:\/\/franciscanos.org.br\/noticias\/wp-content\/uploads\/2021\/10\/angola_03-300x300.jpg 300w, https:\/\/franciscanos.org.br\/noticias\/wp-content\/uploads\/2021\/10\/angola_03-100x100.jpg 100w\" sizes=\"(max-width: 300px) 100vw, 300px\" \/><\/a>\n\t\t\t<\/dt><\/dl><dl class='gallery-item'>\n\t\t\t<dt class='gallery-icon landscape'>\n\t\t\t\t<a href='https:\/\/franciscanos.org.br\/noticias\/wp-content\/uploads\/2021\/10\/angola_05.png'><img width=\"300\" height=\"300\" src=\"https:\/\/franciscanos.org.br\/noticias\/wp-content\/uploads\/2021\/10\/angola_05-300x300.png\" class=\"attachment-thumbnail size-thumbnail\" alt=\"\" loading=\"lazy\" srcset=\"https:\/\/franciscanos.org.br\/noticias\/wp-content\/uploads\/2021\/10\/angola_05-300x300.png 300w, https:\/\/franciscanos.org.br\/noticias\/wp-content\/uploads\/2021\/10\/angola_05-100x100.png 100w\" sizes=\"(max-width: 300px) 100vw, 300px\" \/><\/a>\n\t\t\t<\/dt><\/dl><dl class='gallery-item'>\n\t\t\t<dt class='gallery-icon landscape'>\n\t\t\t\t<a href='https:\/\/franciscanos.org.br\/noticias\/wp-content\/uploads\/2021\/10\/angola_041021_1.jpg'><img width=\"300\" height=\"300\" src=\"https:\/\/franciscanos.org.br\/noticias\/wp-content\/uploads\/2021\/10\/angola_041021_1-300x300.jpg\" class=\"attachment-thumbnail size-thumbnail\" alt=\"\" loading=\"lazy\" srcset=\"https:\/\/franciscanos.org.br\/noticias\/wp-content\/uploads\/2021\/10\/angola_041021_1-300x300.jpg 300w, https:\/\/franciscanos.org.br\/noticias\/wp-content\/uploads\/2021\/10\/angola_041021_1-100x100.jpg 100w\" sizes=\"(max-width: 300px) 100vw, 300px\" \/><\/a>\n\t\t\t<\/dt><\/dl><br style=\"clear: both\" \/>\n\t\t<\/div>\n\n<p>Na noite anterior, \u00a03 de outubro, celebrou-se o Tr\u00e2nsito de S\u00e3o Francisco de Assis, momento em que a fam\u00edlia franciscana meditou a morte, a p\u00e1scoa do santo. E os frades cantaram e encenaram os \u00faltimos momentos da vida do seu fundador.<\/p>\n<p style=\"text-align: center;\"><strong>O TR\u00c2NSITO DE S\u00c3O FRANCISCO<\/strong><\/p>\n\n\t\t<style type=\"text\/css\">\n\t\t\t#gallery-2 {\n\t\t\t\tmargin: auto;\n\t\t\t}\n\t\t\t#gallery-2 .gallery-item {\n\t\t\t\tfloat: left;\n\t\t\t\tmargin-top: 10px;\n\t\t\t\ttext-align: center;\n\t\t\t\twidth: 33%;\n\t\t\t}\n\t\t\t#gallery-2 img {\n\t\t\t\tborder: 2px solid #cfcfcf;\n\t\t\t}\n\t\t\t#gallery-2 .gallery-caption {\n\t\t\t\tmargin-left: 0;\n\t\t\t}\n\t\t\t\/* see gallery_shortcode() in wp-includes\/media.php *\/\n\t\t<\/style>\n\t\t<div id='gallery-2' class='gallery galleryid-234537 gallery-columns-3 gallery-size-thumbnail'><dl class='gallery-item'>\n\t\t\t<dt class='gallery-icon landscape'>\n\t\t\t\t<a href='https:\/\/franciscanos.org.br\/noticias\/wp-content\/uploads\/2021\/10\/01.jpg'><img width=\"300\" height=\"300\" src=\"https:\/\/franciscanos.org.br\/noticias\/wp-content\/uploads\/2021\/10\/01-300x300.jpg\" class=\"attachment-thumbnail size-thumbnail\" alt=\"\" loading=\"lazy\" srcset=\"https:\/\/franciscanos.org.br\/noticias\/wp-content\/uploads\/2021\/10\/01-300x300.jpg 300w, https:\/\/franciscanos.org.br\/noticias\/wp-content\/uploads\/2021\/10\/01-100x100.jpg 100w\" sizes=\"(max-width: 300px) 100vw, 300px\" \/><\/a>\n\t\t\t<\/dt><\/dl><dl class='gallery-item'>\n\t\t\t<dt class='gallery-icon landscape'>\n\t\t\t\t<a href='https:\/\/franciscanos.org.br\/noticias\/wp-content\/uploads\/2021\/10\/02.jpg'><img width=\"300\" height=\"300\" src=\"https:\/\/franciscanos.org.br\/noticias\/wp-content\/uploads\/2021\/10\/02-300x300.jpg\" class=\"attachment-thumbnail size-thumbnail\" alt=\"\" loading=\"lazy\" srcset=\"https:\/\/franciscanos.org.br\/noticias\/wp-content\/uploads\/2021\/10\/02-300x300.jpg 300w, https:\/\/franciscanos.org.br\/noticias\/wp-content\/uploads\/2021\/10\/02-100x100.jpg 100w\" sizes=\"(max-width: 300px) 100vw, 300px\" \/><\/a>\n\t\t\t<\/dt><\/dl><dl class='gallery-item'>\n\t\t\t<dt class='gallery-icon landscape'>\n\t\t\t\t<a href='https:\/\/franciscanos.org.br\/noticias\/wp-content\/uploads\/2021\/10\/03.jpg'><img width=\"300\" height=\"300\" src=\"https:\/\/franciscanos.org.br\/noticias\/wp-content\/uploads\/2021\/10\/03-300x300.jpg\" class=\"attachment-thumbnail size-thumbnail\" alt=\"\" loading=\"lazy\" srcset=\"https:\/\/franciscanos.org.br\/noticias\/wp-content\/uploads\/2021\/10\/03-300x300.jpg 300w, https:\/\/franciscanos.org.br\/noticias\/wp-content\/uploads\/2021\/10\/03-100x100.jpg 100w\" sizes=\"(max-width: 300px) 100vw, 300px\" \/><\/a>\n\t\t\t<\/dt><\/dl><br style=\"clear: both\" \/>\n\t\t<\/div>\n\n<p>A festa foi precedida pela novena que teve o seu in\u00edcio no dia 24 de Setembro, \u00e0s 17h, e foi orientada pelos frades da Fraternidade S\u00e3o Francisco de Assis e as Irm\u00e3s Clarissas. Per\u00edodo este que se meditou diariamente a vida do santo tendo em conta as mais diversas facetas de sua vida.<\/p>\n<hr \/>\n<p><em>Frei Abel Ndala Sahuma Nganji<\/em><\/p>\n<p>&nbsp;<\/p>\n","protected":false},"excerpt":{"rendered":"<p>Solenidade de S\u00e3o Francisco de Assis em Angola<\/p>\n","protected":false},"author":3,"featured_media":234538,"comment_status":"open","ping_status":"open","sticky":false,"template":"","format":"standard","meta":[],"categories":[1],"tags":[360],"acf":[],"yoast_head":"<!-- This site is optimized with the Yoast SEO plugin v19.2 - https:\/\/yoast.com\/wordpress\/plugins\/seo\/ -->\n<title>Frei Ant\u00f3nio: \u201cPrecisamos de outro Francisco para restaurar nossas vidas\u201d - Not\u00edcias - Franciscanos<\/title>\n<meta name=\"robots\" content=\"index, follow, max-snippet:-1, max-image-preview:large, max-video-preview:-1\" \/>\n<link rel=\"canonical\" href=\"https:\/\/franciscanos.org.br\/noticias\/frei-antonio-precisamos-de-outro-francisco-para-restaurar-nossas-vidas.html\" \/>\n<meta property=\"og:locale\" content=\"pt_BR\" \/>\n<meta property=\"og:type\" content=\"article\" \/>\n<meta property=\"og:title\" content=\"Frei Ant\u00f3nio: \u201cPrecisamos de outro Francisco para restaurar nossas vidas\u201d - Not\u00edcias - Franciscanos\" \/>\n<meta property=\"og:description\" content=\"Solenidade de S\u00e3o Francisco de Assis em Angola\" \/>\n<meta property=\"og:url\" content=\"https:\/\/franciscanos.org.br\/noticias\/frei-antonio-precisamos-de-outro-francisco-para-restaurar-nossas-vidas.html\" \/>\n<meta property=\"og:site_name\" content=\"Not\u00edcias - Franciscanos\" \/>\n<meta property=\"article:published_time\" content=\"2021-10-04T20:32:23+00:00\" \/>\n<meta property=\"article:modified_time\" content=\"2021-10-05T12:43:36+00:00\" \/>\n<meta property=\"og:image\" content=\"https:\/\/franciscanos.org.br\/noticias\/wp-content\/uploads\/2021\/10\/angola_041021.jpg\" \/>\n\t<meta property=\"og:image:width\" content=\"1106\" \/>\n\t<meta property=\"og:image:height\" content=\"737\" \/>\n\t<meta property=\"og:image:type\" content=\"image\/jpeg\" \/>\n<meta name=\"author\" content=\"moacir\" \/>\n<meta name=\"twitter:card\" content=\"summary_large_image\" \/>\n<meta name=\"twitter:label1\" content=\"Escrito por\" \/>\n\t<meta name=\"twitter:data1\" content=\"moacir\" \/>\n\t<meta name=\"twitter:label2\" content=\"Est. tempo de leitura\" \/>\n\t<meta name=\"twitter:data2\" content=\"3 minutos\" \/>\n<script type=\"application\/ld+json\" class=\"yoast-schema-graph\">{\"@context\":\"https:\/\/schema.org\",\"@graph\":[{\"@type\":\"WebSite\",\"@id\":\"https:\/\/franciscanos.org.br\/noticias\/#website\",\"url\":\"https:\/\/franciscanos.org.br\/noticias\/\",\"name\":\"Not\u00edcias - Franciscanos\",\"description\":\"Prov\u00edncia Franciscana da Imaculada Concei\u00e7\u00e3o do Brasil - Ordem dos Frades Menores - OFM\",\"potentialAction\":[{\"@type\":\"SearchAction\",\"target\":{\"@type\":\"EntryPoint\",\"urlTemplate\":\"https:\/\/franciscanos.org.br\/noticias\/?s={search_term_string}\"},\"query-input\":\"required name=search_term_string\"}],\"inLanguage\":\"pt-BR\"},{\"@type\":\"ImageObject\",\"inLanguage\":\"pt-BR\",\"@id\":\"https:\/\/franciscanos.org.br\/noticias\/frei-antonio-precisamos-de-outro-francisco-para-restaurar-nossas-vidas.html#primaryimage\",\"url\":\"https:\/\/franciscanos.org.br\/noticias\/wp-content\/uploads\/2021\/10\/angola_041021.jpg\",\"contentUrl\":\"https:\/\/franciscanos.org.br\/noticias\/wp-content\/uploads\/2021\/10\/angola_041021.jpg\",\"width\":1106,\"height\":737},{\"@type\":\"WebPage\",\"@id\":\"https:\/\/franciscanos.org.br\/noticias\/frei-antonio-precisamos-de-outro-francisco-para-restaurar-nossas-vidas.html#webpage\",\"url\":\"https:\/\/franciscanos.org.br\/noticias\/frei-antonio-precisamos-de-outro-francisco-para-restaurar-nossas-vidas.html\",\"name\":\"Frei Ant\u00f3nio: \u201cPrecisamos de outro Francisco para restaurar nossas vidas\u201d - Not\u00edcias - Franciscanos\",\"isPartOf\":{\"@id\":\"https:\/\/franciscanos.org.br\/noticias\/#website\"},\"primaryImageOfPage\":{\"@id\":\"https:\/\/franciscanos.org.br\/noticias\/frei-antonio-precisamos-de-outro-francisco-para-restaurar-nossas-vidas.html#primaryimage\"},\"datePublished\":\"2021-10-04T20:32:23+00:00\",\"dateModified\":\"2021-10-05T12:43:36+00:00\",\"author\":{\"@id\":\"https:\/\/franciscanos.org.br\/noticias\/#\/schema\/person\/b5c8cba458c330ccff548b056e95a5d4\"},\"breadcrumb\":{\"@id\":\"https:\/\/franciscanos.org.br\/noticias\/frei-antonio-precisamos-de-outro-francisco-para-restaurar-nossas-vidas.html#breadcrumb\"},\"inLanguage\":\"pt-BR\",\"potentialAction\":[{\"@type\":\"ReadAction\",\"target\":[\"https:\/\/franciscanos.org.br\/noticias\/frei-antonio-precisamos-de-outro-francisco-para-restaurar-nossas-vidas.html\"]}]},{\"@type\":\"BreadcrumbList\",\"@id\":\"https:\/\/franciscanos.org.br\/noticias\/frei-antonio-precisamos-de-outro-francisco-para-restaurar-nossas-vidas.html#breadcrumb\",\"itemListElement\":[{\"@type\":\"ListItem\",\"position\":1,\"name\":\"Home\",\"item\":\"https:\/\/franciscanos.org.br\/noticias\"},{\"@type\":\"ListItem\",\"position\":2,\"name\":\"Frei Ant\u00f3nio: \u201cPrecisamos de outro Francisco para restaurar nossas vidas\u201d\"}]},{\"@type\":\"Person\",\"@id\":\"https:\/\/franciscanos.org.br\/noticias\/#\/schema\/person\/b5c8cba458c330ccff548b056e95a5d4\",\"name\":\"moacir\",\"image\":{\"@type\":\"ImageObject\",\"inLanguage\":\"pt-BR\",\"@id\":\"https:\/\/franciscanos.org.br\/noticias\/#\/schema\/person\/image\/\",\"url\":\"https:\/\/secure.gravatar.com\/avatar\/d08aa2ce4c8dd416d4479aa8536fcf64?s=96&d=mm&r=g\",\"contentUrl\":\"https:\/\/secure.gravatar.com\/avatar\/d08aa2ce4c8dd416d4479aa8536fcf64?s=96&d=mm&r=g\",\"caption\":\"moacir\"},\"url\":\"https:\/\/franciscanos.org.br\/noticias\/author\/moacir\"}]}<\/script>\n<!-- \/ Yoast SEO plugin. -->","yoast_head_json":{"title":"Frei Ant\u00f3nio: \u201cPrecisamos de outro Francisco para restaurar nossas vidas\u201d - Not\u00edcias - Franciscanos","robots":{"index":"index","follow":"follow","max-snippet":"max-snippet:-1","max-image-preview":"max-image-preview:large","max-video-preview":"max-video-preview:-1"},"canonical":"https:\/\/franciscanos.org.br\/noticias\/frei-antonio-precisamos-de-outro-francisco-para-restaurar-nossas-vidas.html","og_locale":"pt_BR","og_type":"article","og_title":"Frei Ant\u00f3nio: \u201cPrecisamos de outro Francisco para restaurar nossas vidas\u201d - Not\u00edcias - Franciscanos","og_description":"Solenidade de S\u00e3o Francisco de Assis em Angola","og_url":"https:\/\/franciscanos.org.br\/noticias\/frei-antonio-precisamos-de-outro-francisco-para-restaurar-nossas-vidas.html","og_site_name":"Not\u00edcias - Franciscanos","article_published_time":"2021-10-04T20:32:23+00:00","article_modified_time":"2021-10-05T12:43:36+00:00","og_image":[{"width":1106,"height":737,"url":"https:\/\/franciscanos.org.br\/noticias\/wp-content\/uploads\/2021\/10\/angola_041021.jpg","type":"image\/jpeg"}],"author":"moacir","twitter_card":"summary_large_image","twitter_misc":{"Escrito por":"moacir","Est. tempo de leitura":"3 minutos"},"schema":{"@context":"https:\/\/schema.org","@graph":[{"@type":"WebSite","@id":"https:\/\/franciscanos.org.br\/noticias\/#website","url":"https:\/\/franciscanos.org.br\/noticias\/","name":"Not\u00edcias - Franciscanos","description":"Prov\u00edncia Franciscana da Imaculada Concei\u00e7\u00e3o do Brasil - Ordem dos Frades Menores - OFM","potentialAction":[{"@type":"SearchAction","target":{"@type":"EntryPoint","urlTemplate":"https:\/\/franciscanos.org.br\/noticias\/?s={search_term_string}"},"query-input":"required name=search_term_string"}],"inLanguage":"pt-BR"},{"@type":"ImageObject","inLanguage":"pt-BR","@id":"https:\/\/franciscanos.org.br\/noticias\/frei-antonio-precisamos-de-outro-francisco-para-restaurar-nossas-vidas.html#primaryimage","url":"https:\/\/franciscanos.org.br\/noticias\/wp-content\/uploads\/2021\/10\/angola_041021.jpg","contentUrl":"https:\/\/franciscanos.org.br\/noticias\/wp-content\/uploads\/2021\/10\/angola_041021.jpg","width":1106,"height":737},{"@type":"WebPage","@id":"https:\/\/franciscanos.org.br\/noticias\/frei-antonio-precisamos-de-outro-francisco-para-restaurar-nossas-vidas.html#webpage","url":"https:\/\/franciscanos.org.br\/noticias\/frei-antonio-precisamos-de-outro-francisco-para-restaurar-nossas-vidas.html","name":"Frei Ant\u00f3nio: \u201cPrecisamos de outro Francisco para restaurar nossas vidas\u201d - Not\u00edcias - Franciscanos","isPartOf":{"@id":"https:\/\/franciscanos.org.br\/noticias\/#website"},"primaryImageOfPage":{"@id":"https:\/\/franciscanos.org.br\/noticias\/frei-antonio-precisamos-de-outro-francisco-para-restaurar-nossas-vidas.html#primaryimage"},"datePublished":"2021-10-04T20:32:23+00:00","dateModified":"2021-10-05T12:43:36+00:00","author":{"@id":"https:\/\/franciscanos.org.br\/noticias\/#\/schema\/person\/b5c8cba458c330ccff548b056e95a5d4"},"breadcrumb":{"@id":"https:\/\/franciscanos.org.br\/noticias\/frei-antonio-precisamos-de-outro-francisco-para-restaurar-nossas-vidas.html#breadcrumb"},"inLanguage":"pt-BR","potentialAction":[{"@type":"ReadAction","target":["https:\/\/franciscanos.org.br\/noticias\/frei-antonio-precisamos-de-outro-francisco-para-restaurar-nossas-vidas.html"]}]},{"@type":"BreadcrumbList","@id":"https:\/\/franciscanos.org.br\/noticias\/frei-antonio-precisamos-de-outro-francisco-para-restaurar-nossas-vidas.html#breadcrumb","itemListElement":[{"@type":"ListItem","position":1,"name":"Home","item":"https:\/\/franciscanos.org.br\/noticias"},{"@type":"ListItem","position":2,"name":"Frei Ant\u00f3nio: \u201cPrecisamos de outro Francisco para restaurar nossas vidas\u201d"}]},{"@type":"Person","@id":"https:\/\/franciscanos.org.br\/noticias\/#\/schema\/person\/b5c8cba458c330ccff548b056e95a5d4","name":"moacir","image":{"@type":"ImageObject","inLanguage":"pt-BR","@id":"https:\/\/franciscanos.org.br\/noticias\/#\/schema\/person\/image\/","url":"https:\/\/secure.gravatar.com\/avatar\/d08aa2ce4c8dd416d4479aa8536fcf64?s=96&d=mm&r=g","contentUrl":"https:\/\/secure.gravatar.com\/avatar\/d08aa2ce4c8dd416d4479aa8536fcf64?s=96&d=mm&r=g","caption":"moacir"},"url":"https:\/\/franciscanos.org.br\/noticias\/author\/moacir"}]}},"_links":{"self":[{"href":"https:\/\/franciscanos.org.br\/noticias\/wp-json\/wp\/v2\/posts\/234537"}],"collection":[{"href":"https:\/\/franciscanos.org.br\/noticias\/wp-json\/wp\/v2\/posts"}],"about":[{"href":"https:\/\/franciscanos.org.br\/noticias\/wp-json\/wp\/v2\/types\/post"}],"author":[{"embeddable":true,"href":"https:\/\/franciscanos.org.br\/noticias\/wp-json\/wp\/v2\/users\/3"}],"replies":[{"embeddable":true,"href":"https:\/\/franciscanos.org.br\/noticias\/wp-json\/wp\/v2\/comments?post=234537"}],"version-history":[{"count":3,"href":"https:\/\/franciscanos.org.br\/noticias\/wp-json\/wp\/v2\/posts\/234537\/revisions"}],"predecessor-version":[{"id":234602,"href":"https:\/\/franciscanos.org.br\/noticias\/wp-json\/wp\/v2\/posts\/234537\/revisions\/234602"}],"wp:featuredmedia":[{"embeddable":true,"href":"https:\/\/franciscanos.org.br\/noticias\/wp-json\/wp\/v2\/media\/234538"}],"wp:attachment":[{"href":"https:\/\/franciscanos.org.br\/noticias\/wp-json\/wp\/v2\/media?parent=234537"}],"wp:term":[{"taxonomy":"category","embeddable":true,"href":"https:\/\/franciscanos.org.br\/noticias\/wp-json\/wp\/v2\/categories?post=234537"},{"taxonomy":"post_tag","embeddable":true,"href":"https:\/\/franciscanos.org.br\/noticias\/wp-json\/wp\/v2\/tags?post=234537"}],"curies":[{"name":"wp","href":"https:\/\/api.w.org\/{rel}","templated":true}]}}