{"id":234519,"date":"2021-10-02T06:43:47","date_gmt":"2021-10-02T09:43:47","guid":{"rendered":"https:\/\/franciscanos.org.br\/noticias\/?p=234519"},"modified":"2021-10-02T09:59:36","modified_gmt":"2021-10-02T12:59:36","slug":"juntos-que-se-constroem-os-sonhos","status":"publish","type":"post","link":"https:\/\/franciscanos.org.br\/noticias\/juntos-que-se-constroem-os-sonhos.html","title":{"rendered":"&#8220;Juntos que se constroem os sonhos&#8221;"},"content":{"rendered":"<p><img loading=\"lazy\" class=\"alignnone wp-image-161148 size-full\" src=\"https:\/\/franciscanos.org.br\/quemsomos\/wp-content\/uploads\/2021\/10\/imagem_1280x720.png\" alt=\"\" width=\"1280\" height=\"720\" \/><\/p>\n<p>Car\u00edssimos irm\u00e3os e irm\u00e3s.<\/p>\n<p>Que o Senhor vos d\u00ea a paz!<\/p>\n<p>Nos dias 03 e 04 de outubro, em comunh\u00e3o com toda a Igreja, a Ordem Franciscana celebra os mist\u00e9rios da vida, morte e glorifica\u00e7\u00e3o do nosso Ser\u00e1fico Pai S\u00e3o Francisco de Assis. E neste ano queremos incluir nesta solenidade o primeiro anivers\u00e1rio da Carta Enc\u00edclica <em>Fratelli Tutti<\/em>, sobre a fraternidade e a amizade social, assinada pelo Papa Francisco no dia 03 de outubro de 2020, junto ao t\u00famulo de S\u00e3o Francisco.<\/p>\n<p>Do contexto da Enc\u00edclica <em>Fratelli Tutti<\/em>, n\u00ba. 8, a Prov\u00edncia Franciscana da Imaculada Concei\u00e7\u00e3o do Brasil escolheu o tema para o pr\u00f3ximo Cap\u00edtulo Provincial, cujo par\u00e1grafo aqui recordo: \u201c<em>Aqui est\u00e1 um \u00f3timo segredo para sonhar e tornar a nossa vida uma bela aventura. Ningu\u00e9m pode enfrentar a vida isoladamente (&#8230;); precisamos de uma comunidade que nos apoie, que nos auxilie e dentro da qual nos ajudemos mutuamente a olhar para frente. Como \u00e9 importante sonhar juntos! (&#8230;) Sozinho, corre-se o risco de ter miragens, vendo aquilo que n\u00e3o existe; \u00e9 <strong>junto que se constroem os sonhos<\/strong>\u201d.<\/em><\/p>\n<p>Francisco de Assis, no seu Testamento, recorda com gratid\u00e3o as origens da fraternidade como uma inspira\u00e7\u00e3o divina: \u201cO Senhor me deu irm\u00e3os\u201d. Com estes irm\u00e3os ele construiu um projeto de vida \u201csegundo a forma do Santo Evangelho\u201d, confirmado pelo Senhor Papa Inoc\u00eancio (cf. Test 14-15). Assim, a primitiva fraternidade sonhou e construiu sonhos que n\u00e3o foram miragens daqueles \u201cpenitentes de Assis\u201d, mas ousadias corajosas de homens e mulheres que fizeram do Evangelho seu ponto de partida. Quero destacar quatro sonhos:<\/p>\n<p><strong>1\u00ba) FRATERNIDADE &#8211; <\/strong>O sonho da <strong><em>FRATERNIDADE<\/em><\/strong> foi poss\u00edvel quando Francisco experimentou que cada irm\u00e3o e irm\u00e3 eram filhos e filhas de um mesmo Pai do c\u00e9u, revestidos da mesma sacralidade formada \u201c\u00e0 imagem do seu dileto Filho\u201d (Adm 5). Uma fraternidade que sonhou a utopia da grande fraternidade c\u00f3smica, chamando de \u201cirm\u00e3\u201d e \u201cirm\u00e3o\u201d a peculiaridade e a interliga\u00e7\u00e3o da inteira cria\u00e7\u00e3o: \u201cLouvado sejas, meu Senhor, com todas as tuas criaturas\u201d (CSol 3).<\/p>\n<p>2\u00aa). <strong>PAZ<\/strong>\u00a0 &#8211; Uma fraternidade que sonhou que a <strong><em>PAZ <\/em><\/strong>\u00e9 o maior segredo para se construir verdadeiras rela\u00e7\u00f5es e pactos fraternos. Paz \u00e9 o primeiro an\u00fancio do evangelizador franciscano. Por isso, no banquete com a Senhora Pobreza, segundo o relato do <em>Sacrum Commercium<\/em>, os valentes cavaleiros afirmam: \u201c<em>N\u00e3o temos ferreiro para nos fazer espadas\u201d<\/em> (SC 62), ou seja, andamos desarmados, e se for necess\u00e1rio, cortamos o p\u00e3o ressequido com os dentes. Eles fazem acontecer a bem-aventuran\u00e7a evang\u00e9lica: \u201cS\u00e3o verdadeiramente pac\u00edficos os que se conservam em paz, interior e exteriormente\u201d (cf. Adm 15).<\/p>\n<p>3\u00ba) <strong>CUIDADO &#8211;<\/strong> Uma fraternidade que, longe da \u201ccultura da indiferen\u00e7a\u201d, sonhou e concretizou o real <strong><em>CUIDADO <\/em><\/strong>por cada irm\u00e3o e irm\u00e3, a come\u00e7ar pelos leprosos, pobres, fracos, doentes e mendigos de rua (Rnb 9,3). Uma fraternidade que teve a ousadia de despojar o altar da Virgem para que nenhum de seus filhos passasse frio ou estivesse despido na sua dignidade, pois o \u201cSenhor enviar\u00e1 quem restitua \u00e0 M\u00e3e o que ela nos emprestou\u201d (2Cel 67). Uma fraternidade que tamb\u00e9m construiu a mesa fraterna fundada na pobreza e na justi\u00e7a, colocando em comum aquilo que acontece nas casas dos pobres, numa confian\u00e7a total \u00e0s reais necessidades, da forma como uma \u201cm\u00e3e ama e alimenta seu filho carnal\u201d (Rnb 9,13).<\/p>\n<p>4\u00ba<strong>) DI\u00c1LOGO<\/strong> &#8211; Uma fraternidade que sonhou <strong><em>dialogar<\/em><\/strong> com toda humana criatura. Francisco cr\u00ea na riqueza da diversidade como gra\u00e7a e dom de Deus. Ao romper a rela\u00e7\u00e3o com sua \u201cclasse social\u201d, ele se abre a \u201ctoda humana criatura\u201d. Acolhe o irm\u00e3o diferente como d\u00e1diva divina e reafirma que o verdadeiro irm\u00e3o menor \u00e9 aquele que acolhe em si a diversidade das virtudes dos outros (cf. EP 85) e, com eles, forma uma fraternidade dialogante. Por isso, a fraternidade \u00e9 fraternidade quando constr\u00f3i pontes, abre novas fronteiras, derruba os muros da segrega\u00e7\u00e3o. Este desejo de dialogar com todos levou Francisco a um encontro inusitado de paz com o Sult\u00e3o do Egito.<\/p>\n<p><iframe loading=\"lazy\" width=\"100%\" height=\"500\" src=\"https:\/\/www.youtube.com\/embed\/sZs0wbR1ErQ\" title=\"YouTube video player\" frameborder=\"0\" allow=\"accelerometer; autoplay; clipboard-write; encrypted-media; gyroscope; picture-in-picture\" allowfullscreen><\/iframe><\/p>\n<p>Estes e tantos outros sonhos foram concretizados porque Francisco de Assis permitiu que o Senhor fosse o condutor dos seus sonhos. O in\u00edcio de um sonho construtivo na vis\u00e3o do grandioso castelo de Espoleto, no qual se comprometeu a servir o Senhor, culminou com o <strong>sonho da FELIZ ETERNIDADE DA VIDA <\/strong>junto \u00e0 pobre igrejinha da Porci\u00fancula: \u201cFeliz aquele que a irm\u00e3 morte encontrar conforme \u00e0 vontade do Senhor, porque a morte segunda n\u00e3o lhe far\u00e1 mal. Louvai e bendizei a meu Senhor, e dai-lhe gra\u00e7as, e servi-o com grande humildade\u201d (Csol 13-14).<\/p>\n<p>Boa Festa de S\u00e3o Francisco de Assis a todos!<\/p>\n<p><strong>Frei Fid\u00eancio Vanboemmel, OFM<\/strong><\/p>\n<p><em>Ministro Provincial<\/em><br \/>\n<em>Prov\u00edncia Franciscana da Imaculada Concei\u00e7\u00e3o do Brasil<\/em><\/p>\n","protected":false},"excerpt":{"rendered":"<p>Mensagem de Frei Fid\u00eancio Vanboemmel para a Festa de S\u00e3o Francisco de Assis<\/p>\n","protected":false},"author":3,"featured_media":234520,"comment_status":"open","ping_status":"open","sticky":false,"template":"","format":"standard","meta":[],"categories":[1],"tags":[1179,1249],"acf":[],"yoast_head":"<!-- This site is optimized with the Yoast SEO plugin v19.2 - https:\/\/yoast.com\/wordpress\/plugins\/seo\/ -->\n<title>&quot;Juntos que se constroem os sonhos&quot; - Not\u00edcias - Franciscanos<\/title>\n<meta name=\"robots\" content=\"index, follow, max-snippet:-1, max-image-preview:large, max-video-preview:-1\" \/>\n<link rel=\"canonical\" href=\"https:\/\/franciscanos.org.br\/noticias\/juntos-que-se-constroem-os-sonhos.html\" \/>\n<meta property=\"og:locale\" content=\"pt_BR\" \/>\n<meta property=\"og:type\" content=\"article\" \/>\n<meta property=\"og:title\" content=\"&quot;Juntos que se constroem os sonhos&quot; - Not\u00edcias - Franciscanos\" \/>\n<meta property=\"og:description\" content=\"Mensagem de Frei Fid\u00eancio Vanboemmel para a Festa de S\u00e3o Francisco de Assis\" \/>\n<meta property=\"og:url\" content=\"https:\/\/franciscanos.org.br\/noticias\/juntos-que-se-constroem-os-sonhos.html\" \/>\n<meta property=\"og:site_name\" content=\"Not\u00edcias - Franciscanos\" \/>\n<meta property=\"article:published_time\" content=\"2021-10-02T09:43:47+00:00\" \/>\n<meta property=\"article:modified_time\" content=\"2021-10-02T12:59:36+00:00\" \/>\n<meta property=\"og:image\" content=\"https:\/\/franciscanos.org.br\/noticias\/wp-content\/uploads\/2021\/10\/destaque_800x550.png\" \/>\n\t<meta property=\"og:image:width\" content=\"800\" \/>\n\t<meta property=\"og:image:height\" content=\"550\" \/>\n\t<meta property=\"og:image:type\" content=\"image\/png\" \/>\n<meta name=\"author\" content=\"moacir\" \/>\n<meta name=\"twitter:card\" content=\"summary_large_image\" \/>\n<meta name=\"twitter:label1\" content=\"Escrito por\" \/>\n\t<meta name=\"twitter:data1\" content=\"moacir\" \/>\n\t<meta name=\"twitter:label2\" content=\"Est. tempo de leitura\" \/>\n\t<meta name=\"twitter:data2\" content=\"4 minutos\" \/>\n<script type=\"application\/ld+json\" class=\"yoast-schema-graph\">{\"@context\":\"https:\/\/schema.org\",\"@graph\":[{\"@type\":\"WebSite\",\"@id\":\"https:\/\/franciscanos.org.br\/noticias\/#website\",\"url\":\"https:\/\/franciscanos.org.br\/noticias\/\",\"name\":\"Not\u00edcias - Franciscanos\",\"description\":\"Prov\u00edncia Franciscana da Imaculada Concei\u00e7\u00e3o do Brasil - Ordem dos Frades Menores - OFM\",\"potentialAction\":[{\"@type\":\"SearchAction\",\"target\":{\"@type\":\"EntryPoint\",\"urlTemplate\":\"https:\/\/franciscanos.org.br\/noticias\/?s={search_term_string}\"},\"query-input\":\"required name=search_term_string\"}],\"inLanguage\":\"pt-BR\"},{\"@type\":\"ImageObject\",\"inLanguage\":\"pt-BR\",\"@id\":\"https:\/\/franciscanos.org.br\/noticias\/juntos-que-se-constroem-os-sonhos.html#primaryimage\",\"url\":\"https:\/\/franciscanos.org.br\/noticias\/wp-content\/uploads\/2021\/10\/destaque_800x550.png\",\"contentUrl\":\"https:\/\/franciscanos.org.br\/noticias\/wp-content\/uploads\/2021\/10\/destaque_800x550.png\",\"width\":800,\"height\":550},{\"@type\":\"WebPage\",\"@id\":\"https:\/\/franciscanos.org.br\/noticias\/juntos-que-se-constroem-os-sonhos.html#webpage\",\"url\":\"https:\/\/franciscanos.org.br\/noticias\/juntos-que-se-constroem-os-sonhos.html\",\"name\":\"\\\"Juntos que se constroem os sonhos\\\" - Not\u00edcias - Franciscanos\",\"isPartOf\":{\"@id\":\"https:\/\/franciscanos.org.br\/noticias\/#website\"},\"primaryImageOfPage\":{\"@id\":\"https:\/\/franciscanos.org.br\/noticias\/juntos-que-se-constroem-os-sonhos.html#primaryimage\"},\"datePublished\":\"2021-10-02T09:43:47+00:00\",\"dateModified\":\"2021-10-02T12:59:36+00:00\",\"author\":{\"@id\":\"https:\/\/franciscanos.org.br\/noticias\/#\/schema\/person\/b5c8cba458c330ccff548b056e95a5d4\"},\"breadcrumb\":{\"@id\":\"https:\/\/franciscanos.org.br\/noticias\/juntos-que-se-constroem-os-sonhos.html#breadcrumb\"},\"inLanguage\":\"pt-BR\",\"potentialAction\":[{\"@type\":\"ReadAction\",\"target\":[\"https:\/\/franciscanos.org.br\/noticias\/juntos-que-se-constroem-os-sonhos.html\"]}]},{\"@type\":\"BreadcrumbList\",\"@id\":\"https:\/\/franciscanos.org.br\/noticias\/juntos-que-se-constroem-os-sonhos.html#breadcrumb\",\"itemListElement\":[{\"@type\":\"ListItem\",\"position\":1,\"name\":\"Home\",\"item\":\"https:\/\/franciscanos.org.br\/noticias\"},{\"@type\":\"ListItem\",\"position\":2,\"name\":\"&#8220;Juntos que se constroem os sonhos&#8221;\"}]},{\"@type\":\"Person\",\"@id\":\"https:\/\/franciscanos.org.br\/noticias\/#\/schema\/person\/b5c8cba458c330ccff548b056e95a5d4\",\"name\":\"moacir\",\"image\":{\"@type\":\"ImageObject\",\"inLanguage\":\"pt-BR\",\"@id\":\"https:\/\/franciscanos.org.br\/noticias\/#\/schema\/person\/image\/\",\"url\":\"https:\/\/secure.gravatar.com\/avatar\/d08aa2ce4c8dd416d4479aa8536fcf64?s=96&d=mm&r=g\",\"contentUrl\":\"https:\/\/secure.gravatar.com\/avatar\/d08aa2ce4c8dd416d4479aa8536fcf64?s=96&d=mm&r=g\",\"caption\":\"moacir\"},\"url\":\"https:\/\/franciscanos.org.br\/noticias\/author\/moacir\"}]}<\/script>\n<!-- \/ Yoast SEO plugin. -->","yoast_head_json":{"title":"\"Juntos que se constroem os sonhos\" - Not\u00edcias - Franciscanos","robots":{"index":"index","follow":"follow","max-snippet":"max-snippet:-1","max-image-preview":"max-image-preview:large","max-video-preview":"max-video-preview:-1"},"canonical":"https:\/\/franciscanos.org.br\/noticias\/juntos-que-se-constroem-os-sonhos.html","og_locale":"pt_BR","og_type":"article","og_title":"\"Juntos que se constroem os sonhos\" - Not\u00edcias - Franciscanos","og_description":"Mensagem de Frei Fid\u00eancio Vanboemmel para a Festa de S\u00e3o Francisco de Assis","og_url":"https:\/\/franciscanos.org.br\/noticias\/juntos-que-se-constroem-os-sonhos.html","og_site_name":"Not\u00edcias - Franciscanos","article_published_time":"2021-10-02T09:43:47+00:00","article_modified_time":"2021-10-02T12:59:36+00:00","og_image":[{"width":800,"height":550,"url":"https:\/\/franciscanos.org.br\/noticias\/wp-content\/uploads\/2021\/10\/destaque_800x550.png","type":"image\/png"}],"author":"moacir","twitter_card":"summary_large_image","twitter_misc":{"Escrito por":"moacir","Est. tempo de leitura":"4 minutos"},"schema":{"@context":"https:\/\/schema.org","@graph":[{"@type":"WebSite","@id":"https:\/\/franciscanos.org.br\/noticias\/#website","url":"https:\/\/franciscanos.org.br\/noticias\/","name":"Not\u00edcias - Franciscanos","description":"Prov\u00edncia Franciscana da Imaculada Concei\u00e7\u00e3o do Brasil - Ordem dos Frades Menores - OFM","potentialAction":[{"@type":"SearchAction","target":{"@type":"EntryPoint","urlTemplate":"https:\/\/franciscanos.org.br\/noticias\/?s={search_term_string}"},"query-input":"required name=search_term_string"}],"inLanguage":"pt-BR"},{"@type":"ImageObject","inLanguage":"pt-BR","@id":"https:\/\/franciscanos.org.br\/noticias\/juntos-que-se-constroem-os-sonhos.html#primaryimage","url":"https:\/\/franciscanos.org.br\/noticias\/wp-content\/uploads\/2021\/10\/destaque_800x550.png","contentUrl":"https:\/\/franciscanos.org.br\/noticias\/wp-content\/uploads\/2021\/10\/destaque_800x550.png","width":800,"height":550},{"@type":"WebPage","@id":"https:\/\/franciscanos.org.br\/noticias\/juntos-que-se-constroem-os-sonhos.html#webpage","url":"https:\/\/franciscanos.org.br\/noticias\/juntos-que-se-constroem-os-sonhos.html","name":"\"Juntos que se constroem os sonhos\" - Not\u00edcias - Franciscanos","isPartOf":{"@id":"https:\/\/franciscanos.org.br\/noticias\/#website"},"primaryImageOfPage":{"@id":"https:\/\/franciscanos.org.br\/noticias\/juntos-que-se-constroem-os-sonhos.html#primaryimage"},"datePublished":"2021-10-02T09:43:47+00:00","dateModified":"2021-10-02T12:59:36+00:00","author":{"@id":"https:\/\/franciscanos.org.br\/noticias\/#\/schema\/person\/b5c8cba458c330ccff548b056e95a5d4"},"breadcrumb":{"@id":"https:\/\/franciscanos.org.br\/noticias\/juntos-que-se-constroem-os-sonhos.html#breadcrumb"},"inLanguage":"pt-BR","potentialAction":[{"@type":"ReadAction","target":["https:\/\/franciscanos.org.br\/noticias\/juntos-que-se-constroem-os-sonhos.html"]}]},{"@type":"BreadcrumbList","@id":"https:\/\/franciscanos.org.br\/noticias\/juntos-que-se-constroem-os-sonhos.html#breadcrumb","itemListElement":[{"@type":"ListItem","position":1,"name":"Home","item":"https:\/\/franciscanos.org.br\/noticias"},{"@type":"ListItem","position":2,"name":"&#8220;Juntos que se constroem os sonhos&#8221;"}]},{"@type":"Person","@id":"https:\/\/franciscanos.org.br\/noticias\/#\/schema\/person\/b5c8cba458c330ccff548b056e95a5d4","name":"moacir","image":{"@type":"ImageObject","inLanguage":"pt-BR","@id":"https:\/\/franciscanos.org.br\/noticias\/#\/schema\/person\/image\/","url":"https:\/\/secure.gravatar.com\/avatar\/d08aa2ce4c8dd416d4479aa8536fcf64?s=96&d=mm&r=g","contentUrl":"https:\/\/secure.gravatar.com\/avatar\/d08aa2ce4c8dd416d4479aa8536fcf64?s=96&d=mm&r=g","caption":"moacir"},"url":"https:\/\/franciscanos.org.br\/noticias\/author\/moacir"}]}},"_links":{"self":[{"href":"https:\/\/franciscanos.org.br\/noticias\/wp-json\/wp\/v2\/posts\/234519"}],"collection":[{"href":"https:\/\/franciscanos.org.br\/noticias\/wp-json\/wp\/v2\/posts"}],"about":[{"href":"https:\/\/franciscanos.org.br\/noticias\/wp-json\/wp\/v2\/types\/post"}],"author":[{"embeddable":true,"href":"https:\/\/franciscanos.org.br\/noticias\/wp-json\/wp\/v2\/users\/3"}],"replies":[{"embeddable":true,"href":"https:\/\/franciscanos.org.br\/noticias\/wp-json\/wp\/v2\/comments?post=234519"}],"version-history":[{"count":7,"href":"https:\/\/franciscanos.org.br\/noticias\/wp-json\/wp\/v2\/posts\/234519\/revisions"}],"predecessor-version":[{"id":234527,"href":"https:\/\/franciscanos.org.br\/noticias\/wp-json\/wp\/v2\/posts\/234519\/revisions\/234527"}],"wp:featuredmedia":[{"embeddable":true,"href":"https:\/\/franciscanos.org.br\/noticias\/wp-json\/wp\/v2\/media\/234520"}],"wp:attachment":[{"href":"https:\/\/franciscanos.org.br\/noticias\/wp-json\/wp\/v2\/media?parent=234519"}],"wp:term":[{"taxonomy":"category","embeddable":true,"href":"https:\/\/franciscanos.org.br\/noticias\/wp-json\/wp\/v2\/categories?post=234519"},{"taxonomy":"post_tag","embeddable":true,"href":"https:\/\/franciscanos.org.br\/noticias\/wp-json\/wp\/v2\/tags?post=234519"}],"curies":[{"name":"wp","href":"https:\/\/api.w.org\/{rel}","templated":true}]}}