{"id":234510,"date":"2021-10-01T10:48:34","date_gmt":"2021-10-01T13:48:34","guid":{"rendered":"https:\/\/franciscanos.org.br\/noticias\/?p=234510"},"modified":"2021-10-01T12:34:04","modified_gmt":"2021-10-01T15:34:04","slug":"aos-96-anos-falece-frei-eliseu-tambosi-em-florianopolis","status":"publish","type":"post","link":"https:\/\/franciscanos.org.br\/noticias\/aos-96-anos-falece-frei-eliseu-tambosi-em-florianopolis.html","title":{"rendered":"Aos 96 anos, falece Frei Eliseu Tambosi em Florian\u00f3polis"},"content":{"rendered":"<p><img loading=\"lazy\" class=\"wp-image-234511 size-full alignnone\" src=\"https:\/\/franciscanos.org.br\/noticias\/wp-content\/uploads\/2021\/10\/eliseu_011021.png\" alt=\"\" width=\"1280\" height=\"750\" srcset=\"https:\/\/franciscanos.org.br\/noticias\/wp-content\/uploads\/2021\/10\/eliseu_011021.png 1280w, https:\/\/franciscanos.org.br\/noticias\/wp-content\/uploads\/2021\/10\/eliseu_011021-450x264.png 450w, https:\/\/franciscanos.org.br\/noticias\/wp-content\/uploads\/2021\/10\/eliseu_011021-1024x600.png 1024w, https:\/\/franciscanos.org.br\/noticias\/wp-content\/uploads\/2021\/10\/eliseu_011021-768x450.png 768w, https:\/\/franciscanos.org.br\/noticias\/wp-content\/uploads\/2021\/10\/eliseu_011021-150x88.png 150w\" sizes=\"(max-width: 1280px) 100vw, 1280px\" \/><\/p>\n<p>Aos 96 anos, faleceu nesta sexta-feira (1\u00ba\/10), em Florian\u00f3polis, Frei Eliseu Tambosi. Segundo o guardi\u00e3o Frei Germano Guesser, a causa-mortis foi um AVC e infec\u00e7\u00e3o urin\u00e1ria, que agravou um quadro que j\u00e1 vinha debilitando Frei Eliseu. &#8220;No dia 21 de setembro \u00faltimo, havia levado Frei Eliseu ao hospital da Unimed, como era seu desejo. A m\u00e9dica do Lar S\u00e3o Francisco, onde residia Frei Eliseu, tamb\u00e9m pediu alguns exames ao fazer o encaminhamento. &#8220;Voltamos com ele para o Lar, pois n\u00e3o tinha nenhuma sequela da Covid e os exames n\u00e3o apresentaram novidades&#8221;, contou Frei Germano. Mas no Lar S\u00e3o Francisco, ele teve pequenos AVCs, o que, segundo os m\u00e9dicos, seria algo esperado, j\u00e1 que dias atr\u00e1s ele j\u00e1 tivera um. &#8220;Aos poucos, ele foi ficando mais abatido, perdendo o apetite e oscilando entre pouca aten\u00e7\u00e3o e momentos de desorienta\u00e7\u00e3o&#8221;, explicou Frei Germano.<\/p>\n<p>Na segunda-feira, dia 27, chamou a enfermeira-chefe e disse que queria dar adeus! Ela, ent\u00e3o, perguntou o que poderia fazer por ele. Frei Eliseu respondeu que n\u00e3o havia mais nada para fazer e que era momento do adeus. &#8220;No dia 29, eu e Frei Jos\u00e9 Lino fomos no quarto dele, rezamos, conversamos e administramos a Un\u00e7\u00e3o dos Enfermos. Mas ele n\u00e3o interagiu. O tempo todo ficou sem rea\u00e7\u00e3o. S\u00f3 se ouvia sua respira\u00e7\u00e3o&#8221;, contou Frei Germano, destacando que a equipe m\u00e9dica o acompanhou garantindo todos os cuidados. &#8220;N\u00e3o est\u00e1 com dor, mas n\u00e3o apresenta rea\u00e7\u00e3o!&#8221;, observou Frei Germano.<\/p>\n<p>A Arquidiocese de Florian\u00f3polis manifestou pesar pelo falecimento de Frei Eliseu.<\/p>\n<p>Quanto \u00e0s cerim\u00f4nias de despedida, \u00e0s 14h30 ser\u00e1 celebrada a Missa de Ex\u00e9quias na Par\u00f3quia Santo Ant\u00f4nio e, \u00e0s 16h, ser\u00e1 feito o sepultamento no jazigo dos frades no Cemit\u00e9rio do Itacorubi.<\/p>\n<p><strong>\u00a0<\/strong><strong>Dados pessoais, forma\u00e7\u00e3o e atividades<br \/>\n<\/strong>24\/12\/1926 \u2013 Nascimento em Rodeio, SC (96 anos)<br \/>\n19\/12\/1948 \u2013 Admiss\u00e3o na Ordem dos Frades Menores em Rodeio, SC (74 anos de Vida Religiosa)<br \/>\n20\/12\/1949 \u2013 Profiss\u00e3o simples na Ordem dos Frades Menores<br \/>\n20\/12\/1952 \u2013 Profiss\u00e3o Solene (70 anos)<br \/>\n30\/06\/1955 \u2013 Ordena\u00e7\u00e3o presbiteral (66 anos)<br \/>\n1950-1951 &#8211; Estudos de Filosofia (Curitiba)<br \/>\n1952-1956 &#8211; Estudos de Teologia (Petr\u00f3polis)<strong>\u00a0<\/strong><\/p>\n<p><strong>Atividades na Evangeliza\u00e7\u00e3o<\/strong><\/p>\n<p>30\/11\/1956 \u2013 Meleiros, SC, vig\u00e1rio cooperador<br \/>\n16\/02\/1957 \u2013 Curitiba, PR, professor no Col\u00e9gio Bom Jesus<br \/>\n09\/02\/1959 \u2013 Rodeio, SC, vig\u00e1rio paroquial<br \/>\n06\/08\/1959 &#8211; Chapec\u00f3, SC, vig\u00e1rio paroquial<br \/>\n27\/11\/1961 &#8211; Luzerna, SC, vig\u00e1rio paroquial<br \/>\n15\/01\/1065 &#8211; Guaratinguet\u00e1, SP, guardi\u00e3o<br \/>\n28\/01\/1968 &#8211; Curitibanos, SC, vig\u00e1rio<br \/>\n27\/01\/1974 &#8211; Curitibanos, SC, guardi\u00e3o e p\u00e1roco<br \/>\n17\/01\/1979 &#8211; Curitibanos, SC, guardi\u00e3o e p\u00e1roco<br \/>\n09\/01\/2002 &#8211; Balne\u00e1rio Cambori\u00fa, SC, vig\u00e1rio paroquial<br \/>\n07\/11\/2004 &#8211; Florian\u00f3polis, SC, atendente conventual<br \/>\n14\/12\/2011 &#8211; Florian\u00f3polis, vig\u00e1rio paroquial<br \/>\n21\/12\/2019 &#8211; Florian\u00f3polis, tratamento<\/p>\n<p><strong>O Frade Menor<\/strong><\/p>\n<p>Frei Eliseu Tambosi nasceu em Rodeio, no dia 24 de dezembro de 1926. Era o oitavo filho de doze (9 homens e 3 mulheres) do casal Am\u00e1lia Manfrini e Ant\u00f4nio Tambosi, agricultores na localidade de S\u00e3o Vig\u00edlio e profundamente religiosos como dizia Frei Eliseu: &#8220;O interesse m\u00e1ximo de meus pais era formar os filhos no esp\u00edrito crist\u00e3o&#8221;. Essa religiosidade deu frutos na fam\u00edlia: quando ingressou no semin\u00e1rio de Rio Negro (1938), tinha outros irm\u00e3os estudando, entre eles Frei Valentim e dois tios padres, al\u00e9m de uma irm\u00e3 religiosa.<\/p>\n<p>No seu trabalho de evangeliza\u00e7\u00e3o, destaque para 35 anos de atividades em Curitibanos, alternando as fun\u00e7\u00f5es de guardi\u00e3o, vig\u00e1rio e diretor da Funda\u00e7\u00e3o Frei Rog\u00e9rio com as R\u00e1dios AM e FM. Foi ele que fundou a R\u00e1dio FM. Uma das grandes obras de Frei Eliseu tamb\u00e9m foi o Centro Comunit\u00e1rio, tido como o maior do Planalto Catarinense e que atendia as diversas pastorais, encontros e retiros.<\/p>\n<p>Devoto de Nossa Senhora, Frei Eliseu procurou viver como franciscano a &#8220;li\u00e7\u00e3o de Francisco de Assis&#8221;: seguir Jesus Cristo e o Santo Evangelho e preg\u00e1-lo a todos os povos.<\/p>\n<p>O Ministro Provincial, Frei Fid\u00eancio Vanboemmel, manifestou seu pesar em nome de toda a Prov\u00edncia da Imaculada Concei\u00e7\u00e3o e agradeceu \u00e0 Fraternidade pelos cuidados a Frei Eliseu: &#8220;O nosso agradecimento particular aos Confrades da Fraternidade Santo Ant\u00f4nio de Florian\u00f3polis pelos cuidados dispensados em favor do Frei Eliseu Tambosi que, nos \u00faltimos anos, necessitou maior aten\u00e7\u00e3o. Este mesmo agradecimento se estende \u00e0 OFS e a toda equipe do Lar S\u00e3o Francisco, de Florian\u00f3polis, que cuidou para que Frei Eliseu tivesse o calor humano e o necess\u00e1rio conforto para acolher nesta madrugada a visita da Irm\u00e3 Morte&#8221;.<\/p>\n<p>R.I.P<\/p>\n","protected":false},"excerpt":{"rendered":"<p>Prov\u00edncia em luto<\/p>\n","protected":false},"author":3,"featured_media":234512,"comment_status":"open","ping_status":"open","sticky":false,"template":"","format":"standard","meta":[],"categories":[1],"tags":[1160],"acf":[],"yoast_head":"<!-- This site is optimized with the Yoast SEO plugin v19.2 - https:\/\/yoast.com\/wordpress\/plugins\/seo\/ -->\n<title>Aos 96 anos, falece Frei Eliseu Tambosi em Florian\u00f3polis - Not\u00edcias - Franciscanos<\/title>\n<meta name=\"robots\" content=\"index, follow, max-snippet:-1, max-image-preview:large, max-video-preview:-1\" \/>\n<link rel=\"canonical\" href=\"https:\/\/franciscanos.org.br\/noticias\/aos-96-anos-falece-frei-eliseu-tambosi-em-florianopolis.html\" \/>\n<meta property=\"og:locale\" content=\"pt_BR\" \/>\n<meta property=\"og:type\" content=\"article\" \/>\n<meta property=\"og:title\" content=\"Aos 96 anos, falece Frei Eliseu Tambosi em Florian\u00f3polis - Not\u00edcias - Franciscanos\" \/>\n<meta property=\"og:description\" content=\"Prov\u00edncia em luto\" \/>\n<meta property=\"og:url\" content=\"https:\/\/franciscanos.org.br\/noticias\/aos-96-anos-falece-frei-eliseu-tambosi-em-florianopolis.html\" \/>\n<meta property=\"og:site_name\" content=\"Not\u00edcias - Franciscanos\" \/>\n<meta property=\"article:published_time\" content=\"2021-10-01T13:48:34+00:00\" \/>\n<meta property=\"article:modified_time\" content=\"2021-10-01T15:34:04+00:00\" \/>\n<meta property=\"og:image\" content=\"https:\/\/franciscanos.org.br\/noticias\/wp-content\/uploads\/2021\/10\/eliseu_011021d.png\" \/>\n\t<meta property=\"og:image:width\" content=\"800\" \/>\n\t<meta property=\"og:image:height\" content=\"550\" \/>\n\t<meta property=\"og:image:type\" content=\"image\/png\" \/>\n<meta name=\"author\" content=\"moacir\" \/>\n<meta name=\"twitter:card\" content=\"summary_large_image\" \/>\n<meta name=\"twitter:label1\" content=\"Escrito por\" \/>\n\t<meta name=\"twitter:data1\" content=\"moacir\" \/>\n\t<meta name=\"twitter:label2\" content=\"Est. tempo de leitura\" \/>\n\t<meta name=\"twitter:data2\" content=\"4 minutos\" \/>\n<script type=\"application\/ld+json\" class=\"yoast-schema-graph\">{\"@context\":\"https:\/\/schema.org\",\"@graph\":[{\"@type\":\"WebSite\",\"@id\":\"https:\/\/franciscanos.org.br\/noticias\/#website\",\"url\":\"https:\/\/franciscanos.org.br\/noticias\/\",\"name\":\"Not\u00edcias - Franciscanos\",\"description\":\"Prov\u00edncia Franciscana da Imaculada Concei\u00e7\u00e3o do Brasil - Ordem dos Frades Menores - OFM\",\"potentialAction\":[{\"@type\":\"SearchAction\",\"target\":{\"@type\":\"EntryPoint\",\"urlTemplate\":\"https:\/\/franciscanos.org.br\/noticias\/?s={search_term_string}\"},\"query-input\":\"required name=search_term_string\"}],\"inLanguage\":\"pt-BR\"},{\"@type\":\"ImageObject\",\"inLanguage\":\"pt-BR\",\"@id\":\"https:\/\/franciscanos.org.br\/noticias\/aos-96-anos-falece-frei-eliseu-tambosi-em-florianopolis.html#primaryimage\",\"url\":\"https:\/\/franciscanos.org.br\/noticias\/wp-content\/uploads\/2021\/10\/eliseu_011021d.png\",\"contentUrl\":\"https:\/\/franciscanos.org.br\/noticias\/wp-content\/uploads\/2021\/10\/eliseu_011021d.png\",\"width\":800,\"height\":550},{\"@type\":\"WebPage\",\"@id\":\"https:\/\/franciscanos.org.br\/noticias\/aos-96-anos-falece-frei-eliseu-tambosi-em-florianopolis.html#webpage\",\"url\":\"https:\/\/franciscanos.org.br\/noticias\/aos-96-anos-falece-frei-eliseu-tambosi-em-florianopolis.html\",\"name\":\"Aos 96 anos, falece Frei Eliseu Tambosi em Florian\u00f3polis - Not\u00edcias - Franciscanos\",\"isPartOf\":{\"@id\":\"https:\/\/franciscanos.org.br\/noticias\/#website\"},\"primaryImageOfPage\":{\"@id\":\"https:\/\/franciscanos.org.br\/noticias\/aos-96-anos-falece-frei-eliseu-tambosi-em-florianopolis.html#primaryimage\"},\"datePublished\":\"2021-10-01T13:48:34+00:00\",\"dateModified\":\"2021-10-01T15:34:04+00:00\",\"author\":{\"@id\":\"https:\/\/franciscanos.org.br\/noticias\/#\/schema\/person\/b5c8cba458c330ccff548b056e95a5d4\"},\"breadcrumb\":{\"@id\":\"https:\/\/franciscanos.org.br\/noticias\/aos-96-anos-falece-frei-eliseu-tambosi-em-florianopolis.html#breadcrumb\"},\"inLanguage\":\"pt-BR\",\"potentialAction\":[{\"@type\":\"ReadAction\",\"target\":[\"https:\/\/franciscanos.org.br\/noticias\/aos-96-anos-falece-frei-eliseu-tambosi-em-florianopolis.html\"]}]},{\"@type\":\"BreadcrumbList\",\"@id\":\"https:\/\/franciscanos.org.br\/noticias\/aos-96-anos-falece-frei-eliseu-tambosi-em-florianopolis.html#breadcrumb\",\"itemListElement\":[{\"@type\":\"ListItem\",\"position\":1,\"name\":\"Home\",\"item\":\"https:\/\/franciscanos.org.br\/noticias\"},{\"@type\":\"ListItem\",\"position\":2,\"name\":\"Aos 96 anos, falece Frei Eliseu Tambosi em Florian\u00f3polis\"}]},{\"@type\":\"Person\",\"@id\":\"https:\/\/franciscanos.org.br\/noticias\/#\/schema\/person\/b5c8cba458c330ccff548b056e95a5d4\",\"name\":\"moacir\",\"image\":{\"@type\":\"ImageObject\",\"inLanguage\":\"pt-BR\",\"@id\":\"https:\/\/franciscanos.org.br\/noticias\/#\/schema\/person\/image\/\",\"url\":\"https:\/\/secure.gravatar.com\/avatar\/d08aa2ce4c8dd416d4479aa8536fcf64?s=96&d=mm&r=g\",\"contentUrl\":\"https:\/\/secure.gravatar.com\/avatar\/d08aa2ce4c8dd416d4479aa8536fcf64?s=96&d=mm&r=g\",\"caption\":\"moacir\"},\"url\":\"https:\/\/franciscanos.org.br\/noticias\/author\/moacir\"}]}<\/script>\n<!-- \/ Yoast SEO plugin. -->","yoast_head_json":{"title":"Aos 96 anos, falece Frei Eliseu Tambosi em Florian\u00f3polis - Not\u00edcias - Franciscanos","robots":{"index":"index","follow":"follow","max-snippet":"max-snippet:-1","max-image-preview":"max-image-preview:large","max-video-preview":"max-video-preview:-1"},"canonical":"https:\/\/franciscanos.org.br\/noticias\/aos-96-anos-falece-frei-eliseu-tambosi-em-florianopolis.html","og_locale":"pt_BR","og_type":"article","og_title":"Aos 96 anos, falece Frei Eliseu Tambosi em Florian\u00f3polis - Not\u00edcias - Franciscanos","og_description":"Prov\u00edncia em luto","og_url":"https:\/\/franciscanos.org.br\/noticias\/aos-96-anos-falece-frei-eliseu-tambosi-em-florianopolis.html","og_site_name":"Not\u00edcias - Franciscanos","article_published_time":"2021-10-01T13:48:34+00:00","article_modified_time":"2021-10-01T15:34:04+00:00","og_image":[{"width":800,"height":550,"url":"https:\/\/franciscanos.org.br\/noticias\/wp-content\/uploads\/2021\/10\/eliseu_011021d.png","type":"image\/png"}],"author":"moacir","twitter_card":"summary_large_image","twitter_misc":{"Escrito por":"moacir","Est. tempo de leitura":"4 minutos"},"schema":{"@context":"https:\/\/schema.org","@graph":[{"@type":"WebSite","@id":"https:\/\/franciscanos.org.br\/noticias\/#website","url":"https:\/\/franciscanos.org.br\/noticias\/","name":"Not\u00edcias - Franciscanos","description":"Prov\u00edncia Franciscana da Imaculada Concei\u00e7\u00e3o do Brasil - Ordem dos Frades Menores - OFM","potentialAction":[{"@type":"SearchAction","target":{"@type":"EntryPoint","urlTemplate":"https:\/\/franciscanos.org.br\/noticias\/?s={search_term_string}"},"query-input":"required name=search_term_string"}],"inLanguage":"pt-BR"},{"@type":"ImageObject","inLanguage":"pt-BR","@id":"https:\/\/franciscanos.org.br\/noticias\/aos-96-anos-falece-frei-eliseu-tambosi-em-florianopolis.html#primaryimage","url":"https:\/\/franciscanos.org.br\/noticias\/wp-content\/uploads\/2021\/10\/eliseu_011021d.png","contentUrl":"https:\/\/franciscanos.org.br\/noticias\/wp-content\/uploads\/2021\/10\/eliseu_011021d.png","width":800,"height":550},{"@type":"WebPage","@id":"https:\/\/franciscanos.org.br\/noticias\/aos-96-anos-falece-frei-eliseu-tambosi-em-florianopolis.html#webpage","url":"https:\/\/franciscanos.org.br\/noticias\/aos-96-anos-falece-frei-eliseu-tambosi-em-florianopolis.html","name":"Aos 96 anos, falece Frei Eliseu Tambosi em Florian\u00f3polis - Not\u00edcias - Franciscanos","isPartOf":{"@id":"https:\/\/franciscanos.org.br\/noticias\/#website"},"primaryImageOfPage":{"@id":"https:\/\/franciscanos.org.br\/noticias\/aos-96-anos-falece-frei-eliseu-tambosi-em-florianopolis.html#primaryimage"},"datePublished":"2021-10-01T13:48:34+00:00","dateModified":"2021-10-01T15:34:04+00:00","author":{"@id":"https:\/\/franciscanos.org.br\/noticias\/#\/schema\/person\/b5c8cba458c330ccff548b056e95a5d4"},"breadcrumb":{"@id":"https:\/\/franciscanos.org.br\/noticias\/aos-96-anos-falece-frei-eliseu-tambosi-em-florianopolis.html#breadcrumb"},"inLanguage":"pt-BR","potentialAction":[{"@type":"ReadAction","target":["https:\/\/franciscanos.org.br\/noticias\/aos-96-anos-falece-frei-eliseu-tambosi-em-florianopolis.html"]}]},{"@type":"BreadcrumbList","@id":"https:\/\/franciscanos.org.br\/noticias\/aos-96-anos-falece-frei-eliseu-tambosi-em-florianopolis.html#breadcrumb","itemListElement":[{"@type":"ListItem","position":1,"name":"Home","item":"https:\/\/franciscanos.org.br\/noticias"},{"@type":"ListItem","position":2,"name":"Aos 96 anos, falece Frei Eliseu Tambosi em Florian\u00f3polis"}]},{"@type":"Person","@id":"https:\/\/franciscanos.org.br\/noticias\/#\/schema\/person\/b5c8cba458c330ccff548b056e95a5d4","name":"moacir","image":{"@type":"ImageObject","inLanguage":"pt-BR","@id":"https:\/\/franciscanos.org.br\/noticias\/#\/schema\/person\/image\/","url":"https:\/\/secure.gravatar.com\/avatar\/d08aa2ce4c8dd416d4479aa8536fcf64?s=96&d=mm&r=g","contentUrl":"https:\/\/secure.gravatar.com\/avatar\/d08aa2ce4c8dd416d4479aa8536fcf64?s=96&d=mm&r=g","caption":"moacir"},"url":"https:\/\/franciscanos.org.br\/noticias\/author\/moacir"}]}},"_links":{"self":[{"href":"https:\/\/franciscanos.org.br\/noticias\/wp-json\/wp\/v2\/posts\/234510"}],"collection":[{"href":"https:\/\/franciscanos.org.br\/noticias\/wp-json\/wp\/v2\/posts"}],"about":[{"href":"https:\/\/franciscanos.org.br\/noticias\/wp-json\/wp\/v2\/types\/post"}],"author":[{"embeddable":true,"href":"https:\/\/franciscanos.org.br\/noticias\/wp-json\/wp\/v2\/users\/3"}],"replies":[{"embeddable":true,"href":"https:\/\/franciscanos.org.br\/noticias\/wp-json\/wp\/v2\/comments?post=234510"}],"version-history":[{"count":5,"href":"https:\/\/franciscanos.org.br\/noticias\/wp-json\/wp\/v2\/posts\/234510\/revisions"}],"predecessor-version":[{"id":234518,"href":"https:\/\/franciscanos.org.br\/noticias\/wp-json\/wp\/v2\/posts\/234510\/revisions\/234518"}],"wp:featuredmedia":[{"embeddable":true,"href":"https:\/\/franciscanos.org.br\/noticias\/wp-json\/wp\/v2\/media\/234512"}],"wp:attachment":[{"href":"https:\/\/franciscanos.org.br\/noticias\/wp-json\/wp\/v2\/media?parent=234510"}],"wp:term":[{"taxonomy":"category","embeddable":true,"href":"https:\/\/franciscanos.org.br\/noticias\/wp-json\/wp\/v2\/categories?post=234510"},{"taxonomy":"post_tag","embeddable":true,"href":"https:\/\/franciscanos.org.br\/noticias\/wp-json\/wp\/v2\/tags?post=234510"}],"curies":[{"name":"wp","href":"https:\/\/api.w.org\/{rel}","templated":true}]}}