{"id":234505,"date":"2021-10-01T07:21:16","date_gmt":"2021-10-01T10:21:16","guid":{"rendered":"https:\/\/franciscanos.org.br\/noticias\/?p=234505"},"modified":"2021-10-01T07:21:16","modified_gmt":"2021-10-01T10:21:16","slug":"outubro-rosa-tem-missa-de-abertura-no-convento-da-penha","status":"publish","type":"post","link":"https:\/\/franciscanos.org.br\/noticias\/outubro-rosa-tem-missa-de-abertura-no-convento-da-penha.html","title":{"rendered":"&#8220;Outubro Rosa&#8221; tem Missa de abertura no Convento da Penha"},"content":{"rendered":"<p><img loading=\"lazy\" class=\"alignleft wp-image-234506 size-full\" src=\"https:\/\/franciscanos.org.br\/noticias\/wp-content\/uploads\/2021\/10\/penha_011021.jpg\" alt=\"\" width=\"1200\" height=\"806\" srcset=\"https:\/\/franciscanos.org.br\/noticias\/wp-content\/uploads\/2021\/10\/penha_011021.jpg 1200w, https:\/\/franciscanos.org.br\/noticias\/wp-content\/uploads\/2021\/10\/penha_011021-450x302.jpg 450w, https:\/\/franciscanos.org.br\/noticias\/wp-content\/uploads\/2021\/10\/penha_011021-1024x688.jpg 1024w, https:\/\/franciscanos.org.br\/noticias\/wp-content\/uploads\/2021\/10\/penha_011021-768x516.jpg 768w, https:\/\/franciscanos.org.br\/noticias\/wp-content\/uploads\/2021\/10\/penha_011021-150x101.jpg 150w\" sizes=\"(max-width: 1200px) 100vw, 1200px\" \/><\/p>\n<p>O Convento da Penha, em parceria com a Associa\u00e7\u00e3o Feminina de Educa\u00e7\u00e3o e Combate ao C\u00e2ncer (Afecc) e com a Prefeitura Municipal de Vila Velha, vai promover neste s\u00e1bado, dia 2 de outubro, a tradicional Missa de Abertura da Campanha &#8220;Outubro Rosa&#8221; e uma a\u00e7\u00e3o de sa\u00fade com diversos atendimentos. O evento ser\u00e1 realizado no Campinho do Convento, a partir das 8h40.<\/p>\n<p>Profissionais da Prefeitura de Vila Velha, por meio da Secretaria Municipal de Sa\u00fade, v\u00e3o realizar servi\u00e7os como marca\u00e7\u00e3o de mamografia, verifica\u00e7\u00e3o de glicemia, aferi\u00e7\u00e3o de press\u00e3o, avalia\u00e7\u00e3o nutricional e vacina\u00e7\u00e3o contra Influenza H1N1, al\u00e9m de orienta\u00e7\u00f5es sobre o cuidado com a sa\u00fade da mulher. O prefeito de Vila Velha, Arnaldinho Borgo, e a secret\u00e1ria municipal de sa\u00fade, C\u00e1tia Lisboa, tamb\u00e9m estar\u00e3o presentes.<\/p>\n<p>Diretores e representantes da Afecc e do Hospital Santa Rita de C\u00e1ssia ir\u00e3o participar da Missa. A Afecc \u00e9 a mantenedora do Hospital Santa Rita, refer\u00eancia em tratamento de c\u00e2ncer no Esp\u00edrito Santo. Em 2019, o Hospital registrou 727 novos casos de c\u00e2ncer de mama, e, em 2020, mais 770 casos novos, um aumento de 43 casos. Apesar desse aumento, acredita-se que a pandemia retardou a detec\u00e7\u00e3o e que, possivelmente, um n\u00famero maior ser\u00e1 registrado no per\u00edodo p\u00f3s-pandemia.<\/p>\n<p><img loading=\"lazy\" class=\"alignleft wp-image-234507 size-full\" src=\"https:\/\/franciscanos.org.br\/noticias\/wp-content\/uploads\/2021\/10\/convento_0110d.jpg\" alt=\"\" width=\"1200\" height=\"800\" srcset=\"https:\/\/franciscanos.org.br\/noticias\/wp-content\/uploads\/2021\/10\/convento_0110d.jpg 1200w, https:\/\/franciscanos.org.br\/noticias\/wp-content\/uploads\/2021\/10\/convento_0110d-450x300.jpg 450w, https:\/\/franciscanos.org.br\/noticias\/wp-content\/uploads\/2021\/10\/convento_0110d-1024x683.jpg 1024w, https:\/\/franciscanos.org.br\/noticias\/wp-content\/uploads\/2021\/10\/convento_0110d-768x512.jpg 768w, https:\/\/franciscanos.org.br\/noticias\/wp-content\/uploads\/2021\/10\/convento_0110d-150x100.jpg 150w\" sizes=\"(max-width: 1200px) 100vw, 1200px\" \/><\/p>\n<p>O Outubro Rosa 2021 vem para fortalecer o alerta: a preven\u00e7\u00e3o \u00e9 essencial. O motivo, explica a coordenadora do movimento no Esp\u00edrito Santo e Presidente da Afecc, Marilucia Dalla, \u00e9 de &#8220;incentivar as pessoas a fazerem suas consultas e exames m\u00e9dicos preventivos, independentemente da pandemia&#8221;.<\/p>\n<p>&#8220;As mulheres sempre sobem ao Convento suplicando a b\u00ean\u00e7\u00e3o de Deus e a prote\u00e7\u00e3o da Virgem da Penha para que seja fecundo o esfor\u00e7o da Campanha que tem entre seus objetivos a difus\u00e3o da compreens\u00e3o que a preven\u00e7\u00e3o, o diagn\u00f3stico e cuidado precoces s\u00e3o os maiores aliados na luta contra todo tipo de c\u00e2ncer&#8221;, explica o guardi\u00e3o do Convento, Frei Paulo Pereira.<\/p>\n<p>O Convento da Penha tamb\u00e9m aderiu a campanha de conscientiza\u00e7\u00e3o por meio da ilumina\u00e7\u00e3o do monumento na cor rosa. Todos os dias, a cada hora (18h, 19h, 20h, 21h, 22h, 23h) as paredes laterais do Convento recebem, durante 5 minutos, a ilumina\u00e7\u00e3o c\u00eanica rosa. O objetivo \u00e9 alertar e chamar aten\u00e7\u00e3o do p\u00fablico, especialmente as mulheres, para a import\u00e2ncia do diagn\u00f3stico precoce e um tratamento adequado.<\/p>\n<hr \/>\n<p><em>Cristian Oliveira, Assessoria de Comunica\u00e7\u00e3o do Convento<\/em><\/p>\n","protected":false},"excerpt":{"rendered":"<p>Convento da Penha<\/p>\n","protected":false},"author":3,"featured_media":234506,"comment_status":"open","ping_status":"open","sticky":false,"template":"","format":"standard","meta":[],"categories":[1],"tags":[248,1911],"acf":[],"yoast_head":"<!-- This site is optimized with the Yoast SEO plugin v19.2 - https:\/\/yoast.com\/wordpress\/plugins\/seo\/ -->\n<title>&quot;Outubro Rosa&quot; tem Missa de abertura no Convento da Penha - Not\u00edcias - Franciscanos<\/title>\n<meta name=\"robots\" content=\"index, follow, max-snippet:-1, max-image-preview:large, max-video-preview:-1\" \/>\n<link rel=\"canonical\" href=\"https:\/\/franciscanos.org.br\/noticias\/outubro-rosa-tem-missa-de-abertura-no-convento-da-penha.html\" \/>\n<meta property=\"og:locale\" content=\"pt_BR\" \/>\n<meta property=\"og:type\" content=\"article\" \/>\n<meta property=\"og:title\" content=\"&quot;Outubro Rosa&quot; tem Missa de abertura no Convento da Penha - Not\u00edcias - Franciscanos\" \/>\n<meta property=\"og:description\" content=\"Convento da Penha\" \/>\n<meta property=\"og:url\" content=\"https:\/\/franciscanos.org.br\/noticias\/outubro-rosa-tem-missa-de-abertura-no-convento-da-penha.html\" \/>\n<meta property=\"og:site_name\" content=\"Not\u00edcias - Franciscanos\" \/>\n<meta property=\"article:published_time\" content=\"2021-10-01T10:21:16+00:00\" \/>\n<meta property=\"og:image\" content=\"https:\/\/franciscanos.org.br\/noticias\/wp-content\/uploads\/2021\/10\/penha_011021.jpg\" \/>\n\t<meta property=\"og:image:width\" content=\"1200\" \/>\n\t<meta property=\"og:image:height\" content=\"806\" \/>\n\t<meta property=\"og:image:type\" content=\"image\/jpeg\" \/>\n<meta name=\"author\" content=\"moacir\" \/>\n<meta name=\"twitter:card\" content=\"summary_large_image\" \/>\n<meta name=\"twitter:label1\" content=\"Escrito por\" \/>\n\t<meta name=\"twitter:data1\" content=\"moacir\" \/>\n\t<meta name=\"twitter:label2\" content=\"Est. tempo de leitura\" \/>\n\t<meta name=\"twitter:data2\" content=\"2 minutos\" \/>\n<script type=\"application\/ld+json\" class=\"yoast-schema-graph\">{\"@context\":\"https:\/\/schema.org\",\"@graph\":[{\"@type\":\"WebSite\",\"@id\":\"https:\/\/franciscanos.org.br\/noticias\/#website\",\"url\":\"https:\/\/franciscanos.org.br\/noticias\/\",\"name\":\"Not\u00edcias - Franciscanos\",\"description\":\"Prov\u00edncia Franciscana da Imaculada Concei\u00e7\u00e3o do Brasil - Ordem dos Frades Menores - OFM\",\"potentialAction\":[{\"@type\":\"SearchAction\",\"target\":{\"@type\":\"EntryPoint\",\"urlTemplate\":\"https:\/\/franciscanos.org.br\/noticias\/?s={search_term_string}\"},\"query-input\":\"required name=search_term_string\"}],\"inLanguage\":\"pt-BR\"},{\"@type\":\"ImageObject\",\"inLanguage\":\"pt-BR\",\"@id\":\"https:\/\/franciscanos.org.br\/noticias\/outubro-rosa-tem-missa-de-abertura-no-convento-da-penha.html#primaryimage\",\"url\":\"https:\/\/franciscanos.org.br\/noticias\/wp-content\/uploads\/2021\/10\/penha_011021.jpg\",\"contentUrl\":\"https:\/\/franciscanos.org.br\/noticias\/wp-content\/uploads\/2021\/10\/penha_011021.jpg\",\"width\":1200,\"height\":806},{\"@type\":\"WebPage\",\"@id\":\"https:\/\/franciscanos.org.br\/noticias\/outubro-rosa-tem-missa-de-abertura-no-convento-da-penha.html#webpage\",\"url\":\"https:\/\/franciscanos.org.br\/noticias\/outubro-rosa-tem-missa-de-abertura-no-convento-da-penha.html\",\"name\":\"\\\"Outubro Rosa\\\" tem Missa de abertura no Convento da Penha - Not\u00edcias - Franciscanos\",\"isPartOf\":{\"@id\":\"https:\/\/franciscanos.org.br\/noticias\/#website\"},\"primaryImageOfPage\":{\"@id\":\"https:\/\/franciscanos.org.br\/noticias\/outubro-rosa-tem-missa-de-abertura-no-convento-da-penha.html#primaryimage\"},\"datePublished\":\"2021-10-01T10:21:16+00:00\",\"dateModified\":\"2021-10-01T10:21:16+00:00\",\"author\":{\"@id\":\"https:\/\/franciscanos.org.br\/noticias\/#\/schema\/person\/b5c8cba458c330ccff548b056e95a5d4\"},\"breadcrumb\":{\"@id\":\"https:\/\/franciscanos.org.br\/noticias\/outubro-rosa-tem-missa-de-abertura-no-convento-da-penha.html#breadcrumb\"},\"inLanguage\":\"pt-BR\",\"potentialAction\":[{\"@type\":\"ReadAction\",\"target\":[\"https:\/\/franciscanos.org.br\/noticias\/outubro-rosa-tem-missa-de-abertura-no-convento-da-penha.html\"]}]},{\"@type\":\"BreadcrumbList\",\"@id\":\"https:\/\/franciscanos.org.br\/noticias\/outubro-rosa-tem-missa-de-abertura-no-convento-da-penha.html#breadcrumb\",\"itemListElement\":[{\"@type\":\"ListItem\",\"position\":1,\"name\":\"Home\",\"item\":\"https:\/\/franciscanos.org.br\/noticias\"},{\"@type\":\"ListItem\",\"position\":2,\"name\":\"&#8220;Outubro Rosa&#8221; tem Missa de abertura no Convento da Penha\"}]},{\"@type\":\"Person\",\"@id\":\"https:\/\/franciscanos.org.br\/noticias\/#\/schema\/person\/b5c8cba458c330ccff548b056e95a5d4\",\"name\":\"moacir\",\"image\":{\"@type\":\"ImageObject\",\"inLanguage\":\"pt-BR\",\"@id\":\"https:\/\/franciscanos.org.br\/noticias\/#\/schema\/person\/image\/\",\"url\":\"https:\/\/secure.gravatar.com\/avatar\/d08aa2ce4c8dd416d4479aa8536fcf64?s=96&d=mm&r=g\",\"contentUrl\":\"https:\/\/secure.gravatar.com\/avatar\/d08aa2ce4c8dd416d4479aa8536fcf64?s=96&d=mm&r=g\",\"caption\":\"moacir\"},\"url\":\"https:\/\/franciscanos.org.br\/noticias\/author\/moacir\"}]}<\/script>\n<!-- \/ Yoast SEO plugin. -->","yoast_head_json":{"title":"\"Outubro Rosa\" tem Missa de abertura no Convento da Penha - Not\u00edcias - Franciscanos","robots":{"index":"index","follow":"follow","max-snippet":"max-snippet:-1","max-image-preview":"max-image-preview:large","max-video-preview":"max-video-preview:-1"},"canonical":"https:\/\/franciscanos.org.br\/noticias\/outubro-rosa-tem-missa-de-abertura-no-convento-da-penha.html","og_locale":"pt_BR","og_type":"article","og_title":"\"Outubro Rosa\" tem Missa de abertura no Convento da Penha - Not\u00edcias - Franciscanos","og_description":"Convento da Penha","og_url":"https:\/\/franciscanos.org.br\/noticias\/outubro-rosa-tem-missa-de-abertura-no-convento-da-penha.html","og_site_name":"Not\u00edcias - Franciscanos","article_published_time":"2021-10-01T10:21:16+00:00","og_image":[{"width":1200,"height":806,"url":"https:\/\/franciscanos.org.br\/noticias\/wp-content\/uploads\/2021\/10\/penha_011021.jpg","type":"image\/jpeg"}],"author":"moacir","twitter_card":"summary_large_image","twitter_misc":{"Escrito por":"moacir","Est. tempo de leitura":"2 minutos"},"schema":{"@context":"https:\/\/schema.org","@graph":[{"@type":"WebSite","@id":"https:\/\/franciscanos.org.br\/noticias\/#website","url":"https:\/\/franciscanos.org.br\/noticias\/","name":"Not\u00edcias - Franciscanos","description":"Prov\u00edncia Franciscana da Imaculada Concei\u00e7\u00e3o do Brasil - Ordem dos Frades Menores - OFM","potentialAction":[{"@type":"SearchAction","target":{"@type":"EntryPoint","urlTemplate":"https:\/\/franciscanos.org.br\/noticias\/?s={search_term_string}"},"query-input":"required name=search_term_string"}],"inLanguage":"pt-BR"},{"@type":"ImageObject","inLanguage":"pt-BR","@id":"https:\/\/franciscanos.org.br\/noticias\/outubro-rosa-tem-missa-de-abertura-no-convento-da-penha.html#primaryimage","url":"https:\/\/franciscanos.org.br\/noticias\/wp-content\/uploads\/2021\/10\/penha_011021.jpg","contentUrl":"https:\/\/franciscanos.org.br\/noticias\/wp-content\/uploads\/2021\/10\/penha_011021.jpg","width":1200,"height":806},{"@type":"WebPage","@id":"https:\/\/franciscanos.org.br\/noticias\/outubro-rosa-tem-missa-de-abertura-no-convento-da-penha.html#webpage","url":"https:\/\/franciscanos.org.br\/noticias\/outubro-rosa-tem-missa-de-abertura-no-convento-da-penha.html","name":"\"Outubro Rosa\" tem Missa de abertura no Convento da Penha - Not\u00edcias - Franciscanos","isPartOf":{"@id":"https:\/\/franciscanos.org.br\/noticias\/#website"},"primaryImageOfPage":{"@id":"https:\/\/franciscanos.org.br\/noticias\/outubro-rosa-tem-missa-de-abertura-no-convento-da-penha.html#primaryimage"},"datePublished":"2021-10-01T10:21:16+00:00","dateModified":"2021-10-01T10:21:16+00:00","author":{"@id":"https:\/\/franciscanos.org.br\/noticias\/#\/schema\/person\/b5c8cba458c330ccff548b056e95a5d4"},"breadcrumb":{"@id":"https:\/\/franciscanos.org.br\/noticias\/outubro-rosa-tem-missa-de-abertura-no-convento-da-penha.html#breadcrumb"},"inLanguage":"pt-BR","potentialAction":[{"@type":"ReadAction","target":["https:\/\/franciscanos.org.br\/noticias\/outubro-rosa-tem-missa-de-abertura-no-convento-da-penha.html"]}]},{"@type":"BreadcrumbList","@id":"https:\/\/franciscanos.org.br\/noticias\/outubro-rosa-tem-missa-de-abertura-no-convento-da-penha.html#breadcrumb","itemListElement":[{"@type":"ListItem","position":1,"name":"Home","item":"https:\/\/franciscanos.org.br\/noticias"},{"@type":"ListItem","position":2,"name":"&#8220;Outubro Rosa&#8221; tem Missa de abertura no Convento da Penha"}]},{"@type":"Person","@id":"https:\/\/franciscanos.org.br\/noticias\/#\/schema\/person\/b5c8cba458c330ccff548b056e95a5d4","name":"moacir","image":{"@type":"ImageObject","inLanguage":"pt-BR","@id":"https:\/\/franciscanos.org.br\/noticias\/#\/schema\/person\/image\/","url":"https:\/\/secure.gravatar.com\/avatar\/d08aa2ce4c8dd416d4479aa8536fcf64?s=96&d=mm&r=g","contentUrl":"https:\/\/secure.gravatar.com\/avatar\/d08aa2ce4c8dd416d4479aa8536fcf64?s=96&d=mm&r=g","caption":"moacir"},"url":"https:\/\/franciscanos.org.br\/noticias\/author\/moacir"}]}},"_links":{"self":[{"href":"https:\/\/franciscanos.org.br\/noticias\/wp-json\/wp\/v2\/posts\/234505"}],"collection":[{"href":"https:\/\/franciscanos.org.br\/noticias\/wp-json\/wp\/v2\/posts"}],"about":[{"href":"https:\/\/franciscanos.org.br\/noticias\/wp-json\/wp\/v2\/types\/post"}],"author":[{"embeddable":true,"href":"https:\/\/franciscanos.org.br\/noticias\/wp-json\/wp\/v2\/users\/3"}],"replies":[{"embeddable":true,"href":"https:\/\/franciscanos.org.br\/noticias\/wp-json\/wp\/v2\/comments?post=234505"}],"version-history":[{"count":1,"href":"https:\/\/franciscanos.org.br\/noticias\/wp-json\/wp\/v2\/posts\/234505\/revisions"}],"predecessor-version":[{"id":234508,"href":"https:\/\/franciscanos.org.br\/noticias\/wp-json\/wp\/v2\/posts\/234505\/revisions\/234508"}],"wp:featuredmedia":[{"embeddable":true,"href":"https:\/\/franciscanos.org.br\/noticias\/wp-json\/wp\/v2\/media\/234506"}],"wp:attachment":[{"href":"https:\/\/franciscanos.org.br\/noticias\/wp-json\/wp\/v2\/media?parent=234505"}],"wp:term":[{"taxonomy":"category","embeddable":true,"href":"https:\/\/franciscanos.org.br\/noticias\/wp-json\/wp\/v2\/categories?post=234505"},{"taxonomy":"post_tag","embeddable":true,"href":"https:\/\/franciscanos.org.br\/noticias\/wp-json\/wp\/v2\/tags?post=234505"}],"curies":[{"name":"wp","href":"https:\/\/api.w.org\/{rel}","templated":true}]}}