{"id":234501,"date":"2021-10-01T07:06:08","date_gmt":"2021-10-01T10:06:08","guid":{"rendered":"https:\/\/franciscanos.org.br\/noticias\/?p=234501"},"modified":"2021-10-01T11:04:17","modified_gmt":"2021-10-01T14:04:17","slug":"vila-velha-celebra-a-padroeira-nossa-senhora-do-rosario-de-7-a-9-de-outubro","status":"publish","type":"post","link":"https:\/\/franciscanos.org.br\/noticias\/vila-velha-celebra-a-padroeira-nossa-senhora-do-rosario-de-7-a-9-de-outubro.html","title":{"rendered":"Vila Velha celebra a Padroeira Nossa Senhora do Ros\u00e1rio de 7 a 10 de outubro"},"content":{"rendered":"<p><img loading=\"lazy\" class=\"alignnone wp-image-234502 size-full\" src=\"https:\/\/franciscanos.org.br\/noticias\/wp-content\/uploads\/2021\/10\/rosario_0110.jpg\" alt=\"\" width=\"1080\" height=\"666\" srcset=\"https:\/\/franciscanos.org.br\/noticias\/wp-content\/uploads\/2021\/10\/rosario_0110.jpg 1080w, https:\/\/franciscanos.org.br\/noticias\/wp-content\/uploads\/2021\/10\/rosario_0110-450x278.jpg 450w, https:\/\/franciscanos.org.br\/noticias\/wp-content\/uploads\/2021\/10\/rosario_0110-1024x631.jpg 1024w, https:\/\/franciscanos.org.br\/noticias\/wp-content\/uploads\/2021\/10\/rosario_0110-768x474.jpg 768w, https:\/\/franciscanos.org.br\/noticias\/wp-content\/uploads\/2021\/10\/rosario_0110-150x93.jpg 150w\" sizes=\"(max-width: 1080px) 100vw, 1080px\" \/><\/p>\n<p>A cidade de Vila Velha, no Estado do Esp\u00edrito Santo, celebra a sua Padroeira, Nossa Senhora do Ros\u00e1rio, no dia 7 de outubro. Ela \u00e9 tamb\u00e9m a Padroeira da Par\u00f3quia da qual pertence o Santu\u00e1rio do Esp\u00edrito Santo dos Frades Franciscanos da Prov\u00edncia da Imaculada Concei\u00e7\u00e3o. Desta igrejinha, uma das mais antigas do Brasil, nasceram todas as demais igrejas da cidade. No final do s\u00e9culo XIX, a Igreja separou-se do Estado, criando o Bispado do Esp\u00edrito Santo. Surgiram, ent\u00e3o, as capelas de Barra do Jucu, Jaguarussu, Ponta da Fruta, Paul, Gl\u00f3ria, Ibes, S\u00e3o Torquato, Cobil\u00e2ndia, Boa Vista e Praia da Costa, entre outras.<\/p>\n<p>Seu registro como sede da Par\u00f3quia \u00e9 do s\u00e9culo XVIII. A pr\u00e1tica religiosa se resumia \u00e0 p\u00e1scoa anual, rezas, ladainhas prociss\u00f5es e catequese. Com a vinda de D. Pedro II, em 1860, foi determinado que arranjassem um padre para as celebra\u00e7\u00f5es.<\/p>\n<p><img loading=\"lazy\" class=\"alignleft size-full wp-image-234503\" src=\"https:\/\/franciscanos.org.br\/noticias\/wp-content\/uploads\/2021\/10\/igreja_0110.jpg\" alt=\"\" width=\"400\" height=\"261\" srcset=\"https:\/\/franciscanos.org.br\/noticias\/wp-content\/uploads\/2021\/10\/igreja_0110.jpg 400w, https:\/\/franciscanos.org.br\/noticias\/wp-content\/uploads\/2021\/10\/igreja_0110-150x98.jpg 150w\" sizes=\"(max-width: 400px) 100vw, 400px\" \/>O tema escolhido para este ano para celebrar a Padroeira \u00e9 inspirado na Ladainha Oficial de Nossa Senhora do Ros\u00e1rio, proposta pela Igreja Cat\u00f3lica, \u201cNossa Senhora do Ros\u00e1rio, rogai por n\u00f3s!\u201d. E, a cada dia, foi criado um subtema para nortear a celebra\u00e7\u00e3o, que complementa a ora\u00e7\u00e3o.<\/p>\n<p>A festa da Padroeira ser\u00e1 celebrada com um Tr\u00edduo, entre os dias 7 e 10 de outubro, na \u00e1rea externa da Igreja Matriz, para garantir a seguran\u00e7a de todos os presentes. De quinta a s\u00e1bado, as missas acontecer\u00e3o sempre \u00e0s 19 horas e, no domingo, dia em que ser\u00e1 celebrada a Solenidade, \u00e0s 18 horas.<\/p>\n<p>Em cada um dos dias, um segmento pastoral da Par\u00f3quia ser\u00e1 respons\u00e1vel pela celebra\u00e7\u00e3o que ter\u00e1 a participa\u00e7\u00e3o dos paroquianos das diversas comunidades e momentos especiais de devo\u00e7\u00e3o.<\/p>\n<p>Os frades da Fraternidade do Santu\u00e1rio Divino Esp\u00edrito presidir\u00e3o as celebra\u00e7\u00f5es e, no s\u00e1bado, dia 9, Dom Frei Dario Campos, OFM, arcebispo de Vit\u00f3ria, presidir\u00e1 o \u00faltimo dia do Tr\u00edduo juntamente com a juventude paroquial.<\/p>\n<p>Segundo a Pascom do Santu\u00e1rio, pede-se para levar a cadeira ou banquinho para maior conforto durante as celebra\u00e7\u00f5es. Caso as pessoas n\u00e3o possam participar presencialmente, todos os dias de festejos ser\u00e3o transmitidos ao vivo pelas redes sociais da Par\u00f3quia.<\/p>\n<p><strong>PROGRAMA<\/strong><\/p>\n<p>&#8211; Tema da Festa: Nossa Senhora do Ros\u00e1rio; Rogai Por N\u00f3s!<br \/>\n&#8211; Dia da Festa: 10 de Outubro, \u00e0s 18hs<\/p>\n<p>&#8211; Tr\u00edduo de prepara\u00e7\u00e3o: Dias 7,8 e 9 de outubro, sempre as 19hs.<br \/>\n&#8211; Tema do Tr\u00edduo e Equipes Respons\u00e1veis:<\/p>\n<p><strong>1\u00ba dia Tr\u00edduo &#8211; 19 horas:<\/strong><br \/>\nTema: Nossa Senhora do Ros\u00e1rio; Sa\u00fade dos enfermos<br \/>\nCelebrante: Frei Clar\u00eancio Neotti<br \/>\nEquipe Respons\u00e1vel: Pastoral Familiar (N\u00edvel paroquial)<\/p>\n<p><strong>2\u00ba dia Tr\u00edduo &#8211; 19 horas:<\/strong><br \/>\nTema: Nossa Senhora do Ros\u00e1rio; Consoladora dos aflitos<br \/>\nCelebrante: Frei Adriano Dias do Nascimento<br \/>\nEquipe Respons\u00e1veis: Catequeses (Infantil, Perseveran\u00e7a, Crisma e Adultos)<\/p>\n<p><strong>3\u00ba dia Tr\u00edduo &#8211; 19 horas:<\/strong><br \/>\nTema: Nossa Senhora do Ros\u00e1rio; Aux\u00edlio dos crist\u00e3os<br \/>\nCelebrante: Dom Dario Campos, OFM<br \/>\nEquipes respons\u00e1veis: Jovens (Todos os segmentos paroquial)<\/p>\n<p><strong>DIA DA PADROEIRA<\/strong><br \/>\nMissa Solene \u00e0s 18 horas<br \/>\nCelebrante: Frei Djalmo Fuck<\/p>\n<hr \/>\n<p><strong>Veja mais<\/strong>: <a href=\"https:\/\/paroquiadorosario.com\/\">https:\/\/paroquiadorosario.com\/<\/a><\/p>\n","protected":false},"excerpt":{"rendered":"<p>Par\u00f3quia Nossa Senhora do Ros\u00e1rio<\/p>\n","protected":false},"author":3,"featured_media":234502,"comment_status":"open","ping_status":"open","sticky":false,"template":"","format":"standard","meta":[],"categories":[1],"tags":[1889],"acf":[],"yoast_head":"<!-- This site is optimized with the Yoast SEO plugin v19.2 - https:\/\/yoast.com\/wordpress\/plugins\/seo\/ -->\n<title>Vila Velha celebra a Padroeira Nossa Senhora do Ros\u00e1rio de 7 a 10 de outubro - Not\u00edcias - Franciscanos<\/title>\n<meta name=\"robots\" content=\"index, follow, max-snippet:-1, max-image-preview:large, max-video-preview:-1\" \/>\n<link rel=\"canonical\" href=\"https:\/\/franciscanos.org.br\/noticias\/vila-velha-celebra-a-padroeira-nossa-senhora-do-rosario-de-7-a-9-de-outubro.html\" \/>\n<meta property=\"og:locale\" content=\"pt_BR\" \/>\n<meta property=\"og:type\" content=\"article\" \/>\n<meta property=\"og:title\" content=\"Vila Velha celebra a Padroeira Nossa Senhora do Ros\u00e1rio de 7 a 10 de outubro - Not\u00edcias - Franciscanos\" \/>\n<meta property=\"og:description\" content=\"Par\u00f3quia Nossa Senhora do Ros\u00e1rio\" \/>\n<meta property=\"og:url\" content=\"https:\/\/franciscanos.org.br\/noticias\/vila-velha-celebra-a-padroeira-nossa-senhora-do-rosario-de-7-a-9-de-outubro.html\" \/>\n<meta property=\"og:site_name\" content=\"Not\u00edcias - Franciscanos\" \/>\n<meta property=\"article:published_time\" content=\"2021-10-01T10:06:08+00:00\" \/>\n<meta property=\"article:modified_time\" content=\"2021-10-01T14:04:17+00:00\" \/>\n<meta property=\"og:image\" content=\"https:\/\/franciscanos.org.br\/noticias\/wp-content\/uploads\/2021\/10\/rosario_0110.jpg\" \/>\n\t<meta property=\"og:image:width\" content=\"1080\" \/>\n\t<meta property=\"og:image:height\" content=\"666\" \/>\n\t<meta property=\"og:image:type\" content=\"image\/jpeg\" \/>\n<meta name=\"author\" content=\"moacir\" \/>\n<meta name=\"twitter:card\" content=\"summary_large_image\" \/>\n<meta name=\"twitter:label1\" content=\"Escrito por\" \/>\n\t<meta name=\"twitter:data1\" content=\"moacir\" \/>\n\t<meta name=\"twitter:label2\" content=\"Est. tempo de leitura\" \/>\n\t<meta name=\"twitter:data2\" content=\"3 minutos\" \/>\n<script type=\"application\/ld+json\" class=\"yoast-schema-graph\">{\"@context\":\"https:\/\/schema.org\",\"@graph\":[{\"@type\":\"WebSite\",\"@id\":\"https:\/\/franciscanos.org.br\/noticias\/#website\",\"url\":\"https:\/\/franciscanos.org.br\/noticias\/\",\"name\":\"Not\u00edcias - Franciscanos\",\"description\":\"Prov\u00edncia Franciscana da Imaculada Concei\u00e7\u00e3o do Brasil - Ordem dos Frades Menores - OFM\",\"potentialAction\":[{\"@type\":\"SearchAction\",\"target\":{\"@type\":\"EntryPoint\",\"urlTemplate\":\"https:\/\/franciscanos.org.br\/noticias\/?s={search_term_string}\"},\"query-input\":\"required name=search_term_string\"}],\"inLanguage\":\"pt-BR\"},{\"@type\":\"ImageObject\",\"inLanguage\":\"pt-BR\",\"@id\":\"https:\/\/franciscanos.org.br\/noticias\/vila-velha-celebra-a-padroeira-nossa-senhora-do-rosario-de-7-a-9-de-outubro.html#primaryimage\",\"url\":\"https:\/\/franciscanos.org.br\/noticias\/wp-content\/uploads\/2021\/10\/rosario_0110.jpg\",\"contentUrl\":\"https:\/\/franciscanos.org.br\/noticias\/wp-content\/uploads\/2021\/10\/rosario_0110.jpg\",\"width\":1080,\"height\":666},{\"@type\":\"WebPage\",\"@id\":\"https:\/\/franciscanos.org.br\/noticias\/vila-velha-celebra-a-padroeira-nossa-senhora-do-rosario-de-7-a-9-de-outubro.html#webpage\",\"url\":\"https:\/\/franciscanos.org.br\/noticias\/vila-velha-celebra-a-padroeira-nossa-senhora-do-rosario-de-7-a-9-de-outubro.html\",\"name\":\"Vila Velha celebra a Padroeira Nossa Senhora do Ros\u00e1rio de 7 a 10 de outubro - Not\u00edcias - Franciscanos\",\"isPartOf\":{\"@id\":\"https:\/\/franciscanos.org.br\/noticias\/#website\"},\"primaryImageOfPage\":{\"@id\":\"https:\/\/franciscanos.org.br\/noticias\/vila-velha-celebra-a-padroeira-nossa-senhora-do-rosario-de-7-a-9-de-outubro.html#primaryimage\"},\"datePublished\":\"2021-10-01T10:06:08+00:00\",\"dateModified\":\"2021-10-01T14:04:17+00:00\",\"author\":{\"@id\":\"https:\/\/franciscanos.org.br\/noticias\/#\/schema\/person\/b5c8cba458c330ccff548b056e95a5d4\"},\"breadcrumb\":{\"@id\":\"https:\/\/franciscanos.org.br\/noticias\/vila-velha-celebra-a-padroeira-nossa-senhora-do-rosario-de-7-a-9-de-outubro.html#breadcrumb\"},\"inLanguage\":\"pt-BR\",\"potentialAction\":[{\"@type\":\"ReadAction\",\"target\":[\"https:\/\/franciscanos.org.br\/noticias\/vila-velha-celebra-a-padroeira-nossa-senhora-do-rosario-de-7-a-9-de-outubro.html\"]}]},{\"@type\":\"BreadcrumbList\",\"@id\":\"https:\/\/franciscanos.org.br\/noticias\/vila-velha-celebra-a-padroeira-nossa-senhora-do-rosario-de-7-a-9-de-outubro.html#breadcrumb\",\"itemListElement\":[{\"@type\":\"ListItem\",\"position\":1,\"name\":\"Home\",\"item\":\"https:\/\/franciscanos.org.br\/noticias\"},{\"@type\":\"ListItem\",\"position\":2,\"name\":\"Vila Velha celebra a Padroeira Nossa Senhora do Ros\u00e1rio de 7 a 10 de outubro\"}]},{\"@type\":\"Person\",\"@id\":\"https:\/\/franciscanos.org.br\/noticias\/#\/schema\/person\/b5c8cba458c330ccff548b056e95a5d4\",\"name\":\"moacir\",\"image\":{\"@type\":\"ImageObject\",\"inLanguage\":\"pt-BR\",\"@id\":\"https:\/\/franciscanos.org.br\/noticias\/#\/schema\/person\/image\/\",\"url\":\"https:\/\/secure.gravatar.com\/avatar\/d08aa2ce4c8dd416d4479aa8536fcf64?s=96&d=mm&r=g\",\"contentUrl\":\"https:\/\/secure.gravatar.com\/avatar\/d08aa2ce4c8dd416d4479aa8536fcf64?s=96&d=mm&r=g\",\"caption\":\"moacir\"},\"url\":\"https:\/\/franciscanos.org.br\/noticias\/author\/moacir\"}]}<\/script>\n<!-- \/ Yoast SEO plugin. -->","yoast_head_json":{"title":"Vila Velha celebra a Padroeira Nossa Senhora do Ros\u00e1rio de 7 a 10 de outubro - Not\u00edcias - Franciscanos","robots":{"index":"index","follow":"follow","max-snippet":"max-snippet:-1","max-image-preview":"max-image-preview:large","max-video-preview":"max-video-preview:-1"},"canonical":"https:\/\/franciscanos.org.br\/noticias\/vila-velha-celebra-a-padroeira-nossa-senhora-do-rosario-de-7-a-9-de-outubro.html","og_locale":"pt_BR","og_type":"article","og_title":"Vila Velha celebra a Padroeira Nossa Senhora do Ros\u00e1rio de 7 a 10 de outubro - Not\u00edcias - Franciscanos","og_description":"Par\u00f3quia Nossa Senhora do Ros\u00e1rio","og_url":"https:\/\/franciscanos.org.br\/noticias\/vila-velha-celebra-a-padroeira-nossa-senhora-do-rosario-de-7-a-9-de-outubro.html","og_site_name":"Not\u00edcias - Franciscanos","article_published_time":"2021-10-01T10:06:08+00:00","article_modified_time":"2021-10-01T14:04:17+00:00","og_image":[{"width":1080,"height":666,"url":"https:\/\/franciscanos.org.br\/noticias\/wp-content\/uploads\/2021\/10\/rosario_0110.jpg","type":"image\/jpeg"}],"author":"moacir","twitter_card":"summary_large_image","twitter_misc":{"Escrito por":"moacir","Est. tempo de leitura":"3 minutos"},"schema":{"@context":"https:\/\/schema.org","@graph":[{"@type":"WebSite","@id":"https:\/\/franciscanos.org.br\/noticias\/#website","url":"https:\/\/franciscanos.org.br\/noticias\/","name":"Not\u00edcias - Franciscanos","description":"Prov\u00edncia Franciscana da Imaculada Concei\u00e7\u00e3o do Brasil - Ordem dos Frades Menores - OFM","potentialAction":[{"@type":"SearchAction","target":{"@type":"EntryPoint","urlTemplate":"https:\/\/franciscanos.org.br\/noticias\/?s={search_term_string}"},"query-input":"required name=search_term_string"}],"inLanguage":"pt-BR"},{"@type":"ImageObject","inLanguage":"pt-BR","@id":"https:\/\/franciscanos.org.br\/noticias\/vila-velha-celebra-a-padroeira-nossa-senhora-do-rosario-de-7-a-9-de-outubro.html#primaryimage","url":"https:\/\/franciscanos.org.br\/noticias\/wp-content\/uploads\/2021\/10\/rosario_0110.jpg","contentUrl":"https:\/\/franciscanos.org.br\/noticias\/wp-content\/uploads\/2021\/10\/rosario_0110.jpg","width":1080,"height":666},{"@type":"WebPage","@id":"https:\/\/franciscanos.org.br\/noticias\/vila-velha-celebra-a-padroeira-nossa-senhora-do-rosario-de-7-a-9-de-outubro.html#webpage","url":"https:\/\/franciscanos.org.br\/noticias\/vila-velha-celebra-a-padroeira-nossa-senhora-do-rosario-de-7-a-9-de-outubro.html","name":"Vila Velha celebra a Padroeira Nossa Senhora do Ros\u00e1rio de 7 a 10 de outubro - Not\u00edcias - Franciscanos","isPartOf":{"@id":"https:\/\/franciscanos.org.br\/noticias\/#website"},"primaryImageOfPage":{"@id":"https:\/\/franciscanos.org.br\/noticias\/vila-velha-celebra-a-padroeira-nossa-senhora-do-rosario-de-7-a-9-de-outubro.html#primaryimage"},"datePublished":"2021-10-01T10:06:08+00:00","dateModified":"2021-10-01T14:04:17+00:00","author":{"@id":"https:\/\/franciscanos.org.br\/noticias\/#\/schema\/person\/b5c8cba458c330ccff548b056e95a5d4"},"breadcrumb":{"@id":"https:\/\/franciscanos.org.br\/noticias\/vila-velha-celebra-a-padroeira-nossa-senhora-do-rosario-de-7-a-9-de-outubro.html#breadcrumb"},"inLanguage":"pt-BR","potentialAction":[{"@type":"ReadAction","target":["https:\/\/franciscanos.org.br\/noticias\/vila-velha-celebra-a-padroeira-nossa-senhora-do-rosario-de-7-a-9-de-outubro.html"]}]},{"@type":"BreadcrumbList","@id":"https:\/\/franciscanos.org.br\/noticias\/vila-velha-celebra-a-padroeira-nossa-senhora-do-rosario-de-7-a-9-de-outubro.html#breadcrumb","itemListElement":[{"@type":"ListItem","position":1,"name":"Home","item":"https:\/\/franciscanos.org.br\/noticias"},{"@type":"ListItem","position":2,"name":"Vila Velha celebra a Padroeira Nossa Senhora do Ros\u00e1rio de 7 a 10 de outubro"}]},{"@type":"Person","@id":"https:\/\/franciscanos.org.br\/noticias\/#\/schema\/person\/b5c8cba458c330ccff548b056e95a5d4","name":"moacir","image":{"@type":"ImageObject","inLanguage":"pt-BR","@id":"https:\/\/franciscanos.org.br\/noticias\/#\/schema\/person\/image\/","url":"https:\/\/secure.gravatar.com\/avatar\/d08aa2ce4c8dd416d4479aa8536fcf64?s=96&d=mm&r=g","contentUrl":"https:\/\/secure.gravatar.com\/avatar\/d08aa2ce4c8dd416d4479aa8536fcf64?s=96&d=mm&r=g","caption":"moacir"},"url":"https:\/\/franciscanos.org.br\/noticias\/author\/moacir"}]}},"_links":{"self":[{"href":"https:\/\/franciscanos.org.br\/noticias\/wp-json\/wp\/v2\/posts\/234501"}],"collection":[{"href":"https:\/\/franciscanos.org.br\/noticias\/wp-json\/wp\/v2\/posts"}],"about":[{"href":"https:\/\/franciscanos.org.br\/noticias\/wp-json\/wp\/v2\/types\/post"}],"author":[{"embeddable":true,"href":"https:\/\/franciscanos.org.br\/noticias\/wp-json\/wp\/v2\/users\/3"}],"replies":[{"embeddable":true,"href":"https:\/\/franciscanos.org.br\/noticias\/wp-json\/wp\/v2\/comments?post=234501"}],"version-history":[{"count":2,"href":"https:\/\/franciscanos.org.br\/noticias\/wp-json\/wp\/v2\/posts\/234501\/revisions"}],"predecessor-version":[{"id":234516,"href":"https:\/\/franciscanos.org.br\/noticias\/wp-json\/wp\/v2\/posts\/234501\/revisions\/234516"}],"wp:featuredmedia":[{"embeddable":true,"href":"https:\/\/franciscanos.org.br\/noticias\/wp-json\/wp\/v2\/media\/234502"}],"wp:attachment":[{"href":"https:\/\/franciscanos.org.br\/noticias\/wp-json\/wp\/v2\/media?parent=234501"}],"wp:term":[{"taxonomy":"category","embeddable":true,"href":"https:\/\/franciscanos.org.br\/noticias\/wp-json\/wp\/v2\/categories?post=234501"},{"taxonomy":"post_tag","embeddable":true,"href":"https:\/\/franciscanos.org.br\/noticias\/wp-json\/wp\/v2\/tags?post=234501"}],"curies":[{"name":"wp","href":"https:\/\/api.w.org\/{rel}","templated":true}]}}