{"id":234494,"date":"2021-09-30T14:14:29","date_gmt":"2021-09-30T17:14:29","guid":{"rendered":"https:\/\/franciscanos.org.br\/noticias\/?p=234494"},"modified":"2021-09-30T15:01:16","modified_gmt":"2021-09-30T18:01:16","slug":"terceira-ordem-franciscana-realiza-pre-capitulo-celebrativo-nos-dias-1o-e-2-de-outubro","status":"publish","type":"post","link":"https:\/\/franciscanos.org.br\/noticias\/terceira-ordem-franciscana-realiza-pre-capitulo-celebrativo-nos-dias-1o-e-2-de-outubro.html","title":{"rendered":"Terceira Ordem Franciscana realiza Pr\u00e9-cap\u00edtulo Celebrativo nos dias 2 e 3 de outubro"},"content":{"rendered":"<p><img loading=\"lazy\" class=\"alignnone wp-image-234495 size-full\" src=\"https:\/\/franciscanos.org.br\/noticias\/wp-content\/uploads\/2021\/09\/capitulo_3009.jpg\" alt=\"\" width=\"1200\" height=\"705\" srcset=\"https:\/\/franciscanos.org.br\/noticias\/wp-content\/uploads\/2021\/09\/capitulo_3009.jpg 1200w, https:\/\/franciscanos.org.br\/noticias\/wp-content\/uploads\/2021\/09\/capitulo_3009-450x264.jpg 450w, https:\/\/franciscanos.org.br\/noticias\/wp-content\/uploads\/2021\/09\/capitulo_3009-1024x602.jpg 1024w, https:\/\/franciscanos.org.br\/noticias\/wp-content\/uploads\/2021\/09\/capitulo_3009-768x451.jpg 768w, https:\/\/franciscanos.org.br\/noticias\/wp-content\/uploads\/2021\/09\/capitulo_3009-150x88.jpg 150w\" sizes=\"(max-width: 1200px) 100vw, 1200px\" \/><\/p>\n<p>Nos dias 02 e 03 de outubro irm\u00e3s e irm\u00e3os da Terceira Ordem Regular (TOR), Ordem Franciscana Secular (OFS) e Juventude Franciscana (JUFRA) celebram o Pr\u00e9-cap\u00edtulo Celebrativo da Terceira Ordem Franciscana, para o qual se preparam com grande expectativa.<\/p>\n<p>Enquanto o encontro presencial em Canind\u00e9 \u2013 CE n\u00e3o tem data marcada, devido \u00e0s circunst\u00e2ncia da pandemia COVID-19, a Equipe de Organiza\u00e7\u00e3o planejou um evento on-line para manter vivo o esp\u00edrito celebrativo em raz\u00e3o dos 800 anos da Terceira Ordem e os 50 anos da Juventude Franciscana do Brasil.<\/p>\n<p>O evento, gratuito e aberto, ser\u00e1 realizado no canal oficial da Confer\u00eancia da Fam\u00edlia Franciscana do Brasil no YouTube.<\/p>\n<h3>Confira a programa\u00e7\u00e3o com os links para participar do evento.<\/h3>\n<p><strong>02\/10 (15 \u00e0s 17h) &#8211; Abertura<\/strong><br \/>\n15h \u2013 Abertura<br \/>\n15h10 \u2013 M\u00edstica de abertura<br \/>\n15h40 \u2013 Momento Formativo \u201cFrancisco e Clara: caminho de esperan\u00e7a\u201d<br \/>\n16h40 \u2013 Resson\u00e2ncias e Perguntas<br \/>\n17h \u2013 Encerramento<br \/>\nAcesso atrav\u00e9s do link:\u00a0<a href=\"https:\/\/www.youtube.com\/watch?v=ZYVEal3r-og\" target=\"_blank\" rel=\"noopener\" data-saferedirecturl=\"https:\/\/www.google.com\/url?q=https:\/\/www.youtube.com\/watch?v%3DZYVEal3r-og&amp;source=gmail&amp;ust=1633109765762000&amp;usg=AFQjCNGDKb5-m007hmMKl7BFUb2-aIuMtA\">https:\/\/www.youtube.com\/<wbr \/>watch?v=ZYVEal3r-og<\/a><\/p>\n<p><iframe loading=\"lazy\" title=\"\ud83d\udd34 Abertura do Pr\u00e9-cap\u00edtulo Celebrativo da Terceira Ordem Franciscana\" width=\"500\" height=\"281\" src=\"https:\/\/www.youtube.com\/embed\/ZYVEal3r-og?feature=oembed\" frameborder=\"0\" allow=\"accelerometer; autoplay; clipboard-write; encrypted-media; gyroscope; picture-in-picture\" allowfullscreen><\/iframe><\/p>\n<p>02\/10 (19:30 \u00e0s 21:30) &#8211; Conv\u00edvio Fraterno<br \/>\nConv\u00edvio Fraterno (Show Franciscano, Poesias, Interven\u00e7\u00f5es\u2026)<br \/>\nAcesso em:\u00a0<a href=\"https:\/\/www.youtube.com\/watch?v=AsTV7c79CVk\" target=\"_blank\" rel=\"noopener\" data-saferedirecturl=\"https:\/\/www.google.com\/url?q=https:\/\/www.youtube.com\/watch?v%3DAsTV7c79CVk&amp;source=gmail&amp;ust=1633109765762000&amp;usg=AFQjCNG5WIXviNt-oPmvVRuk7uFYQqeBGw\">https:\/\/www.youtube.com\/<wbr \/>watch?v=AsTV7c79CVk<\/a><\/p>\n<p><iframe loading=\"lazy\" title=\"\ud83d\udd34 Conv\u00edvio Fraterno do Pr\u00e9-cap\u00edtulo Celebrativo da Terceira Ordem Franciscana\" width=\"500\" height=\"281\" src=\"https:\/\/www.youtube.com\/embed\/AsTV7c79CVk?feature=oembed\" frameborder=\"0\" allow=\"accelerometer; autoplay; clipboard-write; encrypted-media; gyroscope; picture-in-picture\" allowfullscreen><\/iframe><\/p>\n<p>03\/10 (14:30 \u00e0s 16:30) Encerramento<br \/>\n14h30 \u2013 Abertura \/ Ora\u00e7\u00e3o<br \/>\n14h45 \u2013 Palavras de reflex\u00e3o \u201cComo podemos ser caminhos de esperan\u00e7a?\u201d<br \/>\n16h \u2013 Encerramento<br \/>\nAcesso atrav\u00e9s do link:\u00a0<a href=\"https:\/\/www.youtube.com\/watch?v=PqckmKFTm6E\" target=\"_blank\" rel=\"noopener\" data-saferedirecturl=\"https:\/\/www.google.com\/url?q=https:\/\/www.youtube.com\/watch?v%3DPqckmKFTm6E&amp;source=gmail&amp;ust=1633109765762000&amp;usg=AFQjCNFMNJ303TdSq5cB1fSwP8761Q7xxg\">https:\/\/www.youtube.com\/<wbr \/>watch?v=PqckmKFTm6E<\/a><\/p>\n<p><iframe loading=\"lazy\" title=\"\ud83d\udd34 Encerramento do Pr\u00e9-cap\u00edtulo Celebrativo da Terceira Ordem Franciscana\" width=\"500\" height=\"281\" src=\"https:\/\/www.youtube.com\/embed\/PqckmKFTm6E?feature=oembed\" frameborder=\"0\" allow=\"accelerometer; autoplay; clipboard-write; encrypted-media; gyroscope; picture-in-picture\" allowfullscreen><\/iframe><\/p>\n","protected":false},"excerpt":{"rendered":"<p>Ordem Terceira<\/p>\n","protected":false},"author":3,"featured_media":234496,"comment_status":"open","ping_status":"open","sticky":false,"template":"","format":"standard","meta":[],"categories":[1],"tags":[203,60],"acf":[],"yoast_head":"<!-- This site is optimized with the Yoast SEO plugin v19.2 - https:\/\/yoast.com\/wordpress\/plugins\/seo\/ -->\n<title>Terceira Ordem Franciscana realiza Pr\u00e9-cap\u00edtulo Celebrativo nos dias 2 e 3 de outubro - Not\u00edcias - Franciscanos<\/title>\n<meta name=\"robots\" content=\"index, follow, max-snippet:-1, max-image-preview:large, max-video-preview:-1\" \/>\n<link rel=\"canonical\" href=\"https:\/\/franciscanos.org.br\/noticias\/terceira-ordem-franciscana-realiza-pre-capitulo-celebrativo-nos-dias-1o-e-2-de-outubro.html\" \/>\n<meta property=\"og:locale\" content=\"pt_BR\" \/>\n<meta property=\"og:type\" content=\"article\" \/>\n<meta property=\"og:title\" content=\"Terceira Ordem Franciscana realiza Pr\u00e9-cap\u00edtulo Celebrativo nos dias 2 e 3 de outubro - Not\u00edcias - Franciscanos\" \/>\n<meta property=\"og:description\" content=\"Ordem Terceira\" \/>\n<meta property=\"og:url\" content=\"https:\/\/franciscanos.org.br\/noticias\/terceira-ordem-franciscana-realiza-pre-capitulo-celebrativo-nos-dias-1o-e-2-de-outubro.html\" \/>\n<meta property=\"og:site_name\" content=\"Not\u00edcias - Franciscanos\" \/>\n<meta property=\"article:published_time\" content=\"2021-09-30T17:14:29+00:00\" \/>\n<meta property=\"article:modified_time\" content=\"2021-09-30T18:01:16+00:00\" \/>\n<meta property=\"og:image\" content=\"https:\/\/franciscanos.org.br\/noticias\/wp-content\/uploads\/2021\/09\/capitulo_30d.jpg\" \/>\n\t<meta property=\"og:image:width\" content=\"800\" \/>\n\t<meta property=\"og:image:height\" content=\"649\" \/>\n\t<meta property=\"og:image:type\" content=\"image\/jpeg\" \/>\n<meta name=\"author\" content=\"moacir\" \/>\n<meta name=\"twitter:card\" content=\"summary_large_image\" \/>\n<meta name=\"twitter:label1\" content=\"Escrito por\" \/>\n\t<meta name=\"twitter:data1\" content=\"moacir\" \/>\n\t<meta name=\"twitter:label2\" content=\"Est. tempo de leitura\" \/>\n\t<meta name=\"twitter:data2\" content=\"2 minutos\" \/>\n<script type=\"application\/ld+json\" class=\"yoast-schema-graph\">{\"@context\":\"https:\/\/schema.org\",\"@graph\":[{\"@type\":\"WebSite\",\"@id\":\"https:\/\/franciscanos.org.br\/noticias\/#website\",\"url\":\"https:\/\/franciscanos.org.br\/noticias\/\",\"name\":\"Not\u00edcias - Franciscanos\",\"description\":\"Prov\u00edncia Franciscana da Imaculada Concei\u00e7\u00e3o do Brasil - Ordem dos Frades Menores - OFM\",\"potentialAction\":[{\"@type\":\"SearchAction\",\"target\":{\"@type\":\"EntryPoint\",\"urlTemplate\":\"https:\/\/franciscanos.org.br\/noticias\/?s={search_term_string}\"},\"query-input\":\"required name=search_term_string\"}],\"inLanguage\":\"pt-BR\"},{\"@type\":\"ImageObject\",\"inLanguage\":\"pt-BR\",\"@id\":\"https:\/\/franciscanos.org.br\/noticias\/terceira-ordem-franciscana-realiza-pre-capitulo-celebrativo-nos-dias-1o-e-2-de-outubro.html#primaryimage\",\"url\":\"https:\/\/franciscanos.org.br\/noticias\/wp-content\/uploads\/2021\/09\/capitulo_30d.jpg\",\"contentUrl\":\"https:\/\/franciscanos.org.br\/noticias\/wp-content\/uploads\/2021\/09\/capitulo_30d.jpg\",\"width\":800,\"height\":649},{\"@type\":\"WebPage\",\"@id\":\"https:\/\/franciscanos.org.br\/noticias\/terceira-ordem-franciscana-realiza-pre-capitulo-celebrativo-nos-dias-1o-e-2-de-outubro.html#webpage\",\"url\":\"https:\/\/franciscanos.org.br\/noticias\/terceira-ordem-franciscana-realiza-pre-capitulo-celebrativo-nos-dias-1o-e-2-de-outubro.html\",\"name\":\"Terceira Ordem Franciscana realiza Pr\u00e9-cap\u00edtulo Celebrativo nos dias 2 e 3 de outubro - Not\u00edcias - Franciscanos\",\"isPartOf\":{\"@id\":\"https:\/\/franciscanos.org.br\/noticias\/#website\"},\"primaryImageOfPage\":{\"@id\":\"https:\/\/franciscanos.org.br\/noticias\/terceira-ordem-franciscana-realiza-pre-capitulo-celebrativo-nos-dias-1o-e-2-de-outubro.html#primaryimage\"},\"datePublished\":\"2021-09-30T17:14:29+00:00\",\"dateModified\":\"2021-09-30T18:01:16+00:00\",\"author\":{\"@id\":\"https:\/\/franciscanos.org.br\/noticias\/#\/schema\/person\/b5c8cba458c330ccff548b056e95a5d4\"},\"breadcrumb\":{\"@id\":\"https:\/\/franciscanos.org.br\/noticias\/terceira-ordem-franciscana-realiza-pre-capitulo-celebrativo-nos-dias-1o-e-2-de-outubro.html#breadcrumb\"},\"inLanguage\":\"pt-BR\",\"potentialAction\":[{\"@type\":\"ReadAction\",\"target\":[\"https:\/\/franciscanos.org.br\/noticias\/terceira-ordem-franciscana-realiza-pre-capitulo-celebrativo-nos-dias-1o-e-2-de-outubro.html\"]}]},{\"@type\":\"BreadcrumbList\",\"@id\":\"https:\/\/franciscanos.org.br\/noticias\/terceira-ordem-franciscana-realiza-pre-capitulo-celebrativo-nos-dias-1o-e-2-de-outubro.html#breadcrumb\",\"itemListElement\":[{\"@type\":\"ListItem\",\"position\":1,\"name\":\"Home\",\"item\":\"https:\/\/franciscanos.org.br\/noticias\"},{\"@type\":\"ListItem\",\"position\":2,\"name\":\"Terceira Ordem Franciscana realiza Pr\u00e9-cap\u00edtulo Celebrativo nos dias 2 e 3 de outubro\"}]},{\"@type\":\"Person\",\"@id\":\"https:\/\/franciscanos.org.br\/noticias\/#\/schema\/person\/b5c8cba458c330ccff548b056e95a5d4\",\"name\":\"moacir\",\"image\":{\"@type\":\"ImageObject\",\"inLanguage\":\"pt-BR\",\"@id\":\"https:\/\/franciscanos.org.br\/noticias\/#\/schema\/person\/image\/\",\"url\":\"https:\/\/secure.gravatar.com\/avatar\/d08aa2ce4c8dd416d4479aa8536fcf64?s=96&d=mm&r=g\",\"contentUrl\":\"https:\/\/secure.gravatar.com\/avatar\/d08aa2ce4c8dd416d4479aa8536fcf64?s=96&d=mm&r=g\",\"caption\":\"moacir\"},\"url\":\"https:\/\/franciscanos.org.br\/noticias\/author\/moacir\"}]}<\/script>\n<!-- \/ Yoast SEO plugin. -->","yoast_head_json":{"title":"Terceira Ordem Franciscana realiza Pr\u00e9-cap\u00edtulo Celebrativo nos dias 2 e 3 de outubro - Not\u00edcias - Franciscanos","robots":{"index":"index","follow":"follow","max-snippet":"max-snippet:-1","max-image-preview":"max-image-preview:large","max-video-preview":"max-video-preview:-1"},"canonical":"https:\/\/franciscanos.org.br\/noticias\/terceira-ordem-franciscana-realiza-pre-capitulo-celebrativo-nos-dias-1o-e-2-de-outubro.html","og_locale":"pt_BR","og_type":"article","og_title":"Terceira Ordem Franciscana realiza Pr\u00e9-cap\u00edtulo Celebrativo nos dias 2 e 3 de outubro - Not\u00edcias - Franciscanos","og_description":"Ordem Terceira","og_url":"https:\/\/franciscanos.org.br\/noticias\/terceira-ordem-franciscana-realiza-pre-capitulo-celebrativo-nos-dias-1o-e-2-de-outubro.html","og_site_name":"Not\u00edcias - Franciscanos","article_published_time":"2021-09-30T17:14:29+00:00","article_modified_time":"2021-09-30T18:01:16+00:00","og_image":[{"width":800,"height":649,"url":"https:\/\/franciscanos.org.br\/noticias\/wp-content\/uploads\/2021\/09\/capitulo_30d.jpg","type":"image\/jpeg"}],"author":"moacir","twitter_card":"summary_large_image","twitter_misc":{"Escrito por":"moacir","Est. tempo de leitura":"2 minutos"},"schema":{"@context":"https:\/\/schema.org","@graph":[{"@type":"WebSite","@id":"https:\/\/franciscanos.org.br\/noticias\/#website","url":"https:\/\/franciscanos.org.br\/noticias\/","name":"Not\u00edcias - Franciscanos","description":"Prov\u00edncia Franciscana da Imaculada Concei\u00e7\u00e3o do Brasil - Ordem dos Frades Menores - OFM","potentialAction":[{"@type":"SearchAction","target":{"@type":"EntryPoint","urlTemplate":"https:\/\/franciscanos.org.br\/noticias\/?s={search_term_string}"},"query-input":"required name=search_term_string"}],"inLanguage":"pt-BR"},{"@type":"ImageObject","inLanguage":"pt-BR","@id":"https:\/\/franciscanos.org.br\/noticias\/terceira-ordem-franciscana-realiza-pre-capitulo-celebrativo-nos-dias-1o-e-2-de-outubro.html#primaryimage","url":"https:\/\/franciscanos.org.br\/noticias\/wp-content\/uploads\/2021\/09\/capitulo_30d.jpg","contentUrl":"https:\/\/franciscanos.org.br\/noticias\/wp-content\/uploads\/2021\/09\/capitulo_30d.jpg","width":800,"height":649},{"@type":"WebPage","@id":"https:\/\/franciscanos.org.br\/noticias\/terceira-ordem-franciscana-realiza-pre-capitulo-celebrativo-nos-dias-1o-e-2-de-outubro.html#webpage","url":"https:\/\/franciscanos.org.br\/noticias\/terceira-ordem-franciscana-realiza-pre-capitulo-celebrativo-nos-dias-1o-e-2-de-outubro.html","name":"Terceira Ordem Franciscana realiza Pr\u00e9-cap\u00edtulo Celebrativo nos dias 2 e 3 de outubro - Not\u00edcias - Franciscanos","isPartOf":{"@id":"https:\/\/franciscanos.org.br\/noticias\/#website"},"primaryImageOfPage":{"@id":"https:\/\/franciscanos.org.br\/noticias\/terceira-ordem-franciscana-realiza-pre-capitulo-celebrativo-nos-dias-1o-e-2-de-outubro.html#primaryimage"},"datePublished":"2021-09-30T17:14:29+00:00","dateModified":"2021-09-30T18:01:16+00:00","author":{"@id":"https:\/\/franciscanos.org.br\/noticias\/#\/schema\/person\/b5c8cba458c330ccff548b056e95a5d4"},"breadcrumb":{"@id":"https:\/\/franciscanos.org.br\/noticias\/terceira-ordem-franciscana-realiza-pre-capitulo-celebrativo-nos-dias-1o-e-2-de-outubro.html#breadcrumb"},"inLanguage":"pt-BR","potentialAction":[{"@type":"ReadAction","target":["https:\/\/franciscanos.org.br\/noticias\/terceira-ordem-franciscana-realiza-pre-capitulo-celebrativo-nos-dias-1o-e-2-de-outubro.html"]}]},{"@type":"BreadcrumbList","@id":"https:\/\/franciscanos.org.br\/noticias\/terceira-ordem-franciscana-realiza-pre-capitulo-celebrativo-nos-dias-1o-e-2-de-outubro.html#breadcrumb","itemListElement":[{"@type":"ListItem","position":1,"name":"Home","item":"https:\/\/franciscanos.org.br\/noticias"},{"@type":"ListItem","position":2,"name":"Terceira Ordem Franciscana realiza Pr\u00e9-cap\u00edtulo Celebrativo nos dias 2 e 3 de outubro"}]},{"@type":"Person","@id":"https:\/\/franciscanos.org.br\/noticias\/#\/schema\/person\/b5c8cba458c330ccff548b056e95a5d4","name":"moacir","image":{"@type":"ImageObject","inLanguage":"pt-BR","@id":"https:\/\/franciscanos.org.br\/noticias\/#\/schema\/person\/image\/","url":"https:\/\/secure.gravatar.com\/avatar\/d08aa2ce4c8dd416d4479aa8536fcf64?s=96&d=mm&r=g","contentUrl":"https:\/\/secure.gravatar.com\/avatar\/d08aa2ce4c8dd416d4479aa8536fcf64?s=96&d=mm&r=g","caption":"moacir"},"url":"https:\/\/franciscanos.org.br\/noticias\/author\/moacir"}]}},"_links":{"self":[{"href":"https:\/\/franciscanos.org.br\/noticias\/wp-json\/wp\/v2\/posts\/234494"}],"collection":[{"href":"https:\/\/franciscanos.org.br\/noticias\/wp-json\/wp\/v2\/posts"}],"about":[{"href":"https:\/\/franciscanos.org.br\/noticias\/wp-json\/wp\/v2\/types\/post"}],"author":[{"embeddable":true,"href":"https:\/\/franciscanos.org.br\/noticias\/wp-json\/wp\/v2\/users\/3"}],"replies":[{"embeddable":true,"href":"https:\/\/franciscanos.org.br\/noticias\/wp-json\/wp\/v2\/comments?post=234494"}],"version-history":[{"count":4,"href":"https:\/\/franciscanos.org.br\/noticias\/wp-json\/wp\/v2\/posts\/234494\/revisions"}],"predecessor-version":[{"id":234500,"href":"https:\/\/franciscanos.org.br\/noticias\/wp-json\/wp\/v2\/posts\/234494\/revisions\/234500"}],"wp:featuredmedia":[{"embeddable":true,"href":"https:\/\/franciscanos.org.br\/noticias\/wp-json\/wp\/v2\/media\/234496"}],"wp:attachment":[{"href":"https:\/\/franciscanos.org.br\/noticias\/wp-json\/wp\/v2\/media?parent=234494"}],"wp:term":[{"taxonomy":"category","embeddable":true,"href":"https:\/\/franciscanos.org.br\/noticias\/wp-json\/wp\/v2\/categories?post=234494"},{"taxonomy":"post_tag","embeddable":true,"href":"https:\/\/franciscanos.org.br\/noticias\/wp-json\/wp\/v2\/tags?post=234494"}],"curies":[{"name":"wp","href":"https:\/\/api.w.org\/{rel}","templated":true}]}}