{"id":234483,"date":"2021-09-30T08:59:07","date_gmt":"2021-09-30T11:59:07","guid":{"rendered":"https:\/\/franciscanos.org.br\/noticias\/?p=234483"},"modified":"2021-09-30T08:59:07","modified_gmt":"2021-09-30T11:59:07","slug":"papa-deve-se-consumir-para-viver-nao-viver-para-consumir","status":"publish","type":"post","link":"https:\/\/franciscanos.org.br\/noticias\/papa-deve-se-consumir-para-viver-nao-viver-para-consumir.html","title":{"rendered":"Papa:  Deve-se consumir para viver, n\u00e3o viver para consumir"},"content":{"rendered":"<div id=\"attachment_234484\" style=\"width: 1010px\" class=\"wp-caption alignnone\"><img aria-describedby=\"caption-attachment-234484\" loading=\"lazy\" class=\"wp-image-234484 size-full\" src=\"https:\/\/franciscanos.org.br\/noticias\/wp-content\/uploads\/2021\/09\/papa_300921.jpg\" alt=\"\" width=\"1000\" height=\"563\" srcset=\"https:\/\/franciscanos.org.br\/noticias\/wp-content\/uploads\/2021\/09\/papa_300921.jpg 1000w, https:\/\/franciscanos.org.br\/noticias\/wp-content\/uploads\/2021\/09\/papa_300921-450x253.jpg 450w, https:\/\/franciscanos.org.br\/noticias\/wp-content\/uploads\/2021\/09\/papa_300921-768x432.jpg 768w, https:\/\/franciscanos.org.br\/noticias\/wp-content\/uploads\/2021\/09\/papa_300921-150x84.jpg 150w\" sizes=\"(max-width: 1000px) 100vw, 1000px\" \/><p id=\"caption-attachment-234484\" class=\"wp-caption-text\">\u00a0 \u00a0 \u00a0 \u00a0 \u00a0 \u00a0 \u00a0 \u00a0 \u00a0 \u00a0 \u00a0 \u00a0 \u00a0 \u00a0 \u00a0 \u00a0 \u00a0 \u00a0 \u00a0 \u00a0 \u00a0 \u00a0 \u00a0 \u00a0 \u00a0 \u00a0 \u00a0 \u00a0 \u00a0 \u00a0 \u00a0 \u00a0 \u00a0 \u00a0 \u00a0 \u00a0 \u00a0 \u00a0 \u00a0 \u00a0 \u00a0 \u00a0 \u00a0 \u00a0 \u00a0 \u00a0 \u00a0 \u00a0 \u00a0 \u00a0 \u00a0 \u00a0 \u00a0 \u00a0 \u00a0 \u00a0 \u00a0 \u00a0 \u00a0 \u00a0 <em>\u00a0 \u00a0 \u00a0 \u00a0 \u00a0 Imagem: Vatican Media<\/em><\/p><\/div>\n<p>O Papa Francisco enviou uma Mensagem aos participantes no Evento de Alto N\u00edvel da Assembleia Parlamentar o Conselho da Europa sobre o tema: \u201cMeio ambiente e direitos humanos: Direito \u00e0 seguran\u00e7a, sa\u00fade e meio ambiente sustent\u00e1vel, que se realiza em Estrasburgo nesta quarta-feira, 29 de setembro. O Papa iniciou sua mensagem recordando que \u201ca Santa S\u00e9, como pa\u00eds Observador, segue com particular aten\u00e7\u00e3o e interesse todas as atividades do Conselho da Europa a este respeito, na certeza de que toda iniciativa e decis\u00e3o concreta desta Organiza\u00e7\u00e3o, que possa melhorar a dram\u00e1tica situa\u00e7\u00e3o em que se encontra a sa\u00fade de nosso planeta, deve ser apoiada e bem valorizada\u201d.<\/p>\n<p>\u201cO presente evento \u2013 escreveu o Papa aos participantes &#8211; que se realiza \u00e0s v\u00e9speras da COP26, prevista para novembro pr\u00f3ximo em Glasgow, poder\u00e1 oferecer, gra\u00e7as a uma maior considera\u00e7\u00e3o do princ\u00edpio fundamental do multilateralismo, uma contribui\u00e7\u00e3o v\u00e1lida tamb\u00e9m para a pr\u00f3xima Reuni\u00e3o das Na\u00e7\u00f5es Unidas\u201d.<\/p>\n<p><strong>Novo instrumento jur\u00eddico<\/strong><br \/>\nElogiando a iniciativa Francisco afirmou que esta poderia se estender n\u00e3o s\u00f3 \u00e0 Europa mas \u201cchegar a todo o mundo\u201d. \u201cNeste sentido, \u00e9 vista com muito interesse a decis\u00e3o que o Conselho da Europa tomar\u00e1 para criar um novo instrumento jur\u00eddico que poder\u00e1 ligar o cuidado com o meio ambiente ao respeito pelos direitos fundamentais do homem\u201d.<\/p>\n<p>E Francisco adverte mais uma vez: \u201cN\u00e3o h\u00e1 mais tempo para esperar, \u00e9 preciso agir. Qualquer instrumento que respeite os direitos humanos e os princ\u00edpios da democracia e do estado de direito, que s\u00e3o valores fundamentais do Conselho da Europa, pode ser \u00fatil para enfrentar este desafio global\u201d<\/p>\n<p><strong>Comer para viver, n\u00e3o viver para comer<\/strong><br \/>\n\u201cOs antigos j\u00e1 diziam\u201d, continua o Santo Padre: \u201cEsse oportet ut vivas, non vivere ut edas: \u2018\u00c9 preciso comer para viver, n\u00e3o viver para comer\u2019. Deve-se consumir para viver, n\u00e3o viver para consumir. Acima de tudo, nunca se deve consumir desenfreadamente, como \u00e9 o caso hoje. Cada pessoa deve usar da terra o que \u00e9 necess\u00e1rio para seu sustento\u201d, conclui Francisco. E reitera: \u201cTudo est\u00e1 conectado, e como uma fam\u00edlia de na\u00e7\u00f5es devemos ter uma preocupa\u00e7\u00e3o comum: \u2018fazer com que o meio ambiente seja mais limpo, mais puro e preservado. E cuidar da natureza, a fim de que ela cuide de n\u00f3s&#8221;.<\/p>\n<p>Francisco continua sua mensagem recordando a import\u00e2ncia da a\u00e7\u00e3o interdisciplinar e das futuras gera\u00e7\u00f5es: \u201cCertamente esta crise ecol\u00f3gica, que \u00e9 \u2018uma \u00fanica e complexa crise s\u00f3cio-ambiental\u2019, nos convida a um di\u00e1logo interdisciplinar e operacional em todos os n\u00edveis, do local ao internacional, mas tamb\u00e9m a uma responsabilidade individual e coletiva. Devemos, portanto, falar tamb\u00e9m dos deveres de cada ser humano de viver em um ambiente saud\u00e1vel, sadio e sustent\u00e1vel. Em vez disso, quando falamos apenas de direitos, pensamos apenas no que nos \u00e9 devido. Devemos tamb\u00e9m pensar na responsabilidade que temos para com as gera\u00e7\u00f5es futuras e o mundo que queremos deixar para nossas crian\u00e7as e nossos jovens\u201d.<\/p>\n<p>Por fim Francisco concluiu: &#8220;Desejo que esta Assembleia Parlamentar e o Conselho da Europa sejam capazes de identificar, promover e implementar com determina\u00e7\u00e3o todas as iniciativas necess\u00e1rias para construir um mundo mais saud\u00e1vel, mais justo e mais sustent\u00e1vel&#8221;, afirmando:\u00a0\u201cDas m\u00e3os de Deus recebemos um jardim, para nossos filhos n\u00e3o podemos deixar um deserto\u201d.<\/p>\n<hr \/>\n<h3>Papa aos jovens da Youth4climate: tomar decis\u00f5es s\u00e1bias para o bem da humanidade<\/h3>\n<p>&#8220;Queridos jovens, quero agradecer-lhes pelos sonhos e projetos de bem que voc\u00eas t\u00eam e pelo fato de se preocuparem tanto com as rela\u00e7\u00f5es humanas e com o cuidado com o meio ambiente&#8221;.<\/p>\n<p>Estas s\u00e3o as palavras do Papa Francisco na mensagem em v\u00eddeo, divulgada nesta quarta-feira (29\/09), por ocasi\u00e3o da Youth4climate, confer\u00eancia dos jovens pelo clima, que teve in\u00edcio, em Mil\u00e3o, na It\u00e1lia, na ter\u00e7a-feira, 28, e prossegue at\u00e9 30 de setembro, organizada pelo Governo italiano em parceria com o Reino Unido, em vista da Cop26 de Glasgow, na Esc\u00f3cia, em novembro pr\u00f3ximo.<\/p>\n<p>Segundo o Papa, os jovens t\u00eam &#8220;uma preocupa\u00e7\u00e3o que faz bem a todos. Essa vis\u00e3o \u00e9 capaz de colocar o mundo dos adultos em crise, pois mostra que voc\u00eas n\u00e3o est\u00e3o apenas preparados para agir, mas est\u00e3o dispon\u00edveis para a escuta paciente, o di\u00e1logo construtivo e a compreens\u00e3o rec\u00edproca&#8221;.<\/p>\n<p>Francisco os encorajou &#8220;a unir os esfor\u00e7os atrav\u00e9s de uma ampla alian\u00e7a educativa para formar gera\u00e7\u00f5es de bem, maduras, capazes de superar as fragmenta\u00e7\u00f5es e reconstruir o tecido das rela\u00e7\u00f5es de modo que possamos chegar a uma humanidade mais fraterna&#8221;.<\/p>\n<p>Diz-se que voc\u00eas s\u00e3o futuro, mas nessas coisas voc\u00eas s\u00e3o o presente, s\u00e3o os que est\u00e3o construindo hoje, no presente, o futuro. O Pacto Educativo Global, lan\u00e7ado em 2019, vai nessa dire\u00e7\u00e3o e tenta dar respostas compartilhadas \u00e0 mudan\u00e7a hist\u00f3rica que a humanidade est\u00e1 vivendo e que a pandemia tornou ainda mais evidente. N\u00e3o bastam solu\u00e7\u00f5es t\u00e9cnicas e pol\u00edticas, se n\u00e3o estiverem amparadas pela responsabilidade de cada membro e por um processo educativo que favore\u00e7a um modelo cultural de desenvolvimento e sustentabilidade voltado para a fraternidade e a alian\u00e7a entre o ser humano e o meio ambiente. Deve haver harmonia entre as pessoas, homens e mulheres e o meio ambiente. N\u00e3o somos inimigos, n\u00e3o somos indiferentes. Fazemos parte dessa harmonia c\u00f3smica.<\/p>\n<p>Segundo o Papa, &#8220;atrav\u00e9s de ideias e projetos comuns, ser\u00e1 poss\u00edvel encontrar solu\u00e7\u00f5es que superem a pobreza energ\u00e9tica e coloquem o cuidado dos bens comuns no centro das pol\u00edticas nacionais e internacionais, favorecendo a produ\u00e7\u00e3o sustent\u00e1vel, a economia circular e o compartilhamento de tecnologias adequadas&#8221;.<\/p>\n<p>Francisco ressaltou que &#8220;\u00e9 o momento de tomar decis\u00f5es s\u00e1bias para que as muitas experi\u00eancias adquiridas nos \u00faltimos anos possam ser aproveitadas, a fim de tornar poss\u00edvel uma cultura do cuidado, uma cultura de partilha respons\u00e1vel&#8221;.<\/p>\n<p>Por fim, o Papa encorajou os jovens &#8220;a desenvolverem o seu trabalho para o bem da humanidade&#8221;.<\/p>\n<hr \/>\n<p><em>Fonte: Vatican News (textos de\u00a0 Jane Nogara e Mariangela Jaguraba)<\/em><\/p>\n<p>&nbsp;<\/p>\n","protected":false},"excerpt":{"rendered":"<p>Mensagem<\/p>\n","protected":false},"author":3,"featured_media":234484,"comment_status":"open","ping_status":"open","sticky":false,"template":"","format":"standard","meta":[],"categories":[1428],"tags":[701,55],"acf":[],"yoast_head":"<!-- This site is optimized with the Yoast SEO plugin v19.2 - https:\/\/yoast.com\/wordpress\/plugins\/seo\/ -->\n<title>Papa: Deve-se consumir para viver, n\u00e3o viver para consumir - Not\u00edcias - Franciscanos<\/title>\n<meta name=\"robots\" content=\"index, follow, max-snippet:-1, max-image-preview:large, max-video-preview:-1\" \/>\n<link rel=\"canonical\" href=\"https:\/\/franciscanos.org.br\/noticias\/papa-deve-se-consumir-para-viver-nao-viver-para-consumir.html\" \/>\n<meta property=\"og:locale\" content=\"pt_BR\" \/>\n<meta property=\"og:type\" content=\"article\" \/>\n<meta property=\"og:title\" content=\"Papa: Deve-se consumir para viver, n\u00e3o viver para consumir - Not\u00edcias - Franciscanos\" \/>\n<meta property=\"og:description\" content=\"Mensagem\" \/>\n<meta property=\"og:url\" content=\"https:\/\/franciscanos.org.br\/noticias\/papa-deve-se-consumir-para-viver-nao-viver-para-consumir.html\" \/>\n<meta property=\"og:site_name\" content=\"Not\u00edcias - Franciscanos\" \/>\n<meta property=\"article:published_time\" content=\"2021-09-30T11:59:07+00:00\" \/>\n<meta property=\"og:image\" content=\"https:\/\/franciscanos.org.br\/noticias\/wp-content\/uploads\/2021\/09\/papa_300921.jpg\" \/>\n\t<meta property=\"og:image:width\" content=\"1000\" \/>\n\t<meta property=\"og:image:height\" content=\"563\" \/>\n\t<meta property=\"og:image:type\" content=\"image\/jpeg\" \/>\n<meta name=\"author\" content=\"moacir\" \/>\n<meta name=\"twitter:card\" content=\"summary_large_image\" \/>\n<meta name=\"twitter:label1\" content=\"Escrito por\" \/>\n\t<meta name=\"twitter:data1\" content=\"moacir\" \/>\n\t<meta name=\"twitter:label2\" content=\"Est. tempo de leitura\" \/>\n\t<meta name=\"twitter:data2\" content=\"5 minutos\" \/>\n<script type=\"application\/ld+json\" class=\"yoast-schema-graph\">{\"@context\":\"https:\/\/schema.org\",\"@graph\":[{\"@type\":\"WebSite\",\"@id\":\"https:\/\/franciscanos.org.br\/noticias\/#website\",\"url\":\"https:\/\/franciscanos.org.br\/noticias\/\",\"name\":\"Not\u00edcias - Franciscanos\",\"description\":\"Prov\u00edncia Franciscana da Imaculada Concei\u00e7\u00e3o do Brasil - Ordem dos Frades Menores - OFM\",\"potentialAction\":[{\"@type\":\"SearchAction\",\"target\":{\"@type\":\"EntryPoint\",\"urlTemplate\":\"https:\/\/franciscanos.org.br\/noticias\/?s={search_term_string}\"},\"query-input\":\"required name=search_term_string\"}],\"inLanguage\":\"pt-BR\"},{\"@type\":\"ImageObject\",\"inLanguage\":\"pt-BR\",\"@id\":\"https:\/\/franciscanos.org.br\/noticias\/papa-deve-se-consumir-para-viver-nao-viver-para-consumir.html#primaryimage\",\"url\":\"https:\/\/franciscanos.org.br\/noticias\/wp-content\/uploads\/2021\/09\/papa_300921.jpg\",\"contentUrl\":\"https:\/\/franciscanos.org.br\/noticias\/wp-content\/uploads\/2021\/09\/papa_300921.jpg\",\"width\":1000,\"height\":563},{\"@type\":\"WebPage\",\"@id\":\"https:\/\/franciscanos.org.br\/noticias\/papa-deve-se-consumir-para-viver-nao-viver-para-consumir.html#webpage\",\"url\":\"https:\/\/franciscanos.org.br\/noticias\/papa-deve-se-consumir-para-viver-nao-viver-para-consumir.html\",\"name\":\"Papa: Deve-se consumir para viver, n\u00e3o viver para consumir - Not\u00edcias - Franciscanos\",\"isPartOf\":{\"@id\":\"https:\/\/franciscanos.org.br\/noticias\/#website\"},\"primaryImageOfPage\":{\"@id\":\"https:\/\/franciscanos.org.br\/noticias\/papa-deve-se-consumir-para-viver-nao-viver-para-consumir.html#primaryimage\"},\"datePublished\":\"2021-09-30T11:59:07+00:00\",\"dateModified\":\"2021-09-30T11:59:07+00:00\",\"author\":{\"@id\":\"https:\/\/franciscanos.org.br\/noticias\/#\/schema\/person\/b5c8cba458c330ccff548b056e95a5d4\"},\"breadcrumb\":{\"@id\":\"https:\/\/franciscanos.org.br\/noticias\/papa-deve-se-consumir-para-viver-nao-viver-para-consumir.html#breadcrumb\"},\"inLanguage\":\"pt-BR\",\"potentialAction\":[{\"@type\":\"ReadAction\",\"target\":[\"https:\/\/franciscanos.org.br\/noticias\/papa-deve-se-consumir-para-viver-nao-viver-para-consumir.html\"]}]},{\"@type\":\"BreadcrumbList\",\"@id\":\"https:\/\/franciscanos.org.br\/noticias\/papa-deve-se-consumir-para-viver-nao-viver-para-consumir.html#breadcrumb\",\"itemListElement\":[{\"@type\":\"ListItem\",\"position\":1,\"name\":\"Home\",\"item\":\"https:\/\/franciscanos.org.br\/noticias\"},{\"@type\":\"ListItem\",\"position\":2,\"name\":\"Papa: Deve-se consumir para viver, n\u00e3o viver para consumir\"}]},{\"@type\":\"Person\",\"@id\":\"https:\/\/franciscanos.org.br\/noticias\/#\/schema\/person\/b5c8cba458c330ccff548b056e95a5d4\",\"name\":\"moacir\",\"image\":{\"@type\":\"ImageObject\",\"inLanguage\":\"pt-BR\",\"@id\":\"https:\/\/franciscanos.org.br\/noticias\/#\/schema\/person\/image\/\",\"url\":\"https:\/\/secure.gravatar.com\/avatar\/d08aa2ce4c8dd416d4479aa8536fcf64?s=96&d=mm&r=g\",\"contentUrl\":\"https:\/\/secure.gravatar.com\/avatar\/d08aa2ce4c8dd416d4479aa8536fcf64?s=96&d=mm&r=g\",\"caption\":\"moacir\"},\"url\":\"https:\/\/franciscanos.org.br\/noticias\/author\/moacir\"}]}<\/script>\n<!-- \/ Yoast SEO plugin. -->","yoast_head_json":{"title":"Papa: Deve-se consumir para viver, n\u00e3o viver para consumir - Not\u00edcias - Franciscanos","robots":{"index":"index","follow":"follow","max-snippet":"max-snippet:-1","max-image-preview":"max-image-preview:large","max-video-preview":"max-video-preview:-1"},"canonical":"https:\/\/franciscanos.org.br\/noticias\/papa-deve-se-consumir-para-viver-nao-viver-para-consumir.html","og_locale":"pt_BR","og_type":"article","og_title":"Papa: Deve-se consumir para viver, n\u00e3o viver para consumir - Not\u00edcias - Franciscanos","og_description":"Mensagem","og_url":"https:\/\/franciscanos.org.br\/noticias\/papa-deve-se-consumir-para-viver-nao-viver-para-consumir.html","og_site_name":"Not\u00edcias - Franciscanos","article_published_time":"2021-09-30T11:59:07+00:00","og_image":[{"width":1000,"height":563,"url":"https:\/\/franciscanos.org.br\/noticias\/wp-content\/uploads\/2021\/09\/papa_300921.jpg","type":"image\/jpeg"}],"author":"moacir","twitter_card":"summary_large_image","twitter_misc":{"Escrito por":"moacir","Est. tempo de leitura":"5 minutos"},"schema":{"@context":"https:\/\/schema.org","@graph":[{"@type":"WebSite","@id":"https:\/\/franciscanos.org.br\/noticias\/#website","url":"https:\/\/franciscanos.org.br\/noticias\/","name":"Not\u00edcias - Franciscanos","description":"Prov\u00edncia Franciscana da Imaculada Concei\u00e7\u00e3o do Brasil - Ordem dos Frades Menores - OFM","potentialAction":[{"@type":"SearchAction","target":{"@type":"EntryPoint","urlTemplate":"https:\/\/franciscanos.org.br\/noticias\/?s={search_term_string}"},"query-input":"required name=search_term_string"}],"inLanguage":"pt-BR"},{"@type":"ImageObject","inLanguage":"pt-BR","@id":"https:\/\/franciscanos.org.br\/noticias\/papa-deve-se-consumir-para-viver-nao-viver-para-consumir.html#primaryimage","url":"https:\/\/franciscanos.org.br\/noticias\/wp-content\/uploads\/2021\/09\/papa_300921.jpg","contentUrl":"https:\/\/franciscanos.org.br\/noticias\/wp-content\/uploads\/2021\/09\/papa_300921.jpg","width":1000,"height":563},{"@type":"WebPage","@id":"https:\/\/franciscanos.org.br\/noticias\/papa-deve-se-consumir-para-viver-nao-viver-para-consumir.html#webpage","url":"https:\/\/franciscanos.org.br\/noticias\/papa-deve-se-consumir-para-viver-nao-viver-para-consumir.html","name":"Papa: Deve-se consumir para viver, n\u00e3o viver para consumir - Not\u00edcias - Franciscanos","isPartOf":{"@id":"https:\/\/franciscanos.org.br\/noticias\/#website"},"primaryImageOfPage":{"@id":"https:\/\/franciscanos.org.br\/noticias\/papa-deve-se-consumir-para-viver-nao-viver-para-consumir.html#primaryimage"},"datePublished":"2021-09-30T11:59:07+00:00","dateModified":"2021-09-30T11:59:07+00:00","author":{"@id":"https:\/\/franciscanos.org.br\/noticias\/#\/schema\/person\/b5c8cba458c330ccff548b056e95a5d4"},"breadcrumb":{"@id":"https:\/\/franciscanos.org.br\/noticias\/papa-deve-se-consumir-para-viver-nao-viver-para-consumir.html#breadcrumb"},"inLanguage":"pt-BR","potentialAction":[{"@type":"ReadAction","target":["https:\/\/franciscanos.org.br\/noticias\/papa-deve-se-consumir-para-viver-nao-viver-para-consumir.html"]}]},{"@type":"BreadcrumbList","@id":"https:\/\/franciscanos.org.br\/noticias\/papa-deve-se-consumir-para-viver-nao-viver-para-consumir.html#breadcrumb","itemListElement":[{"@type":"ListItem","position":1,"name":"Home","item":"https:\/\/franciscanos.org.br\/noticias"},{"@type":"ListItem","position":2,"name":"Papa: Deve-se consumir para viver, n\u00e3o viver para consumir"}]},{"@type":"Person","@id":"https:\/\/franciscanos.org.br\/noticias\/#\/schema\/person\/b5c8cba458c330ccff548b056e95a5d4","name":"moacir","image":{"@type":"ImageObject","inLanguage":"pt-BR","@id":"https:\/\/franciscanos.org.br\/noticias\/#\/schema\/person\/image\/","url":"https:\/\/secure.gravatar.com\/avatar\/d08aa2ce4c8dd416d4479aa8536fcf64?s=96&d=mm&r=g","contentUrl":"https:\/\/secure.gravatar.com\/avatar\/d08aa2ce4c8dd416d4479aa8536fcf64?s=96&d=mm&r=g","caption":"moacir"},"url":"https:\/\/franciscanos.org.br\/noticias\/author\/moacir"}]}},"_links":{"self":[{"href":"https:\/\/franciscanos.org.br\/noticias\/wp-json\/wp\/v2\/posts\/234483"}],"collection":[{"href":"https:\/\/franciscanos.org.br\/noticias\/wp-json\/wp\/v2\/posts"}],"about":[{"href":"https:\/\/franciscanos.org.br\/noticias\/wp-json\/wp\/v2\/types\/post"}],"author":[{"embeddable":true,"href":"https:\/\/franciscanos.org.br\/noticias\/wp-json\/wp\/v2\/users\/3"}],"replies":[{"embeddable":true,"href":"https:\/\/franciscanos.org.br\/noticias\/wp-json\/wp\/v2\/comments?post=234483"}],"version-history":[{"count":1,"href":"https:\/\/franciscanos.org.br\/noticias\/wp-json\/wp\/v2\/posts\/234483\/revisions"}],"predecessor-version":[{"id":234485,"href":"https:\/\/franciscanos.org.br\/noticias\/wp-json\/wp\/v2\/posts\/234483\/revisions\/234485"}],"wp:featuredmedia":[{"embeddable":true,"href":"https:\/\/franciscanos.org.br\/noticias\/wp-json\/wp\/v2\/media\/234484"}],"wp:attachment":[{"href":"https:\/\/franciscanos.org.br\/noticias\/wp-json\/wp\/v2\/media?parent=234483"}],"wp:term":[{"taxonomy":"category","embeddable":true,"href":"https:\/\/franciscanos.org.br\/noticias\/wp-json\/wp\/v2\/categories?post=234483"},{"taxonomy":"post_tag","embeddable":true,"href":"https:\/\/franciscanos.org.br\/noticias\/wp-json\/wp\/v2\/tags?post=234483"}],"curies":[{"name":"wp","href":"https:\/\/api.w.org\/{rel}","templated":true}]}}