{"id":234468,"date":"2021-09-27T09:19:20","date_gmt":"2021-09-27T12:19:20","guid":{"rendered":"https:\/\/franciscanos.org.br\/noticias\/?p=234468"},"modified":"2021-09-27T09:19:20","modified_gmt":"2021-09-27T12:19:20","slug":"ministro-geral-testa-positivo-para-covid-19","status":"publish","type":"post","link":"https:\/\/franciscanos.org.br\/noticias\/ministro-geral-testa-positivo-para-covid-19.html","title":{"rendered":"Ministro Geral testa positivo para Covid-19"},"content":{"rendered":"<p><img loading=\"lazy\" class=\"alignnone wp-image-234469 size-full\" src=\"https:\/\/franciscanos.org.br\/noticias\/wp-content\/uploads\/2021\/09\/geral_270921.jpg\" alt=\"\" width=\"1280\" height=\"720\" srcset=\"https:\/\/franciscanos.org.br\/noticias\/wp-content\/uploads\/2021\/09\/geral_270921.jpg 1280w, https:\/\/franciscanos.org.br\/noticias\/wp-content\/uploads\/2021\/09\/geral_270921-450x253.jpg 450w, https:\/\/franciscanos.org.br\/noticias\/wp-content\/uploads\/2021\/09\/geral_270921-1024x576.jpg 1024w, https:\/\/franciscanos.org.br\/noticias\/wp-content\/uploads\/2021\/09\/geral_270921-768x432.jpg 768w, https:\/\/franciscanos.org.br\/noticias\/wp-content\/uploads\/2021\/09\/geral_270921-150x84.jpg 150w\" sizes=\"(max-width: 1280px) 100vw, 1280px\" \/><\/p>\n<p>A C\u00faria Geral da Ordem dos Frades Menores, em Roma, distribuiu hoje, 27 de setembro, boletim informando que o Ministro Geral Frei Massimo Fusarelli testou positivo para Covid-19. Tamb\u00e9m est\u00e1 com Covid o Definidor Geral Frei C\u00e9sar K\u00fclkamp, que chegou de Roma e se recupera em S\u00e3o Paulo, na Sede Provincial. Os demais membros do Definit\u00f3rio Geral testaram negativo.<\/p>\n<p><strong>Eis o comunicado:<\/strong><\/p>\n<p>Que o Senhor lhe d\u00ea Paz!<\/p>\n<p>Nesta manh\u00e3, segunda-feira, 27 de setembro, o Santo Padre, Papa Francisco, teria recebido em audi\u00eancia privada o Ministro e o Definit\u00f3rio Geral, com o objetivo de levar uma sauda\u00e7\u00e3o oficial como Governo Geral rec\u00e9m-eleito, em nome de todos os irm\u00e3os da Ordem. Embora os membros do Definit\u00f3rio j\u00e1 estejam vacinados, considerou-se aconselh\u00e1vel que todos se submetessem a um teste antig\u00eanico para Covid-19. O resultado desse teste foi positivo para o Ministro Geral Frei Massimo Fusarelli, e negativo para os demais. Ao receber esta not\u00edcia, uma confirma\u00e7\u00e3o mais confi\u00e1vel foi realizada em um laborat\u00f3rio em Roma com um teste de PCR molecular realizado esta manh\u00e3. Frei Massimo recebeu o resultado quatro horas depois, confirmando que era positivo, assintom\u00e1tico. Gra\u00e7as a Deus ele est\u00e1 bem, mas por enquanto ele tem que seguir o protocolo previsto nesses casos: ele deve entrar em um per\u00edodo de isolamento preventivo por 10 dias, enquanto aguardamos o resultado do pr\u00f3ximo exame ser negativo.<\/p>\n<p>Portanto, todas as nomea\u00e7\u00f5es previstas na agenda foram canceladas e o Ministro ser\u00e1 representado pelo Vig\u00e1rio Geral, Pe. Isauro Covili, especialmente em Assis, para o encontro dos Ministros Gerais e da Fam\u00edlia Franciscana, bem como para as celebra\u00e7\u00f5es por ocasi\u00e3o da Solenidade de S\u00e3o Francisco.<\/p>\n<p>O Ministro se reconhece-se chamado a viver uma original Novena e Festa de S\u00e3o Francisco! Por isso, agradece sinceramente a todos pelo apoio, pelas ora\u00e7\u00f5es e pela companhia espiritual, enquanto, por sua vez, assegura a sua ora\u00e7\u00e3o a todos nestes belos dias de prepara\u00e7\u00e3o para a anual Solenidade do Pai Nosso e do Irm\u00e3o S\u00e3o Francisco.<\/p>\n<p><em>Fraternalmente,<\/em><\/p>\n<p><em>Gabinete de Comunica\u00e7\u00e3o da C\u00faria Geral<\/em><br \/>\n<em>Roma<\/em><\/p>\n","protected":false},"excerpt":{"rendered":"<p>Comunicado da C\u00faria Geral<\/p>\n","protected":false},"author":3,"featured_media":234470,"comment_status":"open","ping_status":"open","sticky":false,"template":"","format":"standard","meta":[],"categories":[1],"tags":[184],"acf":[],"yoast_head":"<!-- This site is optimized with the Yoast SEO plugin v19.2 - https:\/\/yoast.com\/wordpress\/plugins\/seo\/ -->\n<title>Ministro Geral testa positivo para Covid-19 - Not\u00edcias - Franciscanos<\/title>\n<meta name=\"robots\" content=\"index, follow, max-snippet:-1, max-image-preview:large, max-video-preview:-1\" \/>\n<link rel=\"canonical\" href=\"https:\/\/franciscanos.org.br\/noticias\/ministro-geral-testa-positivo-para-covid-19.html\" \/>\n<meta property=\"og:locale\" content=\"pt_BR\" \/>\n<meta property=\"og:type\" content=\"article\" \/>\n<meta property=\"og:title\" content=\"Ministro Geral testa positivo para Covid-19 - Not\u00edcias - Franciscanos\" \/>\n<meta property=\"og:description\" content=\"Comunicado da C\u00faria Geral\" \/>\n<meta property=\"og:url\" content=\"https:\/\/franciscanos.org.br\/noticias\/ministro-geral-testa-positivo-para-covid-19.html\" \/>\n<meta property=\"og:site_name\" content=\"Not\u00edcias - Franciscanos\" \/>\n<meta property=\"article:published_time\" content=\"2021-09-27T12:19:20+00:00\" \/>\n<meta property=\"og:image\" content=\"https:\/\/franciscanos.org.br\/noticias\/wp-content\/uploads\/2021\/09\/geral_270921d.jpg\" \/>\n\t<meta property=\"og:image:width\" content=\"800\" \/>\n\t<meta property=\"og:image:height\" content=\"550\" \/>\n\t<meta property=\"og:image:type\" content=\"image\/jpeg\" \/>\n<meta name=\"author\" content=\"moacir\" \/>\n<meta name=\"twitter:card\" content=\"summary_large_image\" \/>\n<meta name=\"twitter:label1\" content=\"Escrito por\" \/>\n\t<meta name=\"twitter:data1\" content=\"moacir\" \/>\n\t<meta name=\"twitter:label2\" content=\"Est. tempo de leitura\" \/>\n\t<meta name=\"twitter:data2\" content=\"2 minutos\" \/>\n<script type=\"application\/ld+json\" class=\"yoast-schema-graph\">{\"@context\":\"https:\/\/schema.org\",\"@graph\":[{\"@type\":\"WebSite\",\"@id\":\"https:\/\/franciscanos.org.br\/noticias\/#website\",\"url\":\"https:\/\/franciscanos.org.br\/noticias\/\",\"name\":\"Not\u00edcias - Franciscanos\",\"description\":\"Prov\u00edncia Franciscana da Imaculada Concei\u00e7\u00e3o do Brasil - Ordem dos Frades Menores - OFM\",\"potentialAction\":[{\"@type\":\"SearchAction\",\"target\":{\"@type\":\"EntryPoint\",\"urlTemplate\":\"https:\/\/franciscanos.org.br\/noticias\/?s={search_term_string}\"},\"query-input\":\"required name=search_term_string\"}],\"inLanguage\":\"pt-BR\"},{\"@type\":\"ImageObject\",\"inLanguage\":\"pt-BR\",\"@id\":\"https:\/\/franciscanos.org.br\/noticias\/ministro-geral-testa-positivo-para-covid-19.html#primaryimage\",\"url\":\"https:\/\/franciscanos.org.br\/noticias\/wp-content\/uploads\/2021\/09\/geral_270921d.jpg\",\"contentUrl\":\"https:\/\/franciscanos.org.br\/noticias\/wp-content\/uploads\/2021\/09\/geral_270921d.jpg\",\"width\":800,\"height\":550},{\"@type\":\"WebPage\",\"@id\":\"https:\/\/franciscanos.org.br\/noticias\/ministro-geral-testa-positivo-para-covid-19.html#webpage\",\"url\":\"https:\/\/franciscanos.org.br\/noticias\/ministro-geral-testa-positivo-para-covid-19.html\",\"name\":\"Ministro Geral testa positivo para Covid-19 - Not\u00edcias - Franciscanos\",\"isPartOf\":{\"@id\":\"https:\/\/franciscanos.org.br\/noticias\/#website\"},\"primaryImageOfPage\":{\"@id\":\"https:\/\/franciscanos.org.br\/noticias\/ministro-geral-testa-positivo-para-covid-19.html#primaryimage\"},\"datePublished\":\"2021-09-27T12:19:20+00:00\",\"dateModified\":\"2021-09-27T12:19:20+00:00\",\"author\":{\"@id\":\"https:\/\/franciscanos.org.br\/noticias\/#\/schema\/person\/b5c8cba458c330ccff548b056e95a5d4\"},\"breadcrumb\":{\"@id\":\"https:\/\/franciscanos.org.br\/noticias\/ministro-geral-testa-positivo-para-covid-19.html#breadcrumb\"},\"inLanguage\":\"pt-BR\",\"potentialAction\":[{\"@type\":\"ReadAction\",\"target\":[\"https:\/\/franciscanos.org.br\/noticias\/ministro-geral-testa-positivo-para-covid-19.html\"]}]},{\"@type\":\"BreadcrumbList\",\"@id\":\"https:\/\/franciscanos.org.br\/noticias\/ministro-geral-testa-positivo-para-covid-19.html#breadcrumb\",\"itemListElement\":[{\"@type\":\"ListItem\",\"position\":1,\"name\":\"Home\",\"item\":\"https:\/\/franciscanos.org.br\/noticias\"},{\"@type\":\"ListItem\",\"position\":2,\"name\":\"Ministro Geral testa positivo para Covid-19\"}]},{\"@type\":\"Person\",\"@id\":\"https:\/\/franciscanos.org.br\/noticias\/#\/schema\/person\/b5c8cba458c330ccff548b056e95a5d4\",\"name\":\"moacir\",\"image\":{\"@type\":\"ImageObject\",\"inLanguage\":\"pt-BR\",\"@id\":\"https:\/\/franciscanos.org.br\/noticias\/#\/schema\/person\/image\/\",\"url\":\"https:\/\/secure.gravatar.com\/avatar\/d08aa2ce4c8dd416d4479aa8536fcf64?s=96&d=mm&r=g\",\"contentUrl\":\"https:\/\/secure.gravatar.com\/avatar\/d08aa2ce4c8dd416d4479aa8536fcf64?s=96&d=mm&r=g\",\"caption\":\"moacir\"},\"url\":\"https:\/\/franciscanos.org.br\/noticias\/author\/moacir\"}]}<\/script>\n<!-- \/ Yoast SEO plugin. -->","yoast_head_json":{"title":"Ministro Geral testa positivo para Covid-19 - Not\u00edcias - Franciscanos","robots":{"index":"index","follow":"follow","max-snippet":"max-snippet:-1","max-image-preview":"max-image-preview:large","max-video-preview":"max-video-preview:-1"},"canonical":"https:\/\/franciscanos.org.br\/noticias\/ministro-geral-testa-positivo-para-covid-19.html","og_locale":"pt_BR","og_type":"article","og_title":"Ministro Geral testa positivo para Covid-19 - Not\u00edcias - Franciscanos","og_description":"Comunicado da C\u00faria Geral","og_url":"https:\/\/franciscanos.org.br\/noticias\/ministro-geral-testa-positivo-para-covid-19.html","og_site_name":"Not\u00edcias - Franciscanos","article_published_time":"2021-09-27T12:19:20+00:00","og_image":[{"width":800,"height":550,"url":"https:\/\/franciscanos.org.br\/noticias\/wp-content\/uploads\/2021\/09\/geral_270921d.jpg","type":"image\/jpeg"}],"author":"moacir","twitter_card":"summary_large_image","twitter_misc":{"Escrito por":"moacir","Est. tempo de leitura":"2 minutos"},"schema":{"@context":"https:\/\/schema.org","@graph":[{"@type":"WebSite","@id":"https:\/\/franciscanos.org.br\/noticias\/#website","url":"https:\/\/franciscanos.org.br\/noticias\/","name":"Not\u00edcias - Franciscanos","description":"Prov\u00edncia Franciscana da Imaculada Concei\u00e7\u00e3o do Brasil - Ordem dos Frades Menores - OFM","potentialAction":[{"@type":"SearchAction","target":{"@type":"EntryPoint","urlTemplate":"https:\/\/franciscanos.org.br\/noticias\/?s={search_term_string}"},"query-input":"required name=search_term_string"}],"inLanguage":"pt-BR"},{"@type":"ImageObject","inLanguage":"pt-BR","@id":"https:\/\/franciscanos.org.br\/noticias\/ministro-geral-testa-positivo-para-covid-19.html#primaryimage","url":"https:\/\/franciscanos.org.br\/noticias\/wp-content\/uploads\/2021\/09\/geral_270921d.jpg","contentUrl":"https:\/\/franciscanos.org.br\/noticias\/wp-content\/uploads\/2021\/09\/geral_270921d.jpg","width":800,"height":550},{"@type":"WebPage","@id":"https:\/\/franciscanos.org.br\/noticias\/ministro-geral-testa-positivo-para-covid-19.html#webpage","url":"https:\/\/franciscanos.org.br\/noticias\/ministro-geral-testa-positivo-para-covid-19.html","name":"Ministro Geral testa positivo para Covid-19 - Not\u00edcias - Franciscanos","isPartOf":{"@id":"https:\/\/franciscanos.org.br\/noticias\/#website"},"primaryImageOfPage":{"@id":"https:\/\/franciscanos.org.br\/noticias\/ministro-geral-testa-positivo-para-covid-19.html#primaryimage"},"datePublished":"2021-09-27T12:19:20+00:00","dateModified":"2021-09-27T12:19:20+00:00","author":{"@id":"https:\/\/franciscanos.org.br\/noticias\/#\/schema\/person\/b5c8cba458c330ccff548b056e95a5d4"},"breadcrumb":{"@id":"https:\/\/franciscanos.org.br\/noticias\/ministro-geral-testa-positivo-para-covid-19.html#breadcrumb"},"inLanguage":"pt-BR","potentialAction":[{"@type":"ReadAction","target":["https:\/\/franciscanos.org.br\/noticias\/ministro-geral-testa-positivo-para-covid-19.html"]}]},{"@type":"BreadcrumbList","@id":"https:\/\/franciscanos.org.br\/noticias\/ministro-geral-testa-positivo-para-covid-19.html#breadcrumb","itemListElement":[{"@type":"ListItem","position":1,"name":"Home","item":"https:\/\/franciscanos.org.br\/noticias"},{"@type":"ListItem","position":2,"name":"Ministro Geral testa positivo para Covid-19"}]},{"@type":"Person","@id":"https:\/\/franciscanos.org.br\/noticias\/#\/schema\/person\/b5c8cba458c330ccff548b056e95a5d4","name":"moacir","image":{"@type":"ImageObject","inLanguage":"pt-BR","@id":"https:\/\/franciscanos.org.br\/noticias\/#\/schema\/person\/image\/","url":"https:\/\/secure.gravatar.com\/avatar\/d08aa2ce4c8dd416d4479aa8536fcf64?s=96&d=mm&r=g","contentUrl":"https:\/\/secure.gravatar.com\/avatar\/d08aa2ce4c8dd416d4479aa8536fcf64?s=96&d=mm&r=g","caption":"moacir"},"url":"https:\/\/franciscanos.org.br\/noticias\/author\/moacir"}]}},"_links":{"self":[{"href":"https:\/\/franciscanos.org.br\/noticias\/wp-json\/wp\/v2\/posts\/234468"}],"collection":[{"href":"https:\/\/franciscanos.org.br\/noticias\/wp-json\/wp\/v2\/posts"}],"about":[{"href":"https:\/\/franciscanos.org.br\/noticias\/wp-json\/wp\/v2\/types\/post"}],"author":[{"embeddable":true,"href":"https:\/\/franciscanos.org.br\/noticias\/wp-json\/wp\/v2\/users\/3"}],"replies":[{"embeddable":true,"href":"https:\/\/franciscanos.org.br\/noticias\/wp-json\/wp\/v2\/comments?post=234468"}],"version-history":[{"count":1,"href":"https:\/\/franciscanos.org.br\/noticias\/wp-json\/wp\/v2\/posts\/234468\/revisions"}],"predecessor-version":[{"id":234471,"href":"https:\/\/franciscanos.org.br\/noticias\/wp-json\/wp\/v2\/posts\/234468\/revisions\/234471"}],"wp:featuredmedia":[{"embeddable":true,"href":"https:\/\/franciscanos.org.br\/noticias\/wp-json\/wp\/v2\/media\/234470"}],"wp:attachment":[{"href":"https:\/\/franciscanos.org.br\/noticias\/wp-json\/wp\/v2\/media?parent=234468"}],"wp:term":[{"taxonomy":"category","embeddable":true,"href":"https:\/\/franciscanos.org.br\/noticias\/wp-json\/wp\/v2\/categories?post=234468"},{"taxonomy":"post_tag","embeddable":true,"href":"https:\/\/franciscanos.org.br\/noticias\/wp-json\/wp\/v2\/tags?post=234468"}],"curies":[{"name":"wp","href":"https:\/\/api.w.org\/{rel}","templated":true}]}}