{"id":234447,"date":"2021-09-25T19:17:51","date_gmt":"2021-09-25T22:17:51","guid":{"rendered":"https:\/\/franciscanos.org.br\/noticias\/?p=234447"},"modified":"2023-04-27T14:00:50","modified_gmt":"2023-04-27T17:00:50","slug":"no-convento-sao-francisco-a-homenagem-aos-nordestinos","status":"publish","type":"post","link":"https:\/\/franciscanos.org.br\/noticias\/no-convento-sao-francisco-a-homenagem-aos-nordestinos.html","title":{"rendered":"No Convento S\u00e3o Francisco, a homenagem aos nordestinos"},"content":{"rendered":"<p><img loading=\"lazy\" class=\"alignnone wp-image-234448 size-full\" src=\"https:\/\/franciscanos.org.br\/noticias\/wp-content\/uploads\/2021\/09\/nordestina_250921.png\" alt=\"\" width=\"1280\" height=\"720\" srcset=\"https:\/\/franciscanos.org.br\/noticias\/wp-content\/uploads\/2021\/09\/nordestina_250921.png 1280w, https:\/\/franciscanos.org.br\/noticias\/wp-content\/uploads\/2021\/09\/nordestina_250921-450x253.png 450w, https:\/\/franciscanos.org.br\/noticias\/wp-content\/uploads\/2021\/09\/nordestina_250921-1024x576.png 1024w, https:\/\/franciscanos.org.br\/noticias\/wp-content\/uploads\/2021\/09\/nordestina_250921-768x432.png 768w, https:\/\/franciscanos.org.br\/noticias\/wp-content\/uploads\/2021\/09\/nordestina_250921-150x84.png 150w\" sizes=\"(max-width: 1280px) 100vw, 1280px\" \/><\/p>\n<p><strong>\u00a0<\/strong><strong>S\u00e3o Paulo (SP)<\/strong> &#8211; Pela s\u00e9tima vez (ano passado n\u00e3o teve por causa da pandemia), o Santu\u00e1rio S\u00e3o Francisco, no Largo S\u00e3o Francisco no centro da capital paulista, celebrou a Missa Nordestina, uma homenagem aos nordestinos que vivem nesta capital e um momento especial para recordar uma devo\u00e7\u00e3o muito forte no Nordeste: S\u00e3o Francisco das Chagas.<\/p>\n<p>A equipe lit\u00fargica do Santu\u00e1rio, sob a coordena\u00e7\u00e3o do reitor Frei M\u00e1rio Tagliari, preparou uma bela Celebra\u00e7\u00e3o Eucar\u00edstica com a ajuda da Pastoral do Migrante de S\u00e3o Paulo e dos Postulantes da Prov\u00edncia da Imaculada. O estandarte reproduzindo S\u00e3o Francisco das Chagas do Santu\u00e1rio de Canind\u00e9, no Cear\u00e1, abriu a prociss\u00e3o de entrada, \u00e0s 15 horas deste s\u00e1bado, 25 de setembro, ao som de cantos populares. Tamb\u00e9m estava na prociss\u00e3o de entrada o cartaz da 36\u00aa Semana do Migrante, que neste ano tem o tema \u201cMigra\u00e7\u00e3o e di\u00e1logo\u201d.<\/p>\n<p>Como concelebrante, Frei Alisson Zanetti, que veio acompanhando os postulantes do Semin\u00e1rio Frei Galv\u00e3o, em Guaratinguet\u00e1. Eles deixaram a celebra\u00e7\u00e3o mais bonita com a anima\u00e7\u00e3o dos cantos. Frei M\u00e1rio lembrou que todos os anos esta Missa \u00e9 presidida pelo Vig\u00e1rio Provincial, Frei Gustavo Medella, mas neste ano n\u00e3o p\u00f4de por motivo de sa\u00fade.<\/p>\n\n\t\t<style type=\"text\/css\">\n\t\t\t#gallery-1 {\n\t\t\t\tmargin: auto;\n\t\t\t}\n\t\t\t#gallery-1 .gallery-item {\n\t\t\t\tfloat: left;\n\t\t\t\tmargin-top: 10px;\n\t\t\t\ttext-align: center;\n\t\t\t\twidth: 20%;\n\t\t\t}\n\t\t\t#gallery-1 img {\n\t\t\t\tborder: 2px solid #cfcfcf;\n\t\t\t}\n\t\t\t#gallery-1 .gallery-caption {\n\t\t\t\tmargin-left: 0;\n\t\t\t}\n\t\t\t\/* see gallery_shortcode() in wp-includes\/media.php *\/\n\t\t<\/style>\n\t\t<div id='gallery-1' class='gallery galleryid-234447 gallery-columns-5 gallery-size-thumbnail'><dl class='gallery-item'>\n\t\t\t<dt class='gallery-icon landscape'>\n\t\t\t\t<a href='https:\/\/franciscanos.org.br\/noticias\/wp-content\/uploads\/2021\/09\/nordestina_00.png'><img width=\"300\" height=\"300\" src=\"https:\/\/franciscanos.org.br\/noticias\/wp-content\/uploads\/2021\/09\/nordestina_00-300x300.png\" class=\"attachment-thumbnail size-thumbnail\" alt=\"\" loading=\"lazy\" srcset=\"https:\/\/franciscanos.org.br\/noticias\/wp-content\/uploads\/2021\/09\/nordestina_00-300x300.png 300w, https:\/\/franciscanos.org.br\/noticias\/wp-content\/uploads\/2021\/09\/nordestina_00-100x100.png 100w\" sizes=\"(max-width: 300px) 100vw, 300px\" \/><\/a>\n\t\t\t<\/dt><\/dl><dl class='gallery-item'>\n\t\t\t<dt class='gallery-icon landscape'>\n\t\t\t\t<a href='https:\/\/franciscanos.org.br\/noticias\/wp-content\/uploads\/2021\/09\/nordestina_01.png'><img width=\"300\" height=\"300\" src=\"https:\/\/franciscanos.org.br\/noticias\/wp-content\/uploads\/2021\/09\/nordestina_01-300x300.png\" class=\"attachment-thumbnail size-thumbnail\" alt=\"\" loading=\"lazy\" srcset=\"https:\/\/franciscanos.org.br\/noticias\/wp-content\/uploads\/2021\/09\/nordestina_01-300x300.png 300w, https:\/\/franciscanos.org.br\/noticias\/wp-content\/uploads\/2021\/09\/nordestina_01-100x100.png 100w\" sizes=\"(max-width: 300px) 100vw, 300px\" \/><\/a>\n\t\t\t<\/dt><\/dl><dl class='gallery-item'>\n\t\t\t<dt class='gallery-icon landscape'>\n\t\t\t\t<a href='https:\/\/franciscanos.org.br\/noticias\/wp-content\/uploads\/2021\/09\/nordestina_02.png'><img width=\"300\" height=\"300\" src=\"https:\/\/franciscanos.org.br\/noticias\/wp-content\/uploads\/2021\/09\/nordestina_02-300x300.png\" class=\"attachment-thumbnail size-thumbnail\" alt=\"\" loading=\"lazy\" srcset=\"https:\/\/franciscanos.org.br\/noticias\/wp-content\/uploads\/2021\/09\/nordestina_02-300x300.png 300w, https:\/\/franciscanos.org.br\/noticias\/wp-content\/uploads\/2021\/09\/nordestina_02-100x100.png 100w\" sizes=\"(max-width: 300px) 100vw, 300px\" \/><\/a>\n\t\t\t<\/dt><\/dl><dl class='gallery-item'>\n\t\t\t<dt class='gallery-icon portrait'>\n\t\t\t\t<a href='https:\/\/franciscanos.org.br\/noticias\/wp-content\/uploads\/2021\/09\/nordestina_03.png'><img width=\"300\" height=\"300\" src=\"https:\/\/franciscanos.org.br\/noticias\/wp-content\/uploads\/2021\/09\/nordestina_03-300x300.png\" class=\"attachment-thumbnail size-thumbnail\" alt=\"\" loading=\"lazy\" srcset=\"https:\/\/franciscanos.org.br\/noticias\/wp-content\/uploads\/2021\/09\/nordestina_03-300x300.png 300w, https:\/\/franciscanos.org.br\/noticias\/wp-content\/uploads\/2021\/09\/nordestina_03-100x100.png 100w\" sizes=\"(max-width: 300px) 100vw, 300px\" \/><\/a>\n\t\t\t<\/dt><\/dl><dl class='gallery-item'>\n\t\t\t<dt class='gallery-icon landscape'>\n\t\t\t\t<a href='https:\/\/franciscanos.org.br\/noticias\/wp-content\/uploads\/2021\/09\/nordestina_04.png'><img width=\"300\" height=\"300\" src=\"https:\/\/franciscanos.org.br\/noticias\/wp-content\/uploads\/2021\/09\/nordestina_04-300x300.png\" class=\"attachment-thumbnail size-thumbnail\" alt=\"\" loading=\"lazy\" srcset=\"https:\/\/franciscanos.org.br\/noticias\/wp-content\/uploads\/2021\/09\/nordestina_04-300x300.png 300w, https:\/\/franciscanos.org.br\/noticias\/wp-content\/uploads\/2021\/09\/nordestina_04-100x100.png 100w\" sizes=\"(max-width: 300px) 100vw, 300px\" \/><\/a>\n\t\t\t<\/dt><\/dl><br style=\"clear: both\" \/>\n\t\t<\/div>\n\n<p>A Festa das Chagas de S\u00e3o Francisco \u00e9 celebrada pela Fam\u00edlia Franciscana no dia 17 de setembro. Em Canind\u00e9, ela d\u00e1 in\u00edcio aos festejos de S\u00e3o Francisco. Na capital paulista, esta Missa tamb\u00e9m abriu os festejos em honra do Padroeiro do Convento e Santu\u00e1rio, a ser celebrado no dia 4 de outubro. \u00c0s 10 horas teve in\u00edcio a Novena de S\u00e3o Francisco com o tema &#8220;Francisco de Assis, homem do encontro e da paz&#8221;. O celebrante falou sobre o significado das Chagas na vida de S\u00e3o Francisco e na nossa vida.<\/p>\n<p>Frei M\u00e1rio tomou como base o salmo 136 &#8211; &#8220;Que se prenda a minha l\u00edngua ao c\u00e9u da boca se de ti, Jerusal\u00e9m, eu me esquecer. Junto aos rios da Babil\u00f4nia n\u00f3s sent\u00e1vamos chorando com saudades de Si\u00e3o!&#8221; &#8211; para lembrar de modo especial o povo que migra. &#8220;De modo especial aqui os nordestinos, que migram em busca de melhores condi\u00e7\u00f5es de vida nas capitais mais desenvolvidas&#8221;, explicou o celebrante. Neste domingo, 26 de setembro, \u00e9 celebrado o Dia Mundial do Migrante e do Refugiado.<\/p>\n<p><img loading=\"lazy\" class=\"alignnone wp-image-234455 size-full\" src=\"https:\/\/franciscanos.org.br\/noticias\/wp-content\/uploads\/2021\/09\/nordestina_250921_2.jpg\" alt=\"\" width=\"1200\" height=\"1338\" srcset=\"https:\/\/franciscanos.org.br\/noticias\/wp-content\/uploads\/2021\/09\/nordestina_250921_2.jpg 969w, https:\/\/franciscanos.org.br\/noticias\/wp-content\/uploads\/2021\/09\/nordestina_250921_2-404x450.jpg 404w, https:\/\/franciscanos.org.br\/noticias\/wp-content\/uploads\/2021\/09\/nordestina_250921_2-918x1024.jpg 918w, https:\/\/franciscanos.org.br\/noticias\/wp-content\/uploads\/2021\/09\/nordestina_250921_2-768x856.jpg 768w, https:\/\/franciscanos.org.br\/noticias\/wp-content\/uploads\/2021\/09\/nordestina_250921_2-150x167.jpg 150w\" sizes=\"(max-width: 1200px) 100vw, 1200px\" \/><\/p>\n<p>&#8220;Esse salmo nos faz lembrar as dificuldades para nos encontrarmos, para sorrir, para sermos felizes quando estamos distantes da nossa cultura, da nossa gente, muitas vezes da nossa familia. Por isso nasceu a ideia de se fazer sempre, por ocasi\u00e3o da festa de S\u00e3o Francisco das Chagas, uma Missa Nordestina Franciscana, lembrando S\u00e3o Francisco das Chagas e o Santu\u00e1rio de Canind\u00e9&#8221;, acrescentou Frei M\u00e1rio, contando que o estandarte veio de l\u00e1.<\/p>\n<p>Frei M\u00e1rio lembrou que se tomou a liturgia das Chagas de S\u00e3o Francisco nesta celebra\u00e7\u00e3o. &#8220;Por isso, as leituras de hoje nos lembram a cruz de Cristo e S\u00e3o Paulo nos diz que s\u00f3 quer gloriar-se da cruz de Nosso Senhor Jesus Cristo (Gl 6,14), para a qual est\u00e1 crucificado. E em S\u00e3o Francisco de Assis, as chagas n\u00e3o aconteceram num piscar de olhos. Mas podemos dizer que elas foram uma busca constante de identifica\u00e7\u00e3o com o Cristo Crucificado&#8221;, disse. Segundo o frade, esse processo come\u00e7a na convers\u00e3o de Francisco diante do Crucifixo de S\u00e3o Dami\u00e3o, naquela igreja em ru\u00ednas, voltando da guerra, para onde foi com o sonho de ser cavaleiro. &#8220;Ele acaba sendo cavaleiro de outro Senhor e tudo culmina no Monte Alverne quando acontece essa identifica\u00e7\u00e3o com o Cristo&#8221;, explicou Frei M\u00e1rio.<\/p>\n<p><img loading=\"lazy\" class=\"alignnone wp-image-234456 size-full\" src=\"https:\/\/franciscanos.org.br\/noticias\/wp-content\/uploads\/2021\/09\/nordestina_250921_3.png\" alt=\"\" width=\"1200\" height=\"900\" srcset=\"https:\/\/franciscanos.org.br\/noticias\/wp-content\/uploads\/2021\/09\/nordestina_250921_3.png 1200w, https:\/\/franciscanos.org.br\/noticias\/wp-content\/uploads\/2021\/09\/nordestina_250921_3-450x338.png 450w, https:\/\/franciscanos.org.br\/noticias\/wp-content\/uploads\/2021\/09\/nordestina_250921_3-1024x768.png 1024w, https:\/\/franciscanos.org.br\/noticias\/wp-content\/uploads\/2021\/09\/nordestina_250921_3-768x576.png 768w, https:\/\/franciscanos.org.br\/noticias\/wp-content\/uploads\/2021\/09\/nordestina_250921_3-150x113.png 150w, https:\/\/franciscanos.org.br\/noticias\/wp-content\/uploads\/2021\/09\/nordestina_250921_3-600x450.png 600w\" sizes=\"(max-width: 1200px) 100vw, 1200px\" \/><\/p>\n<p>Para o celebrante, essa identifica\u00e7\u00e3o com o Cristo Crucificado era t\u00e3o grande que S\u00e3o Francisco chorava porque o &#8216;Amor n\u00e3o \u00e9 Amado&#8217;. &#8220;Mas por que o amor n\u00e3o \u00e9 amado? Porque as pessoas sofriam, o amor de Deus n\u00e3o era verdadeiramente amado pelas pessoas. Tamb\u00e9m naquele tempo havia muita indiferen\u00e7a pela dor e pelo sofrimento dos outros. Francisco quer e vai de encontro cada vez mais com a Cruz, com o sofrimento, com a dor dos irm\u00e3os. Ele pede: &#8216;Senhor, me conceda duas gra\u00e7as quando poss\u00edvel: que eu possa sentir no meu corpo a sua dor, a dor Crucificado, e a sua paix\u00e3o em dar a vida pelas pessoas. E assim, no dia 17 de setembro, quando S\u00e3o Francisco fazia a Quaresma de S\u00e3o Miguel, contemplando a cruz no Monte Alverne, ele recebe os estigmas. Ele recebe no seu corpo as chagas de Cristo. Francisco caminha com os irm\u00e3os por mais dois anos e termina o &#8216;C\u00e2ntico das Criaturas&#8217; louvando a Deus pela irm\u00e3 morte&#8221;, contou o frade, lembrando que a morte de S\u00e3o Francisco ser\u00e1 celebrada no dia 3, \u00e0s 18 horas, no Convento.<\/p>\n\n\t\t<style type=\"text\/css\">\n\t\t\t#gallery-2 {\n\t\t\t\tmargin: auto;\n\t\t\t}\n\t\t\t#gallery-2 .gallery-item {\n\t\t\t\tfloat: left;\n\t\t\t\tmargin-top: 10px;\n\t\t\t\ttext-align: center;\n\t\t\t\twidth: 25%;\n\t\t\t}\n\t\t\t#gallery-2 img {\n\t\t\t\tborder: 2px solid #cfcfcf;\n\t\t\t}\n\t\t\t#gallery-2 .gallery-caption {\n\t\t\t\tmargin-left: 0;\n\t\t\t}\n\t\t\t\/* see gallery_shortcode() in wp-includes\/media.php *\/\n\t\t<\/style>\n\t\t<div id='gallery-2' class='gallery galleryid-234447 gallery-columns-4 gallery-size-thumbnail'><dl class='gallery-item'>\n\t\t\t<dt class='gallery-icon portrait'>\n\t\t\t\t<a href='https:\/\/franciscanos.org.br\/noticias\/wp-content\/uploads\/2021\/09\/nordestina_05.png'><img width=\"300\" height=\"300\" src=\"https:\/\/franciscanos.org.br\/noticias\/wp-content\/uploads\/2021\/09\/nordestina_05-300x300.png\" class=\"attachment-thumbnail size-thumbnail\" alt=\"\" loading=\"lazy\" srcset=\"https:\/\/franciscanos.org.br\/noticias\/wp-content\/uploads\/2021\/09\/nordestina_05-300x300.png 300w, https:\/\/franciscanos.org.br\/noticias\/wp-content\/uploads\/2021\/09\/nordestina_05-100x100.png 100w\" sizes=\"(max-width: 300px) 100vw, 300px\" \/><\/a>\n\t\t\t<\/dt><\/dl><dl class='gallery-item'>\n\t\t\t<dt class='gallery-icon landscape'>\n\t\t\t\t<a href='https:\/\/franciscanos.org.br\/noticias\/wp-content\/uploads\/2021\/09\/nordestina_06.png'><img width=\"300\" height=\"300\" src=\"https:\/\/franciscanos.org.br\/noticias\/wp-content\/uploads\/2021\/09\/nordestina_06-300x300.png\" class=\"attachment-thumbnail size-thumbnail\" alt=\"\" loading=\"lazy\" srcset=\"https:\/\/franciscanos.org.br\/noticias\/wp-content\/uploads\/2021\/09\/nordestina_06-300x300.png 300w, https:\/\/franciscanos.org.br\/noticias\/wp-content\/uploads\/2021\/09\/nordestina_06-100x100.png 100w\" sizes=\"(max-width: 300px) 100vw, 300px\" \/><\/a>\n\t\t\t<\/dt><\/dl><dl class='gallery-item'>\n\t\t\t<dt class='gallery-icon landscape'>\n\t\t\t\t<a href='https:\/\/franciscanos.org.br\/noticias\/wp-content\/uploads\/2021\/09\/nordestina_07.png'><img width=\"300\" height=\"300\" src=\"https:\/\/franciscanos.org.br\/noticias\/wp-content\/uploads\/2021\/09\/nordestina_07-300x300.png\" class=\"attachment-thumbnail size-thumbnail\" alt=\"\" loading=\"lazy\" srcset=\"https:\/\/franciscanos.org.br\/noticias\/wp-content\/uploads\/2021\/09\/nordestina_07-300x300.png 300w, https:\/\/franciscanos.org.br\/noticias\/wp-content\/uploads\/2021\/09\/nordestina_07-100x100.png 100w\" sizes=\"(max-width: 300px) 100vw, 300px\" \/><\/a>\n\t\t\t<\/dt><\/dl><dl class='gallery-item'>\n\t\t\t<dt class='gallery-icon landscape'>\n\t\t\t\t<a href='https:\/\/franciscanos.org.br\/noticias\/wp-content\/uploads\/2021\/09\/nordestina_08.png'><img width=\"300\" height=\"300\" src=\"https:\/\/franciscanos.org.br\/noticias\/wp-content\/uploads\/2021\/09\/nordestina_08-300x300.png\" class=\"attachment-thumbnail size-thumbnail\" alt=\"\" loading=\"lazy\" srcset=\"https:\/\/franciscanos.org.br\/noticias\/wp-content\/uploads\/2021\/09\/nordestina_08-300x300.png 300w, https:\/\/franciscanos.org.br\/noticias\/wp-content\/uploads\/2021\/09\/nordestina_08-100x100.png 100w\" sizes=\"(max-width: 300px) 100vw, 300px\" \/><\/a>\n\t\t\t<\/dt><\/dl><br style=\"clear: both\" \/>\n\t\t<\/div>\n\n<p>&#8220;Que S\u00e3o Francisco nos ajude a tamb\u00e9m a nos encontrarmos com Cristo Crucificado, mas tamb\u00e9m com o Cristo que nos envia a amarmos, a ajudar os crucificados de hoje, a sermos solid\u00e1rios com a dor e com o sofrimento de nossos irm\u00e3os&#8221;, pediu.<\/p>\n<p>Durante a prociss\u00e3o do Ofert\u00f3rio e na Ora\u00e7\u00e3o dos Fi\u00e9is, muitos pedidos de paz, de respeito pelos migrantes, de solidariedade, de f\u00e9 e esperan\u00e7a no pa\u00eds. A celebra\u00e7\u00e3o terminou com uma prociss\u00e3o com imagens de Nossa Senhora do Nordeste, S\u00e3o Francisco das Chagas, Padre C\u00edcero, Frei Dami\u00e3o e Santa Francisca de Roma, Protetora dos imigrantes.<\/p>\n<p><img loading=\"lazy\" class=\"alignnone wp-image-234461 size-full\" src=\"https:\/\/franciscanos.org.br\/noticias\/wp-content\/uploads\/2021\/09\/nordestina_250921_4.jpg\" alt=\"\" width=\"1200\" height=\"756\" srcset=\"https:\/\/franciscanos.org.br\/noticias\/wp-content\/uploads\/2021\/09\/nordestina_250921_4.jpg 1200w, https:\/\/franciscanos.org.br\/noticias\/wp-content\/uploads\/2021\/09\/nordestina_250921_4-450x284.jpg 450w, https:\/\/franciscanos.org.br\/noticias\/wp-content\/uploads\/2021\/09\/nordestina_250921_4-1024x645.jpg 1024w, https:\/\/franciscanos.org.br\/noticias\/wp-content\/uploads\/2021\/09\/nordestina_250921_4-768x484.jpg 768w, https:\/\/franciscanos.org.br\/noticias\/wp-content\/uploads\/2021\/09\/nordestina_250921_4-150x95.jpg 150w\" sizes=\"(max-width: 1200px) 100vw, 1200px\" \/><\/p>\n<p><strong>EXPOSI\u00c7\u00c3O &#8220;ENCONTROS DE FRANCISCO&#8221;<\/strong><\/p>\n<p>Com 374 anos de funda\u00e7\u00e3o, o Convento S\u00e3o Francisco, no centro da capital paulista, deu in\u00edcio neste s\u00e1bado, 25 de setembro, a uma das novenas e festa de S\u00e3o Francisco mais antigas da cidade. V\u00e1rios eventos marcam esse tempo franciscano no tradicional Largo S\u00e3o Francisco.<\/p>\n<p>Segundo o p\u00e1roco e guardi\u00e3o do Convento, Frei M\u00e1rio Tagliari, este ano o tema do encontro foi escolhido para as reflex\u00f5es. \u201cH\u00e1 mais de um ano vivemos com o isolamento provocado pela pandemia. O Santu\u00e1rio S\u00e3o Francisco, neste ano, quer celebrar o reencontro com a vida sob a luz dos diversos encontros que S\u00e3o Francisco teve durante sua trajet\u00f3ria e que foram determinantes na constru\u00e7\u00e3o de sua hist\u00f3ria e dos seus ensinamentos, resgatando a import\u00e2ncia da dimens\u00e3o do encontro e da paz em nossas vidas\u201d, explicou o frade, ressaltando, contudo, a import\u00e2ncia de as pessoas se vacinarem e n\u00e3o deixarem de usar m\u00e1scara e \u00e1lcool em gel. \u201cTodo cuidado \u00e9 importante para que esse encontro aconte\u00e7a\u201d, explica o frade.<\/p>\n<p><img loading=\"lazy\" class=\"alignnone wp-image-234462 size-full\" src=\"https:\/\/franciscanos.org.br\/noticias\/wp-content\/uploads\/2021\/09\/nordestina_250921_5.png\" alt=\"\" width=\"1200\" height=\"900\" srcset=\"https:\/\/franciscanos.org.br\/noticias\/wp-content\/uploads\/2021\/09\/nordestina_250921_5.png 1200w, https:\/\/franciscanos.org.br\/noticias\/wp-content\/uploads\/2021\/09\/nordestina_250921_5-450x338.png 450w, https:\/\/franciscanos.org.br\/noticias\/wp-content\/uploads\/2021\/09\/nordestina_250921_5-1024x768.png 1024w, https:\/\/franciscanos.org.br\/noticias\/wp-content\/uploads\/2021\/09\/nordestina_250921_5-768x576.png 768w, https:\/\/franciscanos.org.br\/noticias\/wp-content\/uploads\/2021\/09\/nordestina_250921_5-150x113.png 150w, https:\/\/franciscanos.org.br\/noticias\/wp-content\/uploads\/2021\/09\/nordestina_250921_5-600x450.png 600w\" sizes=\"(max-width: 1200px) 100vw, 1200px\" \/><\/p>\n<p>O tema \u201cFrancisco e o encontro com Cristo\u201d abriu a Novena, \u00e0s 10 horas. Logo depois da Missa foi aberta a Exposi\u00e7\u00e3o \u201cEncontros de Francisco\u201d, que acontece no segundo pavimento da Igreja \u2013 espa\u00e7o antigamente reservado apenas \u00e0 clausura da fraternidade \u2013 e tem como objetivo leva o fiel devoto a percorrer um caminho de contempla\u00e7\u00e3o e reflex\u00e3o. \u201cN\u00e3o queremos que a exposi\u00e7\u00e3o seja meramente art\u00edstica, mas sim que nos conduza por um caminho que nos leve ao encontro da ora\u00e7\u00e3o e da paz\u201d, diz Frei Alberto Eckel, um dos idealizadores ao lado de Frei Jhones Martins.<\/p>\n<p>As imagens expostas fazem parte de acervos pessoais dos frades, do Convento S\u00e3o Francisco e da Ordem Franciscana Secular.<\/p>\n<p>A exposi\u00e7\u00e3o de imagens de S\u00e3o Francisco vai at\u00e9 31 de outubro. Ela pode ser visitada \u00e0s ter\u00e7as, sextas e s\u00e1bados, das 9 \u00e0s 15h e domingos, das 9h \u00e0s 13h. Visitas monitoradas para grupos, aos s\u00e1bados. Agendar pelo whatsapp (11) 99546-2500.<\/p>\n<hr \/>\n<p><em>Moacir Beggo<\/em><\/p>\n","protected":false},"excerpt":{"rendered":"<p>Missa Nordestina<\/p>\n","protected":false},"author":3,"featured_media":234449,"comment_status":"open","ping_status":"open","sticky":false,"template":"","format":"standard","meta":[],"categories":[1],"tags":[1530],"acf":[],"yoast_head":"<!-- This site is optimized with the Yoast SEO plugin v19.2 - https:\/\/yoast.com\/wordpress\/plugins\/seo\/ -->\n<title>No Convento S\u00e3o Francisco, a homenagem aos nordestinos - Not\u00edcias - Franciscanos<\/title>\n<meta name=\"robots\" content=\"index, follow, max-snippet:-1, max-image-preview:large, max-video-preview:-1\" \/>\n<link rel=\"canonical\" href=\"https:\/\/franciscanos.org.br\/noticias\/no-convento-sao-francisco-a-homenagem-aos-nordestinos.html\" \/>\n<meta property=\"og:locale\" content=\"pt_BR\" \/>\n<meta property=\"og:type\" content=\"article\" \/>\n<meta property=\"og:title\" content=\"No Convento S\u00e3o Francisco, a homenagem aos nordestinos - Not\u00edcias - Franciscanos\" \/>\n<meta property=\"og:description\" content=\"Missa Nordestina\" \/>\n<meta property=\"og:url\" content=\"https:\/\/franciscanos.org.br\/noticias\/no-convento-sao-francisco-a-homenagem-aos-nordestinos.html\" \/>\n<meta property=\"og:site_name\" content=\"Not\u00edcias - Franciscanos\" \/>\n<meta property=\"article:published_time\" content=\"2021-09-25T22:17:51+00:00\" \/>\n<meta property=\"article:modified_time\" content=\"2023-04-27T17:00:50+00:00\" \/>\n<meta property=\"og:image\" content=\"https:\/\/franciscanos.org.br\/noticias\/wp-content\/uploads\/2021\/09\/nordestina_250921d.png\" \/>\n\t<meta property=\"og:image:width\" content=\"800\" \/>\n\t<meta property=\"og:image:height\" content=\"550\" \/>\n\t<meta property=\"og:image:type\" content=\"image\/png\" \/>\n<meta name=\"author\" content=\"moacir\" \/>\n<meta name=\"twitter:card\" content=\"summary_large_image\" \/>\n<meta name=\"twitter:label1\" content=\"Escrito por\" \/>\n\t<meta name=\"twitter:data1\" content=\"moacir\" \/>\n\t<meta name=\"twitter:label2\" content=\"Est. tempo de leitura\" \/>\n\t<meta name=\"twitter:data2\" content=\"7 minutos\" \/>\n<script type=\"application\/ld+json\" class=\"yoast-schema-graph\">{\"@context\":\"https:\/\/schema.org\",\"@graph\":[{\"@type\":\"WebSite\",\"@id\":\"https:\/\/franciscanos.org.br\/noticias\/#website\",\"url\":\"https:\/\/franciscanos.org.br\/noticias\/\",\"name\":\"Not\u00edcias - Franciscanos\",\"description\":\"Prov\u00edncia Franciscana da Imaculada Concei\u00e7\u00e3o do Brasil - Ordem dos Frades Menores - OFM\",\"potentialAction\":[{\"@type\":\"SearchAction\",\"target\":{\"@type\":\"EntryPoint\",\"urlTemplate\":\"https:\/\/franciscanos.org.br\/noticias\/?s={search_term_string}\"},\"query-input\":\"required name=search_term_string\"}],\"inLanguage\":\"pt-BR\"},{\"@type\":\"ImageObject\",\"inLanguage\":\"pt-BR\",\"@id\":\"https:\/\/franciscanos.org.br\/noticias\/no-convento-sao-francisco-a-homenagem-aos-nordestinos.html#primaryimage\",\"url\":\"https:\/\/franciscanos.org.br\/noticias\/wp-content\/uploads\/2021\/09\/nordestina_250921d.png\",\"contentUrl\":\"https:\/\/franciscanos.org.br\/noticias\/wp-content\/uploads\/2021\/09\/nordestina_250921d.png\",\"width\":800,\"height\":550},{\"@type\":\"WebPage\",\"@id\":\"https:\/\/franciscanos.org.br\/noticias\/no-convento-sao-francisco-a-homenagem-aos-nordestinos.html#webpage\",\"url\":\"https:\/\/franciscanos.org.br\/noticias\/no-convento-sao-francisco-a-homenagem-aos-nordestinos.html\",\"name\":\"No Convento S\u00e3o Francisco, a homenagem aos nordestinos - Not\u00edcias - Franciscanos\",\"isPartOf\":{\"@id\":\"https:\/\/franciscanos.org.br\/noticias\/#website\"},\"primaryImageOfPage\":{\"@id\":\"https:\/\/franciscanos.org.br\/noticias\/no-convento-sao-francisco-a-homenagem-aos-nordestinos.html#primaryimage\"},\"datePublished\":\"2021-09-25T22:17:51+00:00\",\"dateModified\":\"2023-04-27T17:00:50+00:00\",\"author\":{\"@id\":\"https:\/\/franciscanos.org.br\/noticias\/#\/schema\/person\/b5c8cba458c330ccff548b056e95a5d4\"},\"breadcrumb\":{\"@id\":\"https:\/\/franciscanos.org.br\/noticias\/no-convento-sao-francisco-a-homenagem-aos-nordestinos.html#breadcrumb\"},\"inLanguage\":\"pt-BR\",\"potentialAction\":[{\"@type\":\"ReadAction\",\"target\":[\"https:\/\/franciscanos.org.br\/noticias\/no-convento-sao-francisco-a-homenagem-aos-nordestinos.html\"]}]},{\"@type\":\"BreadcrumbList\",\"@id\":\"https:\/\/franciscanos.org.br\/noticias\/no-convento-sao-francisco-a-homenagem-aos-nordestinos.html#breadcrumb\",\"itemListElement\":[{\"@type\":\"ListItem\",\"position\":1,\"name\":\"Home\",\"item\":\"https:\/\/franciscanos.org.br\/noticias\"},{\"@type\":\"ListItem\",\"position\":2,\"name\":\"No Convento S\u00e3o Francisco, a homenagem aos nordestinos\"}]},{\"@type\":\"Person\",\"@id\":\"https:\/\/franciscanos.org.br\/noticias\/#\/schema\/person\/b5c8cba458c330ccff548b056e95a5d4\",\"name\":\"moacir\",\"image\":{\"@type\":\"ImageObject\",\"inLanguage\":\"pt-BR\",\"@id\":\"https:\/\/franciscanos.org.br\/noticias\/#\/schema\/person\/image\/\",\"url\":\"https:\/\/secure.gravatar.com\/avatar\/d08aa2ce4c8dd416d4479aa8536fcf64?s=96&d=mm&r=g\",\"contentUrl\":\"https:\/\/secure.gravatar.com\/avatar\/d08aa2ce4c8dd416d4479aa8536fcf64?s=96&d=mm&r=g\",\"caption\":\"moacir\"},\"url\":\"https:\/\/franciscanos.org.br\/noticias\/author\/moacir\"}]}<\/script>\n<!-- \/ Yoast SEO plugin. -->","yoast_head_json":{"title":"No Convento S\u00e3o Francisco, a homenagem aos nordestinos - Not\u00edcias - Franciscanos","robots":{"index":"index","follow":"follow","max-snippet":"max-snippet:-1","max-image-preview":"max-image-preview:large","max-video-preview":"max-video-preview:-1"},"canonical":"https:\/\/franciscanos.org.br\/noticias\/no-convento-sao-francisco-a-homenagem-aos-nordestinos.html","og_locale":"pt_BR","og_type":"article","og_title":"No Convento S\u00e3o Francisco, a homenagem aos nordestinos - Not\u00edcias - Franciscanos","og_description":"Missa Nordestina","og_url":"https:\/\/franciscanos.org.br\/noticias\/no-convento-sao-francisco-a-homenagem-aos-nordestinos.html","og_site_name":"Not\u00edcias - Franciscanos","article_published_time":"2021-09-25T22:17:51+00:00","article_modified_time":"2023-04-27T17:00:50+00:00","og_image":[{"width":800,"height":550,"url":"https:\/\/franciscanos.org.br\/noticias\/wp-content\/uploads\/2021\/09\/nordestina_250921d.png","type":"image\/png"}],"author":"moacir","twitter_card":"summary_large_image","twitter_misc":{"Escrito por":"moacir","Est. tempo de leitura":"7 minutos"},"schema":{"@context":"https:\/\/schema.org","@graph":[{"@type":"WebSite","@id":"https:\/\/franciscanos.org.br\/noticias\/#website","url":"https:\/\/franciscanos.org.br\/noticias\/","name":"Not\u00edcias - Franciscanos","description":"Prov\u00edncia Franciscana da Imaculada Concei\u00e7\u00e3o do Brasil - Ordem dos Frades Menores - OFM","potentialAction":[{"@type":"SearchAction","target":{"@type":"EntryPoint","urlTemplate":"https:\/\/franciscanos.org.br\/noticias\/?s={search_term_string}"},"query-input":"required name=search_term_string"}],"inLanguage":"pt-BR"},{"@type":"ImageObject","inLanguage":"pt-BR","@id":"https:\/\/franciscanos.org.br\/noticias\/no-convento-sao-francisco-a-homenagem-aos-nordestinos.html#primaryimage","url":"https:\/\/franciscanos.org.br\/noticias\/wp-content\/uploads\/2021\/09\/nordestina_250921d.png","contentUrl":"https:\/\/franciscanos.org.br\/noticias\/wp-content\/uploads\/2021\/09\/nordestina_250921d.png","width":800,"height":550},{"@type":"WebPage","@id":"https:\/\/franciscanos.org.br\/noticias\/no-convento-sao-francisco-a-homenagem-aos-nordestinos.html#webpage","url":"https:\/\/franciscanos.org.br\/noticias\/no-convento-sao-francisco-a-homenagem-aos-nordestinos.html","name":"No Convento S\u00e3o Francisco, a homenagem aos nordestinos - Not\u00edcias - Franciscanos","isPartOf":{"@id":"https:\/\/franciscanos.org.br\/noticias\/#website"},"primaryImageOfPage":{"@id":"https:\/\/franciscanos.org.br\/noticias\/no-convento-sao-francisco-a-homenagem-aos-nordestinos.html#primaryimage"},"datePublished":"2021-09-25T22:17:51+00:00","dateModified":"2023-04-27T17:00:50+00:00","author":{"@id":"https:\/\/franciscanos.org.br\/noticias\/#\/schema\/person\/b5c8cba458c330ccff548b056e95a5d4"},"breadcrumb":{"@id":"https:\/\/franciscanos.org.br\/noticias\/no-convento-sao-francisco-a-homenagem-aos-nordestinos.html#breadcrumb"},"inLanguage":"pt-BR","potentialAction":[{"@type":"ReadAction","target":["https:\/\/franciscanos.org.br\/noticias\/no-convento-sao-francisco-a-homenagem-aos-nordestinos.html"]}]},{"@type":"BreadcrumbList","@id":"https:\/\/franciscanos.org.br\/noticias\/no-convento-sao-francisco-a-homenagem-aos-nordestinos.html#breadcrumb","itemListElement":[{"@type":"ListItem","position":1,"name":"Home","item":"https:\/\/franciscanos.org.br\/noticias"},{"@type":"ListItem","position":2,"name":"No Convento S\u00e3o Francisco, a homenagem aos nordestinos"}]},{"@type":"Person","@id":"https:\/\/franciscanos.org.br\/noticias\/#\/schema\/person\/b5c8cba458c330ccff548b056e95a5d4","name":"moacir","image":{"@type":"ImageObject","inLanguage":"pt-BR","@id":"https:\/\/franciscanos.org.br\/noticias\/#\/schema\/person\/image\/","url":"https:\/\/secure.gravatar.com\/avatar\/d08aa2ce4c8dd416d4479aa8536fcf64?s=96&d=mm&r=g","contentUrl":"https:\/\/secure.gravatar.com\/avatar\/d08aa2ce4c8dd416d4479aa8536fcf64?s=96&d=mm&r=g","caption":"moacir"},"url":"https:\/\/franciscanos.org.br\/noticias\/author\/moacir"}]}},"_links":{"self":[{"href":"https:\/\/franciscanos.org.br\/noticias\/wp-json\/wp\/v2\/posts\/234447"}],"collection":[{"href":"https:\/\/franciscanos.org.br\/noticias\/wp-json\/wp\/v2\/posts"}],"about":[{"href":"https:\/\/franciscanos.org.br\/noticias\/wp-json\/wp\/v2\/types\/post"}],"author":[{"embeddable":true,"href":"https:\/\/franciscanos.org.br\/noticias\/wp-json\/wp\/v2\/users\/3"}],"replies":[{"embeddable":true,"href":"https:\/\/franciscanos.org.br\/noticias\/wp-json\/wp\/v2\/comments?post=234447"}],"version-history":[{"count":3,"href":"https:\/\/franciscanos.org.br\/noticias\/wp-json\/wp\/v2\/posts\/234447\/revisions"}],"predecessor-version":[{"id":243089,"href":"https:\/\/franciscanos.org.br\/noticias\/wp-json\/wp\/v2\/posts\/234447\/revisions\/243089"}],"wp:featuredmedia":[{"embeddable":true,"href":"https:\/\/franciscanos.org.br\/noticias\/wp-json\/wp\/v2\/media\/234449"}],"wp:attachment":[{"href":"https:\/\/franciscanos.org.br\/noticias\/wp-json\/wp\/v2\/media?parent=234447"}],"wp:term":[{"taxonomy":"category","embeddable":true,"href":"https:\/\/franciscanos.org.br\/noticias\/wp-json\/wp\/v2\/categories?post=234447"},{"taxonomy":"post_tag","embeddable":true,"href":"https:\/\/franciscanos.org.br\/noticias\/wp-json\/wp\/v2\/tags?post=234447"}],"curies":[{"name":"wp","href":"https:\/\/api.w.org\/{rel}","templated":true}]}}