{"id":234443,"date":"2021-09-25T06:15:39","date_gmt":"2021-09-25T09:15:39","guid":{"rendered":"https:\/\/franciscanos.org.br\/noticias\/?p=234443"},"modified":"2023-04-27T14:02:47","modified_gmt":"2023-04-27T17:02:47","slug":"missa-nordestina-e-exposicao-encontros-de-francisco-abrem-novena-ao-padroeiro-do-convento-sao-francisco","status":"publish","type":"post","link":"https:\/\/franciscanos.org.br\/noticias\/missa-nordestina-e-exposicao-encontros-de-francisco-abrem-novena-ao-padroeiro-do-convento-sao-francisco.html","title":{"rendered":"Missa Nordestina e Exposi\u00e7\u00e3o &#8220;Encontros de Francisco&#8221; abrem Novena ao Padroeiro do Convento S\u00e3o Francisco"},"content":{"rendered":"<p><img loading=\"lazy\" class=\"alignnone wp-image-234444 size-full\" src=\"https:\/\/franciscanos.org.br\/noticias\/wp-content\/uploads\/2021\/09\/saofrancisco_250921.png\" alt=\"\" width=\"1000\" height=\"380\" srcset=\"https:\/\/franciscanos.org.br\/noticias\/wp-content\/uploads\/2021\/09\/saofrancisco_250921.png 1000w, https:\/\/franciscanos.org.br\/noticias\/wp-content\/uploads\/2021\/09\/saofrancisco_250921-450x171.png 450w, https:\/\/franciscanos.org.br\/noticias\/wp-content\/uploads\/2021\/09\/saofrancisco_250921-768x292.png 768w, https:\/\/franciscanos.org.br\/noticias\/wp-content\/uploads\/2021\/09\/saofrancisco_250921-150x57.png 150w\" sizes=\"(max-width: 1000px) 100vw, 1000px\" \/><\/p>\n<p>Com 374 anos de funda\u00e7\u00e3o, o Santu\u00e1rio e Convento S\u00e3o Francisco, no centro da capital paulista, d\u00e1 in\u00edcio neste s\u00e1bado, 25 de setembro, a uma das novenas e festa de S\u00e3o Francisco mais antigas da cidade.<\/p>\n<p>V\u00e1rios eventos marcam esse tempo franciscano no tradicional Largo S\u00e3o Francisco. Segundo o p\u00e1roco e guardi\u00e3o do Convento, Frei M\u00e1rio Tagliari, este ano o tema do encontro foi escolhido para as reflex\u00f5es. &#8220;H\u00e1 mais de um ano vivemos com o isolamento provocado pela pandemia. O Santu\u00e1rio S\u00e3o Francisco, neste ano, quer celebrar o reencontro com a vida sob a luz dos diversos encontros que S\u00e3o Francisco teve durante sua trajet\u00f3ria e que foram determinantes na<br \/>\nconstru\u00e7\u00e3o de sua hist\u00f3ria e dos seus ensinamentos, resgatando a import\u00e2ncia da dimens\u00e3o do encontro e da paz em nossas vidas&#8221;, explicou o frade, ressaltando, contudo, a import\u00e2ncia de as pessoas se vacinarem e n\u00e3o deixarem de usar m\u00e1scara e \u00e1lcool em gel. &#8220;Todo cuidado \u00e9 importante para que esse encontro aconte\u00e7a&#8221;, explica o frade.<\/p>\n<p>O tema &#8220;Francisco e o encontro com Cristo&#8221; abre a Novena \u00e0s 10 horas e, \u00e0s 15 horas, com a Missa Nordestina.<\/p>\n<p>Logo depois da Missa das 10 horas ser\u00e1 aberta a Exposi\u00e7\u00e3o &#8220;Encontros de Francisco&#8221;, que acontece no segundo pavimento da Igreja &#8211; espa\u00e7o antigamente reservado apenas \u00e0 clausura da fraternidade &#8211; e tem como objetivo leva o fiel devoto a percorrer um caminho de contempla\u00e7\u00e3o e reflex\u00e3o. &#8220;N\u00e3o queremos que a exposi\u00e7\u00e3o seja meramente art\u00edstica, mas sim que nos conduza por um caminho que nos leve ao encontro da ora\u00e7\u00e3o e da paz&#8221;, diz Frei Alberto Eckel, um dos idealizadores ao lado de Frei Jhones Martins.<\/p>\n<p>As imagens expostas fazem parte de acervos pessoais dos frades, do Convento S\u00e3o Francisco e da Ordem Franciscana Secular.<\/p>\n<p>A exposi\u00e7\u00e3o de imagens de S\u00e3o Francisco vai at\u00e9 31 de outubro.<\/p>\n<p>Ela pode ser visitada \u00e0s ter\u00e7as, sextas e s\u00e1bados, das 9 \u00e0s 15h e domingos, das 9h \u00e0s 13h. Visitas monitoradas para grupos, aos s\u00e1bados. Agendar pelo whatsapp (11) 99546-2500.<\/p>\n<p>&nbsp;<\/p>\n","protected":false},"excerpt":{"rendered":"<p>Convento e Santu\u00e1rio S\u00e3o Francisco<\/p>\n","protected":false},"author":3,"featured_media":234445,"comment_status":"open","ping_status":"open","sticky":false,"template":"","format":"standard","meta":[],"categories":[1],"tags":[312],"acf":[],"yoast_head":"<!-- This site is optimized with the Yoast SEO plugin v19.2 - https:\/\/yoast.com\/wordpress\/plugins\/seo\/ -->\n<title>Missa Nordestina e Exposi\u00e7\u00e3o &quot;Encontros de Francisco&quot; abrem Novena ao Padroeiro do Convento S\u00e3o Francisco - Not\u00edcias - Franciscanos<\/title>\n<meta name=\"robots\" content=\"index, follow, max-snippet:-1, max-image-preview:large, max-video-preview:-1\" \/>\n<link rel=\"canonical\" href=\"https:\/\/franciscanos.org.br\/noticias\/missa-nordestina-e-exposicao-encontros-de-francisco-abrem-novena-ao-padroeiro-do-convento-sao-francisco.html\" \/>\n<meta property=\"og:locale\" content=\"pt_BR\" \/>\n<meta property=\"og:type\" content=\"article\" \/>\n<meta property=\"og:title\" content=\"Missa Nordestina e Exposi\u00e7\u00e3o &quot;Encontros de Francisco&quot; abrem Novena ao Padroeiro do Convento S\u00e3o Francisco - Not\u00edcias - Franciscanos\" \/>\n<meta property=\"og:description\" content=\"Convento e Santu\u00e1rio S\u00e3o Francisco\" \/>\n<meta property=\"og:url\" content=\"https:\/\/franciscanos.org.br\/noticias\/missa-nordestina-e-exposicao-encontros-de-francisco-abrem-novena-ao-padroeiro-do-convento-sao-francisco.html\" \/>\n<meta property=\"og:site_name\" content=\"Not\u00edcias - Franciscanos\" \/>\n<meta property=\"article:published_time\" content=\"2021-09-25T09:15:39+00:00\" \/>\n<meta property=\"article:modified_time\" content=\"2023-04-27T17:02:47+00:00\" \/>\n<meta property=\"og:image\" content=\"https:\/\/franciscanos.org.br\/noticias\/wp-content\/uploads\/2021\/09\/francisco_250921d.png\" \/>\n\t<meta property=\"og:image:width\" content=\"1080\" \/>\n\t<meta property=\"og:image:height\" content=\"903\" \/>\n\t<meta property=\"og:image:type\" content=\"image\/png\" \/>\n<meta name=\"author\" content=\"moacir\" \/>\n<meta name=\"twitter:card\" content=\"summary_large_image\" \/>\n<meta name=\"twitter:label1\" content=\"Escrito por\" \/>\n\t<meta name=\"twitter:data1\" content=\"moacir\" \/>\n\t<meta name=\"twitter:label2\" content=\"Est. tempo de leitura\" \/>\n\t<meta name=\"twitter:data2\" content=\"2 minutos\" \/>\n<script type=\"application\/ld+json\" class=\"yoast-schema-graph\">{\"@context\":\"https:\/\/schema.org\",\"@graph\":[{\"@type\":\"WebSite\",\"@id\":\"https:\/\/franciscanos.org.br\/noticias\/#website\",\"url\":\"https:\/\/franciscanos.org.br\/noticias\/\",\"name\":\"Not\u00edcias - Franciscanos\",\"description\":\"Prov\u00edncia Franciscana da Imaculada Concei\u00e7\u00e3o do Brasil - Ordem dos Frades Menores - OFM\",\"potentialAction\":[{\"@type\":\"SearchAction\",\"target\":{\"@type\":\"EntryPoint\",\"urlTemplate\":\"https:\/\/franciscanos.org.br\/noticias\/?s={search_term_string}\"},\"query-input\":\"required name=search_term_string\"}],\"inLanguage\":\"pt-BR\"},{\"@type\":\"ImageObject\",\"inLanguage\":\"pt-BR\",\"@id\":\"https:\/\/franciscanos.org.br\/noticias\/missa-nordestina-e-exposicao-encontros-de-francisco-abrem-novena-ao-padroeiro-do-convento-sao-francisco.html#primaryimage\",\"url\":\"https:\/\/franciscanos.org.br\/noticias\/wp-content\/uploads\/2021\/09\/francisco_250921d.png\",\"contentUrl\":\"https:\/\/franciscanos.org.br\/noticias\/wp-content\/uploads\/2021\/09\/francisco_250921d.png\",\"width\":1080,\"height\":903},{\"@type\":\"WebPage\",\"@id\":\"https:\/\/franciscanos.org.br\/noticias\/missa-nordestina-e-exposicao-encontros-de-francisco-abrem-novena-ao-padroeiro-do-convento-sao-francisco.html#webpage\",\"url\":\"https:\/\/franciscanos.org.br\/noticias\/missa-nordestina-e-exposicao-encontros-de-francisco-abrem-novena-ao-padroeiro-do-convento-sao-francisco.html\",\"name\":\"Missa Nordestina e Exposi\u00e7\u00e3o \\\"Encontros de Francisco\\\" abrem Novena ao Padroeiro do Convento S\u00e3o Francisco - Not\u00edcias - Franciscanos\",\"isPartOf\":{\"@id\":\"https:\/\/franciscanos.org.br\/noticias\/#website\"},\"primaryImageOfPage\":{\"@id\":\"https:\/\/franciscanos.org.br\/noticias\/missa-nordestina-e-exposicao-encontros-de-francisco-abrem-novena-ao-padroeiro-do-convento-sao-francisco.html#primaryimage\"},\"datePublished\":\"2021-09-25T09:15:39+00:00\",\"dateModified\":\"2023-04-27T17:02:47+00:00\",\"author\":{\"@id\":\"https:\/\/franciscanos.org.br\/noticias\/#\/schema\/person\/b5c8cba458c330ccff548b056e95a5d4\"},\"breadcrumb\":{\"@id\":\"https:\/\/franciscanos.org.br\/noticias\/missa-nordestina-e-exposicao-encontros-de-francisco-abrem-novena-ao-padroeiro-do-convento-sao-francisco.html#breadcrumb\"},\"inLanguage\":\"pt-BR\",\"potentialAction\":[{\"@type\":\"ReadAction\",\"target\":[\"https:\/\/franciscanos.org.br\/noticias\/missa-nordestina-e-exposicao-encontros-de-francisco-abrem-novena-ao-padroeiro-do-convento-sao-francisco.html\"]}]},{\"@type\":\"BreadcrumbList\",\"@id\":\"https:\/\/franciscanos.org.br\/noticias\/missa-nordestina-e-exposicao-encontros-de-francisco-abrem-novena-ao-padroeiro-do-convento-sao-francisco.html#breadcrumb\",\"itemListElement\":[{\"@type\":\"ListItem\",\"position\":1,\"name\":\"Home\",\"item\":\"https:\/\/franciscanos.org.br\/noticias\"},{\"@type\":\"ListItem\",\"position\":2,\"name\":\"Missa Nordestina e Exposi\u00e7\u00e3o &#8220;Encontros de Francisco&#8221; abrem Novena ao Padroeiro do Convento S\u00e3o Francisco\"}]},{\"@type\":\"Person\",\"@id\":\"https:\/\/franciscanos.org.br\/noticias\/#\/schema\/person\/b5c8cba458c330ccff548b056e95a5d4\",\"name\":\"moacir\",\"image\":{\"@type\":\"ImageObject\",\"inLanguage\":\"pt-BR\",\"@id\":\"https:\/\/franciscanos.org.br\/noticias\/#\/schema\/person\/image\/\",\"url\":\"https:\/\/secure.gravatar.com\/avatar\/d08aa2ce4c8dd416d4479aa8536fcf64?s=96&d=mm&r=g\",\"contentUrl\":\"https:\/\/secure.gravatar.com\/avatar\/d08aa2ce4c8dd416d4479aa8536fcf64?s=96&d=mm&r=g\",\"caption\":\"moacir\"},\"url\":\"https:\/\/franciscanos.org.br\/noticias\/author\/moacir\"}]}<\/script>\n<!-- \/ Yoast SEO plugin. -->","yoast_head_json":{"title":"Missa Nordestina e Exposi\u00e7\u00e3o \"Encontros de Francisco\" abrem Novena ao Padroeiro do Convento S\u00e3o Francisco - Not\u00edcias - Franciscanos","robots":{"index":"index","follow":"follow","max-snippet":"max-snippet:-1","max-image-preview":"max-image-preview:large","max-video-preview":"max-video-preview:-1"},"canonical":"https:\/\/franciscanos.org.br\/noticias\/missa-nordestina-e-exposicao-encontros-de-francisco-abrem-novena-ao-padroeiro-do-convento-sao-francisco.html","og_locale":"pt_BR","og_type":"article","og_title":"Missa Nordestina e Exposi\u00e7\u00e3o \"Encontros de Francisco\" abrem Novena ao Padroeiro do Convento S\u00e3o Francisco - Not\u00edcias - Franciscanos","og_description":"Convento e Santu\u00e1rio S\u00e3o Francisco","og_url":"https:\/\/franciscanos.org.br\/noticias\/missa-nordestina-e-exposicao-encontros-de-francisco-abrem-novena-ao-padroeiro-do-convento-sao-francisco.html","og_site_name":"Not\u00edcias - Franciscanos","article_published_time":"2021-09-25T09:15:39+00:00","article_modified_time":"2023-04-27T17:02:47+00:00","og_image":[{"width":1080,"height":903,"url":"https:\/\/franciscanos.org.br\/noticias\/wp-content\/uploads\/2021\/09\/francisco_250921d.png","type":"image\/png"}],"author":"moacir","twitter_card":"summary_large_image","twitter_misc":{"Escrito por":"moacir","Est. tempo de leitura":"2 minutos"},"schema":{"@context":"https:\/\/schema.org","@graph":[{"@type":"WebSite","@id":"https:\/\/franciscanos.org.br\/noticias\/#website","url":"https:\/\/franciscanos.org.br\/noticias\/","name":"Not\u00edcias - Franciscanos","description":"Prov\u00edncia Franciscana da Imaculada Concei\u00e7\u00e3o do Brasil - Ordem dos Frades Menores - OFM","potentialAction":[{"@type":"SearchAction","target":{"@type":"EntryPoint","urlTemplate":"https:\/\/franciscanos.org.br\/noticias\/?s={search_term_string}"},"query-input":"required name=search_term_string"}],"inLanguage":"pt-BR"},{"@type":"ImageObject","inLanguage":"pt-BR","@id":"https:\/\/franciscanos.org.br\/noticias\/missa-nordestina-e-exposicao-encontros-de-francisco-abrem-novena-ao-padroeiro-do-convento-sao-francisco.html#primaryimage","url":"https:\/\/franciscanos.org.br\/noticias\/wp-content\/uploads\/2021\/09\/francisco_250921d.png","contentUrl":"https:\/\/franciscanos.org.br\/noticias\/wp-content\/uploads\/2021\/09\/francisco_250921d.png","width":1080,"height":903},{"@type":"WebPage","@id":"https:\/\/franciscanos.org.br\/noticias\/missa-nordestina-e-exposicao-encontros-de-francisco-abrem-novena-ao-padroeiro-do-convento-sao-francisco.html#webpage","url":"https:\/\/franciscanos.org.br\/noticias\/missa-nordestina-e-exposicao-encontros-de-francisco-abrem-novena-ao-padroeiro-do-convento-sao-francisco.html","name":"Missa Nordestina e Exposi\u00e7\u00e3o \"Encontros de Francisco\" abrem Novena ao Padroeiro do Convento S\u00e3o Francisco - Not\u00edcias - Franciscanos","isPartOf":{"@id":"https:\/\/franciscanos.org.br\/noticias\/#website"},"primaryImageOfPage":{"@id":"https:\/\/franciscanos.org.br\/noticias\/missa-nordestina-e-exposicao-encontros-de-francisco-abrem-novena-ao-padroeiro-do-convento-sao-francisco.html#primaryimage"},"datePublished":"2021-09-25T09:15:39+00:00","dateModified":"2023-04-27T17:02:47+00:00","author":{"@id":"https:\/\/franciscanos.org.br\/noticias\/#\/schema\/person\/b5c8cba458c330ccff548b056e95a5d4"},"breadcrumb":{"@id":"https:\/\/franciscanos.org.br\/noticias\/missa-nordestina-e-exposicao-encontros-de-francisco-abrem-novena-ao-padroeiro-do-convento-sao-francisco.html#breadcrumb"},"inLanguage":"pt-BR","potentialAction":[{"@type":"ReadAction","target":["https:\/\/franciscanos.org.br\/noticias\/missa-nordestina-e-exposicao-encontros-de-francisco-abrem-novena-ao-padroeiro-do-convento-sao-francisco.html"]}]},{"@type":"BreadcrumbList","@id":"https:\/\/franciscanos.org.br\/noticias\/missa-nordestina-e-exposicao-encontros-de-francisco-abrem-novena-ao-padroeiro-do-convento-sao-francisco.html#breadcrumb","itemListElement":[{"@type":"ListItem","position":1,"name":"Home","item":"https:\/\/franciscanos.org.br\/noticias"},{"@type":"ListItem","position":2,"name":"Missa Nordestina e Exposi\u00e7\u00e3o &#8220;Encontros de Francisco&#8221; abrem Novena ao Padroeiro do Convento S\u00e3o Francisco"}]},{"@type":"Person","@id":"https:\/\/franciscanos.org.br\/noticias\/#\/schema\/person\/b5c8cba458c330ccff548b056e95a5d4","name":"moacir","image":{"@type":"ImageObject","inLanguage":"pt-BR","@id":"https:\/\/franciscanos.org.br\/noticias\/#\/schema\/person\/image\/","url":"https:\/\/secure.gravatar.com\/avatar\/d08aa2ce4c8dd416d4479aa8536fcf64?s=96&d=mm&r=g","contentUrl":"https:\/\/secure.gravatar.com\/avatar\/d08aa2ce4c8dd416d4479aa8536fcf64?s=96&d=mm&r=g","caption":"moacir"},"url":"https:\/\/franciscanos.org.br\/noticias\/author\/moacir"}]}},"_links":{"self":[{"href":"https:\/\/franciscanos.org.br\/noticias\/wp-json\/wp\/v2\/posts\/234443"}],"collection":[{"href":"https:\/\/franciscanos.org.br\/noticias\/wp-json\/wp\/v2\/posts"}],"about":[{"href":"https:\/\/franciscanos.org.br\/noticias\/wp-json\/wp\/v2\/types\/post"}],"author":[{"embeddable":true,"href":"https:\/\/franciscanos.org.br\/noticias\/wp-json\/wp\/v2\/users\/3"}],"replies":[{"embeddable":true,"href":"https:\/\/franciscanos.org.br\/noticias\/wp-json\/wp\/v2\/comments?post=234443"}],"version-history":[{"count":2,"href":"https:\/\/franciscanos.org.br\/noticias\/wp-json\/wp\/v2\/posts\/234443\/revisions"}],"predecessor-version":[{"id":243090,"href":"https:\/\/franciscanos.org.br\/noticias\/wp-json\/wp\/v2\/posts\/234443\/revisions\/243090"}],"wp:featuredmedia":[{"embeddable":true,"href":"https:\/\/franciscanos.org.br\/noticias\/wp-json\/wp\/v2\/media\/234445"}],"wp:attachment":[{"href":"https:\/\/franciscanos.org.br\/noticias\/wp-json\/wp\/v2\/media?parent=234443"}],"wp:term":[{"taxonomy":"category","embeddable":true,"href":"https:\/\/franciscanos.org.br\/noticias\/wp-json\/wp\/v2\/categories?post=234443"},{"taxonomy":"post_tag","embeddable":true,"href":"https:\/\/franciscanos.org.br\/noticias\/wp-json\/wp\/v2\/tags?post=234443"}],"curies":[{"name":"wp","href":"https:\/\/api.w.org\/{rel}","templated":true}]}}