{"id":234433,"date":"2021-09-23T14:12:52","date_gmt":"2021-09-23T17:12:52","guid":{"rendered":"https:\/\/franciscanos.org.br\/noticias\/?p=234433"},"modified":"2021-09-23T14:13:35","modified_gmt":"2021-09-23T17:13:35","slug":"papa-a-falta-de-caridade-causa-infelicidade-porque-so-o-amor-sacia-o-coracao","status":"publish","type":"post","link":"https:\/\/franciscanos.org.br\/noticias\/papa-a-falta-de-caridade-causa-infelicidade-porque-so-o-amor-sacia-o-coracao.html","title":{"rendered":"Papa: &#8220;A falta de caridade causa infelicidade, porque s\u00f3 o amor sacia o cora\u00e7\u00e3o&#8221;"},"content":{"rendered":"<p>&nbsp;<\/p>\n<div id=\"attachment_234436\" style=\"width: 1290px\" class=\"wp-caption alignnone\"><img aria-describedby=\"caption-attachment-234436\" loading=\"lazy\" class=\"wp-image-234436 size-full\" src=\"https:\/\/franciscanos.org.br\/noticias\/wp-content\/uploads\/2021\/09\/papa_missa_230921.jpg\" alt=\"\" width=\"1280\" height=\"720\" srcset=\"https:\/\/franciscanos.org.br\/noticias\/wp-content\/uploads\/2021\/09\/papa_missa_230921.jpg 1280w, https:\/\/franciscanos.org.br\/noticias\/wp-content\/uploads\/2021\/09\/papa_missa_230921-450x253.jpg 450w, https:\/\/franciscanos.org.br\/noticias\/wp-content\/uploads\/2021\/09\/papa_missa_230921-1024x576.jpg 1024w, https:\/\/franciscanos.org.br\/noticias\/wp-content\/uploads\/2021\/09\/papa_missa_230921-768x432.jpg 768w, https:\/\/franciscanos.org.br\/noticias\/wp-content\/uploads\/2021\/09\/papa_missa_230921-150x84.jpg 150w\" sizes=\"(max-width: 1280px) 100vw, 1280px\" \/><p id=\"caption-attachment-234436\" class=\"wp-caption-text\"><em>\u00a0 \u00a0 \u00a0 \u00a0 \u00a0 \u00a0 \u00a0 \u00a0 \u00a0 \u00a0 \u00a0 \u00a0 \u00a0 \u00a0 \u00a0 \u00a0 \u00a0 \u00a0 \u00a0 \u00a0 \u00a0 \u00a0 \u00a0 \u00a0 \u00a0 \u00a0 \u00a0 \u00a0 \u00a0 \u00a0 \u00a0 \u00a0 \u00a0 \u00a0 \u00a0 \u00a0 \u00a0 \u00a0 \u00a0 \u00a0 \u00a0 \u00a0 \u00a0 \u00a0 \u00a0 \u00a0 \u00a0 \u00a0 \u00a0 \u00a0 \u00a0 \u00a0 \u00a0 \u00a0 \u00a0 \u00a0 \u00a0 \u00a0 \u00a0 \u00a0 \u00a0 \u00a0 \u00a0 \u00a0 \u00a0 Imagem: Vatican Media<\/em><\/p><\/div>\n<p>O Papa Francisco presidiu a celebra\u00e7\u00e3o eucar\u00edstica na Bas\u00edlica de S\u00e3o Pedro, na tarde desta quinta-feira (23\/09), por ocasi\u00e3o da plen\u00e1ria do Conselho das Confer\u00eancias Episcopais da Europa (Ccee) em seu 50\u00b0 anivers\u00e1rio de funda\u00e7\u00e3o.<\/p>\n<p>A plen\u00e1ria teve in\u00edcio, em Roma, nesta quinta-feira e prossegue at\u00e9 domingo, 26 de setembro, sobre o tema &#8220;Ccee, 50 anos a servi\u00e7o da Europa, mem\u00f3ria e perspectivas no horizonte da Fratelli tutti&#8221;.<\/p>\n<p>Francisco iniciou sua homilia, usando tr\u00eas verbos, oferecidos pela Palavra de Deus, que interpelam os crist\u00e3os e os pastores na Europa: refletir, reconstruir e ver.<\/p>\n<p><strong>Refletir nos interpela<\/strong><br \/>\n&#8220;Refletir \u00e9 a primeira coisa que o Senhor convida a fazer por meio do profeta Ageu&#8221;, disse o Papa. \u00abReflitam bem no comportamento de voc\u00eas\u00bb, repete o Senhor duas vezes ao seu povo. \u00abEnt\u00e3o voc\u00eas acham que \u00e9 tempo de morar tranquilos em casas bem cobertas, enquanto o Templo est\u00e1 em ru\u00ednas?\u00bb, diz ainda o Senhor.<\/p>\n<p>Este convite a refletir nos interpela: de fato, tamb\u00e9m hoje na Europa n\u00f3s, crist\u00e3os, somos tentados a acomodar-nos nas nossas estruturas, nas nossas casas e nas nossas igrejas, na seguran\u00e7a das tradi\u00e7\u00f5es, na satisfa\u00e7\u00e3o por um certo consenso, enquanto ao redor os templos se esvaziam e Jesus fica cada vez mais esquecido.<\/p>\n<p>&#8220;Reflitamos! Quantas pessoas deixaram de ter fome e sede de Deus! N\u00e3o porque sejam m\u00e1s, mas porque falta quem lhes abra o apetite da f\u00e9 e reacenda a sede que h\u00e1 no cora\u00e7\u00e3o do homem: aquela que a ditadura do consumismo \u2013 leve, mas sufocante \u2013 tenta extinguir. Muitos s\u00e3o levados a sentir apenas necessidades materiais, n\u00e3o a falta de Deus&#8221;, disse ainda Francisco.<\/p>\n<p>O povo ao qual o Senhor fala por meio do profeta Ageu, tinha tudo o que queria, mas n\u00e3o era feliz. &#8220;A falta de caridade causa infelicidade, porque s\u00f3 o amor sacia o cora\u00e7\u00e3o. Fechados no interesse pelas pr\u00f3prias coisas, os habitantes de Jerusal\u00e9m perderam o sabor da gratuidade. Tamb\u00e9m este pode ser o nosso problema: concentrar-se nas v\u00e1rias posi\u00e7\u00f5es da Igreja, nos debates, nas agendas e estrat\u00e9gias, e perder de vista o verdadeiro programa que \u00e9 o do Evangelho: o zelo da caridade, o ardor da gratuidade. O caminho de sa\u00edda dos problemas e fechamentos \u00e9 sempre o do dom gratuito; n\u00e3o h\u00e1 outro. Reflitamos nisto.&#8221;<\/p>\n<p><strong>Fazer-se artes\u00e3os de comunh\u00e3o<\/strong><br \/>\nO segundo passo \u00e9 reconstruir. \u00abReconstrua o Templo\u00bb, pede Deus atrav\u00e9s do profeta. &#8220;E o povo reconstr\u00f3i o templo. Cessa de contentar-se com um presente tranquilo, e trabalha para o futuro&#8221;.<\/p>\n<p>Disto precisa a constru\u00e7\u00e3o da casa comum europeia: deixar as conveni\u00eancias do imediato para voltar \u00e0 vis\u00e3o clarividente dos pais fundadores, vis\u00e3o prof\u00e9tica e de conjunto, porque n\u00e3o procuravam os consensos do momento, mas sonhavam o futuro de todos. Assim foram constru\u00eddas as paredes da casa europeia e s\u00f3 assim se poder\u00e3o robustecer. O mesmo vale tamb\u00e9m para a Igreja, casa de Deus. Para torn\u00e1-la bela e acolhedora, \u00e9 necess\u00e1rio olhar juntos para o futuro, n\u00e3o restaurar o passado. Sem d\u00favida, devemos partir dos alicerces, porque dali se reconstr\u00f3i: a partir da tradi\u00e7\u00e3o viva da Igreja, que nos alicer\u00e7a sobre o essencial, ou seja, o an\u00fancio feliz, a proximidade e o testemunho. Daqui se reconstr\u00f3i: a partir dos alicerces da Igreja dos prim\u00f3rdios e de sempre, da adora\u00e7\u00e3o a Deus e do amor ao pr\u00f3ximo, n\u00e3o a partir dos gostos de cada um.<\/p>\n<p>A seguir, o Papa agradeceu ao Conselho das Confer\u00eancias Episcopais da Europa &#8220;por estes primeiros 50 anos a servi\u00e7o da Igreja e da Europa. Somos chamados pelo Senhor a trabalhar para que a sua casa seja cada vez mais acolhedora, para que cada um possa entrar e viver nela, para que a Igreja tenha as portas abertas a todos e ningu\u00e9m se sinta tentado a concentrar-se apenas em olhar e trocar as fechaduras&#8221;.<\/p>\n<p>Segundo o Papa, &#8220;toda a reconstru\u00e7\u00e3o se realiza em conjunto, sob o signo da unidade, ou seja, com os outros. Pode haver diferentes vis\u00f5es, mas deve-se sempre guardar a unidade. Este \u00e9 o nosso chamado: ser Igreja, formar um s\u00f3 Corpo entre n\u00f3s. \u00c9 a nossa voca\u00e7\u00e3o, como Pastores: reunir o rebanho, n\u00e3o o dispersar nem mesmo preserv\u00e1-lo em belos recintos fechados. Reconstruir significa fazer-se artes\u00e3os de comunh\u00e3o, tecedores de unidade em todos os n\u00edveis: n\u00e3o por estrat\u00e9gia, mas pelo Evangelho&#8221;.<\/p>\n<p><strong>Muitos na Europa pensam que a f\u00e9 seja algo j\u00e1 visto<\/strong><br \/>\nSe edificarmos desta forma, daremos aos nossos irm\u00e3os e irm\u00e3s a chance de ver: \u00e9 o terceiro verbo que &#8220;aparece na conclus\u00e3o do Evangelho de hoje, onde se diz que Herodes procurava \u00abver Jesus\u00bb. Hoje, como ent\u00e3o, fala-se muito de Jesus. Ent\u00e3o dizia-se que \u00abJo\u00e3o ressuscitou dos mortos, (&#8230;) Elias tinha aparecido, (&#8230;) um dos antigos profetas tinha ressuscitado\u00bb. Todos eles mostravam apre\u00e7o por Jesus, mas n\u00e3o compreendiam a sua novidade e o fecharam em esquemas j\u00e1 vistos: Jo\u00e3o, Elias, os profetas&#8230; Jesus, por\u00e9m, n\u00e3o pode ser classificado nos esquemas do \u00abouvi dizer\u00bb ou do \u00abj\u00e1 visto\u00bb&#8221;.<\/p>\n<p>Muitos na Europa pensam que a f\u00e9 seja algo j\u00e1 visto, que pertence ao passado. Por qu\u00ea? Porque n\u00e3o viram Jesus em a\u00e7\u00e3o em suas vidas. E muitas vezes n\u00e3o O viram, porque n\u00f3s n\u00e3o O mostramos suficientemente com as nossas vidas. Pois Deus se v\u00ea nos rostos e nos gestos de homens e mulheres transformados pela sua presen\u00e7a. E se os crist\u00e3os, em vez de irradiarem a alegria contagiante do Evangelho, repropuseram esquemas religiosos gastos, intelectualistas e moralistas, as pessoas n\u00e3o veem o Bom Pastor.<\/p>\n<p>Segundo Francisco, &#8220;este amor divino, misericordioso e impressionante \u00e9 a novidade perene do Evangelho&#8221; que nos pede &#8220;para mostrar Deus, como fizeram os Santos: n\u00e3o por palavras, mas com a vida. Pede ora\u00e7\u00e3o e pobreza, criatividade e gratuidade&#8221;. &#8220;Ajudemos a Europa de hoje, doente de cansa\u00e7o, a reencontrar o rosto sempre jovem de Jesus e de sua esposa. N\u00e3o podemos fazer outra coisa a n\u00e3o ser doar-nos completamente para que se veja esta beleza sem ocaso&#8221;, concluiu o Papa.<\/p>\n<hr \/>\n<p><em>Fonte: Vatican News<\/em><\/p>\n","protected":false},"excerpt":{"rendered":"<p>Missa celebra os 50 anos do Conselho das Confer\u00eancias Episcopais da Europa (Ccee)<\/p>\n","protected":false},"author":3,"featured_media":234434,"comment_status":"open","ping_status":"open","sticky":false,"template":"","format":"standard","meta":[],"categories":[1428],"tags":[1634,1908,55],"acf":[],"yoast_head":"<!-- This site is optimized with the Yoast SEO plugin v19.2 - https:\/\/yoast.com\/wordpress\/plugins\/seo\/ -->\n<title>Papa: &quot;A falta de caridade causa infelicidade, porque s\u00f3 o amor sacia o cora\u00e7\u00e3o&quot; - Not\u00edcias - Franciscanos<\/title>\n<meta name=\"robots\" content=\"index, follow, max-snippet:-1, max-image-preview:large, max-video-preview:-1\" \/>\n<link rel=\"canonical\" href=\"https:\/\/franciscanos.org.br\/noticias\/papa-a-falta-de-caridade-causa-infelicidade-porque-so-o-amor-sacia-o-coracao.html\" \/>\n<meta property=\"og:locale\" content=\"pt_BR\" \/>\n<meta property=\"og:type\" content=\"article\" \/>\n<meta property=\"og:title\" content=\"Papa: &quot;A falta de caridade causa infelicidade, porque s\u00f3 o amor sacia o cora\u00e7\u00e3o&quot; - Not\u00edcias - Franciscanos\" \/>\n<meta property=\"og:description\" content=\"Missa celebra os 50 anos do Conselho das Confer\u00eancias Episcopais da Europa (Ccee)\" \/>\n<meta property=\"og:url\" content=\"https:\/\/franciscanos.org.br\/noticias\/papa-a-falta-de-caridade-causa-infelicidade-porque-so-o-amor-sacia-o-coracao.html\" \/>\n<meta property=\"og:site_name\" content=\"Not\u00edcias - Franciscanos\" \/>\n<meta property=\"article:published_time\" content=\"2021-09-23T17:12:52+00:00\" \/>\n<meta property=\"article:modified_time\" content=\"2021-09-23T17:13:35+00:00\" \/>\n<meta property=\"og:image\" content=\"https:\/\/franciscanos.org.br\/noticias\/wp-content\/uploads\/2021\/09\/papa_missa_230921d.jpg\" \/>\n\t<meta property=\"og:image:width\" content=\"800\" \/>\n\t<meta property=\"og:image:height\" content=\"550\" \/>\n\t<meta property=\"og:image:type\" content=\"image\/jpeg\" \/>\n<meta name=\"author\" content=\"moacir\" \/>\n<meta name=\"twitter:card\" content=\"summary_large_image\" \/>\n<meta name=\"twitter:label1\" content=\"Escrito por\" \/>\n\t<meta name=\"twitter:data1\" content=\"moacir\" \/>\n\t<meta name=\"twitter:label2\" content=\"Est. tempo de leitura\" \/>\n\t<meta name=\"twitter:data2\" content=\"5 minutos\" \/>\n<script type=\"application\/ld+json\" class=\"yoast-schema-graph\">{\"@context\":\"https:\/\/schema.org\",\"@graph\":[{\"@type\":\"WebSite\",\"@id\":\"https:\/\/franciscanos.org.br\/noticias\/#website\",\"url\":\"https:\/\/franciscanos.org.br\/noticias\/\",\"name\":\"Not\u00edcias - Franciscanos\",\"description\":\"Prov\u00edncia Franciscana da Imaculada Concei\u00e7\u00e3o do Brasil - Ordem dos Frades Menores - OFM\",\"potentialAction\":[{\"@type\":\"SearchAction\",\"target\":{\"@type\":\"EntryPoint\",\"urlTemplate\":\"https:\/\/franciscanos.org.br\/noticias\/?s={search_term_string}\"},\"query-input\":\"required name=search_term_string\"}],\"inLanguage\":\"pt-BR\"},{\"@type\":\"ImageObject\",\"inLanguage\":\"pt-BR\",\"@id\":\"https:\/\/franciscanos.org.br\/noticias\/papa-a-falta-de-caridade-causa-infelicidade-porque-so-o-amor-sacia-o-coracao.html#primaryimage\",\"url\":\"https:\/\/franciscanos.org.br\/noticias\/wp-content\/uploads\/2021\/09\/papa_missa_230921d.jpg\",\"contentUrl\":\"https:\/\/franciscanos.org.br\/noticias\/wp-content\/uploads\/2021\/09\/papa_missa_230921d.jpg\",\"width\":800,\"height\":550},{\"@type\":\"WebPage\",\"@id\":\"https:\/\/franciscanos.org.br\/noticias\/papa-a-falta-de-caridade-causa-infelicidade-porque-so-o-amor-sacia-o-coracao.html#webpage\",\"url\":\"https:\/\/franciscanos.org.br\/noticias\/papa-a-falta-de-caridade-causa-infelicidade-porque-so-o-amor-sacia-o-coracao.html\",\"name\":\"Papa: \\\"A falta de caridade causa infelicidade, porque s\u00f3 o amor sacia o cora\u00e7\u00e3o\\\" - Not\u00edcias - Franciscanos\",\"isPartOf\":{\"@id\":\"https:\/\/franciscanos.org.br\/noticias\/#website\"},\"primaryImageOfPage\":{\"@id\":\"https:\/\/franciscanos.org.br\/noticias\/papa-a-falta-de-caridade-causa-infelicidade-porque-so-o-amor-sacia-o-coracao.html#primaryimage\"},\"datePublished\":\"2021-09-23T17:12:52+00:00\",\"dateModified\":\"2021-09-23T17:13:35+00:00\",\"author\":{\"@id\":\"https:\/\/franciscanos.org.br\/noticias\/#\/schema\/person\/b5c8cba458c330ccff548b056e95a5d4\"},\"breadcrumb\":{\"@id\":\"https:\/\/franciscanos.org.br\/noticias\/papa-a-falta-de-caridade-causa-infelicidade-porque-so-o-amor-sacia-o-coracao.html#breadcrumb\"},\"inLanguage\":\"pt-BR\",\"potentialAction\":[{\"@type\":\"ReadAction\",\"target\":[\"https:\/\/franciscanos.org.br\/noticias\/papa-a-falta-de-caridade-causa-infelicidade-porque-so-o-amor-sacia-o-coracao.html\"]}]},{\"@type\":\"BreadcrumbList\",\"@id\":\"https:\/\/franciscanos.org.br\/noticias\/papa-a-falta-de-caridade-causa-infelicidade-porque-so-o-amor-sacia-o-coracao.html#breadcrumb\",\"itemListElement\":[{\"@type\":\"ListItem\",\"position\":1,\"name\":\"Home\",\"item\":\"https:\/\/franciscanos.org.br\/noticias\"},{\"@type\":\"ListItem\",\"position\":2,\"name\":\"Papa: &#8220;A falta de caridade causa infelicidade, porque s\u00f3 o amor sacia o cora\u00e7\u00e3o&#8221;\"}]},{\"@type\":\"Person\",\"@id\":\"https:\/\/franciscanos.org.br\/noticias\/#\/schema\/person\/b5c8cba458c330ccff548b056e95a5d4\",\"name\":\"moacir\",\"image\":{\"@type\":\"ImageObject\",\"inLanguage\":\"pt-BR\",\"@id\":\"https:\/\/franciscanos.org.br\/noticias\/#\/schema\/person\/image\/\",\"url\":\"https:\/\/secure.gravatar.com\/avatar\/d08aa2ce4c8dd416d4479aa8536fcf64?s=96&d=mm&r=g\",\"contentUrl\":\"https:\/\/secure.gravatar.com\/avatar\/d08aa2ce4c8dd416d4479aa8536fcf64?s=96&d=mm&r=g\",\"caption\":\"moacir\"},\"url\":\"https:\/\/franciscanos.org.br\/noticias\/author\/moacir\"}]}<\/script>\n<!-- \/ Yoast SEO plugin. -->","yoast_head_json":{"title":"Papa: \"A falta de caridade causa infelicidade, porque s\u00f3 o amor sacia o cora\u00e7\u00e3o\" - Not\u00edcias - Franciscanos","robots":{"index":"index","follow":"follow","max-snippet":"max-snippet:-1","max-image-preview":"max-image-preview:large","max-video-preview":"max-video-preview:-1"},"canonical":"https:\/\/franciscanos.org.br\/noticias\/papa-a-falta-de-caridade-causa-infelicidade-porque-so-o-amor-sacia-o-coracao.html","og_locale":"pt_BR","og_type":"article","og_title":"Papa: \"A falta de caridade causa infelicidade, porque s\u00f3 o amor sacia o cora\u00e7\u00e3o\" - Not\u00edcias - Franciscanos","og_description":"Missa celebra os 50 anos do Conselho das Confer\u00eancias Episcopais da Europa (Ccee)","og_url":"https:\/\/franciscanos.org.br\/noticias\/papa-a-falta-de-caridade-causa-infelicidade-porque-so-o-amor-sacia-o-coracao.html","og_site_name":"Not\u00edcias - Franciscanos","article_published_time":"2021-09-23T17:12:52+00:00","article_modified_time":"2021-09-23T17:13:35+00:00","og_image":[{"width":800,"height":550,"url":"https:\/\/franciscanos.org.br\/noticias\/wp-content\/uploads\/2021\/09\/papa_missa_230921d.jpg","type":"image\/jpeg"}],"author":"moacir","twitter_card":"summary_large_image","twitter_misc":{"Escrito por":"moacir","Est. tempo de leitura":"5 minutos"},"schema":{"@context":"https:\/\/schema.org","@graph":[{"@type":"WebSite","@id":"https:\/\/franciscanos.org.br\/noticias\/#website","url":"https:\/\/franciscanos.org.br\/noticias\/","name":"Not\u00edcias - Franciscanos","description":"Prov\u00edncia Franciscana da Imaculada Concei\u00e7\u00e3o do Brasil - Ordem dos Frades Menores - OFM","potentialAction":[{"@type":"SearchAction","target":{"@type":"EntryPoint","urlTemplate":"https:\/\/franciscanos.org.br\/noticias\/?s={search_term_string}"},"query-input":"required name=search_term_string"}],"inLanguage":"pt-BR"},{"@type":"ImageObject","inLanguage":"pt-BR","@id":"https:\/\/franciscanos.org.br\/noticias\/papa-a-falta-de-caridade-causa-infelicidade-porque-so-o-amor-sacia-o-coracao.html#primaryimage","url":"https:\/\/franciscanos.org.br\/noticias\/wp-content\/uploads\/2021\/09\/papa_missa_230921d.jpg","contentUrl":"https:\/\/franciscanos.org.br\/noticias\/wp-content\/uploads\/2021\/09\/papa_missa_230921d.jpg","width":800,"height":550},{"@type":"WebPage","@id":"https:\/\/franciscanos.org.br\/noticias\/papa-a-falta-de-caridade-causa-infelicidade-porque-so-o-amor-sacia-o-coracao.html#webpage","url":"https:\/\/franciscanos.org.br\/noticias\/papa-a-falta-de-caridade-causa-infelicidade-porque-so-o-amor-sacia-o-coracao.html","name":"Papa: \"A falta de caridade causa infelicidade, porque s\u00f3 o amor sacia o cora\u00e7\u00e3o\" - Not\u00edcias - Franciscanos","isPartOf":{"@id":"https:\/\/franciscanos.org.br\/noticias\/#website"},"primaryImageOfPage":{"@id":"https:\/\/franciscanos.org.br\/noticias\/papa-a-falta-de-caridade-causa-infelicidade-porque-so-o-amor-sacia-o-coracao.html#primaryimage"},"datePublished":"2021-09-23T17:12:52+00:00","dateModified":"2021-09-23T17:13:35+00:00","author":{"@id":"https:\/\/franciscanos.org.br\/noticias\/#\/schema\/person\/b5c8cba458c330ccff548b056e95a5d4"},"breadcrumb":{"@id":"https:\/\/franciscanos.org.br\/noticias\/papa-a-falta-de-caridade-causa-infelicidade-porque-so-o-amor-sacia-o-coracao.html#breadcrumb"},"inLanguage":"pt-BR","potentialAction":[{"@type":"ReadAction","target":["https:\/\/franciscanos.org.br\/noticias\/papa-a-falta-de-caridade-causa-infelicidade-porque-so-o-amor-sacia-o-coracao.html"]}]},{"@type":"BreadcrumbList","@id":"https:\/\/franciscanos.org.br\/noticias\/papa-a-falta-de-caridade-causa-infelicidade-porque-so-o-amor-sacia-o-coracao.html#breadcrumb","itemListElement":[{"@type":"ListItem","position":1,"name":"Home","item":"https:\/\/franciscanos.org.br\/noticias"},{"@type":"ListItem","position":2,"name":"Papa: &#8220;A falta de caridade causa infelicidade, porque s\u00f3 o amor sacia o cora\u00e7\u00e3o&#8221;"}]},{"@type":"Person","@id":"https:\/\/franciscanos.org.br\/noticias\/#\/schema\/person\/b5c8cba458c330ccff548b056e95a5d4","name":"moacir","image":{"@type":"ImageObject","inLanguage":"pt-BR","@id":"https:\/\/franciscanos.org.br\/noticias\/#\/schema\/person\/image\/","url":"https:\/\/secure.gravatar.com\/avatar\/d08aa2ce4c8dd416d4479aa8536fcf64?s=96&d=mm&r=g","contentUrl":"https:\/\/secure.gravatar.com\/avatar\/d08aa2ce4c8dd416d4479aa8536fcf64?s=96&d=mm&r=g","caption":"moacir"},"url":"https:\/\/franciscanos.org.br\/noticias\/author\/moacir"}]}},"_links":{"self":[{"href":"https:\/\/franciscanos.org.br\/noticias\/wp-json\/wp\/v2\/posts\/234433"}],"collection":[{"href":"https:\/\/franciscanos.org.br\/noticias\/wp-json\/wp\/v2\/posts"}],"about":[{"href":"https:\/\/franciscanos.org.br\/noticias\/wp-json\/wp\/v2\/types\/post"}],"author":[{"embeddable":true,"href":"https:\/\/franciscanos.org.br\/noticias\/wp-json\/wp\/v2\/users\/3"}],"replies":[{"embeddable":true,"href":"https:\/\/franciscanos.org.br\/noticias\/wp-json\/wp\/v2\/comments?post=234433"}],"version-history":[{"count":2,"href":"https:\/\/franciscanos.org.br\/noticias\/wp-json\/wp\/v2\/posts\/234433\/revisions"}],"predecessor-version":[{"id":234438,"href":"https:\/\/franciscanos.org.br\/noticias\/wp-json\/wp\/v2\/posts\/234433\/revisions\/234438"}],"wp:featuredmedia":[{"embeddable":true,"href":"https:\/\/franciscanos.org.br\/noticias\/wp-json\/wp\/v2\/media\/234434"}],"wp:attachment":[{"href":"https:\/\/franciscanos.org.br\/noticias\/wp-json\/wp\/v2\/media?parent=234433"}],"wp:term":[{"taxonomy":"category","embeddable":true,"href":"https:\/\/franciscanos.org.br\/noticias\/wp-json\/wp\/v2\/categories?post=234433"},{"taxonomy":"post_tag","embeddable":true,"href":"https:\/\/franciscanos.org.br\/noticias\/wp-json\/wp\/v2\/tags?post=234433"}],"curies":[{"name":"wp","href":"https:\/\/api.w.org\/{rel}","templated":true}]}}