{"id":234425,"date":"2021-09-21T07:45:43","date_gmt":"2021-09-21T10:45:43","guid":{"rendered":"https:\/\/franciscanos.org.br\/noticias\/?p=234425"},"modified":"2021-09-22T06:51:54","modified_gmt":"2021-09-22T09:51:54","slug":"semana-franciscana-2021-seis-dias-de-lives-para-celebrar-sao-francisco","status":"publish","type":"post","link":"https:\/\/franciscanos.org.br\/noticias\/semana-franciscana-2021-seis-dias-de-lives-para-celebrar-sao-francisco.html","title":{"rendered":"Semana Franciscana 2021: seis dias de &#8216;lives&#8217; para celebrar S\u00e3o Francisco"},"content":{"rendered":"<div id=\"attachment_234426\" style=\"width: 1290px\" class=\"wp-caption alignnone\"><img aria-describedby=\"caption-attachment-234426\" loading=\"lazy\" class=\"wp-image-234426 size-full\" src=\"https:\/\/franciscanos.org.br\/noticias\/wp-content\/uploads\/2021\/09\/semana_franciscana_210921.jpg\" alt=\"\" width=\"1280\" height=\"720\" srcset=\"https:\/\/franciscanos.org.br\/noticias\/wp-content\/uploads\/2021\/09\/semana_franciscana_210921.jpg 1280w, https:\/\/franciscanos.org.br\/noticias\/wp-content\/uploads\/2021\/09\/semana_franciscana_210921-450x253.jpg 450w, https:\/\/franciscanos.org.br\/noticias\/wp-content\/uploads\/2021\/09\/semana_franciscana_210921-1024x576.jpg 1024w, https:\/\/franciscanos.org.br\/noticias\/wp-content\/uploads\/2021\/09\/semana_franciscana_210921-768x432.jpg 768w, https:\/\/franciscanos.org.br\/noticias\/wp-content\/uploads\/2021\/09\/semana_franciscana_210921-150x84.jpg 150w\" sizes=\"(max-width: 1280px) 100vw, 1280px\" \/><p id=\"caption-attachment-234426\" class=\"wp-caption-text\"><em>\u00a0 Arte: Frei F\u00e1bio Vasconcelos, OFM<\/em><\/p><\/div>\n<p>Em comemora\u00e7\u00e3o ao Dia de S\u00e3o Francisco de Assis (04 de outubro), a Prov\u00edncia Franciscana da Imaculada Concei\u00e7\u00e3o, a Confer\u00eancia da Fam\u00edlia Franciscana do Brasil, o Instituto Teol\u00f3gico Franciscano e a Editora Vozes realizar\u00e3o a 2\u00aa edi\u00e7\u00e3o da Semana Franciscana entre os dias 04 e 09 de outubro de 2021. As transmiss\u00f5es ao vivo ser\u00e3o sempre \u00e0s 20h pelos canais da TV Franciscanos, CFFB, ITF e Editora Vozes no YouTube e pelas p\u00e1ginas da Prov\u00edncia Franciscana, CFFB e ITF no Facebook. Todos os eventos s\u00e3o gratuitos e ficar\u00e3o gravados e dispon\u00edveis nos respectivos canais.<\/p>\n<p>Al\u00e9m do Dia de S\u00e3o Francisco \u2013 grande homenageado do evento \u2013 ser\u00e3o celebrados os 800 anos da Regra Franciscana, os 50 anos da Juventude Franciscana no Brasil e o lan\u00e7amento do novo livro de Frei Jo\u00e3o Mannes, entre outros temas. Representando os organizadores, o Vig\u00e1rio Provincial Frei Gustavo Medella far\u00e1 uma b\u00ean\u00e7\u00e3o especial no primeiro dia do evento e apresentar\u00e1 tr\u00eas lives. Irm\u00e3 Cleusa Neves, CFA, presidenta da CFFB, comandar\u00e1 a live de 800 anos da Regra, com a participa\u00e7\u00e3o de Frei Almir Ribeiro Guimar\u00e3es, OFM. Para a conversa sobre a a Fratelli Tutti, Frei James Girardi, professor de Teologia do Instituto Teol\u00f3gico Franciscano. O encerramento ser\u00e1 feito pelo frades do Santu\u00e1rio Frei Galv\u00e3o em um momento celebrativo.<\/p>\n<p><strong>Confira a programa\u00e7\u00e3o completa:<\/strong><\/p>\n<p>Data: 04 a 09 de outubro, \u00e0s 20 horas.<br \/>\nTransmiss\u00e3o ao vivo pelos canais da TV Franciscanos, CFFB, ITF e Editora Vozes no YouTube e pelas p\u00e1ginas da Prov\u00edncia Franciscana, CFFB e ITF no Facebook.<\/p>\n<p><strong>04 de outubro \u2013 Segunda-feira<\/strong><br \/>\n<em>Experi\u00eancia e pensamento Franciscano: Aurora de uma nova civiliza\u00e7\u00e3o<\/em><br \/>\nCom a participa\u00e7\u00e3o do Frei Jo\u00e3o Mannes<br \/>\nAbertura: Frei Gustavo Medella<\/p>\n<p><strong>05 de outubro \u2013 Ter\u00e7a-feira<\/strong><br \/>\n<em>Francisco, Clara e a Ecologia Integral: as respostas franciscanas para a Pandemia<\/em><br \/>\nApresenta\u00e7\u00e3o: Frei Gustavo Medella<br \/>\nParticipa\u00e7\u00e3o:<br \/>\nIrm\u00e3 Maria Karolyne de Jesus Crucificado \u2013 Mosteiro Santa Clara, de Belo Horizonte, MG<br \/>\nHugo Leonardo Pereira Borba \u2013 Ministro da Fraternidade Santo Ant\u00f4nio dos Pobres, da OFS, Volta Redonda, RJ<\/p>\n<p><strong>06 de outubro \u2013 Quarta-feira<\/strong><br \/>\n<em>Francisco e a juventude \u2013 50 anos da JUFRA no Brasil<\/em><br \/>\nParticipa\u00e7\u00e3o:<br \/>\nGabriela Consolaro Nabozny \u2013 Secret\u00e1ria Nacional de Forma\u00e7\u00e3o da JUFRA do Brasil<br \/>\nJeferson Machado, OFS \u2013 Representando o Minist\u00e9rio Nacional<\/p>\n<p><strong>07 de outubro \u2013 Quinta-feira<\/strong><br \/>\n<em>Os 800 anos \u00a0da Regra escrita por S\u00e3o Francisco para a OFS\/ Memorialis Propositum.<\/em><br \/>\nApresenta\u00e7\u00e3o: Ir. Cleusa Neves<br \/>\nParticipa\u00e7\u00e3o:<br \/>\nFrei Almir Ribeiro Guimar\u00e3es, OFM<\/p>\n<p><strong>08 de outubro \u2013 Sexta-feira<\/strong><br \/>\n<em>O caminho para construir a fraternidade: uma conversa sobre a Fratelli Tutti<\/em><br \/>\nApresenta\u00e7\u00e3o: Frei Gustavo Medella<br \/>\nParticipa\u00e7\u00e3o:<br \/>\nFrei James Girardi, OFM<\/p>\n<p><strong>09 de outubro \u2013 S\u00e1bado<\/strong><br \/>\n<em>Momento celebrativo<\/em><br \/>\nParticipa\u00e7\u00e3o: Santu\u00e1rio Frei Galv\u00e3o, Guaratinguet\u00e1 (SP)<\/p>\n","protected":false},"excerpt":{"rendered":"<p>Semana Franciscana 2021<\/p>\n","protected":false},"author":3,"featured_media":234428,"comment_status":"open","ping_status":"open","sticky":false,"template":"","format":"standard","meta":[],"categories":[1],"tags":[1907],"acf":[],"yoast_head":"<!-- This site is optimized with the Yoast SEO plugin v19.2 - https:\/\/yoast.com\/wordpress\/plugins\/seo\/ -->\n<title>Semana Franciscana 2021: seis dias de &#039;lives&#039; para celebrar S\u00e3o Francisco - Not\u00edcias - Franciscanos<\/title>\n<meta name=\"robots\" content=\"index, follow, max-snippet:-1, max-image-preview:large, max-video-preview:-1\" \/>\n<link rel=\"canonical\" href=\"https:\/\/franciscanos.org.br\/noticias\/semana-franciscana-2021-seis-dias-de-lives-para-celebrar-sao-francisco.html\" \/>\n<meta property=\"og:locale\" content=\"pt_BR\" \/>\n<meta property=\"og:type\" content=\"article\" \/>\n<meta property=\"og:title\" content=\"Semana Franciscana 2021: seis dias de &#039;lives&#039; para celebrar S\u00e3o Francisco - Not\u00edcias - Franciscanos\" \/>\n<meta property=\"og:description\" content=\"Semana Franciscana 2021\" \/>\n<meta property=\"og:url\" content=\"https:\/\/franciscanos.org.br\/noticias\/semana-franciscana-2021-seis-dias-de-lives-para-celebrar-sao-francisco.html\" \/>\n<meta property=\"og:site_name\" content=\"Not\u00edcias - Franciscanos\" \/>\n<meta property=\"article:published_time\" content=\"2021-09-21T10:45:43+00:00\" \/>\n<meta property=\"article:modified_time\" content=\"2021-09-22T09:51:54+00:00\" \/>\n<meta property=\"og:image\" content=\"https:\/\/franciscanos.org.br\/noticias\/wp-content\/uploads\/2021\/09\/semana_franciscana_210921d.jpg\" \/>\n\t<meta property=\"og:image:width\" content=\"800\" \/>\n\t<meta property=\"og:image:height\" content=\"550\" \/>\n\t<meta property=\"og:image:type\" content=\"image\/jpeg\" \/>\n<meta name=\"author\" content=\"moacir\" \/>\n<meta name=\"twitter:card\" content=\"summary_large_image\" \/>\n<meta name=\"twitter:label1\" content=\"Escrito por\" \/>\n\t<meta name=\"twitter:data1\" content=\"moacir\" \/>\n\t<meta name=\"twitter:label2\" content=\"Est. tempo de leitura\" \/>\n\t<meta name=\"twitter:data2\" content=\"2 minutos\" \/>\n<script type=\"application\/ld+json\" class=\"yoast-schema-graph\">{\"@context\":\"https:\/\/schema.org\",\"@graph\":[{\"@type\":\"WebSite\",\"@id\":\"https:\/\/franciscanos.org.br\/noticias\/#website\",\"url\":\"https:\/\/franciscanos.org.br\/noticias\/\",\"name\":\"Not\u00edcias - Franciscanos\",\"description\":\"Prov\u00edncia Franciscana da Imaculada Concei\u00e7\u00e3o do Brasil - Ordem dos Frades Menores - OFM\",\"potentialAction\":[{\"@type\":\"SearchAction\",\"target\":{\"@type\":\"EntryPoint\",\"urlTemplate\":\"https:\/\/franciscanos.org.br\/noticias\/?s={search_term_string}\"},\"query-input\":\"required name=search_term_string\"}],\"inLanguage\":\"pt-BR\"},{\"@type\":\"ImageObject\",\"inLanguage\":\"pt-BR\",\"@id\":\"https:\/\/franciscanos.org.br\/noticias\/semana-franciscana-2021-seis-dias-de-lives-para-celebrar-sao-francisco.html#primaryimage\",\"url\":\"https:\/\/franciscanos.org.br\/noticias\/wp-content\/uploads\/2021\/09\/semana_franciscana_210921d.jpg\",\"contentUrl\":\"https:\/\/franciscanos.org.br\/noticias\/wp-content\/uploads\/2021\/09\/semana_franciscana_210921d.jpg\",\"width\":800,\"height\":550},{\"@type\":\"WebPage\",\"@id\":\"https:\/\/franciscanos.org.br\/noticias\/semana-franciscana-2021-seis-dias-de-lives-para-celebrar-sao-francisco.html#webpage\",\"url\":\"https:\/\/franciscanos.org.br\/noticias\/semana-franciscana-2021-seis-dias-de-lives-para-celebrar-sao-francisco.html\",\"name\":\"Semana Franciscana 2021: seis dias de 'lives' para celebrar S\u00e3o Francisco - Not\u00edcias - Franciscanos\",\"isPartOf\":{\"@id\":\"https:\/\/franciscanos.org.br\/noticias\/#website\"},\"primaryImageOfPage\":{\"@id\":\"https:\/\/franciscanos.org.br\/noticias\/semana-franciscana-2021-seis-dias-de-lives-para-celebrar-sao-francisco.html#primaryimage\"},\"datePublished\":\"2021-09-21T10:45:43+00:00\",\"dateModified\":\"2021-09-22T09:51:54+00:00\",\"author\":{\"@id\":\"https:\/\/franciscanos.org.br\/noticias\/#\/schema\/person\/b5c8cba458c330ccff548b056e95a5d4\"},\"breadcrumb\":{\"@id\":\"https:\/\/franciscanos.org.br\/noticias\/semana-franciscana-2021-seis-dias-de-lives-para-celebrar-sao-francisco.html#breadcrumb\"},\"inLanguage\":\"pt-BR\",\"potentialAction\":[{\"@type\":\"ReadAction\",\"target\":[\"https:\/\/franciscanos.org.br\/noticias\/semana-franciscana-2021-seis-dias-de-lives-para-celebrar-sao-francisco.html\"]}]},{\"@type\":\"BreadcrumbList\",\"@id\":\"https:\/\/franciscanos.org.br\/noticias\/semana-franciscana-2021-seis-dias-de-lives-para-celebrar-sao-francisco.html#breadcrumb\",\"itemListElement\":[{\"@type\":\"ListItem\",\"position\":1,\"name\":\"Home\",\"item\":\"https:\/\/franciscanos.org.br\/noticias\"},{\"@type\":\"ListItem\",\"position\":2,\"name\":\"Semana Franciscana 2021: seis dias de &#8216;lives&#8217; para celebrar S\u00e3o Francisco\"}]},{\"@type\":\"Person\",\"@id\":\"https:\/\/franciscanos.org.br\/noticias\/#\/schema\/person\/b5c8cba458c330ccff548b056e95a5d4\",\"name\":\"moacir\",\"image\":{\"@type\":\"ImageObject\",\"inLanguage\":\"pt-BR\",\"@id\":\"https:\/\/franciscanos.org.br\/noticias\/#\/schema\/person\/image\/\",\"url\":\"https:\/\/secure.gravatar.com\/avatar\/d08aa2ce4c8dd416d4479aa8536fcf64?s=96&d=mm&r=g\",\"contentUrl\":\"https:\/\/secure.gravatar.com\/avatar\/d08aa2ce4c8dd416d4479aa8536fcf64?s=96&d=mm&r=g\",\"caption\":\"moacir\"},\"url\":\"https:\/\/franciscanos.org.br\/noticias\/author\/moacir\"}]}<\/script>\n<!-- \/ Yoast SEO plugin. -->","yoast_head_json":{"title":"Semana Franciscana 2021: seis dias de 'lives' para celebrar S\u00e3o Francisco - Not\u00edcias - Franciscanos","robots":{"index":"index","follow":"follow","max-snippet":"max-snippet:-1","max-image-preview":"max-image-preview:large","max-video-preview":"max-video-preview:-1"},"canonical":"https:\/\/franciscanos.org.br\/noticias\/semana-franciscana-2021-seis-dias-de-lives-para-celebrar-sao-francisco.html","og_locale":"pt_BR","og_type":"article","og_title":"Semana Franciscana 2021: seis dias de 'lives' para celebrar S\u00e3o Francisco - Not\u00edcias - Franciscanos","og_description":"Semana Franciscana 2021","og_url":"https:\/\/franciscanos.org.br\/noticias\/semana-franciscana-2021-seis-dias-de-lives-para-celebrar-sao-francisco.html","og_site_name":"Not\u00edcias - Franciscanos","article_published_time":"2021-09-21T10:45:43+00:00","article_modified_time":"2021-09-22T09:51:54+00:00","og_image":[{"width":800,"height":550,"url":"https:\/\/franciscanos.org.br\/noticias\/wp-content\/uploads\/2021\/09\/semana_franciscana_210921d.jpg","type":"image\/jpeg"}],"author":"moacir","twitter_card":"summary_large_image","twitter_misc":{"Escrito por":"moacir","Est. tempo de leitura":"2 minutos"},"schema":{"@context":"https:\/\/schema.org","@graph":[{"@type":"WebSite","@id":"https:\/\/franciscanos.org.br\/noticias\/#website","url":"https:\/\/franciscanos.org.br\/noticias\/","name":"Not\u00edcias - Franciscanos","description":"Prov\u00edncia Franciscana da Imaculada Concei\u00e7\u00e3o do Brasil - Ordem dos Frades Menores - OFM","potentialAction":[{"@type":"SearchAction","target":{"@type":"EntryPoint","urlTemplate":"https:\/\/franciscanos.org.br\/noticias\/?s={search_term_string}"},"query-input":"required name=search_term_string"}],"inLanguage":"pt-BR"},{"@type":"ImageObject","inLanguage":"pt-BR","@id":"https:\/\/franciscanos.org.br\/noticias\/semana-franciscana-2021-seis-dias-de-lives-para-celebrar-sao-francisco.html#primaryimage","url":"https:\/\/franciscanos.org.br\/noticias\/wp-content\/uploads\/2021\/09\/semana_franciscana_210921d.jpg","contentUrl":"https:\/\/franciscanos.org.br\/noticias\/wp-content\/uploads\/2021\/09\/semana_franciscana_210921d.jpg","width":800,"height":550},{"@type":"WebPage","@id":"https:\/\/franciscanos.org.br\/noticias\/semana-franciscana-2021-seis-dias-de-lives-para-celebrar-sao-francisco.html#webpage","url":"https:\/\/franciscanos.org.br\/noticias\/semana-franciscana-2021-seis-dias-de-lives-para-celebrar-sao-francisco.html","name":"Semana Franciscana 2021: seis dias de 'lives' para celebrar S\u00e3o Francisco - Not\u00edcias - Franciscanos","isPartOf":{"@id":"https:\/\/franciscanos.org.br\/noticias\/#website"},"primaryImageOfPage":{"@id":"https:\/\/franciscanos.org.br\/noticias\/semana-franciscana-2021-seis-dias-de-lives-para-celebrar-sao-francisco.html#primaryimage"},"datePublished":"2021-09-21T10:45:43+00:00","dateModified":"2021-09-22T09:51:54+00:00","author":{"@id":"https:\/\/franciscanos.org.br\/noticias\/#\/schema\/person\/b5c8cba458c330ccff548b056e95a5d4"},"breadcrumb":{"@id":"https:\/\/franciscanos.org.br\/noticias\/semana-franciscana-2021-seis-dias-de-lives-para-celebrar-sao-francisco.html#breadcrumb"},"inLanguage":"pt-BR","potentialAction":[{"@type":"ReadAction","target":["https:\/\/franciscanos.org.br\/noticias\/semana-franciscana-2021-seis-dias-de-lives-para-celebrar-sao-francisco.html"]}]},{"@type":"BreadcrumbList","@id":"https:\/\/franciscanos.org.br\/noticias\/semana-franciscana-2021-seis-dias-de-lives-para-celebrar-sao-francisco.html#breadcrumb","itemListElement":[{"@type":"ListItem","position":1,"name":"Home","item":"https:\/\/franciscanos.org.br\/noticias"},{"@type":"ListItem","position":2,"name":"Semana Franciscana 2021: seis dias de &#8216;lives&#8217; para celebrar S\u00e3o Francisco"}]},{"@type":"Person","@id":"https:\/\/franciscanos.org.br\/noticias\/#\/schema\/person\/b5c8cba458c330ccff548b056e95a5d4","name":"moacir","image":{"@type":"ImageObject","inLanguage":"pt-BR","@id":"https:\/\/franciscanos.org.br\/noticias\/#\/schema\/person\/image\/","url":"https:\/\/secure.gravatar.com\/avatar\/d08aa2ce4c8dd416d4479aa8536fcf64?s=96&d=mm&r=g","contentUrl":"https:\/\/secure.gravatar.com\/avatar\/d08aa2ce4c8dd416d4479aa8536fcf64?s=96&d=mm&r=g","caption":"moacir"},"url":"https:\/\/franciscanos.org.br\/noticias\/author\/moacir"}]}},"_links":{"self":[{"href":"https:\/\/franciscanos.org.br\/noticias\/wp-json\/wp\/v2\/posts\/234425"}],"collection":[{"href":"https:\/\/franciscanos.org.br\/noticias\/wp-json\/wp\/v2\/posts"}],"about":[{"href":"https:\/\/franciscanos.org.br\/noticias\/wp-json\/wp\/v2\/types\/post"}],"author":[{"embeddable":true,"href":"https:\/\/franciscanos.org.br\/noticias\/wp-json\/wp\/v2\/users\/3"}],"replies":[{"embeddable":true,"href":"https:\/\/franciscanos.org.br\/noticias\/wp-json\/wp\/v2\/comments?post=234425"}],"version-history":[{"count":3,"href":"https:\/\/franciscanos.org.br\/noticias\/wp-json\/wp\/v2\/posts\/234425\/revisions"}],"predecessor-version":[{"id":234431,"href":"https:\/\/franciscanos.org.br\/noticias\/wp-json\/wp\/v2\/posts\/234425\/revisions\/234431"}],"wp:featuredmedia":[{"embeddable":true,"href":"https:\/\/franciscanos.org.br\/noticias\/wp-json\/wp\/v2\/media\/234428"}],"wp:attachment":[{"href":"https:\/\/franciscanos.org.br\/noticias\/wp-json\/wp\/v2\/media?parent=234425"}],"wp:term":[{"taxonomy":"category","embeddable":true,"href":"https:\/\/franciscanos.org.br\/noticias\/wp-json\/wp\/v2\/categories?post=234425"},{"taxonomy":"post_tag","embeddable":true,"href":"https:\/\/franciscanos.org.br\/noticias\/wp-json\/wp\/v2\/tags?post=234425"}],"curies":[{"name":"wp","href":"https:\/\/api.w.org\/{rel}","templated":true}]}}