{"id":234417,"date":"2021-09-21T07:17:38","date_gmt":"2021-09-21T10:17:38","guid":{"rendered":"https:\/\/franciscanos.org.br\/noticias\/?p=234417"},"modified":"2021-09-21T07:28:07","modified_gmt":"2021-09-21T10:28:07","slug":"vida-e-destino-de-jesus-de-nazare-o-grande-lancamento-da-vozes","status":"publish","type":"post","link":"https:\/\/franciscanos.org.br\/noticias\/vida-e-destino-de-jesus-de-nazare-o-grande-lancamento-da-vozes.html","title":{"rendered":"\u201cVida e destino de Jesus de Nazar\u00e9\u201d, o grande lan\u00e7amento da Vozes"},"content":{"rendered":"<p><img loading=\"lazy\" class=\"alignnone wp-image-234420 size-full\" src=\"https:\/\/franciscanos.org.br\/noticias\/wp-content\/uploads\/2021\/09\/jesus_vozes_210921_1.png\" alt=\"\" width=\"1200\" height=\"720\" srcset=\"https:\/\/franciscanos.org.br\/noticias\/wp-content\/uploads\/2021\/09\/jesus_vozes_210921_1.png 1200w, https:\/\/franciscanos.org.br\/noticias\/wp-content\/uploads\/2021\/09\/jesus_vozes_210921_1-450x270.png 450w, https:\/\/franciscanos.org.br\/noticias\/wp-content\/uploads\/2021\/09\/jesus_vozes_210921_1-1024x614.png 1024w, https:\/\/franciscanos.org.br\/noticias\/wp-content\/uploads\/2021\/09\/jesus_vozes_210921_1-768x461.png 768w, https:\/\/franciscanos.org.br\/noticias\/wp-content\/uploads\/2021\/09\/jesus_vozes_210921_1-150x90.png 150w\" sizes=\"(max-width: 1200px) 100vw, 1200px\" \/><\/p>\n<p>&#8220;Jamais, talvez, Jesus de Nazar\u00e9 tenha sido t\u00e3o fascinante. Enquanto o cristianismo do s\u00e9culo XXI se descobre cansado, sua figura fundadora atrai sempre mais a aten\u00e7\u00e3o dos historiadores, dos escritores, dos cineastas. Por que este interesse vivo e jamais saciado por um homem que veio de Nazar\u00e9? Tudo, nestes dois mil\u00eanios, j\u00e1 n\u00e3o foi dito, escrito, discutido, pregado a seu respeito? As pesquisas realizadas para encontrar o &#8216;verdadeiro Jesus&#8217; produziram um Jesus revolucion\u00e1rio, um Jesus hippie, um Jesus rabino, um Jesus profeta, um Jesus m\u00e9dico, um Jesus feminista, um Jesus fil\u00f3sofo&#8230; \u00c0 qual retrato fiar-se? Dois mil anos depois, o enigma Jesus ainda persiste&#8221;, diz o autor de &#8220;Vida e destino de Jesus de Nazar\u00e9&#8221;, Daniel Marguerat.<\/p>\n<p>Este livro \u00e9 t\u00e3o apaixonante quanto uma investiga\u00e7\u00e3o policial. Num estilo atraente, vivo e claro, Marguerat apresenta aqui o melhor da pesquisa recente, mantendo os leitores curiosos at\u00e9 as \u00faltimas p\u00e1ginas.<\/p>\n<p>O autor explica por que dividiu esta obra em tr\u00eas partes:<\/p>\n<p>A primeira (&#8220;Os prim\u00f3rdios&#8221;) descreve as fontes document\u00e1rias \u00e0 disposi\u00e7\u00e3o e explica como explor\u00e1-las. Em seguida, o enigma do nascimento de Jesus \u00e9 abordado, que, por sua vez, \u00e9 acompanhado pela descri\u00e7\u00e3o da influ\u00eancia de seu mestre espiritual, Jo\u00e3o Batista.<\/p>\n<p>A segunda parte (&#8220;A vida do Nazareno&#8221;) considera o Jesus curandeiro, poeta do Reino e mestre de sabedoria; aqui tamb\u00e9m abordamos quem s\u00e3o seus amigos e seus concorrentes, que consci\u00eancia Jesus tinha de sua voca\u00e7\u00e3o e a raz\u00e3o pela qual Ele morreu em Jerusal\u00e9m. A quest\u00e3o, entre estas diferentes facetas do personagem, \u00e9 discernir onde se encontra o centro de sua convic\u00e7\u00e3o (o n\u00facleo principal, por assim dizer) e o que d\u00e1 coer\u00eancia a seu agir. Sempre me empenharei em mostrar em que sentido Jesus \u00e9 um homem de seu tempo, surgido do meio do juda\u00edsmo palestino dos anos 20-30, e em que sentido Ele se revela singular e inimit\u00e1vel.<\/p>\n<p>A terceira parte (&#8220;Jesus ap\u00f3s Jesus&#8221;) examina como a cren\u00e7a na ressurrei\u00e7\u00e3o levou a reler a vida de Jesus ap\u00f3s sua morte; interrogar-se sobre a historicidade dos acontecimentos da P\u00e1scoa reserva algumas surpresas. Por fim, o destino de Jesus nos tr\u00eas grandes monote\u00edsmos (cristianismo, juda\u00edsmo, isl\u00e3) ocupa a parte final do livro.<\/p>\n<p>Daniel Marguerat, historiador e biblista, \u00e9 professor honor\u00e1rio da Universidade de Lausanne. Seus trabalhos sobre a origem do cristianismo lhe renderam notoriedade internacional. \u00c9 considerado um dos melhores especialistas atuais na pesquisa sobre Jesus de Nazar\u00e9. \u00c9 coautor da obra &#8220;Jesus &#8211; A enciclop\u00e9dia&#8221;. &#8220;O trabalho do historiador n\u00e3o asfixia a cren\u00e7a; ele participa de sua intelig\u00eancia e de sua estrutura\u00e7\u00e3o, e este trabalho que lhe presta \u00e9 importante. O sabor hist\u00f3rico sempre foi um ant\u00eddoto intelectual contra os fundamentalismos. Minha esperan\u00e7a \u00e9 que, ao ler este livro, o leitor e a leitora compreendam melhor a raz\u00e3o pela qual a figura de Jesus de Nazar\u00e9 continua fascinando a humanidade, crente ou n\u00e3o&#8221;, explica o autor.<\/p>\n<p>Jesus est\u00e1 na moda. Historiadores, escritores, cineastas tentam perscrutar o mist\u00e9rio: Quem foi o homem de Nazar\u00e9? Teve ele um pai? O que Jesus ambicionava fazer? Qual foi o motivo de sua morte? Este livro n\u00e3o se esquiva de nenhuma quest\u00e3o. \u00c9 obra de um historiador, te\u00f3logo, biblista, especialista em Antiguidade. Ele leva o leitor e a leitora a examinar os documentos, a buscar provas, a ultrapassar as respostas repisadas para perceber outras.<\/p>\n<p>Aqui s\u00e3o abordadas suspeitas, j\u00e1 da \u00e9poca de Jesus, que pesavam sobre seu nascimento, e mostra-se que Jesus teve em Jo\u00e3o Batista um mestre espiritual. Diversas outras facetas deste judeu excepcional s\u00e3o exploradas: Jesus o homem das curas, Jesus o poeta do Reino, Jesus o mestre de sabedoria. Seus amigos (homens e mulheres) e seus advers\u00e1rios s\u00e3o nomeados. As raz\u00f5es de sua morte (por que morreu em Jerusal\u00e9m?) s\u00e3o analisadas. O nascimento da cren\u00e7a em sua ressurrei\u00e7\u00e3o tamb\u00e9m \u00e9 investigado. O fabuloso destino de Jesus nos tr\u00eas grandes monote\u00edsmos \u00e9 igualmente retra\u00e7ado: cristianismo, juda\u00edsmo e isl\u00e3 constru\u00edram dele uma imagem, cada vez diferente.<\/p>\n","protected":false},"excerpt":{"rendered":"<p>Editora Vozes<\/p>\n","protected":false},"author":3,"featured_media":234418,"comment_status":"open","ping_status":"open","sticky":false,"template":"","format":"standard","meta":[],"categories":[1],"tags":[238],"acf":[],"yoast_head":"<!-- This site is optimized with the Yoast SEO plugin v19.2 - https:\/\/yoast.com\/wordpress\/plugins\/seo\/ -->\n<title>\u201cVida e destino de Jesus de Nazar\u00e9\u201d, o grande lan\u00e7amento da Vozes - Not\u00edcias - Franciscanos<\/title>\n<meta name=\"robots\" content=\"index, follow, max-snippet:-1, max-image-preview:large, max-video-preview:-1\" \/>\n<link rel=\"canonical\" href=\"https:\/\/franciscanos.org.br\/noticias\/vida-e-destino-de-jesus-de-nazare-o-grande-lancamento-da-vozes.html\" \/>\n<meta property=\"og:locale\" content=\"pt_BR\" \/>\n<meta property=\"og:type\" content=\"article\" \/>\n<meta property=\"og:title\" content=\"\u201cVida e destino de Jesus de Nazar\u00e9\u201d, o grande lan\u00e7amento da Vozes - Not\u00edcias - Franciscanos\" \/>\n<meta property=\"og:description\" content=\"Editora Vozes\" \/>\n<meta property=\"og:url\" content=\"https:\/\/franciscanos.org.br\/noticias\/vida-e-destino-de-jesus-de-nazare-o-grande-lancamento-da-vozes.html\" \/>\n<meta property=\"og:site_name\" content=\"Not\u00edcias - Franciscanos\" \/>\n<meta property=\"article:published_time\" content=\"2021-09-21T10:17:38+00:00\" \/>\n<meta property=\"article:modified_time\" content=\"2021-09-21T10:28:07+00:00\" \/>\n<meta property=\"og:image\" content=\"https:\/\/franciscanos.org.br\/noticias\/wp-content\/uploads\/2021\/09\/jesus_vozes_210921d.png\" \/>\n\t<meta property=\"og:image:width\" content=\"800\" \/>\n\t<meta property=\"og:image:height\" content=\"550\" \/>\n\t<meta property=\"og:image:type\" content=\"image\/png\" \/>\n<meta name=\"author\" content=\"moacir\" \/>\n<meta name=\"twitter:card\" content=\"summary_large_image\" \/>\n<meta name=\"twitter:label1\" content=\"Escrito por\" \/>\n\t<meta name=\"twitter:data1\" content=\"moacir\" \/>\n\t<meta name=\"twitter:label2\" content=\"Est. tempo de leitura\" \/>\n\t<meta name=\"twitter:data2\" content=\"4 minutos\" \/>\n<script type=\"application\/ld+json\" class=\"yoast-schema-graph\">{\"@context\":\"https:\/\/schema.org\",\"@graph\":[{\"@type\":\"WebSite\",\"@id\":\"https:\/\/franciscanos.org.br\/noticias\/#website\",\"url\":\"https:\/\/franciscanos.org.br\/noticias\/\",\"name\":\"Not\u00edcias - Franciscanos\",\"description\":\"Prov\u00edncia Franciscana da Imaculada Concei\u00e7\u00e3o do Brasil - Ordem dos Frades Menores - OFM\",\"potentialAction\":[{\"@type\":\"SearchAction\",\"target\":{\"@type\":\"EntryPoint\",\"urlTemplate\":\"https:\/\/franciscanos.org.br\/noticias\/?s={search_term_string}\"},\"query-input\":\"required name=search_term_string\"}],\"inLanguage\":\"pt-BR\"},{\"@type\":\"ImageObject\",\"inLanguage\":\"pt-BR\",\"@id\":\"https:\/\/franciscanos.org.br\/noticias\/vida-e-destino-de-jesus-de-nazare-o-grande-lancamento-da-vozes.html#primaryimage\",\"url\":\"https:\/\/franciscanos.org.br\/noticias\/wp-content\/uploads\/2021\/09\/jesus_vozes_210921d.png\",\"contentUrl\":\"https:\/\/franciscanos.org.br\/noticias\/wp-content\/uploads\/2021\/09\/jesus_vozes_210921d.png\",\"width\":800,\"height\":550},{\"@type\":\"WebPage\",\"@id\":\"https:\/\/franciscanos.org.br\/noticias\/vida-e-destino-de-jesus-de-nazare-o-grande-lancamento-da-vozes.html#webpage\",\"url\":\"https:\/\/franciscanos.org.br\/noticias\/vida-e-destino-de-jesus-de-nazare-o-grande-lancamento-da-vozes.html\",\"name\":\"\u201cVida e destino de Jesus de Nazar\u00e9\u201d, o grande lan\u00e7amento da Vozes - Not\u00edcias - Franciscanos\",\"isPartOf\":{\"@id\":\"https:\/\/franciscanos.org.br\/noticias\/#website\"},\"primaryImageOfPage\":{\"@id\":\"https:\/\/franciscanos.org.br\/noticias\/vida-e-destino-de-jesus-de-nazare-o-grande-lancamento-da-vozes.html#primaryimage\"},\"datePublished\":\"2021-09-21T10:17:38+00:00\",\"dateModified\":\"2021-09-21T10:28:07+00:00\",\"author\":{\"@id\":\"https:\/\/franciscanos.org.br\/noticias\/#\/schema\/person\/b5c8cba458c330ccff548b056e95a5d4\"},\"breadcrumb\":{\"@id\":\"https:\/\/franciscanos.org.br\/noticias\/vida-e-destino-de-jesus-de-nazare-o-grande-lancamento-da-vozes.html#breadcrumb\"},\"inLanguage\":\"pt-BR\",\"potentialAction\":[{\"@type\":\"ReadAction\",\"target\":[\"https:\/\/franciscanos.org.br\/noticias\/vida-e-destino-de-jesus-de-nazare-o-grande-lancamento-da-vozes.html\"]}]},{\"@type\":\"BreadcrumbList\",\"@id\":\"https:\/\/franciscanos.org.br\/noticias\/vida-e-destino-de-jesus-de-nazare-o-grande-lancamento-da-vozes.html#breadcrumb\",\"itemListElement\":[{\"@type\":\"ListItem\",\"position\":1,\"name\":\"Home\",\"item\":\"https:\/\/franciscanos.org.br\/noticias\"},{\"@type\":\"ListItem\",\"position\":2,\"name\":\"\u201cVida e destino de Jesus de Nazar\u00e9\u201d, o grande lan\u00e7amento da Vozes\"}]},{\"@type\":\"Person\",\"@id\":\"https:\/\/franciscanos.org.br\/noticias\/#\/schema\/person\/b5c8cba458c330ccff548b056e95a5d4\",\"name\":\"moacir\",\"image\":{\"@type\":\"ImageObject\",\"inLanguage\":\"pt-BR\",\"@id\":\"https:\/\/franciscanos.org.br\/noticias\/#\/schema\/person\/image\/\",\"url\":\"https:\/\/secure.gravatar.com\/avatar\/d08aa2ce4c8dd416d4479aa8536fcf64?s=96&d=mm&r=g\",\"contentUrl\":\"https:\/\/secure.gravatar.com\/avatar\/d08aa2ce4c8dd416d4479aa8536fcf64?s=96&d=mm&r=g\",\"caption\":\"moacir\"},\"url\":\"https:\/\/franciscanos.org.br\/noticias\/author\/moacir\"}]}<\/script>\n<!-- \/ Yoast SEO plugin. -->","yoast_head_json":{"title":"\u201cVida e destino de Jesus de Nazar\u00e9\u201d, o grande lan\u00e7amento da Vozes - Not\u00edcias - Franciscanos","robots":{"index":"index","follow":"follow","max-snippet":"max-snippet:-1","max-image-preview":"max-image-preview:large","max-video-preview":"max-video-preview:-1"},"canonical":"https:\/\/franciscanos.org.br\/noticias\/vida-e-destino-de-jesus-de-nazare-o-grande-lancamento-da-vozes.html","og_locale":"pt_BR","og_type":"article","og_title":"\u201cVida e destino de Jesus de Nazar\u00e9\u201d, o grande lan\u00e7amento da Vozes - Not\u00edcias - Franciscanos","og_description":"Editora Vozes","og_url":"https:\/\/franciscanos.org.br\/noticias\/vida-e-destino-de-jesus-de-nazare-o-grande-lancamento-da-vozes.html","og_site_name":"Not\u00edcias - Franciscanos","article_published_time":"2021-09-21T10:17:38+00:00","article_modified_time":"2021-09-21T10:28:07+00:00","og_image":[{"width":800,"height":550,"url":"https:\/\/franciscanos.org.br\/noticias\/wp-content\/uploads\/2021\/09\/jesus_vozes_210921d.png","type":"image\/png"}],"author":"moacir","twitter_card":"summary_large_image","twitter_misc":{"Escrito por":"moacir","Est. tempo de leitura":"4 minutos"},"schema":{"@context":"https:\/\/schema.org","@graph":[{"@type":"WebSite","@id":"https:\/\/franciscanos.org.br\/noticias\/#website","url":"https:\/\/franciscanos.org.br\/noticias\/","name":"Not\u00edcias - Franciscanos","description":"Prov\u00edncia Franciscana da Imaculada Concei\u00e7\u00e3o do Brasil - Ordem dos Frades Menores - OFM","potentialAction":[{"@type":"SearchAction","target":{"@type":"EntryPoint","urlTemplate":"https:\/\/franciscanos.org.br\/noticias\/?s={search_term_string}"},"query-input":"required name=search_term_string"}],"inLanguage":"pt-BR"},{"@type":"ImageObject","inLanguage":"pt-BR","@id":"https:\/\/franciscanos.org.br\/noticias\/vida-e-destino-de-jesus-de-nazare-o-grande-lancamento-da-vozes.html#primaryimage","url":"https:\/\/franciscanos.org.br\/noticias\/wp-content\/uploads\/2021\/09\/jesus_vozes_210921d.png","contentUrl":"https:\/\/franciscanos.org.br\/noticias\/wp-content\/uploads\/2021\/09\/jesus_vozes_210921d.png","width":800,"height":550},{"@type":"WebPage","@id":"https:\/\/franciscanos.org.br\/noticias\/vida-e-destino-de-jesus-de-nazare-o-grande-lancamento-da-vozes.html#webpage","url":"https:\/\/franciscanos.org.br\/noticias\/vida-e-destino-de-jesus-de-nazare-o-grande-lancamento-da-vozes.html","name":"\u201cVida e destino de Jesus de Nazar\u00e9\u201d, o grande lan\u00e7amento da Vozes - Not\u00edcias - Franciscanos","isPartOf":{"@id":"https:\/\/franciscanos.org.br\/noticias\/#website"},"primaryImageOfPage":{"@id":"https:\/\/franciscanos.org.br\/noticias\/vida-e-destino-de-jesus-de-nazare-o-grande-lancamento-da-vozes.html#primaryimage"},"datePublished":"2021-09-21T10:17:38+00:00","dateModified":"2021-09-21T10:28:07+00:00","author":{"@id":"https:\/\/franciscanos.org.br\/noticias\/#\/schema\/person\/b5c8cba458c330ccff548b056e95a5d4"},"breadcrumb":{"@id":"https:\/\/franciscanos.org.br\/noticias\/vida-e-destino-de-jesus-de-nazare-o-grande-lancamento-da-vozes.html#breadcrumb"},"inLanguage":"pt-BR","potentialAction":[{"@type":"ReadAction","target":["https:\/\/franciscanos.org.br\/noticias\/vida-e-destino-de-jesus-de-nazare-o-grande-lancamento-da-vozes.html"]}]},{"@type":"BreadcrumbList","@id":"https:\/\/franciscanos.org.br\/noticias\/vida-e-destino-de-jesus-de-nazare-o-grande-lancamento-da-vozes.html#breadcrumb","itemListElement":[{"@type":"ListItem","position":1,"name":"Home","item":"https:\/\/franciscanos.org.br\/noticias"},{"@type":"ListItem","position":2,"name":"\u201cVida e destino de Jesus de Nazar\u00e9\u201d, o grande lan\u00e7amento da Vozes"}]},{"@type":"Person","@id":"https:\/\/franciscanos.org.br\/noticias\/#\/schema\/person\/b5c8cba458c330ccff548b056e95a5d4","name":"moacir","image":{"@type":"ImageObject","inLanguage":"pt-BR","@id":"https:\/\/franciscanos.org.br\/noticias\/#\/schema\/person\/image\/","url":"https:\/\/secure.gravatar.com\/avatar\/d08aa2ce4c8dd416d4479aa8536fcf64?s=96&d=mm&r=g","contentUrl":"https:\/\/secure.gravatar.com\/avatar\/d08aa2ce4c8dd416d4479aa8536fcf64?s=96&d=mm&r=g","caption":"moacir"},"url":"https:\/\/franciscanos.org.br\/noticias\/author\/moacir"}]}},"_links":{"self":[{"href":"https:\/\/franciscanos.org.br\/noticias\/wp-json\/wp\/v2\/posts\/234417"}],"collection":[{"href":"https:\/\/franciscanos.org.br\/noticias\/wp-json\/wp\/v2\/posts"}],"about":[{"href":"https:\/\/franciscanos.org.br\/noticias\/wp-json\/wp\/v2\/types\/post"}],"author":[{"embeddable":true,"href":"https:\/\/franciscanos.org.br\/noticias\/wp-json\/wp\/v2\/users\/3"}],"replies":[{"embeddable":true,"href":"https:\/\/franciscanos.org.br\/noticias\/wp-json\/wp\/v2\/comments?post=234417"}],"version-history":[{"count":4,"href":"https:\/\/franciscanos.org.br\/noticias\/wp-json\/wp\/v2\/posts\/234417\/revisions"}],"predecessor-version":[{"id":234424,"href":"https:\/\/franciscanos.org.br\/noticias\/wp-json\/wp\/v2\/posts\/234417\/revisions\/234424"}],"wp:featuredmedia":[{"embeddable":true,"href":"https:\/\/franciscanos.org.br\/noticias\/wp-json\/wp\/v2\/media\/234418"}],"wp:attachment":[{"href":"https:\/\/franciscanos.org.br\/noticias\/wp-json\/wp\/v2\/media?parent=234417"}],"wp:term":[{"taxonomy":"category","embeddable":true,"href":"https:\/\/franciscanos.org.br\/noticias\/wp-json\/wp\/v2\/categories?post=234417"},{"taxonomy":"post_tag","embeddable":true,"href":"https:\/\/franciscanos.org.br\/noticias\/wp-json\/wp\/v2\/tags?post=234417"}],"curies":[{"name":"wp","href":"https:\/\/api.w.org\/{rel}","templated":true}]}}