{"id":234406,"date":"2021-09-18T06:52:55","date_gmt":"2021-09-18T09:52:55","guid":{"rendered":"https:\/\/franciscanos.org.br\/noticias\/?p=234406"},"modified":"2021-09-18T06:52:55","modified_gmt":"2021-09-18T09:52:55","slug":"bispos-falam-aos-parlamentares-catolicos-o-que-a-igreja-espera-deles","status":"publish","type":"post","link":"https:\/\/franciscanos.org.br\/noticias\/bispos-falam-aos-parlamentares-catolicos-o-que-a-igreja-espera-deles.html","title":{"rendered":"Bispos falam aos parlamentares cat\u00f3licos o que a Igreja espera deles"},"content":{"rendered":"<p><img loading=\"lazy\" class=\"alignnone size-full wp-image-234407\" src=\"https:\/\/franciscanos.org.br\/noticias\/wp-content\/uploads\/2021\/09\/parlamentares_catolicos_180921.jpg\" alt=\"\" width=\"1075\" height=\"609\" srcset=\"https:\/\/franciscanos.org.br\/noticias\/wp-content\/uploads\/2021\/09\/parlamentares_catolicos_180921.jpg 1075w, https:\/\/franciscanos.org.br\/noticias\/wp-content\/uploads\/2021\/09\/parlamentares_catolicos_180921-450x255.jpg 450w, https:\/\/franciscanos.org.br\/noticias\/wp-content\/uploads\/2021\/09\/parlamentares_catolicos_180921-1024x580.jpg 1024w, https:\/\/franciscanos.org.br\/noticias\/wp-content\/uploads\/2021\/09\/parlamentares_catolicos_180921-768x435.jpg 768w, https:\/\/franciscanos.org.br\/noticias\/wp-content\/uploads\/2021\/09\/parlamentares_catolicos_180921-150x85.jpg 150w\" sizes=\"(max-width: 1075px) 100vw, 1075px\" \/><\/p>\n<p>A parte central do segundo dia do 1\u00ba Encontro de Parlamentares Cat\u00f3licos a Servi\u00e7o do Povo Brasileiro, na sexta-feira, 17 de setembro, foi dedicada ao painel \u201cTestemunhos em Di\u00e1logo\u201d,\u00a0 no qual, de forma intercalada, nove pol\u00edticos previamente escolhidos apresentaram o que o parlamentares cat\u00f3licos esperam da Igreja no exerc\u00edcio de sua miss\u00e3o e nove bispos e arcebispos responderam \u00e0 pergunta: \u201cO que a Igreja espera dos parlamentares cat\u00f3licos no exerc\u00edcio de sua miss\u00e3o?\u201d.<\/p>\n<p>Neste momento coordenado pelo moderador do dia, o bispo de Roraima (RR) e segundo-vice presidente da Confer\u00eancia Nacional dos Bispos do Brasil (CNBB), dom M\u00e1rio Ant\u00f4nio da Silva, cada um teve um tempo de cinco minutos de fala. Com os mais de 80 parlamentares brasileiros, de diferentes partidos pol\u00edticos e n\u00edveis de atua\u00e7\u00e3o (municipal, estadual e federal), o encontro est\u00e1 sendo realizado pela Assessoria Pol\u00edtica da CNBB desde a quinta-feira, 16 de setembro. Para efeitos did\u00e1ticos, as respostas foram organizadas a partir da pergunta considerando a ordem de fala dos prelados. Abaixo agrupamos as falas de nove bispos e arcebispos que responderam \u00e0 pergunta: \u201cO que a Igreja espera dos parlamentares cat\u00f3licos no exerc\u00edcio de sua miss\u00e3o?\u201d.<\/p>\n<h2>O que a Igreja espera dos parlamentares cat\u00f3licos no exerc\u00edcio de sua miss\u00e3o?<\/h2>\n<p><b>O arcebispo de S\u00e3o Paulo e primeiro vice-presidente do Conselho Episcopal Latinoamericano (Celam), cardeal Odilo Cherer<\/b>, primeiro a falar, deu \u00eanfase a aspectos ligados \u00e0 moralidade de pessoas que atuam na esfera p\u00fablica cuja miss\u00e3o deve ser atuar em favor do bem comum. \u201cQue sejam bons pol\u00edticos no sentido de buscar ser coerentes nas op\u00e7\u00f5es pautadas pela honestidade e pela \u00e9tica nas a\u00e7\u00f5es\u201d, afirmou.<\/p>\n<p><b>O bispo de Rio Grande (RS) e presidente da Comiss\u00e3o Episcopal Pastoral para a Fam\u00edlia da CNBB, dom Ricardo Hoepers<\/b>, ressaltou que na Sagrada Escritura, no magist\u00e9rio da Igreja e do Papa Francisco n\u00e3o faltam orienta\u00e7\u00f5es e valores que devem pautar a atua\u00e7\u00e3o dos parlamentares cat\u00f3licos. O bispo disse que os parlamentares tamb\u00e9m devem buscar pautar sua atua\u00e7\u00e3o na promo\u00e7\u00e3o, defesa e cuidado com a vida da concep\u00e7\u00e3o \u00e0 morte natural e das fam\u00edlias com a proposi\u00e7\u00e3o de pol\u00edticas p\u00fablicas que v\u00e3o neste sentido.<\/p>\n<p><b>O bispo de Lages (SC) e presidente do Grupo de Trabalho Pacto pela Vida e Pelo Brasil da CNBB, dom Guilherme Werlang<\/b>\u00a0disse que \u00e9 urgente, neste momento de crise pelo qual o Brasil atravessa, que as lideran\u00e7as cat\u00f3licas sejam b\u00fassolas \u00e9ticas para superar os desafios. \u201cOs parlamentares cat\u00f3licos devem pautar sua atua\u00e7\u00e3o na defesa da democracia, no di\u00e1logo, na defesa de nossos ecossistemas e biomas. Devemos buscar construir um Pacto pela\u00a0 Vida e pelo Brasil com pol\u00edticas p\u00fablicas para mitigar o sofrimento do povo brasileiro\u201d, disse. Aos parlamentares cat\u00f3licos, dom Guilherme, em refer\u00eancia ao Papa Francisco, disse que a vida precisa estar acima da economia.<\/p>\n<p><b>O arcebispo do Rio do Janeiro (RJ), cardeal Orani Tempesta<\/b>\u00a0destacou elementos do modelo de Igreja que o Papa Francisco tem buscado: \u201cuma Igreja em sa\u00edda e que busca construir pontes\u201d. Ele disse ser necess\u00e1rio os parlamentares estarem atentos para proporem projetos que ter\u00e3o continuidade. Os projetos, segundo o cardeal, precisam ter em vista a promo\u00e7\u00e3o da dignidade das pessoas como trabalho, sa\u00fade, entre outras pol\u00edticas.<\/p>\n<p><b>O bispo de Camet\u00e1 (PA), dom Jos\u00e9 Altevir da Silva (PA)\u00a0<\/b>fez um clamor aos parlamentares. De acordo com ele, o povo, sobretudo o povo da regi\u00e3o Norte, as comunidades tradicionais e povos ind\u00edgenas, encontram-se ainda exclu\u00eddos da possibilidade de uma vida digna. O bispo apontou que o bioma Amaz\u00f4nico est\u00e1 sendo destru\u00eddo pelos grandes projetos e empreendimentos econ\u00f4micos. \u201cAqui nesta regi\u00e3o existe um povo com uma hist\u00f3ria, com valores e uma cultura. O Brasil assinou tratados internacionais e este povo n\u00e3o est\u00e1 sendo ouvido e nem consultado sobre estes projetos\u201d, disse.<\/p>\n<p><b>O arcebispo de Manaus (AM), dom Leonardo Steiner<\/b>\u00a0enalteceu a atua\u00e7\u00e3o de parlamentares a partir os valores do Evangelho. Os pol\u00edticos cat\u00f3licos, destacou o arcebispo, devem ser os primeiros a ser os frequentadores da Palavra de Deus, do magist\u00e9rio da Igreja e sua Doutrina Social, do magist\u00e9rio dos Papas e dos v\u00e1rios documentos da CNBB. Estas refer\u00eancias, para dom Leonardo, oferecem valores para o modo de ser e atuar dos parlamentares cat\u00f3licos na esfera pol\u00edtica. O arcebispo disse ainda ser necess\u00e1rio que os parlamentares busquem aprovar pol\u00edticas p\u00fablicas que atendam aos interesses dos empobrecidos, a partir da escuta dos clamores das comunidades e minorias al\u00e9m de pautar sua atua\u00e7\u00e3o pela \u00e9tica, defesa da democracia e busca do bem comum.<\/p>\n<p><b>O arcebispo de S\u00e3o Salvador (BA), cardeal Sergio da Rocha<\/b>\u00a0destacou tr\u00eas pontos em sua fala: a) Os parlamentares devem buscar ser testemunhas crist\u00e3s no mundo da pol\u00edtica, sendo, a partir dos ensinamentos de Jesus,\u00a0 sal da terra e luz do mundo; b) buscar ser coerentes com a f\u00e9 professada (celebrada e vivida junto \u00e0s comunidades), sobretudo orientando-se pela \u00e9tica na pol\u00edtica; e c) serem testemunhos de comunh\u00e3o com a Igreja, sua Doutrina Social, o\u00a0 magist\u00e9rio do Papa Francisco, as orienta\u00e7\u00f5es da CNBB e das Igrejas locais.<\/p>\n<p><b>O arcebispo de Campo Grande (MS), dom Dimas Lara Rezende<\/b>\u00a0ressaltou que os parlamentares cat\u00f3licos devem considerar a pol\u00edtica como um servi\u00e7o aos mais pobres e apostar mais na busca por um projeto de Na\u00e7\u00e3o e n\u00e3o de governos. Ele lembrou da lei da Ficha Limpa, conquistada a partir a mobiliza\u00e7\u00e3o da Igreja Cat\u00f3lica no Brasil refor\u00e7ando que os parlamentares devem estar atentos ao combate \u00e0 corrup\u00e7\u00e3o e \u00e0 busca do bom uso dos recursos p\u00fablicos.<\/p>\n<p><b>O bispo de Tocantin\u00f3polis (TO) e presidente da Comiss\u00e3o Episcopal Pastoral para o Laicato da CNBB, dom Giovani Pereira<\/b>\u00a0apontou aos parlamentares o desafio de resgatar a dignidade da pol\u00edtica. Falou do esfor\u00e7o que a CNBB, por meio das Pastorais Sociais, da Comiss\u00e3o Brasileira de Justi\u00e7a e Paz (CBJP) e do Centro Nacional de F\u00e9 e Pol\u00edtica Dom Helder Camara (Cefep), tem feito para oferecer uma forma\u00e7\u00e3o aos leigos e leigas com vista a atua\u00e7\u00e3o na esfera pol\u00edtica e p\u00fablica. Disse que, inspirados pelo Papa Francisco, os parlamentares cat\u00f3licos devem primar sua conduta pela busca do di\u00e1logo e pela cultura do encontro. Falou tamb\u00e9m da import\u00e2ncia de considerarem as demandas locais e de promoverem a participa\u00e7\u00e3o social.<\/p>\n<h2>O que os parlamentares esperam da Igreja no exerc\u00edcio de sua miss\u00e3o?<\/h2>\n<p>Primeiro a falar, o\u00a0<b>deputado federal Patrus Ananais (PT\/MG)<\/b>\u00a0apresentou \u00e0s lideran\u00e7as uma quest\u00e3o a partir das preocupa\u00e7\u00f5es sociais expressadas pelo Papa Francisco na Enc\u00edclica Fratelli Tutti: como enfrentar o poder do dinheiro e do capital e a deifica\u00e7\u00e3o do mercado? Sabemos que a mis\u00e9ria n\u00e3o \u00e9 vontade de Deus e, por isto, esperamos o enfrentamento deste poder com a\u00e7\u00f5es concretas.<\/p>\n<p>A\u00a0deputada federal\u00a0<b>Carmem Zanotto (Cidadania\/SC)\u00a0<\/b>disse esperar da Igreja um di\u00e1logo mais pr\u00f3ximo dos parlamentares no exerc\u00edcio de sua miss\u00e3o, mesmo em torno de pautas n\u00e3o convergentes. Ela ressentiu-se do distanciamento mesmo entre os parlamentares cat\u00f3licos e disse sentir falta das missas no Congresso Nacional, espa\u00e7o no qual as homilias tinham um papel central de orientar a atua\u00e7\u00e3o parlamentar. Disse ser importante continuar realizando encontros como este para refletir como os parlamentares podem estar mais pr\u00f3ximos em torno da atua\u00e7\u00e3o a partir dos temas e projetos que unem os cat\u00f3licos.<\/p>\n<p>O\u00a0vereador\u00a0<b>Chico Alencar (Psol-RJ)<\/b>\u00a0lembrou que em 1970, \u00e0 \u00e9poca membro da Juventude Estudantil Cat\u00f3lica (JEC), participou de uma assembleia da CNBB na qual conheceu dom Helder C\u00e2mara, dom Paulo Evaristo Arns e dom Pedro Casald\u00e1liga. Ele disse que espera que a Igreja seja Igreja e busque, com os parlamentares, a partilha, a troca e viver em comunidade. Tamb\u00e9m disse que a missa da CNBB no Congresso era um espa\u00e7o no qual alimentava a sua espiritualidade para atuar no Congresso. Ele disse ser insuficiente ser cat\u00f3lico apenas do \u201csenso demogr\u00e1fico\u201d ou apenas de ir \u00e0s missas ao domingo. \u201cN\u00e3o d\u00e1 para aceitar o aumento de 23% de compras de arma no Brasil. \u201c\u00c9 imposs\u00edvel um crist\u00e3o defender isto que vai na contram\u00e3o do princ\u00edpio de buscar a justi\u00e7a como caminho para a paz\u201d, disse.<\/p>\n<p>O\u00a0deputado federal Francisco J\u00fanior\u00a0<b>(PSD-GO)<\/b>\u00a0partilhou suas dores e expectativas como parlamentar. Segundo ele, antes de entrar na pol\u00edtica era visto como \u201cbom mo\u00e7o\u201d mas hoje \u00e9 como se tivesse um carimbo de \u201csuspeito\u201d na testa. Ele disse entender a pol\u00edtica como miss\u00e3o e voca\u00e7\u00e3o e espera que a Igreja seja como uma m\u00e3e e pastora capaz de apontar os caminhos e refer\u00eancias para a sua atua\u00e7\u00e3o baseadas na Doutrina Social mas tamb\u00e9m de acompanhar os mandatos e chamar a aten\u00e7\u00e3o quando est\u00e1 errado mas tamb\u00e9m incentivar quando h\u00e1 acertos. Ele disse ser importante que a Igreja n\u00e3o fique ref\u00e9m de pessoas e ideologias mas seja um espa\u00e7o aberto a acolher a todos. \u201cQue o exerc\u00edcio da pol\u00edtica seja como um minist\u00e9rio a servi\u00e7o da vida, da fam\u00edlia e dos empobrecidos\u201d, disse.<\/p>\n<p>A\u00a0vereadora de Itacoatiara (AM),\u00a0<b>Maria Francelizia da Silva, Itacoatiara (PT)<\/b>, disse compreender que o mandato \u00e9 uma extens\u00e3o da atua\u00e7\u00e3o pastoral do crist\u00e3o no espa\u00e7o pol\u00edtico. Contudo, ela apontou que sente falta de forma\u00e7\u00e3o mais efetiva, por meio de escolas de forma\u00e7\u00e3o pol\u00edtica, dos parlamentares e tamb\u00e9m para despertar nos leigos o desejo de atua\u00e7\u00e3o no espa\u00e7o pol\u00edtico. Tamb\u00e9m cobrou mais acompanhamento da atua\u00e7\u00e3o parlamentar.<\/p>\n<p>O\u00a0senador\u00a0<b>Fl\u00e1vio Arns (Podemos-PR)<\/b>\u00a0disse ser necess\u00e1rio continuar a promo\u00e7\u00e3o de encontros entre a Igreja e os parlamentares para aproxima\u00e7\u00e3o rec\u00edproca. \u201cA gente sempre espera que a Igreja esteja atenta aos fatos pelos quais o Brasil est\u00e1 passando como a necessidade de mais di\u00e1logo, a supera\u00e7\u00e3o das polariza\u00e7\u00f5es e tamb\u00e9m traduzir isto para a vida do povo\u201d, disse. Segundo ele, a Igreja precisa acompanhar mais de perto os mandatos parlamentares para que possa ampliar as vozes das bases a partir dos desafios de cada regi\u00e3o. Ele disse ser necess\u00e1rio tamb\u00e9m a Igreja Cat\u00f3lica dar mais visibilidade \u00e0s v\u00e1rias iniciativas que faz no Brasil a servi\u00e7o do povo brasileiro (sa\u00fade, educa\u00e7\u00e3o, assist\u00eancia, entre outros). Defendeu tamb\u00e9m ser necess\u00e1rio que a Igreja aproxime-se de outros pol\u00edticos que atuam a partir de princ\u00edpios human\u00edsticos mas n\u00e3o necessariamente comungam da mesma f\u00e9.<\/p>\n<p>A\u00a0senadora\u00a0<b>Zenaide Maia (Pros-RN)<\/b>\u00a0disse que a conjuntura pede mais a\u00e7\u00f5es de promo\u00e7\u00e3o e defesa da f\u00e9. Em sua avalia\u00e7\u00e3o, a Igreja precisa subsidiar os parlamentares com mais conhecimento. Uma papel que a Igreja pode fazer, em sua avalia\u00e7\u00e3o, uma vez que atua com uma grande capilaridade, \u00e9 ajudar as pessoas a ter uma vis\u00e3o mais cr\u00edtica da realidade e a compreender que a pobreza n\u00e3o \u00e9 algo que Deus quer mas \u00e9 fruto da a\u00e7\u00e3o humana e de decis\u00f5es pol\u00edticas e governamentais.<\/p>\n<p>O\u00a0vereador de Fortaleza (CE)<b>\u00a0Jorge Pinheiro (PSDB<\/b>)\u00a0pediu, como filho, que a Igreja seja uma m\u00e3e educadora que esteja mais presente incentivando e acolhendo mas tamb\u00e9m puxando a orelha quando notar que a atua\u00e7\u00e3o parlamentar n\u00e3o esteja coerente com os princ\u00edpios e orienta\u00e7\u00f5es cat\u00f3licas.<\/p>\n<p>A\u00a0deputada estadual pelo PT de Minas Gerais,\u00a0<b>Marilene Alves de Souza (Leninha)<\/b>\u00a0disse perceber a exist\u00eancia de muitos pontos convergentes a partir dos quais a Igreja pode trabalhar para iluminar o caminho e a atua\u00e7\u00e3o dos parlamentares no exerc\u00edcio de seus mandatos. Ela disse acreditar que a pol\u00edtica \u00e9 a forma mais perfeita de exerc\u00edcio da caridade. \u201cA caridade \u00e9 o caminho mais nobre para transformar as estruturas rumo \u00e0 pol\u00edtica do bem comum e do bem viver para todos, especialmente para os mais empobrecidos\u201d, afirmou.<\/p>\n<p><strong>ABERTURA DO EVENTO<\/strong><\/p>\n<p>A Confer\u00eancia Nacional dos Bispos do Brasil (CNBB) iniciou, na manh\u00e3 desta quinta-feira, 16 de setembro, o I Encontro de Parlamentares Cat\u00f3licos a servi\u00e7o do Povo Brasileiro. Na abertura do evento, foi destacada a busca pelo di\u00e1logo e pela \u201cpol\u00edtica melhor\u201d apontada pelo Papa Francisco na carta enc\u00edclica\u00a0<em>Fratelli Tutti.\u00a0<\/em>Em sua fala, o o arcebispo de Belo Horizonte (MG) e presidente da CNBB, dom Walmor Oliveira de Azevedo, destacou que a Igreja apoia e investe em tudo o que pode promover e garantir a \u2018pol\u00edtica melhor\u2019, como acentuou o Papa no cap\u00edtulo V do documento sobre a Fraternidade humana e a amizade social.<\/p>\n<p>O encontro teve inicio nesta quinta e segue at\u00e9 amanh\u00e3 com a participa\u00e7\u00e3o de cerca de 80 parlamentares, entre vereadores, deputados estaduais e federas e senadores. Na abertura, discursaram o presidente da CNBB; o n\u00fancio apost\u00f3lico no Brasil, dom Giambattista Diquattro; e o presidente do Senado, senador Rodrigo Pacheco.<\/p>\n<h3>Aposta no di\u00e1logo<\/h3>\n<p>Para dom Walmor Oliveira de Azevedo, o I Encontro de Parlamentares Cat\u00f3licos a servi\u00e7o do Povo Brasileiro \u201c\u00e9 uma aposta na efic\u00e1cia do di\u00e1logo como instrumento de constru\u00e7\u00e3o de entendimentos e respostas novas na reconstru\u00e7\u00e3o da sociedade brasileira nos trilhos da justi\u00e7a e da paz \u00e0 luz dos valores e princ\u00edpios do Evangelho de Jesus Cristo\u201d.<\/p>\n<p>O arcebispo falou do empenho e do investimento da Igreja Cat\u00f3lica no Brasil em promover o di\u00e1logo e a tarefa de \u201cfecundar e iluminar a tarefa pol\u00edtica com os valores do Evangelho\u201d.<\/p>\n<p>O \u00e1pice do encontro \u00e9 a promo\u00e7\u00e3o do di\u00e1logo, segundo dom Walmor, para que parlamentares\u00a0digam o que esperam da Igreja e \u201cse deixem interpelar ao ouvir o que a Igreja tamb\u00e9m deles espera\u201d. Esse di\u00e1logo permanente, continua, \u201cpermite o aperfei\u00e7oamento do servi\u00e7o na pol\u00edtica e nutre a esperan\u00e7a de um novo tempo, ao se tocar mentalidades, na medida de redimensionamento de crit\u00e9rios pelos confrontos a partir de valores e princ\u00edpios\u201d.<\/p>\n<h3>Em vista do bem comum<\/h3>\n<p>A articula\u00e7\u00e3o de parlamentares cat\u00f3licos, no entanto, mesmo com sua import\u00e2ncia, n\u00e3o deve ser compreendida, segundo dom Walmor, \u201ccomo entrincheiramento em defesa de interesses cartoriais e grupais\u201d. Valer\u00e1 nessa rela\u00e7\u00e3o \u201csempre a primazia do bem comum, o sentido inegoci\u00e1vel da solidariedade e da igualdade, a defesa da promo\u00e7\u00e3o dos princ\u00edpios democr\u00e1ticos\u201d.<\/p>\n<p>\u201cA f\u00e9 crist\u00e3 tem uma grandeza que emoldura e inspira a qualidade do desempenho pol\u00edtico na sua essencialidade para a vida na na\u00e7\u00e3o. Isso fica entendido como servi\u00e7o s\u00e9rio e sincero prestado a um povo em vista do seu bem, por meio de legisla\u00e7\u00f5es que garantam o direito e a justi\u00e7a na verdade e na paz. A Igreja, por isso, incentiva homens e mulheres \u00e0 participa\u00e7\u00e3o e representa\u00e7\u00e3o pol\u00edticas no horizonte rico e inspirador de sua Doutrina Social\u201d, destacou o presidente da CNBB.<\/p>\n<p>No atual contexto, com \u201ca complexidade e o desafio de se configurar um novo tecido social e pol\u00edtico brasileiro\u201d, dom Walmor destacou elementos que \u201capelam especial cuidado com exerc\u00edcio da pol\u00edtica\u201d. S\u00e3o eles \u201cos desdobramentos hist\u00f3ricos da pol\u00edtica brasileira, os agravamentos dos problemas com o advento da pandemia da Covid-19 em curso e a precipita\u00e7\u00e3o perigosa da cidadania nas alas das polariza\u00e7\u00f5es e extremismos\u201d.<\/p>\n<h3>Fraternidade Universal<\/h3>\n<p>A atua\u00e7\u00e3o do parlamentar cat\u00f3lico, segundo dom Walmor, tem uma responsabilidade \u201cde ser desempenhada nos trilhos de valores e princ\u00edpios que impulsionem o novo, gestem respostas novas e alimentem o horizonte cidad\u00e3o com as convic\u00e7\u00f5es da fraternidade universal\u201d.<\/p>\n<p>O n\u00fancio apost\u00f3lico no Brasil, dom Giambattista Diquattro, tamb\u00e9m destacou a fraternidade como virtude a ser aprimorada no Brasil. Ap\u00f3s transmitir a sauda\u00e7\u00e3o cordial e a b\u00ean\u00e7\u00e3o do Papa Francisco, recordou a riqueza da variedade \u00e9tnica, espiritual e cultural \u00fanica do pa\u00eds: \u201cEssa variedade admir\u00e1vel corrobora para o seu compromisso com a paz e a supera\u00e7\u00e3o dos conflitos\u201d, sublinhou.<\/p>\n<p>Dom Giambattista ressaltou que \u201cprecisamos cada vez mais de fraternidade e amor para promover a integra\u00e7\u00e3o entre os homens, fato este perseguido no momento cr\u00edtico que vivemos\u201d.<\/p>\n<p>\u201cNum mundo em que todos estamos interligados , a mera ordem e o mero progresso econ\u00f4mico n\u00e3o s\u00e3o suficientes enquanto \u00e9 urgente que a sociedade civil reafirme a sua mensagem de fraternidade, de integra\u00e7\u00e3o e de paz. O Brasil se destaca pela sua solidariedade que ultrapassa as suas fronteiras e por sua hist\u00f3ria marcada indelevelmente pela f\u00e9. Oxal\u00e1 esta ajude a alimentar de modo t\u00e3o natural prop\u00f3sitos e sentimentos de amor, de ordem e de progresso\u201d, desejou.<\/p>\n<p>O n\u00fancio apost\u00f3lico no Brasil tamb\u00e9m espera que a voca\u00e7\u00e3o \u00e0 fraternidade e a \u201ccordialidade identit\u00e1ria\u201d do povo brasileiro \u201cnunca desapare\u00e7am dos vossos cora\u00e7\u00f5es, mas acompanhe sempre, esculpindo a autenticidade que vos caracteriza\u201d.<\/p>\n<p>Ele ainda pediu que os parlamentares cultivem a \u201cbeleza do conjunto\u201d, o que requer paci\u00eancia, fadiga, coragem e partilha, zelo e criatividade. \u201c\u00c9 obra humana que Deus aben\u00e7oa\u201d.<\/p>\n<p>&nbsp;<\/p>\n<h3>Reconhecimento<\/h3>\n<p>Em seu discurso, o presidente do Senado, senador Rodrigo Pacheco, iniciou agradecendo o convite e manifestando seu reconhecimento e admira\u00e7\u00e3o \u201cpelo papel essencial e pelo trabalho incans\u00e1vel e produtivo que a CNBB vem desenvolvendo h\u00e1 quase sete d\u00e9cadas, na edifica\u00e7\u00e3o de uma sociedade mais justa, mais fraterna, mais solid\u00e1ria, sempre presente e atuante nos momentos decisivos da conturbada trajet\u00f3ria de consolida\u00e7\u00e3o e de desenvolvimento da jovem democracia brasileira\u201d.<\/p>\n<p>Para o parlamentar, com a realiza\u00e7\u00e3o do encontro, \u201ca CNBB irmana-se com os que veem na democracia a \u00fanica sa\u00edda vi\u00e1vel para a crise brasileira, bem como reafirma seu compromisso com a defesa intransigente dos mais pobres, dos que mais precisam de uma nova pol\u00edtica, dos que mais carecem de uma pol\u00edtica melhor\u201d.<\/p>\n<h3>Supera\u00e7\u00f5es<\/h3>\n<p>O presidente do Congresso Nacional comentou sobre o fato de a porcentagem de cat\u00f3licos na popula\u00e7\u00e3o brasileira n\u00e3o se traduzir em \u201c\u00edndices similares de representatividade e atua\u00e7\u00e3o pol\u00edtica\u201d. A maioria crist\u00e3 em n\u00fameros tamb\u00e9m n\u00e3o est\u00e1 refletida quando se considera \u201cas convic\u00e7\u00f5es \u00e9ticas e religiosas crist\u00e3s que nos norteiam\u201d. Esse destaque de Pacheco deve-se \u00e0 realidade do pa\u00eds, transparecida no \u201ccontraste ofensivo entre, de um lado, o maior n\u00famero de brasileiros miser\u00e1veis desde 2010 e, de outro lado, o n\u00famero recorde de novos bilion\u00e1rios brasileiros neste ano de 2021\u201d.<\/p>\n<p>\u201cA revers\u00e3o dessas tend\u00eancias, nada alvissareiras, t\u00eam como requisito inicial a supera\u00e7\u00e3o definitiva de impasses institucionais que tanto prejudicam e paralisam o pa\u00eds. Pacificar e tornar plenamente produtiva a intera\u00e7\u00e3o harm\u00f4nica entre os poderes \u00e9, no entanto, n\u00e3o mais do que uma etapa inicial dentro de uma tarefa maior, que \u00e9 colocar o Brasil de volta ao caminho do desenvolvimento, de volta ao caminho da erradica\u00e7\u00e3o da fome, da gera\u00e7\u00e3o de emprego e de trabalho, do controle eficaz do poder aquisitivo da moeda e, sobretudo, da redu\u00e7\u00e3o das desigualdades sociais muito acentuadas inclusive na pandemia do coronav\u00edrus\u201d, disse Pacheco.<\/p>\n<p>O parlamentar destaca que atingir esses objetivos \u201cdemandar\u00e1 uma nova pol\u00edtica, uma pol\u00edtica melhor, nos termos da enc\u00edclica Fratelli Tutti\u201d.<\/p>\n<p>\u201cUrge, em primeiro lugar, recolocar a pol\u00edtica a servi\u00e7o do bem comum. Isso implica n\u00e3o apenas atender as ora ainda negligenciadas necessidades b\u00e1sicas dos vulner\u00e1veis e desfavorecidos, mas tamb\u00e9m submeter de forma irrestrita o pensar e o agir pol\u00edtico nos valores da fraternidade, da solidariedade e da justi\u00e7a social\u201d.<\/p>\n<p>Para Rodrigo Pacheco, \u00e9 imprescind\u00edvel qualificar e valorizar a discuss\u00e3o pol\u00edtica \u201cbuscando o di\u00e1logo paciente e persistente, em oposi\u00e7\u00e3o \u00e0s intera\u00e7\u00f5es superficiais, improdutivas, raivosas e intolerantes, t\u00e3o caracter\u00edsticas de boa parte das redes sociais\u201d.<\/p>\n<p>Vislumbrando o processo eleitoral do pr\u00f3ximo como oportunidade para a \u201cnecess\u00e1ria depura\u00e7\u00e3o pol\u00edtica na subst\u00e2ncia e na forma\u201d que o Papa descreve, Pacheco\u00a0 espera \u201co reencontro do Brasil com alguma normalidade pol\u00edtica\u201d. At\u00e9 que esse momento chegue, o que pode demorar um pouco mais a ideia, segundo o senador, \u00e9 \u201cmanter, nas palavras do Sumo Pont\u00edfice, a confian\u00e7a nas reservas do bem, sem perder a esperan\u00e7a\u201d.<\/p>\n<p>\u201c\u00c0s v\u00e9speras dos 200 anos da independ\u00eancia nacional, \u00e9 fundamental que todos n\u00f3s democratas, que almejamos um Brasil mais justo, fraterno e solid\u00e1rio, n\u00e3o possamos esmorecer. Com calma e serenidade, e o Brasil h\u00e1 de superar a crise multifacetada que ora enfrentamos\u201d, animou Pacheco, que ainda apontou para a retomada do desenvolvimento a necessidade de uni\u00e3o nacional, respeito, responsabilidade e otimismo.<\/p>\n<hr \/>\n<p><i>Fonte: CNBB &#8211; Confer\u00eancia Nacional dos Bispos do Brasil<\/i><\/p>\n","protected":false},"excerpt":{"rendered":"<p>Confer\u00eancia Nacional dos Bispos do Brasil<\/p>\n","protected":false},"author":3,"featured_media":234408,"comment_status":"open","ping_status":"open","sticky":false,"template":"","format":"standard","meta":[],"categories":[1],"tags":[29],"acf":[],"yoast_head":"<!-- This site is optimized with the Yoast SEO plugin v19.2 - https:\/\/yoast.com\/wordpress\/plugins\/seo\/ -->\n<title>Bispos falam aos parlamentares cat\u00f3licos o que a Igreja espera deles - Not\u00edcias - Franciscanos<\/title>\n<meta name=\"robots\" content=\"index, follow, max-snippet:-1, max-image-preview:large, max-video-preview:-1\" \/>\n<link rel=\"canonical\" href=\"https:\/\/franciscanos.org.br\/noticias\/bispos-falam-aos-parlamentares-catolicos-o-que-a-igreja-espera-deles.html\" \/>\n<meta property=\"og:locale\" content=\"pt_BR\" \/>\n<meta property=\"og:type\" content=\"article\" \/>\n<meta property=\"og:title\" content=\"Bispos falam aos parlamentares cat\u00f3licos o que a Igreja espera deles - Not\u00edcias - Franciscanos\" \/>\n<meta property=\"og:description\" content=\"Confer\u00eancia Nacional dos Bispos do Brasil\" \/>\n<meta property=\"og:url\" content=\"https:\/\/franciscanos.org.br\/noticias\/bispos-falam-aos-parlamentares-catolicos-o-que-a-igreja-espera-deles.html\" \/>\n<meta property=\"og:site_name\" content=\"Not\u00edcias - Franciscanos\" \/>\n<meta property=\"article:published_time\" content=\"2021-09-18T09:52:55+00:00\" \/>\n<meta property=\"og:image\" content=\"https:\/\/franciscanos.org.br\/noticias\/wp-content\/uploads\/2021\/09\/parlamentares_catolicos_180921d.jpg\" \/>\n\t<meta property=\"og:image:width\" content=\"800\" \/>\n\t<meta property=\"og:image:height\" content=\"551\" \/>\n\t<meta property=\"og:image:type\" content=\"image\/jpeg\" \/>\n<meta name=\"author\" content=\"moacir\" \/>\n<meta name=\"twitter:card\" content=\"summary_large_image\" \/>\n<meta name=\"twitter:label1\" content=\"Escrito por\" \/>\n\t<meta name=\"twitter:data1\" content=\"moacir\" \/>\n\t<meta name=\"twitter:label2\" content=\"Est. tempo de leitura\" \/>\n\t<meta name=\"twitter:data2\" content=\"18 minutos\" \/>\n<script type=\"application\/ld+json\" class=\"yoast-schema-graph\">{\"@context\":\"https:\/\/schema.org\",\"@graph\":[{\"@type\":\"WebSite\",\"@id\":\"https:\/\/franciscanos.org.br\/noticias\/#website\",\"url\":\"https:\/\/franciscanos.org.br\/noticias\/\",\"name\":\"Not\u00edcias - Franciscanos\",\"description\":\"Prov\u00edncia Franciscana da Imaculada Concei\u00e7\u00e3o do Brasil - Ordem dos Frades Menores - OFM\",\"potentialAction\":[{\"@type\":\"SearchAction\",\"target\":{\"@type\":\"EntryPoint\",\"urlTemplate\":\"https:\/\/franciscanos.org.br\/noticias\/?s={search_term_string}\"},\"query-input\":\"required name=search_term_string\"}],\"inLanguage\":\"pt-BR\"},{\"@type\":\"ImageObject\",\"inLanguage\":\"pt-BR\",\"@id\":\"https:\/\/franciscanos.org.br\/noticias\/bispos-falam-aos-parlamentares-catolicos-o-que-a-igreja-espera-deles.html#primaryimage\",\"url\":\"https:\/\/franciscanos.org.br\/noticias\/wp-content\/uploads\/2021\/09\/parlamentares_catolicos_180921d.jpg\",\"contentUrl\":\"https:\/\/franciscanos.org.br\/noticias\/wp-content\/uploads\/2021\/09\/parlamentares_catolicos_180921d.jpg\",\"width\":800,\"height\":551},{\"@type\":\"WebPage\",\"@id\":\"https:\/\/franciscanos.org.br\/noticias\/bispos-falam-aos-parlamentares-catolicos-o-que-a-igreja-espera-deles.html#webpage\",\"url\":\"https:\/\/franciscanos.org.br\/noticias\/bispos-falam-aos-parlamentares-catolicos-o-que-a-igreja-espera-deles.html\",\"name\":\"Bispos falam aos parlamentares cat\u00f3licos o que a Igreja espera deles - Not\u00edcias - Franciscanos\",\"isPartOf\":{\"@id\":\"https:\/\/franciscanos.org.br\/noticias\/#website\"},\"primaryImageOfPage\":{\"@id\":\"https:\/\/franciscanos.org.br\/noticias\/bispos-falam-aos-parlamentares-catolicos-o-que-a-igreja-espera-deles.html#primaryimage\"},\"datePublished\":\"2021-09-18T09:52:55+00:00\",\"dateModified\":\"2021-09-18T09:52:55+00:00\",\"author\":{\"@id\":\"https:\/\/franciscanos.org.br\/noticias\/#\/schema\/person\/b5c8cba458c330ccff548b056e95a5d4\"},\"breadcrumb\":{\"@id\":\"https:\/\/franciscanos.org.br\/noticias\/bispos-falam-aos-parlamentares-catolicos-o-que-a-igreja-espera-deles.html#breadcrumb\"},\"inLanguage\":\"pt-BR\",\"potentialAction\":[{\"@type\":\"ReadAction\",\"target\":[\"https:\/\/franciscanos.org.br\/noticias\/bispos-falam-aos-parlamentares-catolicos-o-que-a-igreja-espera-deles.html\"]}]},{\"@type\":\"BreadcrumbList\",\"@id\":\"https:\/\/franciscanos.org.br\/noticias\/bispos-falam-aos-parlamentares-catolicos-o-que-a-igreja-espera-deles.html#breadcrumb\",\"itemListElement\":[{\"@type\":\"ListItem\",\"position\":1,\"name\":\"Home\",\"item\":\"https:\/\/franciscanos.org.br\/noticias\"},{\"@type\":\"ListItem\",\"position\":2,\"name\":\"Bispos falam aos parlamentares cat\u00f3licos o que a Igreja espera deles\"}]},{\"@type\":\"Person\",\"@id\":\"https:\/\/franciscanos.org.br\/noticias\/#\/schema\/person\/b5c8cba458c330ccff548b056e95a5d4\",\"name\":\"moacir\",\"image\":{\"@type\":\"ImageObject\",\"inLanguage\":\"pt-BR\",\"@id\":\"https:\/\/franciscanos.org.br\/noticias\/#\/schema\/person\/image\/\",\"url\":\"https:\/\/secure.gravatar.com\/avatar\/d08aa2ce4c8dd416d4479aa8536fcf64?s=96&d=mm&r=g\",\"contentUrl\":\"https:\/\/secure.gravatar.com\/avatar\/d08aa2ce4c8dd416d4479aa8536fcf64?s=96&d=mm&r=g\",\"caption\":\"moacir\"},\"url\":\"https:\/\/franciscanos.org.br\/noticias\/author\/moacir\"}]}<\/script>\n<!-- \/ Yoast SEO plugin. -->","yoast_head_json":{"title":"Bispos falam aos parlamentares cat\u00f3licos o que a Igreja espera deles - Not\u00edcias - Franciscanos","robots":{"index":"index","follow":"follow","max-snippet":"max-snippet:-1","max-image-preview":"max-image-preview:large","max-video-preview":"max-video-preview:-1"},"canonical":"https:\/\/franciscanos.org.br\/noticias\/bispos-falam-aos-parlamentares-catolicos-o-que-a-igreja-espera-deles.html","og_locale":"pt_BR","og_type":"article","og_title":"Bispos falam aos parlamentares cat\u00f3licos o que a Igreja espera deles - Not\u00edcias - Franciscanos","og_description":"Confer\u00eancia Nacional dos Bispos do Brasil","og_url":"https:\/\/franciscanos.org.br\/noticias\/bispos-falam-aos-parlamentares-catolicos-o-que-a-igreja-espera-deles.html","og_site_name":"Not\u00edcias - Franciscanos","article_published_time":"2021-09-18T09:52:55+00:00","og_image":[{"width":800,"height":551,"url":"https:\/\/franciscanos.org.br\/noticias\/wp-content\/uploads\/2021\/09\/parlamentares_catolicos_180921d.jpg","type":"image\/jpeg"}],"author":"moacir","twitter_card":"summary_large_image","twitter_misc":{"Escrito por":"moacir","Est. tempo de leitura":"18 minutos"},"schema":{"@context":"https:\/\/schema.org","@graph":[{"@type":"WebSite","@id":"https:\/\/franciscanos.org.br\/noticias\/#website","url":"https:\/\/franciscanos.org.br\/noticias\/","name":"Not\u00edcias - Franciscanos","description":"Prov\u00edncia Franciscana da Imaculada Concei\u00e7\u00e3o do Brasil - Ordem dos Frades Menores - OFM","potentialAction":[{"@type":"SearchAction","target":{"@type":"EntryPoint","urlTemplate":"https:\/\/franciscanos.org.br\/noticias\/?s={search_term_string}"},"query-input":"required name=search_term_string"}],"inLanguage":"pt-BR"},{"@type":"ImageObject","inLanguage":"pt-BR","@id":"https:\/\/franciscanos.org.br\/noticias\/bispos-falam-aos-parlamentares-catolicos-o-que-a-igreja-espera-deles.html#primaryimage","url":"https:\/\/franciscanos.org.br\/noticias\/wp-content\/uploads\/2021\/09\/parlamentares_catolicos_180921d.jpg","contentUrl":"https:\/\/franciscanos.org.br\/noticias\/wp-content\/uploads\/2021\/09\/parlamentares_catolicos_180921d.jpg","width":800,"height":551},{"@type":"WebPage","@id":"https:\/\/franciscanos.org.br\/noticias\/bispos-falam-aos-parlamentares-catolicos-o-que-a-igreja-espera-deles.html#webpage","url":"https:\/\/franciscanos.org.br\/noticias\/bispos-falam-aos-parlamentares-catolicos-o-que-a-igreja-espera-deles.html","name":"Bispos falam aos parlamentares cat\u00f3licos o que a Igreja espera deles - Not\u00edcias - Franciscanos","isPartOf":{"@id":"https:\/\/franciscanos.org.br\/noticias\/#website"},"primaryImageOfPage":{"@id":"https:\/\/franciscanos.org.br\/noticias\/bispos-falam-aos-parlamentares-catolicos-o-que-a-igreja-espera-deles.html#primaryimage"},"datePublished":"2021-09-18T09:52:55+00:00","dateModified":"2021-09-18T09:52:55+00:00","author":{"@id":"https:\/\/franciscanos.org.br\/noticias\/#\/schema\/person\/b5c8cba458c330ccff548b056e95a5d4"},"breadcrumb":{"@id":"https:\/\/franciscanos.org.br\/noticias\/bispos-falam-aos-parlamentares-catolicos-o-que-a-igreja-espera-deles.html#breadcrumb"},"inLanguage":"pt-BR","potentialAction":[{"@type":"ReadAction","target":["https:\/\/franciscanos.org.br\/noticias\/bispos-falam-aos-parlamentares-catolicos-o-que-a-igreja-espera-deles.html"]}]},{"@type":"BreadcrumbList","@id":"https:\/\/franciscanos.org.br\/noticias\/bispos-falam-aos-parlamentares-catolicos-o-que-a-igreja-espera-deles.html#breadcrumb","itemListElement":[{"@type":"ListItem","position":1,"name":"Home","item":"https:\/\/franciscanos.org.br\/noticias"},{"@type":"ListItem","position":2,"name":"Bispos falam aos parlamentares cat\u00f3licos o que a Igreja espera deles"}]},{"@type":"Person","@id":"https:\/\/franciscanos.org.br\/noticias\/#\/schema\/person\/b5c8cba458c330ccff548b056e95a5d4","name":"moacir","image":{"@type":"ImageObject","inLanguage":"pt-BR","@id":"https:\/\/franciscanos.org.br\/noticias\/#\/schema\/person\/image\/","url":"https:\/\/secure.gravatar.com\/avatar\/d08aa2ce4c8dd416d4479aa8536fcf64?s=96&d=mm&r=g","contentUrl":"https:\/\/secure.gravatar.com\/avatar\/d08aa2ce4c8dd416d4479aa8536fcf64?s=96&d=mm&r=g","caption":"moacir"},"url":"https:\/\/franciscanos.org.br\/noticias\/author\/moacir"}]}},"_links":{"self":[{"href":"https:\/\/franciscanos.org.br\/noticias\/wp-json\/wp\/v2\/posts\/234406"}],"collection":[{"href":"https:\/\/franciscanos.org.br\/noticias\/wp-json\/wp\/v2\/posts"}],"about":[{"href":"https:\/\/franciscanos.org.br\/noticias\/wp-json\/wp\/v2\/types\/post"}],"author":[{"embeddable":true,"href":"https:\/\/franciscanos.org.br\/noticias\/wp-json\/wp\/v2\/users\/3"}],"replies":[{"embeddable":true,"href":"https:\/\/franciscanos.org.br\/noticias\/wp-json\/wp\/v2\/comments?post=234406"}],"version-history":[{"count":1,"href":"https:\/\/franciscanos.org.br\/noticias\/wp-json\/wp\/v2\/posts\/234406\/revisions"}],"predecessor-version":[{"id":234409,"href":"https:\/\/franciscanos.org.br\/noticias\/wp-json\/wp\/v2\/posts\/234406\/revisions\/234409"}],"wp:featuredmedia":[{"embeddable":true,"href":"https:\/\/franciscanos.org.br\/noticias\/wp-json\/wp\/v2\/media\/234408"}],"wp:attachment":[{"href":"https:\/\/franciscanos.org.br\/noticias\/wp-json\/wp\/v2\/media?parent=234406"}],"wp:term":[{"taxonomy":"category","embeddable":true,"href":"https:\/\/franciscanos.org.br\/noticias\/wp-json\/wp\/v2\/categories?post=234406"},{"taxonomy":"post_tag","embeddable":true,"href":"https:\/\/franciscanos.org.br\/noticias\/wp-json\/wp\/v2\/tags?post=234406"}],"curies":[{"name":"wp","href":"https:\/\/api.w.org\/{rel}","templated":true}]}}