{"id":234396,"date":"2021-09-18T05:45:48","date_gmt":"2021-09-18T08:45:48","guid":{"rendered":"https:\/\/franciscanos.org.br\/noticias\/?p=234396"},"modified":"2021-09-18T10:00:00","modified_gmt":"2021-09-18T13:00:00","slug":"francisco-hoje-chora-as-chagas-de-cristo-nas-chagas-do-povo-e-de-toda-a-criacao","status":"publish","type":"post","link":"https:\/\/franciscanos.org.br\/noticias\/francisco-hoje-chora-as-chagas-de-cristo-nas-chagas-do-povo-e-de-toda-a-criacao.html","title":{"rendered":"\u201cFrancisco hoje chora as Chagas de Cristo nas chagas do povo e de toda a Cria\u00e7\u00e3o\u201d"},"content":{"rendered":"<p><img loading=\"lazy\" class=\"alignnone size-full wp-image-234397\" src=\"https:\/\/franciscanos.org.br\/noticias\/wp-content\/uploads\/2021\/09\/alverne_petropolis_180921.jpg\" alt=\"\" width=\"1280\" height=\"720\" srcset=\"https:\/\/franciscanos.org.br\/noticias\/wp-content\/uploads\/2021\/09\/alverne_petropolis_180921.jpg 1280w, https:\/\/franciscanos.org.br\/noticias\/wp-content\/uploads\/2021\/09\/alverne_petropolis_180921-450x253.jpg 450w, https:\/\/franciscanos.org.br\/noticias\/wp-content\/uploads\/2021\/09\/alverne_petropolis_180921-1024x576.jpg 1024w, https:\/\/franciscanos.org.br\/noticias\/wp-content\/uploads\/2021\/09\/alverne_petropolis_180921-768x432.jpg 768w, https:\/\/franciscanos.org.br\/noticias\/wp-content\/uploads\/2021\/09\/alverne_petropolis_180921-150x84.jpg 150w\" sizes=\"(max-width: 1280px) 100vw, 1280px\" \/><\/p>\n<p><strong>Petr\u00f3polis (RJ) \u2013<\/strong> Uma celebra\u00e7\u00e3o franciscana. Assim foi a Festa das Chegas de S\u00e3o Francisco na Fraternidade do Sagrado Cora\u00e7\u00e3o de Jesus em Petr\u00f3polis (RJ). Come\u00e7ou ainda na v\u00e9spera com a ora\u00e7\u00e3o da Liturgia das Horas e culminou com a Celebra\u00e7\u00e3o Eucar\u00edstica das 18 horas, deste dia 17 de setembro. A Santa Missa foi presidida pelo guardi\u00e3o e p\u00e1roco, Frei Jorge Paulo Schiavini, e concelebrada pelo vig\u00e1rio paroquial, Frei Jos\u00e9 Ariovaldo da Silva que tamb\u00e9m fez a homilia. O Coral dos Frades do Tempo da Teologia entoaram cantos pr\u00f3prios para o dia, sob a reg\u00eancia do mestre Frei Marcos Antonio Andrade. Como j\u00e1 \u00e9 de costume, a celebra\u00e7\u00e3o foi transmitida pelas redes sociais da Par\u00f3quia do Sagrado e pela R\u00e1dio Imperial.<\/p>\n<p>\u201cFoi em 1224, no Monte Alverne, que S\u00e3o Francisco recebeu os estigmas da Paix\u00e3o do Senhor. Ele se fez um fiel seguidor de Jesus que ao longo de sua caminhada, tornou-se semelhante a Cristo. Em sua entrega total ao crucificado, Francisco compreendeu a profundidade do amor de Deus por toda criatura, e por isso quis suportar, carregar e amar a todos incondicionalmente, sem medidas ou julgamentos, como Deus ama\u201d, proferiu a ministra Maria Helena Pulcherio, no coment\u00e1rio inicial que deu a t\u00f4nica da celebra\u00e7\u00e3o.<\/p>\n<p><img loading=\"lazy\" class=\"alignnone size-full wp-image-234400\" src=\"https:\/\/franciscanos.org.br\/noticias\/wp-content\/uploads\/2021\/09\/alverne_petropolis_180921_3.jpg\" alt=\"\" width=\"1280\" height=\"853\" srcset=\"https:\/\/franciscanos.org.br\/noticias\/wp-content\/uploads\/2021\/09\/alverne_petropolis_180921_3.jpg 1280w, https:\/\/franciscanos.org.br\/noticias\/wp-content\/uploads\/2021\/09\/alverne_petropolis_180921_3-450x300.jpg 450w, https:\/\/franciscanos.org.br\/noticias\/wp-content\/uploads\/2021\/09\/alverne_petropolis_180921_3-1024x682.jpg 1024w, https:\/\/franciscanos.org.br\/noticias\/wp-content\/uploads\/2021\/09\/alverne_petropolis_180921_3-768x512.jpg 768w, https:\/\/franciscanos.org.br\/noticias\/wp-content\/uploads\/2021\/09\/alverne_petropolis_180921_3-150x100.jpg 150w\" sizes=\"(max-width: 1280px) 100vw, 1280px\" \/><\/p>\n<p>J\u00e1 na homilia (confira abaixo na \u00edntegra), Frei Ariovaldo n\u00e3o poupou nas palavras e fez uma reflex\u00e3o sintonizada com a realidade que se vive. Segundo ele, S\u00e3o Francisco das Chagas representa as chagas de hoje. \u201cA humanidade toda est\u00e1 chagada. S\u00e3o as chagas das v\u00edtimas das guerras e do poderoso mercado de armas e de drogas, s\u00e3o as chagas dos milhares de migrantes for\u00e7ados. O meio ambiente global est\u00e1 chagado. A sociedade brasileira est\u00e1 chagada. Chagada est\u00e1 a nossa Amaz\u00f4nia. O Pantanal \u00e9 pura chaga. Nossa dita \u2018P\u00e1tria amada, Brasil\u2019, \u00e9 uma viva chaga aberta\u201d, disse.<\/p>\n<p>\u201cS\u00e3o Francisco das Chagas representa todas as chagas da humanidade, produzidas pelos Herodes, pelos fariseus, sacerdotes e Sumos Sacerdotes da atual religi\u00e3o do mercado. Francisco hoje chora as chagas de Cristo nas chagas do povo e de toda a cria\u00e7\u00e3o\u201d, lamentou.<\/p>\n<p>Para Frei Ariovaldo, Jesus encoraja e fala de esperan\u00e7a. \u201cOs chagados de hoje ser\u00e3o os ressuscitados de amanh\u00e3\u201d, revelou.<\/p>\n<p>Ap\u00f3s a homilia, a celebra\u00e7\u00e3o teve continuidade com a liturgia eucar\u00edstica. Depois da comunh\u00e3o, o coral entoou o tradicional &#8220;Salve Sancte Pater&#8221;, canto tradicional da espiritualidade franciscana! <strong>(Veja v\u00eddeo abaixo).<\/strong><\/p>\n<p><img loading=\"lazy\" class=\"alignnone size-full wp-image-234399\" src=\"https:\/\/franciscanos.org.br\/noticias\/wp-content\/uploads\/2021\/09\/alverne_petropolis_180921_2.jpg\" alt=\"\" width=\"1280\" height=\"853\" srcset=\"https:\/\/franciscanos.org.br\/noticias\/wp-content\/uploads\/2021\/09\/alverne_petropolis_180921_2.jpg 1280w, https:\/\/franciscanos.org.br\/noticias\/wp-content\/uploads\/2021\/09\/alverne_petropolis_180921_2-450x300.jpg 450w, https:\/\/franciscanos.org.br\/noticias\/wp-content\/uploads\/2021\/09\/alverne_petropolis_180921_2-1024x682.jpg 1024w, https:\/\/franciscanos.org.br\/noticias\/wp-content\/uploads\/2021\/09\/alverne_petropolis_180921_2-768x512.jpg 768w, https:\/\/franciscanos.org.br\/noticias\/wp-content\/uploads\/2021\/09\/alverne_petropolis_180921_2-150x100.jpg 150w\" sizes=\"(max-width: 1280px) 100vw, 1280px\" \/><\/p>\n<h3><strong>\u00a0A HOMILIA NA \u00cdNTEGRA:<\/strong><\/h3>\n<p>Hoje, 17 de setembro, celebramos a Festa da Impress\u00e3o das Chagas de Jesus no corpo de S\u00e3o Francisco de Assis, ou seja, S\u00e3o Francisco das Chagas. Festa importante, e at\u00e9 fundamental, para os franciscanos e franciscanas e todos os devotos de S\u00e3o Francisco e, por que n\u00e3o, para todos os crist\u00e3os.<\/p>\n<p>Foi h\u00e1 exatamente 797 anos, em 1224, l\u00e1 no Monte Alverne, na It\u00e1lia: L\u00e1 aconteceu a prodigiosa obra de Deus que imprimiu no corpo de Francisco os sinais da paix\u00e3o do seu Filho Jesus Cristo, ou seja, as cinco chagas de Jesus. Por qu\u00ea? Porque Francisco, ap\u00f3s sua convers\u00e3o e sua vis\u00e3o de Jesus Crucificado na igrejinha de S\u00e3o Dami\u00e3o, se encantou e apaixonou profundamente por esse Jesus. Paix\u00e3o esta que posteriormente aumentou e amadureceu mais e mais. Quando? Depois que descobriu onde estavam as chagas abertas e vivas de Jesus Crucificado. Onde? Nos leprosos e em todos os pobres, abandonados, famintos, sofredores. A\u00ed estavam as chagas de Jesus. Foi a\u00ed que ele experimentou ao mesmo tempo dor e alegria. Alegria por poder neles abra\u00e7ar e beijar as chagas vivas de verdade de Jesus. Pois eles e elas s\u00e3o Jesus agora! Mas tamb\u00e9m chorou, chorou muito. Escreve Tom\u00e1s de Celano (primeiro bi\u00f3grafo de S\u00e3o Francisco), que, a partir de ent\u00e3o, Francisco \u201cn\u00e3o consegue mais conter o pranto, ele chora at\u00e9 em voz alta a paix\u00e3o de Cristo, como que sempre colocada diante de seus olhos. Ele enche de gemidos os caminhos, n\u00e3o admite qualquer consola\u00e7\u00e3o, ao recordar-se das chagas de Cristo\u201d (2Cel 11,6-7) nas chagas dos pobres sofredores.<\/p>\n<p>S\u00e3o Francisco das chagas&#8230; Hoje, 2021, 797 anos depois, em pleno s\u00e9culo XXI, S\u00e3o Francisco das Chagas representa as chagas de hoje, todas as chagas, no corpo de Jesus que se identifica com a m\u00e3e Terra, a m\u00e3e Natureza, os seres humanos chagados e todos os seres vivos chagados. E todos n\u00f3s com Francisco podemos tamb\u00e9m chorar. Nossa m\u00e3e Terra est\u00e1 chagada. A humanidade toda est\u00e1 chagada. S\u00e3o as chagas das v\u00edtimas das guerras e do poderoso mercado de armas e de drogas, s\u00e3o as chagas dos milhares de migrantes for\u00e7ados. O meio ambiente global est\u00e1 chagado. A sociedade brasileira est\u00e1 chagada. Chagada est\u00e1 a nossa Amaz\u00f4nia. O Pantanal \u00e9 pura chaga. Nossa dita \u201cP\u00e1tria amada, Brasil\u201d, \u00e9 uma viva chaga aberta&#8230; S\u00e3o as chagas das florestas destru\u00eddas; dos milhares de animais \u2013 tantos passarinhos! \u2013, t\u00e3o amados por S\u00e3o Francisco, engolidos em massa pela morte; dos c\u00f3rregos e rios a secar; dos milhares de ind\u00edgenas e quilombolas agredidos, espoliados, massacrados (quantos assassinados!); do desemprego em massa (milhares de desempregados), da falta de moradia (milhares de sem teto, moradores de rua), das v\u00edtimas das drogas etc&#8230; S\u00e3o as chagas do mundo, as chagas da nossa sociedade brasileira. Chagas de Jesus, chagas de S\u00e3o Francisco! Sem pensar agora nas chagas do alto pre\u00e7o dos alimentos b\u00e1sicos, do g\u00e1s de cozinha, da gasolina, de tudo, da falta de vacinas. \u00c9 muita chaga produzida pela gan\u00e2ncia genocida dos Herodes de hoje promotores do agroneg\u00f3cio baseado nas sagradas leis do deus capital; \u00e9 muita chaga produzida pelos Herodes governantes arrogantes, insens\u00edveis, sem cora\u00e7\u00e3o, sanguin\u00e1rios, necr\u00f3filos, de hoje\u2026 S\u00e3o Francisco, numa carta que respeitosamente escreveu a todos os governantes, a eles ele alerta: \u201cVoc\u00eas um dia haver\u00e3o de prestar contas ao Deus criador pelo bem ou pelo mal que fizeram, ou seja, pela sa\u00fade ou pelas chagas que voc\u00eas produziram sobre este planeta Terra\u201d. S\u00e3o Francisco das Chagas representa todas as chagas da humanidade, produzidas pelos Herodes, pelos fariseus, sacerdotes e Sumos Sacerdotes da atual religi\u00e3o do mercado. Francisco hoje chora as chagas de Cristo nas chagas do povo e de toda a cria\u00e7\u00e3o.<\/p>\n<p>Mas Jesus nos encoraja na esperan\u00e7a. Ele, tornando-se \u00faltimo sob os imp\u00e9rios dos poderes deste mundo, tornou-se o primeiro pelo poder de Deus que o ressuscitou dos mortos. Por isso que Jesus disse uma vez: \u201cOs que se acham os primeiros neste mundo, um dia ser\u00e3o os \u00faltimos. E os \u00faltimos neste mundo um dia ser\u00e3o os primeiros\u201d. Por isso, coragem! Jesus prometeu e garantiu pela sua ressurrei\u00e7\u00e3o: Os chagados de hoje ser\u00e3o os ressuscitados de amanh\u00e3! Por isso, com raz\u00e3o, Paulo escreve na Carta aos G\u00e1latas, e isso \u00e9 Palavra do Senhor: \u201cQuanto a mim, que eu me glorie somente da cruz do Senhor nosso Jesus Cristo. Por ele, o mundo est\u00e1 crucificado para mim, como eu estou crucificado para o mundo&#8230; Doravante, que ningu\u00e9m me moleste, pois eu trago em meu corpo as marcas de Jesus\u201d (Gl 6,14.17). Antes, Paulo j\u00e1 dizia: \u201cCom Cristo, eu fui pregado na cruz\u201d. E a mim me chama a aten\u00e7\u00e3o o Evangelho de hoje. Vale a pena retom\u00e1-lo. Disse Jesus: \u201cSe algu\u00e9m me quer seguir, renuncie a si mesmo, tome sua cruz cada dia e me siga. Pois quem quiser salvar a sua vida vai perd\u00ea-la; e quem perder a sua vida por causa de mim, esse a salvar\u00e1. Com efeito, de que adianta a um homem ganhar o mundo inteiro, se se perde e se destr\u00f3i a si mesmo? Se algu\u00e9m se envergonhar de mim e das minhas palavras, o Filho do Homem tamb\u00e9m vai se envergonhar dele quando vier em sua gl\u00f3ria\u201d (Lc 9,23-26).<\/p>\n<p>Por isso, meus irm\u00e3os, minhas irm\u00e3s, coragem! N\u00e3o caiam no desespero. Chorem, sim. Mas tamb\u00e9m se alegrem, porque todas as chagas da M\u00e3e Terra, da humanidade inteira e da m\u00e3e Natureza um dia haver\u00e3o de se transformar, pela gra\u00e7a de Deus, em encantadores rubis diante do trono de Deus no admir\u00e1vel mundo novo que h\u00e1 de vir, no C\u00e9u. Am\u00e9m!<\/p>\n<p><strong>Frei Jos\u00e9 Ariovaldo da Silva, OFM \u2013 17.09.2021<\/strong><\/p>\n<p><iframe loading=\"lazy\" title=\"YouTube video player\" src=\"https:\/\/www.youtube.com\/embed\/nKU_a8HXjTU\" width=\"100%\" height=\"500\" frameborder=\"0\" allowfullscreen=\"allowfullscreen\"><span data-mce-type=\"bookmark\" style=\"display: inline-block; width: 0px; overflow: hidden; line-height: 0;\" class=\"mce_SELRES_start\">\ufeff<\/span><\/iframe><\/p>\n<hr \/>\n<p><em>Frei Augusto Luiz Gabriel (texto) Frei Miguel T. T. Filipe (fotos)<\/em><\/p>\n","protected":false},"excerpt":{"rendered":"<p>Festa das Chagas de S\u00e3o Francisco na Igreja do Sagrado<\/p>\n","protected":false},"author":3,"featured_media":234398,"comment_status":"open","ping_status":"open","sticky":false,"template":"","format":"standard","meta":[],"categories":[1],"tags":[444,1766,190],"acf":[],"yoast_head":"<!-- This site is optimized with the Yoast SEO plugin v19.2 - https:\/\/yoast.com\/wordpress\/plugins\/seo\/ -->\n<title>\u201cFrancisco hoje chora as Chagas de Cristo nas chagas do povo e de toda a Cria\u00e7\u00e3o\u201d - Not\u00edcias - Franciscanos<\/title>\n<meta name=\"robots\" content=\"index, follow, max-snippet:-1, max-image-preview:large, max-video-preview:-1\" \/>\n<link rel=\"canonical\" href=\"https:\/\/franciscanos.org.br\/noticias\/francisco-hoje-chora-as-chagas-de-cristo-nas-chagas-do-povo-e-de-toda-a-criacao.html\" \/>\n<meta property=\"og:locale\" content=\"pt_BR\" \/>\n<meta property=\"og:type\" content=\"article\" \/>\n<meta property=\"og:title\" content=\"\u201cFrancisco hoje chora as Chagas de Cristo nas chagas do povo e de toda a Cria\u00e7\u00e3o\u201d - Not\u00edcias - Franciscanos\" \/>\n<meta property=\"og:description\" content=\"Festa das Chagas de S\u00e3o Francisco na Igreja do Sagrado\" \/>\n<meta property=\"og:url\" content=\"https:\/\/franciscanos.org.br\/noticias\/francisco-hoje-chora-as-chagas-de-cristo-nas-chagas-do-povo-e-de-toda-a-criacao.html\" \/>\n<meta property=\"og:site_name\" content=\"Not\u00edcias - Franciscanos\" \/>\n<meta property=\"article:published_time\" content=\"2021-09-18T08:45:48+00:00\" \/>\n<meta property=\"article:modified_time\" content=\"2021-09-18T13:00:00+00:00\" \/>\n<meta property=\"og:image\" content=\"https:\/\/franciscanos.org.br\/noticias\/wp-content\/uploads\/2021\/09\/alverne_petropolis_180921d.jpg\" \/>\n\t<meta property=\"og:image:width\" content=\"800\" \/>\n\t<meta property=\"og:image:height\" content=\"550\" \/>\n\t<meta property=\"og:image:type\" content=\"image\/jpeg\" \/>\n<meta name=\"author\" content=\"moacir\" \/>\n<meta name=\"twitter:card\" content=\"summary_large_image\" \/>\n<meta name=\"twitter:label1\" content=\"Escrito por\" \/>\n\t<meta name=\"twitter:data1\" content=\"moacir\" \/>\n\t<meta name=\"twitter:label2\" content=\"Est. tempo de leitura\" \/>\n\t<meta name=\"twitter:data2\" content=\"7 minutos\" \/>\n<script type=\"application\/ld+json\" class=\"yoast-schema-graph\">{\"@context\":\"https:\/\/schema.org\",\"@graph\":[{\"@type\":\"WebSite\",\"@id\":\"https:\/\/franciscanos.org.br\/noticias\/#website\",\"url\":\"https:\/\/franciscanos.org.br\/noticias\/\",\"name\":\"Not\u00edcias - Franciscanos\",\"description\":\"Prov\u00edncia Franciscana da Imaculada Concei\u00e7\u00e3o do Brasil - Ordem dos Frades Menores - OFM\",\"potentialAction\":[{\"@type\":\"SearchAction\",\"target\":{\"@type\":\"EntryPoint\",\"urlTemplate\":\"https:\/\/franciscanos.org.br\/noticias\/?s={search_term_string}\"},\"query-input\":\"required name=search_term_string\"}],\"inLanguage\":\"pt-BR\"},{\"@type\":\"ImageObject\",\"inLanguage\":\"pt-BR\",\"@id\":\"https:\/\/franciscanos.org.br\/noticias\/francisco-hoje-chora-as-chagas-de-cristo-nas-chagas-do-povo-e-de-toda-a-criacao.html#primaryimage\",\"url\":\"https:\/\/franciscanos.org.br\/noticias\/wp-content\/uploads\/2021\/09\/alverne_petropolis_180921d.jpg\",\"contentUrl\":\"https:\/\/franciscanos.org.br\/noticias\/wp-content\/uploads\/2021\/09\/alverne_petropolis_180921d.jpg\",\"width\":800,\"height\":550},{\"@type\":\"WebPage\",\"@id\":\"https:\/\/franciscanos.org.br\/noticias\/francisco-hoje-chora-as-chagas-de-cristo-nas-chagas-do-povo-e-de-toda-a-criacao.html#webpage\",\"url\":\"https:\/\/franciscanos.org.br\/noticias\/francisco-hoje-chora-as-chagas-de-cristo-nas-chagas-do-povo-e-de-toda-a-criacao.html\",\"name\":\"\u201cFrancisco hoje chora as Chagas de Cristo nas chagas do povo e de toda a Cria\u00e7\u00e3o\u201d - Not\u00edcias - Franciscanos\",\"isPartOf\":{\"@id\":\"https:\/\/franciscanos.org.br\/noticias\/#website\"},\"primaryImageOfPage\":{\"@id\":\"https:\/\/franciscanos.org.br\/noticias\/francisco-hoje-chora-as-chagas-de-cristo-nas-chagas-do-povo-e-de-toda-a-criacao.html#primaryimage\"},\"datePublished\":\"2021-09-18T08:45:48+00:00\",\"dateModified\":\"2021-09-18T13:00:00+00:00\",\"author\":{\"@id\":\"https:\/\/franciscanos.org.br\/noticias\/#\/schema\/person\/b5c8cba458c330ccff548b056e95a5d4\"},\"breadcrumb\":{\"@id\":\"https:\/\/franciscanos.org.br\/noticias\/francisco-hoje-chora-as-chagas-de-cristo-nas-chagas-do-povo-e-de-toda-a-criacao.html#breadcrumb\"},\"inLanguage\":\"pt-BR\",\"potentialAction\":[{\"@type\":\"ReadAction\",\"target\":[\"https:\/\/franciscanos.org.br\/noticias\/francisco-hoje-chora-as-chagas-de-cristo-nas-chagas-do-povo-e-de-toda-a-criacao.html\"]}]},{\"@type\":\"BreadcrumbList\",\"@id\":\"https:\/\/franciscanos.org.br\/noticias\/francisco-hoje-chora-as-chagas-de-cristo-nas-chagas-do-povo-e-de-toda-a-criacao.html#breadcrumb\",\"itemListElement\":[{\"@type\":\"ListItem\",\"position\":1,\"name\":\"Home\",\"item\":\"https:\/\/franciscanos.org.br\/noticias\"},{\"@type\":\"ListItem\",\"position\":2,\"name\":\"\u201cFrancisco hoje chora as Chagas de Cristo nas chagas do povo e de toda a Cria\u00e7\u00e3o\u201d\"}]},{\"@type\":\"Person\",\"@id\":\"https:\/\/franciscanos.org.br\/noticias\/#\/schema\/person\/b5c8cba458c330ccff548b056e95a5d4\",\"name\":\"moacir\",\"image\":{\"@type\":\"ImageObject\",\"inLanguage\":\"pt-BR\",\"@id\":\"https:\/\/franciscanos.org.br\/noticias\/#\/schema\/person\/image\/\",\"url\":\"https:\/\/secure.gravatar.com\/avatar\/d08aa2ce4c8dd416d4479aa8536fcf64?s=96&d=mm&r=g\",\"contentUrl\":\"https:\/\/secure.gravatar.com\/avatar\/d08aa2ce4c8dd416d4479aa8536fcf64?s=96&d=mm&r=g\",\"caption\":\"moacir\"},\"url\":\"https:\/\/franciscanos.org.br\/noticias\/author\/moacir\"}]}<\/script>\n<!-- \/ Yoast SEO plugin. -->","yoast_head_json":{"title":"\u201cFrancisco hoje chora as Chagas de Cristo nas chagas do povo e de toda a Cria\u00e7\u00e3o\u201d - Not\u00edcias - Franciscanos","robots":{"index":"index","follow":"follow","max-snippet":"max-snippet:-1","max-image-preview":"max-image-preview:large","max-video-preview":"max-video-preview:-1"},"canonical":"https:\/\/franciscanos.org.br\/noticias\/francisco-hoje-chora-as-chagas-de-cristo-nas-chagas-do-povo-e-de-toda-a-criacao.html","og_locale":"pt_BR","og_type":"article","og_title":"\u201cFrancisco hoje chora as Chagas de Cristo nas chagas do povo e de toda a Cria\u00e7\u00e3o\u201d - Not\u00edcias - Franciscanos","og_description":"Festa das Chagas de S\u00e3o Francisco na Igreja do Sagrado","og_url":"https:\/\/franciscanos.org.br\/noticias\/francisco-hoje-chora-as-chagas-de-cristo-nas-chagas-do-povo-e-de-toda-a-criacao.html","og_site_name":"Not\u00edcias - Franciscanos","article_published_time":"2021-09-18T08:45:48+00:00","article_modified_time":"2021-09-18T13:00:00+00:00","og_image":[{"width":800,"height":550,"url":"https:\/\/franciscanos.org.br\/noticias\/wp-content\/uploads\/2021\/09\/alverne_petropolis_180921d.jpg","type":"image\/jpeg"}],"author":"moacir","twitter_card":"summary_large_image","twitter_misc":{"Escrito por":"moacir","Est. tempo de leitura":"7 minutos"},"schema":{"@context":"https:\/\/schema.org","@graph":[{"@type":"WebSite","@id":"https:\/\/franciscanos.org.br\/noticias\/#website","url":"https:\/\/franciscanos.org.br\/noticias\/","name":"Not\u00edcias - Franciscanos","description":"Prov\u00edncia Franciscana da Imaculada Concei\u00e7\u00e3o do Brasil - Ordem dos Frades Menores - OFM","potentialAction":[{"@type":"SearchAction","target":{"@type":"EntryPoint","urlTemplate":"https:\/\/franciscanos.org.br\/noticias\/?s={search_term_string}"},"query-input":"required name=search_term_string"}],"inLanguage":"pt-BR"},{"@type":"ImageObject","inLanguage":"pt-BR","@id":"https:\/\/franciscanos.org.br\/noticias\/francisco-hoje-chora-as-chagas-de-cristo-nas-chagas-do-povo-e-de-toda-a-criacao.html#primaryimage","url":"https:\/\/franciscanos.org.br\/noticias\/wp-content\/uploads\/2021\/09\/alverne_petropolis_180921d.jpg","contentUrl":"https:\/\/franciscanos.org.br\/noticias\/wp-content\/uploads\/2021\/09\/alverne_petropolis_180921d.jpg","width":800,"height":550},{"@type":"WebPage","@id":"https:\/\/franciscanos.org.br\/noticias\/francisco-hoje-chora-as-chagas-de-cristo-nas-chagas-do-povo-e-de-toda-a-criacao.html#webpage","url":"https:\/\/franciscanos.org.br\/noticias\/francisco-hoje-chora-as-chagas-de-cristo-nas-chagas-do-povo-e-de-toda-a-criacao.html","name":"\u201cFrancisco hoje chora as Chagas de Cristo nas chagas do povo e de toda a Cria\u00e7\u00e3o\u201d - Not\u00edcias - Franciscanos","isPartOf":{"@id":"https:\/\/franciscanos.org.br\/noticias\/#website"},"primaryImageOfPage":{"@id":"https:\/\/franciscanos.org.br\/noticias\/francisco-hoje-chora-as-chagas-de-cristo-nas-chagas-do-povo-e-de-toda-a-criacao.html#primaryimage"},"datePublished":"2021-09-18T08:45:48+00:00","dateModified":"2021-09-18T13:00:00+00:00","author":{"@id":"https:\/\/franciscanos.org.br\/noticias\/#\/schema\/person\/b5c8cba458c330ccff548b056e95a5d4"},"breadcrumb":{"@id":"https:\/\/franciscanos.org.br\/noticias\/francisco-hoje-chora-as-chagas-de-cristo-nas-chagas-do-povo-e-de-toda-a-criacao.html#breadcrumb"},"inLanguage":"pt-BR","potentialAction":[{"@type":"ReadAction","target":["https:\/\/franciscanos.org.br\/noticias\/francisco-hoje-chora-as-chagas-de-cristo-nas-chagas-do-povo-e-de-toda-a-criacao.html"]}]},{"@type":"BreadcrumbList","@id":"https:\/\/franciscanos.org.br\/noticias\/francisco-hoje-chora-as-chagas-de-cristo-nas-chagas-do-povo-e-de-toda-a-criacao.html#breadcrumb","itemListElement":[{"@type":"ListItem","position":1,"name":"Home","item":"https:\/\/franciscanos.org.br\/noticias"},{"@type":"ListItem","position":2,"name":"\u201cFrancisco hoje chora as Chagas de Cristo nas chagas do povo e de toda a Cria\u00e7\u00e3o\u201d"}]},{"@type":"Person","@id":"https:\/\/franciscanos.org.br\/noticias\/#\/schema\/person\/b5c8cba458c330ccff548b056e95a5d4","name":"moacir","image":{"@type":"ImageObject","inLanguage":"pt-BR","@id":"https:\/\/franciscanos.org.br\/noticias\/#\/schema\/person\/image\/","url":"https:\/\/secure.gravatar.com\/avatar\/d08aa2ce4c8dd416d4479aa8536fcf64?s=96&d=mm&r=g","contentUrl":"https:\/\/secure.gravatar.com\/avatar\/d08aa2ce4c8dd416d4479aa8536fcf64?s=96&d=mm&r=g","caption":"moacir"},"url":"https:\/\/franciscanos.org.br\/noticias\/author\/moacir"}]}},"_links":{"self":[{"href":"https:\/\/franciscanos.org.br\/noticias\/wp-json\/wp\/v2\/posts\/234396"}],"collection":[{"href":"https:\/\/franciscanos.org.br\/noticias\/wp-json\/wp\/v2\/posts"}],"about":[{"href":"https:\/\/franciscanos.org.br\/noticias\/wp-json\/wp\/v2\/types\/post"}],"author":[{"embeddable":true,"href":"https:\/\/franciscanos.org.br\/noticias\/wp-json\/wp\/v2\/users\/3"}],"replies":[{"embeddable":true,"href":"https:\/\/franciscanos.org.br\/noticias\/wp-json\/wp\/v2\/comments?post=234396"}],"version-history":[{"count":3,"href":"https:\/\/franciscanos.org.br\/noticias\/wp-json\/wp\/v2\/posts\/234396\/revisions"}],"predecessor-version":[{"id":234411,"href":"https:\/\/franciscanos.org.br\/noticias\/wp-json\/wp\/v2\/posts\/234396\/revisions\/234411"}],"wp:featuredmedia":[{"embeddable":true,"href":"https:\/\/franciscanos.org.br\/noticias\/wp-json\/wp\/v2\/media\/234398"}],"wp:attachment":[{"href":"https:\/\/franciscanos.org.br\/noticias\/wp-json\/wp\/v2\/media?parent=234396"}],"wp:term":[{"taxonomy":"category","embeddable":true,"href":"https:\/\/franciscanos.org.br\/noticias\/wp-json\/wp\/v2\/categories?post=234396"},{"taxonomy":"post_tag","embeddable":true,"href":"https:\/\/franciscanos.org.br\/noticias\/wp-json\/wp\/v2\/tags?post=234396"}],"curies":[{"name":"wp","href":"https:\/\/api.w.org\/{rel}","templated":true}]}}