{"id":234378,"date":"2021-09-17T19:44:17","date_gmt":"2021-09-17T22:44:17","guid":{"rendered":"https:\/\/franciscanos.org.br\/noticias\/?p=234378"},"modified":"2022-12-31T12:47:00","modified_gmt":"2022-12-31T15:47:00","slug":"frei-fidencio-aponta-dois-sinais-nesta-festa-dos-estigmas-amor-e-compaixao","status":"publish","type":"post","link":"https:\/\/franciscanos.org.br\/noticias\/frei-fidencio-aponta-dois-sinais-nesta-festa-dos-estigmas-amor-e-compaixao.html","title":{"rendered":"Frei Fid\u00eancio aponta dois sinais na Festa dos Estigmas de S\u00e3o Francisco: amor e compaix\u00e3o"},"content":{"rendered":"<p><strong><img loading=\"lazy\" class=\"alignnone size-full wp-image-234379\" src=\"https:\/\/franciscanos.org.br\/noticias\/wp-content\/uploads\/2021\/09\/chagas_170921.jpg\" alt=\"\" width=\"1280\" height=\"720\" srcset=\"https:\/\/franciscanos.org.br\/noticias\/wp-content\/uploads\/2021\/09\/chagas_170921.jpg 1280w, https:\/\/franciscanos.org.br\/noticias\/wp-content\/uploads\/2021\/09\/chagas_170921-450x253.jpg 450w, https:\/\/franciscanos.org.br\/noticias\/wp-content\/uploads\/2021\/09\/chagas_170921-1024x576.jpg 1024w, https:\/\/franciscanos.org.br\/noticias\/wp-content\/uploads\/2021\/09\/chagas_170921-768x432.jpg 768w, https:\/\/franciscanos.org.br\/noticias\/wp-content\/uploads\/2021\/09\/chagas_170921-150x84.jpg 150w\" sizes=\"(max-width: 1280px) 100vw, 1280px\" \/>\u00a0<\/strong><\/p>\n<p><strong>S\u00e3o Paulo (SP)<\/strong> &#8211; O Ministro Provincial, Frei Fid\u00eancio Vanboemmel, celebrou a Festa das Chagas de S\u00e3o Francisco nesta sexta-feira (17\/9), na Igreja das Chagas do Ser\u00e1fico Pai S\u00e3o Francisco no Largo S\u00e3o Francisco, no centro de S\u00e3o Paulo. Na Celebra\u00e7\u00e3o Eucar\u00edstica, \u00e0s 15 horas, Frei Fid\u00eancio teve como concelebrantes o guardi\u00e3o do Convento S\u00e3o Francisco e Definidor, Frei M\u00e1rio Tagliari, o di\u00e1cono Frei Jhones Lucas Martins, Frei Guido Scheidt e Frei Marcos Hollmann.<\/p>\n<p>Essa igreja est\u00e1 constru\u00edda ao lado do Santu\u00e1rio S\u00e3o Francisco, pertence e \u00e9 mantida pela Ordem Franciscana Secular (OFS). Originalmente, uma capela constru\u00edda em 1676, a Igreja das Chagas foi terminada apenas em 1787. Tombada pelo patrim\u00f4nio hist\u00f3rico em 1982, cont\u00e9m bustos de terracota do s\u00e9culo XVII, est\u00e1tuas de santos e documentos do s\u00e9culo XVIII, casti\u00e7ais banhados em ouro e pinturas em tela e nos forros. Com caracter\u00edsticas barrocas que seguem a linha do rococ\u00f3, tem altares e imagens que exibem tr\u00eas fases do barroco: a cl\u00e1ssica, a primitiva e a posterior.<\/p>\n<p>O belo altar central exibe o momento da impress\u00e3o das Chagas de S\u00e3o Francisco de Assis no Monte Alverne. A Ministra da Fraternidade da Ordem Franciscana Secular da Chagas, Maria Aparecida Creipaldi, leu o relato da &#8220;paix\u00e3o&#8221; de Francisco: &#8220;O Ser\u00e1fico Pai Francisco, desde o in\u00edcio de sua convers\u00e3o, dedicou-se de uma maneira toda especial \u00e0 devo\u00e7\u00e3o e venera\u00e7\u00e3o do Cristo crucificado, devo\u00e7\u00e3o que at\u00e9 a morte ele inculcava a todos por palavras e exemplo. Quando, em 1224, Francisco se abismava em profunda contempla\u00e7\u00e3o no Monte Alverne, por um admir\u00e1vel e estupendo prod\u00edgio, o Senhor Jesus imprimiu-lhe no corpo as chagas de sua paix\u00e3o&#8221;.<\/p>\n<p><img loading=\"lazy\" class=\"alignnone size-full wp-image-234380\" src=\"https:\/\/franciscanos.org.br\/noticias\/wp-content\/uploads\/2021\/09\/chagas_170921_1.jpg\" alt=\"\" width=\"1280\" height=\"1707\" srcset=\"https:\/\/franciscanos.org.br\/noticias\/wp-content\/uploads\/2021\/09\/chagas_170921_1.jpg 810w, https:\/\/franciscanos.org.br\/noticias\/wp-content\/uploads\/2021\/09\/chagas_170921_1-337x450.jpg 337w, https:\/\/franciscanos.org.br\/noticias\/wp-content\/uploads\/2021\/09\/chagas_170921_1-768x1024.jpg 768w, https:\/\/franciscanos.org.br\/noticias\/wp-content\/uploads\/2021\/09\/chagas_170921_1-1152x1536.jpg 1152w, https:\/\/franciscanos.org.br\/noticias\/wp-content\/uploads\/2021\/09\/chagas_170921_1-150x200.jpg 150w\" sizes=\"(max-width: 1280px) 100vw, 1280px\" \/><\/p>\n<p>&#8220;N\u00f3s, aqui, estamos reunidos diante desta imagem t\u00e3o expressiva de Francisco ajoelhado diante do mist\u00e9rio da Cruz do Senhor. Este santu\u00e1rio no cora\u00e7\u00e3o de S\u00e3o Paulo tamb\u00e9m nos eleva ao Monte Alverne, onde Francisco, no ano de 1224, pela quarta ou quita vez, subiu \u00e0quela montanha para l\u00e1 exatamente buscar aquilo que n\u00f3s ouvimos nas considera\u00e7\u00f5es sobre os sagrados estigmas que nossa irm\u00e3 Maria Aparecida lembrava antes da proclama\u00e7\u00e3o da Palavra. Francisco pede ao Senhor duas gra\u00e7as: a primeira \u00e9 sentir no corpo a dor que o dulc\u00edssimo Jesus sofreu por n\u00f3s na paix\u00e3o da Cruz; e a segunda gra\u00e7a \u00e9 sentir aquele profundo amor que o dulc\u00edssimo Jesus viveu para nos amar, para nos elevar exatamente para junto e perto de Deus&#8221;, explicou Frei Fid\u00eancio.<\/p>\n<p>O Ministro Provincial convidou a celebrar exatamente esses dois sinais rezados e pedidos por S\u00e3o Francisco de Assis. &#8220;E sinais que est\u00e3o presentes no mist\u00e9rio da cruz. N\u00f3s conhecemos pela hist\u00f3ria da vida de S\u00e3o Francisco que a cruz o acompanhou desde o in\u00edcio da convers\u00e3o, quando ele ainda estava cheio de ideais, cheio de sonhos&#8221;, disse Frei Fid\u00eancio, citando o sonho de Francisco que, em Spoleto, quando ia para a guerra, teve a vis\u00e3o de um castelo onde todas as armas estavam assinaladas com o sinal da cruz. &#8220;Diante desta vis\u00e3o sublime, ouve uma voz: &#8216;Francisco, o que \u00e9 melhor: servir ao Senhor ou servir ao servo?&#8217;. Ele responde: &#8216;Servir ao Senhor&#8217;. E ouve a resposta: &#8216;Ent\u00e3o, volta para a Assis, l\u00e1 te ser\u00e1 dito o que deves fazer&#8217;. E chegando na cidade de Assis, Francisco se depara com o Crucifixo de S\u00e3o Dami\u00e3o e, novamente ouve a mesma voz: &#8216;Vai, Francisco, restaura a minha Igreja, porque est\u00e1 em ru\u00ednas&#8217;. Um pouco mais para frente, Francisco compreendeu realmente o que a cruz do Senhor queria dele. O que significava abra\u00e7ar a cruz de Nosso Senhor Jesus Cristo&#8221;, ressaltou Frei Fid\u00eancio.<\/p>\n\n\t\t<style type=\"text\/css\">\n\t\t\t#gallery-1 {\n\t\t\t\tmargin: auto;\n\t\t\t}\n\t\t\t#gallery-1 .gallery-item {\n\t\t\t\tfloat: left;\n\t\t\t\tmargin-top: 10px;\n\t\t\t\ttext-align: center;\n\t\t\t\twidth: 25%;\n\t\t\t}\n\t\t\t#gallery-1 img {\n\t\t\t\tborder: 2px solid #cfcfcf;\n\t\t\t}\n\t\t\t#gallery-1 .gallery-caption {\n\t\t\t\tmargin-left: 0;\n\t\t\t}\n\t\t\t\/* see gallery_shortcode() in wp-includes\/media.php *\/\n\t\t<\/style>\n\t\t<div id='gallery-1' class='gallery galleryid-234378 gallery-columns-4 gallery-size-thumbnail'><dl class='gallery-item'>\n\t\t\t<dt class='gallery-icon landscape'>\n\t\t\t\t<a href='https:\/\/franciscanos.org.br\/noticias\/wp-content\/uploads\/2021\/09\/chagas_01.jpg'><img width=\"300\" height=\"300\" src=\"https:\/\/franciscanos.org.br\/noticias\/wp-content\/uploads\/2021\/09\/chagas_01-300x300.jpg\" class=\"attachment-thumbnail size-thumbnail\" alt=\"\" loading=\"lazy\" srcset=\"https:\/\/franciscanos.org.br\/noticias\/wp-content\/uploads\/2021\/09\/chagas_01-300x300.jpg 300w, https:\/\/franciscanos.org.br\/noticias\/wp-content\/uploads\/2021\/09\/chagas_01-100x100.jpg 100w\" sizes=\"(max-width: 300px) 100vw, 300px\" \/><\/a>\n\t\t\t<\/dt><\/dl><dl class='gallery-item'>\n\t\t\t<dt class='gallery-icon landscape'>\n\t\t\t\t<a href='https:\/\/franciscanos.org.br\/noticias\/wp-content\/uploads\/2021\/09\/chagas_02.jpg'><img width=\"300\" height=\"300\" src=\"https:\/\/franciscanos.org.br\/noticias\/wp-content\/uploads\/2021\/09\/chagas_02-300x300.jpg\" class=\"attachment-thumbnail size-thumbnail\" alt=\"\" loading=\"lazy\" srcset=\"https:\/\/franciscanos.org.br\/noticias\/wp-content\/uploads\/2021\/09\/chagas_02-300x300.jpg 300w, https:\/\/franciscanos.org.br\/noticias\/wp-content\/uploads\/2021\/09\/chagas_02-100x100.jpg 100w\" sizes=\"(max-width: 300px) 100vw, 300px\" \/><\/a>\n\t\t\t<\/dt><\/dl><dl class='gallery-item'>\n\t\t\t<dt class='gallery-icon landscape'>\n\t\t\t\t<a href='https:\/\/franciscanos.org.br\/noticias\/wp-content\/uploads\/2021\/09\/chagas_03.jpg'><img width=\"300\" height=\"300\" src=\"https:\/\/franciscanos.org.br\/noticias\/wp-content\/uploads\/2021\/09\/chagas_03-300x300.jpg\" class=\"attachment-thumbnail size-thumbnail\" alt=\"\" loading=\"lazy\" srcset=\"https:\/\/franciscanos.org.br\/noticias\/wp-content\/uploads\/2021\/09\/chagas_03-300x300.jpg 300w, https:\/\/franciscanos.org.br\/noticias\/wp-content\/uploads\/2021\/09\/chagas_03-100x100.jpg 100w\" sizes=\"(max-width: 300px) 100vw, 300px\" \/><\/a>\n\t\t\t<\/dt><\/dl><dl class='gallery-item'>\n\t\t\t<dt class='gallery-icon landscape'>\n\t\t\t\t<a href='https:\/\/franciscanos.org.br\/noticias\/wp-content\/uploads\/2021\/09\/chagas_04.jpg'><img width=\"300\" height=\"300\" src=\"https:\/\/franciscanos.org.br\/noticias\/wp-content\/uploads\/2021\/09\/chagas_04-300x300.jpg\" class=\"attachment-thumbnail size-thumbnail\" alt=\"\" loading=\"lazy\" srcset=\"https:\/\/franciscanos.org.br\/noticias\/wp-content\/uploads\/2021\/09\/chagas_04-300x300.jpg 300w, https:\/\/franciscanos.org.br\/noticias\/wp-content\/uploads\/2021\/09\/chagas_04-100x100.jpg 100w\" sizes=\"(max-width: 300px) 100vw, 300px\" \/><\/a>\n\t\t\t<\/dt><\/dl><br style=\"clear: both\" \/>\n\t\t<\/div>\n\n<p>Segundo ele, abra\u00e7ar a cruz de Jesus nada mais \u00e9 do que viver na radicalidade do Evangelho de Nosso Senhor Jesus Cristo. &#8220;Diante deste Evangelho, que ouviu, ele diz: &#8216;\u00c9 isso que eu procuro, \u00e9 isso que eu quero, \u00e9 isso que eu desejo fazer de todo o cora\u00e7\u00e3o&#8217;, porque ele entendeu que cada disc\u00edpulo, que cada disc\u00edpula, para viver a fidelidade de Nosso Senhor Jesus Cristo precisa tamb\u00e9m, a cada dia de novo, abra\u00e7ar a sua cruz. E foi o que Francisco fez. Ao longo de sua vida, a cruz foi um referencial. Cruz n\u00e3o enquanto um peda\u00e7o de lenha, de madeira, mas cruz enquanto Evangelho vivo, que o interpelava a amar o amor que muito nos amou, mas tamb\u00e9m a cruz que, de um lado recorda a paix\u00e3o, recorda a dor da humanidade, e est\u00e1 presente nos crucificados em todos os tempos da hist\u00f3ria, principalmente os crucificados no tempo de S\u00e3o Francisco&#8221;, emendou.<\/p>\n<p>&#8220;O grande bi\u00f3grafo de S\u00e3o Francisco, o te\u00f3logo S\u00e3o Boaventura, chega a dizer no Cap\u00edtulo 13 da Legenda Maior que o ang\u00e9lico Francisco &#8211; compara ele a um anjo &#8211; n\u00e3o se cansava enquanto estava na busca do bem. Abra\u00e7ar a cruz do Senhor \u00e9 ser incans\u00e1vel na busca do bem, do bem que emerge do pr\u00f3prio Evangelho, do bem que emerge do pr\u00f3prio apelo do Nosso Senhor Jesus Cristo&#8221;, citou.<\/p>\n<p><img loading=\"lazy\" class=\"alignnone size-full wp-image-234385\" src=\"https:\/\/franciscanos.org.br\/noticias\/wp-content\/uploads\/2021\/09\/chagas_170921_2.jpg\" alt=\"\" width=\"1280\" height=\"960\" srcset=\"https:\/\/franciscanos.org.br\/noticias\/wp-content\/uploads\/2021\/09\/chagas_170921_2.jpg 1280w, https:\/\/franciscanos.org.br\/noticias\/wp-content\/uploads\/2021\/09\/chagas_170921_2-450x338.jpg 450w, https:\/\/franciscanos.org.br\/noticias\/wp-content\/uploads\/2021\/09\/chagas_170921_2-1024x768.jpg 1024w, https:\/\/franciscanos.org.br\/noticias\/wp-content\/uploads\/2021\/09\/chagas_170921_2-768x576.jpg 768w, https:\/\/franciscanos.org.br\/noticias\/wp-content\/uploads\/2021\/09\/chagas_170921_2-150x113.jpg 150w, https:\/\/franciscanos.org.br\/noticias\/wp-content\/uploads\/2021\/09\/chagas_170921_2-600x450.jpg 600w\" sizes=\"(max-width: 1280px) 100vw, 1280px\" \/><\/p>\n<p>Frei Fid\u00eancio mostra isso atrav\u00e9s de duas maneiras: &#8220;Primeiro, na busca do bem, n\u00e3o cessava de subir at\u00e9 Deus, ou seja, Francisco acima de tudo foi um homem orante. Um homem que buscava Deus e, sempre de novo, perguntava: &#8216;Senhor, que queres que eu fa\u00e7a?&#8217; Nas diferentes situa\u00e7\u00f5es da vida repetia: &#8216;Senhor, que queres que eu fa\u00e7a?&#8217; Mas Boaventura diz que se, de um lado, ele subia a Deus, atrav\u00e9s da vida de ora\u00e7\u00e3o, por outro esse incans\u00e1vel ang\u00e9lico Francisco tamb\u00e9m n\u00e3o se cansava em descer junto aos homens. Era incans\u00e1vel na busca dos bens \u00e0s pessoas. Por isso, ele soube abra\u00e7ar o leproso, teve compaix\u00e3o com os pobres, teve compaix\u00e3o de seus confrades, seus irm\u00e3os e suas irm\u00e3s, compreendeu o mist\u00e9rio da vida de Clara, compreendeu tamb\u00e9m o mist\u00e9rio da vida dos leigos e leigas e prop\u00f4s a eles a um projeto de vida, que na verdade nada mais \u00e9 do que viver bem o Santo Evangelho de Nosso Senhor Jesus Cristo&#8221;, detalhou.<\/p>\n<p>Frei Fid\u00eancio frisou que Francisco n\u00e3o era s\u00f3 ora\u00e7\u00e3o, mas tamb\u00e9m o homem da a\u00e7\u00e3o, o homem que se multiplicava, o homem que caminhava, o homem que subia a montanha e descia para os vales e dialogava com todas as pessoas e, nesse peregrinar, era o homem que contemplava a cria\u00e7\u00e3o, contemplava a natureza. &#8220;E nada medida que ia se aprofundando nesse mist\u00e9rio de Deus, ele via Deus presente em toda a cria\u00e7\u00e3o e a\u00ed n\u00f3s temos essa s\u00edntese espiritual de S\u00e3o Francisco que chamamos de &#8216;C\u00e2ntico das Criaturas&#8217;. N\u00e3o \u00e9 s\u00f3 um elogio a cada elemento da cria\u00e7\u00e3o, mas \u00e9 a convoca\u00e7\u00e3o da cria\u00e7\u00e3o para que essa cria\u00e7\u00e3o, essa criatura de Deus se unisse \u00e0s criaturas por excel\u00eancia, os homens e mulheres, para, juntos, formarem um coro un\u00edssono: \u2018Louvai e bendizei ao meu Senhor. Dai gra\u00e7as, servi-O com grande humildade\u2019. Cada criatura deveria servir o seu Criador da melhor forma poss\u00edvel. A pedra do jeito de ser pedra, o irm\u00e3o fogo do jeito de ser irm\u00e3o, o vento com sua brisa suave, o sol com o brilho de Deus, a lua com o brilho noturno. E Francisco lembra: &#8216;E tu homem, tu mulher, mais ainda cabe esse louvor porque somos criados \u00e0 imagem e semelhan\u00e7a de Deus&#8221;, explicou.<\/p>\n\n\t\t<style type=\"text\/css\">\n\t\t\t#gallery-2 {\n\t\t\t\tmargin: auto;\n\t\t\t}\n\t\t\t#gallery-2 .gallery-item {\n\t\t\t\tfloat: left;\n\t\t\t\tmargin-top: 10px;\n\t\t\t\ttext-align: center;\n\t\t\t\twidth: 25%;\n\t\t\t}\n\t\t\t#gallery-2 img {\n\t\t\t\tborder: 2px solid #cfcfcf;\n\t\t\t}\n\t\t\t#gallery-2 .gallery-caption {\n\t\t\t\tmargin-left: 0;\n\t\t\t}\n\t\t\t\/* see gallery_shortcode() in wp-includes\/media.php *\/\n\t\t<\/style>\n\t\t<div id='gallery-2' class='gallery galleryid-234378 gallery-columns-4 gallery-size-thumbnail'><dl class='gallery-item'>\n\t\t\t<dt class='gallery-icon landscape'>\n\t\t\t\t<a href='https:\/\/franciscanos.org.br\/noticias\/wp-content\/uploads\/2021\/09\/chagas_05.jpg'><img width=\"300\" height=\"300\" src=\"https:\/\/franciscanos.org.br\/noticias\/wp-content\/uploads\/2021\/09\/chagas_05-300x300.jpg\" class=\"attachment-thumbnail size-thumbnail\" alt=\"\" loading=\"lazy\" srcset=\"https:\/\/franciscanos.org.br\/noticias\/wp-content\/uploads\/2021\/09\/chagas_05-300x300.jpg 300w, https:\/\/franciscanos.org.br\/noticias\/wp-content\/uploads\/2021\/09\/chagas_05-100x100.jpg 100w\" sizes=\"(max-width: 300px) 100vw, 300px\" \/><\/a>\n\t\t\t<\/dt><\/dl><dl class='gallery-item'>\n\t\t\t<dt class='gallery-icon landscape'>\n\t\t\t\t<a href='https:\/\/franciscanos.org.br\/noticias\/wp-content\/uploads\/2021\/09\/chagas_06.jpg'><img width=\"300\" height=\"300\" src=\"https:\/\/franciscanos.org.br\/noticias\/wp-content\/uploads\/2021\/09\/chagas_06-300x300.jpg\" class=\"attachment-thumbnail size-thumbnail\" alt=\"\" loading=\"lazy\" srcset=\"https:\/\/franciscanos.org.br\/noticias\/wp-content\/uploads\/2021\/09\/chagas_06-300x300.jpg 300w, https:\/\/franciscanos.org.br\/noticias\/wp-content\/uploads\/2021\/09\/chagas_06-100x100.jpg 100w\" sizes=\"(max-width: 300px) 100vw, 300px\" \/><\/a>\n\t\t\t<\/dt><\/dl><dl class='gallery-item'>\n\t\t\t<dt class='gallery-icon landscape'>\n\t\t\t\t<a href='https:\/\/franciscanos.org.br\/noticias\/wp-content\/uploads\/2021\/09\/chagas_07.jpg'><img width=\"300\" height=\"300\" src=\"https:\/\/franciscanos.org.br\/noticias\/wp-content\/uploads\/2021\/09\/chagas_07-300x300.jpg\" class=\"attachment-thumbnail size-thumbnail\" alt=\"\" loading=\"lazy\" srcset=\"https:\/\/franciscanos.org.br\/noticias\/wp-content\/uploads\/2021\/09\/chagas_07-300x300.jpg 300w, https:\/\/franciscanos.org.br\/noticias\/wp-content\/uploads\/2021\/09\/chagas_07-100x100.jpg 100w\" sizes=\"(max-width: 300px) 100vw, 300px\" \/><\/a>\n\t\t\t<\/dt><\/dl><dl class='gallery-item'>\n\t\t\t<dt class='gallery-icon landscape'>\n\t\t\t\t<a href='https:\/\/franciscanos.org.br\/noticias\/wp-content\/uploads\/2021\/09\/chagas_08.jpg'><img width=\"300\" height=\"300\" src=\"https:\/\/franciscanos.org.br\/noticias\/wp-content\/uploads\/2021\/09\/chagas_08-300x300.jpg\" class=\"attachment-thumbnail size-thumbnail\" alt=\"\" loading=\"lazy\" srcset=\"https:\/\/franciscanos.org.br\/noticias\/wp-content\/uploads\/2021\/09\/chagas_08-300x300.jpg 300w, https:\/\/franciscanos.org.br\/noticias\/wp-content\/uploads\/2021\/09\/chagas_08-100x100.jpg 100w\" sizes=\"(max-width: 300px) 100vw, 300px\" \/><\/a>\n\t\t\t<\/dt><\/dl><br style=\"clear: both\" \/>\n\t\t<\/div>\n\n<p>Segundo o Ministro Provincial, ali no Monte Alverne, Francisco compreende ent\u00e3o que deve se assemelhar com o Nosso Senhor Jesus Cristo, na dor e no amor. &#8220;Mas n\u00e3o foi s\u00f3 naquele momento. Foi uma vida buscada, foi uma vida vivida. Uma dor buscada, um amor vivido. E l\u00e1, no Monte Alverne, ele chega exatamente a esta identifica\u00e7\u00e3o quando, na dor e no amor, ele se deixa estigmatizar pela dor e paix\u00e3o do Senhor e pelo amor de Cristo&#8221;, destacou.<\/p>\n<p>Esses sinais, dor e amor, talvez faltam ao nosso tempo, \u00e0 nossa hist\u00f3ria, lamentou o celebrante. &#8220;Esse homem estigmatizado nos interpela a sermos n\u00f3s mesmos sinais de compaix\u00e3o com todas as pessoas que sofrem e assumirmos a partir da cruz de Nosso Senhor Jesus Cristo a dor de tantos irm\u00e3os e irm\u00e3s nos seus diferentes sofrimentos. Quem de n\u00f3s n\u00e3o viu de perto a dor dos irm\u00e3os nesse tempo de pandemia, mas tamb\u00e9m experimentamos e vimos com os nossos pr\u00f3prios olhos como essa dor criou tamb\u00e9m nas pessoas solidariedade, criou nas pessoas o amor. \u00c9 isso que o mundo precisa: compaix\u00e3o com os que sofrem e amar verdadeiramente do jeito que Francisco amou. Amou as pessoas, a cria\u00e7\u00e3o, para ser um sinal vivo, vis\u00edvel do amor de Deus&#8221;, frisou.<\/p>\n<p><img loading=\"lazy\" class=\"alignnone size-full wp-image-234392\" src=\"https:\/\/franciscanos.org.br\/noticias\/wp-content\/uploads\/2021\/09\/chagas_1709g.jpg\" alt=\"\" width=\"1280\" height=\"1707\" srcset=\"https:\/\/franciscanos.org.br\/noticias\/wp-content\/uploads\/2021\/09\/chagas_1709g.jpg 810w, https:\/\/franciscanos.org.br\/noticias\/wp-content\/uploads\/2021\/09\/chagas_1709g-337x450.jpg 337w, https:\/\/franciscanos.org.br\/noticias\/wp-content\/uploads\/2021\/09\/chagas_1709g-768x1024.jpg 768w, https:\/\/franciscanos.org.br\/noticias\/wp-content\/uploads\/2021\/09\/chagas_1709g-1152x1536.jpg 1152w, https:\/\/franciscanos.org.br\/noticias\/wp-content\/uploads\/2021\/09\/chagas_1709g-150x200.jpg 150w\" sizes=\"(max-width: 1280px) 100vw, 1280px\" \/><\/p>\n<p>&#8220;Ent\u00e3o, nesta tarde, meus irm\u00e3os e irm\u00e3s, pe\u00e7amos de Deus a gra\u00e7a que S\u00e3o Francisco teve de nos deixarmos estigmatizar. Isso significa deixarmo-nos marcar por esse mist\u00e9rio t\u00e3o profundo presente na cruz: amor e dor se conjugam juntos. Que possamos sair daqui como Francisco quando desceu do Monte Alverne, estigmatizados, cheios de amor, como cantamos no canto inicial&#8221;, completou Frei Fid\u00eancio.<\/p>\n<p>A Ministra Maria Aparecida Crepaldi demonstrou sua alegria por ver a igreja das Chagas cheia depois de tanto tempo de pandemia. Agradeceu a participa\u00e7\u00e3o de todos e especialmente aos frades pela celebra\u00e7\u00e3o.<\/p>\n<hr \/>\n<p><em>Moacir Beggo<\/em><\/p>\n","protected":false},"excerpt":{"rendered":"<p>Festa das Chagas de S\u00e3o Francisco<\/p>\n","protected":false},"author":3,"featured_media":234391,"comment_status":"open","ping_status":"open","sticky":false,"template":"","format":"standard","meta":[],"categories":[1],"tags":[444],"acf":[],"yoast_head":"<!-- This site is optimized with the Yoast SEO plugin v19.2 - https:\/\/yoast.com\/wordpress\/plugins\/seo\/ -->\n<title>Frei Fid\u00eancio aponta dois sinais na Festa dos Estigmas de S\u00e3o Francisco: amor e compaix\u00e3o - Not\u00edcias - Franciscanos<\/title>\n<meta name=\"robots\" content=\"index, follow, max-snippet:-1, max-image-preview:large, max-video-preview:-1\" \/>\n<link rel=\"canonical\" href=\"https:\/\/franciscanos.org.br\/noticias\/frei-fidencio-aponta-dois-sinais-nesta-festa-dos-estigmas-amor-e-compaixao.html\" \/>\n<meta property=\"og:locale\" content=\"pt_BR\" \/>\n<meta property=\"og:type\" content=\"article\" \/>\n<meta property=\"og:title\" content=\"Frei Fid\u00eancio aponta dois sinais na Festa dos Estigmas de S\u00e3o Francisco: amor e compaix\u00e3o - Not\u00edcias - Franciscanos\" \/>\n<meta property=\"og:description\" content=\"Festa das Chagas de S\u00e3o Francisco\" \/>\n<meta property=\"og:url\" content=\"https:\/\/franciscanos.org.br\/noticias\/frei-fidencio-aponta-dois-sinais-nesta-festa-dos-estigmas-amor-e-compaixao.html\" \/>\n<meta property=\"og:site_name\" content=\"Not\u00edcias - Franciscanos\" \/>\n<meta property=\"article:published_time\" content=\"2021-09-17T22:44:17+00:00\" \/>\n<meta property=\"article:modified_time\" content=\"2022-12-31T15:47:00+00:00\" \/>\n<meta property=\"og:image\" content=\"https:\/\/franciscanos.org.br\/noticias\/wp-content\/uploads\/2021\/09\/chagas_170921d.jpg\" \/>\n\t<meta property=\"og:image:width\" content=\"800\" \/>\n\t<meta property=\"og:image:height\" content=\"550\" \/>\n\t<meta property=\"og:image:type\" content=\"image\/jpeg\" \/>\n<meta name=\"author\" content=\"moacir\" \/>\n<meta name=\"twitter:card\" content=\"summary_large_image\" \/>\n<meta name=\"twitter:label1\" content=\"Escrito por\" \/>\n\t<meta name=\"twitter:data1\" content=\"moacir\" \/>\n\t<meta name=\"twitter:label2\" content=\"Est. tempo de leitura\" \/>\n\t<meta name=\"twitter:data2\" content=\"8 minutos\" \/>\n<script type=\"application\/ld+json\" class=\"yoast-schema-graph\">{\"@context\":\"https:\/\/schema.org\",\"@graph\":[{\"@type\":\"WebSite\",\"@id\":\"https:\/\/franciscanos.org.br\/noticias\/#website\",\"url\":\"https:\/\/franciscanos.org.br\/noticias\/\",\"name\":\"Not\u00edcias - Franciscanos\",\"description\":\"Prov\u00edncia Franciscana da Imaculada Concei\u00e7\u00e3o do Brasil - Ordem dos Frades Menores - OFM\",\"potentialAction\":[{\"@type\":\"SearchAction\",\"target\":{\"@type\":\"EntryPoint\",\"urlTemplate\":\"https:\/\/franciscanos.org.br\/noticias\/?s={search_term_string}\"},\"query-input\":\"required name=search_term_string\"}],\"inLanguage\":\"pt-BR\"},{\"@type\":\"ImageObject\",\"inLanguage\":\"pt-BR\",\"@id\":\"https:\/\/franciscanos.org.br\/noticias\/frei-fidencio-aponta-dois-sinais-nesta-festa-dos-estigmas-amor-e-compaixao.html#primaryimage\",\"url\":\"https:\/\/franciscanos.org.br\/noticias\/wp-content\/uploads\/2021\/09\/chagas_170921d.jpg\",\"contentUrl\":\"https:\/\/franciscanos.org.br\/noticias\/wp-content\/uploads\/2021\/09\/chagas_170921d.jpg\",\"width\":800,\"height\":550},{\"@type\":\"WebPage\",\"@id\":\"https:\/\/franciscanos.org.br\/noticias\/frei-fidencio-aponta-dois-sinais-nesta-festa-dos-estigmas-amor-e-compaixao.html#webpage\",\"url\":\"https:\/\/franciscanos.org.br\/noticias\/frei-fidencio-aponta-dois-sinais-nesta-festa-dos-estigmas-amor-e-compaixao.html\",\"name\":\"Frei Fid\u00eancio aponta dois sinais na Festa dos Estigmas de S\u00e3o Francisco: amor e compaix\u00e3o - Not\u00edcias - Franciscanos\",\"isPartOf\":{\"@id\":\"https:\/\/franciscanos.org.br\/noticias\/#website\"},\"primaryImageOfPage\":{\"@id\":\"https:\/\/franciscanos.org.br\/noticias\/frei-fidencio-aponta-dois-sinais-nesta-festa-dos-estigmas-amor-e-compaixao.html#primaryimage\"},\"datePublished\":\"2021-09-17T22:44:17+00:00\",\"dateModified\":\"2022-12-31T15:47:00+00:00\",\"author\":{\"@id\":\"https:\/\/franciscanos.org.br\/noticias\/#\/schema\/person\/b5c8cba458c330ccff548b056e95a5d4\"},\"breadcrumb\":{\"@id\":\"https:\/\/franciscanos.org.br\/noticias\/frei-fidencio-aponta-dois-sinais-nesta-festa-dos-estigmas-amor-e-compaixao.html#breadcrumb\"},\"inLanguage\":\"pt-BR\",\"potentialAction\":[{\"@type\":\"ReadAction\",\"target\":[\"https:\/\/franciscanos.org.br\/noticias\/frei-fidencio-aponta-dois-sinais-nesta-festa-dos-estigmas-amor-e-compaixao.html\"]}]},{\"@type\":\"BreadcrumbList\",\"@id\":\"https:\/\/franciscanos.org.br\/noticias\/frei-fidencio-aponta-dois-sinais-nesta-festa-dos-estigmas-amor-e-compaixao.html#breadcrumb\",\"itemListElement\":[{\"@type\":\"ListItem\",\"position\":1,\"name\":\"Home\",\"item\":\"https:\/\/franciscanos.org.br\/noticias\"},{\"@type\":\"ListItem\",\"position\":2,\"name\":\"Frei Fid\u00eancio aponta dois sinais na Festa dos Estigmas de S\u00e3o Francisco: amor e compaix\u00e3o\"}]},{\"@type\":\"Person\",\"@id\":\"https:\/\/franciscanos.org.br\/noticias\/#\/schema\/person\/b5c8cba458c330ccff548b056e95a5d4\",\"name\":\"moacir\",\"image\":{\"@type\":\"ImageObject\",\"inLanguage\":\"pt-BR\",\"@id\":\"https:\/\/franciscanos.org.br\/noticias\/#\/schema\/person\/image\/\",\"url\":\"https:\/\/secure.gravatar.com\/avatar\/d08aa2ce4c8dd416d4479aa8536fcf64?s=96&d=mm&r=g\",\"contentUrl\":\"https:\/\/secure.gravatar.com\/avatar\/d08aa2ce4c8dd416d4479aa8536fcf64?s=96&d=mm&r=g\",\"caption\":\"moacir\"},\"url\":\"https:\/\/franciscanos.org.br\/noticias\/author\/moacir\"}]}<\/script>\n<!-- \/ Yoast SEO plugin. -->","yoast_head_json":{"title":"Frei Fid\u00eancio aponta dois sinais na Festa dos Estigmas de S\u00e3o Francisco: amor e compaix\u00e3o - Not\u00edcias - Franciscanos","robots":{"index":"index","follow":"follow","max-snippet":"max-snippet:-1","max-image-preview":"max-image-preview:large","max-video-preview":"max-video-preview:-1"},"canonical":"https:\/\/franciscanos.org.br\/noticias\/frei-fidencio-aponta-dois-sinais-nesta-festa-dos-estigmas-amor-e-compaixao.html","og_locale":"pt_BR","og_type":"article","og_title":"Frei Fid\u00eancio aponta dois sinais na Festa dos Estigmas de S\u00e3o Francisco: amor e compaix\u00e3o - Not\u00edcias - Franciscanos","og_description":"Festa das Chagas de S\u00e3o Francisco","og_url":"https:\/\/franciscanos.org.br\/noticias\/frei-fidencio-aponta-dois-sinais-nesta-festa-dos-estigmas-amor-e-compaixao.html","og_site_name":"Not\u00edcias - Franciscanos","article_published_time":"2021-09-17T22:44:17+00:00","article_modified_time":"2022-12-31T15:47:00+00:00","og_image":[{"width":800,"height":550,"url":"https:\/\/franciscanos.org.br\/noticias\/wp-content\/uploads\/2021\/09\/chagas_170921d.jpg","type":"image\/jpeg"}],"author":"moacir","twitter_card":"summary_large_image","twitter_misc":{"Escrito por":"moacir","Est. tempo de leitura":"8 minutos"},"schema":{"@context":"https:\/\/schema.org","@graph":[{"@type":"WebSite","@id":"https:\/\/franciscanos.org.br\/noticias\/#website","url":"https:\/\/franciscanos.org.br\/noticias\/","name":"Not\u00edcias - Franciscanos","description":"Prov\u00edncia Franciscana da Imaculada Concei\u00e7\u00e3o do Brasil - Ordem dos Frades Menores - OFM","potentialAction":[{"@type":"SearchAction","target":{"@type":"EntryPoint","urlTemplate":"https:\/\/franciscanos.org.br\/noticias\/?s={search_term_string}"},"query-input":"required name=search_term_string"}],"inLanguage":"pt-BR"},{"@type":"ImageObject","inLanguage":"pt-BR","@id":"https:\/\/franciscanos.org.br\/noticias\/frei-fidencio-aponta-dois-sinais-nesta-festa-dos-estigmas-amor-e-compaixao.html#primaryimage","url":"https:\/\/franciscanos.org.br\/noticias\/wp-content\/uploads\/2021\/09\/chagas_170921d.jpg","contentUrl":"https:\/\/franciscanos.org.br\/noticias\/wp-content\/uploads\/2021\/09\/chagas_170921d.jpg","width":800,"height":550},{"@type":"WebPage","@id":"https:\/\/franciscanos.org.br\/noticias\/frei-fidencio-aponta-dois-sinais-nesta-festa-dos-estigmas-amor-e-compaixao.html#webpage","url":"https:\/\/franciscanos.org.br\/noticias\/frei-fidencio-aponta-dois-sinais-nesta-festa-dos-estigmas-amor-e-compaixao.html","name":"Frei Fid\u00eancio aponta dois sinais na Festa dos Estigmas de S\u00e3o Francisco: amor e compaix\u00e3o - Not\u00edcias - Franciscanos","isPartOf":{"@id":"https:\/\/franciscanos.org.br\/noticias\/#website"},"primaryImageOfPage":{"@id":"https:\/\/franciscanos.org.br\/noticias\/frei-fidencio-aponta-dois-sinais-nesta-festa-dos-estigmas-amor-e-compaixao.html#primaryimage"},"datePublished":"2021-09-17T22:44:17+00:00","dateModified":"2022-12-31T15:47:00+00:00","author":{"@id":"https:\/\/franciscanos.org.br\/noticias\/#\/schema\/person\/b5c8cba458c330ccff548b056e95a5d4"},"breadcrumb":{"@id":"https:\/\/franciscanos.org.br\/noticias\/frei-fidencio-aponta-dois-sinais-nesta-festa-dos-estigmas-amor-e-compaixao.html#breadcrumb"},"inLanguage":"pt-BR","potentialAction":[{"@type":"ReadAction","target":["https:\/\/franciscanos.org.br\/noticias\/frei-fidencio-aponta-dois-sinais-nesta-festa-dos-estigmas-amor-e-compaixao.html"]}]},{"@type":"BreadcrumbList","@id":"https:\/\/franciscanos.org.br\/noticias\/frei-fidencio-aponta-dois-sinais-nesta-festa-dos-estigmas-amor-e-compaixao.html#breadcrumb","itemListElement":[{"@type":"ListItem","position":1,"name":"Home","item":"https:\/\/franciscanos.org.br\/noticias"},{"@type":"ListItem","position":2,"name":"Frei Fid\u00eancio aponta dois sinais na Festa dos Estigmas de S\u00e3o Francisco: amor e compaix\u00e3o"}]},{"@type":"Person","@id":"https:\/\/franciscanos.org.br\/noticias\/#\/schema\/person\/b5c8cba458c330ccff548b056e95a5d4","name":"moacir","image":{"@type":"ImageObject","inLanguage":"pt-BR","@id":"https:\/\/franciscanos.org.br\/noticias\/#\/schema\/person\/image\/","url":"https:\/\/secure.gravatar.com\/avatar\/d08aa2ce4c8dd416d4479aa8536fcf64?s=96&d=mm&r=g","contentUrl":"https:\/\/secure.gravatar.com\/avatar\/d08aa2ce4c8dd416d4479aa8536fcf64?s=96&d=mm&r=g","caption":"moacir"},"url":"https:\/\/franciscanos.org.br\/noticias\/author\/moacir"}]}},"_links":{"self":[{"href":"https:\/\/franciscanos.org.br\/noticias\/wp-json\/wp\/v2\/posts\/234378"}],"collection":[{"href":"https:\/\/franciscanos.org.br\/noticias\/wp-json\/wp\/v2\/posts"}],"about":[{"href":"https:\/\/franciscanos.org.br\/noticias\/wp-json\/wp\/v2\/types\/post"}],"author":[{"embeddable":true,"href":"https:\/\/franciscanos.org.br\/noticias\/wp-json\/wp\/v2\/users\/3"}],"replies":[{"embeddable":true,"href":"https:\/\/franciscanos.org.br\/noticias\/wp-json\/wp\/v2\/comments?post=234378"}],"version-history":[{"count":3,"href":"https:\/\/franciscanos.org.br\/noticias\/wp-json\/wp\/v2\/posts\/234378\/revisions"}],"predecessor-version":[{"id":234395,"href":"https:\/\/franciscanos.org.br\/noticias\/wp-json\/wp\/v2\/posts\/234378\/revisions\/234395"}],"wp:featuredmedia":[{"embeddable":true,"href":"https:\/\/franciscanos.org.br\/noticias\/wp-json\/wp\/v2\/media\/234391"}],"wp:attachment":[{"href":"https:\/\/franciscanos.org.br\/noticias\/wp-json\/wp\/v2\/media?parent=234378"}],"wp:term":[{"taxonomy":"category","embeddable":true,"href":"https:\/\/franciscanos.org.br\/noticias\/wp-json\/wp\/v2\/categories?post=234378"},{"taxonomy":"post_tag","embeddable":true,"href":"https:\/\/franciscanos.org.br\/noticias\/wp-json\/wp\/v2\/tags?post=234378"}],"curies":[{"name":"wp","href":"https:\/\/api.w.org\/{rel}","templated":true}]}}