{"id":234354,"date":"2021-09-16T19:50:04","date_gmt":"2021-09-16T22:50:04","guid":{"rendered":"https:\/\/franciscanos.org.br\/noticias\/?p=234354"},"modified":"2021-09-16T20:37:54","modified_gmt":"2021-09-16T23:37:54","slug":"celebracao-faz-memoria-da-dedicacao-da-igreja-do-sagrado","status":"publish","type":"post","link":"https:\/\/franciscanos.org.br\/noticias\/celebracao-faz-memoria-da-dedicacao-da-igreja-do-sagrado.html","title":{"rendered":"Celebra\u00e7\u00e3o faz mem\u00f3ria da Dedica\u00e7\u00e3o da Igreja do Sagrado"},"content":{"rendered":"<p><img loading=\"lazy\" class=\"alignnone wp-image-234365 size-full\" src=\"https:\/\/franciscanos.org.br\/noticias\/wp-content\/uploads\/2021\/09\/dedicacao_160921-1.jpg\" alt=\"\" width=\"1280\" height=\"720\" srcset=\"https:\/\/franciscanos.org.br\/noticias\/wp-content\/uploads\/2021\/09\/dedicacao_160921-1.jpg 1280w, https:\/\/franciscanos.org.br\/noticias\/wp-content\/uploads\/2021\/09\/dedicacao_160921-1-450x253.jpg 450w, https:\/\/franciscanos.org.br\/noticias\/wp-content\/uploads\/2021\/09\/dedicacao_160921-1-1024x576.jpg 1024w, https:\/\/franciscanos.org.br\/noticias\/wp-content\/uploads\/2021\/09\/dedicacao_160921-1-768x432.jpg 768w, https:\/\/franciscanos.org.br\/noticias\/wp-content\/uploads\/2021\/09\/dedicacao_160921-1-150x84.jpg 150w\" sizes=\"(max-width: 1280px) 100vw, 1280px\" \/><\/p>\n<p><strong>Petr\u00f3polis (RJ) \u2013<\/strong> \u201cAo celebrarmos o anivers\u00e1rio da Dedica\u00e7\u00e3o da Igreja do Sagrado Cora\u00e7\u00e3o de Jesus no ano do Jubileu, queremos trazer presente a celebra\u00e7\u00e3o especial e profundamente ligada \u00e0 hist\u00f3ria da Igreja do Sagrado que aconteceu h\u00e1 14 anos,\u00a0 por ocasi\u00e3o da conclus\u00e3o do restauro e reforma da Igreja\u201d. Foi com essa motiva\u00e7\u00e3o que o p\u00e1roco, Frei Jorge Paulo Schiavini, presidiu a solene Celebra\u00e7\u00e3o Eucar\u00edstica nesta quinta-feira, 16 de setembro, \u00e0s 18 horas, na Par\u00f3quia do Sagrado Cora\u00e7\u00e3o de Jesus. A Santa Missa que foi transmitida pelo Facebook e YouTube do Sagrado, e pela R\u00e1dio Imperial, contou tamb\u00e9m com a presen\u00e7a de lideran\u00e7as de movimentos e pastorais, al\u00e9m dos frades do Convento.<\/p>\n<p>A inaugura\u00e7\u00e3o de uma igreja nova geralmente coincide com a sua dedica\u00e7\u00e3o. Quando uma Igreja antiga ainda n\u00e3o foi dedicada ou quando ela foi totalmente restaurada, pode ser dedicada, como \u00e9 o caso da Igreja do Sagrado. Por ser edif\u00edcio vis\u00edvel, a Igreja, aparece como sinal especial do templo de Deus, constru\u00eddo de pedras vivas, que \u00e9 a comunidade crist\u00e3.<\/p>\n<p><img loading=\"lazy\" class=\"alignnone wp-image-234357 size-full\" src=\"https:\/\/franciscanos.org.br\/noticias\/wp-content\/uploads\/2021\/09\/dedicacao_160921_1.jpg\" alt=\"\" width=\"1280\" height=\"853\" srcset=\"https:\/\/franciscanos.org.br\/noticias\/wp-content\/uploads\/2021\/09\/dedicacao_160921_1.jpg 1280w, https:\/\/franciscanos.org.br\/noticias\/wp-content\/uploads\/2021\/09\/dedicacao_160921_1-450x300.jpg 450w, https:\/\/franciscanos.org.br\/noticias\/wp-content\/uploads\/2021\/09\/dedicacao_160921_1-1024x682.jpg 1024w, https:\/\/franciscanos.org.br\/noticias\/wp-content\/uploads\/2021\/09\/dedicacao_160921_1-768x512.jpg 768w, https:\/\/franciscanos.org.br\/noticias\/wp-content\/uploads\/2021\/09\/dedicacao_160921_1-150x100.jpg 150w\" sizes=\"(max-width: 1280px) 100vw, 1280px\" \/><\/p>\n<p><strong>IGREJA ESPIRITUAL, FORMADA POR PEDRAS VIVAS<\/strong><\/p>\n<p>Na homilia, Frei Jorge come\u00e7ou explicando que o restauro e a reforma da Igreja antecederam \u00e0 celebra\u00e7\u00e3o de Dedica\u00e7\u00e3o da Igreja do Sagrado. Ressaltou que o p\u00e1roco da \u00e9poca, Frei Vitalino Piaia, com o aux\u00edlio de lideran\u00e7as da Par\u00f3quia, iniciou o empreendimento em 2001, come\u00e7ando pela elabora\u00e7\u00e3o do projeto que se deu por meio da participa\u00e7\u00e3o de um semin\u00e1rio, promovido em parceria com o Instituto Teol\u00f3gico Franciscano (ITF), sobre \u201cLiturgia e Arte Sacra\u201d, que teve a finalidade de esquematizar os passos do restauro, onde o objetivo principal foi o de recuperar os tra\u00e7os da originalidade da Igreja. Este estudo reuniu especialistas, professores, e fi\u00e9is da Par\u00f3quia do Sagrado.<\/p>\n<p>O p\u00e1roco pautou-se nos registros hist\u00f3ricos escritos no livro \u201cO restauro 2001 a 2007\u201d, para relatar que j\u00e1 no final do m\u00eas de maio de 2001, Frei Piaia, como era conhecido, tinha em m\u00e3os um projeto audacioso e detalhado, cujas principais coordenadas foram estas: Resgate da hist\u00f3ria da Igreja do Sagrado Cora\u00e7\u00e3o de Jesus, resgate da centralidade da Dedica\u00e7\u00e3o original ao Sagrado Cora\u00e7\u00e3o de Jesus, reencontro com a tradi\u00e7\u00e3o popular, ousadia para manter funcionalidade, beleza, inspira\u00e7\u00e3o religiosa e inova\u00e7\u00e3o \u2013 se oportuna e necess\u00e1ria.<\/p>\n<p><img loading=\"lazy\" class=\"alignnone wp-image-234358 size-full\" src=\"https:\/\/franciscanos.org.br\/noticias\/wp-content\/uploads\/2021\/09\/dedicacao_160921_2.jpg\" alt=\"\" width=\"1280\" height=\"853\" srcset=\"https:\/\/franciscanos.org.br\/noticias\/wp-content\/uploads\/2021\/09\/dedicacao_160921_2.jpg 1280w, https:\/\/franciscanos.org.br\/noticias\/wp-content\/uploads\/2021\/09\/dedicacao_160921_2-450x300.jpg 450w, https:\/\/franciscanos.org.br\/noticias\/wp-content\/uploads\/2021\/09\/dedicacao_160921_2-1024x682.jpg 1024w, https:\/\/franciscanos.org.br\/noticias\/wp-content\/uploads\/2021\/09\/dedicacao_160921_2-768x512.jpg 768w, https:\/\/franciscanos.org.br\/noticias\/wp-content\/uploads\/2021\/09\/dedicacao_160921_2-150x100.jpg 150w\" sizes=\"(max-width: 1280px) 100vw, 1280px\" \/><\/p>\n<p>\u201cO projeto foi levado a cabo e em grande parte com o custeio dos fi\u00e9is por meio de carn\u00eas, promo\u00e7\u00f5es, doa\u00e7\u00f5es e aux\u00edlio de algumas institui\u00e7\u00f5es. Com a colabora\u00e7\u00e3o de muitos o patrim\u00f4nio arquitet\u00f4nico e religioso do Sagrado foi recuperado\u201d, garantiu Frei Jorge, e acrescentou: \u201cDestaco a remo\u00e7\u00e3o do forro que cobria a pintura atual do teto e a recupera\u00e7\u00e3o da mesma\u201d.<\/p>\n<p>Para Frei Jorge, o restauro recuperou a beleza e a hist\u00f3ria da Igreja do Sagrado. \u201cO templo material, a igreja material \u00e9 um s\u00edmbolo importante daquilo que \u00e9 a Igreja espiritual, formada por pedras vivas. E o cuidado com o templo material \u00e9 tamb\u00e9m o cuidado com o patrim\u00f4nio espiritual constru\u00eddo por v\u00e1rias gera\u00e7\u00f5es e atualizado por n\u00f3s que agora cultivamos a f\u00e9 nesse espa\u00e7o sagrado\u201d, frisou.<\/p>\n<p>Citando novamente o relato de Frei Piaia do livro \u201cO Restauro\u201d, disse: \u00a0\u201cO patrim\u00f4nio humano \u00e9 a comunidade ou a Igreja viva, sujeito e destinat\u00e1ria do patrim\u00f4nio material.\u00a0 Ali\u00e1s, o patrim\u00f4nio arquitet\u00f4nico e art\u00edstico testemunha a respeito desta Igreja viva composta pelas pessoas, com a vantagem de registrar a sucess\u00e3o de gera\u00e7\u00f5es\u201d.<\/p>\n<p><img loading=\"lazy\" class=\"alignnone wp-image-234359 size-full\" src=\"https:\/\/franciscanos.org.br\/noticias\/wp-content\/uploads\/2021\/09\/dedicacao_160921_4.jpg\" alt=\"\" width=\"1280\" height=\"853\" srcset=\"https:\/\/franciscanos.org.br\/noticias\/wp-content\/uploads\/2021\/09\/dedicacao_160921_4.jpg 1280w, https:\/\/franciscanos.org.br\/noticias\/wp-content\/uploads\/2021\/09\/dedicacao_160921_4-450x300.jpg 450w, https:\/\/franciscanos.org.br\/noticias\/wp-content\/uploads\/2021\/09\/dedicacao_160921_4-1024x682.jpg 1024w, https:\/\/franciscanos.org.br\/noticias\/wp-content\/uploads\/2021\/09\/dedicacao_160921_4-768x512.jpg 768w, https:\/\/franciscanos.org.br\/noticias\/wp-content\/uploads\/2021\/09\/dedicacao_160921_4-150x100.jpg 150w\" sizes=\"(max-width: 1280px) 100vw, 1280px\" \/><\/p>\n<p><strong>IGREJA DO SAGRADO \u00c9 DEDICADA DEPOIS DE SEIS ANOS EM RESTAURO E REFORMA<\/strong><\/p>\n<p>Sobre a celebra\u00e7\u00e3o do dia da Dedica\u00e7\u00e3o da Igreja do Sagrado, que ocorreu em 16 de setembro de 2007, Frei Jorge apresentou o relato do Vig\u00e1rio Paroquial, Frei Gustavo Medella &#8211; frade estudante da \u00e9poca-, que foi publicado no informativo \u201cLa\u00e7os&amp;Passos\u201d, e assim se refere sobre este dia hist\u00f3rico:<\/p>\n<p><em>\u201cIgreja super lotada, bispo, padres, di\u00e1conos, ministros, corais, cerim\u00f4nia de duas horas e meia, tudo conforme a grandiosidade da festa. A celebra\u00e7\u00e3o de Dedica\u00e7\u00e3o da Igreja do Sagrado Cora\u00e7\u00e3o de Jesus, em Petr\u00f3polis, n\u00e3o poderia ser diferente. [&#8230;] O in\u00edcio foi do lado de fora, em frente \u00e0 porta principal fechada, onde o bispo diocesano, Dom Fillipo Santoro, recebeu a chave das m\u00e3os dos arquitetos respons\u00e1veis pela obra, passando-a em seguida ao p\u00e1roco, Frei Vitalino Piai, que abriu a Igreja. Alegres vamos \u00e0 casa do Pai. Ao som do refr\u00e3o do canto inicial, o bispo e os concelebrantes entraram em prociss\u00e3o. A imagem do Sagrado Cora\u00e7\u00e3o de Jesus, titular da igreja, estava coberta e foi apresentada ao povo por um grupo de representantes das pastorais e dos movimentos. Em seguida, houve o rito de b\u00ean\u00e7\u00e3o e aspers\u00e3o da \u00e1gua aben\u00e7oada. Neste momento, o coral dos Canarinhos cantava em latim: &#8220;Assim como a cor\u00e7a suspira pelas \u00e1guas repousantes, suspira igualmente minh&#8217;alma por V\u00f3s, \u00f3 Senhor&#8221;. Na homilia, Dom Filippo elogiou o trabalho de Frei Vitalino Piaia e brincou: &#8220;Cada vez que uma etapa da obra era conclu\u00edda, o Frei Piaia me chamava para aben\u00e7oar: coro, lustres, claustro. Hoje estamos aqui para dedicar a Igreja do Sagrado Cora\u00e7\u00e3o de Jesus, um acontecimento muito importante para nossa Diocese&#8221;.<\/em><\/p>\n<p><img loading=\"lazy\" class=\"alignnone wp-image-234360 size-full\" src=\"https:\/\/franciscanos.org.br\/noticias\/wp-content\/uploads\/2021\/09\/dedicacao_160921_3.jpg\" alt=\"\" width=\"1280\" height=\"853\" srcset=\"https:\/\/franciscanos.org.br\/noticias\/wp-content\/uploads\/2021\/09\/dedicacao_160921_3.jpg 1280w, https:\/\/franciscanos.org.br\/noticias\/wp-content\/uploads\/2021\/09\/dedicacao_160921_3-450x300.jpg 450w, https:\/\/franciscanos.org.br\/noticias\/wp-content\/uploads\/2021\/09\/dedicacao_160921_3-1024x682.jpg 1024w, https:\/\/franciscanos.org.br\/noticias\/wp-content\/uploads\/2021\/09\/dedicacao_160921_3-768x512.jpg 768w, https:\/\/franciscanos.org.br\/noticias\/wp-content\/uploads\/2021\/09\/dedicacao_160921_3-150x100.jpg 150w\" sizes=\"(max-width: 1280px) 100vw, 1280px\" \/><\/p>\n<p>O presidente da celebra\u00e7\u00e3o, lembrou ainda que a Dedica\u00e7\u00e3o da Igreja do Sagrado coincidiu com a conclus\u00e3o do restauro da Igreja do Sagrado e de algumas salas do Convento antigo do Sagrado. Segundo ele, foi muito apropriado dedicar uma Igreja que \u00e9 centen\u00e1ria, com uma rica hist\u00f3ria de cultivo da f\u00e9, depois de um grande restauro que recuperou tra\u00e7os de sua originalidade.<\/p>\n<p>Frei Jorge corou sua homilia fazendo uma reflex\u00e3o sobre o Evangelho pr\u00f3prio para a Solenidade de Dedica\u00e7\u00e3o de uma Igreja. Segundo ele, a visita de Jesus a casa de Zaqueu o transformou. Assim, Zaqueu se prop\u00f4s a devolver o que tinha roubado e partilhar de seus bens com os necessitados. \u201cOs encontros de Jesus com as pessoas, que s\u00e3o encontros com o amor. Vemos assim que a miseric\u00f3rdia de Deus continua acontecendo na Igreja do Sagrado, atrav\u00e9s dos sacramentos, na Eucaristia, no Sacramento da Reconcilia\u00e7\u00e3o e em tantos momentos de ora\u00e7\u00e3o e devo\u00e7\u00e3o. Tamb\u00e9m acontecem na a\u00e7\u00e3o caritativa que \u00e9 desenvolvida no Sagrado e na a\u00e7\u00e3o dos servi\u00e7os pastorais e dos movimentos\u201d, destacou.<\/p>\n<p><img loading=\"lazy\" class=\"alignnone wp-image-234361 size-full\" src=\"https:\/\/franciscanos.org.br\/noticias\/wp-content\/uploads\/2021\/09\/dedicacao_160921_5.jpg\" alt=\"\" width=\"1280\" height=\"853\" srcset=\"https:\/\/franciscanos.org.br\/noticias\/wp-content\/uploads\/2021\/09\/dedicacao_160921_5.jpg 1280w, https:\/\/franciscanos.org.br\/noticias\/wp-content\/uploads\/2021\/09\/dedicacao_160921_5-450x300.jpg 450w, https:\/\/franciscanos.org.br\/noticias\/wp-content\/uploads\/2021\/09\/dedicacao_160921_5-1024x682.jpg 1024w, https:\/\/franciscanos.org.br\/noticias\/wp-content\/uploads\/2021\/09\/dedicacao_160921_5-768x512.jpg 768w, https:\/\/franciscanos.org.br\/noticias\/wp-content\/uploads\/2021\/09\/dedicacao_160921_5-150x100.jpg 150w\" sizes=\"(max-width: 1280px) 100vw, 1280px\" \/><\/p>\n<p>E concluiu: \u201cRendamos gra\u00e7as ao Deus da vida que continua nos surpreendendo, neste local sagrado, com sua proposta: \u2018Hoje eu devo ficar na tua casa\u2019. E diante da generosidade de nossa resposta o Senhor nos diz: \u2018Hoje a salva\u00e7\u00e3o entrou nesta casa\u2019\u201d.<\/p>\n<p>A Celebra\u00e7\u00e3o Eucar\u00edstica teve continuidade com as preces pr\u00f3prias para o dia, seguidamente da liturgia eucar\u00edstica. Ap\u00f3s o rito de comunh\u00e3o, Frei Jorge agradeceu a presen\u00e7a de todos e rezou pelas fam\u00edlias enlutadas bem como pelos aniversariantes do dia.\u00a0 A pr\u00f3xima celebra\u00e7\u00e3o do Ano Jubilar ser\u00e1 na 1\u00aa sexta-feira do m\u00eas de novembro, data em que a Igreja faz mem\u00f3ria da devo\u00e7\u00e3o ao Sagrado Cora\u00e7\u00e3o de Jesus.<\/p>\n<hr \/>\n<p><em>Frei Augusto Luiz Gabriel<\/em><\/p>\n","protected":false},"excerpt":{"rendered":"<p>Igreja do Sagrado Cora\u00e7\u00e3o de Jesus de Petr\u00f3polis<\/p>\n","protected":false},"author":3,"featured_media":234365,"comment_status":"open","ping_status":"open","sticky":false,"template":"","format":"standard","meta":[],"categories":[1],"tags":[1766,190],"acf":[],"yoast_head":"<!-- This site is optimized with the Yoast SEO plugin v19.2 - https:\/\/yoast.com\/wordpress\/plugins\/seo\/ -->\n<title>Celebra\u00e7\u00e3o faz mem\u00f3ria da Dedica\u00e7\u00e3o da Igreja do Sagrado - Not\u00edcias - Franciscanos<\/title>\n<meta name=\"robots\" content=\"index, follow, max-snippet:-1, max-image-preview:large, max-video-preview:-1\" \/>\n<link rel=\"canonical\" href=\"https:\/\/franciscanos.org.br\/noticias\/celebracao-faz-memoria-da-dedicacao-da-igreja-do-sagrado.html\" \/>\n<meta property=\"og:locale\" content=\"pt_BR\" \/>\n<meta property=\"og:type\" content=\"article\" \/>\n<meta property=\"og:title\" content=\"Celebra\u00e7\u00e3o faz mem\u00f3ria da Dedica\u00e7\u00e3o da Igreja do Sagrado - Not\u00edcias - Franciscanos\" \/>\n<meta property=\"og:description\" content=\"Igreja do Sagrado Cora\u00e7\u00e3o de Jesus de Petr\u00f3polis\" \/>\n<meta property=\"og:url\" content=\"https:\/\/franciscanos.org.br\/noticias\/celebracao-faz-memoria-da-dedicacao-da-igreja-do-sagrado.html\" \/>\n<meta property=\"og:site_name\" content=\"Not\u00edcias - Franciscanos\" \/>\n<meta property=\"article:published_time\" content=\"2021-09-16T22:50:04+00:00\" \/>\n<meta property=\"article:modified_time\" content=\"2021-09-16T23:37:54+00:00\" \/>\n<meta property=\"og:image\" content=\"https:\/\/franciscanos.org.br\/noticias\/wp-content\/uploads\/2021\/09\/dedicacao_160921-1.jpg\" \/>\n\t<meta property=\"og:image:width\" content=\"1280\" \/>\n\t<meta property=\"og:image:height\" content=\"720\" \/>\n\t<meta property=\"og:image:type\" content=\"image\/jpeg\" \/>\n<meta name=\"author\" content=\"moacir\" \/>\n<meta name=\"twitter:card\" content=\"summary_large_image\" \/>\n<meta name=\"twitter:label1\" content=\"Escrito por\" \/>\n\t<meta name=\"twitter:data1\" content=\"moacir\" \/>\n\t<meta name=\"twitter:label2\" content=\"Est. tempo de leitura\" \/>\n\t<meta name=\"twitter:data2\" content=\"7 minutos\" \/>\n<script type=\"application\/ld+json\" class=\"yoast-schema-graph\">{\"@context\":\"https:\/\/schema.org\",\"@graph\":[{\"@type\":\"WebSite\",\"@id\":\"https:\/\/franciscanos.org.br\/noticias\/#website\",\"url\":\"https:\/\/franciscanos.org.br\/noticias\/\",\"name\":\"Not\u00edcias - Franciscanos\",\"description\":\"Prov\u00edncia Franciscana da Imaculada Concei\u00e7\u00e3o do Brasil - Ordem dos Frades Menores - OFM\",\"potentialAction\":[{\"@type\":\"SearchAction\",\"target\":{\"@type\":\"EntryPoint\",\"urlTemplate\":\"https:\/\/franciscanos.org.br\/noticias\/?s={search_term_string}\"},\"query-input\":\"required name=search_term_string\"}],\"inLanguage\":\"pt-BR\"},{\"@type\":\"ImageObject\",\"inLanguage\":\"pt-BR\",\"@id\":\"https:\/\/franciscanos.org.br\/noticias\/celebracao-faz-memoria-da-dedicacao-da-igreja-do-sagrado.html#primaryimage\",\"url\":\"https:\/\/franciscanos.org.br\/noticias\/wp-content\/uploads\/2021\/09\/dedicacao_160921-1.jpg\",\"contentUrl\":\"https:\/\/franciscanos.org.br\/noticias\/wp-content\/uploads\/2021\/09\/dedicacao_160921-1.jpg\",\"width\":1280,\"height\":720},{\"@type\":\"WebPage\",\"@id\":\"https:\/\/franciscanos.org.br\/noticias\/celebracao-faz-memoria-da-dedicacao-da-igreja-do-sagrado.html#webpage\",\"url\":\"https:\/\/franciscanos.org.br\/noticias\/celebracao-faz-memoria-da-dedicacao-da-igreja-do-sagrado.html\",\"name\":\"Celebra\u00e7\u00e3o faz mem\u00f3ria da Dedica\u00e7\u00e3o da Igreja do Sagrado - Not\u00edcias - Franciscanos\",\"isPartOf\":{\"@id\":\"https:\/\/franciscanos.org.br\/noticias\/#website\"},\"primaryImageOfPage\":{\"@id\":\"https:\/\/franciscanos.org.br\/noticias\/celebracao-faz-memoria-da-dedicacao-da-igreja-do-sagrado.html#primaryimage\"},\"datePublished\":\"2021-09-16T22:50:04+00:00\",\"dateModified\":\"2021-09-16T23:37:54+00:00\",\"author\":{\"@id\":\"https:\/\/franciscanos.org.br\/noticias\/#\/schema\/person\/b5c8cba458c330ccff548b056e95a5d4\"},\"breadcrumb\":{\"@id\":\"https:\/\/franciscanos.org.br\/noticias\/celebracao-faz-memoria-da-dedicacao-da-igreja-do-sagrado.html#breadcrumb\"},\"inLanguage\":\"pt-BR\",\"potentialAction\":[{\"@type\":\"ReadAction\",\"target\":[\"https:\/\/franciscanos.org.br\/noticias\/celebracao-faz-memoria-da-dedicacao-da-igreja-do-sagrado.html\"]}]},{\"@type\":\"BreadcrumbList\",\"@id\":\"https:\/\/franciscanos.org.br\/noticias\/celebracao-faz-memoria-da-dedicacao-da-igreja-do-sagrado.html#breadcrumb\",\"itemListElement\":[{\"@type\":\"ListItem\",\"position\":1,\"name\":\"Home\",\"item\":\"https:\/\/franciscanos.org.br\/noticias\"},{\"@type\":\"ListItem\",\"position\":2,\"name\":\"Celebra\u00e7\u00e3o faz mem\u00f3ria da Dedica\u00e7\u00e3o da Igreja do Sagrado\"}]},{\"@type\":\"Person\",\"@id\":\"https:\/\/franciscanos.org.br\/noticias\/#\/schema\/person\/b5c8cba458c330ccff548b056e95a5d4\",\"name\":\"moacir\",\"image\":{\"@type\":\"ImageObject\",\"inLanguage\":\"pt-BR\",\"@id\":\"https:\/\/franciscanos.org.br\/noticias\/#\/schema\/person\/image\/\",\"url\":\"https:\/\/secure.gravatar.com\/avatar\/d08aa2ce4c8dd416d4479aa8536fcf64?s=96&d=mm&r=g\",\"contentUrl\":\"https:\/\/secure.gravatar.com\/avatar\/d08aa2ce4c8dd416d4479aa8536fcf64?s=96&d=mm&r=g\",\"caption\":\"moacir\"},\"url\":\"https:\/\/franciscanos.org.br\/noticias\/author\/moacir\"}]}<\/script>\n<!-- \/ Yoast SEO plugin. -->","yoast_head_json":{"title":"Celebra\u00e7\u00e3o faz mem\u00f3ria da Dedica\u00e7\u00e3o da Igreja do Sagrado - Not\u00edcias - Franciscanos","robots":{"index":"index","follow":"follow","max-snippet":"max-snippet:-1","max-image-preview":"max-image-preview:large","max-video-preview":"max-video-preview:-1"},"canonical":"https:\/\/franciscanos.org.br\/noticias\/celebracao-faz-memoria-da-dedicacao-da-igreja-do-sagrado.html","og_locale":"pt_BR","og_type":"article","og_title":"Celebra\u00e7\u00e3o faz mem\u00f3ria da Dedica\u00e7\u00e3o da Igreja do Sagrado - Not\u00edcias - Franciscanos","og_description":"Igreja do Sagrado Cora\u00e7\u00e3o de Jesus de Petr\u00f3polis","og_url":"https:\/\/franciscanos.org.br\/noticias\/celebracao-faz-memoria-da-dedicacao-da-igreja-do-sagrado.html","og_site_name":"Not\u00edcias - Franciscanos","article_published_time":"2021-09-16T22:50:04+00:00","article_modified_time":"2021-09-16T23:37:54+00:00","og_image":[{"width":1280,"height":720,"url":"https:\/\/franciscanos.org.br\/noticias\/wp-content\/uploads\/2021\/09\/dedicacao_160921-1.jpg","type":"image\/jpeg"}],"author":"moacir","twitter_card":"summary_large_image","twitter_misc":{"Escrito por":"moacir","Est. tempo de leitura":"7 minutos"},"schema":{"@context":"https:\/\/schema.org","@graph":[{"@type":"WebSite","@id":"https:\/\/franciscanos.org.br\/noticias\/#website","url":"https:\/\/franciscanos.org.br\/noticias\/","name":"Not\u00edcias - Franciscanos","description":"Prov\u00edncia Franciscana da Imaculada Concei\u00e7\u00e3o do Brasil - Ordem dos Frades Menores - OFM","potentialAction":[{"@type":"SearchAction","target":{"@type":"EntryPoint","urlTemplate":"https:\/\/franciscanos.org.br\/noticias\/?s={search_term_string}"},"query-input":"required name=search_term_string"}],"inLanguage":"pt-BR"},{"@type":"ImageObject","inLanguage":"pt-BR","@id":"https:\/\/franciscanos.org.br\/noticias\/celebracao-faz-memoria-da-dedicacao-da-igreja-do-sagrado.html#primaryimage","url":"https:\/\/franciscanos.org.br\/noticias\/wp-content\/uploads\/2021\/09\/dedicacao_160921-1.jpg","contentUrl":"https:\/\/franciscanos.org.br\/noticias\/wp-content\/uploads\/2021\/09\/dedicacao_160921-1.jpg","width":1280,"height":720},{"@type":"WebPage","@id":"https:\/\/franciscanos.org.br\/noticias\/celebracao-faz-memoria-da-dedicacao-da-igreja-do-sagrado.html#webpage","url":"https:\/\/franciscanos.org.br\/noticias\/celebracao-faz-memoria-da-dedicacao-da-igreja-do-sagrado.html","name":"Celebra\u00e7\u00e3o faz mem\u00f3ria da Dedica\u00e7\u00e3o da Igreja do Sagrado - Not\u00edcias - Franciscanos","isPartOf":{"@id":"https:\/\/franciscanos.org.br\/noticias\/#website"},"primaryImageOfPage":{"@id":"https:\/\/franciscanos.org.br\/noticias\/celebracao-faz-memoria-da-dedicacao-da-igreja-do-sagrado.html#primaryimage"},"datePublished":"2021-09-16T22:50:04+00:00","dateModified":"2021-09-16T23:37:54+00:00","author":{"@id":"https:\/\/franciscanos.org.br\/noticias\/#\/schema\/person\/b5c8cba458c330ccff548b056e95a5d4"},"breadcrumb":{"@id":"https:\/\/franciscanos.org.br\/noticias\/celebracao-faz-memoria-da-dedicacao-da-igreja-do-sagrado.html#breadcrumb"},"inLanguage":"pt-BR","potentialAction":[{"@type":"ReadAction","target":["https:\/\/franciscanos.org.br\/noticias\/celebracao-faz-memoria-da-dedicacao-da-igreja-do-sagrado.html"]}]},{"@type":"BreadcrumbList","@id":"https:\/\/franciscanos.org.br\/noticias\/celebracao-faz-memoria-da-dedicacao-da-igreja-do-sagrado.html#breadcrumb","itemListElement":[{"@type":"ListItem","position":1,"name":"Home","item":"https:\/\/franciscanos.org.br\/noticias"},{"@type":"ListItem","position":2,"name":"Celebra\u00e7\u00e3o faz mem\u00f3ria da Dedica\u00e7\u00e3o da Igreja do Sagrado"}]},{"@type":"Person","@id":"https:\/\/franciscanos.org.br\/noticias\/#\/schema\/person\/b5c8cba458c330ccff548b056e95a5d4","name":"moacir","image":{"@type":"ImageObject","inLanguage":"pt-BR","@id":"https:\/\/franciscanos.org.br\/noticias\/#\/schema\/person\/image\/","url":"https:\/\/secure.gravatar.com\/avatar\/d08aa2ce4c8dd416d4479aa8536fcf64?s=96&d=mm&r=g","contentUrl":"https:\/\/secure.gravatar.com\/avatar\/d08aa2ce4c8dd416d4479aa8536fcf64?s=96&d=mm&r=g","caption":"moacir"},"url":"https:\/\/franciscanos.org.br\/noticias\/author\/moacir"}]}},"_links":{"self":[{"href":"https:\/\/franciscanos.org.br\/noticias\/wp-json\/wp\/v2\/posts\/234354"}],"collection":[{"href":"https:\/\/franciscanos.org.br\/noticias\/wp-json\/wp\/v2\/posts"}],"about":[{"href":"https:\/\/franciscanos.org.br\/noticias\/wp-json\/wp\/v2\/types\/post"}],"author":[{"embeddable":true,"href":"https:\/\/franciscanos.org.br\/noticias\/wp-json\/wp\/v2\/users\/3"}],"replies":[{"embeddable":true,"href":"https:\/\/franciscanos.org.br\/noticias\/wp-json\/wp\/v2\/comments?post=234354"}],"version-history":[{"count":3,"href":"https:\/\/franciscanos.org.br\/noticias\/wp-json\/wp\/v2\/posts\/234354\/revisions"}],"predecessor-version":[{"id":234366,"href":"https:\/\/franciscanos.org.br\/noticias\/wp-json\/wp\/v2\/posts\/234354\/revisions\/234366"}],"wp:featuredmedia":[{"embeddable":true,"href":"https:\/\/franciscanos.org.br\/noticias\/wp-json\/wp\/v2\/media\/234365"}],"wp:attachment":[{"href":"https:\/\/franciscanos.org.br\/noticias\/wp-json\/wp\/v2\/media?parent=234354"}],"wp:term":[{"taxonomy":"category","embeddable":true,"href":"https:\/\/franciscanos.org.br\/noticias\/wp-json\/wp\/v2\/categories?post=234354"},{"taxonomy":"post_tag","embeddable":true,"href":"https:\/\/franciscanos.org.br\/noticias\/wp-json\/wp\/v2\/tags?post=234354"}],"curies":[{"name":"wp","href":"https:\/\/api.w.org\/{rel}","templated":true}]}}