{"id":234340,"date":"2021-09-15T08:12:54","date_gmt":"2021-09-15T11:12:54","guid":{"rendered":"https:\/\/franciscanos.org.br\/noticias\/?p=234340"},"modified":"2021-09-15T08:12:54","modified_gmt":"2021-09-15T11:12:54","slug":"papa-a-virgem-e-modelo-da-fe-do-povo-eslovaco-uma-fe-que-se-poe-a-caminho","status":"publish","type":"post","link":"https:\/\/franciscanos.org.br\/noticias\/papa-a-virgem-e-modelo-da-fe-do-povo-eslovaco-uma-fe-que-se-poe-a-caminho.html","title":{"rendered":"Papa: a Virgem \u00e9 modelo da f\u00e9 do povo eslovaco, uma f\u00e9 que se p\u00f5e a caminho"},"content":{"rendered":"<div id=\"attachment_234341\" style=\"width: 1290px\" class=\"wp-caption alignnone\"><img aria-describedby=\"caption-attachment-234341\" loading=\"lazy\" class=\"wp-image-234341 size-full\" src=\"https:\/\/franciscanos.org.br\/noticias\/wp-content\/uploads\/2021\/09\/missa_150921.jpg\" alt=\"\" width=\"1280\" height=\"720\" srcset=\"https:\/\/franciscanos.org.br\/noticias\/wp-content\/uploads\/2021\/09\/missa_150921.jpg 1280w, https:\/\/franciscanos.org.br\/noticias\/wp-content\/uploads\/2021\/09\/missa_150921-450x253.jpg 450w, https:\/\/franciscanos.org.br\/noticias\/wp-content\/uploads\/2021\/09\/missa_150921-1024x576.jpg 1024w, https:\/\/franciscanos.org.br\/noticias\/wp-content\/uploads\/2021\/09\/missa_150921-768x432.jpg 768w, https:\/\/franciscanos.org.br\/noticias\/wp-content\/uploads\/2021\/09\/missa_150921-150x84.jpg 150w\" sizes=\"(max-width: 1280px) 100vw, 1280px\" \/><p id=\"caption-attachment-234341\" class=\"wp-caption-text\">\u00a0 \u00a0 \u00a0 \u00a0 \u00a0 \u00a0 \u00a0 \u00a0 \u00a0 \u00a0 \u00a0 \u00a0 \u00a0 \u00a0 \u00a0 \u00a0 \u00a0 \u00a0 \u00a0 \u00a0 \u00a0 \u00a0 \u00a0 \u00a0 \u00a0 \u00a0 \u00a0 \u00a0 \u00a0 \u00a0 \u00a0 \u00a0 \u00a0 \u00a0 \u00a0 \u00a0 \u00a0 \u00a0 \u00a0 \u00a0 \u00a0 \u00a0 \u00a0 \u00a0 \u00a0 \u00a0 \u00a0 \u00a0 \u00a0 \u00a0 \u00a0 \u00a0 \u00a0 \u00a0 \u00a0 \u00a0 \u00a0 \u00a0 \u00a0 \u00a0 \u00a0 \u00a0<em> \u00a0 \u00a0 \u00a0 \u00a0 Imagem: Vatican Media<\/em><\/p><\/div>\n<p>O Papa Francisco presidiu a celebra\u00e7\u00e3o eucar\u00edstica na Esplanada do Santu\u00e1rio Nacional de Nossa Senhora das Dores, em \u0160a\u0161tin, na Eslov\u00e1quia, na manh\u00e3 desta quarta-feira (15\/09).<\/p>\n<p>A homilia do Pont\u00edfice centralizou-se na figura de Maria, &#8220;a M\u00e3e que nos d\u00e1 o Filho Jesus. Maria \u00e9 o caminho que nos introduz no Cora\u00e7\u00e3o de Cristo, que deu a vida por nosso amor&#8221;. &#8220;Podemos olhar para Maria como modelo da f\u00e9&#8221;, disse ainda o Papa, &#8220;e na sua f\u00e9 reconhecemos tr\u00eas carater\u00edsticas: o caminho, a profecia e a compaix\u00e3o&#8221;.<\/p>\n<p><strong>O caminho<\/strong><br \/>\n&#8220;A f\u00e9 de Maria \u00e9 uma f\u00e9 que se p\u00f5e a caminho. A jovem de Nazar\u00e9, logo que recebeu o an\u00fancio do Anjo, \u00abp\u00f4s-se a caminho (\u2026) para a montanha\u00bb, para ir visitar e ajudar Isabel, sua prima.&#8221;<\/p>\n<p>Maria &#8220;viveu aquele dom recebido como miss\u00e3o a cumprir; sentiu necessidade de abrir a porta e sair de casa; deu vida e corpo \u00e0 impaci\u00eancia com que Deus quer alcan\u00e7ar todos os homens para os salvar com o seu amor&#8221;.<\/p>\n<p>Por isso, Maria se p\u00f5e a caminho: prefere as inc\u00f3gnitas do caminho do que a comodidade dos seus h\u00e1bitos, a fadiga do caminho ao inv\u00e9s da estabilidade da casa, o risco de uma f\u00e9 que se p\u00f5e em jogo, tornando-se dom de amor para o outro do que a seguran\u00e7a de uma religiosidade tranquila. Toda a sua vida ser\u00e1 um caminho atr\u00e1s do seu Filho, como primeira disc\u00edpula, at\u00e9 ao Calv\u00e1rio, ao p\u00e9 da Cruz. Maria sempre caminha.<\/p>\n<p>&#8220;A Virgem \u00e9 modelo da f\u00e9 deste povo eslovaco: uma f\u00e9 que se p\u00f5e a caminho, sempre animada por uma devo\u00e7\u00e3o simples e sincera, sempre em peregrina\u00e7\u00e3o \u00e0 procura do Senhor&#8221;, disse ainda o Papa.<\/p>\n<p><strong>A profecia<\/strong><br \/>\n&#8220;A f\u00e9 de Maria \u00e9 tamb\u00e9m uma f\u00e9 prof\u00e9tica. Com a sua pr\u00f3pria vida, a jovem de Nazar\u00e9 \u00e9 profecia da obra de Deus na hist\u00f3ria, da sua a\u00e7\u00e3o misericordiosa que subverte as l\u00f3gicas do mundo, exaltando os humildes e derrubando os soberbos. Maria \u00e9 a Filha de Si\u00e3o anunciada pelos profetas de Israel, a Virgem que conceber\u00e1 o Deus conosco, o Emanuel. Como Virgem Imaculada, Maria \u00e9 \u00edcone da nossa voca\u00e7\u00e3o: como Ela, somos chamados a ser santos e imaculados no amor, tornando-nos imagem de Cristo.&#8221; Maria &#8220;traz no seu ventre a Palavra de Deus que se fez carne, Jesus&#8221;, disse ainda Francisco, convidando-nos a n\u00e3o nos esquecer que a f\u00e9 n\u00e3o pode ser reduzida &#8220;a um a\u00e7\u00facar que ado\u00e7a a vida. Jesus \u00e9 sinal de contradi\u00e7\u00e3o. Veio para trazer a luz onde h\u00e1 trevas, pondo as trevas a descoberto e for\u00e7ando-as a renderem-se. Por isso, as trevas lutam sempre contra Ele. Quem acolhe Cristo e se abre para Ele, ressuscita; quem o rejeita, encerra-se na escurid\u00e3o e arru\u00edna-se a si mesmo. Diante de Jesus, n\u00e3o se pode ficar morno, com \u00abo p\u00e9 em dois sapatos\u00bb. Acolh\u00ea-lo significa aceitar que Ele desvende as minhas contradi\u00e7\u00f5es, os meus \u00eddolos, as sugest\u00f5es do mal, e se torne para mim ressurrei\u00e7\u00e3o, aquele que sempre me levanta, que me toma pela m\u00e3o e me faz recome\u00e7ar. Sempre me levanta&#8221;.<\/p>\n<p>Tamb\u00e9m hoje a Eslov\u00e1quia precisa destes profetas. De voc\u00eas bispos que sigam este caminho. N\u00e3o se trata de ser hostis ao mundo, mas ser \u00absinais de contradi\u00e7\u00e3o\u00bb no mundo. Crist\u00e3os que sabem mostrar, com a vida, a beleza do Evangelho: que s\u00e3o tecedores de di\u00e1logo onde as posi\u00e7\u00f5es se tornam r\u00edgidas; que fazem resplandecer a vida fraterna na sociedade, onde muitas vezes nos dividimos e contrapomos; que difundem o bom perfume do acolhimento e da solidariedade, onde muitas vezes prevalecem os ego\u00edsmos pessoais e coletivos; que protegem e guardam a vida onde reinam l\u00f3gicas de morte.<\/p>\n<p><strong>A compaix\u00e3o<\/strong><br \/>\n&#8220;Maria \u00e9 a M\u00e3e da compaix\u00e3o. A sua f\u00e9 \u00e9 compassiva&#8221;, disse ainda Francisco. &#8220;Aquela que se definiu como \u00aba serva do Senhor\u00bb e se preocupou, com solicitude materna, de que n\u00e3o faltasse o vinho nas bodas de Can\u00e1, partilhou com o Filho a miss\u00e3o da salva\u00e7\u00e3o, at\u00e9 ao p\u00e9 da Cruz. Junto da cruz, Nossa Senhora das Dores simplesmente permanece. N\u00e3o foge, n\u00e3o tenta salvar-se a si mesma, n\u00e3o usa artif\u00edcios humanos nem anest\u00e9sicos espirituais para escapar da dor. Esta \u00e9 a prova da compaix\u00e3o: ficar junto da cruz. Ficar com o rosto marcado pelas l\u00e1grimas, mas com a f\u00e9 de quem sabe que, no seu Filho, Deus transforma o sofrimento e vence a morte.&#8221;<\/p>\n<p>E tamb\u00e9m n\u00f3s, olhando para a Virgem M\u00e3e Dolorosa, nos abrimos a uma f\u00e9 que se torna compaix\u00e3o, que se torna partilha de vida com quem est\u00e1 ferido, quem sofre e quem \u00e9 constrangido a carregar nos ombros cruzes pesadas. Uma f\u00e9 que n\u00e3o se fica no abstrato, mas faz-nos entrar na carne e nos torna solid\u00e1rios com os necessitados. Esta f\u00e9, no estilo de Deus, humilde e silenciosamente levanta o sofrimento do mundo e irriga os sulcos da hist\u00f3ria com a salva\u00e7\u00e3o.<\/p>\n<p><strong>Despedida do povo eslovaco<\/strong><br \/>\nNo final da missa, o Papa Francisco despediu-se da Eslov\u00e1quia com uma sauda\u00e7\u00e3o.<\/p>\n<p>Queridos irm\u00e3os e irm\u00e3s!<\/p>\n<p>Chegou a hora de me despedir de seu pa\u00eds. Nesta Eucaristia, dei gra\u00e7as a Deus por ter-me concedido a gra\u00e7a de vir estar com voc\u00eas e concluir a minha peregrina\u00e7\u00e3o no devoto abra\u00e7o de seu povo, celebrando juntos a grande festa religiosa e nacional da Padroeira, Nossa Senhora das Dores.<\/p>\n<p>Por fim, o Papa agradeceu ao povo eslovaco pelo acolhimento e a todos aqueles que colaboraram de diversos modos, especialmente com a ora\u00e7\u00e3o, na prepara\u00e7\u00e3o de sua visita ao pa\u00eds.<\/p>\n<hr \/>\n<p><strong>ORA\u00c7\u00c3O DO PAPA<\/strong><\/p>\n<p><strong>&#8220;NOSSA SENHORA, CURAI COM A VOSSA DO\u00c7URA AS NOSSAS FERIDAS&#8221;<\/strong><\/p>\n<p>Na manh\u00e3 desta quarta-feira (15) \u00faltimo dia da viagem do Papa \u00e0 Eslov\u00e1quia, antes de celebrar a Santa Missa no Santu\u00e1rio de Nossa Senhora das Sete Dores, a padroeira nacional do pa\u00eds, Francisco teve um momento de ora\u00e7\u00e3o com os Bispos. Foi um encontro em forma privada para um momento de ora\u00e7\u00e3o junto deste Santu\u00e1rio muito significativo para os eslovacos. Todos os anos se realiza uma grande peregrina\u00e7\u00e3o nacional para a festa da Padroeira e este ano \u00e9 compartilhada com o Papa Francisco. Este momento de ora\u00e7\u00e3o \u00e9 tamb\u00e9m um agradecimento pelo bom \u00eaxito da cirurgia \u00e0 qual o Papa foi submetido em julho deste ano.<\/p>\n<p>O Santo Padre:<br \/>\nEm nome do Pai e do Filho<br \/>\ne do Esp\u00edrito Santo.<br \/>\nR\/. Am\u00e9m.<\/p>\n<p>Gl\u00f3ria ao Pai, ao Filho e ao Esp\u00edrito Santo.<br \/>\nR\/. Como era no princ\u00edpio, agora e sempre. Amen.<\/p>\n<p>O Santo Padre e os Bispos recitaram juntos a ora\u00e7\u00e3o de consagra\u00e7\u00e3o:<\/p>\n<p>Nossa Senhora das Sete Dores,<br \/>\nestamos reunidos aqui diante de V\u00f3s como irm\u00e3os,<br \/>\nagradecidos ao Senhor pelo seu amor misericordioso.<br \/>\nE V\u00f3s estais aqui conosco,<br \/>\ncomo com os Ap\u00f3stolos no Cen\u00e1culo.<\/p>\n<p>M\u00e3e da Igreja e Consoladora dos aflitos,<br \/>\nvoltamo-nos confiadamente para V\u00f3s,<br \/>\nnas alegrias e fadigas do nosso minist\u00e9rio.<br \/>\nOlhai para n\u00f3s com ternura<br \/>\ne acolhei-nos nos vossos bra\u00e7os.<\/p>\n<p>Rainha dos Ap\u00f3stolos e Ref\u00fagio dos pecadores,<br \/>\nque conheceis as nossas limita\u00e7\u00f5es humanas,<br \/>\nos falhan\u00e7os espirituais,<br \/>\no sofrimento pela solid\u00e3o e pelo abandono:<br \/>\ncurai com a vossa do\u00e7ura as nossas feridas.<\/p>\n<p>M\u00e3e de Deus e nossa M\u00e3e,<br \/>\nconfiamo-Vos a nossa vida e a nossa p\u00e1tria,<br \/>\nconfiamo-Vos a nossa pr\u00f3pria comunh\u00e3o episcopal.<br \/>\nObtende-nos a gra\u00e7a<br \/>\nde vivermos fielmente dia a dia<br \/>\nas palavras que o vosso Filho Jesus nos ensinou<br \/>\ne que agora, n\u2019Ele e com Ele,<br \/>\ndirigimos a Deus nosso Pai.<\/p>\n<p>O Santo Padre e os Bispos:<\/p>\n<p>Pai Nosso que estais nos c\u00e9us,<br \/>\nsantificado seja o vosso Nome,<br \/>\nvenha a n\u00f3s o vosso Reino,<br \/>\nseja feita a vossa vontade,<br \/>\nassim na terra como no c\u00e9u.<\/p>\n<p>O p\u00e3o nosso de cada dia nos dai hoje,<br \/>\nperdoai-nos as nossas ofensas<br \/>\nassim como n\u00f3s perdoamos a que nos tem ofendido,<br \/>\ne n\u00e3o nos deixeis cair em tenta\u00e7\u00e3o,<br \/>\nmas livrai-nos do mal.<\/p>\n<p>O Santo Padre:<\/p>\n<p>\u00d3 Deus, que concedeis \u00e0 vossa Igreja<br \/>\nimitar a Bem-aventurada Virgem Maria<br \/>\nna contempla\u00e7\u00e3o da paix\u00e3o de Cristo,<br \/>\ndai-nos, por sua intercess\u00e3o, a gra\u00e7a<br \/>\nde nos configurarmos cada vez mais ao vosso Filho unig\u00e9nito<br \/>\ne chegar \u00e0 plenitude da vossa gra\u00e7a.<br \/>\nEle vive e reina pelos s\u00e9culos dos s\u00e9culos.<\/p>\n<p>R\/. Am\u00e9m<\/p>\n<p>O Santo Padre:<\/p>\n<p>Bendigamos ao Senhor<br \/>\nR\/. Gra\u00e7as a Deus.<\/p>\n<hr \/>\n<p><em>Fonte: Vatican News (texto de Mariangela Jaguraba)<\/em><\/p>\n","protected":false},"excerpt":{"rendered":"<p>Viagem Apost\u00f3lica do Papa Francisco<\/p>\n","protected":false},"author":3,"featured_media":234342,"comment_status":"open","ping_status":"open","sticky":false,"template":"","format":"standard","meta":[],"categories":[1428],"tags":[1901],"acf":[],"yoast_head":"<!-- This site is optimized with the Yoast SEO plugin v19.2 - https:\/\/yoast.com\/wordpress\/plugins\/seo\/ -->\n<title>Papa: a Virgem \u00e9 modelo da f\u00e9 do povo eslovaco, uma f\u00e9 que se p\u00f5e a caminho - Not\u00edcias - Franciscanos<\/title>\n<meta name=\"robots\" content=\"index, follow, max-snippet:-1, max-image-preview:large, max-video-preview:-1\" \/>\n<link rel=\"canonical\" href=\"https:\/\/franciscanos.org.br\/noticias\/papa-a-virgem-e-modelo-da-fe-do-povo-eslovaco-uma-fe-que-se-poe-a-caminho.html\" \/>\n<meta property=\"og:locale\" content=\"pt_BR\" \/>\n<meta property=\"og:type\" content=\"article\" \/>\n<meta property=\"og:title\" content=\"Papa: a Virgem \u00e9 modelo da f\u00e9 do povo eslovaco, uma f\u00e9 que se p\u00f5e a caminho - Not\u00edcias - Franciscanos\" \/>\n<meta property=\"og:description\" content=\"Viagem Apost\u00f3lica do Papa Francisco\" \/>\n<meta property=\"og:url\" content=\"https:\/\/franciscanos.org.br\/noticias\/papa-a-virgem-e-modelo-da-fe-do-povo-eslovaco-uma-fe-que-se-poe-a-caminho.html\" \/>\n<meta property=\"og:site_name\" content=\"Not\u00edcias - Franciscanos\" \/>\n<meta property=\"article:published_time\" content=\"2021-09-15T11:12:54+00:00\" \/>\n<meta property=\"og:image\" content=\"https:\/\/franciscanos.org.br\/noticias\/wp-content\/uploads\/2021\/09\/missa_150921D.jpg\" \/>\n\t<meta property=\"og:image:width\" content=\"800\" \/>\n\t<meta property=\"og:image:height\" content=\"550\" \/>\n\t<meta property=\"og:image:type\" content=\"image\/jpeg\" \/>\n<meta name=\"author\" content=\"moacir\" \/>\n<meta name=\"twitter:card\" content=\"summary_large_image\" \/>\n<meta name=\"twitter:label1\" content=\"Escrito por\" \/>\n\t<meta name=\"twitter:data1\" content=\"moacir\" \/>\n\t<meta name=\"twitter:label2\" content=\"Est. tempo de leitura\" \/>\n\t<meta name=\"twitter:data2\" content=\"7 minutos\" \/>\n<script type=\"application\/ld+json\" class=\"yoast-schema-graph\">{\"@context\":\"https:\/\/schema.org\",\"@graph\":[{\"@type\":\"WebSite\",\"@id\":\"https:\/\/franciscanos.org.br\/noticias\/#website\",\"url\":\"https:\/\/franciscanos.org.br\/noticias\/\",\"name\":\"Not\u00edcias - Franciscanos\",\"description\":\"Prov\u00edncia Franciscana da Imaculada Concei\u00e7\u00e3o do Brasil - Ordem dos Frades Menores - OFM\",\"potentialAction\":[{\"@type\":\"SearchAction\",\"target\":{\"@type\":\"EntryPoint\",\"urlTemplate\":\"https:\/\/franciscanos.org.br\/noticias\/?s={search_term_string}\"},\"query-input\":\"required name=search_term_string\"}],\"inLanguage\":\"pt-BR\"},{\"@type\":\"ImageObject\",\"inLanguage\":\"pt-BR\",\"@id\":\"https:\/\/franciscanos.org.br\/noticias\/papa-a-virgem-e-modelo-da-fe-do-povo-eslovaco-uma-fe-que-se-poe-a-caminho.html#primaryimage\",\"url\":\"https:\/\/franciscanos.org.br\/noticias\/wp-content\/uploads\/2021\/09\/missa_150921D.jpg\",\"contentUrl\":\"https:\/\/franciscanos.org.br\/noticias\/wp-content\/uploads\/2021\/09\/missa_150921D.jpg\",\"width\":800,\"height\":550},{\"@type\":\"WebPage\",\"@id\":\"https:\/\/franciscanos.org.br\/noticias\/papa-a-virgem-e-modelo-da-fe-do-povo-eslovaco-uma-fe-que-se-poe-a-caminho.html#webpage\",\"url\":\"https:\/\/franciscanos.org.br\/noticias\/papa-a-virgem-e-modelo-da-fe-do-povo-eslovaco-uma-fe-que-se-poe-a-caminho.html\",\"name\":\"Papa: a Virgem \u00e9 modelo da f\u00e9 do povo eslovaco, uma f\u00e9 que se p\u00f5e a caminho - Not\u00edcias - Franciscanos\",\"isPartOf\":{\"@id\":\"https:\/\/franciscanos.org.br\/noticias\/#website\"},\"primaryImageOfPage\":{\"@id\":\"https:\/\/franciscanos.org.br\/noticias\/papa-a-virgem-e-modelo-da-fe-do-povo-eslovaco-uma-fe-que-se-poe-a-caminho.html#primaryimage\"},\"datePublished\":\"2021-09-15T11:12:54+00:00\",\"dateModified\":\"2021-09-15T11:12:54+00:00\",\"author\":{\"@id\":\"https:\/\/franciscanos.org.br\/noticias\/#\/schema\/person\/b5c8cba458c330ccff548b056e95a5d4\"},\"breadcrumb\":{\"@id\":\"https:\/\/franciscanos.org.br\/noticias\/papa-a-virgem-e-modelo-da-fe-do-povo-eslovaco-uma-fe-que-se-poe-a-caminho.html#breadcrumb\"},\"inLanguage\":\"pt-BR\",\"potentialAction\":[{\"@type\":\"ReadAction\",\"target\":[\"https:\/\/franciscanos.org.br\/noticias\/papa-a-virgem-e-modelo-da-fe-do-povo-eslovaco-uma-fe-que-se-poe-a-caminho.html\"]}]},{\"@type\":\"BreadcrumbList\",\"@id\":\"https:\/\/franciscanos.org.br\/noticias\/papa-a-virgem-e-modelo-da-fe-do-povo-eslovaco-uma-fe-que-se-poe-a-caminho.html#breadcrumb\",\"itemListElement\":[{\"@type\":\"ListItem\",\"position\":1,\"name\":\"Home\",\"item\":\"https:\/\/franciscanos.org.br\/noticias\"},{\"@type\":\"ListItem\",\"position\":2,\"name\":\"Papa: a Virgem \u00e9 modelo da f\u00e9 do povo eslovaco, uma f\u00e9 que se p\u00f5e a caminho\"}]},{\"@type\":\"Person\",\"@id\":\"https:\/\/franciscanos.org.br\/noticias\/#\/schema\/person\/b5c8cba458c330ccff548b056e95a5d4\",\"name\":\"moacir\",\"image\":{\"@type\":\"ImageObject\",\"inLanguage\":\"pt-BR\",\"@id\":\"https:\/\/franciscanos.org.br\/noticias\/#\/schema\/person\/image\/\",\"url\":\"https:\/\/secure.gravatar.com\/avatar\/d08aa2ce4c8dd416d4479aa8536fcf64?s=96&d=mm&r=g\",\"contentUrl\":\"https:\/\/secure.gravatar.com\/avatar\/d08aa2ce4c8dd416d4479aa8536fcf64?s=96&d=mm&r=g\",\"caption\":\"moacir\"},\"url\":\"https:\/\/franciscanos.org.br\/noticias\/author\/moacir\"}]}<\/script>\n<!-- \/ Yoast SEO plugin. -->","yoast_head_json":{"title":"Papa: a Virgem \u00e9 modelo da f\u00e9 do povo eslovaco, uma f\u00e9 que se p\u00f5e a caminho - Not\u00edcias - Franciscanos","robots":{"index":"index","follow":"follow","max-snippet":"max-snippet:-1","max-image-preview":"max-image-preview:large","max-video-preview":"max-video-preview:-1"},"canonical":"https:\/\/franciscanos.org.br\/noticias\/papa-a-virgem-e-modelo-da-fe-do-povo-eslovaco-uma-fe-que-se-poe-a-caminho.html","og_locale":"pt_BR","og_type":"article","og_title":"Papa: a Virgem \u00e9 modelo da f\u00e9 do povo eslovaco, uma f\u00e9 que se p\u00f5e a caminho - Not\u00edcias - Franciscanos","og_description":"Viagem Apost\u00f3lica do Papa Francisco","og_url":"https:\/\/franciscanos.org.br\/noticias\/papa-a-virgem-e-modelo-da-fe-do-povo-eslovaco-uma-fe-que-se-poe-a-caminho.html","og_site_name":"Not\u00edcias - Franciscanos","article_published_time":"2021-09-15T11:12:54+00:00","og_image":[{"width":800,"height":550,"url":"https:\/\/franciscanos.org.br\/noticias\/wp-content\/uploads\/2021\/09\/missa_150921D.jpg","type":"image\/jpeg"}],"author":"moacir","twitter_card":"summary_large_image","twitter_misc":{"Escrito por":"moacir","Est. tempo de leitura":"7 minutos"},"schema":{"@context":"https:\/\/schema.org","@graph":[{"@type":"WebSite","@id":"https:\/\/franciscanos.org.br\/noticias\/#website","url":"https:\/\/franciscanos.org.br\/noticias\/","name":"Not\u00edcias - Franciscanos","description":"Prov\u00edncia Franciscana da Imaculada Concei\u00e7\u00e3o do Brasil - Ordem dos Frades Menores - OFM","potentialAction":[{"@type":"SearchAction","target":{"@type":"EntryPoint","urlTemplate":"https:\/\/franciscanos.org.br\/noticias\/?s={search_term_string}"},"query-input":"required name=search_term_string"}],"inLanguage":"pt-BR"},{"@type":"ImageObject","inLanguage":"pt-BR","@id":"https:\/\/franciscanos.org.br\/noticias\/papa-a-virgem-e-modelo-da-fe-do-povo-eslovaco-uma-fe-que-se-poe-a-caminho.html#primaryimage","url":"https:\/\/franciscanos.org.br\/noticias\/wp-content\/uploads\/2021\/09\/missa_150921D.jpg","contentUrl":"https:\/\/franciscanos.org.br\/noticias\/wp-content\/uploads\/2021\/09\/missa_150921D.jpg","width":800,"height":550},{"@type":"WebPage","@id":"https:\/\/franciscanos.org.br\/noticias\/papa-a-virgem-e-modelo-da-fe-do-povo-eslovaco-uma-fe-que-se-poe-a-caminho.html#webpage","url":"https:\/\/franciscanos.org.br\/noticias\/papa-a-virgem-e-modelo-da-fe-do-povo-eslovaco-uma-fe-que-se-poe-a-caminho.html","name":"Papa: a Virgem \u00e9 modelo da f\u00e9 do povo eslovaco, uma f\u00e9 que se p\u00f5e a caminho - Not\u00edcias - Franciscanos","isPartOf":{"@id":"https:\/\/franciscanos.org.br\/noticias\/#website"},"primaryImageOfPage":{"@id":"https:\/\/franciscanos.org.br\/noticias\/papa-a-virgem-e-modelo-da-fe-do-povo-eslovaco-uma-fe-que-se-poe-a-caminho.html#primaryimage"},"datePublished":"2021-09-15T11:12:54+00:00","dateModified":"2021-09-15T11:12:54+00:00","author":{"@id":"https:\/\/franciscanos.org.br\/noticias\/#\/schema\/person\/b5c8cba458c330ccff548b056e95a5d4"},"breadcrumb":{"@id":"https:\/\/franciscanos.org.br\/noticias\/papa-a-virgem-e-modelo-da-fe-do-povo-eslovaco-uma-fe-que-se-poe-a-caminho.html#breadcrumb"},"inLanguage":"pt-BR","potentialAction":[{"@type":"ReadAction","target":["https:\/\/franciscanos.org.br\/noticias\/papa-a-virgem-e-modelo-da-fe-do-povo-eslovaco-uma-fe-que-se-poe-a-caminho.html"]}]},{"@type":"BreadcrumbList","@id":"https:\/\/franciscanos.org.br\/noticias\/papa-a-virgem-e-modelo-da-fe-do-povo-eslovaco-uma-fe-que-se-poe-a-caminho.html#breadcrumb","itemListElement":[{"@type":"ListItem","position":1,"name":"Home","item":"https:\/\/franciscanos.org.br\/noticias"},{"@type":"ListItem","position":2,"name":"Papa: a Virgem \u00e9 modelo da f\u00e9 do povo eslovaco, uma f\u00e9 que se p\u00f5e a caminho"}]},{"@type":"Person","@id":"https:\/\/franciscanos.org.br\/noticias\/#\/schema\/person\/b5c8cba458c330ccff548b056e95a5d4","name":"moacir","image":{"@type":"ImageObject","inLanguage":"pt-BR","@id":"https:\/\/franciscanos.org.br\/noticias\/#\/schema\/person\/image\/","url":"https:\/\/secure.gravatar.com\/avatar\/d08aa2ce4c8dd416d4479aa8536fcf64?s=96&d=mm&r=g","contentUrl":"https:\/\/secure.gravatar.com\/avatar\/d08aa2ce4c8dd416d4479aa8536fcf64?s=96&d=mm&r=g","caption":"moacir"},"url":"https:\/\/franciscanos.org.br\/noticias\/author\/moacir"}]}},"_links":{"self":[{"href":"https:\/\/franciscanos.org.br\/noticias\/wp-json\/wp\/v2\/posts\/234340"}],"collection":[{"href":"https:\/\/franciscanos.org.br\/noticias\/wp-json\/wp\/v2\/posts"}],"about":[{"href":"https:\/\/franciscanos.org.br\/noticias\/wp-json\/wp\/v2\/types\/post"}],"author":[{"embeddable":true,"href":"https:\/\/franciscanos.org.br\/noticias\/wp-json\/wp\/v2\/users\/3"}],"replies":[{"embeddable":true,"href":"https:\/\/franciscanos.org.br\/noticias\/wp-json\/wp\/v2\/comments?post=234340"}],"version-history":[{"count":1,"href":"https:\/\/franciscanos.org.br\/noticias\/wp-json\/wp\/v2\/posts\/234340\/revisions"}],"predecessor-version":[{"id":234343,"href":"https:\/\/franciscanos.org.br\/noticias\/wp-json\/wp\/v2\/posts\/234340\/revisions\/234343"}],"wp:featuredmedia":[{"embeddable":true,"href":"https:\/\/franciscanos.org.br\/noticias\/wp-json\/wp\/v2\/media\/234342"}],"wp:attachment":[{"href":"https:\/\/franciscanos.org.br\/noticias\/wp-json\/wp\/v2\/media?parent=234340"}],"wp:term":[{"taxonomy":"category","embeddable":true,"href":"https:\/\/franciscanos.org.br\/noticias\/wp-json\/wp\/v2\/categories?post=234340"},{"taxonomy":"post_tag","embeddable":true,"href":"https:\/\/franciscanos.org.br\/noticias\/wp-json\/wp\/v2\/tags?post=234340"}],"curies":[{"name":"wp","href":"https:\/\/api.w.org\/{rel}","templated":true}]}}