{"id":234313,"date":"2021-09-14T07:20:42","date_gmt":"2021-09-14T10:20:42","guid":{"rendered":"https:\/\/franciscanos.org.br\/noticias\/?p=234313"},"modified":"2021-09-14T07:22:04","modified_gmt":"2021-09-14T10:22:04","slug":"viagemeslovaquia","status":"publish","type":"post","link":"https:\/\/franciscanos.org.br\/noticias\/viagemeslovaquia.html","title":{"rendered":"Papa: um cristianismo sem cruz \u00e9 mundano e torna-se est\u00e9ril"},"content":{"rendered":"<div id=\"attachment_234314\" style=\"width: 1010px\" class=\"wp-caption alignnone\"><img aria-describedby=\"caption-attachment-234314\" loading=\"lazy\" class=\"wp-image-234314 size-full\" src=\"https:\/\/franciscanos.org.br\/noticias\/wp-content\/uploads\/2021\/09\/eslovaquia_missa_140921.jpg\" alt=\"\" width=\"1000\" height=\"563\" srcset=\"https:\/\/franciscanos.org.br\/noticias\/wp-content\/uploads\/2021\/09\/eslovaquia_missa_140921.jpg 1000w, https:\/\/franciscanos.org.br\/noticias\/wp-content\/uploads\/2021\/09\/eslovaquia_missa_140921-450x253.jpg 450w, https:\/\/franciscanos.org.br\/noticias\/wp-content\/uploads\/2021\/09\/eslovaquia_missa_140921-768x432.jpg 768w, https:\/\/franciscanos.org.br\/noticias\/wp-content\/uploads\/2021\/09\/eslovaquia_missa_140921-150x84.jpg 150w\" sizes=\"(max-width: 1000px) 100vw, 1000px\" \/><p id=\"caption-attachment-234314\" class=\"wp-caption-text\"><em>\u00a0 \u00a0 \u00a0 \u00a0 \u00a0 \u00a0 \u00a0 \u00a0 \u00a0 \u00a0 \u00a0 \u00a0 \u00a0 \u00a0 \u00a0 \u00a0 \u00a0 \u00a0 \u00a0 \u00a0 \u00a0 \u00a0 \u00a0 \u00a0 \u00a0 \u00a0 \u00a0 \u00a0 \u00a0 \u00a0 \u00a0 \u00a0 \u00a0 \u00a0 \u00a0 \u00a0 \u00a0 \u00a0 \u00a0 \u00a0 \u00a0 \u00a0 \u00a0 \u00a0 \u00a0 \u00a0 \u00a0 \u00a0 \u00a0 \u00a0 \u00a0 \u00a0 \u00a0 \u00a0 \u00a0 \u00a0 \u00a0 \u00a0 \u00a0 \u00a0 \u00a0 \u00a0 \u00a0 \u00a0 \u00a0 \u00a0 \u00a0 \u00a0 \u00a0 \u00a0 \u00a0 \u00a0 \u00a0 \u00a0 \u00a0 \u00a0 \u00a0Imagem: Vatican Media<\/em><\/p><\/div>\n<p>No campo esportivo de Pre\u0161ov, o Papa Francisco viveu um dos momentos mais significativos de sua viagem \u00e0 Eslov\u00e1quia ao presidir a Divina Liturgia Bizantina de S\u00e3o Jo\u00e3o Cris\u00f3stomo. No dia em que a Igreja celebra a Exalta\u00e7\u00e3o da Santa Cruz, toda a homilia do Pont\u00edfice foi voltada a meditar o \u201cesc\u00e2ndalo\u201d e a \u201cloucura\u201d da morte de Jesus.<\/p>\n<p>\u201cA cruz era instrumento de morte, e contudo dela veio a vida\u201d, disse o Papa. Por isso, o santo povo de Deus a venera. Aos olhos do mundo, a cruz \u00e9 um fracasso. Quantas vezes, disse Francisco, \u201caspiramos a um cristianismo de vencedores, a um cristianismo triunfalista, que tenha relev\u00e2ncia e import\u00e2ncia, receba gl\u00f3ria e honra. Mas um cristianismo sem cruz \u00e9 mundano, e torna-se est\u00e9ril\u201d.<\/p>\n<p>Deus, prosseguiu, escolheu o caminho mais dif\u00edcil: a cruz. Para que n\u00e3o houvesse na terra ningu\u00e9m t\u00e3o desesperado que n\u00e3o conseguisse encontr\u00e1-Lo, at\u00e9 mesmo na ang\u00fastia, na escurid\u00e3o, no abandono, no esc\u00e2ndalo da sua mis\u00e9ria e dos pr\u00f3prios erros.<\/p>\n<p>Alguns santos, acrescentou o Papa, ensinaram que a cruz \u00e9 como um livro que, para o conhecer, \u00e9 preciso abri-lo e ler. Significa deter o olhar sobre Crucificado, deixar-se impressionar pelas suas chagas, se comover e chorar diante de Deus ferido de amor por n\u00f3s.<\/p>\n<p>\u201cSe n\u00e3o fizermos assim, a cruz permanece um livro n\u00e3o lido, cujo t\u00edtulo e autor s\u00e3o bem conhecidos, mas que n\u00e3o influencia a vida. N\u00e3o reduzamos a cruz a um objeto de devo\u00e7\u00e3o, e menos ainda a um s\u00edmbolo pol\u00edtico, a um sinal de relev\u00e2ncia religiosa e social\u201d, recomendou o Papa.<\/p>\n<p>Da contempla\u00e7\u00e3o do Crucifixo, ensinou Francisco, prov\u00e9m o segundo passo: dar testemunho. E s\u00e3o muitos os que sofreram e morreram na Eslov\u00e1quia por causa do nome de Jesus! Hoje o pa\u00eds est\u00e1 livre da persegui\u00e7\u00e3o, mas sofre a amea\u00e7a do mundanismo e da mediocridade.<\/p>\n<p>\u201cA cruz n\u00e3o quer ser uma bandeira elevada ao alto, mas a fonte pura de uma maneira nova de viver. Qual? A do Evangelho, a das Bem-aventuran\u00e7as.\u201d<\/p>\n<p>N\u00e3o s\u00f3 santos e m\u00e1rtires foram testemunhas, mas tamb\u00e9m pessoas humildes e simples, que deram a vida amando at\u00e9 ao fim.\u00a0\u201cS\u00e3o os nossos her\u00f3is, os her\u00f3is da vida quotidiana; e s\u00e3o as suas vidas que mudam a hist\u00f3ria\u201d, disse ainda o Papa, que concluiu:\u00a0\u201c\u00c9 assim que a f\u00e9 se espalha: com a sabedoria da cruz e n\u00e3o com o poder do mundo; com o testemunho e n\u00e3o com as estruturas. E hoje, a partir do sil\u00eancio vibrante da cruz, o Senhor pergunta tamb\u00e9m a voc\u00ea: \u00abQuer ser minha testemunha?\u00bb\u201d<\/p>\n<hr \/>\n<h3>\u00cdNTEGRA DA HOMILIA DO SANTO PADRE<\/h3>\n<p><em>Divina Liturgia Bizantina de S\u00e3o Jo\u00e3o Cris\u00f3stomo, presidida pelo Santo Padre<\/em><\/p>\n<p><em>(Pre\u0161ov \u2013 Mestsk\u00e1 Sportov\u00e1 hala de Pre\u0161ov, 14 de setembro de 2021)<\/em><\/p>\n<p>\u00abN\u00f3s \u2013 declara S\u00e3o Paulo \u2013 pregamos Cristo crucificado (&#8230;), poder e sabedoria de Deus\u00bb. Entretanto o Ap\u00f3stolo n\u00e3o esconde que a cruz, aos olhos da sabedoria humana, aparece diversa: \u00e9 \u00abesc\u00e2ndalo\u00bb, \u00abloucura\u00bb (1 Cor 1, 23-24). A cruz era instrumento de morte, e contudo dela veio a vida; era algo que ningu\u00e9m queria contemplar, e todavia revelou-nos a beleza do amor de Deus. Por isso, o santo povo de Deus a venera; e a Liturgia celebra-a na festa de hoje. O Evangelho de S\u00e3o Jo\u00e3o toma-nos pela m\u00e3o e ajuda-nos a entrar neste mist\u00e9rio. Na realidade, o evangelista encontrava-se l\u00e1 junto da cruz. Contempla Jesus, j\u00e1 morto, suspenso no madeiro, e escreve: \u00abAquele que viu estas coisas \u00e9 que d\u00e1 testemunho delas\u00bb (Jo 19, 35). S\u00e3o Jo\u00e3o v\u00ea e d\u00e1 testemunho.<\/p>\n<p>Em primeiro lugar, temos o ver. Mas, junto da cruz, que viu Jo\u00e3o? Certamente aquilo que viram os outros: Jesus, inocente e bom, morre brutalmente entre dois malfeitores. Uma de tantas injusti\u00e7as, um dos in\u00fameros sacrif\u00edcios cruentos que n\u00e3o mudam a hist\u00f3ria, mais uma prova de que o curso das vicissitudes no mundo n\u00e3o muda: os bons s\u00e3o eliminados, enquanto os malvados vencem e prosperam. Aos olhos do mundo, a cruz \u00e9 um fracasso. E tamb\u00e9m n\u00f3s corremos o risco de nos deter neste primeiro olhar superficial, de n\u00e3o aceitar a l\u00f3gica da cruz; n\u00e3o aceitar que Deus nos salve, deixando que se desencadeie sobre Ele o mal do mundo. N\u00e3o aceitar sen\u00e3o em palavras o Deus fr\u00e1gil e crucificado, para depois sonhar com um deus forte e triunfante. \u00c9 uma grande tenta\u00e7\u00e3o. Quantas vezes aspiramos a um cristianismo de vencedores, a um cristianismo triunfalista, que tenha relev\u00e2ncia e import\u00e2ncia, receba gl\u00f3ria e honra. Mas um cristianismo sem cruz \u00e9 mundano, e torna-se est\u00e9ril.<\/p>\n<p>Ao contr\u00e1rio, S\u00e3o Jo\u00e3o viu na cruz a obra de Deus. Reconheceu em Cristo crucificado a gl\u00f3ria de Deus. Viu que Ele, apesar das apar\u00eancias, n\u00e3o \u00e9 um perdedor, mas \u00e9 Deus que voluntariamente Se oferece por cada homem. Por que motivo o fez? Teria podido poupar a sua vida, teria podido manter-se \u00e0 dist\u00e2ncia da nossa hist\u00f3ria mais miser\u00e1vel e crua. Em vez disso, quis entrar dentro dela, mergulhar nela. Para isso escolheu o caminho mais dif\u00edcil: a cruz. Para que n\u00e3o houvesse na terra ningu\u00e9m t\u00e3o desesperado que n\u00e3o conseguisse encontr\u00e1-Lo, at\u00e9 mesmo na ang\u00fastia, na escurid\u00e3o, no abandono, no esc\u00e2ndalo da sua mis\u00e9ria e dos pr\u00f3prios erros. At\u00e9 mesmo onde se pensa que Deus n\u00e3o pode estar, Ele chegou. Para salvar quem est\u00e1 desesperado, quis experimentar o desespero, para assumir o nosso desconforto mais amargo, clamou na cruz: \u00abMeu Deus, meu Deus, por que me abandonaste?\u00bb (Mt 27, 46; Sal 22, 2). Um grito que salva. Salva, porque Deus assumiu at\u00e9 mesmo o nosso abandono. E agora, com Ele, n\u00e3o mais estamos sozinhos, jamais.<\/p>\n<p>Como podemos aprender a ver a gl\u00f3ria na cruz? Alguns santos ensinaram que a cruz \u00e9 como um livro que, para o conhecer, \u00e9 preciso abri-lo e ler. N\u00e3o basta comprar um livro, dar-lhe uma vista de olhos e exp\u00f4-lo em casa. O mesmo vale para a cruz: est\u00e1 pintada ou esculpida em cada canto das nossas igrejas. Incont\u00e1veis s\u00e3o os crucifixos: ao pesco\u00e7o, em casa, no carro, no bolso. Mas isso de nada nos aproveita, se n\u00e3o nos detivermos a olhar o Crucificado e n\u00e3o Lhe abrirmos o cora\u00e7\u00e3o, se n\u00e3o nos deixarmos impressionar pelas suas chagas abertas por n\u00f3s, se o cora\u00e7\u00e3o n\u00e3o se comover e chorarmos diante de Deus ferido de amor por n\u00f3s. Se n\u00e3o fizermos assim, a cruz permanece um livro n\u00e3o lido, cujo t\u00edtulo e autor s\u00e3o bem conhecidos, mas que n\u00e3o influencia a vida. N\u00e3o reduzamos a cruz a um objeto de devo\u00e7\u00e3o, e menos ainda a um s\u00edmbolo pol\u00edtico, a um sinal de relev\u00e2ncia religiosa e social.<\/p>\n<p>Da contempla\u00e7\u00e3o do Crucifixo, prov\u00e9m o segundo passo: dar testemunho. Se mergulharmos o olhar em Jesus, o seu rosto come\u00e7a a refletir-se no nosso: os seus tra\u00e7os tornam-se os nossos, o amor de Cristo conquista-nos e transforma-nos. Penso nos m\u00e1rtires que deram testemunho do amor de Cristo nesta na\u00e7\u00e3o em tempos muito dif\u00edceis, quando tudo aconselhava a ficar calado, p\u00f4r-se a seguro, n\u00e3o professar a f\u00e9. Mas n\u00e3o podiam, n\u00e3o podiam deixar de testemunhar. Quantas pessoas generosas sofreram e morreram aqui, na Eslov\u00e1quia, por causa do nome de Jesus! Um testemunho prestado por amor \u00c0quele que tinham contemplado longamente, at\u00e9 ao ponto de se assemelharem a Ele, inclusive na morte.<\/p>\n<p>Mas penso tamb\u00e9m nos nossos tempos, em que n\u00e3o faltam ocasi\u00f5es para dar testemunho. Gra\u00e7as a Deus, aqui n\u00e3o h\u00e1 quem persiga os crist\u00e3os como em tantas outras partes do mundo. Mas o testemunho pode ser contaminado pelo mundanismo e a mediocridade; ao passo que a cruz exige um testemunho claro. Pois a cruz n\u00e3o quer ser uma bandeira elevada ao alto, mas a fonte pura duma maneira nova de viver. Qual modo? A do Evangelho, a das Bem-aventuran\u00e7as. A testemunha que tem a cruz no cora\u00e7\u00e3o, e n\u00e3o apenas ao pesco\u00e7o, n\u00e3o v\u00ea ningu\u00e9m como inimigo, mas v\u00ea a todos como irm\u00e3os e irm\u00e3s por quem Jesus deu a vida. A testemunha da cruz n\u00e3o recorda as injusti\u00e7as do passado nem se lamenta do presente. A testemunha da cruz n\u00e3o usa as vias do engano e do poder mundano: n\u00e3o quer impor-se a si mesmo e os seus, mas dar a sua vida pelos outros. N\u00e3o busca o pr\u00f3prio proveito, e logo se mostra piedoso: seria uma religi\u00e3o da duplicidade, n\u00e3o o testemunho do Deus crucificado. A testemunha da cruz segue uma \u00fanica estrat\u00e9gia que \u00e9 a do Mestre: o amor humilde. N\u00e3o espera triunfos aqui na terra, porque sabe que o amor de Cristo \u00e9 fecundo na vida quotidiana, fazendo novas todas as coisas mas a partir de dentro, como uma semente ca\u00edda na terra, que morre e d\u00e1 fruto.<\/p>\n<p>Queridos irm\u00e3os e irm\u00e3s, v\u00f3s vistes testemunhas. Conservai grata mem\u00f3ria das pessoas que vos amamentaram e fizeram crescer na f\u00e9: pessoas humildes e simples, que deram a vida amando at\u00e9 ao fim. S\u00e3o os nossos her\u00f3is, os her\u00f3is da vida quotidiana; e s\u00e3o as suas vidas que mudam a hist\u00f3ria. As testemunhas geram outras testemunhas, porque s\u00e3o dadoras de vida. \u00c9 assim que a f\u00e9 se espalha: com a sabedoria da cruz e n\u00e3o com o poder do mundo; com o testemunho e n\u00e3o com as estruturas. E hoje, a partir do sil\u00eancio vibrante da cruz, o Senhor pergunta a todos n\u00f3s e pergunta tamb\u00e9m a ti, a ti, a ti, a mim: \u00abQueres ser minha testemunha?\u00bb<\/p>\n<p>Com Jo\u00e3o, no Calv\u00e1rio, estava a Santa M\u00e3e de Deus. Ningu\u00e9m como Ela viu o livro da cruz aberto e o testemunhou como amor humilde. Por sua intercess\u00e3o, pe\u00e7amos a gra\u00e7a de converter o olhar do cora\u00e7\u00e3o ao Crucificado. Ent\u00e3o a nossa f\u00e9 poder\u00e1 florescer em plenitude, ent\u00e3o amadurecer\u00e3o os frutos do nosso testemunho.<\/p>\n<hr \/>\n<p><em>Fonte: Vatican News<\/em><\/p>\n","protected":false},"excerpt":{"rendered":"<p>Viagem Apost\u00f3lica do Papa Francisco<\/p>\n","protected":false},"author":3,"featured_media":234314,"comment_status":"open","ping_status":"open","sticky":false,"template":"","format":"standard","meta":[],"categories":[1428],"tags":[1901],"acf":[],"yoast_head":"<!-- This site is optimized with the Yoast SEO plugin v19.2 - https:\/\/yoast.com\/wordpress\/plugins\/seo\/ -->\n<title>Papa: um cristianismo sem cruz \u00e9 mundano e torna-se est\u00e9ril - Not\u00edcias - Franciscanos<\/title>\n<meta name=\"robots\" content=\"index, follow, max-snippet:-1, max-image-preview:large, max-video-preview:-1\" \/>\n<link rel=\"canonical\" href=\"https:\/\/franciscanos.org.br\/noticias\/viagemeslovaquia.html\" \/>\n<meta property=\"og:locale\" content=\"pt_BR\" \/>\n<meta property=\"og:type\" content=\"article\" \/>\n<meta property=\"og:title\" content=\"Papa: um cristianismo sem cruz \u00e9 mundano e torna-se est\u00e9ril - Not\u00edcias - Franciscanos\" \/>\n<meta property=\"og:description\" content=\"Viagem Apost\u00f3lica do Papa Francisco\" \/>\n<meta property=\"og:url\" content=\"https:\/\/franciscanos.org.br\/noticias\/viagemeslovaquia.html\" \/>\n<meta property=\"og:site_name\" content=\"Not\u00edcias - Franciscanos\" \/>\n<meta property=\"article:published_time\" content=\"2021-09-14T10:20:42+00:00\" \/>\n<meta property=\"article:modified_time\" content=\"2021-09-14T10:22:04+00:00\" \/>\n<meta property=\"og:image\" content=\"https:\/\/franciscanos.org.br\/noticias\/wp-content\/uploads\/2021\/09\/eslovaquia_missa_140921.jpg\" \/>\n\t<meta property=\"og:image:width\" content=\"1000\" \/>\n\t<meta property=\"og:image:height\" content=\"563\" \/>\n\t<meta property=\"og:image:type\" content=\"image\/jpeg\" \/>\n<meta name=\"author\" content=\"moacir\" \/>\n<meta name=\"twitter:card\" content=\"summary_large_image\" \/>\n<meta name=\"twitter:label1\" content=\"Escrito por\" \/>\n\t<meta name=\"twitter:data1\" content=\"moacir\" \/>\n\t<meta name=\"twitter:label2\" content=\"Est. tempo de leitura\" \/>\n\t<meta name=\"twitter:data2\" content=\"9 minutos\" \/>\n<script type=\"application\/ld+json\" class=\"yoast-schema-graph\">{\"@context\":\"https:\/\/schema.org\",\"@graph\":[{\"@type\":\"WebSite\",\"@id\":\"https:\/\/franciscanos.org.br\/noticias\/#website\",\"url\":\"https:\/\/franciscanos.org.br\/noticias\/\",\"name\":\"Not\u00edcias - Franciscanos\",\"description\":\"Prov\u00edncia Franciscana da Imaculada Concei\u00e7\u00e3o do Brasil - Ordem dos Frades Menores - OFM\",\"potentialAction\":[{\"@type\":\"SearchAction\",\"target\":{\"@type\":\"EntryPoint\",\"urlTemplate\":\"https:\/\/franciscanos.org.br\/noticias\/?s={search_term_string}\"},\"query-input\":\"required name=search_term_string\"}],\"inLanguage\":\"pt-BR\"},{\"@type\":\"ImageObject\",\"inLanguage\":\"pt-BR\",\"@id\":\"https:\/\/franciscanos.org.br\/noticias\/viagemeslovaquia.html#primaryimage\",\"url\":\"https:\/\/franciscanos.org.br\/noticias\/wp-content\/uploads\/2021\/09\/eslovaquia_missa_140921.jpg\",\"contentUrl\":\"https:\/\/franciscanos.org.br\/noticias\/wp-content\/uploads\/2021\/09\/eslovaquia_missa_140921.jpg\",\"width\":1000,\"height\":563},{\"@type\":\"WebPage\",\"@id\":\"https:\/\/franciscanos.org.br\/noticias\/viagemeslovaquia.html#webpage\",\"url\":\"https:\/\/franciscanos.org.br\/noticias\/viagemeslovaquia.html\",\"name\":\"Papa: um cristianismo sem cruz \u00e9 mundano e torna-se est\u00e9ril - Not\u00edcias - Franciscanos\",\"isPartOf\":{\"@id\":\"https:\/\/franciscanos.org.br\/noticias\/#website\"},\"primaryImageOfPage\":{\"@id\":\"https:\/\/franciscanos.org.br\/noticias\/viagemeslovaquia.html#primaryimage\"},\"datePublished\":\"2021-09-14T10:20:42+00:00\",\"dateModified\":\"2021-09-14T10:22:04+00:00\",\"author\":{\"@id\":\"https:\/\/franciscanos.org.br\/noticias\/#\/schema\/person\/b5c8cba458c330ccff548b056e95a5d4\"},\"breadcrumb\":{\"@id\":\"https:\/\/franciscanos.org.br\/noticias\/viagemeslovaquia.html#breadcrumb\"},\"inLanguage\":\"pt-BR\",\"potentialAction\":[{\"@type\":\"ReadAction\",\"target\":[\"https:\/\/franciscanos.org.br\/noticias\/viagemeslovaquia.html\"]}]},{\"@type\":\"BreadcrumbList\",\"@id\":\"https:\/\/franciscanos.org.br\/noticias\/viagemeslovaquia.html#breadcrumb\",\"itemListElement\":[{\"@type\":\"ListItem\",\"position\":1,\"name\":\"Home\",\"item\":\"https:\/\/franciscanos.org.br\/noticias\"},{\"@type\":\"ListItem\",\"position\":2,\"name\":\"Papa: um cristianismo sem cruz \u00e9 mundano e torna-se est\u00e9ril\"}]},{\"@type\":\"Person\",\"@id\":\"https:\/\/franciscanos.org.br\/noticias\/#\/schema\/person\/b5c8cba458c330ccff548b056e95a5d4\",\"name\":\"moacir\",\"image\":{\"@type\":\"ImageObject\",\"inLanguage\":\"pt-BR\",\"@id\":\"https:\/\/franciscanos.org.br\/noticias\/#\/schema\/person\/image\/\",\"url\":\"https:\/\/secure.gravatar.com\/avatar\/d08aa2ce4c8dd416d4479aa8536fcf64?s=96&d=mm&r=g\",\"contentUrl\":\"https:\/\/secure.gravatar.com\/avatar\/d08aa2ce4c8dd416d4479aa8536fcf64?s=96&d=mm&r=g\",\"caption\":\"moacir\"},\"url\":\"https:\/\/franciscanos.org.br\/noticias\/author\/moacir\"}]}<\/script>\n<!-- \/ Yoast SEO plugin. -->","yoast_head_json":{"title":"Papa: um cristianismo sem cruz \u00e9 mundano e torna-se est\u00e9ril - Not\u00edcias - Franciscanos","robots":{"index":"index","follow":"follow","max-snippet":"max-snippet:-1","max-image-preview":"max-image-preview:large","max-video-preview":"max-video-preview:-1"},"canonical":"https:\/\/franciscanos.org.br\/noticias\/viagemeslovaquia.html","og_locale":"pt_BR","og_type":"article","og_title":"Papa: um cristianismo sem cruz \u00e9 mundano e torna-se est\u00e9ril - Not\u00edcias - Franciscanos","og_description":"Viagem Apost\u00f3lica do Papa Francisco","og_url":"https:\/\/franciscanos.org.br\/noticias\/viagemeslovaquia.html","og_site_name":"Not\u00edcias - Franciscanos","article_published_time":"2021-09-14T10:20:42+00:00","article_modified_time":"2021-09-14T10:22:04+00:00","og_image":[{"width":1000,"height":563,"url":"https:\/\/franciscanos.org.br\/noticias\/wp-content\/uploads\/2021\/09\/eslovaquia_missa_140921.jpg","type":"image\/jpeg"}],"author":"moacir","twitter_card":"summary_large_image","twitter_misc":{"Escrito por":"moacir","Est. tempo de leitura":"9 minutos"},"schema":{"@context":"https:\/\/schema.org","@graph":[{"@type":"WebSite","@id":"https:\/\/franciscanos.org.br\/noticias\/#website","url":"https:\/\/franciscanos.org.br\/noticias\/","name":"Not\u00edcias - Franciscanos","description":"Prov\u00edncia Franciscana da Imaculada Concei\u00e7\u00e3o do Brasil - Ordem dos Frades Menores - OFM","potentialAction":[{"@type":"SearchAction","target":{"@type":"EntryPoint","urlTemplate":"https:\/\/franciscanos.org.br\/noticias\/?s={search_term_string}"},"query-input":"required name=search_term_string"}],"inLanguage":"pt-BR"},{"@type":"ImageObject","inLanguage":"pt-BR","@id":"https:\/\/franciscanos.org.br\/noticias\/viagemeslovaquia.html#primaryimage","url":"https:\/\/franciscanos.org.br\/noticias\/wp-content\/uploads\/2021\/09\/eslovaquia_missa_140921.jpg","contentUrl":"https:\/\/franciscanos.org.br\/noticias\/wp-content\/uploads\/2021\/09\/eslovaquia_missa_140921.jpg","width":1000,"height":563},{"@type":"WebPage","@id":"https:\/\/franciscanos.org.br\/noticias\/viagemeslovaquia.html#webpage","url":"https:\/\/franciscanos.org.br\/noticias\/viagemeslovaquia.html","name":"Papa: um cristianismo sem cruz \u00e9 mundano e torna-se est\u00e9ril - Not\u00edcias - Franciscanos","isPartOf":{"@id":"https:\/\/franciscanos.org.br\/noticias\/#website"},"primaryImageOfPage":{"@id":"https:\/\/franciscanos.org.br\/noticias\/viagemeslovaquia.html#primaryimage"},"datePublished":"2021-09-14T10:20:42+00:00","dateModified":"2021-09-14T10:22:04+00:00","author":{"@id":"https:\/\/franciscanos.org.br\/noticias\/#\/schema\/person\/b5c8cba458c330ccff548b056e95a5d4"},"breadcrumb":{"@id":"https:\/\/franciscanos.org.br\/noticias\/viagemeslovaquia.html#breadcrumb"},"inLanguage":"pt-BR","potentialAction":[{"@type":"ReadAction","target":["https:\/\/franciscanos.org.br\/noticias\/viagemeslovaquia.html"]}]},{"@type":"BreadcrumbList","@id":"https:\/\/franciscanos.org.br\/noticias\/viagemeslovaquia.html#breadcrumb","itemListElement":[{"@type":"ListItem","position":1,"name":"Home","item":"https:\/\/franciscanos.org.br\/noticias"},{"@type":"ListItem","position":2,"name":"Papa: um cristianismo sem cruz \u00e9 mundano e torna-se est\u00e9ril"}]},{"@type":"Person","@id":"https:\/\/franciscanos.org.br\/noticias\/#\/schema\/person\/b5c8cba458c330ccff548b056e95a5d4","name":"moacir","image":{"@type":"ImageObject","inLanguage":"pt-BR","@id":"https:\/\/franciscanos.org.br\/noticias\/#\/schema\/person\/image\/","url":"https:\/\/secure.gravatar.com\/avatar\/d08aa2ce4c8dd416d4479aa8536fcf64?s=96&d=mm&r=g","contentUrl":"https:\/\/secure.gravatar.com\/avatar\/d08aa2ce4c8dd416d4479aa8536fcf64?s=96&d=mm&r=g","caption":"moacir"},"url":"https:\/\/franciscanos.org.br\/noticias\/author\/moacir"}]}},"_links":{"self":[{"href":"https:\/\/franciscanos.org.br\/noticias\/wp-json\/wp\/v2\/posts\/234313"}],"collection":[{"href":"https:\/\/franciscanos.org.br\/noticias\/wp-json\/wp\/v2\/posts"}],"about":[{"href":"https:\/\/franciscanos.org.br\/noticias\/wp-json\/wp\/v2\/types\/post"}],"author":[{"embeddable":true,"href":"https:\/\/franciscanos.org.br\/noticias\/wp-json\/wp\/v2\/users\/3"}],"replies":[{"embeddable":true,"href":"https:\/\/franciscanos.org.br\/noticias\/wp-json\/wp\/v2\/comments?post=234313"}],"version-history":[{"count":3,"href":"https:\/\/franciscanos.org.br\/noticias\/wp-json\/wp\/v2\/posts\/234313\/revisions"}],"predecessor-version":[{"id":234317,"href":"https:\/\/franciscanos.org.br\/noticias\/wp-json\/wp\/v2\/posts\/234313\/revisions\/234317"}],"wp:featuredmedia":[{"embeddable":true,"href":"https:\/\/franciscanos.org.br\/noticias\/wp-json\/wp\/v2\/media\/234314"}],"wp:attachment":[{"href":"https:\/\/franciscanos.org.br\/noticias\/wp-json\/wp\/v2\/media?parent=234313"}],"wp:term":[{"taxonomy":"category","embeddable":true,"href":"https:\/\/franciscanos.org.br\/noticias\/wp-json\/wp\/v2\/categories?post=234313"},{"taxonomy":"post_tag","embeddable":true,"href":"https:\/\/franciscanos.org.br\/noticias\/wp-json\/wp\/v2\/tags?post=234313"}],"curies":[{"name":"wp","href":"https:\/\/api.w.org\/{rel}","templated":true}]}}