{"id":234303,"date":"2021-09-13T17:07:32","date_gmt":"2021-09-13T20:07:32","guid":{"rendered":"https:\/\/franciscanos.org.br\/noticias\/?p=234303"},"modified":"2021-09-13T17:07:32","modified_gmt":"2021-09-13T20:07:32","slug":"o-carinho-de-francisco-as-irmas-e-aos-assistidos-no-centro-belem-em-bratislava","status":"publish","type":"post","link":"https:\/\/franciscanos.org.br\/noticias\/o-carinho-de-francisco-as-irmas-e-aos-assistidos-no-centro-belem-em-bratislava.html","title":{"rendered":"O carinho de Francisco \u00e0s Irm\u00e3s e aos assistidos no Centro Bel\u00e9m, em Bratislava"},"content":{"rendered":"<div id=\"attachment_234304\" style=\"width: 1290px\" class=\"wp-caption alignnone\"><img aria-describedby=\"caption-attachment-234304\" loading=\"lazy\" class=\"wp-image-234304 size-full\" src=\"https:\/\/franciscanos.org.br\/noticias\/wp-content\/uploads\/2021\/09\/eslovaquia_130921_3.jpg\" alt=\"\" width=\"1280\" height=\"720\" srcset=\"https:\/\/franciscanos.org.br\/noticias\/wp-content\/uploads\/2021\/09\/eslovaquia_130921_3.jpg 1280w, https:\/\/franciscanos.org.br\/noticias\/wp-content\/uploads\/2021\/09\/eslovaquia_130921_3-450x253.jpg 450w, https:\/\/franciscanos.org.br\/noticias\/wp-content\/uploads\/2021\/09\/eslovaquia_130921_3-1024x576.jpg 1024w, https:\/\/franciscanos.org.br\/noticias\/wp-content\/uploads\/2021\/09\/eslovaquia_130921_3-768x432.jpg 768w, https:\/\/franciscanos.org.br\/noticias\/wp-content\/uploads\/2021\/09\/eslovaquia_130921_3-150x84.jpg 150w\" sizes=\"(max-width: 1280px) 100vw, 1280px\" \/><p id=\"caption-attachment-234304\" class=\"wp-caption-text\">\u00a0 \u00a0 \u00a0 \u00a0 \u00a0 \u00a0 \u00a0 \u00a0 \u00a0 \u00a0 \u00a0 \u00a0 \u00a0 \u00a0 \u00a0 \u00a0 \u00a0 \u00a0 \u00a0 \u00a0 \u00a0 \u00a0 \u00a0 \u00a0 \u00a0 \u00a0 \u00a0 \u00a0 \u00a0 \u00a0 \u00a0 \u00a0 \u00a0 \u00a0 \u00a0 \u00a0 \u00a0 \u00a0 \u00a0 \u00a0 \u00a0 \u00a0 \u00a0 \u00a0 \u00a0 \u00a0 \u00a0 \u00a0 \u00a0 \u00a0 \u00a0 \u00a0 \u00a0 <em>\u00a0 \u00a0 \u00a0 \u00a0 \u00a0 Imagem: Vatican Media<\/em><\/p><\/div>\n<p>Emo\u00e7\u00e3o, alegria, familiaridade e solidariedade: depois do almo\u00e7o e descanso na Nunciatura Apost\u00f3lica, o Papa dirigiu-se \u00e0 periferia de Bratislava, mais especificamente ao Centro Bel\u00e9m, distante 8 km, administrado pelas Mission\u00e1rias da Caridade. Foi o pr\u00f3prio Francisco que expressou o desejo de visitar o local para encontrar os pobres ali assistidos e conhecer o apostolado das irm\u00e3s.<\/p>\n<p>O Santo Padre foi recebido no p\u00e1tio pela Superiora \u00e0s 16h10 (hora local), sendo saudado pelas demais religiosas presentes, de quem recebeu uma guirlanda azul. Antes de conhecer a estrutura, n\u00e3o conseguindo esconder sua alegria, dirigiu algumas palavras de agradecimento e encorajamento aos presentes, dizendo estar contente pela visita:<\/p>\n<p>\u201cBoa tarde a todos voc\u00eas. Estou contente em visit\u00e1-los, de estar entre voc\u00eas. Estou muito contente! Obrigado por me receberem. Agrade\u00e7o muito as irm\u00e3s, o trabalho que fazem, trabalho de acolhida, de ajuda, de acompanhamento. Muito obrigado. Mas tamb\u00e9m agrade\u00e7o aos pais, \u00e0s m\u00e3es que est\u00e3o aqui com os jovens e agrade\u00e7o a todos os jovens aqui presentes neste momento. E tamb\u00e9m o Senhor est\u00e1 conosco. Quando estamos juntos, assim felizes, o Senhor est\u00e1 conosco. Ele tamb\u00e9m est\u00e1 conosco quando estamos em momento de prova\u00e7\u00e3o. Nunca nos abandona. O Senhor sempre est\u00e1 pr\u00f3ximo de n\u00f3s. Podemos v\u00ea-lo, podemos n\u00e3o v\u00ea-lo, mas sempre nos acompanha no caminho da vida. N\u00e3o se esque\u00e7am disso, sobretudo nos momentos dif\u00edceis. Muito obrigado, muito obrigado!\u201d<\/p>\n<p>Enquanto do lado de fora uma pequena orquestra e coral das crian\u00e7as animava a visita, guiado pela Superiora o Papa conheceu o Centro, onde encontrou cerca de 30 pessoas que viviam pelas ruas e agora s\u00e3o acolhidas pelas Mission\u00e1rias da Caridade. Alguns est\u00e3o doente ou t\u00eam algum tipo de defici\u00eancia. Ao assinar o Livro de Honra, Francisco deixou a seguinte mensagem:<br \/>\n\u201cAgrade\u00e7o de cora\u00e7\u00e3o pelo seu testemunho. Agrade\u00e7o as pessoas que colaboram. Rezo por voc\u00eas. Por favor, fa\u00e7am o mesmo por mim. Que o Senhor vos aben\u00e7oe e Nossa Senhora vos proteja.\u201d<\/p>\n<p>O Papa saiu depois alguns minutos, quando ent\u00e3o deu aten\u00e7\u00e3o a uma Mission\u00e1ria da Caridade cadeirante. E ent\u00e3o, dos microfones instalados no p\u00e1tio, convidou os presentes a rezar uma Ave Maria e concedeu a todos a sua B\u00ean\u00e7\u00e3o. No p\u00e1tio tamb\u00e9m estavam colaboradores leigos que ajudam as irm\u00e3s, sacerdotes que trabalham regularmente no centro, alguns franciscanos, cadeirantes e fam\u00edlias pobres vindas de outros lugares.<\/p>\n<p>Para marcar a visita, o Santo Padre entregou \u00e0s Irm\u00e3s um quadro em porcelanato de Nossa Senhora com o Menino Jesus segurando um cacho de uvas e a seguir, em um momento de forte emo\u00e7\u00e3o, caminhou entre os presentes &#8211; enquanto o pequeno coral cantava &#8220;Paradiso&#8221; &#8211; saudando e aben\u00e7oando as crian\u00e7as, suas fam\u00edlias e os doentes, sendo retribu\u00eddo com sorrisos, carinho e muitos agradecimentos. Francisco deixou o Centro \u00e0s 16h38, para dirigir-se \u00e0 Pra\u00e7a Rybn\u00e9 n\u00e1mestie para o encontro com a Comunidade Judaica.<\/p>\n<p><strong>O Centro Bel\u00e9m<\/strong><\/p>\n<p>O Centro Bel\u00e9m das Mission\u00e1rias da Caridade est\u00e1 localizado no distrito de Petr\u017ealka, o maior da Europa Central, com seus 120 mil habitantes. Constru\u00eddo pelos comunistas nos anos 70-80, passou a ser chamado nos anos 90 de Bronx Eslovaco, devido \u00e0 grande circula\u00e7\u00e3o de drogas e \u00e0 viol\u00eancia difusa. Hoje, no entanto, a situa\u00e7\u00e3o mudou, e n\u00e3o obstante os grandes conglomerados e a quantidades de moradores com dificuldades, \u00e9 bom lugar de se viver, afirmou ao Vatican News o padre Juraj Vittek.<\/p>\n<p>Ali, h\u00e1 mais de vinte anos, a comunidade internacional das religiosas de Madre Teresa de Calcut\u00e1, entre os altos edif\u00edcios de moradia social, cuida dos sem-teto, dos desamparados, das pessoas necessitadas de ajuda e sobretudo dos enfermos. A estrutura, uma pequena constru\u00e7\u00e3o de dois andares, que j\u00e1 foi um jardim de inf\u00e2ncia, oferece um leito para dormir, refei\u00e7\u00f5es quentes e banheiros. No t\u00e9rreo, s\u00e3o atendidas as necessidades essenciais e h\u00e1 espa\u00e7o para pernoites breves; no andar superior, um quarto est\u00e1 reservado para interna\u00e7\u00f5es prolongadas ou para enfermos graves e, ao lado, h\u00e1 uma capela dedicada ao Imaculado Cora\u00e7\u00e3o de Maria.<\/p>\n<p>Gra\u00e7as \u00e0 generosidade do povo, as irm\u00e3s conseguem garantir assist\u00eancia, roupas e bens essenciais a quem vive na rua e bate \u00e0 sua porta. Perto do Centro est\u00e1 a Igreja paroquial da Sagrada Fam\u00edlia, consagrada em 2005 ap\u00f3s a visita de S\u00e3o Jo\u00e3o Paulo II, quando em 2003 beatificou dois m\u00e1rtires do comunismo: Irm\u00e3 Zdenka Schelingova e o bispo greco-cat\u00f3lico Vasil Hopko.<\/p>\n<p>Feito porcelanato, no contexto da moderna manufatura italiana, a iconografia incomum desta muito delicada Bem-Aventurada Virgem Maria com o Menino segurando um cacho de uvas, deriva de uma conhecida pintura do famoso Pierre Mignard, agora preservada no Louvre em Paris, embora uma vers\u00e3o mais antiga possa ser encontrada no painel central do famoso Polittico de Pisa, que Masaccio criou em 1426 para a \u2018Chiesa del Carmine\u2019 naquela cidade.<\/p>\n<p>Em ambas as pinturas, de fato, o simbolismo da uva \u00e9 destacado como o sangue eucar\u00edstico da paix\u00e3o de Cristo, embora no Antigo Testamento os cachos da videira j\u00e1 simbolizassem n\u00e3o s\u00f3 alegria e amizade, mas tamb\u00e9m Israel, que \u00e9 o povo de Deus.<\/p>\n<p>Da mesma forma, portanto, se no Novo Testamento a vinha \u00e9 o Reino dos C\u00e9us e seu fruto \u00e9 a Eucaristia, ent\u00e3o o verdadeiro tronco da videira de Deus \u00e9 seu filho Jesus, que de fato no Evangelho de Jo\u00e3o (15, 1-8) assim se proclama: \u201cEu sou a videira e v\u00f3s os ramos; quem permanece em mim d\u00e1 muito fruto\u201d.<\/p>\n<p>Mas se a uva na B\u00edblia (e tamb\u00e9m na arte) se tornou progressivamente o sinal distintivo do Messias e de todos aqueles que o reconhecem e seguem, eis que a Virgem Maria \u00e9 a &#8220;videira&#8221; fecunda por excel\u00eancia, visto que Ela \u00e9 a Esposa que introduziu o Rei dos Reis no mundo.<\/p>\n<p>Este \u00e9, portanto, o tema desenvolvido pelo raro sujeito iconogr\u00e1fico da &#8220;Madonna dell\u2019uva&#8221; (Nossa Senhora da Uva). Um tema que toca a todos n\u00f3s, visto que por meio desse cacho estamos indissociavelmente ligados \u00e0quela &#8220;Videira&#8221; que \u00e9 Cristo, pois \u00e9 precisamente pela fidelidade dos &#8220;Ramos&#8221; que o seu sangue pode chegar at\u00e9 ao \u00faltimo gr\u00e3o.<\/p>\n<p>Aquele vinho que na mesa eucar\u00edstica se torna o sangue do Redentor \u00e9, al\u00e9m disso, o fruto de tantas uvas colhidas por toda a parte e espremidas na &#8220;prensa da prova\u00e7\u00e3o&#8221;. Um &#8220;vinho&#8221;, um &#8220;sangue de uvas&#8221; &#8211; assim se diz em hebraico &#8211; que fala da unidade da Igreja, selada numa alian\u00e7a baseada na caridade de Cristo.<\/p>\n<p><em>Fonte: Vatican News (texto de Jackson Erpen)<\/em><\/p>\n<hr \/>\n<h3>O Papa \u00e0 Comunidade Judaica: \u201cA vossa hist\u00f3ria \u00e9 a nossa hist\u00f3ria&#8221;<\/h3>\n<p>Na tarde desta segunda-feira (13), segundo dia da Viagem Apost\u00f3lica do Papa \u00e0 Eslov\u00e1quia, Francisco teve um encontro com a Comunidade Judaica na Pra\u00e7a Rybn\u00e9 N\u00e1mestie. \u00c9 uma pra\u00e7a muito significativa para a comunidade judaica, no seu discurso o Papa recordou que \u201cdurante v\u00e1rios s\u00e9culos, fez parte do bairro judeu; aqui trabalhou o c\u00e9lebre rabino Chatam Sofer. Aqui havia uma sinagoga, mesmo junto da Catedral da Coroa\u00e7\u00e3o. Diz-se que a arquitetura exprimia a conviv\u00eancia pac\u00edfica das duas comunidades, s\u00edmbolo raro e altamente sugestivo, sinal estupendo de unidade no nome do Deus de nossos pais. Aqui sinto tamb\u00e9m eu, como tantos outros, a necessidade de \u2018descal\u00e7ar as sand\u00e1lias\u2019, porque me encontro num lugar aben\u00e7oado pela fraternidade entre os homens no nome do Alt\u00edssimo\u201d, afirmou o Papa.<\/p>\n<p><strong>Usar o nome de Deus<\/strong><br \/>\n\u201cPor\u00e9m\u201d, continuou, \u201co nome de Deus foi desonrado: na loucura do \u00f3dio, durante a II Guerra Mundial, foram mortos mais de cem mil judeus eslovacos\u201d. E Francisco reitera aos presentes: \u201cAqui, tendo diante dos olhos a hist\u00f3ria do povo judeu marcada por esta tr\u00e1gica e inaudita afronta, sentimos vergonha em admiti-lo: quantas vezes o nome inef\u00e1vel do Alt\u00edssimo foi usado para indescrit\u00edveis atos de desumanidade! Quantos opressores declararam \u2018Deus est\u00e1 conosco\u2019, mas eram eles que n\u00e3o estavam com Deus&#8230;\u201d.<\/p>\n<p>\u201cQueridos irm\u00e3os e irm\u00e3s, a vossa hist\u00f3ria \u00e9 a nossa hist\u00f3ria, os vossos sofrimentos s\u00e3o os nossos sofrimentos. Para alguns de v\u00f3s, este Memorial da Shoah \u00e9 o \u00fanico lugar onde podeis honrar a mem\u00f3ria dos vossos entes queridos. Tamb\u00e9m eu me uno a v\u00f3s. No Memorial, est\u00e1 inscrito, em hebraico, \u2018Zachor &#8211; Recorda!\u2019. A mem\u00f3ria n\u00e3o pode nem deve ceder lugar ao esquecimento, porque n\u00e3o haver\u00e1 alvorada duradoura de fraternidade sem antes se ter compartilhado e dissipado as trevas da noite\u201d<\/p>\n<p>Francisco reiterou: \u201cE existem ainda o esquecimento do passado, a ignor\u00e2ncia que justifica tudo, a raiva e o \u00f3dio&#8221;<\/p>\n<p>\u201cEstejamos unidos \u2013 repito \u2013 na condena\u00e7\u00e3o de toda a viol\u00eancia, de todas as formas de antissemitismo, e no empenho por que n\u00e3o seja profanada a imagem de Deus na criatura humana\u201d.\u201d<\/p>\n<p>A luz da esperan\u00e7a<br \/>\nMas esta pra\u00e7a, queridos irm\u00e3os e irm\u00e3s, \u00e9 tamb\u00e9m um lugar onde brilha a luz da esperan\u00e7a. Aqui vindes, todos os anos, acender a primeira luz no casti\u00e7al Chanuki\u00e1. Assim, na obscuridade, aparece a mensagem de que n\u00e3o s\u00e3o a destrui\u00e7\u00e3o e a morte a ter a \u00faltima palavra, mas a renova\u00e7\u00e3o e a vida.<\/p>\n<p>Depois de especificar sobre a partilha e comunica\u00e7\u00f5es entre a Igreja Cat\u00f3lica e a Comunidade Judaica Francisco falou da import\u00e2ncia do &#8220;caminho fraterno de purifica\u00e7\u00e3o da mem\u00f3ria para curar as feridas do passado&#8221; e a &#8220;recorda\u00e7\u00e3o dos bens recebidos e oferecidos&#8221; e disse: \u201cSegundo o Talmud, quem destr\u00f3i um s\u00f3 homem destr\u00f3i o mundo inteiro, e quem salva um s\u00f3 homem salva o mundo inteiro. Cada um \u00e9 importante, como o \u00e9 tamb\u00e9m aquilo que fazeis atrav\u00e9s da vossa preciosa partilha. Agrade\u00e7o-vos pelas portas que abristes de ambos os lados\u201d.<\/p>\n<p>\u201cO mundo precisa de portas abertas. S\u00e3o sinais de b\u00ean\u00e7\u00e3o para a humanidade\u201d<\/p>\n<p>Por fim o Santo Padre concluiu: \u201cAqui, na Eslov\u00e1quia, terra de encontro entre oriente e ocidente, norte e sul, que a fam\u00edlia dos filhos de Israel continue a cultivar esta voca\u00e7\u00e3o, o chamamento a ser sinal de b\u00ean\u00e7\u00e3o para todas as fam\u00edlias da terra\u201d.<\/p>\n<hr \/>\n<p><em>Fonte: Vatican News (texto de Jane Nogara)<\/em><\/p>\n","protected":false},"excerpt":{"rendered":"<p>Viagem Apost\u00f3lica do Papa Francisco<\/p>\n","protected":false},"author":3,"featured_media":234304,"comment_status":"open","ping_status":"open","sticky":false,"template":"","format":"standard","meta":[],"categories":[1428],"tags":[1901],"acf":[],"yoast_head":"<!-- This site is optimized with the Yoast SEO plugin v19.2 - https:\/\/yoast.com\/wordpress\/plugins\/seo\/ -->\n<title>O carinho de Francisco \u00e0s Irm\u00e3s e aos assistidos no Centro Bel\u00e9m, em Bratislava - Not\u00edcias - Franciscanos<\/title>\n<meta name=\"robots\" content=\"index, follow, max-snippet:-1, max-image-preview:large, max-video-preview:-1\" \/>\n<link rel=\"canonical\" href=\"https:\/\/franciscanos.org.br\/noticias\/o-carinho-de-francisco-as-irmas-e-aos-assistidos-no-centro-belem-em-bratislava.html\" \/>\n<meta property=\"og:locale\" content=\"pt_BR\" \/>\n<meta property=\"og:type\" content=\"article\" \/>\n<meta property=\"og:title\" content=\"O carinho de Francisco \u00e0s Irm\u00e3s e aos assistidos no Centro Bel\u00e9m, em Bratislava - Not\u00edcias - Franciscanos\" \/>\n<meta property=\"og:description\" content=\"Viagem Apost\u00f3lica do Papa Francisco\" \/>\n<meta property=\"og:url\" content=\"https:\/\/franciscanos.org.br\/noticias\/o-carinho-de-francisco-as-irmas-e-aos-assistidos-no-centro-belem-em-bratislava.html\" \/>\n<meta property=\"og:site_name\" content=\"Not\u00edcias - Franciscanos\" \/>\n<meta property=\"article:published_time\" content=\"2021-09-13T20:07:32+00:00\" \/>\n<meta property=\"og:image\" content=\"https:\/\/franciscanos.org.br\/noticias\/wp-content\/uploads\/2021\/09\/eslovaquia_130921_3.jpg\" \/>\n\t<meta property=\"og:image:width\" content=\"1280\" \/>\n\t<meta property=\"og:image:height\" content=\"720\" \/>\n\t<meta property=\"og:image:type\" content=\"image\/jpeg\" \/>\n<meta name=\"author\" content=\"moacir\" \/>\n<meta name=\"twitter:card\" content=\"summary_large_image\" \/>\n<meta name=\"twitter:label1\" content=\"Escrito por\" \/>\n\t<meta name=\"twitter:data1\" content=\"moacir\" \/>\n\t<meta name=\"twitter:label2\" content=\"Est. tempo de leitura\" \/>\n\t<meta name=\"twitter:data2\" content=\"9 minutos\" \/>\n<script type=\"application\/ld+json\" class=\"yoast-schema-graph\">{\"@context\":\"https:\/\/schema.org\",\"@graph\":[{\"@type\":\"WebSite\",\"@id\":\"https:\/\/franciscanos.org.br\/noticias\/#website\",\"url\":\"https:\/\/franciscanos.org.br\/noticias\/\",\"name\":\"Not\u00edcias - Franciscanos\",\"description\":\"Prov\u00edncia Franciscana da Imaculada Concei\u00e7\u00e3o do Brasil - Ordem dos Frades Menores - OFM\",\"potentialAction\":[{\"@type\":\"SearchAction\",\"target\":{\"@type\":\"EntryPoint\",\"urlTemplate\":\"https:\/\/franciscanos.org.br\/noticias\/?s={search_term_string}\"},\"query-input\":\"required name=search_term_string\"}],\"inLanguage\":\"pt-BR\"},{\"@type\":\"ImageObject\",\"inLanguage\":\"pt-BR\",\"@id\":\"https:\/\/franciscanos.org.br\/noticias\/o-carinho-de-francisco-as-irmas-e-aos-assistidos-no-centro-belem-em-bratislava.html#primaryimage\",\"url\":\"https:\/\/franciscanos.org.br\/noticias\/wp-content\/uploads\/2021\/09\/eslovaquia_130921_3.jpg\",\"contentUrl\":\"https:\/\/franciscanos.org.br\/noticias\/wp-content\/uploads\/2021\/09\/eslovaquia_130921_3.jpg\",\"width\":1280,\"height\":720},{\"@type\":\"WebPage\",\"@id\":\"https:\/\/franciscanos.org.br\/noticias\/o-carinho-de-francisco-as-irmas-e-aos-assistidos-no-centro-belem-em-bratislava.html#webpage\",\"url\":\"https:\/\/franciscanos.org.br\/noticias\/o-carinho-de-francisco-as-irmas-e-aos-assistidos-no-centro-belem-em-bratislava.html\",\"name\":\"O carinho de Francisco \u00e0s Irm\u00e3s e aos assistidos no Centro Bel\u00e9m, em Bratislava - Not\u00edcias - Franciscanos\",\"isPartOf\":{\"@id\":\"https:\/\/franciscanos.org.br\/noticias\/#website\"},\"primaryImageOfPage\":{\"@id\":\"https:\/\/franciscanos.org.br\/noticias\/o-carinho-de-francisco-as-irmas-e-aos-assistidos-no-centro-belem-em-bratislava.html#primaryimage\"},\"datePublished\":\"2021-09-13T20:07:32+00:00\",\"dateModified\":\"2021-09-13T20:07:32+00:00\",\"author\":{\"@id\":\"https:\/\/franciscanos.org.br\/noticias\/#\/schema\/person\/b5c8cba458c330ccff548b056e95a5d4\"},\"breadcrumb\":{\"@id\":\"https:\/\/franciscanos.org.br\/noticias\/o-carinho-de-francisco-as-irmas-e-aos-assistidos-no-centro-belem-em-bratislava.html#breadcrumb\"},\"inLanguage\":\"pt-BR\",\"potentialAction\":[{\"@type\":\"ReadAction\",\"target\":[\"https:\/\/franciscanos.org.br\/noticias\/o-carinho-de-francisco-as-irmas-e-aos-assistidos-no-centro-belem-em-bratislava.html\"]}]},{\"@type\":\"BreadcrumbList\",\"@id\":\"https:\/\/franciscanos.org.br\/noticias\/o-carinho-de-francisco-as-irmas-e-aos-assistidos-no-centro-belem-em-bratislava.html#breadcrumb\",\"itemListElement\":[{\"@type\":\"ListItem\",\"position\":1,\"name\":\"Home\",\"item\":\"https:\/\/franciscanos.org.br\/noticias\"},{\"@type\":\"ListItem\",\"position\":2,\"name\":\"O carinho de Francisco \u00e0s Irm\u00e3s e aos assistidos no Centro Bel\u00e9m, em Bratislava\"}]},{\"@type\":\"Person\",\"@id\":\"https:\/\/franciscanos.org.br\/noticias\/#\/schema\/person\/b5c8cba458c330ccff548b056e95a5d4\",\"name\":\"moacir\",\"image\":{\"@type\":\"ImageObject\",\"inLanguage\":\"pt-BR\",\"@id\":\"https:\/\/franciscanos.org.br\/noticias\/#\/schema\/person\/image\/\",\"url\":\"https:\/\/secure.gravatar.com\/avatar\/d08aa2ce4c8dd416d4479aa8536fcf64?s=96&d=mm&r=g\",\"contentUrl\":\"https:\/\/secure.gravatar.com\/avatar\/d08aa2ce4c8dd416d4479aa8536fcf64?s=96&d=mm&r=g\",\"caption\":\"moacir\"},\"url\":\"https:\/\/franciscanos.org.br\/noticias\/author\/moacir\"}]}<\/script>\n<!-- \/ Yoast SEO plugin. -->","yoast_head_json":{"title":"O carinho de Francisco \u00e0s Irm\u00e3s e aos assistidos no Centro Bel\u00e9m, em Bratislava - Not\u00edcias - Franciscanos","robots":{"index":"index","follow":"follow","max-snippet":"max-snippet:-1","max-image-preview":"max-image-preview:large","max-video-preview":"max-video-preview:-1"},"canonical":"https:\/\/franciscanos.org.br\/noticias\/o-carinho-de-francisco-as-irmas-e-aos-assistidos-no-centro-belem-em-bratislava.html","og_locale":"pt_BR","og_type":"article","og_title":"O carinho de Francisco \u00e0s Irm\u00e3s e aos assistidos no Centro Bel\u00e9m, em Bratislava - Not\u00edcias - Franciscanos","og_description":"Viagem Apost\u00f3lica do Papa Francisco","og_url":"https:\/\/franciscanos.org.br\/noticias\/o-carinho-de-francisco-as-irmas-e-aos-assistidos-no-centro-belem-em-bratislava.html","og_site_name":"Not\u00edcias - Franciscanos","article_published_time":"2021-09-13T20:07:32+00:00","og_image":[{"width":1280,"height":720,"url":"https:\/\/franciscanos.org.br\/noticias\/wp-content\/uploads\/2021\/09\/eslovaquia_130921_3.jpg","type":"image\/jpeg"}],"author":"moacir","twitter_card":"summary_large_image","twitter_misc":{"Escrito por":"moacir","Est. tempo de leitura":"9 minutos"},"schema":{"@context":"https:\/\/schema.org","@graph":[{"@type":"WebSite","@id":"https:\/\/franciscanos.org.br\/noticias\/#website","url":"https:\/\/franciscanos.org.br\/noticias\/","name":"Not\u00edcias - Franciscanos","description":"Prov\u00edncia Franciscana da Imaculada Concei\u00e7\u00e3o do Brasil - Ordem dos Frades Menores - OFM","potentialAction":[{"@type":"SearchAction","target":{"@type":"EntryPoint","urlTemplate":"https:\/\/franciscanos.org.br\/noticias\/?s={search_term_string}"},"query-input":"required name=search_term_string"}],"inLanguage":"pt-BR"},{"@type":"ImageObject","inLanguage":"pt-BR","@id":"https:\/\/franciscanos.org.br\/noticias\/o-carinho-de-francisco-as-irmas-e-aos-assistidos-no-centro-belem-em-bratislava.html#primaryimage","url":"https:\/\/franciscanos.org.br\/noticias\/wp-content\/uploads\/2021\/09\/eslovaquia_130921_3.jpg","contentUrl":"https:\/\/franciscanos.org.br\/noticias\/wp-content\/uploads\/2021\/09\/eslovaquia_130921_3.jpg","width":1280,"height":720},{"@type":"WebPage","@id":"https:\/\/franciscanos.org.br\/noticias\/o-carinho-de-francisco-as-irmas-e-aos-assistidos-no-centro-belem-em-bratislava.html#webpage","url":"https:\/\/franciscanos.org.br\/noticias\/o-carinho-de-francisco-as-irmas-e-aos-assistidos-no-centro-belem-em-bratislava.html","name":"O carinho de Francisco \u00e0s Irm\u00e3s e aos assistidos no Centro Bel\u00e9m, em Bratislava - Not\u00edcias - Franciscanos","isPartOf":{"@id":"https:\/\/franciscanos.org.br\/noticias\/#website"},"primaryImageOfPage":{"@id":"https:\/\/franciscanos.org.br\/noticias\/o-carinho-de-francisco-as-irmas-e-aos-assistidos-no-centro-belem-em-bratislava.html#primaryimage"},"datePublished":"2021-09-13T20:07:32+00:00","dateModified":"2021-09-13T20:07:32+00:00","author":{"@id":"https:\/\/franciscanos.org.br\/noticias\/#\/schema\/person\/b5c8cba458c330ccff548b056e95a5d4"},"breadcrumb":{"@id":"https:\/\/franciscanos.org.br\/noticias\/o-carinho-de-francisco-as-irmas-e-aos-assistidos-no-centro-belem-em-bratislava.html#breadcrumb"},"inLanguage":"pt-BR","potentialAction":[{"@type":"ReadAction","target":["https:\/\/franciscanos.org.br\/noticias\/o-carinho-de-francisco-as-irmas-e-aos-assistidos-no-centro-belem-em-bratislava.html"]}]},{"@type":"BreadcrumbList","@id":"https:\/\/franciscanos.org.br\/noticias\/o-carinho-de-francisco-as-irmas-e-aos-assistidos-no-centro-belem-em-bratislava.html#breadcrumb","itemListElement":[{"@type":"ListItem","position":1,"name":"Home","item":"https:\/\/franciscanos.org.br\/noticias"},{"@type":"ListItem","position":2,"name":"O carinho de Francisco \u00e0s Irm\u00e3s e aos assistidos no Centro Bel\u00e9m, em Bratislava"}]},{"@type":"Person","@id":"https:\/\/franciscanos.org.br\/noticias\/#\/schema\/person\/b5c8cba458c330ccff548b056e95a5d4","name":"moacir","image":{"@type":"ImageObject","inLanguage":"pt-BR","@id":"https:\/\/franciscanos.org.br\/noticias\/#\/schema\/person\/image\/","url":"https:\/\/secure.gravatar.com\/avatar\/d08aa2ce4c8dd416d4479aa8536fcf64?s=96&d=mm&r=g","contentUrl":"https:\/\/secure.gravatar.com\/avatar\/d08aa2ce4c8dd416d4479aa8536fcf64?s=96&d=mm&r=g","caption":"moacir"},"url":"https:\/\/franciscanos.org.br\/noticias\/author\/moacir"}]}},"_links":{"self":[{"href":"https:\/\/franciscanos.org.br\/noticias\/wp-json\/wp\/v2\/posts\/234303"}],"collection":[{"href":"https:\/\/franciscanos.org.br\/noticias\/wp-json\/wp\/v2\/posts"}],"about":[{"href":"https:\/\/franciscanos.org.br\/noticias\/wp-json\/wp\/v2\/types\/post"}],"author":[{"embeddable":true,"href":"https:\/\/franciscanos.org.br\/noticias\/wp-json\/wp\/v2\/users\/3"}],"replies":[{"embeddable":true,"href":"https:\/\/franciscanos.org.br\/noticias\/wp-json\/wp\/v2\/comments?post=234303"}],"version-history":[{"count":1,"href":"https:\/\/franciscanos.org.br\/noticias\/wp-json\/wp\/v2\/posts\/234303\/revisions"}],"predecessor-version":[{"id":234305,"href":"https:\/\/franciscanos.org.br\/noticias\/wp-json\/wp\/v2\/posts\/234303\/revisions\/234305"}],"wp:featuredmedia":[{"embeddable":true,"href":"https:\/\/franciscanos.org.br\/noticias\/wp-json\/wp\/v2\/media\/234304"}],"wp:attachment":[{"href":"https:\/\/franciscanos.org.br\/noticias\/wp-json\/wp\/v2\/media?parent=234303"}],"wp:term":[{"taxonomy":"category","embeddable":true,"href":"https:\/\/franciscanos.org.br\/noticias\/wp-json\/wp\/v2\/categories?post=234303"},{"taxonomy":"post_tag","embeddable":true,"href":"https:\/\/franciscanos.org.br\/noticias\/wp-json\/wp\/v2\/tags?post=234303"}],"curies":[{"name":"wp","href":"https:\/\/api.w.org\/{rel}","templated":true}]}}